{"id":3888,"date":"2021-10-20T23:01:59","date_gmt":"2021-10-21T04:01:59","guid":{"rendered":"http:\/\/expressometro.mx\/?p=3888"},"modified":"2021-10-20T23:02:01","modified_gmt":"2021-10-21T04:02:01","slug":"calles-de-la-zona-norte-de-toluca-inconclusas-e-intransitables-braulio-alvarez-jasso","status":"publish","type":"post","link":"https:\/\/expressometro.mx\/index.php\/2021\/10\/20\/calles-de-la-zona-norte-de-toluca-inconclusas-e-intransitables-braulio-alvarez-jasso\/","title":{"rendered":"CALLES DE LA ZONA NORTE DE TOLUCA INCONCLUSAS E INTRANSITABLES: BRAULIO \u00c1LVAREZ JASSO"},"content":{"rendered":"\n<p>El diputado Braulio Antonio A\u0301lvarez Jasso exhort\u00f3 a los gobiernos municipales y al gobierno federal, a atender de manera urgente y prioritaria el tema de la movilidad, especialmente al ayuntamiento de Toluca, \u201cya que las calles de la zona norte de nuestro municipio han quedado inconclusas e intransitables, principalmente para los peatones, recordemos que nuestra misio\u0301n principal es velar por el bienestar de las y los mexiquenses\u201d.<\/p>\n\n\n\n<p>Durante la comparecencia del secretario de Movilidad del gobierno del Estado de Me\u0301xico, Luis Gilberto Limo\u0301n Cha\u0301vez, reconoci\u00f3 el esfuerzo del gobierno estatal de garantizar el derecho a la movilidad, pues es de reconocerse la regularizacio\u0301n de 100 mil concesiones de transporte pu\u0301blico; que representan ma\u0301s del 59 por ciento del total del padro\u0301n, adema\u0301s de la realizacio\u0301n de 528 operativos coordinados de Inspeccio\u0301n al Transporte Pu\u0301blico, para garantizar la seguridad de los usuarios de este servicio.<\/p>\n\n\n\n<p>En el municipio de Toluca, las necesidades de movilidad no son distintas a las que existen en otras zonas urbanas de la entidad, argument\u00f3 en tribuna.<\/p>\n\n\n\n<p>Sostuvo que el Paseo Tollocan es la principal vi\u0301a de acceso a la capital del Estado, es una vialidad emblema\u0301tica e i\u0301cono que identifica y enorgullece a los habitantes de la zona metropolitana del Valle de Toluca.<\/p>\n\n\n\n<p>A propo\u0301sito de ello, como representantes populares con frecuencia escuchamos las demandas sociales sobre el estado fi\u0301sico de la vialidad, especi\u0301ficamente por el deterioro de la carpeta, sobre todo en temporada de lluvias, haciendo necesario reforzar los trabajos de mantenimiento debido a la proliferacio\u0301n de baches, deformaciones en el asfalto, incorporaciones y desincorporaciones en mal estado, entre otros.<\/p>\n\n\n\n<p>Esta situacio\u0301n convierte a esta vialidad tan emblema\u0301tica, en un entorno que propicia accidente y dan\u0303os en vehi\u0301culos que transitan por la vi\u0301a, que, a su vez, particularmente en las horas pico cuenta con un flujo vehi\u0301culo lento debido los desperfectos de la misma, dijo.<\/p>\n\n\n\n<p>Asimismo, la cada vez ma\u0301s complicada conectividad del Valle de Toluca, demuestra el gran reto para responder a las necesidades de movilidad de los habitantes, por lo cual, la implementacio\u0301n de estrategias focalizadas, como son el Mexibu\u0301s y el Mexicable, que ofrecen una solucio\u0301n de transporte seguro y eficaz para ma\u0301s de 420 mil pasajeros es fundamental, adema\u0301s, estas soluciones deben contar con una visio\u0301n de mediano y largo alcance, ya que la mancha urbana crece exponencialmente y la aplicacio\u0301n de alternativas viables y eficaces es de suma importancia par la ciudadani\u0301a.<\/p>\n\n\n\n<p>Caso similar acontece con el Bulevar Solidaridad Las Torres, donde el estado del camino es irregular, \u201cdebido a que contamos con tramos en buen estado, coexistiendo con tramos deteriorados, particularmente en el segmento donde se construye el ya mencionado Tren Interurbano Me\u0301xico-Toluca\u201d.<\/p>\n","protected":false},"excerpt":{"rendered":"<p>En el municipio de Toluca, las necesidades de movilidad no son distintas a las que existen en otras zonas urbanas de la entidad, argument\u00f3 en tribuna.<\/p>\n","protected":false},"author":2,"featured_media":3890,"comment_status":"open","ping_status":"open","sticky":false,"template":"","format":"standard","meta":{"footnotes":""},"categories":[3],"tags":[853,951,950,78],"class_list":["post-3888","post","type-post","status-publish","format-standard","has-post-thumbnail","hentry","category-gobierno","tag-braulio-alvarez","tag-luis-gilberto-limon","tag-secretario-de-movilidad","tag-toluca"],"yoast_head":"<!-- This site is optimized with the Yoast SEO plugin v27.4 - https:\/\/yoast.com\/product\/yoast-seo-wordpress\/ -->\n<title>CALLES DE LA ZONA NORTE DE TOLUCA INCONCLUSAS E INTRANSITABLES: BRAULIO \u00c1LVAREZ JASSO - Expresso Metropolitano<\/title>\n<meta name=\"robots\" content=\"index, follow, max-snippet:-1, max-image-preview:large, max-video-preview:-1\" \/>\n<link rel=\"canonical\" href=\"https:\/\/expressometro.mx\/index.php\/2021\/10\/20\/calles-de-la-zona-norte-de-toluca-inconclusas-e-intransitables-braulio-alvarez-jasso\/\" \/>\n<meta property=\"og:locale\" content=\"es_MX\" \/>\n<meta property=\"og:type\" content=\"article\" \/>\n<meta property=\"og:title\" content=\"CALLES DE LA ZONA NORTE DE TOLUCA INCONCLUSAS E INTRANSITABLES: BRAULIO \u00c1LVAREZ JASSO - Expresso Metropolitano\" \/>\n<meta property=\"og:description\" content=\"En el municipio de Toluca, las necesidades de movilidad no son distintas a las que existen en otras zonas urbanas de la entidad, argument\u00f3 en tribuna.\" \/>\n<meta property=\"og:url\" content=\"https:\/\/expressometro.mx\/index.php\/2021\/10\/20\/calles-de-la-zona-norte-de-toluca-inconclusas-e-intransitables-braulio-alvarez-jasso\/\" \/>\n<meta property=\"og:site_name\" content=\"Expresso Metropolitano\" \/>\n<meta property=\"article:published_time\" content=\"2021-10-21T04:01:59+00:00\" \/>\n<meta property=\"article:modified_time\" content=\"2021-10-21T04:02:01+00:00\" \/>\n<meta property=\"og:image\" content=\"https:\/\/expressometro.mx\/wp-content\/uploads\/2021\/10\/WhatsApp-Image-2021-10-19-at-21.55.03.jpeg\" \/>\n\t<meta property=\"og:image:width\" content=\"1024\" \/>\n\t<meta property=\"og:image:height\" content=\"681\" \/>\n\t<meta property=\"og:image:type\" content=\"image\/jpeg\" \/>\n<meta name=\"author\" content=\"Cecilia Vega\" \/>\n<meta name=\"twitter:label1\" content=\"Escrito por\" \/>\n\t<meta name=\"twitter:data1\" content=\"Cecilia Vega\" \/>\n\t<meta name=\"twitter:label2\" content=\"Tiempo de lectura\" \/>\n\t<meta name=\"twitter:data2\" content=\"2 minutos\" \/>\n<script type=\"application\/ld+json\" class=\"yoast-schema-graph\">{\"@context\":\"https:\\\/\\\/schema.org\",\"@graph\":[{\"@type\":\"Article\",\"@id\":\"https:\\\/\\\/expressometro.mx\\\/index.php\\\/2021\\\/10\\\/20\\\/calles-de-la-zona-norte-de-toluca-inconclusas-e-intransitables-braulio-alvarez-jasso\\\/#article\",\"isPartOf\":{\"@id\":\"https:\\\/\\\/expressometro.mx\\\/index.php\\\/2021\\\/10\\\/20\\\/calles-de-la-zona-norte-de-toluca-inconclusas-e-intransitables-braulio-alvarez-jasso\\\/\"},\"author\":{\"name\":\"Cecilia Vega\",\"@id\":\"https:\\\/\\\/expressometro.mx\\\/#\\\/schema\\\/person\\\/67a95b8e3862085c7598f66237488f1f\"},\"headline\":\"CALLES DE LA ZONA NORTE DE TOLUCA INCONCLUSAS E INTRANSITABLES: BRAULIO \u00c1LVAREZ JASSO\",\"datePublished\":\"2021-10-21T04:01:59+00:00\",\"dateModified\":\"2021-10-21T04:02:01+00:00\",\"mainEntityOfPage\":{\"@id\":\"https:\\\/\\\/expressometro.mx\\\/index.php\\\/2021\\\/10\\\/20\\\/calles-de-la-zona-norte-de-toluca-inconclusas-e-intransitables-braulio-alvarez-jasso\\\/\"},\"wordCount\":489,\"commentCount\":0,\"publisher\":{\"@id\":\"https:\\\/\\\/expressometro.mx\\\/#organization\"},\"image\":{\"@id\":\"https:\\\/\\\/expressometro.mx\\\/index.php\\\/2021\\\/10\\\/20\\\/calles-de-la-zona-norte-de-toluca-inconclusas-e-intransitables-braulio-alvarez-jasso\\\/#primaryimage\"},\"thumbnailUrl\":\"https:\\\/\\\/expressometro.mx\\\/wp-content\\\/uploads\\\/2021\\\/10\\\/WhatsApp-Image-2021-10-19-at-21.55.03.jpeg\",\"keywords\":[\"Braulio \u00c1lvarez\",\"Luis Gilberto Lim\u00f3n\",\"Secretario de Movilidad\",\"toluca\"],\"articleSection\":[\"Gobierno\"],\"inLanguage\":\"es\",\"potentialAction\":[{\"@type\":\"CommentAction\",\"name\":\"Comment\",\"target\":[\"https:\\\/\\\/expressometro.mx\\\/index.php\\\/2021\\\/10\\\/20\\\/calles-de-la-zona-norte-de-toluca-inconclusas-e-intransitables-braulio-alvarez-jasso\\\/#respond\"]}]},{\"@type\":\"WebPage\",\"@id\":\"https:\\\/\\\/expressometro.mx\\\/index.php\\\/2021\\\/10\\\/20\\\/calles-de-la-zona-norte-de-toluca-inconclusas-e-intransitables-braulio-alvarez-jasso\\\/\",\"url\":\"https:\\\/\\\/expressometro.mx\\\/index.php\\\/2021\\\/10\\\/20\\\/calles-de-la-zona-norte-de-toluca-inconclusas-e-intransitables-braulio-alvarez-jasso\\\/\",\"name\":\"CALLES DE LA ZONA NORTE DE TOLUCA INCONCLUSAS E INTRANSITABLES: BRAULIO \u00c1LVAREZ JASSO - Expresso Metropolitano\",\"isPartOf\":{\"@id\":\"https:\\\/\\\/expressometro.mx\\\/#website\"},\"primaryImageOfPage\":{\"@id\":\"https:\\\/\\\/expressometro.mx\\\/index.php\\\/2021\\\/10\\\/20\\\/calles-de-la-zona-norte-de-toluca-inconclusas-e-intransitables-braulio-alvarez-jasso\\\/#primaryimage\"},\"image\":{\"@id\":\"https:\\\/\\\/expressometro.mx\\\/index.php\\\/2021\\\/10\\\/20\\\/calles-de-la-zona-norte-de-toluca-inconclusas-e-intransitables-braulio-alvarez-jasso\\\/#primaryimage\"},\"thumbnailUrl\":\"https:\\\/\\\/expressometro.mx\\\/wp-content\\\/uploads\\\/2021\\\/10\\\/WhatsApp-Image-2021-10-19-at-21.55.03.jpeg\",\"datePublished\":\"2021-10-21T04:01:59+00:00\",\"dateModified\":\"2021-10-21T04:02:01+00:00\",\"breadcrumb\":{\"@id\":\"https:\\\/\\\/expressometro.mx\\\/index.php\\\/2021\\\/10\\\/20\\\/calles-de-la-zona-norte-de-toluca-inconclusas-e-intransitables-braulio-alvarez-jasso\\\/#breadcrumb\"},\"inLanguage\":\"es\",\"potentialAction\":[{\"@type\":\"ReadAction\",\"target\":[\"https:\\\/\\\/expressometro.mx\\\/index.php\\\/2021\\\/10\\\/20\\\/calles-de-la-zona-norte-de-toluca-inconclusas-e-intransitables-braulio-alvarez-jasso\\\/\"]}]},{\"@type\":\"ImageObject\",\"inLanguage\":\"es\",\"@id\":\"https:\\\/\\\/expressometro.mx\\\/index.php\\\/2021\\\/10\\\/20\\\/calles-de-la-zona-norte-de-toluca-inconclusas-e-intransitables-braulio-alvarez-jasso\\\/#primaryimage\",\"url\":\"https:\\\/\\\/expressometro.mx\\\/wp-content\\\/uploads\\\/2021\\\/10\\\/WhatsApp-Image-2021-10-19-at-21.55.03.jpeg\",\"contentUrl\":\"https:\\\/\\\/expressometro.mx\\\/wp-content\\\/uploads\\\/2021\\\/10\\\/WhatsApp-Image-2021-10-19-at-21.55.03.jpeg\",\"width\":1024,\"height\":681},{\"@type\":\"BreadcrumbList\",\"@id\":\"https:\\\/\\\/expressometro.mx\\\/index.php\\\/2021\\\/10\\\/20\\\/calles-de-la-zona-norte-de-toluca-inconclusas-e-intransitables-braulio-alvarez-jasso\\\/#breadcrumb\",\"itemListElement\":[{\"@type\":\"ListItem\",\"position\":1,\"name\":\"Inicio\",\"item\":\"https:\\\/\\\/expressometro.mx\\\/\"},{\"@type\":\"ListItem\",\"position\":2,\"name\":\"CALLES DE LA ZONA NORTE DE TOLUCA INCONCLUSAS E INTRANSITABLES: BRAULIO \u00c1LVAREZ JASSO\"}]},{\"@type\":\"WebSite\",\"@id\":\"https:\\\/\\\/expressometro.mx\\\/#website\",\"url\":\"https:\\\/\\\/expressometro.mx\\\/\",\"name\":\"Expresso Metropolitano\",\"description\":\"Periodismo comprometido, informaci\u00f3n, investigaci\u00f3n y an\u00e1lisis\",\"publisher\":{\"@id\":\"https:\\\/\\\/expressometro.mx\\\/#organization\"},\"potentialAction\":[{\"@type\":\"SearchAction\",\"target\":{\"@type\":\"EntryPoint\",\"urlTemplate\":\"https:\\\/\\\/expressometro.mx\\\/?s={search_term_string}\"},\"query-input\":{\"@type\":\"PropertyValueSpecification\",\"valueRequired\":true,\"valueName\":\"search_term_string\"}}],\"inLanguage\":\"es\"},{\"@type\":\"Organization\",\"@id\":\"https:\\\/\\\/expressometro.mx\\\/#organization\",\"name\":\"Expresso Metropolitano\",\"url\":\"https:\\\/\\\/expressometro.mx\\\/\",\"logo\":{\"@type\":\"ImageObject\",\"inLanguage\":\"es\",\"@id\":\"https:\\\/\\\/expressometro.mx\\\/#\\\/schema\\\/logo\\\/image\\\/\",\"url\":\"https:\\\/\\\/expressometro.mx\\\/wp-content\\\/uploads\\\/2019\\\/07\\\/cropped-Logo-Expresso-Metropolitano-1-1.jpeg\",\"contentUrl\":\"https:\\\/\\\/expressometro.mx\\\/wp-content\\\/uploads\\\/2019\\\/07\\\/cropped-Logo-Expresso-Metropolitano-1-1.jpeg\",\"width\":290,\"height\":73,\"caption\":\"Expresso Metropolitano\"},\"image\":{\"@id\":\"https:\\\/\\\/expressometro.mx\\\/#\\\/schema\\\/logo\\\/image\\\/\"}},{\"@type\":\"Person\",\"@id\":\"https:\\\/\\\/expressometro.mx\\\/#\\\/schema\\\/person\\\/67a95b8e3862085c7598f66237488f1f\",\"name\":\"Cecilia Vega\",\"image\":{\"@type\":\"ImageObject\",\"inLanguage\":\"es\",\"@id\":\"https:\\\/\\\/secure.gravatar.com\\\/avatar\\\/13aae9944ab2ee472a9e407c9487fdbd03b049abaa559af32fe5dbcf615c981b?s=96&d=mm&r=g\",\"url\":\"https:\\\/\\\/secure.gravatar.com\\\/avatar\\\/13aae9944ab2ee472a9e407c9487fdbd03b049abaa559af32fe5dbcf615c981b?s=96&d=mm&r=g\",\"contentUrl\":\"https:\\\/\\\/secure.gravatar.com\\\/avatar\\\/13aae9944ab2ee472a9e407c9487fdbd03b049abaa559af32fe5dbcf615c981b?s=96&d=mm&r=g\",\"caption\":\"Cecilia Vega\"},\"url\":\"https:\\\/\\\/expressometro.mx\\\/index.php\\\/author\\\/cecilia-vega\\\/\"}]}<\/script>\n<!-- \/ Yoast SEO plugin. -->","yoast_head_json":{"title":"CALLES DE LA ZONA NORTE DE TOLUCA INCONCLUSAS E INTRANSITABLES: BRAULIO \u00c1LVAREZ JASSO - Expresso Metropolitano","robots":{"index":"index","follow":"follow","max-snippet":"max-snippet:-1","max-image-preview":"max-image-preview:large","max-video-preview":"max-video-preview:-1"},"canonical":"https:\/\/expressometro.mx\/index.php\/2021\/10\/20\/calles-de-la-zona-norte-de-toluca-inconclusas-e-intransitables-braulio-alvarez-jasso\/","og_locale":"es_MX","og_type":"article","og_title":"CALLES DE LA ZONA NORTE DE TOLUCA INCONCLUSAS E INTRANSITABLES: BRAULIO \u00c1LVAREZ JASSO - Expresso Metropolitano","og_description":"En el municipio de Toluca, las necesidades de movilidad no son distintas a las que existen en otras zonas urbanas de la entidad, argument\u00f3 en tribuna.","og_url":"https:\/\/expressometro.mx\/index.php\/2021\/10\/20\/calles-de-la-zona-norte-de-toluca-inconclusas-e-intransitables-braulio-alvarez-jasso\/","og_site_name":"Expresso Metropolitano","article_published_time":"2021-10-21T04:01:59+00:00","article_modified_time":"2021-10-21T04:02:01+00:00","og_image":[{"width":1024,"height":681,"url":"https:\/\/expressometro.mx\/wp-content\/uploads\/2021\/10\/WhatsApp-Image-2021-10-19-at-21.55.03.jpeg","type":"image\/jpeg"}],"author":"Cecilia Vega","twitter_misc":{"Escrito por":"Cecilia Vega","Tiempo de lectura":"2 minutos"},"schema":{"@context":"https:\/\/schema.org","@graph":[{"@type":"Article","@id":"https:\/\/expressometro.mx\/index.php\/2021\/10\/20\/calles-de-la-zona-norte-de-toluca-inconclusas-e-intransitables-braulio-alvarez-jasso\/#article","isPartOf":{"@id":"https:\/\/expressometro.mx\/index.php\/2021\/10\/20\/calles-de-la-zona-norte-de-toluca-inconclusas-e-intransitables-braulio-alvarez-jasso\/"},"author":{"name":"Cecilia Vega","@id":"https:\/\/expressometro.mx\/#\/schema\/person\/67a95b8e3862085c7598f66237488f1f"},"headline":"CALLES DE LA ZONA NORTE DE TOLUCA INCONCLUSAS E INTRANSITABLES: BRAULIO \u00c1LVAREZ JASSO","datePublished":"2021-10-21T04:01:59+00:00","dateModified":"2021-10-21T04:02:01+00:00","mainEntityOfPage":{"@id":"https:\/\/expressometro.mx\/index.php\/2021\/10\/20\/calles-de-la-zona-norte-de-toluca-inconclusas-e-intransitables-braulio-alvarez-jasso\/"},"wordCount":489,"commentCount":0,"publisher":{"@id":"https:\/\/expressometro.mx\/#organization"},"image":{"@id":"https:\/\/expressometro.mx\/index.php\/2021\/10\/20\/calles-de-la-zona-norte-de-toluca-inconclusas-e-intransitables-braulio-alvarez-jasso\/#primaryimage"},"thumbnailUrl":"https:\/\/expressometro.mx\/wp-content\/uploads\/2021\/10\/WhatsApp-Image-2021-10-19-at-21.55.03.jpeg","keywords":["Braulio \u00c1lvarez","Luis Gilberto Lim\u00f3n","Secretario de Movilidad","toluca"],"articleSection":["Gobierno"],"inLanguage":"es","potentialAction":[{"@type":"CommentAction","name":"Comment","target":["https:\/\/expressometro.mx\/index.php\/2021\/10\/20\/calles-de-la-zona-norte-de-toluca-inconclusas-e-intransitables-braulio-alvarez-jasso\/#respond"]}]},{"@type":"WebPage","@id":"https:\/\/expressometro.mx\/index.php\/2021\/10\/20\/calles-de-la-zona-norte-de-toluca-inconclusas-e-intransitables-braulio-alvarez-jasso\/","url":"https:\/\/expressometro.mx\/index.php\/2021\/10\/20\/calles-de-la-zona-norte-de-toluca-inconclusas-e-intransitables-braulio-alvarez-jasso\/","name":"CALLES DE LA ZONA NORTE DE TOLUCA INCONCLUSAS E INTRANSITABLES: BRAULIO \u00c1LVAREZ JASSO - Expresso Metropolitano","isPartOf":{"@id":"https:\/\/expressometro.mx\/#website"},"primaryImageOfPage":{"@id":"https:\/\/expressometro.mx\/index.php\/2021\/10\/20\/calles-de-la-zona-norte-de-toluca-inconclusas-e-intransitables-braulio-alvarez-jasso\/#primaryimage"},"image":{"@id":"https:\/\/expressometro.mx\/index.php\/2021\/10\/20\/calles-de-la-zona-norte-de-toluca-inconclusas-e-intransitables-braulio-alvarez-jasso\/#primaryimage"},"thumbnailUrl":"https:\/\/expressometro.mx\/wp-content\/uploads\/2021\/10\/WhatsApp-Image-2021-10-19-at-21.55.03.jpeg","datePublished":"2021-10-21T04:01:59+00:00","dateModified":"2021-10-21T04:02:01+00:00","breadcrumb":{"@id":"https:\/\/expressometro.mx\/index.php\/2021\/10\/20\/calles-de-la-zona-norte-de-toluca-inconclusas-e-intransitables-braulio-alvarez-jasso\/#breadcrumb"},"inLanguage":"es","potentialAction":[{"@type":"ReadAction","target":["https:\/\/expressometro.mx\/index.php\/2021\/10\/20\/calles-de-la-zona-norte-de-toluca-inconclusas-e-intransitables-braulio-alvarez-jasso\/"]}]},{"@type":"ImageObject","inLanguage":"es","@id":"https:\/\/expressometro.mx\/index.php\/2021\/10\/20\/calles-de-la-zona-norte-de-toluca-inconclusas-e-intransitables-braulio-alvarez-jasso\/#primaryimage","url":"https:\/\/expressometro.mx\/wp-content\/uploads\/2021\/10\/WhatsApp-Image-2021-10-19-at-21.55.03.jpeg","contentUrl":"https:\/\/expressometro.mx\/wp-content\/uploads\/2021\/10\/WhatsApp-Image-2021-10-19-at-21.55.03.jpeg","width":1024,"height":681},{"@type":"BreadcrumbList","@id":"https:\/\/expressometro.mx\/index.php\/2021\/10\/20\/calles-de-la-zona-norte-de-toluca-inconclusas-e-intransitables-braulio-alvarez-jasso\/#breadcrumb","itemListElement":[{"@type":"ListItem","position":1,"name":"Inicio","item":"https:\/\/expressometro.mx\/"},{"@type":"ListItem","position":2,"name":"CALLES DE LA ZONA NORTE DE TOLUCA INCONCLUSAS E INTRANSITABLES: BRAULIO \u00c1LVAREZ JASSO"}]},{"@type":"WebSite","@id":"https:\/\/expressometro.mx\/#website","url":"https:\/\/expressometro.mx\/","name":"Expresso Metropolitano","description":"Periodismo comprometido, informaci\u00f3n, investigaci\u00f3n y an\u00e1lisis","publisher":{"@id":"https:\/\/expressometro.mx\/#organization"},"potentialAction":[{"@type":"SearchAction","target":{"@type":"EntryPoint","urlTemplate":"https:\/\/expressometro.mx\/?s={search_term_string}"},"query-input":{"@type":"PropertyValueSpecification","valueRequired":true,"valueName":"search_term_string"}}],"inLanguage":"es"},{"@type":"Organization","@id":"https:\/\/expressometro.mx\/#organization","name":"Expresso Metropolitano","url":"https:\/\/expressometro.mx\/","logo":{"@type":"ImageObject","inLanguage":"es","@id":"https:\/\/expressometro.mx\/#\/schema\/logo\/image\/","url":"https:\/\/expressometro.mx\/wp-content\/uploads\/2019\/07\/cropped-Logo-Expresso-Metropolitano-1-1.jpeg","contentUrl":"https:\/\/expressometro.mx\/wp-content\/uploads\/2019\/07\/cropped-Logo-Expresso-Metropolitano-1-1.jpeg","width":290,"height":73,"caption":"Expresso Metropolitano"},"image":{"@id":"https:\/\/expressometro.mx\/#\/schema\/logo\/image\/"}},{"@type":"Person","@id":"https:\/\/expressometro.mx\/#\/schema\/person\/67a95b8e3862085c7598f66237488f1f","name":"Cecilia Vega","image":{"@type":"ImageObject","inLanguage":"es","@id":"https:\/\/secure.gravatar.com\/avatar\/13aae9944ab2ee472a9e407c9487fdbd03b049abaa559af32fe5dbcf615c981b?s=96&d=mm&r=g","url":"https:\/\/secure.gravatar.com\/avatar\/13aae9944ab2ee472a9e407c9487fdbd03b049abaa559af32fe5dbcf615c981b?s=96&d=mm&r=g","contentUrl":"https:\/\/secure.gravatar.com\/avatar\/13aae9944ab2ee472a9e407c9487fdbd03b049abaa559af32fe5dbcf615c981b?s=96&d=mm&r=g","caption":"Cecilia Vega"},"url":"https:\/\/expressometro.mx\/index.php\/author\/cecilia-vega\/"}]}},"amp_enabled":true,"_links":{"self":[{"href":"https:\/\/expressometro.mx\/index.php\/wp-json\/wp\/v2\/posts\/3888","targetHints":{"allow":["GET"]}}],"collection":[{"href":"https:\/\/expressometro.mx\/index.php\/wp-json\/wp\/v2\/posts"}],"about":[{"href":"https:\/\/expressometro.mx\/index.php\/wp-json\/wp\/v2\/types\/post"}],"author":[{"embeddable":true,"href":"https:\/\/expressometro.mx\/index.php\/wp-json\/wp\/v2\/users\/2"}],"replies":[{"embeddable":true,"href":"https:\/\/expressometro.mx\/index.php\/wp-json\/wp\/v2\/comments?post=3888"}],"version-history":[{"count":1,"href":"https:\/\/expressometro.mx\/index.php\/wp-json\/wp\/v2\/posts\/3888\/revisions"}],"predecessor-version":[{"id":3891,"href":"https:\/\/expressometro.mx\/index.php\/wp-json\/wp\/v2\/posts\/3888\/revisions\/3891"}],"wp:featuredmedia":[{"embeddable":true,"href":"https:\/\/expressometro.mx\/index.php\/wp-json\/wp\/v2\/media\/3890"}],"wp:attachment":[{"href":"https:\/\/expressometro.mx\/index.php\/wp-json\/wp\/v2\/media?parent=3888"}],"wp:term":[{"taxonomy":"category","embeddable":true,"href":"https:\/\/expressometro.mx\/index.php\/wp-json\/wp\/v2\/categories?post=3888"},{"taxonomy":"post_tag","embeddable":true,"href":"https:\/\/expressometro.mx\/index.php\/wp-json\/wp\/v2\/tags?post=3888"}],"curies":[{"name":"wp","href":"https:\/\/api.w.org\/{rel}","templated":true}]}}