{"id":3869,"date":"2021-10-20T17:37:18","date_gmt":"2021-10-20T22:37:18","guid":{"rendered":"http:\/\/expressometro.mx\/?p=3869"},"modified":"2021-10-20T17:37:18","modified_gmt":"2021-10-20T22:37:18","slug":"instalan-comision-de-desarrollo-urbano-del-congreso-local","status":"publish","type":"post","link":"https:\/\/expressometro.mx\/index.php\/2021\/10\/20\/instalan-comision-de-desarrollo-urbano-del-congreso-local\/","title":{"rendered":"Instalan Comisi\u00f3n de Desarrollo Urbano del Congreso local"},"content":{"rendered":"\n<p>La din\u00e1mica social y la pol\u00edtica actuales exigen mayor apertura de la Comisi\u00f3n de Desarrollo Urbano del Congreso local, sostuvo el diputado Francisco Brian Rojas Cano (PAN), presidente de este \u00f3rgano legislativo, quien anunci\u00f3 que establecer\u00e1n canales permanentes de comunicaci\u00f3n con los sectores que convergen en su \u00e1mbito de competencia.<\/p>\n\n\n\n<p>En reuni\u00f3n de instalaci\u00f3n, en presencia de la diputada Ingrid Schemelensky Castro (PAN), presidenta de la Directiva, el diputado Francisco Rojas expres\u00f3 que estar\u00e1n abiertos al di\u00e1logo para escuchar las opiniones de personas expertas, de la academia, del sector empresarial, asociaciones vecinales y desarrolladores, adem\u00e1s de que consider\u00f3 necesario adecuar sus trabajos a los objetivos de la Agenda 2030.<\/p>\n\n\n\n<p>La comisi\u00f3n es integrada por los legisladores David Parra S\u00e1nchez (PRI) y Faustino de La Cruz P\u00e9rez (Morena), como secretario y prosecretario, respectivamente, as\u00ed como por las y los diputados Azucena Cisneros Coss, Nazario Guti\u00e9rrez Mart\u00ednez y Lourdes Jezabel Delgado Flores, de Morena; Mar\u00eda de los \u00c1ngeles D\u00e1vila Vargas (PAN), Myriam C\u00e1rdenas Rojas y Braulio Antonio \u00c1lvarez Jasso, del PRI, y Sergio Garc\u00eda Sosa (PT); en tanto que Jes\u00fas Alfredo Casta\u00f1eda Herrera fue nombrado como secretario t\u00e9cnico.<\/p>\n\n\n\n<p>A la instalaci\u00f3n acudieron los legisladores Enrique Vargas del Villar y Rigoberto Vargas Cervantes, coordinadores parlamentarios del PAN y NA, respectivamente, as\u00ed como Laura Gonz\u00e1lez Hern\u00e1ndez, presidenta del Consejo Coordinador Empresarial; Erick Fernando Cuenca Gurrola, presidente de Coparmex; Mariano Camacho San Mart\u00edn, titular del Instituto Mexiquense de la Vivienda Social, y Nina Carolina Izabal Mart\u00ednez, directora general de Planeaci\u00f3n Urbana.<\/p>\n\n\n\n<figure class=\"wp-block-gallery columns-3 is-cropped wp-block-gallery-1 is-layout-flex wp-block-gallery-is-layout-flex\"><ul class=\"blocks-gallery-grid\"><li class=\"blocks-gallery-item\"><figure><img decoding=\"async\" width=\"720\" height=\"480\" src=\"http:\/\/expressometro.mx\/wp-content\/uploads\/2021\/10\/WhatsApp-Image-2021-10-19-at-20.54.33-720x480.jpeg\" alt=\"\" data-id=\"3872\" data-link=\"http:\/\/expressometro.mx\/?attachment_id=3872\" class=\"wp-image-3872\" srcset=\"https:\/\/expressometro.mx\/wp-content\/uploads\/2021\/10\/WhatsApp-Image-2021-10-19-at-20.54.33-720x480.jpeg 720w, https:\/\/expressometro.mx\/wp-content\/uploads\/2021\/10\/WhatsApp-Image-2021-10-19-at-20.54.33-548x365.jpeg 548w, https:\/\/expressometro.mx\/wp-content\/uploads\/2021\/10\/WhatsApp-Image-2021-10-19-at-20.54.33-768x512.jpeg 768w, https:\/\/expressometro.mx\/wp-content\/uploads\/2021\/10\/WhatsApp-Image-2021-10-19-at-20.54.33-1536x1023.jpeg 1536w, https:\/\/expressometro.mx\/wp-content\/uploads\/2021\/10\/WhatsApp-Image-2021-10-19-at-20.54.33.jpeg 1600w\" sizes=\"(max-width: 720px) 100vw, 720px\" \/><\/figure><\/li><li class=\"blocks-gallery-item\"><figure><img decoding=\"async\" width=\"720\" height=\"480\" src=\"http:\/\/expressometro.mx\/wp-content\/uploads\/2021\/10\/WhatsApp-Image-2021-10-19-at-20.54.35-720x480.jpeg\" alt=\"\" data-id=\"3873\" data-link=\"http:\/\/expressometro.mx\/?attachment_id=3873\" class=\"wp-image-3873\" srcset=\"https:\/\/expressometro.mx\/wp-content\/uploads\/2021\/10\/WhatsApp-Image-2021-10-19-at-20.54.35-720x480.jpeg 720w, https:\/\/expressometro.mx\/wp-content\/uploads\/2021\/10\/WhatsApp-Image-2021-10-19-at-20.54.35-548x365.jpeg 548w, https:\/\/expressometro.mx\/wp-content\/uploads\/2021\/10\/WhatsApp-Image-2021-10-19-at-20.54.35-768x512.jpeg 768w, https:\/\/expressometro.mx\/wp-content\/uploads\/2021\/10\/WhatsApp-Image-2021-10-19-at-20.54.35-1536x1023.jpeg 1536w, https:\/\/expressometro.mx\/wp-content\/uploads\/2021\/10\/WhatsApp-Image-2021-10-19-at-20.54.35.jpeg 1600w\" sizes=\"(max-width: 720px) 100vw, 720px\" \/><\/figure><\/li><li class=\"blocks-gallery-item\"><figure><img decoding=\"async\" width=\"720\" height=\"480\" src=\"http:\/\/expressometro.mx\/wp-content\/uploads\/2021\/10\/WhatsApp-Image-2021-10-19-at-20.54.36-720x480.jpeg\" alt=\"\" data-id=\"3874\" data-full-url=\"http:\/\/expressometro.mx\/wp-content\/uploads\/2021\/10\/WhatsApp-Image-2021-10-19-at-20.54.36.jpeg\" data-link=\"http:\/\/expressometro.mx\/?attachment_id=3874\" class=\"wp-image-3874\" srcset=\"https:\/\/expressometro.mx\/wp-content\/uploads\/2021\/10\/WhatsApp-Image-2021-10-19-at-20.54.36-720x480.jpeg 720w, https:\/\/expressometro.mx\/wp-content\/uploads\/2021\/10\/WhatsApp-Image-2021-10-19-at-20.54.36-548x365.jpeg 548w, https:\/\/expressometro.mx\/wp-content\/uploads\/2021\/10\/WhatsApp-Image-2021-10-19-at-20.54.36-768x512.jpeg 768w, https:\/\/expressometro.mx\/wp-content\/uploads\/2021\/10\/WhatsApp-Image-2021-10-19-at-20.54.36-1536x1023.jpeg 1536w, https:\/\/expressometro.mx\/wp-content\/uploads\/2021\/10\/WhatsApp-Image-2021-10-19-at-20.54.36.jpeg 1600w\" sizes=\"(max-width: 720px) 100vw, 720px\" \/><\/figure><\/li><\/ul><\/figure>\n","protected":false},"excerpt":{"rendered":"<p>Este \u00f3rgano legislativo es presidido por el diputado Francisco Brian Rojas y funge como secretario el legislador David Parra.<\/p>\n","protected":false},"author":2,"featured_media":3871,"comment_status":"open","ping_status":"open","sticky":false,"template":"","format":"standard","meta":{"footnotes":""},"categories":[3,231],"tags":[942,683,943,940,260],"class_list":["post-3869","post","type-post","status-publish","format-standard","has-post-thumbnail","hentry","category-gobierno","category-politica","tag-agenda-2030","tag-david-parra","tag-faustino-de-la-cruz","tag-francisco-brian-rojas","tag-pan"],"yoast_head":"<!-- This site is optimized with the Yoast SEO plugin v27.4 - https:\/\/yoast.com\/product\/yoast-seo-wordpress\/ -->\n<title>Instalan Comisi\u00f3n de Desarrollo Urbano del Congreso local - Expresso Metropolitano<\/title>\n<meta name=\"robots\" content=\"index, follow, max-snippet:-1, max-image-preview:large, max-video-preview:-1\" \/>\n<link rel=\"canonical\" href=\"https:\/\/expressometro.mx\/index.php\/2021\/10\/20\/instalan-comision-de-desarrollo-urbano-del-congreso-local\/\" \/>\n<meta property=\"og:locale\" content=\"es_MX\" \/>\n<meta property=\"og:type\" content=\"article\" \/>\n<meta property=\"og:title\" content=\"Instalan Comisi\u00f3n de Desarrollo Urbano del Congreso local - Expresso Metropolitano\" \/>\n<meta property=\"og:description\" content=\"Este \u00f3rgano legislativo es presidido por el diputado Francisco Brian Rojas y funge como secretario el legislador David Parra.\" \/>\n<meta property=\"og:url\" content=\"https:\/\/expressometro.mx\/index.php\/2021\/10\/20\/instalan-comision-de-desarrollo-urbano-del-congreso-local\/\" \/>\n<meta property=\"og:site_name\" content=\"Expresso Metropolitano\" \/>\n<meta property=\"article:published_time\" content=\"2021-10-20T22:37:18+00:00\" \/>\n<meta property=\"og:image\" content=\"https:\/\/expressometro.mx\/wp-content\/uploads\/2021\/10\/WhatsApp-Image-2021-10-19-at-20.52.59.jpeg\" \/>\n\t<meta property=\"og:image:width\" content=\"1024\" \/>\n\t<meta property=\"og:image:height\" content=\"682\" \/>\n\t<meta property=\"og:image:type\" content=\"image\/jpeg\" \/>\n<meta name=\"author\" content=\"Cecilia Vega\" \/>\n<meta name=\"twitter:label1\" content=\"Escrito por\" \/>\n\t<meta name=\"twitter:data1\" content=\"Cecilia Vega\" \/>\n\t<meta name=\"twitter:label2\" content=\"Tiempo de lectura\" \/>\n\t<meta name=\"twitter:data2\" content=\"2 minutos\" \/>\n<script type=\"application\/ld+json\" class=\"yoast-schema-graph\">{\"@context\":\"https:\\\/\\\/schema.org\",\"@graph\":[{\"@type\":\"Article\",\"@id\":\"https:\\\/\\\/expressometro.mx\\\/index.php\\\/2021\\\/10\\\/20\\\/instalan-comision-de-desarrollo-urbano-del-congreso-local\\\/#article\",\"isPartOf\":{\"@id\":\"https:\\\/\\\/expressometro.mx\\\/index.php\\\/2021\\\/10\\\/20\\\/instalan-comision-de-desarrollo-urbano-del-congreso-local\\\/\"},\"author\":{\"name\":\"Cecilia Vega\",\"@id\":\"https:\\\/\\\/expressometro.mx\\\/#\\\/schema\\\/person\\\/67a95b8e3862085c7598f66237488f1f\"},\"headline\":\"Instalan Comisi\u00f3n de Desarrollo Urbano del Congreso local\",\"datePublished\":\"2021-10-20T22:37:18+00:00\",\"mainEntityOfPage\":{\"@id\":\"https:\\\/\\\/expressometro.mx\\\/index.php\\\/2021\\\/10\\\/20\\\/instalan-comision-de-desarrollo-urbano-del-congreso-local\\\/\"},\"wordCount\":282,\"commentCount\":0,\"publisher\":{\"@id\":\"https:\\\/\\\/expressometro.mx\\\/#organization\"},\"image\":{\"@id\":\"https:\\\/\\\/expressometro.mx\\\/index.php\\\/2021\\\/10\\\/20\\\/instalan-comision-de-desarrollo-urbano-del-congreso-local\\\/#primaryimage\"},\"thumbnailUrl\":\"https:\\\/\\\/expressometro.mx\\\/wp-content\\\/uploads\\\/2021\\\/10\\\/WhatsApp-Image-2021-10-19-at-20.52.59.jpeg\",\"keywords\":[\"Agenda 2030\",\"David Parra\",\"Faustino de la Cruz\",\"Francisco Brian Rojas\",\"PAN\"],\"articleSection\":[\"Gobierno\",\"Pol\u00edtica\"],\"inLanguage\":\"es\",\"potentialAction\":[{\"@type\":\"CommentAction\",\"name\":\"Comment\",\"target\":[\"https:\\\/\\\/expressometro.mx\\\/index.php\\\/2021\\\/10\\\/20\\\/instalan-comision-de-desarrollo-urbano-del-congreso-local\\\/#respond\"]}]},{\"@type\":\"WebPage\",\"@id\":\"https:\\\/\\\/expressometro.mx\\\/index.php\\\/2021\\\/10\\\/20\\\/instalan-comision-de-desarrollo-urbano-del-congreso-local\\\/\",\"url\":\"https:\\\/\\\/expressometro.mx\\\/index.php\\\/2021\\\/10\\\/20\\\/instalan-comision-de-desarrollo-urbano-del-congreso-local\\\/\",\"name\":\"Instalan Comisi\u00f3n de Desarrollo Urbano del Congreso local - Expresso Metropolitano\",\"isPartOf\":{\"@id\":\"https:\\\/\\\/expressometro.mx\\\/#website\"},\"primaryImageOfPage\":{\"@id\":\"https:\\\/\\\/expressometro.mx\\\/index.php\\\/2021\\\/10\\\/20\\\/instalan-comision-de-desarrollo-urbano-del-congreso-local\\\/#primaryimage\"},\"image\":{\"@id\":\"https:\\\/\\\/expressometro.mx\\\/index.php\\\/2021\\\/10\\\/20\\\/instalan-comision-de-desarrollo-urbano-del-congreso-local\\\/#primaryimage\"},\"thumbnailUrl\":\"https:\\\/\\\/expressometro.mx\\\/wp-content\\\/uploads\\\/2021\\\/10\\\/WhatsApp-Image-2021-10-19-at-20.52.59.jpeg\",\"datePublished\":\"2021-10-20T22:37:18+00:00\",\"breadcrumb\":{\"@id\":\"https:\\\/\\\/expressometro.mx\\\/index.php\\\/2021\\\/10\\\/20\\\/instalan-comision-de-desarrollo-urbano-del-congreso-local\\\/#breadcrumb\"},\"inLanguage\":\"es\",\"potentialAction\":[{\"@type\":\"ReadAction\",\"target\":[\"https:\\\/\\\/expressometro.mx\\\/index.php\\\/2021\\\/10\\\/20\\\/instalan-comision-de-desarrollo-urbano-del-congreso-local\\\/\"]}]},{\"@type\":\"ImageObject\",\"inLanguage\":\"es\",\"@id\":\"https:\\\/\\\/expressometro.mx\\\/index.php\\\/2021\\\/10\\\/20\\\/instalan-comision-de-desarrollo-urbano-del-congreso-local\\\/#primaryimage\",\"url\":\"https:\\\/\\\/expressometro.mx\\\/wp-content\\\/uploads\\\/2021\\\/10\\\/WhatsApp-Image-2021-10-19-at-20.52.59.jpeg\",\"contentUrl\":\"https:\\\/\\\/expressometro.mx\\\/wp-content\\\/uploads\\\/2021\\\/10\\\/WhatsApp-Image-2021-10-19-at-20.52.59.jpeg\",\"width\":1024,\"height\":682},{\"@type\":\"BreadcrumbList\",\"@id\":\"https:\\\/\\\/expressometro.mx\\\/index.php\\\/2021\\\/10\\\/20\\\/instalan-comision-de-desarrollo-urbano-del-congreso-local\\\/#breadcrumb\",\"itemListElement\":[{\"@type\":\"ListItem\",\"position\":1,\"name\":\"Inicio\",\"item\":\"https:\\\/\\\/expressometro.mx\\\/\"},{\"@type\":\"ListItem\",\"position\":2,\"name\":\"Instalan Comisi\u00f3n de Desarrollo Urbano del Congreso local\"}]},{\"@type\":\"WebSite\",\"@id\":\"https:\\\/\\\/expressometro.mx\\\/#website\",\"url\":\"https:\\\/\\\/expressometro.mx\\\/\",\"name\":\"Expresso Metropolitano\",\"description\":\"Periodismo comprometido, informaci\u00f3n, investigaci\u00f3n y an\u00e1lisis\",\"publisher\":{\"@id\":\"https:\\\/\\\/expressometro.mx\\\/#organization\"},\"potentialAction\":[{\"@type\":\"SearchAction\",\"target\":{\"@type\":\"EntryPoint\",\"urlTemplate\":\"https:\\\/\\\/expressometro.mx\\\/?s={search_term_string}\"},\"query-input\":{\"@type\":\"PropertyValueSpecification\",\"valueRequired\":true,\"valueName\":\"search_term_string\"}}],\"inLanguage\":\"es\"},{\"@type\":\"Organization\",\"@id\":\"https:\\\/\\\/expressometro.mx\\\/#organization\",\"name\":\"Expresso Metropolitano\",\"url\":\"https:\\\/\\\/expressometro.mx\\\/\",\"logo\":{\"@type\":\"ImageObject\",\"inLanguage\":\"es\",\"@id\":\"https:\\\/\\\/expressometro.mx\\\/#\\\/schema\\\/logo\\\/image\\\/\",\"url\":\"https:\\\/\\\/expressometro.mx\\\/wp-content\\\/uploads\\\/2019\\\/07\\\/cropped-Logo-Expresso-Metropolitano-1-1.jpeg\",\"contentUrl\":\"https:\\\/\\\/expressometro.mx\\\/wp-content\\\/uploads\\\/2019\\\/07\\\/cropped-Logo-Expresso-Metropolitano-1-1.jpeg\",\"width\":290,\"height\":73,\"caption\":\"Expresso Metropolitano\"},\"image\":{\"@id\":\"https:\\\/\\\/expressometro.mx\\\/#\\\/schema\\\/logo\\\/image\\\/\"}},{\"@type\":\"Person\",\"@id\":\"https:\\\/\\\/expressometro.mx\\\/#\\\/schema\\\/person\\\/67a95b8e3862085c7598f66237488f1f\",\"name\":\"Cecilia Vega\",\"image\":{\"@type\":\"ImageObject\",\"inLanguage\":\"es\",\"@id\":\"https:\\\/\\\/secure.gravatar.com\\\/avatar\\\/13aae9944ab2ee472a9e407c9487fdbd03b049abaa559af32fe5dbcf615c981b?s=96&d=mm&r=g\",\"url\":\"https:\\\/\\\/secure.gravatar.com\\\/avatar\\\/13aae9944ab2ee472a9e407c9487fdbd03b049abaa559af32fe5dbcf615c981b?s=96&d=mm&r=g\",\"contentUrl\":\"https:\\\/\\\/secure.gravatar.com\\\/avatar\\\/13aae9944ab2ee472a9e407c9487fdbd03b049abaa559af32fe5dbcf615c981b?s=96&d=mm&r=g\",\"caption\":\"Cecilia Vega\"},\"url\":\"https:\\\/\\\/expressometro.mx\\\/index.php\\\/author\\\/cecilia-vega\\\/\"}]}<\/script>\n<!-- \/ Yoast SEO plugin. -->","yoast_head_json":{"title":"Instalan Comisi\u00f3n de Desarrollo Urbano del Congreso local - Expresso Metropolitano","robots":{"index":"index","follow":"follow","max-snippet":"max-snippet:-1","max-image-preview":"max-image-preview:large","max-video-preview":"max-video-preview:-1"},"canonical":"https:\/\/expressometro.mx\/index.php\/2021\/10\/20\/instalan-comision-de-desarrollo-urbano-del-congreso-local\/","og_locale":"es_MX","og_type":"article","og_title":"Instalan Comisi\u00f3n de Desarrollo Urbano del Congreso local - Expresso Metropolitano","og_description":"Este \u00f3rgano legislativo es presidido por el diputado Francisco Brian Rojas y funge como secretario el legislador David Parra.","og_url":"https:\/\/expressometro.mx\/index.php\/2021\/10\/20\/instalan-comision-de-desarrollo-urbano-del-congreso-local\/","og_site_name":"Expresso Metropolitano","article_published_time":"2021-10-20T22:37:18+00:00","og_image":[{"width":1024,"height":682,"url":"https:\/\/expressometro.mx\/wp-content\/uploads\/2021\/10\/WhatsApp-Image-2021-10-19-at-20.52.59.jpeg","type":"image\/jpeg"}],"author":"Cecilia Vega","twitter_misc":{"Escrito por":"Cecilia Vega","Tiempo de lectura":"2 minutos"},"schema":{"@context":"https:\/\/schema.org","@graph":[{"@type":"Article","@id":"https:\/\/expressometro.mx\/index.php\/2021\/10\/20\/instalan-comision-de-desarrollo-urbano-del-congreso-local\/#article","isPartOf":{"@id":"https:\/\/expressometro.mx\/index.php\/2021\/10\/20\/instalan-comision-de-desarrollo-urbano-del-congreso-local\/"},"author":{"name":"Cecilia Vega","@id":"https:\/\/expressometro.mx\/#\/schema\/person\/67a95b8e3862085c7598f66237488f1f"},"headline":"Instalan Comisi\u00f3n de Desarrollo Urbano del Congreso local","datePublished":"2021-10-20T22:37:18+00:00","mainEntityOfPage":{"@id":"https:\/\/expressometro.mx\/index.php\/2021\/10\/20\/instalan-comision-de-desarrollo-urbano-del-congreso-local\/"},"wordCount":282,"commentCount":0,"publisher":{"@id":"https:\/\/expressometro.mx\/#organization"},"image":{"@id":"https:\/\/expressometro.mx\/index.php\/2021\/10\/20\/instalan-comision-de-desarrollo-urbano-del-congreso-local\/#primaryimage"},"thumbnailUrl":"https:\/\/expressometro.mx\/wp-content\/uploads\/2021\/10\/WhatsApp-Image-2021-10-19-at-20.52.59.jpeg","keywords":["Agenda 2030","David Parra","Faustino de la Cruz","Francisco Brian Rojas","PAN"],"articleSection":["Gobierno","Pol\u00edtica"],"inLanguage":"es","potentialAction":[{"@type":"CommentAction","name":"Comment","target":["https:\/\/expressometro.mx\/index.php\/2021\/10\/20\/instalan-comision-de-desarrollo-urbano-del-congreso-local\/#respond"]}]},{"@type":"WebPage","@id":"https:\/\/expressometro.mx\/index.php\/2021\/10\/20\/instalan-comision-de-desarrollo-urbano-del-congreso-local\/","url":"https:\/\/expressometro.mx\/index.php\/2021\/10\/20\/instalan-comision-de-desarrollo-urbano-del-congreso-local\/","name":"Instalan Comisi\u00f3n de Desarrollo Urbano del Congreso local - Expresso Metropolitano","isPartOf":{"@id":"https:\/\/expressometro.mx\/#website"},"primaryImageOfPage":{"@id":"https:\/\/expressometro.mx\/index.php\/2021\/10\/20\/instalan-comision-de-desarrollo-urbano-del-congreso-local\/#primaryimage"},"image":{"@id":"https:\/\/expressometro.mx\/index.php\/2021\/10\/20\/instalan-comision-de-desarrollo-urbano-del-congreso-local\/#primaryimage"},"thumbnailUrl":"https:\/\/expressometro.mx\/wp-content\/uploads\/2021\/10\/WhatsApp-Image-2021-10-19-at-20.52.59.jpeg","datePublished":"2021-10-20T22:37:18+00:00","breadcrumb":{"@id":"https:\/\/expressometro.mx\/index.php\/2021\/10\/20\/instalan-comision-de-desarrollo-urbano-del-congreso-local\/#breadcrumb"},"inLanguage":"es","potentialAction":[{"@type":"ReadAction","target":["https:\/\/expressometro.mx\/index.php\/2021\/10\/20\/instalan-comision-de-desarrollo-urbano-del-congreso-local\/"]}]},{"@type":"ImageObject","inLanguage":"es","@id":"https:\/\/expressometro.mx\/index.php\/2021\/10\/20\/instalan-comision-de-desarrollo-urbano-del-congreso-local\/#primaryimage","url":"https:\/\/expressometro.mx\/wp-content\/uploads\/2021\/10\/WhatsApp-Image-2021-10-19-at-20.52.59.jpeg","contentUrl":"https:\/\/expressometro.mx\/wp-content\/uploads\/2021\/10\/WhatsApp-Image-2021-10-19-at-20.52.59.jpeg","width":1024,"height":682},{"@type":"BreadcrumbList","@id":"https:\/\/expressometro.mx\/index.php\/2021\/10\/20\/instalan-comision-de-desarrollo-urbano-del-congreso-local\/#breadcrumb","itemListElement":[{"@type":"ListItem","position":1,"name":"Inicio","item":"https:\/\/expressometro.mx\/"},{"@type":"ListItem","position":2,"name":"Instalan Comisi\u00f3n de Desarrollo Urbano del Congreso local"}]},{"@type":"WebSite","@id":"https:\/\/expressometro.mx\/#website","url":"https:\/\/expressometro.mx\/","name":"Expresso Metropolitano","description":"Periodismo comprometido, informaci\u00f3n, investigaci\u00f3n y an\u00e1lisis","publisher":{"@id":"https:\/\/expressometro.mx\/#organization"},"potentialAction":[{"@type":"SearchAction","target":{"@type":"EntryPoint","urlTemplate":"https:\/\/expressometro.mx\/?s={search_term_string}"},"query-input":{"@type":"PropertyValueSpecification","valueRequired":true,"valueName":"search_term_string"}}],"inLanguage":"es"},{"@type":"Organization","@id":"https:\/\/expressometro.mx\/#organization","name":"Expresso Metropolitano","url":"https:\/\/expressometro.mx\/","logo":{"@type":"ImageObject","inLanguage":"es","@id":"https:\/\/expressometro.mx\/#\/schema\/logo\/image\/","url":"https:\/\/expressometro.mx\/wp-content\/uploads\/2019\/07\/cropped-Logo-Expresso-Metropolitano-1-1.jpeg","contentUrl":"https:\/\/expressometro.mx\/wp-content\/uploads\/2019\/07\/cropped-Logo-Expresso-Metropolitano-1-1.jpeg","width":290,"height":73,"caption":"Expresso Metropolitano"},"image":{"@id":"https:\/\/expressometro.mx\/#\/schema\/logo\/image\/"}},{"@type":"Person","@id":"https:\/\/expressometro.mx\/#\/schema\/person\/67a95b8e3862085c7598f66237488f1f","name":"Cecilia Vega","image":{"@type":"ImageObject","inLanguage":"es","@id":"https:\/\/secure.gravatar.com\/avatar\/13aae9944ab2ee472a9e407c9487fdbd03b049abaa559af32fe5dbcf615c981b?s=96&d=mm&r=g","url":"https:\/\/secure.gravatar.com\/avatar\/13aae9944ab2ee472a9e407c9487fdbd03b049abaa559af32fe5dbcf615c981b?s=96&d=mm&r=g","contentUrl":"https:\/\/secure.gravatar.com\/avatar\/13aae9944ab2ee472a9e407c9487fdbd03b049abaa559af32fe5dbcf615c981b?s=96&d=mm&r=g","caption":"Cecilia Vega"},"url":"https:\/\/expressometro.mx\/index.php\/author\/cecilia-vega\/"}]}},"amp_enabled":true,"_links":{"self":[{"href":"https:\/\/expressometro.mx\/index.php\/wp-json\/wp\/v2\/posts\/3869","targetHints":{"allow":["GET"]}}],"collection":[{"href":"https:\/\/expressometro.mx\/index.php\/wp-json\/wp\/v2\/posts"}],"about":[{"href":"https:\/\/expressometro.mx\/index.php\/wp-json\/wp\/v2\/types\/post"}],"author":[{"embeddable":true,"href":"https:\/\/expressometro.mx\/index.php\/wp-json\/wp\/v2\/users\/2"}],"replies":[{"embeddable":true,"href":"https:\/\/expressometro.mx\/index.php\/wp-json\/wp\/v2\/comments?post=3869"}],"version-history":[{"count":1,"href":"https:\/\/expressometro.mx\/index.php\/wp-json\/wp\/v2\/posts\/3869\/revisions"}],"predecessor-version":[{"id":3875,"href":"https:\/\/expressometro.mx\/index.php\/wp-json\/wp\/v2\/posts\/3869\/revisions\/3875"}],"wp:featuredmedia":[{"embeddable":true,"href":"https:\/\/expressometro.mx\/index.php\/wp-json\/wp\/v2\/media\/3871"}],"wp:attachment":[{"href":"https:\/\/expressometro.mx\/index.php\/wp-json\/wp\/v2\/media?parent=3869"}],"wp:term":[{"taxonomy":"category","embeddable":true,"href":"https:\/\/expressometro.mx\/index.php\/wp-json\/wp\/v2\/categories?post=3869"},{"taxonomy":"post_tag","embeddable":true,"href":"https:\/\/expressometro.mx\/index.php\/wp-json\/wp\/v2\/tags?post=3869"}],"curies":[{"name":"wp","href":"https:\/\/api.w.org\/{rel}","templated":true}]}}