{"id":3848,"date":"2021-10-20T16:54:39","date_gmt":"2021-10-20T21:54:39","guid":{"rendered":"http:\/\/expressometro.mx\/?p=3848"},"modified":"2021-10-20T16:54:40","modified_gmt":"2021-10-20T21:54:40","slug":"resaltan-indispensable-trabajar-de-manera-cercana-con-la-sociedad-para-atender-a-la-matricula-educativa-mas-grande-del-pais","status":"publish","type":"post","link":"https:\/\/expressometro.mx\/index.php\/2021\/10\/20\/resaltan-indispensable-trabajar-de-manera-cercana-con-la-sociedad-para-atender-a-la-matricula-educativa-mas-grande-del-pais\/","title":{"rendered":"RESALTAN INDISPENSABLE TRABAJAR DE MANERA CERCANA CON LA SOCIEDAD PARA ATENDER A LA MATR\u00cdCULA EDUCATIVA M\u00c1S GRANDE DEL PA\u00cdS"},"content":{"rendered":"\n<p>El Estado de M\u00e9xico atiende a la matr\u00edcula educativa m\u00e1s grande del pa\u00eds, superior a los 4.5 millones de alumnos que estudian en casi 25 mil escuelas, atendidos por m\u00e1s de 265 mil docentes, por lo que avanzar en alg\u00fan indicador, sobre todo en pandemia, representa un gran logro.<\/p>\n\n\n\n<p>El Secretario de Educaci\u00f3n, Gerardo Monroy Serrano, se\u00f1al\u00f3 lo anterior al comparecer ante el Pleno de la LXI Legislatura, como parte de la Glosa del Cuarto Informe de Resultados del Gobernador del Estado de M\u00e9xico, Alfredo Del Mazo Maza, donde destac\u00f3 que, durante el ciclo escolar 2020-2021, se mantuvo la cobertura del 100 por ciento en educaci\u00f3n primaria, 99.6 por ciento en secundaria y 73.5 por ciento en media superior.<\/p>\n\n\n\n<p>En nivel de posgrado, el Secretario de Educaci\u00f3n inform\u00f3 que se atiende una matr\u00edcula de m\u00e1s de 23 mil 800 estudiantes, la segunda m\u00e1s grande del pa\u00eds.<\/p>\n\n\n\n<p>Detall\u00f3 que en este cuarto a\u00f1o de Gobierno ingresaron al servicio educativo casi 5 mil docentes de educaci\u00f3n b\u00e1sica y media superior, a trav\u00e9s del sistema para la carrera de las y los maestros; y, para dar certeza laboral, se otorgaron basificaciones a m\u00e1s de 19 mil 400 docentes.<\/p>\n\n\n\n<p>En materia de infraestructura, precis\u00f3 que durante la administraci\u00f3n se han construido 6 mil 454 espacios en todos los niveles educativos, beneficiando a m\u00e1s de un mill\u00f3n de estudiantes con aulas, talleres, laboratorios, n\u00facleos sanitarios, adem\u00e1s de mejorar y equipar la mayor\u00eda de los Centros de Atenci\u00f3n M\u00faltiple (CAM).<\/p>\n\n\n\n<p>El Secretario asegur\u00f3 que garantizar una educaci\u00f3n inclusiva, equitativa y de calidad es uno de los mayores compromisos, por ello, en este cuarto a\u00f1o, se entregaron m\u00e1s de 122 mil becas, y en lo que va de la administraci\u00f3n se han entregado m\u00e1s de 539 mil, de las cuales, siete de cada 10 son a mujeres.<\/p>\n\n\n\n<p>Mencion\u00f3 que con el programa de Educaci\u00f3n Inicial \u201cBeb\u00e9s + Fuertes\u201d, en este periodo se atendieron a m\u00e1s de 17 mil 700 beb\u00e9s y sus familias, en 118 municipios del estado.<\/p>\n\n\n\n<p>Adem\u00e1s, se implement\u00f3 una aplicaci\u00f3n para dispositivos m\u00f3viles con capacidad de 100 mil usuarios, y se concertaron acciones para que en las Cl\u00ednicas Materno-Infantiles y las Oficial\u00edas del Registro Civil, se proporcione informaci\u00f3n de los beneficios del programa.<\/p>\n\n\n\n<p>El Secretario de Educaci\u00f3n a\u00f1adi\u00f3 que, durante la presente administraci\u00f3n se ha reforzado la vinculaci\u00f3n con el sector productivo a trav\u00e9s de la Educaci\u00f3n Dual. Para el periodo que se informa, mil 731 estudiantes de educaci\u00f3n media superior y superior han impulsado su formaci\u00f3n pr\u00e1ctica.<\/p>\n\n\n\n<p>Asimismo, los cuatro Centros de Cooperaci\u00f3n Academia Industria (CCAI), brindan a los estudiantes la oportunidad de atender las necesidades de las empresas, en sectores industriales prioritarios de diferentes regiones de la entidad, desarrollando a la fecha 187 proyectos con 125 empresas, donde participan 391 alumnos y 69 investigadores.<\/p>\n\n\n\n<p>Monroy Serrano expres\u00f3 que para el regreso a clases presenciales se prioriz\u00f3 la atenci\u00f3n socioemocional, la nivelaci\u00f3n de los aprendizajes fundamentales de los estudiantes, as\u00ed como el diagn\u00f3stico de las instalaciones; y de manera coordinada con la Secretar\u00eda de Salud estatal, se puso en marcha un plan de acci\u00f3n de vigilancia y acompa\u00f1amiento epidemiol\u00f3gico, para prevenir contagios y hacer frente a los casos positivos.<\/p>\n\n\n\n<p>Como en su momento se hizo con el Regreso Presencial a Talleres y Laboratorios en educaci\u00f3n media superior y superior, as\u00ed como en el cierre del ciclo escolar pasado en todos los niveles, para el ciclo escolar 2021-2022, dijo, se han recibido de manera presencial a m\u00e1s de 3 millones de estudiantes y m\u00e1s de 183 mil docentes en casi la totalidad de escuelas.<\/p>\n\n\n\n<p>Finalmente, refrend\u00f3 el compromiso de la Secretar\u00eda de Educaci\u00f3n para trabajar de manera cercana con la sociedad, el Gobierno Federal, los poderes de la entidad y los municipios para fortalecer el desarrollo y crecimiento del Estado de M\u00e9xico.<\/p>\n\n\n\n<figure class=\"wp-block-gallery columns-3 is-cropped wp-block-gallery-1 is-layout-flex wp-block-gallery-is-layout-flex\"><ul class=\"blocks-gallery-grid\"><li class=\"blocks-gallery-item\"><figure><img decoding=\"async\" width=\"721\" height=\"480\" src=\"http:\/\/expressometro.mx\/wp-content\/uploads\/2021\/10\/WhatsApp-Image-2021-10-19-at-11.52.21-721x480.jpeg\" alt=\"\" data-id=\"3850\" data-link=\"http:\/\/expressometro.mx\/?attachment_id=3850\" class=\"wp-image-3850\" srcset=\"https:\/\/expressometro.mx\/wp-content\/uploads\/2021\/10\/WhatsApp-Image-2021-10-19-at-11.52.21-721x480.jpeg 721w, https:\/\/expressometro.mx\/wp-content\/uploads\/2021\/10\/WhatsApp-Image-2021-10-19-at-11.52.21-548x365.jpeg 548w, https:\/\/expressometro.mx\/wp-content\/uploads\/2021\/10\/WhatsApp-Image-2021-10-19-at-11.52.21-768x511.jpeg 768w, https:\/\/expressometro.mx\/wp-content\/uploads\/2021\/10\/WhatsApp-Image-2021-10-19-at-11.52.21.jpeg 1280w\" sizes=\"(max-width: 721px) 100vw, 721px\" \/><\/figure><\/li><li class=\"blocks-gallery-item\"><figure><img decoding=\"async\" width=\"742\" height=\"480\" src=\"http:\/\/expressometro.mx\/wp-content\/uploads\/2021\/10\/WhatsApp-Image-2021-10-19-at-11.52.22-742x480.jpeg\" alt=\"\" data-id=\"3852\" data-link=\"http:\/\/expressometro.mx\/?attachment_id=3852\" class=\"wp-image-3852\" srcset=\"https:\/\/expressometro.mx\/wp-content\/uploads\/2021\/10\/WhatsApp-Image-2021-10-19-at-11.52.22-742x480.jpeg 742w, https:\/\/expressometro.mx\/wp-content\/uploads\/2021\/10\/WhatsApp-Image-2021-10-19-at-11.52.22-564x365.jpeg 564w, https:\/\/expressometro.mx\/wp-content\/uploads\/2021\/10\/WhatsApp-Image-2021-10-19-at-11.52.22-768x497.jpeg 768w, https:\/\/expressometro.mx\/wp-content\/uploads\/2021\/10\/WhatsApp-Image-2021-10-19-at-11.52.22.jpeg 1280w\" sizes=\"(max-width: 742px) 100vw, 742px\" \/><\/figure><\/li><li class=\"blocks-gallery-item\"><figure><img decoding=\"async\" width=\"721\" height=\"480\" src=\"http:\/\/expressometro.mx\/wp-content\/uploads\/2021\/10\/WhatsApp-Image-2021-10-19-at-11.52.23-721x480.jpeg\" alt=\"\" data-id=\"3853\" data-full-url=\"http:\/\/expressometro.mx\/wp-content\/uploads\/2021\/10\/WhatsApp-Image-2021-10-19-at-11.52.23.jpeg\" data-link=\"http:\/\/expressometro.mx\/?attachment_id=3853\" class=\"wp-image-3853\" srcset=\"https:\/\/expressometro.mx\/wp-content\/uploads\/2021\/10\/WhatsApp-Image-2021-10-19-at-11.52.23-721x480.jpeg 721w, https:\/\/expressometro.mx\/wp-content\/uploads\/2021\/10\/WhatsApp-Image-2021-10-19-at-11.52.23-548x365.jpeg 548w, https:\/\/expressometro.mx\/wp-content\/uploads\/2021\/10\/WhatsApp-Image-2021-10-19-at-11.52.23-768x511.jpeg 768w, https:\/\/expressometro.mx\/wp-content\/uploads\/2021\/10\/WhatsApp-Image-2021-10-19-at-11.52.23.jpeg 1280w\" sizes=\"(max-width: 721px) 100vw, 721px\" \/><\/figure><\/li><\/ul><\/figure>\n","protected":false},"excerpt":{"rendered":"<p>Comparece Secretario de Educaci\u00f3n, Gerardo Monroy Serrano ante la LXI Legislatura como parte de la Glosa del Cuarto Informe de Resultados.<\/p>\n","protected":false},"author":2,"featured_media":3851,"comment_status":"open","ping_status":"open","sticky":false,"template":"","format":"standard","meta":{"footnotes":""},"categories":[108,3],"tags":[841,782],"class_list":["post-3848","post","type-post","status-publish","format-standard","has-post-thumbnail","hentry","category-educacion","category-gobierno","tag-gerardo-monroy","tag-lxi-legislatura"],"yoast_head":"<!-- This site is optimized with the Yoast SEO plugin v27.5 - https:\/\/yoast.com\/product\/yoast-seo-wordpress\/ -->\n<title>RESALTAN INDISPENSABLE TRABAJAR DE MANERA CERCANA CON LA SOCIEDAD PARA ATENDER A LA MATR\u00cdCULA EDUCATIVA M\u00c1S GRANDE DEL PA\u00cdS - Expresso Metropolitano<\/title>\n<meta name=\"robots\" content=\"index, follow, max-snippet:-1, max-image-preview:large, max-video-preview:-1\" \/>\n<link rel=\"canonical\" href=\"https:\/\/expressometro.mx\/index.php\/2021\/10\/20\/resaltan-indispensable-trabajar-de-manera-cercana-con-la-sociedad-para-atender-a-la-matricula-educativa-mas-grande-del-pais\/\" \/>\n<meta property=\"og:locale\" content=\"es_MX\" \/>\n<meta property=\"og:type\" content=\"article\" \/>\n<meta property=\"og:title\" content=\"RESALTAN INDISPENSABLE TRABAJAR DE MANERA CERCANA CON LA SOCIEDAD PARA ATENDER A LA MATR\u00cdCULA EDUCATIVA M\u00c1S GRANDE DEL PA\u00cdS - Expresso Metropolitano\" \/>\n<meta property=\"og:description\" content=\"Comparece Secretario de Educaci\u00f3n, Gerardo Monroy Serrano ante la LXI Legislatura como parte de la Glosa del Cuarto Informe de Resultados.\" \/>\n<meta property=\"og:url\" content=\"https:\/\/expressometro.mx\/index.php\/2021\/10\/20\/resaltan-indispensable-trabajar-de-manera-cercana-con-la-sociedad-para-atender-a-la-matricula-educativa-mas-grande-del-pais\/\" \/>\n<meta property=\"og:site_name\" content=\"Expresso Metropolitano\" \/>\n<meta property=\"article:published_time\" content=\"2021-10-20T21:54:39+00:00\" \/>\n<meta property=\"article:modified_time\" content=\"2021-10-20T21:54:40+00:00\" \/>\n<meta property=\"og:image\" content=\"https:\/\/expressometro.mx\/wp-content\/uploads\/2021\/10\/WhatsApp-Image-2021-10-19-at-11.52.20.jpeg\" \/>\n\t<meta property=\"og:image:width\" content=\"1280\" \/>\n\t<meta property=\"og:image:height\" content=\"834\" \/>\n\t<meta property=\"og:image:type\" content=\"image\/jpeg\" \/>\n<meta name=\"author\" content=\"Cecilia Vega\" \/>\n<meta name=\"twitter:label1\" content=\"Escrito por\" \/>\n\t<meta name=\"twitter:data1\" content=\"Cecilia Vega\" \/>\n\t<meta name=\"twitter:label2\" content=\"Tiempo de lectura\" \/>\n\t<meta name=\"twitter:data2\" content=\"4 minutos\" \/>\n<script type=\"application\/ld+json\" class=\"yoast-schema-graph\">{\"@context\":\"https:\\\/\\\/schema.org\",\"@graph\":[{\"@type\":\"Article\",\"@id\":\"https:\\\/\\\/expressometro.mx\\\/index.php\\\/2021\\\/10\\\/20\\\/resaltan-indispensable-trabajar-de-manera-cercana-con-la-sociedad-para-atender-a-la-matricula-educativa-mas-grande-del-pais\\\/#article\",\"isPartOf\":{\"@id\":\"https:\\\/\\\/expressometro.mx\\\/index.php\\\/2021\\\/10\\\/20\\\/resaltan-indispensable-trabajar-de-manera-cercana-con-la-sociedad-para-atender-a-la-matricula-educativa-mas-grande-del-pais\\\/\"},\"author\":{\"name\":\"Cecilia Vega\",\"@id\":\"https:\\\/\\\/expressometro.mx\\\/#\\\/schema\\\/person\\\/67a95b8e3862085c7598f66237488f1f\"},\"headline\":\"RESALTAN INDISPENSABLE TRABAJAR DE MANERA CERCANA CON LA SOCIEDAD PARA ATENDER A LA MATR\u00cdCULA EDUCATIVA M\u00c1S GRANDE DEL PA\u00cdS\",\"datePublished\":\"2021-10-20T21:54:39+00:00\",\"dateModified\":\"2021-10-20T21:54:40+00:00\",\"mainEntityOfPage\":{\"@id\":\"https:\\\/\\\/expressometro.mx\\\/index.php\\\/2021\\\/10\\\/20\\\/resaltan-indispensable-trabajar-de-manera-cercana-con-la-sociedad-para-atender-a-la-matricula-educativa-mas-grande-del-pais\\\/\"},\"wordCount\":688,\"commentCount\":0,\"publisher\":{\"@id\":\"https:\\\/\\\/expressometro.mx\\\/#organization\"},\"image\":{\"@id\":\"https:\\\/\\\/expressometro.mx\\\/index.php\\\/2021\\\/10\\\/20\\\/resaltan-indispensable-trabajar-de-manera-cercana-con-la-sociedad-para-atender-a-la-matricula-educativa-mas-grande-del-pais\\\/#primaryimage\"},\"thumbnailUrl\":\"https:\\\/\\\/expressometro.mx\\\/wp-content\\\/uploads\\\/2021\\\/10\\\/WhatsApp-Image-2021-10-19-at-11.52.20.jpeg\",\"keywords\":[\"Gerardo Monroy\",\"LXI Legislatura\"],\"articleSection\":[\"Educaci\u00f3n\",\"Gobierno\"],\"inLanguage\":\"es\",\"potentialAction\":[{\"@type\":\"CommentAction\",\"name\":\"Comment\",\"target\":[\"https:\\\/\\\/expressometro.mx\\\/index.php\\\/2021\\\/10\\\/20\\\/resaltan-indispensable-trabajar-de-manera-cercana-con-la-sociedad-para-atender-a-la-matricula-educativa-mas-grande-del-pais\\\/#respond\"]}]},{\"@type\":\"WebPage\",\"@id\":\"https:\\\/\\\/expressometro.mx\\\/index.php\\\/2021\\\/10\\\/20\\\/resaltan-indispensable-trabajar-de-manera-cercana-con-la-sociedad-para-atender-a-la-matricula-educativa-mas-grande-del-pais\\\/\",\"url\":\"https:\\\/\\\/expressometro.mx\\\/index.php\\\/2021\\\/10\\\/20\\\/resaltan-indispensable-trabajar-de-manera-cercana-con-la-sociedad-para-atender-a-la-matricula-educativa-mas-grande-del-pais\\\/\",\"name\":\"RESALTAN INDISPENSABLE TRABAJAR DE MANERA CERCANA CON LA SOCIEDAD PARA ATENDER A LA MATR\u00cdCULA EDUCATIVA M\u00c1S GRANDE DEL PA\u00cdS - Expresso Metropolitano\",\"isPartOf\":{\"@id\":\"https:\\\/\\\/expressometro.mx\\\/#website\"},\"primaryImageOfPage\":{\"@id\":\"https:\\\/\\\/expressometro.mx\\\/index.php\\\/2021\\\/10\\\/20\\\/resaltan-indispensable-trabajar-de-manera-cercana-con-la-sociedad-para-atender-a-la-matricula-educativa-mas-grande-del-pais\\\/#primaryimage\"},\"image\":{\"@id\":\"https:\\\/\\\/expressometro.mx\\\/index.php\\\/2021\\\/10\\\/20\\\/resaltan-indispensable-trabajar-de-manera-cercana-con-la-sociedad-para-atender-a-la-matricula-educativa-mas-grande-del-pais\\\/#primaryimage\"},\"thumbnailUrl\":\"https:\\\/\\\/expressometro.mx\\\/wp-content\\\/uploads\\\/2021\\\/10\\\/WhatsApp-Image-2021-10-19-at-11.52.20.jpeg\",\"datePublished\":\"2021-10-20T21:54:39+00:00\",\"dateModified\":\"2021-10-20T21:54:40+00:00\",\"breadcrumb\":{\"@id\":\"https:\\\/\\\/expressometro.mx\\\/index.php\\\/2021\\\/10\\\/20\\\/resaltan-indispensable-trabajar-de-manera-cercana-con-la-sociedad-para-atender-a-la-matricula-educativa-mas-grande-del-pais\\\/#breadcrumb\"},\"inLanguage\":\"es\",\"potentialAction\":[{\"@type\":\"ReadAction\",\"target\":[\"https:\\\/\\\/expressometro.mx\\\/index.php\\\/2021\\\/10\\\/20\\\/resaltan-indispensable-trabajar-de-manera-cercana-con-la-sociedad-para-atender-a-la-matricula-educativa-mas-grande-del-pais\\\/\"]}]},{\"@type\":\"ImageObject\",\"inLanguage\":\"es\",\"@id\":\"https:\\\/\\\/expressometro.mx\\\/index.php\\\/2021\\\/10\\\/20\\\/resaltan-indispensable-trabajar-de-manera-cercana-con-la-sociedad-para-atender-a-la-matricula-educativa-mas-grande-del-pais\\\/#primaryimage\",\"url\":\"https:\\\/\\\/expressometro.mx\\\/wp-content\\\/uploads\\\/2021\\\/10\\\/WhatsApp-Image-2021-10-19-at-11.52.20.jpeg\",\"contentUrl\":\"https:\\\/\\\/expressometro.mx\\\/wp-content\\\/uploads\\\/2021\\\/10\\\/WhatsApp-Image-2021-10-19-at-11.52.20.jpeg\",\"width\":1280,\"height\":834},{\"@type\":\"BreadcrumbList\",\"@id\":\"https:\\\/\\\/expressometro.mx\\\/index.php\\\/2021\\\/10\\\/20\\\/resaltan-indispensable-trabajar-de-manera-cercana-con-la-sociedad-para-atender-a-la-matricula-educativa-mas-grande-del-pais\\\/#breadcrumb\",\"itemListElement\":[{\"@type\":\"ListItem\",\"position\":1,\"name\":\"Inicio\",\"item\":\"https:\\\/\\\/expressometro.mx\\\/\"},{\"@type\":\"ListItem\",\"position\":2,\"name\":\"RESALTAN INDISPENSABLE TRABAJAR DE MANERA CERCANA CON LA SOCIEDAD PARA ATENDER A LA MATR\u00cdCULA EDUCATIVA M\u00c1S GRANDE DEL PA\u00cdS\"}]},{\"@type\":\"WebSite\",\"@id\":\"https:\\\/\\\/expressometro.mx\\\/#website\",\"url\":\"https:\\\/\\\/expressometro.mx\\\/\",\"name\":\"Expresso Metropolitano\",\"description\":\"Periodismo comprometido, informaci\u00f3n, investigaci\u00f3n y an\u00e1lisis\",\"publisher\":{\"@id\":\"https:\\\/\\\/expressometro.mx\\\/#organization\"},\"potentialAction\":[{\"@type\":\"SearchAction\",\"target\":{\"@type\":\"EntryPoint\",\"urlTemplate\":\"https:\\\/\\\/expressometro.mx\\\/?s={search_term_string}\"},\"query-input\":{\"@type\":\"PropertyValueSpecification\",\"valueRequired\":true,\"valueName\":\"search_term_string\"}}],\"inLanguage\":\"es\"},{\"@type\":\"Organization\",\"@id\":\"https:\\\/\\\/expressometro.mx\\\/#organization\",\"name\":\"Expresso Metropolitano\",\"url\":\"https:\\\/\\\/expressometro.mx\\\/\",\"logo\":{\"@type\":\"ImageObject\",\"inLanguage\":\"es\",\"@id\":\"https:\\\/\\\/expressometro.mx\\\/#\\\/schema\\\/logo\\\/image\\\/\",\"url\":\"https:\\\/\\\/expressometro.mx\\\/wp-content\\\/uploads\\\/2019\\\/07\\\/cropped-Logo-Expresso-Metropolitano-1-1.jpeg\",\"contentUrl\":\"https:\\\/\\\/expressometro.mx\\\/wp-content\\\/uploads\\\/2019\\\/07\\\/cropped-Logo-Expresso-Metropolitano-1-1.jpeg\",\"width\":290,\"height\":73,\"caption\":\"Expresso Metropolitano\"},\"image\":{\"@id\":\"https:\\\/\\\/expressometro.mx\\\/#\\\/schema\\\/logo\\\/image\\\/\"}},{\"@type\":\"Person\",\"@id\":\"https:\\\/\\\/expressometro.mx\\\/#\\\/schema\\\/person\\\/67a95b8e3862085c7598f66237488f1f\",\"name\":\"Cecilia Vega\",\"image\":{\"@type\":\"ImageObject\",\"inLanguage\":\"es\",\"@id\":\"https:\\\/\\\/secure.gravatar.com\\\/avatar\\\/13aae9944ab2ee472a9e407c9487fdbd03b049abaa559af32fe5dbcf615c981b?s=96&d=mm&r=g\",\"url\":\"https:\\\/\\\/secure.gravatar.com\\\/avatar\\\/13aae9944ab2ee472a9e407c9487fdbd03b049abaa559af32fe5dbcf615c981b?s=96&d=mm&r=g\",\"contentUrl\":\"https:\\\/\\\/secure.gravatar.com\\\/avatar\\\/13aae9944ab2ee472a9e407c9487fdbd03b049abaa559af32fe5dbcf615c981b?s=96&d=mm&r=g\",\"caption\":\"Cecilia Vega\"},\"url\":\"https:\\\/\\\/expressometro.mx\\\/index.php\\\/author\\\/cecilia-vega\\\/\"}]}<\/script>\n<!-- \/ Yoast SEO plugin. -->","yoast_head_json":{"title":"RESALTAN INDISPENSABLE TRABAJAR DE MANERA CERCANA CON LA SOCIEDAD PARA ATENDER A LA MATR\u00cdCULA EDUCATIVA M\u00c1S GRANDE DEL PA\u00cdS - Expresso Metropolitano","robots":{"index":"index","follow":"follow","max-snippet":"max-snippet:-1","max-image-preview":"max-image-preview:large","max-video-preview":"max-video-preview:-1"},"canonical":"https:\/\/expressometro.mx\/index.php\/2021\/10\/20\/resaltan-indispensable-trabajar-de-manera-cercana-con-la-sociedad-para-atender-a-la-matricula-educativa-mas-grande-del-pais\/","og_locale":"es_MX","og_type":"article","og_title":"RESALTAN INDISPENSABLE TRABAJAR DE MANERA CERCANA CON LA SOCIEDAD PARA ATENDER A LA MATR\u00cdCULA EDUCATIVA M\u00c1S GRANDE DEL PA\u00cdS - Expresso Metropolitano","og_description":"Comparece Secretario de Educaci\u00f3n, Gerardo Monroy Serrano ante la LXI Legislatura como parte de la Glosa del Cuarto Informe de Resultados.","og_url":"https:\/\/expressometro.mx\/index.php\/2021\/10\/20\/resaltan-indispensable-trabajar-de-manera-cercana-con-la-sociedad-para-atender-a-la-matricula-educativa-mas-grande-del-pais\/","og_site_name":"Expresso Metropolitano","article_published_time":"2021-10-20T21:54:39+00:00","article_modified_time":"2021-10-20T21:54:40+00:00","og_image":[{"width":1280,"height":834,"url":"https:\/\/expressometro.mx\/wp-content\/uploads\/2021\/10\/WhatsApp-Image-2021-10-19-at-11.52.20.jpeg","type":"image\/jpeg"}],"author":"Cecilia Vega","twitter_misc":{"Escrito por":"Cecilia Vega","Tiempo de lectura":"4 minutos"},"schema":{"@context":"https:\/\/schema.org","@graph":[{"@type":"Article","@id":"https:\/\/expressometro.mx\/index.php\/2021\/10\/20\/resaltan-indispensable-trabajar-de-manera-cercana-con-la-sociedad-para-atender-a-la-matricula-educativa-mas-grande-del-pais\/#article","isPartOf":{"@id":"https:\/\/expressometro.mx\/index.php\/2021\/10\/20\/resaltan-indispensable-trabajar-de-manera-cercana-con-la-sociedad-para-atender-a-la-matricula-educativa-mas-grande-del-pais\/"},"author":{"name":"Cecilia Vega","@id":"https:\/\/expressometro.mx\/#\/schema\/person\/67a95b8e3862085c7598f66237488f1f"},"headline":"RESALTAN INDISPENSABLE TRABAJAR DE MANERA CERCANA CON LA SOCIEDAD PARA ATENDER A LA MATR\u00cdCULA EDUCATIVA M\u00c1S GRANDE DEL PA\u00cdS","datePublished":"2021-10-20T21:54:39+00:00","dateModified":"2021-10-20T21:54:40+00:00","mainEntityOfPage":{"@id":"https:\/\/expressometro.mx\/index.php\/2021\/10\/20\/resaltan-indispensable-trabajar-de-manera-cercana-con-la-sociedad-para-atender-a-la-matricula-educativa-mas-grande-del-pais\/"},"wordCount":688,"commentCount":0,"publisher":{"@id":"https:\/\/expressometro.mx\/#organization"},"image":{"@id":"https:\/\/expressometro.mx\/index.php\/2021\/10\/20\/resaltan-indispensable-trabajar-de-manera-cercana-con-la-sociedad-para-atender-a-la-matricula-educativa-mas-grande-del-pais\/#primaryimage"},"thumbnailUrl":"https:\/\/expressometro.mx\/wp-content\/uploads\/2021\/10\/WhatsApp-Image-2021-10-19-at-11.52.20.jpeg","keywords":["Gerardo Monroy","LXI Legislatura"],"articleSection":["Educaci\u00f3n","Gobierno"],"inLanguage":"es","potentialAction":[{"@type":"CommentAction","name":"Comment","target":["https:\/\/expressometro.mx\/index.php\/2021\/10\/20\/resaltan-indispensable-trabajar-de-manera-cercana-con-la-sociedad-para-atender-a-la-matricula-educativa-mas-grande-del-pais\/#respond"]}]},{"@type":"WebPage","@id":"https:\/\/expressometro.mx\/index.php\/2021\/10\/20\/resaltan-indispensable-trabajar-de-manera-cercana-con-la-sociedad-para-atender-a-la-matricula-educativa-mas-grande-del-pais\/","url":"https:\/\/expressometro.mx\/index.php\/2021\/10\/20\/resaltan-indispensable-trabajar-de-manera-cercana-con-la-sociedad-para-atender-a-la-matricula-educativa-mas-grande-del-pais\/","name":"RESALTAN INDISPENSABLE TRABAJAR DE MANERA CERCANA CON LA SOCIEDAD PARA ATENDER A LA MATR\u00cdCULA EDUCATIVA M\u00c1S GRANDE DEL PA\u00cdS - Expresso Metropolitano","isPartOf":{"@id":"https:\/\/expressometro.mx\/#website"},"primaryImageOfPage":{"@id":"https:\/\/expressometro.mx\/index.php\/2021\/10\/20\/resaltan-indispensable-trabajar-de-manera-cercana-con-la-sociedad-para-atender-a-la-matricula-educativa-mas-grande-del-pais\/#primaryimage"},"image":{"@id":"https:\/\/expressometro.mx\/index.php\/2021\/10\/20\/resaltan-indispensable-trabajar-de-manera-cercana-con-la-sociedad-para-atender-a-la-matricula-educativa-mas-grande-del-pais\/#primaryimage"},"thumbnailUrl":"https:\/\/expressometro.mx\/wp-content\/uploads\/2021\/10\/WhatsApp-Image-2021-10-19-at-11.52.20.jpeg","datePublished":"2021-10-20T21:54:39+00:00","dateModified":"2021-10-20T21:54:40+00:00","breadcrumb":{"@id":"https:\/\/expressometro.mx\/index.php\/2021\/10\/20\/resaltan-indispensable-trabajar-de-manera-cercana-con-la-sociedad-para-atender-a-la-matricula-educativa-mas-grande-del-pais\/#breadcrumb"},"inLanguage":"es","potentialAction":[{"@type":"ReadAction","target":["https:\/\/expressometro.mx\/index.php\/2021\/10\/20\/resaltan-indispensable-trabajar-de-manera-cercana-con-la-sociedad-para-atender-a-la-matricula-educativa-mas-grande-del-pais\/"]}]},{"@type":"ImageObject","inLanguage":"es","@id":"https:\/\/expressometro.mx\/index.php\/2021\/10\/20\/resaltan-indispensable-trabajar-de-manera-cercana-con-la-sociedad-para-atender-a-la-matricula-educativa-mas-grande-del-pais\/#primaryimage","url":"https:\/\/expressometro.mx\/wp-content\/uploads\/2021\/10\/WhatsApp-Image-2021-10-19-at-11.52.20.jpeg","contentUrl":"https:\/\/expressometro.mx\/wp-content\/uploads\/2021\/10\/WhatsApp-Image-2021-10-19-at-11.52.20.jpeg","width":1280,"height":834},{"@type":"BreadcrumbList","@id":"https:\/\/expressometro.mx\/index.php\/2021\/10\/20\/resaltan-indispensable-trabajar-de-manera-cercana-con-la-sociedad-para-atender-a-la-matricula-educativa-mas-grande-del-pais\/#breadcrumb","itemListElement":[{"@type":"ListItem","position":1,"name":"Inicio","item":"https:\/\/expressometro.mx\/"},{"@type":"ListItem","position":2,"name":"RESALTAN INDISPENSABLE TRABAJAR DE MANERA CERCANA CON LA SOCIEDAD PARA ATENDER A LA MATR\u00cdCULA EDUCATIVA M\u00c1S GRANDE DEL PA\u00cdS"}]},{"@type":"WebSite","@id":"https:\/\/expressometro.mx\/#website","url":"https:\/\/expressometro.mx\/","name":"Expresso Metropolitano","description":"Periodismo comprometido, informaci\u00f3n, investigaci\u00f3n y an\u00e1lisis","publisher":{"@id":"https:\/\/expressometro.mx\/#organization"},"potentialAction":[{"@type":"SearchAction","target":{"@type":"EntryPoint","urlTemplate":"https:\/\/expressometro.mx\/?s={search_term_string}"},"query-input":{"@type":"PropertyValueSpecification","valueRequired":true,"valueName":"search_term_string"}}],"inLanguage":"es"},{"@type":"Organization","@id":"https:\/\/expressometro.mx\/#organization","name":"Expresso Metropolitano","url":"https:\/\/expressometro.mx\/","logo":{"@type":"ImageObject","inLanguage":"es","@id":"https:\/\/expressometro.mx\/#\/schema\/logo\/image\/","url":"https:\/\/expressometro.mx\/wp-content\/uploads\/2019\/07\/cropped-Logo-Expresso-Metropolitano-1-1.jpeg","contentUrl":"https:\/\/expressometro.mx\/wp-content\/uploads\/2019\/07\/cropped-Logo-Expresso-Metropolitano-1-1.jpeg","width":290,"height":73,"caption":"Expresso Metropolitano"},"image":{"@id":"https:\/\/expressometro.mx\/#\/schema\/logo\/image\/"}},{"@type":"Person","@id":"https:\/\/expressometro.mx\/#\/schema\/person\/67a95b8e3862085c7598f66237488f1f","name":"Cecilia Vega","image":{"@type":"ImageObject","inLanguage":"es","@id":"https:\/\/secure.gravatar.com\/avatar\/13aae9944ab2ee472a9e407c9487fdbd03b049abaa559af32fe5dbcf615c981b?s=96&d=mm&r=g","url":"https:\/\/secure.gravatar.com\/avatar\/13aae9944ab2ee472a9e407c9487fdbd03b049abaa559af32fe5dbcf615c981b?s=96&d=mm&r=g","contentUrl":"https:\/\/secure.gravatar.com\/avatar\/13aae9944ab2ee472a9e407c9487fdbd03b049abaa559af32fe5dbcf615c981b?s=96&d=mm&r=g","caption":"Cecilia Vega"},"url":"https:\/\/expressometro.mx\/index.php\/author\/cecilia-vega\/"}]}},"amp_enabled":true,"_links":{"self":[{"href":"https:\/\/expressometro.mx\/index.php\/wp-json\/wp\/v2\/posts\/3848","targetHints":{"allow":["GET"]}}],"collection":[{"href":"https:\/\/expressometro.mx\/index.php\/wp-json\/wp\/v2\/posts"}],"about":[{"href":"https:\/\/expressometro.mx\/index.php\/wp-json\/wp\/v2\/types\/post"}],"author":[{"embeddable":true,"href":"https:\/\/expressometro.mx\/index.php\/wp-json\/wp\/v2\/users\/2"}],"replies":[{"embeddable":true,"href":"https:\/\/expressometro.mx\/index.php\/wp-json\/wp\/v2\/comments?post=3848"}],"version-history":[{"count":1,"href":"https:\/\/expressometro.mx\/index.php\/wp-json\/wp\/v2\/posts\/3848\/revisions"}],"predecessor-version":[{"id":3854,"href":"https:\/\/expressometro.mx\/index.php\/wp-json\/wp\/v2\/posts\/3848\/revisions\/3854"}],"wp:featuredmedia":[{"embeddable":true,"href":"https:\/\/expressometro.mx\/index.php\/wp-json\/wp\/v2\/media\/3851"}],"wp:attachment":[{"href":"https:\/\/expressometro.mx\/index.php\/wp-json\/wp\/v2\/media?parent=3848"}],"wp:term":[{"taxonomy":"category","embeddable":true,"href":"https:\/\/expressometro.mx\/index.php\/wp-json\/wp\/v2\/categories?post=3848"},{"taxonomy":"post_tag","embeddable":true,"href":"https:\/\/expressometro.mx\/index.php\/wp-json\/wp\/v2\/tags?post=3848"}],"curies":[{"name":"wp","href":"https:\/\/api.w.org\/{rel}","templated":true}]}}