{"id":3839,"date":"2021-10-20T16:33:26","date_gmt":"2021-10-20T21:33:26","guid":{"rendered":"http:\/\/expressometro.mx\/?p=3839"},"modified":"2021-10-20T16:33:28","modified_gmt":"2021-10-20T21:33:28","slug":"mantiene-edomex-primeros-lugares-a-nivel-nacional-en-produccion-del-campo","status":"publish","type":"post","link":"https:\/\/expressometro.mx\/index.php\/2021\/10\/20\/mantiene-edomex-primeros-lugares-a-nivel-nacional-en-produccion-del-campo\/","title":{"rendered":"MANTIENE EDOM\u00c9X PRIMEROS LUGARES A NIVEL NACIONAL EN PRODUCCI\u00d3N DEL CAMPO"},"content":{"rendered":"\n<p>Toluca, M\u00e9xico.- En su comparecencia ante el pleno de la LXI Legislatura del Estado de M\u00e9xico, en el marco de la Glosa del Cuarto Informe de Resultados, que rindi\u00f3 el Gobernador Alfredo Del Mazo Maza el pasado 20 de septiembre, la Secretaria del Campo, Mercedes Col\u00edn Guadarrama, destac\u00f3 que esta entidad se consolida como una de las m\u00e1s s\u00f3lidas y f\u00e9rtiles del pa\u00eds.<\/p>\n\n\n\n<p>Enfatiz\u00f3 que, con el potencial que brindan las diversas condiciones agroclim\u00e1ticas de la geograf\u00eda estatal y la experiencia de los productores, la presente administraci\u00f3n que encabeza el Gobernador Alfredo Del Mazo Maza ha puesto \u00e9nfasis en siete Proyectos Estrat\u00e9gicos que cuentan con potencial de desarrollo, sustentables y sostenibles.<\/p>\n\n\n\n<p>Ante los integrantes de la LXI Legislatura mexiquense, reconoci\u00f3 que, no obstante, la llegada de la pandemia por COVID-19 (SARS-CoV-2), las manos del campo mexiquense nunca han dejado de trabajar para acercar a la mesa de nuestros hogares los alimentos que son b\u00e1sicos para mantener la salud y la vida.<\/p>\n\n\n\n<p>La Secretar\u00eda del Campo, agreg\u00f3, cumpliendo con las expectativas que le dieron origen, ampl\u00eda su enfoque funcional para transitar hacia una nueva visi\u00f3n, con base a tres dimensiones: desarrollo sostenible, es decir, que lo que se haga sea econ\u00f3micamente viable, respeto al medio ambiente y que sea socialmente equitativo.<\/p>\n\n\n\n<p>El Estado de M\u00e9xico, de acuerdo con el Servicio de Informaci\u00f3n Agroalimentaria y Pesquera (SIAP-2020), se ubica como el principal productor de ovinos, flores, tuna, haba verde, avena grano, trucha y carpa.<\/p>\n\n\n\n<p>As\u00ed, detall\u00f3, los Proyectos Productivos son M\u00e1s Ma\u00edz Mexiquense, Aguacate, Caf\u00e9, Flor, Agave, Mejoramiento Gen\u00e9tico y Acuacultura, sin dejar de mencionar que la Sanidad Agroalimentaria se ha convertido en un factor prioritario para la producci\u00f3n primaria.<\/p>\n\n\n\n<p>En estos procesos participan de manera activa los productores, el Instituto de Investigaci\u00f3n y Capacitaci\u00f3n Agropecuaria, Acu\u00edcola y Forestal (Icamex) y la Protectora de Bosques de la entidad (Probosque), esta \u00faltima sectorizada a la Secretar\u00eda del Campo con el prop\u00f3sito de fortalecer el desarrollo sostenible, dar un aprovechamiento racional a los bosques de la entidad y brindar m\u00e1s oportunidades a las familias que viven de los recursos forestales.<\/p>\n\n\n\n<p>Para lograr estos objetivos, la Secretar\u00eda del Campo y Probosque trabajan en programas sociales e institucionales como Reforestando Edom\u00e9x, Apoyos Forestales, Pago por Servicios Ambientales, Plantaciones Forestales Comerciales, Investigaci\u00f3n y Vigilancia Forestal, Sanidad Forestal y atenci\u00f3n a Incendios Forestales, entre otros.<\/p>\n\n\n\n<p>Aunque la tarea no ha sido sencilla, las y los productores del campo son un ejemplo de trabajo en equipo y de responsabilidad, pues pese a la pandemia por COVID-19, la reducci\u00f3n de recursos federales para distintos programas de apoyo al campo y los fen\u00f3menos naturales, el compromiso del Gobernador Alfredo Del Mazo Maza se visualiza en los resultados, puntualiz\u00f3.<\/p>\n\n\n\n<figure class=\"wp-block-gallery columns-2 is-cropped wp-block-gallery-1 is-layout-flex wp-block-gallery-is-layout-flex\"><ul class=\"blocks-gallery-grid\"><li class=\"blocks-gallery-item\"><figure><img decoding=\"async\" width=\"840\" height=\"470\" src=\"http:\/\/expressometro.mx\/wp-content\/uploads\/2021\/10\/WhatsApp-Image-2021-10-19-at-11.42.44-840x470.jpeg\" alt=\"\" data-id=\"3841\" data-link=\"http:\/\/expressometro.mx\/?attachment_id=3841\" class=\"wp-image-3841\" srcset=\"https:\/\/expressometro.mx\/wp-content\/uploads\/2021\/10\/WhatsApp-Image-2021-10-19-at-11.42.44-840x470.jpeg 840w, https:\/\/expressometro.mx\/wp-content\/uploads\/2021\/10\/WhatsApp-Image-2021-10-19-at-11.42.44-652x365.jpeg 652w, https:\/\/expressometro.mx\/wp-content\/uploads\/2021\/10\/WhatsApp-Image-2021-10-19-at-11.42.44-500x280.jpeg 500w, https:\/\/expressometro.mx\/wp-content\/uploads\/2021\/10\/WhatsApp-Image-2021-10-19-at-11.42.44-768x430.jpeg 768w, https:\/\/expressometro.mx\/wp-content\/uploads\/2021\/10\/WhatsApp-Image-2021-10-19-at-11.42.44.jpeg 1200w\" sizes=\"(max-width: 840px) 100vw, 840px\" \/><\/figure><\/li><li class=\"blocks-gallery-item\"><figure><img decoding=\"async\" width=\"840\" height=\"470\" src=\"http:\/\/expressometro.mx\/wp-content\/uploads\/2021\/10\/WhatsApp-Image-2021-10-19-at-11.42.45-840x470.jpeg\" alt=\"\" data-id=\"3844\" data-full-url=\"http:\/\/expressometro.mx\/wp-content\/uploads\/2021\/10\/WhatsApp-Image-2021-10-19-at-11.42.45.jpeg\" data-link=\"http:\/\/expressometro.mx\/?attachment_id=3844\" class=\"wp-image-3844\" srcset=\"https:\/\/expressometro.mx\/wp-content\/uploads\/2021\/10\/WhatsApp-Image-2021-10-19-at-11.42.45-840x470.jpeg 840w, https:\/\/expressometro.mx\/wp-content\/uploads\/2021\/10\/WhatsApp-Image-2021-10-19-at-11.42.45-652x365.jpeg 652w, https:\/\/expressometro.mx\/wp-content\/uploads\/2021\/10\/WhatsApp-Image-2021-10-19-at-11.42.45-500x280.jpeg 500w, https:\/\/expressometro.mx\/wp-content\/uploads\/2021\/10\/WhatsApp-Image-2021-10-19-at-11.42.45-768x430.jpeg 768w, https:\/\/expressometro.mx\/wp-content\/uploads\/2021\/10\/WhatsApp-Image-2021-10-19-at-11.42.45.jpeg 1200w\" sizes=\"(max-width: 840px) 100vw, 840px\" \/><\/figure><\/li><\/ul><\/figure>\n","protected":false},"excerpt":{"rendered":"<p>Ha puesto \u00e9nfasis esta administraci\u00f3n, en siete Proyectos Estrat\u00e9gicos con potencial de desarrollo, sustentables y sostenibles.<\/p>\n","protected":false},"author":2,"featured_media":3842,"comment_status":"open","ping_status":"open","sticky":false,"template":"","format":"standard","meta":{"footnotes":""},"categories":[4,3],"tags":[927,782,928],"class_list":["post-3839","post","type-post","status-publish","format-standard","has-post-thumbnail","hentry","category-finanzas","category-gobierno","tag-campo","tag-lxi-legislatura","tag-mercedes-colin"],"yoast_head":"<!-- This site is optimized with the Yoast SEO plugin v27.5 - https:\/\/yoast.com\/product\/yoast-seo-wordpress\/ -->\n<title>MANTIENE EDOM\u00c9X PRIMEROS LUGARES A NIVEL NACIONAL EN PRODUCCI\u00d3N DEL CAMPO - Expresso Metropolitano<\/title>\n<meta name=\"robots\" content=\"index, follow, max-snippet:-1, max-image-preview:large, max-video-preview:-1\" \/>\n<link rel=\"canonical\" href=\"https:\/\/expressometro.mx\/index.php\/2021\/10\/20\/mantiene-edomex-primeros-lugares-a-nivel-nacional-en-produccion-del-campo\/\" \/>\n<meta property=\"og:locale\" content=\"es_MX\" \/>\n<meta property=\"og:type\" content=\"article\" \/>\n<meta property=\"og:title\" content=\"MANTIENE EDOM\u00c9X PRIMEROS LUGARES A NIVEL NACIONAL EN PRODUCCI\u00d3N DEL CAMPO - Expresso Metropolitano\" \/>\n<meta property=\"og:description\" content=\"Ha puesto \u00e9nfasis esta administraci\u00f3n, en siete Proyectos Estrat\u00e9gicos con potencial de desarrollo, sustentables y sostenibles.\" \/>\n<meta property=\"og:url\" content=\"https:\/\/expressometro.mx\/index.php\/2021\/10\/20\/mantiene-edomex-primeros-lugares-a-nivel-nacional-en-produccion-del-campo\/\" \/>\n<meta property=\"og:site_name\" content=\"Expresso Metropolitano\" \/>\n<meta property=\"article:published_time\" content=\"2021-10-20T21:33:26+00:00\" \/>\n<meta property=\"article:modified_time\" content=\"2021-10-20T21:33:28+00:00\" \/>\n<meta property=\"og:image\" content=\"https:\/\/expressometro.mx\/wp-content\/uploads\/2021\/10\/WhatsApp-Image-2021-10-19-at-11.42.43.jpeg\" \/>\n\t<meta property=\"og:image:width\" content=\"1280\" \/>\n\t<meta property=\"og:image:height\" content=\"716\" \/>\n\t<meta property=\"og:image:type\" content=\"image\/jpeg\" \/>\n<meta name=\"author\" content=\"Cecilia Vega\" \/>\n<meta name=\"twitter:label1\" content=\"Escrito por\" \/>\n\t<meta name=\"twitter:data1\" content=\"Cecilia Vega\" \/>\n\t<meta name=\"twitter:label2\" content=\"Tiempo de lectura\" \/>\n\t<meta name=\"twitter:data2\" content=\"3 minutos\" \/>\n<script type=\"application\/ld+json\" class=\"yoast-schema-graph\">{\"@context\":\"https:\\\/\\\/schema.org\",\"@graph\":[{\"@type\":\"Article\",\"@id\":\"https:\\\/\\\/expressometro.mx\\\/index.php\\\/2021\\\/10\\\/20\\\/mantiene-edomex-primeros-lugares-a-nivel-nacional-en-produccion-del-campo\\\/#article\",\"isPartOf\":{\"@id\":\"https:\\\/\\\/expressometro.mx\\\/index.php\\\/2021\\\/10\\\/20\\\/mantiene-edomex-primeros-lugares-a-nivel-nacional-en-produccion-del-campo\\\/\"},\"author\":{\"name\":\"Cecilia Vega\",\"@id\":\"https:\\\/\\\/expressometro.mx\\\/#\\\/schema\\\/person\\\/67a95b8e3862085c7598f66237488f1f\"},\"headline\":\"MANTIENE EDOM\u00c9X PRIMEROS LUGARES A NIVEL NACIONAL EN PRODUCCI\u00d3N DEL CAMPO\",\"datePublished\":\"2021-10-20T21:33:26+00:00\",\"dateModified\":\"2021-10-20T21:33:28+00:00\",\"mainEntityOfPage\":{\"@id\":\"https:\\\/\\\/expressometro.mx\\\/index.php\\\/2021\\\/10\\\/20\\\/mantiene-edomex-primeros-lugares-a-nivel-nacional-en-produccion-del-campo\\\/\"},\"wordCount\":494,\"commentCount\":0,\"publisher\":{\"@id\":\"https:\\\/\\\/expressometro.mx\\\/#organization\"},\"image\":{\"@id\":\"https:\\\/\\\/expressometro.mx\\\/index.php\\\/2021\\\/10\\\/20\\\/mantiene-edomex-primeros-lugares-a-nivel-nacional-en-produccion-del-campo\\\/#primaryimage\"},\"thumbnailUrl\":\"https:\\\/\\\/expressometro.mx\\\/wp-content\\\/uploads\\\/2021\\\/10\\\/WhatsApp-Image-2021-10-19-at-11.42.43.jpeg\",\"keywords\":[\"Campo\",\"LXI Legislatura\",\"Mercedes Col\u00edn\"],\"articleSection\":[\"Finanzas\",\"Gobierno\"],\"inLanguage\":\"es\",\"potentialAction\":[{\"@type\":\"CommentAction\",\"name\":\"Comment\",\"target\":[\"https:\\\/\\\/expressometro.mx\\\/index.php\\\/2021\\\/10\\\/20\\\/mantiene-edomex-primeros-lugares-a-nivel-nacional-en-produccion-del-campo\\\/#respond\"]}]},{\"@type\":\"WebPage\",\"@id\":\"https:\\\/\\\/expressometro.mx\\\/index.php\\\/2021\\\/10\\\/20\\\/mantiene-edomex-primeros-lugares-a-nivel-nacional-en-produccion-del-campo\\\/\",\"url\":\"https:\\\/\\\/expressometro.mx\\\/index.php\\\/2021\\\/10\\\/20\\\/mantiene-edomex-primeros-lugares-a-nivel-nacional-en-produccion-del-campo\\\/\",\"name\":\"MANTIENE EDOM\u00c9X PRIMEROS LUGARES A NIVEL NACIONAL EN PRODUCCI\u00d3N DEL CAMPO - Expresso Metropolitano\",\"isPartOf\":{\"@id\":\"https:\\\/\\\/expressometro.mx\\\/#website\"},\"primaryImageOfPage\":{\"@id\":\"https:\\\/\\\/expressometro.mx\\\/index.php\\\/2021\\\/10\\\/20\\\/mantiene-edomex-primeros-lugares-a-nivel-nacional-en-produccion-del-campo\\\/#primaryimage\"},\"image\":{\"@id\":\"https:\\\/\\\/expressometro.mx\\\/index.php\\\/2021\\\/10\\\/20\\\/mantiene-edomex-primeros-lugares-a-nivel-nacional-en-produccion-del-campo\\\/#primaryimage\"},\"thumbnailUrl\":\"https:\\\/\\\/expressometro.mx\\\/wp-content\\\/uploads\\\/2021\\\/10\\\/WhatsApp-Image-2021-10-19-at-11.42.43.jpeg\",\"datePublished\":\"2021-10-20T21:33:26+00:00\",\"dateModified\":\"2021-10-20T21:33:28+00:00\",\"breadcrumb\":{\"@id\":\"https:\\\/\\\/expressometro.mx\\\/index.php\\\/2021\\\/10\\\/20\\\/mantiene-edomex-primeros-lugares-a-nivel-nacional-en-produccion-del-campo\\\/#breadcrumb\"},\"inLanguage\":\"es\",\"potentialAction\":[{\"@type\":\"ReadAction\",\"target\":[\"https:\\\/\\\/expressometro.mx\\\/index.php\\\/2021\\\/10\\\/20\\\/mantiene-edomex-primeros-lugares-a-nivel-nacional-en-produccion-del-campo\\\/\"]}]},{\"@type\":\"ImageObject\",\"inLanguage\":\"es\",\"@id\":\"https:\\\/\\\/expressometro.mx\\\/index.php\\\/2021\\\/10\\\/20\\\/mantiene-edomex-primeros-lugares-a-nivel-nacional-en-produccion-del-campo\\\/#primaryimage\",\"url\":\"https:\\\/\\\/expressometro.mx\\\/wp-content\\\/uploads\\\/2021\\\/10\\\/WhatsApp-Image-2021-10-19-at-11.42.43.jpeg\",\"contentUrl\":\"https:\\\/\\\/expressometro.mx\\\/wp-content\\\/uploads\\\/2021\\\/10\\\/WhatsApp-Image-2021-10-19-at-11.42.43.jpeg\",\"width\":1280,\"height\":716},{\"@type\":\"BreadcrumbList\",\"@id\":\"https:\\\/\\\/expressometro.mx\\\/index.php\\\/2021\\\/10\\\/20\\\/mantiene-edomex-primeros-lugares-a-nivel-nacional-en-produccion-del-campo\\\/#breadcrumb\",\"itemListElement\":[{\"@type\":\"ListItem\",\"position\":1,\"name\":\"Inicio\",\"item\":\"https:\\\/\\\/expressometro.mx\\\/\"},{\"@type\":\"ListItem\",\"position\":2,\"name\":\"MANTIENE EDOM\u00c9X PRIMEROS LUGARES A NIVEL NACIONAL EN PRODUCCI\u00d3N DEL CAMPO\"}]},{\"@type\":\"WebSite\",\"@id\":\"https:\\\/\\\/expressometro.mx\\\/#website\",\"url\":\"https:\\\/\\\/expressometro.mx\\\/\",\"name\":\"Expresso Metropolitano\",\"description\":\"Periodismo comprometido, informaci\u00f3n, investigaci\u00f3n y an\u00e1lisis\",\"publisher\":{\"@id\":\"https:\\\/\\\/expressometro.mx\\\/#organization\"},\"potentialAction\":[{\"@type\":\"SearchAction\",\"target\":{\"@type\":\"EntryPoint\",\"urlTemplate\":\"https:\\\/\\\/expressometro.mx\\\/?s={search_term_string}\"},\"query-input\":{\"@type\":\"PropertyValueSpecification\",\"valueRequired\":true,\"valueName\":\"search_term_string\"}}],\"inLanguage\":\"es\"},{\"@type\":\"Organization\",\"@id\":\"https:\\\/\\\/expressometro.mx\\\/#organization\",\"name\":\"Expresso Metropolitano\",\"url\":\"https:\\\/\\\/expressometro.mx\\\/\",\"logo\":{\"@type\":\"ImageObject\",\"inLanguage\":\"es\",\"@id\":\"https:\\\/\\\/expressometro.mx\\\/#\\\/schema\\\/logo\\\/image\\\/\",\"url\":\"https:\\\/\\\/expressometro.mx\\\/wp-content\\\/uploads\\\/2019\\\/07\\\/cropped-Logo-Expresso-Metropolitano-1-1.jpeg\",\"contentUrl\":\"https:\\\/\\\/expressometro.mx\\\/wp-content\\\/uploads\\\/2019\\\/07\\\/cropped-Logo-Expresso-Metropolitano-1-1.jpeg\",\"width\":290,\"height\":73,\"caption\":\"Expresso Metropolitano\"},\"image\":{\"@id\":\"https:\\\/\\\/expressometro.mx\\\/#\\\/schema\\\/logo\\\/image\\\/\"}},{\"@type\":\"Person\",\"@id\":\"https:\\\/\\\/expressometro.mx\\\/#\\\/schema\\\/person\\\/67a95b8e3862085c7598f66237488f1f\",\"name\":\"Cecilia Vega\",\"image\":{\"@type\":\"ImageObject\",\"inLanguage\":\"es\",\"@id\":\"https:\\\/\\\/secure.gravatar.com\\\/avatar\\\/13aae9944ab2ee472a9e407c9487fdbd03b049abaa559af32fe5dbcf615c981b?s=96&d=mm&r=g\",\"url\":\"https:\\\/\\\/secure.gravatar.com\\\/avatar\\\/13aae9944ab2ee472a9e407c9487fdbd03b049abaa559af32fe5dbcf615c981b?s=96&d=mm&r=g\",\"contentUrl\":\"https:\\\/\\\/secure.gravatar.com\\\/avatar\\\/13aae9944ab2ee472a9e407c9487fdbd03b049abaa559af32fe5dbcf615c981b?s=96&d=mm&r=g\",\"caption\":\"Cecilia Vega\"},\"url\":\"https:\\\/\\\/expressometro.mx\\\/index.php\\\/author\\\/cecilia-vega\\\/\"}]}<\/script>\n<!-- \/ Yoast SEO plugin. -->","yoast_head_json":{"title":"MANTIENE EDOM\u00c9X PRIMEROS LUGARES A NIVEL NACIONAL EN PRODUCCI\u00d3N DEL CAMPO - Expresso Metropolitano","robots":{"index":"index","follow":"follow","max-snippet":"max-snippet:-1","max-image-preview":"max-image-preview:large","max-video-preview":"max-video-preview:-1"},"canonical":"https:\/\/expressometro.mx\/index.php\/2021\/10\/20\/mantiene-edomex-primeros-lugares-a-nivel-nacional-en-produccion-del-campo\/","og_locale":"es_MX","og_type":"article","og_title":"MANTIENE EDOM\u00c9X PRIMEROS LUGARES A NIVEL NACIONAL EN PRODUCCI\u00d3N DEL CAMPO - Expresso Metropolitano","og_description":"Ha puesto \u00e9nfasis esta administraci\u00f3n, en siete Proyectos Estrat\u00e9gicos con potencial de desarrollo, sustentables y sostenibles.","og_url":"https:\/\/expressometro.mx\/index.php\/2021\/10\/20\/mantiene-edomex-primeros-lugares-a-nivel-nacional-en-produccion-del-campo\/","og_site_name":"Expresso Metropolitano","article_published_time":"2021-10-20T21:33:26+00:00","article_modified_time":"2021-10-20T21:33:28+00:00","og_image":[{"width":1280,"height":716,"url":"https:\/\/expressometro.mx\/wp-content\/uploads\/2021\/10\/WhatsApp-Image-2021-10-19-at-11.42.43.jpeg","type":"image\/jpeg"}],"author":"Cecilia Vega","twitter_misc":{"Escrito por":"Cecilia Vega","Tiempo de lectura":"3 minutos"},"schema":{"@context":"https:\/\/schema.org","@graph":[{"@type":"Article","@id":"https:\/\/expressometro.mx\/index.php\/2021\/10\/20\/mantiene-edomex-primeros-lugares-a-nivel-nacional-en-produccion-del-campo\/#article","isPartOf":{"@id":"https:\/\/expressometro.mx\/index.php\/2021\/10\/20\/mantiene-edomex-primeros-lugares-a-nivel-nacional-en-produccion-del-campo\/"},"author":{"name":"Cecilia Vega","@id":"https:\/\/expressometro.mx\/#\/schema\/person\/67a95b8e3862085c7598f66237488f1f"},"headline":"MANTIENE EDOM\u00c9X PRIMEROS LUGARES A NIVEL NACIONAL EN PRODUCCI\u00d3N DEL CAMPO","datePublished":"2021-10-20T21:33:26+00:00","dateModified":"2021-10-20T21:33:28+00:00","mainEntityOfPage":{"@id":"https:\/\/expressometro.mx\/index.php\/2021\/10\/20\/mantiene-edomex-primeros-lugares-a-nivel-nacional-en-produccion-del-campo\/"},"wordCount":494,"commentCount":0,"publisher":{"@id":"https:\/\/expressometro.mx\/#organization"},"image":{"@id":"https:\/\/expressometro.mx\/index.php\/2021\/10\/20\/mantiene-edomex-primeros-lugares-a-nivel-nacional-en-produccion-del-campo\/#primaryimage"},"thumbnailUrl":"https:\/\/expressometro.mx\/wp-content\/uploads\/2021\/10\/WhatsApp-Image-2021-10-19-at-11.42.43.jpeg","keywords":["Campo","LXI Legislatura","Mercedes Col\u00edn"],"articleSection":["Finanzas","Gobierno"],"inLanguage":"es","potentialAction":[{"@type":"CommentAction","name":"Comment","target":["https:\/\/expressometro.mx\/index.php\/2021\/10\/20\/mantiene-edomex-primeros-lugares-a-nivel-nacional-en-produccion-del-campo\/#respond"]}]},{"@type":"WebPage","@id":"https:\/\/expressometro.mx\/index.php\/2021\/10\/20\/mantiene-edomex-primeros-lugares-a-nivel-nacional-en-produccion-del-campo\/","url":"https:\/\/expressometro.mx\/index.php\/2021\/10\/20\/mantiene-edomex-primeros-lugares-a-nivel-nacional-en-produccion-del-campo\/","name":"MANTIENE EDOM\u00c9X PRIMEROS LUGARES A NIVEL NACIONAL EN PRODUCCI\u00d3N DEL CAMPO - Expresso Metropolitano","isPartOf":{"@id":"https:\/\/expressometro.mx\/#website"},"primaryImageOfPage":{"@id":"https:\/\/expressometro.mx\/index.php\/2021\/10\/20\/mantiene-edomex-primeros-lugares-a-nivel-nacional-en-produccion-del-campo\/#primaryimage"},"image":{"@id":"https:\/\/expressometro.mx\/index.php\/2021\/10\/20\/mantiene-edomex-primeros-lugares-a-nivel-nacional-en-produccion-del-campo\/#primaryimage"},"thumbnailUrl":"https:\/\/expressometro.mx\/wp-content\/uploads\/2021\/10\/WhatsApp-Image-2021-10-19-at-11.42.43.jpeg","datePublished":"2021-10-20T21:33:26+00:00","dateModified":"2021-10-20T21:33:28+00:00","breadcrumb":{"@id":"https:\/\/expressometro.mx\/index.php\/2021\/10\/20\/mantiene-edomex-primeros-lugares-a-nivel-nacional-en-produccion-del-campo\/#breadcrumb"},"inLanguage":"es","potentialAction":[{"@type":"ReadAction","target":["https:\/\/expressometro.mx\/index.php\/2021\/10\/20\/mantiene-edomex-primeros-lugares-a-nivel-nacional-en-produccion-del-campo\/"]}]},{"@type":"ImageObject","inLanguage":"es","@id":"https:\/\/expressometro.mx\/index.php\/2021\/10\/20\/mantiene-edomex-primeros-lugares-a-nivel-nacional-en-produccion-del-campo\/#primaryimage","url":"https:\/\/expressometro.mx\/wp-content\/uploads\/2021\/10\/WhatsApp-Image-2021-10-19-at-11.42.43.jpeg","contentUrl":"https:\/\/expressometro.mx\/wp-content\/uploads\/2021\/10\/WhatsApp-Image-2021-10-19-at-11.42.43.jpeg","width":1280,"height":716},{"@type":"BreadcrumbList","@id":"https:\/\/expressometro.mx\/index.php\/2021\/10\/20\/mantiene-edomex-primeros-lugares-a-nivel-nacional-en-produccion-del-campo\/#breadcrumb","itemListElement":[{"@type":"ListItem","position":1,"name":"Inicio","item":"https:\/\/expressometro.mx\/"},{"@type":"ListItem","position":2,"name":"MANTIENE EDOM\u00c9X PRIMEROS LUGARES A NIVEL NACIONAL EN PRODUCCI\u00d3N DEL CAMPO"}]},{"@type":"WebSite","@id":"https:\/\/expressometro.mx\/#website","url":"https:\/\/expressometro.mx\/","name":"Expresso Metropolitano","description":"Periodismo comprometido, informaci\u00f3n, investigaci\u00f3n y an\u00e1lisis","publisher":{"@id":"https:\/\/expressometro.mx\/#organization"},"potentialAction":[{"@type":"SearchAction","target":{"@type":"EntryPoint","urlTemplate":"https:\/\/expressometro.mx\/?s={search_term_string}"},"query-input":{"@type":"PropertyValueSpecification","valueRequired":true,"valueName":"search_term_string"}}],"inLanguage":"es"},{"@type":"Organization","@id":"https:\/\/expressometro.mx\/#organization","name":"Expresso Metropolitano","url":"https:\/\/expressometro.mx\/","logo":{"@type":"ImageObject","inLanguage":"es","@id":"https:\/\/expressometro.mx\/#\/schema\/logo\/image\/","url":"https:\/\/expressometro.mx\/wp-content\/uploads\/2019\/07\/cropped-Logo-Expresso-Metropolitano-1-1.jpeg","contentUrl":"https:\/\/expressometro.mx\/wp-content\/uploads\/2019\/07\/cropped-Logo-Expresso-Metropolitano-1-1.jpeg","width":290,"height":73,"caption":"Expresso Metropolitano"},"image":{"@id":"https:\/\/expressometro.mx\/#\/schema\/logo\/image\/"}},{"@type":"Person","@id":"https:\/\/expressometro.mx\/#\/schema\/person\/67a95b8e3862085c7598f66237488f1f","name":"Cecilia Vega","image":{"@type":"ImageObject","inLanguage":"es","@id":"https:\/\/secure.gravatar.com\/avatar\/13aae9944ab2ee472a9e407c9487fdbd03b049abaa559af32fe5dbcf615c981b?s=96&d=mm&r=g","url":"https:\/\/secure.gravatar.com\/avatar\/13aae9944ab2ee472a9e407c9487fdbd03b049abaa559af32fe5dbcf615c981b?s=96&d=mm&r=g","contentUrl":"https:\/\/secure.gravatar.com\/avatar\/13aae9944ab2ee472a9e407c9487fdbd03b049abaa559af32fe5dbcf615c981b?s=96&d=mm&r=g","caption":"Cecilia Vega"},"url":"https:\/\/expressometro.mx\/index.php\/author\/cecilia-vega\/"}]}},"amp_enabled":true,"_links":{"self":[{"href":"https:\/\/expressometro.mx\/index.php\/wp-json\/wp\/v2\/posts\/3839","targetHints":{"allow":["GET"]}}],"collection":[{"href":"https:\/\/expressometro.mx\/index.php\/wp-json\/wp\/v2\/posts"}],"about":[{"href":"https:\/\/expressometro.mx\/index.php\/wp-json\/wp\/v2\/types\/post"}],"author":[{"embeddable":true,"href":"https:\/\/expressometro.mx\/index.php\/wp-json\/wp\/v2\/users\/2"}],"replies":[{"embeddable":true,"href":"https:\/\/expressometro.mx\/index.php\/wp-json\/wp\/v2\/comments?post=3839"}],"version-history":[{"count":1,"href":"https:\/\/expressometro.mx\/index.php\/wp-json\/wp\/v2\/posts\/3839\/revisions"}],"predecessor-version":[{"id":3845,"href":"https:\/\/expressometro.mx\/index.php\/wp-json\/wp\/v2\/posts\/3839\/revisions\/3845"}],"wp:featuredmedia":[{"embeddable":true,"href":"https:\/\/expressometro.mx\/index.php\/wp-json\/wp\/v2\/media\/3842"}],"wp:attachment":[{"href":"https:\/\/expressometro.mx\/index.php\/wp-json\/wp\/v2\/media?parent=3839"}],"wp:term":[{"taxonomy":"category","embeddable":true,"href":"https:\/\/expressometro.mx\/index.php\/wp-json\/wp\/v2\/categories?post=3839"},{"taxonomy":"post_tag","embeddable":true,"href":"https:\/\/expressometro.mx\/index.php\/wp-json\/wp\/v2\/tags?post=3839"}],"curies":[{"name":"wp","href":"https:\/\/api.w.org\/{rel}","templated":true}]}}