{"id":3824,"date":"2021-10-19T23:36:46","date_gmt":"2021-10-20T04:36:46","guid":{"rendered":"http:\/\/expressometro.mx\/?p=3824"},"modified":"2021-10-19T23:36:47","modified_gmt":"2021-10-20T04:36:47","slug":"signan-gem-y-comision-de-derechos-humanos-convenio-de-colaboracion-a-favor-de-las-mujeres-rurales-del-edomex","status":"publish","type":"post","link":"https:\/\/expressometro.mx\/index.php\/2021\/10\/19\/signan-gem-y-comision-de-derechos-humanos-convenio-de-colaboracion-a-favor-de-las-mujeres-rurales-del-edomex\/","title":{"rendered":"SIGNAN GEM Y COMISI\u00d3N DE DERECHOS HUMANOS CONVENIO DE COLABORACI\u00d3N A FAVOR DE LAS MUJERES RURALES DEL EDOM\u00c9X"},"content":{"rendered":"\n<p>Para el Gobernador Alfredo Del Mazo Maza es fundamental trabajar a favor de las mujeres, adem\u00e1s de hacerlas origen y destino de nuestros esfuerzos, asever\u00f3 la Secretaria del Campo de la entidad, Mercedes Col\u00edn Guadarrama, al encabezar la ceremonia conmemorativa del \u201cD\u00eda Internacional de las Mujeres Rurales\u201d.<\/p>\n\n\n\n<p>En el marco de esta celebraci\u00f3n, el Gobierno del Estado de M\u00e9xico, a trav\u00e9s de la Secretar\u00eda del Campo, sign\u00f3 un convenio de colaboraci\u00f3n con la Comisi\u00f3n de Derechos Humanos del Estado de M\u00e9xico (Codhem), presidida por Myrna Araceli Garc\u00eda Mor\u00f3n, con el prop\u00f3sito de consolidar la inclusi\u00f3n de la mujer rural en su propio desarrollo y en la vida p\u00fablica de la entidad.<\/p>\n\n\n\n<p>En ese sentido, Col\u00edn Guadarrama y Garc\u00eda Mor\u00f3n coincidieron en la urgente necesidad de visualizar a las mujeres e incluirlas en el impulso de proyectos y esquemas que les permitan reducir la situaci\u00f3n de pobreza en la que viven.<\/p>\n\n\n\n<p>\u201cTenemos que quitar esas barreras que enfrentan las mujeres del campo para acceder a un disfrute pleno de sus derechos, para acceder a los recursos naturales, a la tenencia de la tierra y al reconocimiento de sus capacidades para dirigir comisariados ejidales.<\/p>\n\n\n\n<p>\u201cEn estos tiempos, la mujer rural todav\u00eda enfrenta esos problemas, hay pocas mujeres comisariadas, hay pocas mujeres delegadas en las zonas rurales y, a veces, a quienes heredan son a los hijos varones; las mujeres rurales tienen derecho a la educaci\u00f3n, a la salud y, por supuesto, al reconocimiento y respeto de sus derechos humanos, porque tienen derecho a vivir sin violencia\u201d, enfatiz\u00f3 Mercedes Col\u00edn.<\/p>\n\n\n\n<p>De igual forma, la titular del Campo en el Edom\u00e9x destac\u00f3 que en coordinaci\u00f3n con la Presidenta de la Codhem, Myrna Araceli Garc\u00eda Mor\u00f3n, se firm\u00f3 un convenio con el prop\u00f3sito de coordinar y contribuir, desde ambas instituciones, la salvaguarda de los derechos fundamentales de las mujeres del campo.<\/p>\n\n\n\n<p>Como parte de este convenio, adem\u00e1s de divulgar y promocionar los derechos humanos, tambi\u00e9n se implementar\u00e1n acciones de capacitaci\u00f3n, a trav\u00e9s de un Comit\u00e9 T\u00e9cnico de Coordinaci\u00f3n que d\u00e9 seguimiento a lo que se haga, y vigile el cumplimiento del prop\u00f3sito del convenio.<\/p>\n\n\n\n<p>Por su parte, la titular del organismo defensor mexiquense, al tiempo de expresar su compromiso con la firma de este convenio, record\u00f3 lo que se\u00f1ala la ONU, sobre el hecho de que todav\u00eda hay lugares donde las mujeres campesinas sufren, de manera desproporcionada, los m\u00faltiples aspectos de la pobreza y, pese a ser tan productivas y buenas gestoras, como los hom\u00f3logos masculinos, \u00e9stas no disponen del mismo acceso a la tierra.<\/p>\n\n\n\n<p>Agreg\u00f3 que las mujeres del campo no tienen acceso a cr\u00e9ditos, materiales agr\u00edcolas, mercados o cadenas productivas de cultivos de alto valor, tampoco disfrutan de un acceso equitativo a servicios p\u00fablicos, como la educaci\u00f3n y la asistencia sanitaria y la infraestructura de agua y saneamiento.<\/p>\n\n\n\n<p>\u201cLa Casa de la Dignidad, que me honro en representar, expresa su compromiso para generar conciencia y alentar la elaboraci\u00f3n y aplicaci\u00f3n de pol\u00edticas, cuyo objetivo sea la erradicaci\u00f3n de la pobreza y la feminizaci\u00f3n de la pobreza rural, que aseguremos la participaci\u00f3n plena en un derecho de igualdad para las mujeres rurales.<\/p>\n\n\n\n<p>\u201cJuntas haremos todo lo que sea necesario para que este convenio lleve a buen puerto las actividades que materialicen el beneficio y el respeto al derecho humano de las mujeres rurales\u201d, concluy\u00f3.<\/p>\n\n\n\n<p>En el evento, las ni\u00f1as del coro \u201cMariposas Mazahuas\u201d, del municipio de San Jos\u00e9 del Rinc\u00f3n, entonaron el himno nacional y destac\u00f3 la presencia de mujeres productoras del campo provenientes de distintas regiones de la entidad, as\u00ed como directivos y servidores p\u00fablicos de la Secretar\u00eda del Campo y de la Codhem.<\/p>\n\n\n\n<figure class=\"wp-block-gallery columns-3 is-cropped wp-block-gallery-1 is-layout-flex wp-block-gallery-is-layout-flex\"><ul class=\"blocks-gallery-grid\"><li class=\"blocks-gallery-item\"><figure><img decoding=\"async\" width=\"840\" height=\"470\" src=\"http:\/\/expressometro.mx\/wp-content\/uploads\/2021\/10\/WhatsApp-Image-2021-10-19-at-11.41.09-840x470.jpeg\" alt=\"\" data-id=\"3826\" data-link=\"http:\/\/expressometro.mx\/?attachment_id=3826\" class=\"wp-image-3826\" srcset=\"https:\/\/expressometro.mx\/wp-content\/uploads\/2021\/10\/WhatsApp-Image-2021-10-19-at-11.41.09-840x470.jpeg 840w, https:\/\/expressometro.mx\/wp-content\/uploads\/2021\/10\/WhatsApp-Image-2021-10-19-at-11.41.09-652x365.jpeg 652w, https:\/\/expressometro.mx\/wp-content\/uploads\/2021\/10\/WhatsApp-Image-2021-10-19-at-11.41.09-500x280.jpeg 500w, https:\/\/expressometro.mx\/wp-content\/uploads\/2021\/10\/WhatsApp-Image-2021-10-19-at-11.41.09-768x430.jpeg 768w, https:\/\/expressometro.mx\/wp-content\/uploads\/2021\/10\/WhatsApp-Image-2021-10-19-at-11.41.09.jpeg 1024w\" sizes=\"(max-width: 840px) 100vw, 840px\" \/><\/figure><\/li><li class=\"blocks-gallery-item\"><figure><img decoding=\"async\" width=\"840\" height=\"470\" src=\"http:\/\/expressometro.mx\/wp-content\/uploads\/2021\/10\/WhatsApp-Image-2021-10-19-at-11.41.09-1-840x470.jpeg\" alt=\"\" data-id=\"3827\" data-link=\"http:\/\/expressometro.mx\/?attachment_id=3827\" class=\"wp-image-3827\" srcset=\"https:\/\/expressometro.mx\/wp-content\/uploads\/2021\/10\/WhatsApp-Image-2021-10-19-at-11.41.09-1-840x470.jpeg 840w, https:\/\/expressometro.mx\/wp-content\/uploads\/2021\/10\/WhatsApp-Image-2021-10-19-at-11.41.09-1-652x365.jpeg 652w, https:\/\/expressometro.mx\/wp-content\/uploads\/2021\/10\/WhatsApp-Image-2021-10-19-at-11.41.09-1-500x280.jpeg 500w, https:\/\/expressometro.mx\/wp-content\/uploads\/2021\/10\/WhatsApp-Image-2021-10-19-at-11.41.09-1-768x430.jpeg 768w, https:\/\/expressometro.mx\/wp-content\/uploads\/2021\/10\/WhatsApp-Image-2021-10-19-at-11.41.09-1.jpeg 1024w\" sizes=\"(max-width: 840px) 100vw, 840px\" \/><\/figure><\/li><li class=\"blocks-gallery-item\"><figure><img decoding=\"async\" width=\"840\" height=\"470\" src=\"http:\/\/expressometro.mx\/wp-content\/uploads\/2021\/10\/WhatsApp-Image-2021-10-19-at-11.41.09-2-840x470.jpeg\" alt=\"\" data-id=\"3829\" data-full-url=\"http:\/\/expressometro.mx\/wp-content\/uploads\/2021\/10\/WhatsApp-Image-2021-10-19-at-11.41.09-2.jpeg\" data-link=\"http:\/\/expressometro.mx\/?attachment_id=3829\" class=\"wp-image-3829\" srcset=\"https:\/\/expressometro.mx\/wp-content\/uploads\/2021\/10\/WhatsApp-Image-2021-10-19-at-11.41.09-2-840x470.jpeg 840w, https:\/\/expressometro.mx\/wp-content\/uploads\/2021\/10\/WhatsApp-Image-2021-10-19-at-11.41.09-2-652x365.jpeg 652w, https:\/\/expressometro.mx\/wp-content\/uploads\/2021\/10\/WhatsApp-Image-2021-10-19-at-11.41.09-2-500x280.jpeg 500w, https:\/\/expressometro.mx\/wp-content\/uploads\/2021\/10\/WhatsApp-Image-2021-10-19-at-11.41.09-2-768x430.jpeg 768w, https:\/\/expressometro.mx\/wp-content\/uploads\/2021\/10\/WhatsApp-Image-2021-10-19-at-11.41.09-2.jpeg 1024w\" sizes=\"(max-width: 840px) 100vw, 840px\" \/><\/figure><\/li><\/ul><\/figure>\n","protected":false},"excerpt":{"rendered":"<p>Tiene prop\u00f3sito de coordinar y contribuir a la salvaguarda de los derechos fundamentales de las mujeres del campo de la entidad.<\/p>\n","protected":false},"author":2,"featured_media":3828,"comment_status":"open","ping_status":"open","sticky":false,"template":"","format":"standard","meta":{"footnotes":""},"categories":[3,6],"tags":[916,86,915],"class_list":["post-3824","post","type-post","status-publish","format-standard","has-post-thumbnail","hentry","category-gobierno","category-seguridad","tag-codhem","tag-gem","tag-mujeres-rurales"],"yoast_head":"<!-- This site is optimized with the Yoast SEO plugin v27.5 - https:\/\/yoast.com\/product\/yoast-seo-wordpress\/ -->\n<title>SIGNAN GEM Y COMISI\u00d3N DE DERECHOS HUMANOS CONVENIO DE COLABORACI\u00d3N A FAVOR DE LAS MUJERES RURALES DEL EDOM\u00c9X - Expresso Metropolitano<\/title>\n<meta name=\"robots\" content=\"index, follow, max-snippet:-1, max-image-preview:large, max-video-preview:-1\" \/>\n<link rel=\"canonical\" href=\"https:\/\/expressometro.mx\/index.php\/2021\/10\/19\/signan-gem-y-comision-de-derechos-humanos-convenio-de-colaboracion-a-favor-de-las-mujeres-rurales-del-edomex\/\" \/>\n<meta property=\"og:locale\" content=\"es_MX\" \/>\n<meta property=\"og:type\" content=\"article\" \/>\n<meta property=\"og:title\" content=\"SIGNAN GEM Y COMISI\u00d3N DE DERECHOS HUMANOS CONVENIO DE COLABORACI\u00d3N A FAVOR DE LAS MUJERES RURALES DEL EDOM\u00c9X - Expresso Metropolitano\" \/>\n<meta property=\"og:description\" content=\"Tiene prop\u00f3sito de coordinar y contribuir a la salvaguarda de los derechos fundamentales de las mujeres del campo de la entidad.\" \/>\n<meta property=\"og:url\" content=\"https:\/\/expressometro.mx\/index.php\/2021\/10\/19\/signan-gem-y-comision-de-derechos-humanos-convenio-de-colaboracion-a-favor-de-las-mujeres-rurales-del-edomex\/\" \/>\n<meta property=\"og:site_name\" content=\"Expresso Metropolitano\" \/>\n<meta property=\"article:published_time\" content=\"2021-10-20T04:36:46+00:00\" \/>\n<meta property=\"article:modified_time\" content=\"2021-10-20T04:36:47+00:00\" \/>\n<meta property=\"og:image\" content=\"https:\/\/expressometro.mx\/wp-content\/uploads\/2021\/10\/WhatsApp-Image-2021-10-19-at-11.41.09-3.jpeg\" \/>\n\t<meta property=\"og:image:width\" content=\"1024\" \/>\n\t<meta property=\"og:image:height\" content=\"573\" \/>\n\t<meta property=\"og:image:type\" content=\"image\/jpeg\" \/>\n<meta name=\"author\" content=\"Cecilia Vega\" \/>\n<meta name=\"twitter:label1\" content=\"Escrito por\" \/>\n\t<meta name=\"twitter:data1\" content=\"Cecilia Vega\" \/>\n\t<meta name=\"twitter:label2\" content=\"Tiempo de lectura\" \/>\n\t<meta name=\"twitter:data2\" content=\"4 minutos\" \/>\n<script type=\"application\/ld+json\" class=\"yoast-schema-graph\">{\"@context\":\"https:\\\/\\\/schema.org\",\"@graph\":[{\"@type\":\"Article\",\"@id\":\"https:\\\/\\\/expressometro.mx\\\/index.php\\\/2021\\\/10\\\/19\\\/signan-gem-y-comision-de-derechos-humanos-convenio-de-colaboracion-a-favor-de-las-mujeres-rurales-del-edomex\\\/#article\",\"isPartOf\":{\"@id\":\"https:\\\/\\\/expressometro.mx\\\/index.php\\\/2021\\\/10\\\/19\\\/signan-gem-y-comision-de-derechos-humanos-convenio-de-colaboracion-a-favor-de-las-mujeres-rurales-del-edomex\\\/\"},\"author\":{\"name\":\"Cecilia Vega\",\"@id\":\"https:\\\/\\\/expressometro.mx\\\/#\\\/schema\\\/person\\\/67a95b8e3862085c7598f66237488f1f\"},\"headline\":\"SIGNAN GEM Y COMISI\u00d3N DE DERECHOS HUMANOS CONVENIO DE COLABORACI\u00d3N A FAVOR DE LAS MUJERES RURALES DEL EDOM\u00c9X\",\"datePublished\":\"2021-10-20T04:36:46+00:00\",\"dateModified\":\"2021-10-20T04:36:47+00:00\",\"mainEntityOfPage\":{\"@id\":\"https:\\\/\\\/expressometro.mx\\\/index.php\\\/2021\\\/10\\\/19\\\/signan-gem-y-comision-de-derechos-humanos-convenio-de-colaboracion-a-favor-de-las-mujeres-rurales-del-edomex\\\/\"},\"wordCount\":675,\"commentCount\":0,\"publisher\":{\"@id\":\"https:\\\/\\\/expressometro.mx\\\/#organization\"},\"image\":{\"@id\":\"https:\\\/\\\/expressometro.mx\\\/index.php\\\/2021\\\/10\\\/19\\\/signan-gem-y-comision-de-derechos-humanos-convenio-de-colaboracion-a-favor-de-las-mujeres-rurales-del-edomex\\\/#primaryimage\"},\"thumbnailUrl\":\"https:\\\/\\\/expressometro.mx\\\/wp-content\\\/uploads\\\/2021\\\/10\\\/WhatsApp-Image-2021-10-19-at-11.41.09-3.jpeg\",\"keywords\":[\"codhem\",\"GEM\",\"Mujeres Rurales\"],\"articleSection\":[\"Gobierno\",\"Seguridad\"],\"inLanguage\":\"es\",\"potentialAction\":[{\"@type\":\"CommentAction\",\"name\":\"Comment\",\"target\":[\"https:\\\/\\\/expressometro.mx\\\/index.php\\\/2021\\\/10\\\/19\\\/signan-gem-y-comision-de-derechos-humanos-convenio-de-colaboracion-a-favor-de-las-mujeres-rurales-del-edomex\\\/#respond\"]}]},{\"@type\":\"WebPage\",\"@id\":\"https:\\\/\\\/expressometro.mx\\\/index.php\\\/2021\\\/10\\\/19\\\/signan-gem-y-comision-de-derechos-humanos-convenio-de-colaboracion-a-favor-de-las-mujeres-rurales-del-edomex\\\/\",\"url\":\"https:\\\/\\\/expressometro.mx\\\/index.php\\\/2021\\\/10\\\/19\\\/signan-gem-y-comision-de-derechos-humanos-convenio-de-colaboracion-a-favor-de-las-mujeres-rurales-del-edomex\\\/\",\"name\":\"SIGNAN GEM Y COMISI\u00d3N DE DERECHOS HUMANOS CONVENIO DE COLABORACI\u00d3N A FAVOR DE LAS MUJERES RURALES DEL EDOM\u00c9X - Expresso Metropolitano\",\"isPartOf\":{\"@id\":\"https:\\\/\\\/expressometro.mx\\\/#website\"},\"primaryImageOfPage\":{\"@id\":\"https:\\\/\\\/expressometro.mx\\\/index.php\\\/2021\\\/10\\\/19\\\/signan-gem-y-comision-de-derechos-humanos-convenio-de-colaboracion-a-favor-de-las-mujeres-rurales-del-edomex\\\/#primaryimage\"},\"image\":{\"@id\":\"https:\\\/\\\/expressometro.mx\\\/index.php\\\/2021\\\/10\\\/19\\\/signan-gem-y-comision-de-derechos-humanos-convenio-de-colaboracion-a-favor-de-las-mujeres-rurales-del-edomex\\\/#primaryimage\"},\"thumbnailUrl\":\"https:\\\/\\\/expressometro.mx\\\/wp-content\\\/uploads\\\/2021\\\/10\\\/WhatsApp-Image-2021-10-19-at-11.41.09-3.jpeg\",\"datePublished\":\"2021-10-20T04:36:46+00:00\",\"dateModified\":\"2021-10-20T04:36:47+00:00\",\"breadcrumb\":{\"@id\":\"https:\\\/\\\/expressometro.mx\\\/index.php\\\/2021\\\/10\\\/19\\\/signan-gem-y-comision-de-derechos-humanos-convenio-de-colaboracion-a-favor-de-las-mujeres-rurales-del-edomex\\\/#breadcrumb\"},\"inLanguage\":\"es\",\"potentialAction\":[{\"@type\":\"ReadAction\",\"target\":[\"https:\\\/\\\/expressometro.mx\\\/index.php\\\/2021\\\/10\\\/19\\\/signan-gem-y-comision-de-derechos-humanos-convenio-de-colaboracion-a-favor-de-las-mujeres-rurales-del-edomex\\\/\"]}]},{\"@type\":\"ImageObject\",\"inLanguage\":\"es\",\"@id\":\"https:\\\/\\\/expressometro.mx\\\/index.php\\\/2021\\\/10\\\/19\\\/signan-gem-y-comision-de-derechos-humanos-convenio-de-colaboracion-a-favor-de-las-mujeres-rurales-del-edomex\\\/#primaryimage\",\"url\":\"https:\\\/\\\/expressometro.mx\\\/wp-content\\\/uploads\\\/2021\\\/10\\\/WhatsApp-Image-2021-10-19-at-11.41.09-3.jpeg\",\"contentUrl\":\"https:\\\/\\\/expressometro.mx\\\/wp-content\\\/uploads\\\/2021\\\/10\\\/WhatsApp-Image-2021-10-19-at-11.41.09-3.jpeg\",\"width\":1024,\"height\":573},{\"@type\":\"BreadcrumbList\",\"@id\":\"https:\\\/\\\/expressometro.mx\\\/index.php\\\/2021\\\/10\\\/19\\\/signan-gem-y-comision-de-derechos-humanos-convenio-de-colaboracion-a-favor-de-las-mujeres-rurales-del-edomex\\\/#breadcrumb\",\"itemListElement\":[{\"@type\":\"ListItem\",\"position\":1,\"name\":\"Inicio\",\"item\":\"https:\\\/\\\/expressometro.mx\\\/\"},{\"@type\":\"ListItem\",\"position\":2,\"name\":\"SIGNAN GEM Y COMISI\u00d3N DE DERECHOS HUMANOS CONVENIO DE COLABORACI\u00d3N A FAVOR DE LAS MUJERES RURALES DEL EDOM\u00c9X\"}]},{\"@type\":\"WebSite\",\"@id\":\"https:\\\/\\\/expressometro.mx\\\/#website\",\"url\":\"https:\\\/\\\/expressometro.mx\\\/\",\"name\":\"Expresso Metropolitano\",\"description\":\"Periodismo comprometido, informaci\u00f3n, investigaci\u00f3n y an\u00e1lisis\",\"publisher\":{\"@id\":\"https:\\\/\\\/expressometro.mx\\\/#organization\"},\"potentialAction\":[{\"@type\":\"SearchAction\",\"target\":{\"@type\":\"EntryPoint\",\"urlTemplate\":\"https:\\\/\\\/expressometro.mx\\\/?s={search_term_string}\"},\"query-input\":{\"@type\":\"PropertyValueSpecification\",\"valueRequired\":true,\"valueName\":\"search_term_string\"}}],\"inLanguage\":\"es\"},{\"@type\":\"Organization\",\"@id\":\"https:\\\/\\\/expressometro.mx\\\/#organization\",\"name\":\"Expresso Metropolitano\",\"url\":\"https:\\\/\\\/expressometro.mx\\\/\",\"logo\":{\"@type\":\"ImageObject\",\"inLanguage\":\"es\",\"@id\":\"https:\\\/\\\/expressometro.mx\\\/#\\\/schema\\\/logo\\\/image\\\/\",\"url\":\"https:\\\/\\\/expressometro.mx\\\/wp-content\\\/uploads\\\/2019\\\/07\\\/cropped-Logo-Expresso-Metropolitano-1-1.jpeg\",\"contentUrl\":\"https:\\\/\\\/expressometro.mx\\\/wp-content\\\/uploads\\\/2019\\\/07\\\/cropped-Logo-Expresso-Metropolitano-1-1.jpeg\",\"width\":290,\"height\":73,\"caption\":\"Expresso Metropolitano\"},\"image\":{\"@id\":\"https:\\\/\\\/expressometro.mx\\\/#\\\/schema\\\/logo\\\/image\\\/\"}},{\"@type\":\"Person\",\"@id\":\"https:\\\/\\\/expressometro.mx\\\/#\\\/schema\\\/person\\\/67a95b8e3862085c7598f66237488f1f\",\"name\":\"Cecilia Vega\",\"image\":{\"@type\":\"ImageObject\",\"inLanguage\":\"es\",\"@id\":\"https:\\\/\\\/secure.gravatar.com\\\/avatar\\\/13aae9944ab2ee472a9e407c9487fdbd03b049abaa559af32fe5dbcf615c981b?s=96&d=mm&r=g\",\"url\":\"https:\\\/\\\/secure.gravatar.com\\\/avatar\\\/13aae9944ab2ee472a9e407c9487fdbd03b049abaa559af32fe5dbcf615c981b?s=96&d=mm&r=g\",\"contentUrl\":\"https:\\\/\\\/secure.gravatar.com\\\/avatar\\\/13aae9944ab2ee472a9e407c9487fdbd03b049abaa559af32fe5dbcf615c981b?s=96&d=mm&r=g\",\"caption\":\"Cecilia Vega\"},\"url\":\"https:\\\/\\\/expressometro.mx\\\/index.php\\\/author\\\/cecilia-vega\\\/\"}]}<\/script>\n<!-- \/ Yoast SEO plugin. -->","yoast_head_json":{"title":"SIGNAN GEM Y COMISI\u00d3N DE DERECHOS HUMANOS CONVENIO DE COLABORACI\u00d3N A FAVOR DE LAS MUJERES RURALES DEL EDOM\u00c9X - Expresso Metropolitano","robots":{"index":"index","follow":"follow","max-snippet":"max-snippet:-1","max-image-preview":"max-image-preview:large","max-video-preview":"max-video-preview:-1"},"canonical":"https:\/\/expressometro.mx\/index.php\/2021\/10\/19\/signan-gem-y-comision-de-derechos-humanos-convenio-de-colaboracion-a-favor-de-las-mujeres-rurales-del-edomex\/","og_locale":"es_MX","og_type":"article","og_title":"SIGNAN GEM Y COMISI\u00d3N DE DERECHOS HUMANOS CONVENIO DE COLABORACI\u00d3N A FAVOR DE LAS MUJERES RURALES DEL EDOM\u00c9X - Expresso Metropolitano","og_description":"Tiene prop\u00f3sito de coordinar y contribuir a la salvaguarda de los derechos fundamentales de las mujeres del campo de la entidad.","og_url":"https:\/\/expressometro.mx\/index.php\/2021\/10\/19\/signan-gem-y-comision-de-derechos-humanos-convenio-de-colaboracion-a-favor-de-las-mujeres-rurales-del-edomex\/","og_site_name":"Expresso Metropolitano","article_published_time":"2021-10-20T04:36:46+00:00","article_modified_time":"2021-10-20T04:36:47+00:00","og_image":[{"width":1024,"height":573,"url":"https:\/\/expressometro.mx\/wp-content\/uploads\/2021\/10\/WhatsApp-Image-2021-10-19-at-11.41.09-3.jpeg","type":"image\/jpeg"}],"author":"Cecilia Vega","twitter_misc":{"Escrito por":"Cecilia Vega","Tiempo de lectura":"4 minutos"},"schema":{"@context":"https:\/\/schema.org","@graph":[{"@type":"Article","@id":"https:\/\/expressometro.mx\/index.php\/2021\/10\/19\/signan-gem-y-comision-de-derechos-humanos-convenio-de-colaboracion-a-favor-de-las-mujeres-rurales-del-edomex\/#article","isPartOf":{"@id":"https:\/\/expressometro.mx\/index.php\/2021\/10\/19\/signan-gem-y-comision-de-derechos-humanos-convenio-de-colaboracion-a-favor-de-las-mujeres-rurales-del-edomex\/"},"author":{"name":"Cecilia Vega","@id":"https:\/\/expressometro.mx\/#\/schema\/person\/67a95b8e3862085c7598f66237488f1f"},"headline":"SIGNAN GEM Y COMISI\u00d3N DE DERECHOS HUMANOS CONVENIO DE COLABORACI\u00d3N A FAVOR DE LAS MUJERES RURALES DEL EDOM\u00c9X","datePublished":"2021-10-20T04:36:46+00:00","dateModified":"2021-10-20T04:36:47+00:00","mainEntityOfPage":{"@id":"https:\/\/expressometro.mx\/index.php\/2021\/10\/19\/signan-gem-y-comision-de-derechos-humanos-convenio-de-colaboracion-a-favor-de-las-mujeres-rurales-del-edomex\/"},"wordCount":675,"commentCount":0,"publisher":{"@id":"https:\/\/expressometro.mx\/#organization"},"image":{"@id":"https:\/\/expressometro.mx\/index.php\/2021\/10\/19\/signan-gem-y-comision-de-derechos-humanos-convenio-de-colaboracion-a-favor-de-las-mujeres-rurales-del-edomex\/#primaryimage"},"thumbnailUrl":"https:\/\/expressometro.mx\/wp-content\/uploads\/2021\/10\/WhatsApp-Image-2021-10-19-at-11.41.09-3.jpeg","keywords":["codhem","GEM","Mujeres Rurales"],"articleSection":["Gobierno","Seguridad"],"inLanguage":"es","potentialAction":[{"@type":"CommentAction","name":"Comment","target":["https:\/\/expressometro.mx\/index.php\/2021\/10\/19\/signan-gem-y-comision-de-derechos-humanos-convenio-de-colaboracion-a-favor-de-las-mujeres-rurales-del-edomex\/#respond"]}]},{"@type":"WebPage","@id":"https:\/\/expressometro.mx\/index.php\/2021\/10\/19\/signan-gem-y-comision-de-derechos-humanos-convenio-de-colaboracion-a-favor-de-las-mujeres-rurales-del-edomex\/","url":"https:\/\/expressometro.mx\/index.php\/2021\/10\/19\/signan-gem-y-comision-de-derechos-humanos-convenio-de-colaboracion-a-favor-de-las-mujeres-rurales-del-edomex\/","name":"SIGNAN GEM Y COMISI\u00d3N DE DERECHOS HUMANOS CONVENIO DE COLABORACI\u00d3N A FAVOR DE LAS MUJERES RURALES DEL EDOM\u00c9X - Expresso Metropolitano","isPartOf":{"@id":"https:\/\/expressometro.mx\/#website"},"primaryImageOfPage":{"@id":"https:\/\/expressometro.mx\/index.php\/2021\/10\/19\/signan-gem-y-comision-de-derechos-humanos-convenio-de-colaboracion-a-favor-de-las-mujeres-rurales-del-edomex\/#primaryimage"},"image":{"@id":"https:\/\/expressometro.mx\/index.php\/2021\/10\/19\/signan-gem-y-comision-de-derechos-humanos-convenio-de-colaboracion-a-favor-de-las-mujeres-rurales-del-edomex\/#primaryimage"},"thumbnailUrl":"https:\/\/expressometro.mx\/wp-content\/uploads\/2021\/10\/WhatsApp-Image-2021-10-19-at-11.41.09-3.jpeg","datePublished":"2021-10-20T04:36:46+00:00","dateModified":"2021-10-20T04:36:47+00:00","breadcrumb":{"@id":"https:\/\/expressometro.mx\/index.php\/2021\/10\/19\/signan-gem-y-comision-de-derechos-humanos-convenio-de-colaboracion-a-favor-de-las-mujeres-rurales-del-edomex\/#breadcrumb"},"inLanguage":"es","potentialAction":[{"@type":"ReadAction","target":["https:\/\/expressometro.mx\/index.php\/2021\/10\/19\/signan-gem-y-comision-de-derechos-humanos-convenio-de-colaboracion-a-favor-de-las-mujeres-rurales-del-edomex\/"]}]},{"@type":"ImageObject","inLanguage":"es","@id":"https:\/\/expressometro.mx\/index.php\/2021\/10\/19\/signan-gem-y-comision-de-derechos-humanos-convenio-de-colaboracion-a-favor-de-las-mujeres-rurales-del-edomex\/#primaryimage","url":"https:\/\/expressometro.mx\/wp-content\/uploads\/2021\/10\/WhatsApp-Image-2021-10-19-at-11.41.09-3.jpeg","contentUrl":"https:\/\/expressometro.mx\/wp-content\/uploads\/2021\/10\/WhatsApp-Image-2021-10-19-at-11.41.09-3.jpeg","width":1024,"height":573},{"@type":"BreadcrumbList","@id":"https:\/\/expressometro.mx\/index.php\/2021\/10\/19\/signan-gem-y-comision-de-derechos-humanos-convenio-de-colaboracion-a-favor-de-las-mujeres-rurales-del-edomex\/#breadcrumb","itemListElement":[{"@type":"ListItem","position":1,"name":"Inicio","item":"https:\/\/expressometro.mx\/"},{"@type":"ListItem","position":2,"name":"SIGNAN GEM Y COMISI\u00d3N DE DERECHOS HUMANOS CONVENIO DE COLABORACI\u00d3N A FAVOR DE LAS MUJERES RURALES DEL EDOM\u00c9X"}]},{"@type":"WebSite","@id":"https:\/\/expressometro.mx\/#website","url":"https:\/\/expressometro.mx\/","name":"Expresso Metropolitano","description":"Periodismo comprometido, informaci\u00f3n, investigaci\u00f3n y an\u00e1lisis","publisher":{"@id":"https:\/\/expressometro.mx\/#organization"},"potentialAction":[{"@type":"SearchAction","target":{"@type":"EntryPoint","urlTemplate":"https:\/\/expressometro.mx\/?s={search_term_string}"},"query-input":{"@type":"PropertyValueSpecification","valueRequired":true,"valueName":"search_term_string"}}],"inLanguage":"es"},{"@type":"Organization","@id":"https:\/\/expressometro.mx\/#organization","name":"Expresso Metropolitano","url":"https:\/\/expressometro.mx\/","logo":{"@type":"ImageObject","inLanguage":"es","@id":"https:\/\/expressometro.mx\/#\/schema\/logo\/image\/","url":"https:\/\/expressometro.mx\/wp-content\/uploads\/2019\/07\/cropped-Logo-Expresso-Metropolitano-1-1.jpeg","contentUrl":"https:\/\/expressometro.mx\/wp-content\/uploads\/2019\/07\/cropped-Logo-Expresso-Metropolitano-1-1.jpeg","width":290,"height":73,"caption":"Expresso Metropolitano"},"image":{"@id":"https:\/\/expressometro.mx\/#\/schema\/logo\/image\/"}},{"@type":"Person","@id":"https:\/\/expressometro.mx\/#\/schema\/person\/67a95b8e3862085c7598f66237488f1f","name":"Cecilia Vega","image":{"@type":"ImageObject","inLanguage":"es","@id":"https:\/\/secure.gravatar.com\/avatar\/13aae9944ab2ee472a9e407c9487fdbd03b049abaa559af32fe5dbcf615c981b?s=96&d=mm&r=g","url":"https:\/\/secure.gravatar.com\/avatar\/13aae9944ab2ee472a9e407c9487fdbd03b049abaa559af32fe5dbcf615c981b?s=96&d=mm&r=g","contentUrl":"https:\/\/secure.gravatar.com\/avatar\/13aae9944ab2ee472a9e407c9487fdbd03b049abaa559af32fe5dbcf615c981b?s=96&d=mm&r=g","caption":"Cecilia Vega"},"url":"https:\/\/expressometro.mx\/index.php\/author\/cecilia-vega\/"}]}},"amp_enabled":true,"_links":{"self":[{"href":"https:\/\/expressometro.mx\/index.php\/wp-json\/wp\/v2\/posts\/3824","targetHints":{"allow":["GET"]}}],"collection":[{"href":"https:\/\/expressometro.mx\/index.php\/wp-json\/wp\/v2\/posts"}],"about":[{"href":"https:\/\/expressometro.mx\/index.php\/wp-json\/wp\/v2\/types\/post"}],"author":[{"embeddable":true,"href":"https:\/\/expressometro.mx\/index.php\/wp-json\/wp\/v2\/users\/2"}],"replies":[{"embeddable":true,"href":"https:\/\/expressometro.mx\/index.php\/wp-json\/wp\/v2\/comments?post=3824"}],"version-history":[{"count":1,"href":"https:\/\/expressometro.mx\/index.php\/wp-json\/wp\/v2\/posts\/3824\/revisions"}],"predecessor-version":[{"id":3830,"href":"https:\/\/expressometro.mx\/index.php\/wp-json\/wp\/v2\/posts\/3824\/revisions\/3830"}],"wp:featuredmedia":[{"embeddable":true,"href":"https:\/\/expressometro.mx\/index.php\/wp-json\/wp\/v2\/media\/3828"}],"wp:attachment":[{"href":"https:\/\/expressometro.mx\/index.php\/wp-json\/wp\/v2\/media?parent=3824"}],"wp:term":[{"taxonomy":"category","embeddable":true,"href":"https:\/\/expressometro.mx\/index.php\/wp-json\/wp\/v2\/categories?post=3824"},{"taxonomy":"post_tag","embeddable":true,"href":"https:\/\/expressometro.mx\/index.php\/wp-json\/wp\/v2\/tags?post=3824"}],"curies":[{"name":"wp","href":"https:\/\/api.w.org\/{rel}","templated":true}]}}