{"id":3769,"date":"2021-10-14T10:16:14","date_gmt":"2021-10-14T15:16:14","guid":{"rendered":"http:\/\/expressometro.mx\/?p=3769"},"modified":"2021-10-14T10:16:16","modified_gmt":"2021-10-14T15:16:16","slug":"son-convivencia-democratica-y-gobernabilidad-tarea-primordial-para-la-paz-social","status":"publish","type":"post","link":"https:\/\/expressometro.mx\/index.php\/2021\/10\/14\/son-convivencia-democratica-y-gobernabilidad-tarea-primordial-para-la-paz-social\/","title":{"rendered":"SON CONVIVENCIA DEMOCR\u00c1TICA Y GOBERNABILIDAD, TAREA PRIMORDIAL PARA LA PAZ SOCIAL"},"content":{"rendered":"\n<p>El Secretario General de Gobierno, Ernesto Nemer Alvarez, acudi\u00f3 a la LXI Legislatura mexiquense como parte del ciclo de comparecencias que se desarrollan en el marco de la Glosa del Cuarto Informe de Resultados del Gobernador del Estado de M\u00e9xico, Alfredo Del Mazo Maza.<\/p>\n\n\n\n<p>En su mensaje, el encargado de la pol\u00edtica interna estatal subray\u00f3 que este ejercicio de rendici\u00f3n de cuentas, es testimonio de la s\u00f3lida relaci\u00f3n de respeto y colaboraci\u00f3n entre poderes, en una nueva correlaci\u00f3n de fuerzas pol\u00edticas que tienen un mandato claro: la unidad.<\/p>\n\n\n\n<p>\u201cEn esta Secretar\u00eda se comparte esa visi\u00f3n. Privilegiamos el di\u00e1logo y la concertaci\u00f3n para el entendimiento, en una cercana relaci\u00f3n de colaboraci\u00f3n y corresponsabilidad entre autoridades. Siguiendo el mandato legal, generamos condiciones de paz y gobernabilidad\u201d, expuso ante los diputados de las diferentes fracciones parlamentarias.<\/p>\n\n\n\n<p>\u201cDurante el cuarto a\u00f1o de labores, se impuls\u00f3 el cumplimiento de pol\u00edticas p\u00fablicas de acuerdo al Plan Estatal de Desarrollo 2017-2023, en cinco grandes rubros: social, econ\u00f3mico, territorial, de seguridad y buen gobierno, acorde a los Objetivos para el Desarrollo Sostenible de la Agenda 2030\u201d, destac\u00f3.<\/p>\n\n\n\n<p>Resalt\u00f3 la voluntad para construir un Estado de M\u00e9xico m\u00e1s justo y con menor desigualdad, muestra de ello es el programa Familias Fuertes: Salario rosa, que elev\u00f3 el ingreso econ\u00f3mico de las mujeres de 18 a 59 a\u00f1os de edad que se encuentran en condici\u00f3n de pobreza y se consolid\u00f3 como la principal pol\u00edtica social de la administraci\u00f3n, contribuyendo al bienestar de m\u00e1s de 465 mil mujeres.<\/p>\n\n\n\n<p>En materia educativa, se\u00f1al\u00f3 que, sin poner en riesgo su salud, m\u00e1s de 2 millones 400 mil estudiantes han regresado a las clases en un modelo h\u00edbrido, y refrend\u00f3 el compromiso de reducir la deserci\u00f3n escolar y mejorar la calidad educativa en todos los niveles.<\/p>\n\n\n\n<p>Para la atenci\u00f3n a la crisis derivada de la pandemia, dijo que el Gobierno del Estado, en coordinaci\u00f3n con las autoridades sanitarias federales y la participaci\u00f3n de los 125 ayuntamientos ha colaborado en una intensa jornada de vacunaci\u00f3n, aplic\u00e1ndose cerca de 15 millones 800 mil dosis en los diferentes segmentos de la poblaci\u00f3n.<\/p>\n\n\n\n<p>Respecto al crecimiento econ\u00f3mico, inform\u00f3 que, al cierre del 2020, la actividad econ\u00f3mica fue la tercera m\u00e1s destacada a nivel nacional. A la par, la entidad es la tercera entidad en dar mayores oportunidades laborales a las mujeres, con m\u00e1s de 68 mil nuevos espacios.<\/p>\n\n\n\n<p>Dijo que el mayor desaf\u00edo sigue siendo la seguridad p\u00fablica, al destacar que se registr\u00f3 una reducci\u00f3n del cinco por ciento en la incidencia de delitos de alto impacto, entre los que destacan la disminuci\u00f3n del 12 por ciento en el delito de robo con violencia, 9.3 por ciento en el delito de secuestro, 6.2 por ciento en homicidio doloso y 4.4 por ciento en feminicidios.<\/p>\n\n\n\n<p>Entre las acciones a favor de las mujeres, destac\u00f3 el cumplimiento de las medidas establecidas en las Declaratorias de Alerta de Violencia de G\u00e9nero por Feminicidio y por Desaparici\u00f3n, destin\u00e1ndose m\u00e1s de 253 millones de pesos.<\/p>\n\n\n\n<p>Al referir que la convivencia democr\u00e1tica y la gobernabilidad son tarea primordial para la paz social, sostuvo que, para lograr un proceso electoral seguro, ejemplar, en paz y en tranquilidad, se estableci\u00f3 la Mesa Pol\u00edtica, misma que sesion\u00f3 en seis ocasiones y que cont\u00f3 con la participaci\u00f3n de los 11 partidos pol\u00edticos registrados, lo que deriv\u00f3 en la firma del \u201cPacto por la Legalidad y Respeto.&#8221;<\/p>\n\n\n\n<p>Acerca del trabajo que corresponde a la propia Secretar\u00eda General de Gobierno, destac\u00f3 que se coadyuva activamente en mantener una comunicaci\u00f3n permanente con los 125 municipios; derivado de ello, ha dirigido 41 exhortos para mantener coordinaci\u00f3n en materia de protecci\u00f3n civil, libertad de expresi\u00f3n, seguridad y atenci\u00f3n de la pandemia.<\/p>\n\n\n\n<p>\u201cEl primer mandato que tenemos es generar las condiciones para la gobernabilidad, la inclusi\u00f3n, la convivencia pac\u00edfica y la tranquilidad social\u201d, acot\u00f3.<\/p>\n\n\n\n<p>Finalmente, invit\u00f3 a los legisladores a impulsar y concretar una agenda legislativa de vanguardia, con profundo rostro social, para alcanzar el pleno ejercicio de los derechos a la alimentaci\u00f3n, salud, educaci\u00f3n, trabajo, vivienda, a un ambiente sano y con calidad de vida.<\/p>\n\n\n\n<figure class=\"wp-block-gallery columns-2 is-cropped wp-block-gallery-1 is-layout-flex wp-block-gallery-is-layout-flex\"><ul class=\"blocks-gallery-grid\"><li class=\"blocks-gallery-item\"><figure><img decoding=\"async\" width=\"720\" height=\"480\" src=\"http:\/\/expressometro.mx\/wp-content\/uploads\/2021\/10\/WhatsApp-Image-2021-10-13-at-13.43.30-1-720x480.jpeg\" alt=\"\" data-id=\"3771\" data-link=\"http:\/\/expressometro.mx\/?attachment_id=3771\" class=\"wp-image-3771\" srcset=\"https:\/\/expressometro.mx\/wp-content\/uploads\/2021\/10\/WhatsApp-Image-2021-10-13-at-13.43.30-1-720x480.jpeg 720w, https:\/\/expressometro.mx\/wp-content\/uploads\/2021\/10\/WhatsApp-Image-2021-10-13-at-13.43.30-1-548x365.jpeg 548w, https:\/\/expressometro.mx\/wp-content\/uploads\/2021\/10\/WhatsApp-Image-2021-10-13-at-13.43.30-1-768x512.jpeg 768w, https:\/\/expressometro.mx\/wp-content\/uploads\/2021\/10\/WhatsApp-Image-2021-10-13-at-13.43.30-1.jpeg 960w\" sizes=\"(max-width: 720px) 100vw, 720px\" \/><\/figure><\/li><li class=\"blocks-gallery-item\"><figure><img decoding=\"async\" width=\"720\" height=\"480\" src=\"http:\/\/expressometro.mx\/wp-content\/uploads\/2021\/10\/WhatsApp-Image-2021-10-13-at-13.43.30-2-720x480.jpeg\" alt=\"\" data-id=\"3772\" data-full-url=\"http:\/\/expressometro.mx\/wp-content\/uploads\/2021\/10\/WhatsApp-Image-2021-10-13-at-13.43.30-2.jpeg\" data-link=\"http:\/\/expressometro.mx\/?attachment_id=3772\" class=\"wp-image-3772\" srcset=\"https:\/\/expressometro.mx\/wp-content\/uploads\/2021\/10\/WhatsApp-Image-2021-10-13-at-13.43.30-2-720x480.jpeg 720w, https:\/\/expressometro.mx\/wp-content\/uploads\/2021\/10\/WhatsApp-Image-2021-10-13-at-13.43.30-2-548x365.jpeg 548w, https:\/\/expressometro.mx\/wp-content\/uploads\/2021\/10\/WhatsApp-Image-2021-10-13-at-13.43.30-2-768x512.jpeg 768w, https:\/\/expressometro.mx\/wp-content\/uploads\/2021\/10\/WhatsApp-Image-2021-10-13-at-13.43.30-2.jpeg 960w\" sizes=\"(max-width: 720px) 100vw, 720px\" \/><\/figure><\/li><\/ul><\/figure>\n","protected":false},"excerpt":{"rendered":"<p>Resalta s\u00f3lida relaci\u00f3n de respeto y colaboraci\u00f3n entre poderes, en una nueva correlaci\u00f3n de fuerzas pol\u00edticas.<\/p>\n","protected":false},"author":2,"featured_media":3773,"comment_status":"open","ping_status":"open","sticky":false,"template":"","format":"standard","meta":{"footnotes":""},"categories":[4,3,231],"tags":[87,897,549,782],"class_list":["post-3769","post","type-post","status-publish","format-standard","has-post-thumbnail","hentry","category-finanzas","category-gobierno","category-politica","tag-alfredo-del-mazo","tag-cuarto-informe","tag-ernesto-nemer","tag-lxi-legislatura"],"yoast_head":"<!-- This site is optimized with the Yoast SEO plugin v27.5 - https:\/\/yoast.com\/product\/yoast-seo-wordpress\/ -->\n<title>SON CONVIVENCIA DEMOCR\u00c1TICA Y GOBERNABILIDAD, TAREA PRIMORDIAL PARA LA PAZ SOCIAL - Expresso Metropolitano<\/title>\n<meta name=\"robots\" content=\"index, follow, max-snippet:-1, max-image-preview:large, max-video-preview:-1\" \/>\n<link rel=\"canonical\" href=\"https:\/\/expressometro.mx\/index.php\/2021\/10\/14\/son-convivencia-democratica-y-gobernabilidad-tarea-primordial-para-la-paz-social\/\" \/>\n<meta property=\"og:locale\" content=\"es_MX\" \/>\n<meta property=\"og:type\" content=\"article\" \/>\n<meta property=\"og:title\" content=\"SON CONVIVENCIA DEMOCR\u00c1TICA Y GOBERNABILIDAD, TAREA PRIMORDIAL PARA LA PAZ SOCIAL - Expresso Metropolitano\" \/>\n<meta property=\"og:description\" content=\"Resalta s\u00f3lida relaci\u00f3n de respeto y colaboraci\u00f3n entre poderes, en una nueva correlaci\u00f3n de fuerzas pol\u00edticas.\" \/>\n<meta property=\"og:url\" content=\"https:\/\/expressometro.mx\/index.php\/2021\/10\/14\/son-convivencia-democratica-y-gobernabilidad-tarea-primordial-para-la-paz-social\/\" \/>\n<meta property=\"og:site_name\" content=\"Expresso Metropolitano\" \/>\n<meta property=\"article:published_time\" content=\"2021-10-14T15:16:14+00:00\" \/>\n<meta property=\"article:modified_time\" content=\"2021-10-14T15:16:16+00:00\" \/>\n<meta property=\"og:image\" content=\"https:\/\/expressometro.mx\/wp-content\/uploads\/2021\/10\/WhatsApp-Image-2021-10-13-at-13.43.30.jpeg\" \/>\n\t<meta property=\"og:image:width\" content=\"960\" \/>\n\t<meta property=\"og:image:height\" content=\"715\" \/>\n\t<meta property=\"og:image:type\" content=\"image\/jpeg\" \/>\n<meta name=\"author\" content=\"Cecilia Vega\" \/>\n<meta name=\"twitter:label1\" content=\"Escrito por\" \/>\n\t<meta name=\"twitter:data1\" content=\"Cecilia Vega\" \/>\n\t<meta name=\"twitter:label2\" content=\"Tiempo de lectura\" \/>\n\t<meta name=\"twitter:data2\" content=\"4 minutos\" \/>\n<script type=\"application\/ld+json\" class=\"yoast-schema-graph\">{\"@context\":\"https:\\\/\\\/schema.org\",\"@graph\":[{\"@type\":\"Article\",\"@id\":\"https:\\\/\\\/expressometro.mx\\\/index.php\\\/2021\\\/10\\\/14\\\/son-convivencia-democratica-y-gobernabilidad-tarea-primordial-para-la-paz-social\\\/#article\",\"isPartOf\":{\"@id\":\"https:\\\/\\\/expressometro.mx\\\/index.php\\\/2021\\\/10\\\/14\\\/son-convivencia-democratica-y-gobernabilidad-tarea-primordial-para-la-paz-social\\\/\"},\"author\":{\"name\":\"Cecilia Vega\",\"@id\":\"https:\\\/\\\/expressometro.mx\\\/#\\\/schema\\\/person\\\/67a95b8e3862085c7598f66237488f1f\"},\"headline\":\"SON CONVIVENCIA DEMOCR\u00c1TICA Y GOBERNABILIDAD, TAREA PRIMORDIAL PARA LA PAZ SOCIAL\",\"datePublished\":\"2021-10-14T15:16:14+00:00\",\"dateModified\":\"2021-10-14T15:16:16+00:00\",\"mainEntityOfPage\":{\"@id\":\"https:\\\/\\\/expressometro.mx\\\/index.php\\\/2021\\\/10\\\/14\\\/son-convivencia-democratica-y-gobernabilidad-tarea-primordial-para-la-paz-social\\\/\"},\"wordCount\":726,\"commentCount\":0,\"publisher\":{\"@id\":\"https:\\\/\\\/expressometro.mx\\\/#organization\"},\"image\":{\"@id\":\"https:\\\/\\\/expressometro.mx\\\/index.php\\\/2021\\\/10\\\/14\\\/son-convivencia-democratica-y-gobernabilidad-tarea-primordial-para-la-paz-social\\\/#primaryimage\"},\"thumbnailUrl\":\"https:\\\/\\\/expressometro.mx\\\/wp-content\\\/uploads\\\/2021\\\/10\\\/WhatsApp-Image-2021-10-13-at-13.43.30.jpeg\",\"keywords\":[\"Alfredo del Mazo\",\"Cuarto Informe\",\"Ernesto Nemer\",\"LXI Legislatura\"],\"articleSection\":[\"Finanzas\",\"Gobierno\",\"Pol\u00edtica\"],\"inLanguage\":\"es\",\"potentialAction\":[{\"@type\":\"CommentAction\",\"name\":\"Comment\",\"target\":[\"https:\\\/\\\/expressometro.mx\\\/index.php\\\/2021\\\/10\\\/14\\\/son-convivencia-democratica-y-gobernabilidad-tarea-primordial-para-la-paz-social\\\/#respond\"]}]},{\"@type\":\"WebPage\",\"@id\":\"https:\\\/\\\/expressometro.mx\\\/index.php\\\/2021\\\/10\\\/14\\\/son-convivencia-democratica-y-gobernabilidad-tarea-primordial-para-la-paz-social\\\/\",\"url\":\"https:\\\/\\\/expressometro.mx\\\/index.php\\\/2021\\\/10\\\/14\\\/son-convivencia-democratica-y-gobernabilidad-tarea-primordial-para-la-paz-social\\\/\",\"name\":\"SON CONVIVENCIA DEMOCR\u00c1TICA Y GOBERNABILIDAD, TAREA PRIMORDIAL PARA LA PAZ SOCIAL - Expresso Metropolitano\",\"isPartOf\":{\"@id\":\"https:\\\/\\\/expressometro.mx\\\/#website\"},\"primaryImageOfPage\":{\"@id\":\"https:\\\/\\\/expressometro.mx\\\/index.php\\\/2021\\\/10\\\/14\\\/son-convivencia-democratica-y-gobernabilidad-tarea-primordial-para-la-paz-social\\\/#primaryimage\"},\"image\":{\"@id\":\"https:\\\/\\\/expressometro.mx\\\/index.php\\\/2021\\\/10\\\/14\\\/son-convivencia-democratica-y-gobernabilidad-tarea-primordial-para-la-paz-social\\\/#primaryimage\"},\"thumbnailUrl\":\"https:\\\/\\\/expressometro.mx\\\/wp-content\\\/uploads\\\/2021\\\/10\\\/WhatsApp-Image-2021-10-13-at-13.43.30.jpeg\",\"datePublished\":\"2021-10-14T15:16:14+00:00\",\"dateModified\":\"2021-10-14T15:16:16+00:00\",\"breadcrumb\":{\"@id\":\"https:\\\/\\\/expressometro.mx\\\/index.php\\\/2021\\\/10\\\/14\\\/son-convivencia-democratica-y-gobernabilidad-tarea-primordial-para-la-paz-social\\\/#breadcrumb\"},\"inLanguage\":\"es\",\"potentialAction\":[{\"@type\":\"ReadAction\",\"target\":[\"https:\\\/\\\/expressometro.mx\\\/index.php\\\/2021\\\/10\\\/14\\\/son-convivencia-democratica-y-gobernabilidad-tarea-primordial-para-la-paz-social\\\/\"]}]},{\"@type\":\"ImageObject\",\"inLanguage\":\"es\",\"@id\":\"https:\\\/\\\/expressometro.mx\\\/index.php\\\/2021\\\/10\\\/14\\\/son-convivencia-democratica-y-gobernabilidad-tarea-primordial-para-la-paz-social\\\/#primaryimage\",\"url\":\"https:\\\/\\\/expressometro.mx\\\/wp-content\\\/uploads\\\/2021\\\/10\\\/WhatsApp-Image-2021-10-13-at-13.43.30.jpeg\",\"contentUrl\":\"https:\\\/\\\/expressometro.mx\\\/wp-content\\\/uploads\\\/2021\\\/10\\\/WhatsApp-Image-2021-10-13-at-13.43.30.jpeg\",\"width\":960,\"height\":715},{\"@type\":\"BreadcrumbList\",\"@id\":\"https:\\\/\\\/expressometro.mx\\\/index.php\\\/2021\\\/10\\\/14\\\/son-convivencia-democratica-y-gobernabilidad-tarea-primordial-para-la-paz-social\\\/#breadcrumb\",\"itemListElement\":[{\"@type\":\"ListItem\",\"position\":1,\"name\":\"Inicio\",\"item\":\"https:\\\/\\\/expressometro.mx\\\/\"},{\"@type\":\"ListItem\",\"position\":2,\"name\":\"SON CONVIVENCIA DEMOCR\u00c1TICA Y GOBERNABILIDAD, TAREA PRIMORDIAL PARA LA PAZ SOCIAL\"}]},{\"@type\":\"WebSite\",\"@id\":\"https:\\\/\\\/expressometro.mx\\\/#website\",\"url\":\"https:\\\/\\\/expressometro.mx\\\/\",\"name\":\"Expresso Metropolitano\",\"description\":\"Periodismo comprometido, informaci\u00f3n, investigaci\u00f3n y an\u00e1lisis\",\"publisher\":{\"@id\":\"https:\\\/\\\/expressometro.mx\\\/#organization\"},\"potentialAction\":[{\"@type\":\"SearchAction\",\"target\":{\"@type\":\"EntryPoint\",\"urlTemplate\":\"https:\\\/\\\/expressometro.mx\\\/?s={search_term_string}\"},\"query-input\":{\"@type\":\"PropertyValueSpecification\",\"valueRequired\":true,\"valueName\":\"search_term_string\"}}],\"inLanguage\":\"es\"},{\"@type\":\"Organization\",\"@id\":\"https:\\\/\\\/expressometro.mx\\\/#organization\",\"name\":\"Expresso Metropolitano\",\"url\":\"https:\\\/\\\/expressometro.mx\\\/\",\"logo\":{\"@type\":\"ImageObject\",\"inLanguage\":\"es\",\"@id\":\"https:\\\/\\\/expressometro.mx\\\/#\\\/schema\\\/logo\\\/image\\\/\",\"url\":\"https:\\\/\\\/expressometro.mx\\\/wp-content\\\/uploads\\\/2019\\\/07\\\/cropped-Logo-Expresso-Metropolitano-1-1.jpeg\",\"contentUrl\":\"https:\\\/\\\/expressometro.mx\\\/wp-content\\\/uploads\\\/2019\\\/07\\\/cropped-Logo-Expresso-Metropolitano-1-1.jpeg\",\"width\":290,\"height\":73,\"caption\":\"Expresso Metropolitano\"},\"image\":{\"@id\":\"https:\\\/\\\/expressometro.mx\\\/#\\\/schema\\\/logo\\\/image\\\/\"}},{\"@type\":\"Person\",\"@id\":\"https:\\\/\\\/expressometro.mx\\\/#\\\/schema\\\/person\\\/67a95b8e3862085c7598f66237488f1f\",\"name\":\"Cecilia Vega\",\"image\":{\"@type\":\"ImageObject\",\"inLanguage\":\"es\",\"@id\":\"https:\\\/\\\/secure.gravatar.com\\\/avatar\\\/13aae9944ab2ee472a9e407c9487fdbd03b049abaa559af32fe5dbcf615c981b?s=96&d=mm&r=g\",\"url\":\"https:\\\/\\\/secure.gravatar.com\\\/avatar\\\/13aae9944ab2ee472a9e407c9487fdbd03b049abaa559af32fe5dbcf615c981b?s=96&d=mm&r=g\",\"contentUrl\":\"https:\\\/\\\/secure.gravatar.com\\\/avatar\\\/13aae9944ab2ee472a9e407c9487fdbd03b049abaa559af32fe5dbcf615c981b?s=96&d=mm&r=g\",\"caption\":\"Cecilia Vega\"},\"url\":\"https:\\\/\\\/expressometro.mx\\\/index.php\\\/author\\\/cecilia-vega\\\/\"}]}<\/script>\n<!-- \/ Yoast SEO plugin. -->","yoast_head_json":{"title":"SON CONVIVENCIA DEMOCR\u00c1TICA Y GOBERNABILIDAD, TAREA PRIMORDIAL PARA LA PAZ SOCIAL - Expresso Metropolitano","robots":{"index":"index","follow":"follow","max-snippet":"max-snippet:-1","max-image-preview":"max-image-preview:large","max-video-preview":"max-video-preview:-1"},"canonical":"https:\/\/expressometro.mx\/index.php\/2021\/10\/14\/son-convivencia-democratica-y-gobernabilidad-tarea-primordial-para-la-paz-social\/","og_locale":"es_MX","og_type":"article","og_title":"SON CONVIVENCIA DEMOCR\u00c1TICA Y GOBERNABILIDAD, TAREA PRIMORDIAL PARA LA PAZ SOCIAL - Expresso Metropolitano","og_description":"Resalta s\u00f3lida relaci\u00f3n de respeto y colaboraci\u00f3n entre poderes, en una nueva correlaci\u00f3n de fuerzas pol\u00edticas.","og_url":"https:\/\/expressometro.mx\/index.php\/2021\/10\/14\/son-convivencia-democratica-y-gobernabilidad-tarea-primordial-para-la-paz-social\/","og_site_name":"Expresso Metropolitano","article_published_time":"2021-10-14T15:16:14+00:00","article_modified_time":"2021-10-14T15:16:16+00:00","og_image":[{"width":960,"height":715,"url":"https:\/\/expressometro.mx\/wp-content\/uploads\/2021\/10\/WhatsApp-Image-2021-10-13-at-13.43.30.jpeg","type":"image\/jpeg"}],"author":"Cecilia Vega","twitter_misc":{"Escrito por":"Cecilia Vega","Tiempo de lectura":"4 minutos"},"schema":{"@context":"https:\/\/schema.org","@graph":[{"@type":"Article","@id":"https:\/\/expressometro.mx\/index.php\/2021\/10\/14\/son-convivencia-democratica-y-gobernabilidad-tarea-primordial-para-la-paz-social\/#article","isPartOf":{"@id":"https:\/\/expressometro.mx\/index.php\/2021\/10\/14\/son-convivencia-democratica-y-gobernabilidad-tarea-primordial-para-la-paz-social\/"},"author":{"name":"Cecilia Vega","@id":"https:\/\/expressometro.mx\/#\/schema\/person\/67a95b8e3862085c7598f66237488f1f"},"headline":"SON CONVIVENCIA DEMOCR\u00c1TICA Y GOBERNABILIDAD, TAREA PRIMORDIAL PARA LA PAZ SOCIAL","datePublished":"2021-10-14T15:16:14+00:00","dateModified":"2021-10-14T15:16:16+00:00","mainEntityOfPage":{"@id":"https:\/\/expressometro.mx\/index.php\/2021\/10\/14\/son-convivencia-democratica-y-gobernabilidad-tarea-primordial-para-la-paz-social\/"},"wordCount":726,"commentCount":0,"publisher":{"@id":"https:\/\/expressometro.mx\/#organization"},"image":{"@id":"https:\/\/expressometro.mx\/index.php\/2021\/10\/14\/son-convivencia-democratica-y-gobernabilidad-tarea-primordial-para-la-paz-social\/#primaryimage"},"thumbnailUrl":"https:\/\/expressometro.mx\/wp-content\/uploads\/2021\/10\/WhatsApp-Image-2021-10-13-at-13.43.30.jpeg","keywords":["Alfredo del Mazo","Cuarto Informe","Ernesto Nemer","LXI Legislatura"],"articleSection":["Finanzas","Gobierno","Pol\u00edtica"],"inLanguage":"es","potentialAction":[{"@type":"CommentAction","name":"Comment","target":["https:\/\/expressometro.mx\/index.php\/2021\/10\/14\/son-convivencia-democratica-y-gobernabilidad-tarea-primordial-para-la-paz-social\/#respond"]}]},{"@type":"WebPage","@id":"https:\/\/expressometro.mx\/index.php\/2021\/10\/14\/son-convivencia-democratica-y-gobernabilidad-tarea-primordial-para-la-paz-social\/","url":"https:\/\/expressometro.mx\/index.php\/2021\/10\/14\/son-convivencia-democratica-y-gobernabilidad-tarea-primordial-para-la-paz-social\/","name":"SON CONVIVENCIA DEMOCR\u00c1TICA Y GOBERNABILIDAD, TAREA PRIMORDIAL PARA LA PAZ SOCIAL - Expresso Metropolitano","isPartOf":{"@id":"https:\/\/expressometro.mx\/#website"},"primaryImageOfPage":{"@id":"https:\/\/expressometro.mx\/index.php\/2021\/10\/14\/son-convivencia-democratica-y-gobernabilidad-tarea-primordial-para-la-paz-social\/#primaryimage"},"image":{"@id":"https:\/\/expressometro.mx\/index.php\/2021\/10\/14\/son-convivencia-democratica-y-gobernabilidad-tarea-primordial-para-la-paz-social\/#primaryimage"},"thumbnailUrl":"https:\/\/expressometro.mx\/wp-content\/uploads\/2021\/10\/WhatsApp-Image-2021-10-13-at-13.43.30.jpeg","datePublished":"2021-10-14T15:16:14+00:00","dateModified":"2021-10-14T15:16:16+00:00","breadcrumb":{"@id":"https:\/\/expressometro.mx\/index.php\/2021\/10\/14\/son-convivencia-democratica-y-gobernabilidad-tarea-primordial-para-la-paz-social\/#breadcrumb"},"inLanguage":"es","potentialAction":[{"@type":"ReadAction","target":["https:\/\/expressometro.mx\/index.php\/2021\/10\/14\/son-convivencia-democratica-y-gobernabilidad-tarea-primordial-para-la-paz-social\/"]}]},{"@type":"ImageObject","inLanguage":"es","@id":"https:\/\/expressometro.mx\/index.php\/2021\/10\/14\/son-convivencia-democratica-y-gobernabilidad-tarea-primordial-para-la-paz-social\/#primaryimage","url":"https:\/\/expressometro.mx\/wp-content\/uploads\/2021\/10\/WhatsApp-Image-2021-10-13-at-13.43.30.jpeg","contentUrl":"https:\/\/expressometro.mx\/wp-content\/uploads\/2021\/10\/WhatsApp-Image-2021-10-13-at-13.43.30.jpeg","width":960,"height":715},{"@type":"BreadcrumbList","@id":"https:\/\/expressometro.mx\/index.php\/2021\/10\/14\/son-convivencia-democratica-y-gobernabilidad-tarea-primordial-para-la-paz-social\/#breadcrumb","itemListElement":[{"@type":"ListItem","position":1,"name":"Inicio","item":"https:\/\/expressometro.mx\/"},{"@type":"ListItem","position":2,"name":"SON CONVIVENCIA DEMOCR\u00c1TICA Y GOBERNABILIDAD, TAREA PRIMORDIAL PARA LA PAZ SOCIAL"}]},{"@type":"WebSite","@id":"https:\/\/expressometro.mx\/#website","url":"https:\/\/expressometro.mx\/","name":"Expresso Metropolitano","description":"Periodismo comprometido, informaci\u00f3n, investigaci\u00f3n y an\u00e1lisis","publisher":{"@id":"https:\/\/expressometro.mx\/#organization"},"potentialAction":[{"@type":"SearchAction","target":{"@type":"EntryPoint","urlTemplate":"https:\/\/expressometro.mx\/?s={search_term_string}"},"query-input":{"@type":"PropertyValueSpecification","valueRequired":true,"valueName":"search_term_string"}}],"inLanguage":"es"},{"@type":"Organization","@id":"https:\/\/expressometro.mx\/#organization","name":"Expresso Metropolitano","url":"https:\/\/expressometro.mx\/","logo":{"@type":"ImageObject","inLanguage":"es","@id":"https:\/\/expressometro.mx\/#\/schema\/logo\/image\/","url":"https:\/\/expressometro.mx\/wp-content\/uploads\/2019\/07\/cropped-Logo-Expresso-Metropolitano-1-1.jpeg","contentUrl":"https:\/\/expressometro.mx\/wp-content\/uploads\/2019\/07\/cropped-Logo-Expresso-Metropolitano-1-1.jpeg","width":290,"height":73,"caption":"Expresso Metropolitano"},"image":{"@id":"https:\/\/expressometro.mx\/#\/schema\/logo\/image\/"}},{"@type":"Person","@id":"https:\/\/expressometro.mx\/#\/schema\/person\/67a95b8e3862085c7598f66237488f1f","name":"Cecilia Vega","image":{"@type":"ImageObject","inLanguage":"es","@id":"https:\/\/secure.gravatar.com\/avatar\/13aae9944ab2ee472a9e407c9487fdbd03b049abaa559af32fe5dbcf615c981b?s=96&d=mm&r=g","url":"https:\/\/secure.gravatar.com\/avatar\/13aae9944ab2ee472a9e407c9487fdbd03b049abaa559af32fe5dbcf615c981b?s=96&d=mm&r=g","contentUrl":"https:\/\/secure.gravatar.com\/avatar\/13aae9944ab2ee472a9e407c9487fdbd03b049abaa559af32fe5dbcf615c981b?s=96&d=mm&r=g","caption":"Cecilia Vega"},"url":"https:\/\/expressometro.mx\/index.php\/author\/cecilia-vega\/"}]}},"amp_enabled":true,"_links":{"self":[{"href":"https:\/\/expressometro.mx\/index.php\/wp-json\/wp\/v2\/posts\/3769","targetHints":{"allow":["GET"]}}],"collection":[{"href":"https:\/\/expressometro.mx\/index.php\/wp-json\/wp\/v2\/posts"}],"about":[{"href":"https:\/\/expressometro.mx\/index.php\/wp-json\/wp\/v2\/types\/post"}],"author":[{"embeddable":true,"href":"https:\/\/expressometro.mx\/index.php\/wp-json\/wp\/v2\/users\/2"}],"replies":[{"embeddable":true,"href":"https:\/\/expressometro.mx\/index.php\/wp-json\/wp\/v2\/comments?post=3769"}],"version-history":[{"count":1,"href":"https:\/\/expressometro.mx\/index.php\/wp-json\/wp\/v2\/posts\/3769\/revisions"}],"predecessor-version":[{"id":3774,"href":"https:\/\/expressometro.mx\/index.php\/wp-json\/wp\/v2\/posts\/3769\/revisions\/3774"}],"wp:featuredmedia":[{"embeddable":true,"href":"https:\/\/expressometro.mx\/index.php\/wp-json\/wp\/v2\/media\/3773"}],"wp:attachment":[{"href":"https:\/\/expressometro.mx\/index.php\/wp-json\/wp\/v2\/media?parent=3769"}],"wp:term":[{"taxonomy":"category","embeddable":true,"href":"https:\/\/expressometro.mx\/index.php\/wp-json\/wp\/v2\/categories?post=3769"},{"taxonomy":"post_tag","embeddable":true,"href":"https:\/\/expressometro.mx\/index.php\/wp-json\/wp\/v2\/tags?post=3769"}],"curies":[{"name":"wp","href":"https:\/\/api.w.org\/{rel}","templated":true}]}}