{"id":3750,"date":"2021-10-13T17:32:59","date_gmt":"2021-10-13T22:32:59","guid":{"rendered":"http:\/\/expressometro.mx\/?p=3750"},"modified":"2021-10-13T17:33:00","modified_gmt":"2021-10-13T22:33:00","slug":"rechaza-pri-propuesta-de-inscribir-a-jovenes-de-18-anos-como-contribuyentes-sin-que-hayan-iniciado-su-vida-laboral","status":"publish","type":"post","link":"https:\/\/expressometro.mx\/index.php\/2021\/10\/13\/rechaza-pri-propuesta-de-inscribir-a-jovenes-de-18-anos-como-contribuyentes-sin-que-hayan-iniciado-su-vida-laboral\/","title":{"rendered":"RECHAZA PRI PROPUESTA DE INSCRIBIR A J\u00d3VENES DE 18 A\u00d1OS COMO CONTRIBUYENTES SIN QUE HAYAN INICIADO SU VIDA LABORAL"},"content":{"rendered":"\n<p>La fracci\u00f3n parlamentaria del Partido Revolucionario Institucional rechaza la pretensi\u00f3n de la Secretar\u00eda de Hacienda y Cr\u00e9dito P\u00fablico (SHCP), de hacer obligatorio que los j\u00f3venes cuenten con Registro Federal de Contribuyentes (RFC) una vez cumplidos los 18 a\u00f1os de edad, aun cuando no hayan iniciado su vida laboral.<\/p>\n\n\n\n<p>La propuesta, incluida en el paquete econ\u00f3mico para 2022 que es discutido en el Congreso de la Uni\u00f3n, ser\u00eda un grave da\u00f1o a la libertad e independencia de los j\u00f3venes.<\/p>\n\n\n\n<p>El diputado federal Miguel S\u00e1mano Peralta se\u00f1al\u00f3 -a trav\u00e9s de sus redes sociales- que al poner bajo la lupa del SAT a quienes no han iniciado su vida laboral no tiene ning\u00fan prop\u00f3sito, en la pr\u00e1ctica se traducir\u00e1 en que los j\u00f3venes tendr\u00e1n que explicar hasta el pago de sus estudios por parte de sus padres.<\/p>\n\n\n\n<figure class=\"wp-block-image size-large\"><img decoding=\"async\" width=\"709\" height=\"480\" src=\"http:\/\/expressometro.mx\/wp-content\/uploads\/2021\/10\/WhatsApp-Image-2021-10-13-at-11.55.13-709x480.jpeg\" alt=\"\" class=\"wp-image-3752\" srcset=\"https:\/\/expressometro.mx\/wp-content\/uploads\/2021\/10\/WhatsApp-Image-2021-10-13-at-11.55.13-709x480.jpeg 709w, https:\/\/expressometro.mx\/wp-content\/uploads\/2021\/10\/WhatsApp-Image-2021-10-13-at-11.55.13-539x365.jpeg 539w, https:\/\/expressometro.mx\/wp-content\/uploads\/2021\/10\/WhatsApp-Image-2021-10-13-at-11.55.13-768x520.jpeg 768w, https:\/\/expressometro.mx\/wp-content\/uploads\/2021\/10\/WhatsApp-Image-2021-10-13-at-11.55.13.jpeg 960w\" sizes=\"(max-width: 709px) 100vw, 709px\" \/><\/figure>\n","protected":false},"excerpt":{"rendered":"<p>La propuesta, incluida en el paquete econ\u00f3mico para 2022 que es discutido en el Congreso de la Uni\u00f3n, ser\u00eda un grave da\u00f1o a la libertad e independencia de los j\u00f3venes.<\/p>\n","protected":false},"author":2,"featured_media":3753,"comment_status":"open","ping_status":"open","sticky":false,"template":"","format":"standard","meta":{"footnotes":""},"categories":[4,3],"tags":[158,888],"class_list":["post-3750","post","type-post","status-publish","format-standard","has-post-thumbnail","hentry","category-finanzas","category-gobierno","tag-pri","tag-sat"],"yoast_head":"<!-- This site is optimized with the Yoast SEO plugin v27.4 - https:\/\/yoast.com\/product\/yoast-seo-wordpress\/ -->\n<title>RECHAZA PRI PROPUESTA DE INSCRIBIR A J\u00d3VENES DE 18 A\u00d1OS COMO CONTRIBUYENTES SIN QUE HAYAN INICIADO SU VIDA LABORAL - Expresso Metropolitano<\/title>\n<meta name=\"robots\" content=\"index, follow, max-snippet:-1, max-image-preview:large, max-video-preview:-1\" \/>\n<link rel=\"canonical\" href=\"https:\/\/expressometro.mx\/index.php\/2021\/10\/13\/rechaza-pri-propuesta-de-inscribir-a-jovenes-de-18-anos-como-contribuyentes-sin-que-hayan-iniciado-su-vida-laboral\/\" \/>\n<meta property=\"og:locale\" content=\"es_MX\" \/>\n<meta property=\"og:type\" content=\"article\" \/>\n<meta property=\"og:title\" content=\"RECHAZA PRI PROPUESTA DE INSCRIBIR A J\u00d3VENES DE 18 A\u00d1OS COMO CONTRIBUYENTES SIN QUE HAYAN INICIADO SU VIDA LABORAL - Expresso Metropolitano\" \/>\n<meta property=\"og:description\" content=\"La propuesta, incluida en el paquete econ\u00f3mico para 2022 que es discutido en el Congreso de la Uni\u00f3n, ser\u00eda un grave da\u00f1o a la libertad e independencia de los j\u00f3venes.\" \/>\n<meta property=\"og:url\" content=\"https:\/\/expressometro.mx\/index.php\/2021\/10\/13\/rechaza-pri-propuesta-de-inscribir-a-jovenes-de-18-anos-como-contribuyentes-sin-que-hayan-iniciado-su-vida-laboral\/\" \/>\n<meta property=\"og:site_name\" content=\"Expresso Metropolitano\" \/>\n<meta property=\"article:published_time\" content=\"2021-10-13T22:32:59+00:00\" \/>\n<meta property=\"article:modified_time\" content=\"2021-10-13T22:33:00+00:00\" \/>\n<meta property=\"og:image\" content=\"https:\/\/expressometro.mx\/wp-content\/uploads\/2021\/10\/WhatsApp-Image-2021-10-13-at-11.55.12.jpeg\" \/>\n\t<meta property=\"og:image:width\" content=\"960\" \/>\n\t<meta property=\"og:image:height\" content=\"960\" \/>\n\t<meta property=\"og:image:type\" content=\"image\/jpeg\" \/>\n<meta name=\"author\" content=\"Cecilia Vega\" \/>\n<meta name=\"twitter:label1\" content=\"Escrito por\" \/>\n\t<meta name=\"twitter:data1\" content=\"Cecilia Vega\" \/>\n\t<meta name=\"twitter:label2\" content=\"Tiempo de lectura\" \/>\n\t<meta name=\"twitter:data2\" content=\"1 minuto\" \/>\n<script type=\"application\/ld+json\" class=\"yoast-schema-graph\">{\"@context\":\"https:\\\/\\\/schema.org\",\"@graph\":[{\"@type\":\"Article\",\"@id\":\"https:\\\/\\\/expressometro.mx\\\/index.php\\\/2021\\\/10\\\/13\\\/rechaza-pri-propuesta-de-inscribir-a-jovenes-de-18-anos-como-contribuyentes-sin-que-hayan-iniciado-su-vida-laboral\\\/#article\",\"isPartOf\":{\"@id\":\"https:\\\/\\\/expressometro.mx\\\/index.php\\\/2021\\\/10\\\/13\\\/rechaza-pri-propuesta-de-inscribir-a-jovenes-de-18-anos-como-contribuyentes-sin-que-hayan-iniciado-su-vida-laboral\\\/\"},\"author\":{\"name\":\"Cecilia Vega\",\"@id\":\"https:\\\/\\\/expressometro.mx\\\/#\\\/schema\\\/person\\\/67a95b8e3862085c7598f66237488f1f\"},\"headline\":\"RECHAZA PRI PROPUESTA DE INSCRIBIR A J\u00d3VENES DE 18 A\u00d1OS COMO CONTRIBUYENTES SIN QUE HAYAN INICIADO SU VIDA LABORAL\",\"datePublished\":\"2021-10-13T22:32:59+00:00\",\"dateModified\":\"2021-10-13T22:33:00+00:00\",\"mainEntityOfPage\":{\"@id\":\"https:\\\/\\\/expressometro.mx\\\/index.php\\\/2021\\\/10\\\/13\\\/rechaza-pri-propuesta-de-inscribir-a-jovenes-de-18-anos-como-contribuyentes-sin-que-hayan-iniciado-su-vida-laboral\\\/\"},\"wordCount\":172,\"commentCount\":0,\"publisher\":{\"@id\":\"https:\\\/\\\/expressometro.mx\\\/#organization\"},\"image\":{\"@id\":\"https:\\\/\\\/expressometro.mx\\\/index.php\\\/2021\\\/10\\\/13\\\/rechaza-pri-propuesta-de-inscribir-a-jovenes-de-18-anos-como-contribuyentes-sin-que-hayan-iniciado-su-vida-laboral\\\/#primaryimage\"},\"thumbnailUrl\":\"https:\\\/\\\/expressometro.mx\\\/wp-content\\\/uploads\\\/2021\\\/10\\\/WhatsApp-Image-2021-10-13-at-11.55.12.jpeg\",\"keywords\":[\"PRI\",\"SAT\"],\"articleSection\":[\"Finanzas\",\"Gobierno\"],\"inLanguage\":\"es\",\"potentialAction\":[{\"@type\":\"CommentAction\",\"name\":\"Comment\",\"target\":[\"https:\\\/\\\/expressometro.mx\\\/index.php\\\/2021\\\/10\\\/13\\\/rechaza-pri-propuesta-de-inscribir-a-jovenes-de-18-anos-como-contribuyentes-sin-que-hayan-iniciado-su-vida-laboral\\\/#respond\"]}]},{\"@type\":\"WebPage\",\"@id\":\"https:\\\/\\\/expressometro.mx\\\/index.php\\\/2021\\\/10\\\/13\\\/rechaza-pri-propuesta-de-inscribir-a-jovenes-de-18-anos-como-contribuyentes-sin-que-hayan-iniciado-su-vida-laboral\\\/\",\"url\":\"https:\\\/\\\/expressometro.mx\\\/index.php\\\/2021\\\/10\\\/13\\\/rechaza-pri-propuesta-de-inscribir-a-jovenes-de-18-anos-como-contribuyentes-sin-que-hayan-iniciado-su-vida-laboral\\\/\",\"name\":\"RECHAZA PRI PROPUESTA DE INSCRIBIR A J\u00d3VENES DE 18 A\u00d1OS COMO CONTRIBUYENTES SIN QUE HAYAN INICIADO SU VIDA LABORAL - Expresso Metropolitano\",\"isPartOf\":{\"@id\":\"https:\\\/\\\/expressometro.mx\\\/#website\"},\"primaryImageOfPage\":{\"@id\":\"https:\\\/\\\/expressometro.mx\\\/index.php\\\/2021\\\/10\\\/13\\\/rechaza-pri-propuesta-de-inscribir-a-jovenes-de-18-anos-como-contribuyentes-sin-que-hayan-iniciado-su-vida-laboral\\\/#primaryimage\"},\"image\":{\"@id\":\"https:\\\/\\\/expressometro.mx\\\/index.php\\\/2021\\\/10\\\/13\\\/rechaza-pri-propuesta-de-inscribir-a-jovenes-de-18-anos-como-contribuyentes-sin-que-hayan-iniciado-su-vida-laboral\\\/#primaryimage\"},\"thumbnailUrl\":\"https:\\\/\\\/expressometro.mx\\\/wp-content\\\/uploads\\\/2021\\\/10\\\/WhatsApp-Image-2021-10-13-at-11.55.12.jpeg\",\"datePublished\":\"2021-10-13T22:32:59+00:00\",\"dateModified\":\"2021-10-13T22:33:00+00:00\",\"breadcrumb\":{\"@id\":\"https:\\\/\\\/expressometro.mx\\\/index.php\\\/2021\\\/10\\\/13\\\/rechaza-pri-propuesta-de-inscribir-a-jovenes-de-18-anos-como-contribuyentes-sin-que-hayan-iniciado-su-vida-laboral\\\/#breadcrumb\"},\"inLanguage\":\"es\",\"potentialAction\":[{\"@type\":\"ReadAction\",\"target\":[\"https:\\\/\\\/expressometro.mx\\\/index.php\\\/2021\\\/10\\\/13\\\/rechaza-pri-propuesta-de-inscribir-a-jovenes-de-18-anos-como-contribuyentes-sin-que-hayan-iniciado-su-vida-laboral\\\/\"]}]},{\"@type\":\"ImageObject\",\"inLanguage\":\"es\",\"@id\":\"https:\\\/\\\/expressometro.mx\\\/index.php\\\/2021\\\/10\\\/13\\\/rechaza-pri-propuesta-de-inscribir-a-jovenes-de-18-anos-como-contribuyentes-sin-que-hayan-iniciado-su-vida-laboral\\\/#primaryimage\",\"url\":\"https:\\\/\\\/expressometro.mx\\\/wp-content\\\/uploads\\\/2021\\\/10\\\/WhatsApp-Image-2021-10-13-at-11.55.12.jpeg\",\"contentUrl\":\"https:\\\/\\\/expressometro.mx\\\/wp-content\\\/uploads\\\/2021\\\/10\\\/WhatsApp-Image-2021-10-13-at-11.55.12.jpeg\",\"width\":960,\"height\":960},{\"@type\":\"BreadcrumbList\",\"@id\":\"https:\\\/\\\/expressometro.mx\\\/index.php\\\/2021\\\/10\\\/13\\\/rechaza-pri-propuesta-de-inscribir-a-jovenes-de-18-anos-como-contribuyentes-sin-que-hayan-iniciado-su-vida-laboral\\\/#breadcrumb\",\"itemListElement\":[{\"@type\":\"ListItem\",\"position\":1,\"name\":\"Inicio\",\"item\":\"https:\\\/\\\/expressometro.mx\\\/\"},{\"@type\":\"ListItem\",\"position\":2,\"name\":\"RECHAZA PRI PROPUESTA DE INSCRIBIR A J\u00d3VENES DE 18 A\u00d1OS COMO CONTRIBUYENTES SIN QUE HAYAN INICIADO SU VIDA LABORAL\"}]},{\"@type\":\"WebSite\",\"@id\":\"https:\\\/\\\/expressometro.mx\\\/#website\",\"url\":\"https:\\\/\\\/expressometro.mx\\\/\",\"name\":\"Expresso Metropolitano\",\"description\":\"Periodismo comprometido, informaci\u00f3n, investigaci\u00f3n y an\u00e1lisis\",\"publisher\":{\"@id\":\"https:\\\/\\\/expressometro.mx\\\/#organization\"},\"potentialAction\":[{\"@type\":\"SearchAction\",\"target\":{\"@type\":\"EntryPoint\",\"urlTemplate\":\"https:\\\/\\\/expressometro.mx\\\/?s={search_term_string}\"},\"query-input\":{\"@type\":\"PropertyValueSpecification\",\"valueRequired\":true,\"valueName\":\"search_term_string\"}}],\"inLanguage\":\"es\"},{\"@type\":\"Organization\",\"@id\":\"https:\\\/\\\/expressometro.mx\\\/#organization\",\"name\":\"Expresso Metropolitano\",\"url\":\"https:\\\/\\\/expressometro.mx\\\/\",\"logo\":{\"@type\":\"ImageObject\",\"inLanguage\":\"es\",\"@id\":\"https:\\\/\\\/expressometro.mx\\\/#\\\/schema\\\/logo\\\/image\\\/\",\"url\":\"https:\\\/\\\/expressometro.mx\\\/wp-content\\\/uploads\\\/2019\\\/07\\\/cropped-Logo-Expresso-Metropolitano-1-1.jpeg\",\"contentUrl\":\"https:\\\/\\\/expressometro.mx\\\/wp-content\\\/uploads\\\/2019\\\/07\\\/cropped-Logo-Expresso-Metropolitano-1-1.jpeg\",\"width\":290,\"height\":73,\"caption\":\"Expresso Metropolitano\"},\"image\":{\"@id\":\"https:\\\/\\\/expressometro.mx\\\/#\\\/schema\\\/logo\\\/image\\\/\"}},{\"@type\":\"Person\",\"@id\":\"https:\\\/\\\/expressometro.mx\\\/#\\\/schema\\\/person\\\/67a95b8e3862085c7598f66237488f1f\",\"name\":\"Cecilia Vega\",\"image\":{\"@type\":\"ImageObject\",\"inLanguage\":\"es\",\"@id\":\"https:\\\/\\\/secure.gravatar.com\\\/avatar\\\/13aae9944ab2ee472a9e407c9487fdbd03b049abaa559af32fe5dbcf615c981b?s=96&d=mm&r=g\",\"url\":\"https:\\\/\\\/secure.gravatar.com\\\/avatar\\\/13aae9944ab2ee472a9e407c9487fdbd03b049abaa559af32fe5dbcf615c981b?s=96&d=mm&r=g\",\"contentUrl\":\"https:\\\/\\\/secure.gravatar.com\\\/avatar\\\/13aae9944ab2ee472a9e407c9487fdbd03b049abaa559af32fe5dbcf615c981b?s=96&d=mm&r=g\",\"caption\":\"Cecilia Vega\"},\"url\":\"https:\\\/\\\/expressometro.mx\\\/index.php\\\/author\\\/cecilia-vega\\\/\"}]}<\/script>\n<!-- \/ Yoast SEO plugin. -->","yoast_head_json":{"title":"RECHAZA PRI PROPUESTA DE INSCRIBIR A J\u00d3VENES DE 18 A\u00d1OS COMO CONTRIBUYENTES SIN QUE HAYAN INICIADO SU VIDA LABORAL - Expresso Metropolitano","robots":{"index":"index","follow":"follow","max-snippet":"max-snippet:-1","max-image-preview":"max-image-preview:large","max-video-preview":"max-video-preview:-1"},"canonical":"https:\/\/expressometro.mx\/index.php\/2021\/10\/13\/rechaza-pri-propuesta-de-inscribir-a-jovenes-de-18-anos-como-contribuyentes-sin-que-hayan-iniciado-su-vida-laboral\/","og_locale":"es_MX","og_type":"article","og_title":"RECHAZA PRI PROPUESTA DE INSCRIBIR A J\u00d3VENES DE 18 A\u00d1OS COMO CONTRIBUYENTES SIN QUE HAYAN INICIADO SU VIDA LABORAL - Expresso Metropolitano","og_description":"La propuesta, incluida en el paquete econ\u00f3mico para 2022 que es discutido en el Congreso de la Uni\u00f3n, ser\u00eda un grave da\u00f1o a la libertad e independencia de los j\u00f3venes.","og_url":"https:\/\/expressometro.mx\/index.php\/2021\/10\/13\/rechaza-pri-propuesta-de-inscribir-a-jovenes-de-18-anos-como-contribuyentes-sin-que-hayan-iniciado-su-vida-laboral\/","og_site_name":"Expresso Metropolitano","article_published_time":"2021-10-13T22:32:59+00:00","article_modified_time":"2021-10-13T22:33:00+00:00","og_image":[{"width":960,"height":960,"url":"https:\/\/expressometro.mx\/wp-content\/uploads\/2021\/10\/WhatsApp-Image-2021-10-13-at-11.55.12.jpeg","type":"image\/jpeg"}],"author":"Cecilia Vega","twitter_misc":{"Escrito por":"Cecilia Vega","Tiempo de lectura":"1 minuto"},"schema":{"@context":"https:\/\/schema.org","@graph":[{"@type":"Article","@id":"https:\/\/expressometro.mx\/index.php\/2021\/10\/13\/rechaza-pri-propuesta-de-inscribir-a-jovenes-de-18-anos-como-contribuyentes-sin-que-hayan-iniciado-su-vida-laboral\/#article","isPartOf":{"@id":"https:\/\/expressometro.mx\/index.php\/2021\/10\/13\/rechaza-pri-propuesta-de-inscribir-a-jovenes-de-18-anos-como-contribuyentes-sin-que-hayan-iniciado-su-vida-laboral\/"},"author":{"name":"Cecilia Vega","@id":"https:\/\/expressometro.mx\/#\/schema\/person\/67a95b8e3862085c7598f66237488f1f"},"headline":"RECHAZA PRI PROPUESTA DE INSCRIBIR A J\u00d3VENES DE 18 A\u00d1OS COMO CONTRIBUYENTES SIN QUE HAYAN INICIADO SU VIDA LABORAL","datePublished":"2021-10-13T22:32:59+00:00","dateModified":"2021-10-13T22:33:00+00:00","mainEntityOfPage":{"@id":"https:\/\/expressometro.mx\/index.php\/2021\/10\/13\/rechaza-pri-propuesta-de-inscribir-a-jovenes-de-18-anos-como-contribuyentes-sin-que-hayan-iniciado-su-vida-laboral\/"},"wordCount":172,"commentCount":0,"publisher":{"@id":"https:\/\/expressometro.mx\/#organization"},"image":{"@id":"https:\/\/expressometro.mx\/index.php\/2021\/10\/13\/rechaza-pri-propuesta-de-inscribir-a-jovenes-de-18-anos-como-contribuyentes-sin-que-hayan-iniciado-su-vida-laboral\/#primaryimage"},"thumbnailUrl":"https:\/\/expressometro.mx\/wp-content\/uploads\/2021\/10\/WhatsApp-Image-2021-10-13-at-11.55.12.jpeg","keywords":["PRI","SAT"],"articleSection":["Finanzas","Gobierno"],"inLanguage":"es","potentialAction":[{"@type":"CommentAction","name":"Comment","target":["https:\/\/expressometro.mx\/index.php\/2021\/10\/13\/rechaza-pri-propuesta-de-inscribir-a-jovenes-de-18-anos-como-contribuyentes-sin-que-hayan-iniciado-su-vida-laboral\/#respond"]}]},{"@type":"WebPage","@id":"https:\/\/expressometro.mx\/index.php\/2021\/10\/13\/rechaza-pri-propuesta-de-inscribir-a-jovenes-de-18-anos-como-contribuyentes-sin-que-hayan-iniciado-su-vida-laboral\/","url":"https:\/\/expressometro.mx\/index.php\/2021\/10\/13\/rechaza-pri-propuesta-de-inscribir-a-jovenes-de-18-anos-como-contribuyentes-sin-que-hayan-iniciado-su-vida-laboral\/","name":"RECHAZA PRI PROPUESTA DE INSCRIBIR A J\u00d3VENES DE 18 A\u00d1OS COMO CONTRIBUYENTES SIN QUE HAYAN INICIADO SU VIDA LABORAL - Expresso Metropolitano","isPartOf":{"@id":"https:\/\/expressometro.mx\/#website"},"primaryImageOfPage":{"@id":"https:\/\/expressometro.mx\/index.php\/2021\/10\/13\/rechaza-pri-propuesta-de-inscribir-a-jovenes-de-18-anos-como-contribuyentes-sin-que-hayan-iniciado-su-vida-laboral\/#primaryimage"},"image":{"@id":"https:\/\/expressometro.mx\/index.php\/2021\/10\/13\/rechaza-pri-propuesta-de-inscribir-a-jovenes-de-18-anos-como-contribuyentes-sin-que-hayan-iniciado-su-vida-laboral\/#primaryimage"},"thumbnailUrl":"https:\/\/expressometro.mx\/wp-content\/uploads\/2021\/10\/WhatsApp-Image-2021-10-13-at-11.55.12.jpeg","datePublished":"2021-10-13T22:32:59+00:00","dateModified":"2021-10-13T22:33:00+00:00","breadcrumb":{"@id":"https:\/\/expressometro.mx\/index.php\/2021\/10\/13\/rechaza-pri-propuesta-de-inscribir-a-jovenes-de-18-anos-como-contribuyentes-sin-que-hayan-iniciado-su-vida-laboral\/#breadcrumb"},"inLanguage":"es","potentialAction":[{"@type":"ReadAction","target":["https:\/\/expressometro.mx\/index.php\/2021\/10\/13\/rechaza-pri-propuesta-de-inscribir-a-jovenes-de-18-anos-como-contribuyentes-sin-que-hayan-iniciado-su-vida-laboral\/"]}]},{"@type":"ImageObject","inLanguage":"es","@id":"https:\/\/expressometro.mx\/index.php\/2021\/10\/13\/rechaza-pri-propuesta-de-inscribir-a-jovenes-de-18-anos-como-contribuyentes-sin-que-hayan-iniciado-su-vida-laboral\/#primaryimage","url":"https:\/\/expressometro.mx\/wp-content\/uploads\/2021\/10\/WhatsApp-Image-2021-10-13-at-11.55.12.jpeg","contentUrl":"https:\/\/expressometro.mx\/wp-content\/uploads\/2021\/10\/WhatsApp-Image-2021-10-13-at-11.55.12.jpeg","width":960,"height":960},{"@type":"BreadcrumbList","@id":"https:\/\/expressometro.mx\/index.php\/2021\/10\/13\/rechaza-pri-propuesta-de-inscribir-a-jovenes-de-18-anos-como-contribuyentes-sin-que-hayan-iniciado-su-vida-laboral\/#breadcrumb","itemListElement":[{"@type":"ListItem","position":1,"name":"Inicio","item":"https:\/\/expressometro.mx\/"},{"@type":"ListItem","position":2,"name":"RECHAZA PRI PROPUESTA DE INSCRIBIR A J\u00d3VENES DE 18 A\u00d1OS COMO CONTRIBUYENTES SIN QUE HAYAN INICIADO SU VIDA LABORAL"}]},{"@type":"WebSite","@id":"https:\/\/expressometro.mx\/#website","url":"https:\/\/expressometro.mx\/","name":"Expresso Metropolitano","description":"Periodismo comprometido, informaci\u00f3n, investigaci\u00f3n y an\u00e1lisis","publisher":{"@id":"https:\/\/expressometro.mx\/#organization"},"potentialAction":[{"@type":"SearchAction","target":{"@type":"EntryPoint","urlTemplate":"https:\/\/expressometro.mx\/?s={search_term_string}"},"query-input":{"@type":"PropertyValueSpecification","valueRequired":true,"valueName":"search_term_string"}}],"inLanguage":"es"},{"@type":"Organization","@id":"https:\/\/expressometro.mx\/#organization","name":"Expresso Metropolitano","url":"https:\/\/expressometro.mx\/","logo":{"@type":"ImageObject","inLanguage":"es","@id":"https:\/\/expressometro.mx\/#\/schema\/logo\/image\/","url":"https:\/\/expressometro.mx\/wp-content\/uploads\/2019\/07\/cropped-Logo-Expresso-Metropolitano-1-1.jpeg","contentUrl":"https:\/\/expressometro.mx\/wp-content\/uploads\/2019\/07\/cropped-Logo-Expresso-Metropolitano-1-1.jpeg","width":290,"height":73,"caption":"Expresso Metropolitano"},"image":{"@id":"https:\/\/expressometro.mx\/#\/schema\/logo\/image\/"}},{"@type":"Person","@id":"https:\/\/expressometro.mx\/#\/schema\/person\/67a95b8e3862085c7598f66237488f1f","name":"Cecilia Vega","image":{"@type":"ImageObject","inLanguage":"es","@id":"https:\/\/secure.gravatar.com\/avatar\/13aae9944ab2ee472a9e407c9487fdbd03b049abaa559af32fe5dbcf615c981b?s=96&d=mm&r=g","url":"https:\/\/secure.gravatar.com\/avatar\/13aae9944ab2ee472a9e407c9487fdbd03b049abaa559af32fe5dbcf615c981b?s=96&d=mm&r=g","contentUrl":"https:\/\/secure.gravatar.com\/avatar\/13aae9944ab2ee472a9e407c9487fdbd03b049abaa559af32fe5dbcf615c981b?s=96&d=mm&r=g","caption":"Cecilia Vega"},"url":"https:\/\/expressometro.mx\/index.php\/author\/cecilia-vega\/"}]}},"amp_enabled":true,"_links":{"self":[{"href":"https:\/\/expressometro.mx\/index.php\/wp-json\/wp\/v2\/posts\/3750","targetHints":{"allow":["GET"]}}],"collection":[{"href":"https:\/\/expressometro.mx\/index.php\/wp-json\/wp\/v2\/posts"}],"about":[{"href":"https:\/\/expressometro.mx\/index.php\/wp-json\/wp\/v2\/types\/post"}],"author":[{"embeddable":true,"href":"https:\/\/expressometro.mx\/index.php\/wp-json\/wp\/v2\/users\/2"}],"replies":[{"embeddable":true,"href":"https:\/\/expressometro.mx\/index.php\/wp-json\/wp\/v2\/comments?post=3750"}],"version-history":[{"count":1,"href":"https:\/\/expressometro.mx\/index.php\/wp-json\/wp\/v2\/posts\/3750\/revisions"}],"predecessor-version":[{"id":3754,"href":"https:\/\/expressometro.mx\/index.php\/wp-json\/wp\/v2\/posts\/3750\/revisions\/3754"}],"wp:featuredmedia":[{"embeddable":true,"href":"https:\/\/expressometro.mx\/index.php\/wp-json\/wp\/v2\/media\/3753"}],"wp:attachment":[{"href":"https:\/\/expressometro.mx\/index.php\/wp-json\/wp\/v2\/media?parent=3750"}],"wp:term":[{"taxonomy":"category","embeddable":true,"href":"https:\/\/expressometro.mx\/index.php\/wp-json\/wp\/v2\/categories?post=3750"},{"taxonomy":"post_tag","embeddable":true,"href":"https:\/\/expressometro.mx\/index.php\/wp-json\/wp\/v2\/tags?post=3750"}],"curies":[{"name":"wp","href":"https:\/\/api.w.org\/{rel}","templated":true}]}}