{"id":3701,"date":"2021-09-28T09:25:00","date_gmt":"2021-09-28T14:25:00","guid":{"rendered":"http:\/\/expressometro.mx\/?p=3701"},"modified":"2021-10-12T09:28:02","modified_gmt":"2021-10-12T14:28:02","slug":"inauguran-entronque-al-arco-norte","status":"publish","type":"post","link":"https:\/\/expressometro.mx\/index.php\/2021\/09\/28\/inauguran-entronque-al-arco-norte\/","title":{"rendered":"INAUGURAN ENTRONQUE AL ARCO NORTE"},"content":{"rendered":"\n<p>Con el fin de reducir tiempos de traslado a ciudades como Tula, Toluca, Quer\u00e9taro o la capital del pa\u00eds se dio paso a la inauguraci\u00f3n del entronque vial a la Autopista Arco Norte.<\/p>\n\n\n\n<p>El presidente municipal de Apaxco, Daniel Parra \u00c1ngeles, se\u00f1al\u00f3 que esta obra ser\u00e1 para beneficio de los habitantes del municipio y la regi\u00f3n nororiente de la entidad.<\/p>\n\n\n\n<p>El alcalde resalt\u00f3 que esta obra fue posible con el trabajo en equipo entre el Gobierno Federal, Gobierno Estatal y gobierno municipal.<\/p>\n\n\n\n<figure class=\"wp-block-gallery columns-3 is-cropped wp-block-gallery-1 is-layout-flex wp-block-gallery-is-layout-flex\"><ul class=\"blocks-gallery-grid\"><li class=\"blocks-gallery-item\"><figure><img decoding=\"async\" width=\"719\" height=\"480\" src=\"http:\/\/expressometro.mx\/wp-content\/uploads\/2021\/10\/WhatsApp-Image-2021-10-11-at-23.21.08-719x480.jpeg\" alt=\"\" data-id=\"3703\" data-link=\"http:\/\/expressometro.mx\/?attachment_id=3703\" class=\"wp-image-3703\" srcset=\"https:\/\/expressometro.mx\/wp-content\/uploads\/2021\/10\/WhatsApp-Image-2021-10-11-at-23.21.08-719x480.jpeg 719w, https:\/\/expressometro.mx\/wp-content\/uploads\/2021\/10\/WhatsApp-Image-2021-10-11-at-23.21.08-547x365.jpeg 547w, https:\/\/expressometro.mx\/wp-content\/uploads\/2021\/10\/WhatsApp-Image-2021-10-11-at-23.21.08-768x513.jpeg 768w, https:\/\/expressometro.mx\/wp-content\/uploads\/2021\/10\/WhatsApp-Image-2021-10-11-at-23.21.08-1536x1025.jpeg 1536w, https:\/\/expressometro.mx\/wp-content\/uploads\/2021\/10\/WhatsApp-Image-2021-10-11-at-23.21.08.jpeg 1600w\" sizes=\"(max-width: 719px) 100vw, 719px\" \/><\/figure><\/li><li class=\"blocks-gallery-item\"><figure><img decoding=\"async\" width=\"719\" height=\"480\" src=\"http:\/\/expressometro.mx\/wp-content\/uploads\/2021\/10\/WhatsApp-Image-2021-10-11-at-23.21.09-719x480.jpeg\" alt=\"\" data-id=\"3705\" data-link=\"http:\/\/expressometro.mx\/?attachment_id=3705\" class=\"wp-image-3705\" srcset=\"https:\/\/expressometro.mx\/wp-content\/uploads\/2021\/10\/WhatsApp-Image-2021-10-11-at-23.21.09-719x480.jpeg 719w, https:\/\/expressometro.mx\/wp-content\/uploads\/2021\/10\/WhatsApp-Image-2021-10-11-at-23.21.09-547x365.jpeg 547w, https:\/\/expressometro.mx\/wp-content\/uploads\/2021\/10\/WhatsApp-Image-2021-10-11-at-23.21.09-768x513.jpeg 768w, https:\/\/expressometro.mx\/wp-content\/uploads\/2021\/10\/WhatsApp-Image-2021-10-11-at-23.21.09-1536x1025.jpeg 1536w, https:\/\/expressometro.mx\/wp-content\/uploads\/2021\/10\/WhatsApp-Image-2021-10-11-at-23.21.09.jpeg 1600w\" sizes=\"(max-width: 719px) 100vw, 719px\" \/><\/figure><\/li><li class=\"blocks-gallery-item\"><figure><img decoding=\"async\" width=\"719\" height=\"480\" src=\"http:\/\/expressometro.mx\/wp-content\/uploads\/2021\/10\/WhatsApp-Image-2021-10-11-at-23.21.09-1-719x480.jpeg\" alt=\"\" data-id=\"3706\" data-full-url=\"http:\/\/expressometro.mx\/wp-content\/uploads\/2021\/10\/WhatsApp-Image-2021-10-11-at-23.21.09-1.jpeg\" data-link=\"http:\/\/expressometro.mx\/?attachment_id=3706\" class=\"wp-image-3706\" srcset=\"https:\/\/expressometro.mx\/wp-content\/uploads\/2021\/10\/WhatsApp-Image-2021-10-11-at-23.21.09-1-719x480.jpeg 719w, https:\/\/expressometro.mx\/wp-content\/uploads\/2021\/10\/WhatsApp-Image-2021-10-11-at-23.21.09-1-547x365.jpeg 547w, https:\/\/expressometro.mx\/wp-content\/uploads\/2021\/10\/WhatsApp-Image-2021-10-11-at-23.21.09-1-768x513.jpeg 768w, https:\/\/expressometro.mx\/wp-content\/uploads\/2021\/10\/WhatsApp-Image-2021-10-11-at-23.21.09-1-1536x1025.jpeg 1536w, https:\/\/expressometro.mx\/wp-content\/uploads\/2021\/10\/WhatsApp-Image-2021-10-11-at-23.21.09-1.jpeg 1600w\" sizes=\"(max-width: 719px) 100vw, 719px\" \/><\/figure><\/li><\/ul><\/figure>\n","protected":false},"excerpt":{"rendered":"<p>El alcalde resalt\u00f3 que esta obra fue posible con el trabajo en equipo entre el Gobierno Federal, Gobierno Estatal y gobierno municipal.<\/p>\n","protected":false},"author":2,"featured_media":3704,"comment_status":"open","ping_status":"open","sticky":false,"template":"","format":"standard","meta":{"footnotes":""},"categories":[3,231,6],"tags":[872,702],"class_list":["post-3701","post","type-post","status-publish","format-standard","has-post-thumbnail","hentry","category-gobierno","category-politica","category-seguridad","tag-apaxco","tag-daniel-parra"],"yoast_head":"<!-- This site is optimized with the Yoast SEO plugin v27.5 - https:\/\/yoast.com\/product\/yoast-seo-wordpress\/ -->\n<title>INAUGURAN ENTRONQUE AL ARCO NORTE - Expresso Metropolitano<\/title>\n<meta name=\"robots\" content=\"index, follow, max-snippet:-1, max-image-preview:large, max-video-preview:-1\" \/>\n<link rel=\"canonical\" href=\"https:\/\/expressometro.mx\/index.php\/2021\/09\/28\/inauguran-entronque-al-arco-norte\/\" \/>\n<meta property=\"og:locale\" content=\"es_MX\" \/>\n<meta property=\"og:type\" content=\"article\" \/>\n<meta property=\"og:title\" content=\"INAUGURAN ENTRONQUE AL ARCO NORTE - Expresso Metropolitano\" \/>\n<meta property=\"og:description\" content=\"El alcalde resalt\u00f3 que esta obra fue posible con el trabajo en equipo entre el Gobierno Federal, Gobierno Estatal y gobierno municipal.\" \/>\n<meta property=\"og:url\" content=\"https:\/\/expressometro.mx\/index.php\/2021\/09\/28\/inauguran-entronque-al-arco-norte\/\" \/>\n<meta property=\"og:site_name\" content=\"Expresso Metropolitano\" \/>\n<meta property=\"article:published_time\" content=\"2021-09-28T14:25:00+00:00\" \/>\n<meta property=\"article:modified_time\" content=\"2021-10-12T14:28:02+00:00\" \/>\n<meta property=\"og:image\" content=\"https:\/\/expressometro.mx\/wp-content\/uploads\/2021\/10\/WhatsApp-Image-2021-10-11-at-23.21.08-1.jpeg\" \/>\n\t<meta property=\"og:image:width\" content=\"1600\" \/>\n\t<meta property=\"og:image:height\" content=\"1068\" \/>\n\t<meta property=\"og:image:type\" content=\"image\/jpeg\" \/>\n<meta name=\"author\" content=\"Cecilia Vega\" \/>\n<meta name=\"twitter:label1\" content=\"Escrito por\" \/>\n\t<meta name=\"twitter:data1\" content=\"Cecilia Vega\" \/>\n\t<meta name=\"twitter:label2\" content=\"Tiempo de lectura\" \/>\n\t<meta name=\"twitter:data2\" content=\"1 minuto\" \/>\n<script type=\"application\/ld+json\" class=\"yoast-schema-graph\">{\"@context\":\"https:\\\/\\\/schema.org\",\"@graph\":[{\"@type\":\"Article\",\"@id\":\"https:\\\/\\\/expressometro.mx\\\/index.php\\\/2021\\\/09\\\/28\\\/inauguran-entronque-al-arco-norte\\\/#article\",\"isPartOf\":{\"@id\":\"https:\\\/\\\/expressometro.mx\\\/index.php\\\/2021\\\/09\\\/28\\\/inauguran-entronque-al-arco-norte\\\/\"},\"author\":{\"name\":\"Cecilia Vega\",\"@id\":\"https:\\\/\\\/expressometro.mx\\\/#\\\/schema\\\/person\\\/67a95b8e3862085c7598f66237488f1f\"},\"headline\":\"INAUGURAN ENTRONQUE AL ARCO NORTE\",\"datePublished\":\"2021-09-28T14:25:00+00:00\",\"dateModified\":\"2021-10-12T14:28:02+00:00\",\"mainEntityOfPage\":{\"@id\":\"https:\\\/\\\/expressometro.mx\\\/index.php\\\/2021\\\/09\\\/28\\\/inauguran-entronque-al-arco-norte\\\/\"},\"wordCount\":92,\"commentCount\":0,\"publisher\":{\"@id\":\"https:\\\/\\\/expressometro.mx\\\/#organization\"},\"image\":{\"@id\":\"https:\\\/\\\/expressometro.mx\\\/index.php\\\/2021\\\/09\\\/28\\\/inauguran-entronque-al-arco-norte\\\/#primaryimage\"},\"thumbnailUrl\":\"https:\\\/\\\/expressometro.mx\\\/wp-content\\\/uploads\\\/2021\\\/10\\\/WhatsApp-Image-2021-10-11-at-23.21.08-1.jpeg\",\"keywords\":[\"Apaxco\",\"Daniel Parra\"],\"articleSection\":[\"Gobierno\",\"Pol\u00edtica\",\"Seguridad\"],\"inLanguage\":\"es\",\"potentialAction\":[{\"@type\":\"CommentAction\",\"name\":\"Comment\",\"target\":[\"https:\\\/\\\/expressometro.mx\\\/index.php\\\/2021\\\/09\\\/28\\\/inauguran-entronque-al-arco-norte\\\/#respond\"]}]},{\"@type\":\"WebPage\",\"@id\":\"https:\\\/\\\/expressometro.mx\\\/index.php\\\/2021\\\/09\\\/28\\\/inauguran-entronque-al-arco-norte\\\/\",\"url\":\"https:\\\/\\\/expressometro.mx\\\/index.php\\\/2021\\\/09\\\/28\\\/inauguran-entronque-al-arco-norte\\\/\",\"name\":\"INAUGURAN ENTRONQUE AL ARCO NORTE - Expresso Metropolitano\",\"isPartOf\":{\"@id\":\"https:\\\/\\\/expressometro.mx\\\/#website\"},\"primaryImageOfPage\":{\"@id\":\"https:\\\/\\\/expressometro.mx\\\/index.php\\\/2021\\\/09\\\/28\\\/inauguran-entronque-al-arco-norte\\\/#primaryimage\"},\"image\":{\"@id\":\"https:\\\/\\\/expressometro.mx\\\/index.php\\\/2021\\\/09\\\/28\\\/inauguran-entronque-al-arco-norte\\\/#primaryimage\"},\"thumbnailUrl\":\"https:\\\/\\\/expressometro.mx\\\/wp-content\\\/uploads\\\/2021\\\/10\\\/WhatsApp-Image-2021-10-11-at-23.21.08-1.jpeg\",\"datePublished\":\"2021-09-28T14:25:00+00:00\",\"dateModified\":\"2021-10-12T14:28:02+00:00\",\"breadcrumb\":{\"@id\":\"https:\\\/\\\/expressometro.mx\\\/index.php\\\/2021\\\/09\\\/28\\\/inauguran-entronque-al-arco-norte\\\/#breadcrumb\"},\"inLanguage\":\"es\",\"potentialAction\":[{\"@type\":\"ReadAction\",\"target\":[\"https:\\\/\\\/expressometro.mx\\\/index.php\\\/2021\\\/09\\\/28\\\/inauguran-entronque-al-arco-norte\\\/\"]}]},{\"@type\":\"ImageObject\",\"inLanguage\":\"es\",\"@id\":\"https:\\\/\\\/expressometro.mx\\\/index.php\\\/2021\\\/09\\\/28\\\/inauguran-entronque-al-arco-norte\\\/#primaryimage\",\"url\":\"https:\\\/\\\/expressometro.mx\\\/wp-content\\\/uploads\\\/2021\\\/10\\\/WhatsApp-Image-2021-10-11-at-23.21.08-1.jpeg\",\"contentUrl\":\"https:\\\/\\\/expressometro.mx\\\/wp-content\\\/uploads\\\/2021\\\/10\\\/WhatsApp-Image-2021-10-11-at-23.21.08-1.jpeg\",\"width\":1600,\"height\":1068},{\"@type\":\"BreadcrumbList\",\"@id\":\"https:\\\/\\\/expressometro.mx\\\/index.php\\\/2021\\\/09\\\/28\\\/inauguran-entronque-al-arco-norte\\\/#breadcrumb\",\"itemListElement\":[{\"@type\":\"ListItem\",\"position\":1,\"name\":\"Inicio\",\"item\":\"https:\\\/\\\/expressometro.mx\\\/\"},{\"@type\":\"ListItem\",\"position\":2,\"name\":\"INAUGURAN ENTRONQUE AL ARCO NORTE\"}]},{\"@type\":\"WebSite\",\"@id\":\"https:\\\/\\\/expressometro.mx\\\/#website\",\"url\":\"https:\\\/\\\/expressometro.mx\\\/\",\"name\":\"Expresso Metropolitano\",\"description\":\"Periodismo comprometido, informaci\u00f3n, investigaci\u00f3n y an\u00e1lisis\",\"publisher\":{\"@id\":\"https:\\\/\\\/expressometro.mx\\\/#organization\"},\"potentialAction\":[{\"@type\":\"SearchAction\",\"target\":{\"@type\":\"EntryPoint\",\"urlTemplate\":\"https:\\\/\\\/expressometro.mx\\\/?s={search_term_string}\"},\"query-input\":{\"@type\":\"PropertyValueSpecification\",\"valueRequired\":true,\"valueName\":\"search_term_string\"}}],\"inLanguage\":\"es\"},{\"@type\":\"Organization\",\"@id\":\"https:\\\/\\\/expressometro.mx\\\/#organization\",\"name\":\"Expresso Metropolitano\",\"url\":\"https:\\\/\\\/expressometro.mx\\\/\",\"logo\":{\"@type\":\"ImageObject\",\"inLanguage\":\"es\",\"@id\":\"https:\\\/\\\/expressometro.mx\\\/#\\\/schema\\\/logo\\\/image\\\/\",\"url\":\"https:\\\/\\\/expressometro.mx\\\/wp-content\\\/uploads\\\/2019\\\/07\\\/cropped-Logo-Expresso-Metropolitano-1-1.jpeg\",\"contentUrl\":\"https:\\\/\\\/expressometro.mx\\\/wp-content\\\/uploads\\\/2019\\\/07\\\/cropped-Logo-Expresso-Metropolitano-1-1.jpeg\",\"width\":290,\"height\":73,\"caption\":\"Expresso Metropolitano\"},\"image\":{\"@id\":\"https:\\\/\\\/expressometro.mx\\\/#\\\/schema\\\/logo\\\/image\\\/\"}},{\"@type\":\"Person\",\"@id\":\"https:\\\/\\\/expressometro.mx\\\/#\\\/schema\\\/person\\\/67a95b8e3862085c7598f66237488f1f\",\"name\":\"Cecilia Vega\",\"image\":{\"@type\":\"ImageObject\",\"inLanguage\":\"es\",\"@id\":\"https:\\\/\\\/secure.gravatar.com\\\/avatar\\\/13aae9944ab2ee472a9e407c9487fdbd03b049abaa559af32fe5dbcf615c981b?s=96&d=mm&r=g\",\"url\":\"https:\\\/\\\/secure.gravatar.com\\\/avatar\\\/13aae9944ab2ee472a9e407c9487fdbd03b049abaa559af32fe5dbcf615c981b?s=96&d=mm&r=g\",\"contentUrl\":\"https:\\\/\\\/secure.gravatar.com\\\/avatar\\\/13aae9944ab2ee472a9e407c9487fdbd03b049abaa559af32fe5dbcf615c981b?s=96&d=mm&r=g\",\"caption\":\"Cecilia Vega\"},\"url\":\"https:\\\/\\\/expressometro.mx\\\/index.php\\\/author\\\/cecilia-vega\\\/\"}]}<\/script>\n<!-- \/ Yoast SEO plugin. -->","yoast_head_json":{"title":"INAUGURAN ENTRONQUE AL ARCO NORTE - Expresso Metropolitano","robots":{"index":"index","follow":"follow","max-snippet":"max-snippet:-1","max-image-preview":"max-image-preview:large","max-video-preview":"max-video-preview:-1"},"canonical":"https:\/\/expressometro.mx\/index.php\/2021\/09\/28\/inauguran-entronque-al-arco-norte\/","og_locale":"es_MX","og_type":"article","og_title":"INAUGURAN ENTRONQUE AL ARCO NORTE - Expresso Metropolitano","og_description":"El alcalde resalt\u00f3 que esta obra fue posible con el trabajo en equipo entre el Gobierno Federal, Gobierno Estatal y gobierno municipal.","og_url":"https:\/\/expressometro.mx\/index.php\/2021\/09\/28\/inauguran-entronque-al-arco-norte\/","og_site_name":"Expresso Metropolitano","article_published_time":"2021-09-28T14:25:00+00:00","article_modified_time":"2021-10-12T14:28:02+00:00","og_image":[{"width":1600,"height":1068,"url":"https:\/\/expressometro.mx\/wp-content\/uploads\/2021\/10\/WhatsApp-Image-2021-10-11-at-23.21.08-1.jpeg","type":"image\/jpeg"}],"author":"Cecilia Vega","twitter_misc":{"Escrito por":"Cecilia Vega","Tiempo de lectura":"1 minuto"},"schema":{"@context":"https:\/\/schema.org","@graph":[{"@type":"Article","@id":"https:\/\/expressometro.mx\/index.php\/2021\/09\/28\/inauguran-entronque-al-arco-norte\/#article","isPartOf":{"@id":"https:\/\/expressometro.mx\/index.php\/2021\/09\/28\/inauguran-entronque-al-arco-norte\/"},"author":{"name":"Cecilia Vega","@id":"https:\/\/expressometro.mx\/#\/schema\/person\/67a95b8e3862085c7598f66237488f1f"},"headline":"INAUGURAN ENTRONQUE AL ARCO NORTE","datePublished":"2021-09-28T14:25:00+00:00","dateModified":"2021-10-12T14:28:02+00:00","mainEntityOfPage":{"@id":"https:\/\/expressometro.mx\/index.php\/2021\/09\/28\/inauguran-entronque-al-arco-norte\/"},"wordCount":92,"commentCount":0,"publisher":{"@id":"https:\/\/expressometro.mx\/#organization"},"image":{"@id":"https:\/\/expressometro.mx\/index.php\/2021\/09\/28\/inauguran-entronque-al-arco-norte\/#primaryimage"},"thumbnailUrl":"https:\/\/expressometro.mx\/wp-content\/uploads\/2021\/10\/WhatsApp-Image-2021-10-11-at-23.21.08-1.jpeg","keywords":["Apaxco","Daniel Parra"],"articleSection":["Gobierno","Pol\u00edtica","Seguridad"],"inLanguage":"es","potentialAction":[{"@type":"CommentAction","name":"Comment","target":["https:\/\/expressometro.mx\/index.php\/2021\/09\/28\/inauguran-entronque-al-arco-norte\/#respond"]}]},{"@type":"WebPage","@id":"https:\/\/expressometro.mx\/index.php\/2021\/09\/28\/inauguran-entronque-al-arco-norte\/","url":"https:\/\/expressometro.mx\/index.php\/2021\/09\/28\/inauguran-entronque-al-arco-norte\/","name":"INAUGURAN ENTRONQUE AL ARCO NORTE - Expresso Metropolitano","isPartOf":{"@id":"https:\/\/expressometro.mx\/#website"},"primaryImageOfPage":{"@id":"https:\/\/expressometro.mx\/index.php\/2021\/09\/28\/inauguran-entronque-al-arco-norte\/#primaryimage"},"image":{"@id":"https:\/\/expressometro.mx\/index.php\/2021\/09\/28\/inauguran-entronque-al-arco-norte\/#primaryimage"},"thumbnailUrl":"https:\/\/expressometro.mx\/wp-content\/uploads\/2021\/10\/WhatsApp-Image-2021-10-11-at-23.21.08-1.jpeg","datePublished":"2021-09-28T14:25:00+00:00","dateModified":"2021-10-12T14:28:02+00:00","breadcrumb":{"@id":"https:\/\/expressometro.mx\/index.php\/2021\/09\/28\/inauguran-entronque-al-arco-norte\/#breadcrumb"},"inLanguage":"es","potentialAction":[{"@type":"ReadAction","target":["https:\/\/expressometro.mx\/index.php\/2021\/09\/28\/inauguran-entronque-al-arco-norte\/"]}]},{"@type":"ImageObject","inLanguage":"es","@id":"https:\/\/expressometro.mx\/index.php\/2021\/09\/28\/inauguran-entronque-al-arco-norte\/#primaryimage","url":"https:\/\/expressometro.mx\/wp-content\/uploads\/2021\/10\/WhatsApp-Image-2021-10-11-at-23.21.08-1.jpeg","contentUrl":"https:\/\/expressometro.mx\/wp-content\/uploads\/2021\/10\/WhatsApp-Image-2021-10-11-at-23.21.08-1.jpeg","width":1600,"height":1068},{"@type":"BreadcrumbList","@id":"https:\/\/expressometro.mx\/index.php\/2021\/09\/28\/inauguran-entronque-al-arco-norte\/#breadcrumb","itemListElement":[{"@type":"ListItem","position":1,"name":"Inicio","item":"https:\/\/expressometro.mx\/"},{"@type":"ListItem","position":2,"name":"INAUGURAN ENTRONQUE AL ARCO NORTE"}]},{"@type":"WebSite","@id":"https:\/\/expressometro.mx\/#website","url":"https:\/\/expressometro.mx\/","name":"Expresso Metropolitano","description":"Periodismo comprometido, informaci\u00f3n, investigaci\u00f3n y an\u00e1lisis","publisher":{"@id":"https:\/\/expressometro.mx\/#organization"},"potentialAction":[{"@type":"SearchAction","target":{"@type":"EntryPoint","urlTemplate":"https:\/\/expressometro.mx\/?s={search_term_string}"},"query-input":{"@type":"PropertyValueSpecification","valueRequired":true,"valueName":"search_term_string"}}],"inLanguage":"es"},{"@type":"Organization","@id":"https:\/\/expressometro.mx\/#organization","name":"Expresso Metropolitano","url":"https:\/\/expressometro.mx\/","logo":{"@type":"ImageObject","inLanguage":"es","@id":"https:\/\/expressometro.mx\/#\/schema\/logo\/image\/","url":"https:\/\/expressometro.mx\/wp-content\/uploads\/2019\/07\/cropped-Logo-Expresso-Metropolitano-1-1.jpeg","contentUrl":"https:\/\/expressometro.mx\/wp-content\/uploads\/2019\/07\/cropped-Logo-Expresso-Metropolitano-1-1.jpeg","width":290,"height":73,"caption":"Expresso Metropolitano"},"image":{"@id":"https:\/\/expressometro.mx\/#\/schema\/logo\/image\/"}},{"@type":"Person","@id":"https:\/\/expressometro.mx\/#\/schema\/person\/67a95b8e3862085c7598f66237488f1f","name":"Cecilia Vega","image":{"@type":"ImageObject","inLanguage":"es","@id":"https:\/\/secure.gravatar.com\/avatar\/13aae9944ab2ee472a9e407c9487fdbd03b049abaa559af32fe5dbcf615c981b?s=96&d=mm&r=g","url":"https:\/\/secure.gravatar.com\/avatar\/13aae9944ab2ee472a9e407c9487fdbd03b049abaa559af32fe5dbcf615c981b?s=96&d=mm&r=g","contentUrl":"https:\/\/secure.gravatar.com\/avatar\/13aae9944ab2ee472a9e407c9487fdbd03b049abaa559af32fe5dbcf615c981b?s=96&d=mm&r=g","caption":"Cecilia Vega"},"url":"https:\/\/expressometro.mx\/index.php\/author\/cecilia-vega\/"}]}},"amp_enabled":true,"_links":{"self":[{"href":"https:\/\/expressometro.mx\/index.php\/wp-json\/wp\/v2\/posts\/3701","targetHints":{"allow":["GET"]}}],"collection":[{"href":"https:\/\/expressometro.mx\/index.php\/wp-json\/wp\/v2\/posts"}],"about":[{"href":"https:\/\/expressometro.mx\/index.php\/wp-json\/wp\/v2\/types\/post"}],"author":[{"embeddable":true,"href":"https:\/\/expressometro.mx\/index.php\/wp-json\/wp\/v2\/users\/2"}],"replies":[{"embeddable":true,"href":"https:\/\/expressometro.mx\/index.php\/wp-json\/wp\/v2\/comments?post=3701"}],"version-history":[{"count":1,"href":"https:\/\/expressometro.mx\/index.php\/wp-json\/wp\/v2\/posts\/3701\/revisions"}],"predecessor-version":[{"id":3707,"href":"https:\/\/expressometro.mx\/index.php\/wp-json\/wp\/v2\/posts\/3701\/revisions\/3707"}],"wp:featuredmedia":[{"embeddable":true,"href":"https:\/\/expressometro.mx\/index.php\/wp-json\/wp\/v2\/media\/3704"}],"wp:attachment":[{"href":"https:\/\/expressometro.mx\/index.php\/wp-json\/wp\/v2\/media?parent=3701"}],"wp:term":[{"taxonomy":"category","embeddable":true,"href":"https:\/\/expressometro.mx\/index.php\/wp-json\/wp\/v2\/categories?post=3701"},{"taxonomy":"post_tag","embeddable":true,"href":"https:\/\/expressometro.mx\/index.php\/wp-json\/wp\/v2\/tags?post=3701"}],"curies":[{"name":"wp","href":"https:\/\/api.w.org\/{rel}","templated":true}]}}