{"id":3692,"date":"2021-10-11T15:19:25","date_gmt":"2021-10-11T20:19:25","guid":{"rendered":"http:\/\/expressometro.mx\/?p=3692"},"modified":"2021-10-11T15:20:46","modified_gmt":"2021-10-11T20:20:46","slug":"mas-espacios-deportivos-para-jocotitlan","status":"publish","type":"post","link":"https:\/\/expressometro.mx\/index.php\/2021\/10\/11\/mas-espacios-deportivos-para-jocotitlan\/","title":{"rendered":"MAS ESPACIOS DEPORTIVOS PARA JOCOTITLAN"},"content":{"rendered":"\n<p>La voluntad pol\u00edtica y el esfuerzo de una comunidad que se interesa por cambiar sus condiciones de vida permitieron que el municipio de Jocotitl\u00e1n tenga una nueva unidad deportiva a la altura de su desarrollo.<\/p>\n\n\n\n<p>En San Francisco Cheje se enmarc\u00f3 la nueva \u00e1rea deportiva con autoridades, ciudadanos de la comunidad e invitados especiales como los hist\u00f3ricos del Club Deportivo Guadalajara.<\/p>\n\n\n\n<p>El alcalde Armando S\u00e1nchez Mendoza acompa\u00f1ado por el Diputado Federal, Gustavo C\u00e1rdenas Monroy, Diputado Local Iv\u00e1n de Jes\u00fas Esquer Cruz y la Secretaria del Campo Mercedes Col\u00edn Guadarrama inauguraron el empastado.<\/p>\n\n\n\n<p>En el acto, tambi\u00e9n hicieron corte de list\u00f3n y recorrido del campo deportivo el Presidente Municipal electo Jes\u00fas Cedillo Gonz\u00e1lez, la Subsecretaria de Desarrollo Agropecuario del Edomex Mar\u00eda Luisa Cienfuegos Guti\u00e9rrez, integrantes del cabildo, los jugadores de las leyendas del Guadalajara y vecinos de la Comunidad.<\/p>\n\n\n\n<p>La Unidad Deportiva de San Francisco Cheje fue rehabilitada con pasto sint\u00e9tico, gradas, entre otros para el uso de los habitantes con el prop\u00f3sito de que se siga fomentando el deporte entre la ciudadan\u00eda.<\/p>\n\n\n\n<p>\u00c9stas obras se convierten en una realidad construyendo nuevos espacios deportivos para los Jocotitlenses, puntualiz\u00f3 el alcalde Armando S\u00e1nchez.<\/p>\n\n\n\n<figure class=\"wp-block-gallery columns-3 is-cropped wp-block-gallery-1 is-layout-flex wp-block-gallery-is-layout-flex\"><ul class=\"blocks-gallery-grid\"><li class=\"blocks-gallery-item\"><figure><img loading=\"lazy\" decoding=\"async\" width=\"840\" height=\"473\" src=\"http:\/\/expressometro.mx\/wp-content\/uploads\/2021\/10\/WhatsApp-Image-2021-10-11-at-11.03.41-840x473.jpeg\" alt=\"\" data-id=\"3694\" data-link=\"http:\/\/expressometro.mx\/?attachment_id=3694\" class=\"wp-image-3694\" srcset=\"https:\/\/expressometro.mx\/wp-content\/uploads\/2021\/10\/WhatsApp-Image-2021-10-11-at-11.03.41-840x473.jpeg 840w, https:\/\/expressometro.mx\/wp-content\/uploads\/2021\/10\/WhatsApp-Image-2021-10-11-at-11.03.41-649x365.jpeg 649w, https:\/\/expressometro.mx\/wp-content\/uploads\/2021\/10\/WhatsApp-Image-2021-10-11-at-11.03.41-768x432.jpeg 768w, https:\/\/expressometro.mx\/wp-content\/uploads\/2021\/10\/WhatsApp-Image-2021-10-11-at-11.03.41-1536x864.jpeg 1536w, https:\/\/expressometro.mx\/wp-content\/uploads\/2021\/10\/WhatsApp-Image-2021-10-11-at-11.03.41.jpeg 1600w\" sizes=\"auto, (max-width: 840px) 100vw, 840px\" \/><\/figure><\/li><li class=\"blocks-gallery-item\"><figure><img loading=\"lazy\" decoding=\"async\" width=\"640\" height=\"480\" src=\"http:\/\/expressometro.mx\/wp-content\/uploads\/2021\/10\/WhatsApp-Image-2021-10-11-at-11.05.10-1-640x480.jpeg\" alt=\"\" data-id=\"3698\" data-link=\"http:\/\/expressometro.mx\/index.php\/2021\/10\/11\/mas-espacios-deportivos-para-jocotitlan\/whatsapp-image-2021-10-11-at-11-05-10-1\/\" class=\"wp-image-3698\" srcset=\"https:\/\/expressometro.mx\/wp-content\/uploads\/2021\/10\/WhatsApp-Image-2021-10-11-at-11.05.10-1-640x480.jpeg 640w, https:\/\/expressometro.mx\/wp-content\/uploads\/2021\/10\/WhatsApp-Image-2021-10-11-at-11.05.10-1-487x365.jpeg 487w, https:\/\/expressometro.mx\/wp-content\/uploads\/2021\/10\/WhatsApp-Image-2021-10-11-at-11.05.10-1-768x576.jpeg 768w, https:\/\/expressometro.mx\/wp-content\/uploads\/2021\/10\/WhatsApp-Image-2021-10-11-at-11.05.10-1.jpeg 960w\" sizes=\"auto, (max-width: 640px) 100vw, 640px\" \/><\/figure><\/li><li class=\"blocks-gallery-item\"><figure><img loading=\"lazy\" decoding=\"async\" width=\"640\" height=\"480\" src=\"http:\/\/expressometro.mx\/wp-content\/uploads\/2021\/10\/WhatsApp-Image-2021-10-11-at-11.05.11-640x480.jpeg\" alt=\"\" data-id=\"3699\" data-full-url=\"http:\/\/expressometro.mx\/wp-content\/uploads\/2021\/10\/WhatsApp-Image-2021-10-11-at-11.05.11.jpeg\" data-link=\"http:\/\/expressometro.mx\/index.php\/2021\/10\/11\/mas-espacios-deportivos-para-jocotitlan\/whatsapp-image-2021-10-11-at-11-05-11\/\" class=\"wp-image-3699\" srcset=\"https:\/\/expressometro.mx\/wp-content\/uploads\/2021\/10\/WhatsApp-Image-2021-10-11-at-11.05.11-640x480.jpeg 640w, https:\/\/expressometro.mx\/wp-content\/uploads\/2021\/10\/WhatsApp-Image-2021-10-11-at-11.05.11-487x365.jpeg 487w, https:\/\/expressometro.mx\/wp-content\/uploads\/2021\/10\/WhatsApp-Image-2021-10-11-at-11.05.11-768x576.jpeg 768w, https:\/\/expressometro.mx\/wp-content\/uploads\/2021\/10\/WhatsApp-Image-2021-10-11-at-11.05.11.jpeg 960w\" sizes=\"auto, (max-width: 640px) 100vw, 640px\" \/><\/figure><\/li><\/ul><\/figure>\n","protected":false},"excerpt":{"rendered":"<p>La Unidad Deportiva de San Francisco Cheje fue rehabilitada con pasto sint\u00e9tico, gradas, entre otros para el uso de los habitantes con el prop\u00f3sito de que se siga fomentando el deporte entre la ciudadan\u00eda.<\/p>\n","protected":false},"author":2,"featured_media":3695,"comment_status":"open","ping_status":"open","sticky":false,"template":"","format":"standard","meta":{"footnotes":""},"categories":[9,3],"tags":[845,576,324],"class_list":["post-3692","post","type-post","status-publish","format-standard","has-post-thumbnail","hentry","category-deportes","category-gobierno","tag-gustavo-cardenas-monroy","tag-ivan-esquer","tag-jocotitlan"],"yoast_head":"<!-- This site is optimized with the Yoast SEO plugin v27.5 - https:\/\/yoast.com\/product\/yoast-seo-wordpress\/ -->\n<title>MAS ESPACIOS DEPORTIVOS PARA JOCOTITLAN - Expresso Metropolitano<\/title>\n<meta name=\"robots\" content=\"index, follow, max-snippet:-1, max-image-preview:large, max-video-preview:-1\" \/>\n<link rel=\"canonical\" href=\"https:\/\/expressometro.mx\/index.php\/2021\/10\/11\/mas-espacios-deportivos-para-jocotitlan\/\" \/>\n<meta property=\"og:locale\" content=\"es_MX\" \/>\n<meta property=\"og:type\" content=\"article\" \/>\n<meta property=\"og:title\" content=\"MAS ESPACIOS DEPORTIVOS PARA JOCOTITLAN - Expresso Metropolitano\" \/>\n<meta property=\"og:description\" content=\"La Unidad Deportiva de San Francisco Cheje fue rehabilitada con pasto sint\u00e9tico, gradas, entre otros para el uso de los habitantes con el prop\u00f3sito de que se siga fomentando el deporte entre la ciudadan\u00eda.\" \/>\n<meta property=\"og:url\" content=\"https:\/\/expressometro.mx\/index.php\/2021\/10\/11\/mas-espacios-deportivos-para-jocotitlan\/\" \/>\n<meta property=\"og:site_name\" content=\"Expresso Metropolitano\" \/>\n<meta property=\"article:published_time\" content=\"2021-10-11T20:19:25+00:00\" \/>\n<meta property=\"article:modified_time\" content=\"2021-10-11T20:20:46+00:00\" \/>\n<meta property=\"og:image\" content=\"https:\/\/expressometro.mx\/wp-content\/uploads\/2021\/10\/WhatsApp-Image-2021-10-11-at-11.05.10.jpeg\" \/>\n\t<meta property=\"og:image:width\" content=\"1200\" \/>\n\t<meta property=\"og:image:height\" content=\"1600\" \/>\n\t<meta property=\"og:image:type\" content=\"image\/jpeg\" \/>\n<meta name=\"author\" content=\"Cecilia Vega\" \/>\n<meta name=\"twitter:label1\" content=\"Escrito por\" \/>\n\t<meta name=\"twitter:data1\" content=\"Cecilia Vega\" \/>\n\t<meta name=\"twitter:label2\" content=\"Tiempo de lectura\" \/>\n\t<meta name=\"twitter:data2\" content=\"2 minutos\" \/>\n<script type=\"application\/ld+json\" class=\"yoast-schema-graph\">{\"@context\":\"https:\\\/\\\/schema.org\",\"@graph\":[{\"@type\":\"Article\",\"@id\":\"https:\\\/\\\/expressometro.mx\\\/index.php\\\/2021\\\/10\\\/11\\\/mas-espacios-deportivos-para-jocotitlan\\\/#article\",\"isPartOf\":{\"@id\":\"https:\\\/\\\/expressometro.mx\\\/index.php\\\/2021\\\/10\\\/11\\\/mas-espacios-deportivos-para-jocotitlan\\\/\"},\"author\":{\"name\":\"Cecilia Vega\",\"@id\":\"https:\\\/\\\/expressometro.mx\\\/#\\\/schema\\\/person\\\/67a95b8e3862085c7598f66237488f1f\"},\"headline\":\"MAS ESPACIOS DEPORTIVOS PARA JOCOTITLAN\",\"datePublished\":\"2021-10-11T20:19:25+00:00\",\"dateModified\":\"2021-10-11T20:20:46+00:00\",\"mainEntityOfPage\":{\"@id\":\"https:\\\/\\\/expressometro.mx\\\/index.php\\\/2021\\\/10\\\/11\\\/mas-espacios-deportivos-para-jocotitlan\\\/\"},\"wordCount\":215,\"commentCount\":0,\"publisher\":{\"@id\":\"https:\\\/\\\/expressometro.mx\\\/#organization\"},\"image\":{\"@id\":\"https:\\\/\\\/expressometro.mx\\\/index.php\\\/2021\\\/10\\\/11\\\/mas-espacios-deportivos-para-jocotitlan\\\/#primaryimage\"},\"thumbnailUrl\":\"https:\\\/\\\/expressometro.mx\\\/wp-content\\\/uploads\\\/2021\\\/10\\\/WhatsApp-Image-2021-10-11-at-11.05.10.jpeg\",\"keywords\":[\"Gustavo C\u00e1rdenas Monroy\",\"Iv\u00e1n Esquer\",\"Jocotitl\u00e1n\"],\"articleSection\":[\"Deportes\",\"Gobierno\"],\"inLanguage\":\"es\",\"potentialAction\":[{\"@type\":\"CommentAction\",\"name\":\"Comment\",\"target\":[\"https:\\\/\\\/expressometro.mx\\\/index.php\\\/2021\\\/10\\\/11\\\/mas-espacios-deportivos-para-jocotitlan\\\/#respond\"]}]},{\"@type\":\"WebPage\",\"@id\":\"https:\\\/\\\/expressometro.mx\\\/index.php\\\/2021\\\/10\\\/11\\\/mas-espacios-deportivos-para-jocotitlan\\\/\",\"url\":\"https:\\\/\\\/expressometro.mx\\\/index.php\\\/2021\\\/10\\\/11\\\/mas-espacios-deportivos-para-jocotitlan\\\/\",\"name\":\"MAS ESPACIOS DEPORTIVOS PARA JOCOTITLAN - Expresso Metropolitano\",\"isPartOf\":{\"@id\":\"https:\\\/\\\/expressometro.mx\\\/#website\"},\"primaryImageOfPage\":{\"@id\":\"https:\\\/\\\/expressometro.mx\\\/index.php\\\/2021\\\/10\\\/11\\\/mas-espacios-deportivos-para-jocotitlan\\\/#primaryimage\"},\"image\":{\"@id\":\"https:\\\/\\\/expressometro.mx\\\/index.php\\\/2021\\\/10\\\/11\\\/mas-espacios-deportivos-para-jocotitlan\\\/#primaryimage\"},\"thumbnailUrl\":\"https:\\\/\\\/expressometro.mx\\\/wp-content\\\/uploads\\\/2021\\\/10\\\/WhatsApp-Image-2021-10-11-at-11.05.10.jpeg\",\"datePublished\":\"2021-10-11T20:19:25+00:00\",\"dateModified\":\"2021-10-11T20:20:46+00:00\",\"breadcrumb\":{\"@id\":\"https:\\\/\\\/expressometro.mx\\\/index.php\\\/2021\\\/10\\\/11\\\/mas-espacios-deportivos-para-jocotitlan\\\/#breadcrumb\"},\"inLanguage\":\"es\",\"potentialAction\":[{\"@type\":\"ReadAction\",\"target\":[\"https:\\\/\\\/expressometro.mx\\\/index.php\\\/2021\\\/10\\\/11\\\/mas-espacios-deportivos-para-jocotitlan\\\/\"]}]},{\"@type\":\"ImageObject\",\"inLanguage\":\"es\",\"@id\":\"https:\\\/\\\/expressometro.mx\\\/index.php\\\/2021\\\/10\\\/11\\\/mas-espacios-deportivos-para-jocotitlan\\\/#primaryimage\",\"url\":\"https:\\\/\\\/expressometro.mx\\\/wp-content\\\/uploads\\\/2021\\\/10\\\/WhatsApp-Image-2021-10-11-at-11.05.10.jpeg\",\"contentUrl\":\"https:\\\/\\\/expressometro.mx\\\/wp-content\\\/uploads\\\/2021\\\/10\\\/WhatsApp-Image-2021-10-11-at-11.05.10.jpeg\",\"width\":1200,\"height\":1600},{\"@type\":\"BreadcrumbList\",\"@id\":\"https:\\\/\\\/expressometro.mx\\\/index.php\\\/2021\\\/10\\\/11\\\/mas-espacios-deportivos-para-jocotitlan\\\/#breadcrumb\",\"itemListElement\":[{\"@type\":\"ListItem\",\"position\":1,\"name\":\"Inicio\",\"item\":\"https:\\\/\\\/expressometro.mx\\\/\"},{\"@type\":\"ListItem\",\"position\":2,\"name\":\"MAS ESPACIOS DEPORTIVOS PARA JOCOTITLAN\"}]},{\"@type\":\"WebSite\",\"@id\":\"https:\\\/\\\/expressometro.mx\\\/#website\",\"url\":\"https:\\\/\\\/expressometro.mx\\\/\",\"name\":\"Expresso Metropolitano\",\"description\":\"Periodismo comprometido, informaci\u00f3n, investigaci\u00f3n y an\u00e1lisis\",\"publisher\":{\"@id\":\"https:\\\/\\\/expressometro.mx\\\/#organization\"},\"potentialAction\":[{\"@type\":\"SearchAction\",\"target\":{\"@type\":\"EntryPoint\",\"urlTemplate\":\"https:\\\/\\\/expressometro.mx\\\/?s={search_term_string}\"},\"query-input\":{\"@type\":\"PropertyValueSpecification\",\"valueRequired\":true,\"valueName\":\"search_term_string\"}}],\"inLanguage\":\"es\"},{\"@type\":\"Organization\",\"@id\":\"https:\\\/\\\/expressometro.mx\\\/#organization\",\"name\":\"Expresso Metropolitano\",\"url\":\"https:\\\/\\\/expressometro.mx\\\/\",\"logo\":{\"@type\":\"ImageObject\",\"inLanguage\":\"es\",\"@id\":\"https:\\\/\\\/expressometro.mx\\\/#\\\/schema\\\/logo\\\/image\\\/\",\"url\":\"https:\\\/\\\/expressometro.mx\\\/wp-content\\\/uploads\\\/2019\\\/07\\\/cropped-Logo-Expresso-Metropolitano-1-1.jpeg\",\"contentUrl\":\"https:\\\/\\\/expressometro.mx\\\/wp-content\\\/uploads\\\/2019\\\/07\\\/cropped-Logo-Expresso-Metropolitano-1-1.jpeg\",\"width\":290,\"height\":73,\"caption\":\"Expresso Metropolitano\"},\"image\":{\"@id\":\"https:\\\/\\\/expressometro.mx\\\/#\\\/schema\\\/logo\\\/image\\\/\"}},{\"@type\":\"Person\",\"@id\":\"https:\\\/\\\/expressometro.mx\\\/#\\\/schema\\\/person\\\/67a95b8e3862085c7598f66237488f1f\",\"name\":\"Cecilia Vega\",\"image\":{\"@type\":\"ImageObject\",\"inLanguage\":\"es\",\"@id\":\"https:\\\/\\\/secure.gravatar.com\\\/avatar\\\/13aae9944ab2ee472a9e407c9487fdbd03b049abaa559af32fe5dbcf615c981b?s=96&d=mm&r=g\",\"url\":\"https:\\\/\\\/secure.gravatar.com\\\/avatar\\\/13aae9944ab2ee472a9e407c9487fdbd03b049abaa559af32fe5dbcf615c981b?s=96&d=mm&r=g\",\"contentUrl\":\"https:\\\/\\\/secure.gravatar.com\\\/avatar\\\/13aae9944ab2ee472a9e407c9487fdbd03b049abaa559af32fe5dbcf615c981b?s=96&d=mm&r=g\",\"caption\":\"Cecilia Vega\"},\"url\":\"https:\\\/\\\/expressometro.mx\\\/index.php\\\/author\\\/cecilia-vega\\\/\"}]}<\/script>\n<!-- \/ Yoast SEO plugin. -->","yoast_head_json":{"title":"MAS ESPACIOS DEPORTIVOS PARA JOCOTITLAN - Expresso Metropolitano","robots":{"index":"index","follow":"follow","max-snippet":"max-snippet:-1","max-image-preview":"max-image-preview:large","max-video-preview":"max-video-preview:-1"},"canonical":"https:\/\/expressometro.mx\/index.php\/2021\/10\/11\/mas-espacios-deportivos-para-jocotitlan\/","og_locale":"es_MX","og_type":"article","og_title":"MAS ESPACIOS DEPORTIVOS PARA JOCOTITLAN - Expresso Metropolitano","og_description":"La Unidad Deportiva de San Francisco Cheje fue rehabilitada con pasto sint\u00e9tico, gradas, entre otros para el uso de los habitantes con el prop\u00f3sito de que se siga fomentando el deporte entre la ciudadan\u00eda.","og_url":"https:\/\/expressometro.mx\/index.php\/2021\/10\/11\/mas-espacios-deportivos-para-jocotitlan\/","og_site_name":"Expresso Metropolitano","article_published_time":"2021-10-11T20:19:25+00:00","article_modified_time":"2021-10-11T20:20:46+00:00","og_image":[{"width":1200,"height":1600,"url":"https:\/\/expressometro.mx\/wp-content\/uploads\/2021\/10\/WhatsApp-Image-2021-10-11-at-11.05.10.jpeg","type":"image\/jpeg"}],"author":"Cecilia Vega","twitter_misc":{"Escrito por":"Cecilia Vega","Tiempo de lectura":"2 minutos"},"schema":{"@context":"https:\/\/schema.org","@graph":[{"@type":"Article","@id":"https:\/\/expressometro.mx\/index.php\/2021\/10\/11\/mas-espacios-deportivos-para-jocotitlan\/#article","isPartOf":{"@id":"https:\/\/expressometro.mx\/index.php\/2021\/10\/11\/mas-espacios-deportivos-para-jocotitlan\/"},"author":{"name":"Cecilia Vega","@id":"https:\/\/expressometro.mx\/#\/schema\/person\/67a95b8e3862085c7598f66237488f1f"},"headline":"MAS ESPACIOS DEPORTIVOS PARA JOCOTITLAN","datePublished":"2021-10-11T20:19:25+00:00","dateModified":"2021-10-11T20:20:46+00:00","mainEntityOfPage":{"@id":"https:\/\/expressometro.mx\/index.php\/2021\/10\/11\/mas-espacios-deportivos-para-jocotitlan\/"},"wordCount":215,"commentCount":0,"publisher":{"@id":"https:\/\/expressometro.mx\/#organization"},"image":{"@id":"https:\/\/expressometro.mx\/index.php\/2021\/10\/11\/mas-espacios-deportivos-para-jocotitlan\/#primaryimage"},"thumbnailUrl":"https:\/\/expressometro.mx\/wp-content\/uploads\/2021\/10\/WhatsApp-Image-2021-10-11-at-11.05.10.jpeg","keywords":["Gustavo C\u00e1rdenas Monroy","Iv\u00e1n Esquer","Jocotitl\u00e1n"],"articleSection":["Deportes","Gobierno"],"inLanguage":"es","potentialAction":[{"@type":"CommentAction","name":"Comment","target":["https:\/\/expressometro.mx\/index.php\/2021\/10\/11\/mas-espacios-deportivos-para-jocotitlan\/#respond"]}]},{"@type":"WebPage","@id":"https:\/\/expressometro.mx\/index.php\/2021\/10\/11\/mas-espacios-deportivos-para-jocotitlan\/","url":"https:\/\/expressometro.mx\/index.php\/2021\/10\/11\/mas-espacios-deportivos-para-jocotitlan\/","name":"MAS ESPACIOS DEPORTIVOS PARA JOCOTITLAN - Expresso Metropolitano","isPartOf":{"@id":"https:\/\/expressometro.mx\/#website"},"primaryImageOfPage":{"@id":"https:\/\/expressometro.mx\/index.php\/2021\/10\/11\/mas-espacios-deportivos-para-jocotitlan\/#primaryimage"},"image":{"@id":"https:\/\/expressometro.mx\/index.php\/2021\/10\/11\/mas-espacios-deportivos-para-jocotitlan\/#primaryimage"},"thumbnailUrl":"https:\/\/expressometro.mx\/wp-content\/uploads\/2021\/10\/WhatsApp-Image-2021-10-11-at-11.05.10.jpeg","datePublished":"2021-10-11T20:19:25+00:00","dateModified":"2021-10-11T20:20:46+00:00","breadcrumb":{"@id":"https:\/\/expressometro.mx\/index.php\/2021\/10\/11\/mas-espacios-deportivos-para-jocotitlan\/#breadcrumb"},"inLanguage":"es","potentialAction":[{"@type":"ReadAction","target":["https:\/\/expressometro.mx\/index.php\/2021\/10\/11\/mas-espacios-deportivos-para-jocotitlan\/"]}]},{"@type":"ImageObject","inLanguage":"es","@id":"https:\/\/expressometro.mx\/index.php\/2021\/10\/11\/mas-espacios-deportivos-para-jocotitlan\/#primaryimage","url":"https:\/\/expressometro.mx\/wp-content\/uploads\/2021\/10\/WhatsApp-Image-2021-10-11-at-11.05.10.jpeg","contentUrl":"https:\/\/expressometro.mx\/wp-content\/uploads\/2021\/10\/WhatsApp-Image-2021-10-11-at-11.05.10.jpeg","width":1200,"height":1600},{"@type":"BreadcrumbList","@id":"https:\/\/expressometro.mx\/index.php\/2021\/10\/11\/mas-espacios-deportivos-para-jocotitlan\/#breadcrumb","itemListElement":[{"@type":"ListItem","position":1,"name":"Inicio","item":"https:\/\/expressometro.mx\/"},{"@type":"ListItem","position":2,"name":"MAS ESPACIOS DEPORTIVOS PARA JOCOTITLAN"}]},{"@type":"WebSite","@id":"https:\/\/expressometro.mx\/#website","url":"https:\/\/expressometro.mx\/","name":"Expresso Metropolitano","description":"Periodismo comprometido, informaci\u00f3n, investigaci\u00f3n y an\u00e1lisis","publisher":{"@id":"https:\/\/expressometro.mx\/#organization"},"potentialAction":[{"@type":"SearchAction","target":{"@type":"EntryPoint","urlTemplate":"https:\/\/expressometro.mx\/?s={search_term_string}"},"query-input":{"@type":"PropertyValueSpecification","valueRequired":true,"valueName":"search_term_string"}}],"inLanguage":"es"},{"@type":"Organization","@id":"https:\/\/expressometro.mx\/#organization","name":"Expresso Metropolitano","url":"https:\/\/expressometro.mx\/","logo":{"@type":"ImageObject","inLanguage":"es","@id":"https:\/\/expressometro.mx\/#\/schema\/logo\/image\/","url":"https:\/\/expressometro.mx\/wp-content\/uploads\/2019\/07\/cropped-Logo-Expresso-Metropolitano-1-1.jpeg","contentUrl":"https:\/\/expressometro.mx\/wp-content\/uploads\/2019\/07\/cropped-Logo-Expresso-Metropolitano-1-1.jpeg","width":290,"height":73,"caption":"Expresso Metropolitano"},"image":{"@id":"https:\/\/expressometro.mx\/#\/schema\/logo\/image\/"}},{"@type":"Person","@id":"https:\/\/expressometro.mx\/#\/schema\/person\/67a95b8e3862085c7598f66237488f1f","name":"Cecilia Vega","image":{"@type":"ImageObject","inLanguage":"es","@id":"https:\/\/secure.gravatar.com\/avatar\/13aae9944ab2ee472a9e407c9487fdbd03b049abaa559af32fe5dbcf615c981b?s=96&d=mm&r=g","url":"https:\/\/secure.gravatar.com\/avatar\/13aae9944ab2ee472a9e407c9487fdbd03b049abaa559af32fe5dbcf615c981b?s=96&d=mm&r=g","contentUrl":"https:\/\/secure.gravatar.com\/avatar\/13aae9944ab2ee472a9e407c9487fdbd03b049abaa559af32fe5dbcf615c981b?s=96&d=mm&r=g","caption":"Cecilia Vega"},"url":"https:\/\/expressometro.mx\/index.php\/author\/cecilia-vega\/"}]}},"amp_enabled":true,"_links":{"self":[{"href":"https:\/\/expressometro.mx\/index.php\/wp-json\/wp\/v2\/posts\/3692","targetHints":{"allow":["GET"]}}],"collection":[{"href":"https:\/\/expressometro.mx\/index.php\/wp-json\/wp\/v2\/posts"}],"about":[{"href":"https:\/\/expressometro.mx\/index.php\/wp-json\/wp\/v2\/types\/post"}],"author":[{"embeddable":true,"href":"https:\/\/expressometro.mx\/index.php\/wp-json\/wp\/v2\/users\/2"}],"replies":[{"embeddable":true,"href":"https:\/\/expressometro.mx\/index.php\/wp-json\/wp\/v2\/comments?post=3692"}],"version-history":[{"count":2,"href":"https:\/\/expressometro.mx\/index.php\/wp-json\/wp\/v2\/posts\/3692\/revisions"}],"predecessor-version":[{"id":3700,"href":"https:\/\/expressometro.mx\/index.php\/wp-json\/wp\/v2\/posts\/3692\/revisions\/3700"}],"wp:featuredmedia":[{"embeddable":true,"href":"https:\/\/expressometro.mx\/index.php\/wp-json\/wp\/v2\/media\/3695"}],"wp:attachment":[{"href":"https:\/\/expressometro.mx\/index.php\/wp-json\/wp\/v2\/media?parent=3692"}],"wp:term":[{"taxonomy":"category","embeddable":true,"href":"https:\/\/expressometro.mx\/index.php\/wp-json\/wp\/v2\/categories?post=3692"},{"taxonomy":"post_tag","embeddable":true,"href":"https:\/\/expressometro.mx\/index.php\/wp-json\/wp\/v2\/tags?post=3692"}],"curies":[{"name":"wp","href":"https:\/\/api.w.org\/{rel}","templated":true}]}}