{"id":3632,"date":"2021-10-07T22:34:16","date_gmt":"2021-10-08T03:34:16","guid":{"rendered":"http:\/\/expressometro.mx\/?p=3632"},"modified":"2021-10-07T22:34:17","modified_gmt":"2021-10-08T03:34:17","slug":"compareceran-ante-el-congreso-9-titulares-de-secretarias-y-el-de-la-fgjem","status":"publish","type":"post","link":"https:\/\/expressometro.mx\/index.php\/2021\/10\/07\/compareceran-ante-el-congreso-9-titulares-de-secretarias-y-el-de-la-fgjem\/","title":{"rendered":"Comparecer\u00e1n ante el Congreso 9 titulares de secretar\u00edas y el de la FGJEM"},"content":{"rendered":"\n<p>El Congreso del Estado de M\u00e9xico aprob\u00f3, por unanimidad de votos, la comparecencia ante el Pleno de la LXI Legislatura de nueve titulares de secretar\u00edas del gobierno estatal, as\u00ed como del titular de la Fiscal\u00eda General de Justicia con motivo de la Glosa del Cuarto Informe del gobernador Alfredo del Mazo Maza.<\/p>\n\n\n\n<p>Conforme a la propuesta de la Junta de Coordinaci\u00f3n Pol\u00edtica, que preside el diputado Maurilio Hern\u00e1ndez Gonz\u00e1lez, la Glosa se desarrollar\u00e1 del martes 12 al lunes 18 de octubre en formato mixto conforme al calendario siguiente.<\/p>\n\n\n\n<p>Grupo 1 Martes 12 de Octubre<br>-Ernesto Nemer \u00c1lvarez<br>Secretar\u00eda General de Gobierno<br>10: 00 horas<br>-Rodrigo Sigfrid Mart\u00ednez Celis-Wogau<br>Secretar\u00eda de Seguridad<br>13:00 horas<\/p>\n\n\n\n<p>Grupo 2 Mi\u00e9rcoles 13 de Octubre<br>-Rodrigo Jarque Lira<br>Secretar\u00eda de Finanzas<br>10:00 horas<br>-Rafael D\u00edaz Leal Barrueta<br>Secretar\u00eda de Desarrollo y Obra<br>13:00 horas.<\/p>\n\n\n\n<p>Grupo 3 Jueves 14 de Octubre<br>-Francisco Javier Fern\u00e1ndez Clamont<br>Secretar\u00eda de Salud<br>10:00 horas.<br>-Francisco Javier Eric Sevilla Montes de Oca<br>Secretar\u00eda de Desarrollo Social<br>13:00 horas<\/p>\n\n\n\n<p>Grupo 4 Viernes 15 de Octubre<br>-Alejandro Jaime G\u00f3mez S\u00e1nchez<br>Fiscal\u00eda General de Justicia del Estado de M\u00e9xico<br>10:00 horas.<br>-Luis Gilberto Lim\u00f3n Ch\u00e1vez<br>Secretar\u00eda de Movilidad<br>13:00 horas.<\/p>\n\n\n\n<p>Grupo 5 Lunes 18 de Octubre<br>-Mar\u00eda Mercedes Col\u00edn Guadarrama<br>Secretar\u00eda del Campo<br>10:00 horas<br>-Gerardo Monroy Serrano<br>Secretar\u00eda de Educaci\u00f3n<br>13:00horas<\/p>\n\n\n\n<p>La diputada Ingrid Schemelensky Castro (PAN), presidenta de la Directiva, indic\u00f3 que, de acuerdo con los plazos establecidos en el art\u00edculo 46 del Reglamento del Poder Legislativo, la Legislatura analizar\u00e1 en tiempo y forma el informe del gobernador, mientras que el diputado Faustino de la Cruz P\u00e9rez (Morena), expuso el procedimiento para el desarrollo de las comparecencias.<br>Explic\u00f3 que la o \u00e9l compareciente realizar\u00e1 una exposici\u00f3n general hasta por diez minutos, y posteriormente se desarrollar\u00e1 la etapa de preguntas y respuestas en la que participar\u00e1 un diputado o diputada de los grupos parlamentarios de Nueva Alianza, Movimiento Ciudadano, Verde Ecologista, de la Revoluci\u00f3n Democr\u00e1tica, del Trabajo, Acci\u00f3n Nacional, Revolucionario Institucional y Morena, en ese orden, hasta por cinco minutos y en dos ocasiones.<br>Al concluir la primera serie de preguntas, la o el servidor p\u00fablico compareciente les dar\u00e1 respuesta en un tiempo no mayor a 15 minutos y hasta 10 minutos en la segunda serie de participaciones.<\/p>\n","protected":false},"excerpt":{"rendered":"<p>Se desarrollar\u00e1n del 12 al 18 de octubre en formato mixto, de manera presencial y a distancia.<\/p>\n","protected":false},"author":2,"featured_media":3634,"comment_status":"open","ping_status":"open","sticky":false,"template":"","format":"standard","meta":{"footnotes":""},"categories":[3],"tags":[549,841,842,782,840],"class_list":["post-3632","post","type-post","status-publish","format-standard","has-post-thumbnail","hentry","category-gobierno","tag-ernesto-nemer","tag-gerardo-monroy","tag-ingrid-schemelensky","tag-lxi-legislatura","tag-rodrigo-jarque"],"yoast_head":"<!-- This site is optimized with the Yoast SEO plugin v27.5 - https:\/\/yoast.com\/product\/yoast-seo-wordpress\/ -->\n<title>Comparecer\u00e1n ante el Congreso 9 titulares de secretar\u00edas y el de la FGJEM - Expresso Metropolitano<\/title>\n<meta name=\"robots\" content=\"index, follow, max-snippet:-1, max-image-preview:large, max-video-preview:-1\" \/>\n<link rel=\"canonical\" href=\"https:\/\/expressometro.mx\/index.php\/2021\/10\/07\/compareceran-ante-el-congreso-9-titulares-de-secretarias-y-el-de-la-fgjem\/\" \/>\n<meta property=\"og:locale\" content=\"es_MX\" \/>\n<meta property=\"og:type\" content=\"article\" \/>\n<meta property=\"og:title\" content=\"Comparecer\u00e1n ante el Congreso 9 titulares de secretar\u00edas y el de la FGJEM - Expresso Metropolitano\" \/>\n<meta property=\"og:description\" content=\"Se desarrollar\u00e1n del 12 al 18 de octubre en formato mixto, de manera presencial y a distancia.\" \/>\n<meta property=\"og:url\" content=\"https:\/\/expressometro.mx\/index.php\/2021\/10\/07\/compareceran-ante-el-congreso-9-titulares-de-secretarias-y-el-de-la-fgjem\/\" \/>\n<meta property=\"og:site_name\" content=\"Expresso Metropolitano\" \/>\n<meta property=\"article:published_time\" content=\"2021-10-08T03:34:16+00:00\" \/>\n<meta property=\"article:modified_time\" content=\"2021-10-08T03:34:17+00:00\" \/>\n<meta property=\"og:image\" content=\"https:\/\/expressometro.mx\/wp-content\/uploads\/2021\/10\/WhatsApp-Image-2021-10-07-at-18.08.44.jpeg\" \/>\n\t<meta property=\"og:image:width\" content=\"1024\" \/>\n\t<meta property=\"og:image:height\" content=\"681\" \/>\n\t<meta property=\"og:image:type\" content=\"image\/jpeg\" \/>\n<meta name=\"author\" content=\"Cecilia Vega\" \/>\n<meta name=\"twitter:label1\" content=\"Escrito por\" \/>\n\t<meta name=\"twitter:data1\" content=\"Cecilia Vega\" \/>\n\t<meta name=\"twitter:label2\" content=\"Tiempo de lectura\" \/>\n\t<meta name=\"twitter:data2\" content=\"2 minutos\" \/>\n<script type=\"application\/ld+json\" class=\"yoast-schema-graph\">{\"@context\":\"https:\\\/\\\/schema.org\",\"@graph\":[{\"@type\":\"Article\",\"@id\":\"https:\\\/\\\/expressometro.mx\\\/index.php\\\/2021\\\/10\\\/07\\\/compareceran-ante-el-congreso-9-titulares-de-secretarias-y-el-de-la-fgjem\\\/#article\",\"isPartOf\":{\"@id\":\"https:\\\/\\\/expressometro.mx\\\/index.php\\\/2021\\\/10\\\/07\\\/compareceran-ante-el-congreso-9-titulares-de-secretarias-y-el-de-la-fgjem\\\/\"},\"author\":{\"name\":\"Cecilia Vega\",\"@id\":\"https:\\\/\\\/expressometro.mx\\\/#\\\/schema\\\/person\\\/67a95b8e3862085c7598f66237488f1f\"},\"headline\":\"Comparecer\u00e1n ante el Congreso 9 titulares de secretar\u00edas y el de la FGJEM\",\"datePublished\":\"2021-10-08T03:34:16+00:00\",\"dateModified\":\"2021-10-08T03:34:17+00:00\",\"mainEntityOfPage\":{\"@id\":\"https:\\\/\\\/expressometro.mx\\\/index.php\\\/2021\\\/10\\\/07\\\/compareceran-ante-el-congreso-9-titulares-de-secretarias-y-el-de-la-fgjem\\\/\"},\"wordCount\":381,\"commentCount\":0,\"publisher\":{\"@id\":\"https:\\\/\\\/expressometro.mx\\\/#organization\"},\"image\":{\"@id\":\"https:\\\/\\\/expressometro.mx\\\/index.php\\\/2021\\\/10\\\/07\\\/compareceran-ante-el-congreso-9-titulares-de-secretarias-y-el-de-la-fgjem\\\/#primaryimage\"},\"thumbnailUrl\":\"https:\\\/\\\/expressometro.mx\\\/wp-content\\\/uploads\\\/2021\\\/10\\\/WhatsApp-Image-2021-10-07-at-18.08.44.jpeg\",\"keywords\":[\"Ernesto Nemer\",\"Gerardo Monroy\",\"Ingrid Schemelensky\",\"LXI Legislatura\",\"Rodrigo Jarque\"],\"articleSection\":[\"Gobierno\"],\"inLanguage\":\"es\",\"potentialAction\":[{\"@type\":\"CommentAction\",\"name\":\"Comment\",\"target\":[\"https:\\\/\\\/expressometro.mx\\\/index.php\\\/2021\\\/10\\\/07\\\/compareceran-ante-el-congreso-9-titulares-de-secretarias-y-el-de-la-fgjem\\\/#respond\"]}]},{\"@type\":\"WebPage\",\"@id\":\"https:\\\/\\\/expressometro.mx\\\/index.php\\\/2021\\\/10\\\/07\\\/compareceran-ante-el-congreso-9-titulares-de-secretarias-y-el-de-la-fgjem\\\/\",\"url\":\"https:\\\/\\\/expressometro.mx\\\/index.php\\\/2021\\\/10\\\/07\\\/compareceran-ante-el-congreso-9-titulares-de-secretarias-y-el-de-la-fgjem\\\/\",\"name\":\"Comparecer\u00e1n ante el Congreso 9 titulares de secretar\u00edas y el de la FGJEM - Expresso Metropolitano\",\"isPartOf\":{\"@id\":\"https:\\\/\\\/expressometro.mx\\\/#website\"},\"primaryImageOfPage\":{\"@id\":\"https:\\\/\\\/expressometro.mx\\\/index.php\\\/2021\\\/10\\\/07\\\/compareceran-ante-el-congreso-9-titulares-de-secretarias-y-el-de-la-fgjem\\\/#primaryimage\"},\"image\":{\"@id\":\"https:\\\/\\\/expressometro.mx\\\/index.php\\\/2021\\\/10\\\/07\\\/compareceran-ante-el-congreso-9-titulares-de-secretarias-y-el-de-la-fgjem\\\/#primaryimage\"},\"thumbnailUrl\":\"https:\\\/\\\/expressometro.mx\\\/wp-content\\\/uploads\\\/2021\\\/10\\\/WhatsApp-Image-2021-10-07-at-18.08.44.jpeg\",\"datePublished\":\"2021-10-08T03:34:16+00:00\",\"dateModified\":\"2021-10-08T03:34:17+00:00\",\"breadcrumb\":{\"@id\":\"https:\\\/\\\/expressometro.mx\\\/index.php\\\/2021\\\/10\\\/07\\\/compareceran-ante-el-congreso-9-titulares-de-secretarias-y-el-de-la-fgjem\\\/#breadcrumb\"},\"inLanguage\":\"es\",\"potentialAction\":[{\"@type\":\"ReadAction\",\"target\":[\"https:\\\/\\\/expressometro.mx\\\/index.php\\\/2021\\\/10\\\/07\\\/compareceran-ante-el-congreso-9-titulares-de-secretarias-y-el-de-la-fgjem\\\/\"]}]},{\"@type\":\"ImageObject\",\"inLanguage\":\"es\",\"@id\":\"https:\\\/\\\/expressometro.mx\\\/index.php\\\/2021\\\/10\\\/07\\\/compareceran-ante-el-congreso-9-titulares-de-secretarias-y-el-de-la-fgjem\\\/#primaryimage\",\"url\":\"https:\\\/\\\/expressometro.mx\\\/wp-content\\\/uploads\\\/2021\\\/10\\\/WhatsApp-Image-2021-10-07-at-18.08.44.jpeg\",\"contentUrl\":\"https:\\\/\\\/expressometro.mx\\\/wp-content\\\/uploads\\\/2021\\\/10\\\/WhatsApp-Image-2021-10-07-at-18.08.44.jpeg\",\"width\":1024,\"height\":681},{\"@type\":\"BreadcrumbList\",\"@id\":\"https:\\\/\\\/expressometro.mx\\\/index.php\\\/2021\\\/10\\\/07\\\/compareceran-ante-el-congreso-9-titulares-de-secretarias-y-el-de-la-fgjem\\\/#breadcrumb\",\"itemListElement\":[{\"@type\":\"ListItem\",\"position\":1,\"name\":\"Inicio\",\"item\":\"https:\\\/\\\/expressometro.mx\\\/\"},{\"@type\":\"ListItem\",\"position\":2,\"name\":\"Comparecer\u00e1n ante el Congreso 9 titulares de secretar\u00edas y el de la FGJEM\"}]},{\"@type\":\"WebSite\",\"@id\":\"https:\\\/\\\/expressometro.mx\\\/#website\",\"url\":\"https:\\\/\\\/expressometro.mx\\\/\",\"name\":\"Expresso Metropolitano\",\"description\":\"Periodismo comprometido, informaci\u00f3n, investigaci\u00f3n y an\u00e1lisis\",\"publisher\":{\"@id\":\"https:\\\/\\\/expressometro.mx\\\/#organization\"},\"potentialAction\":[{\"@type\":\"SearchAction\",\"target\":{\"@type\":\"EntryPoint\",\"urlTemplate\":\"https:\\\/\\\/expressometro.mx\\\/?s={search_term_string}\"},\"query-input\":{\"@type\":\"PropertyValueSpecification\",\"valueRequired\":true,\"valueName\":\"search_term_string\"}}],\"inLanguage\":\"es\"},{\"@type\":\"Organization\",\"@id\":\"https:\\\/\\\/expressometro.mx\\\/#organization\",\"name\":\"Expresso Metropolitano\",\"url\":\"https:\\\/\\\/expressometro.mx\\\/\",\"logo\":{\"@type\":\"ImageObject\",\"inLanguage\":\"es\",\"@id\":\"https:\\\/\\\/expressometro.mx\\\/#\\\/schema\\\/logo\\\/image\\\/\",\"url\":\"https:\\\/\\\/expressometro.mx\\\/wp-content\\\/uploads\\\/2019\\\/07\\\/cropped-Logo-Expresso-Metropolitano-1-1.jpeg\",\"contentUrl\":\"https:\\\/\\\/expressometro.mx\\\/wp-content\\\/uploads\\\/2019\\\/07\\\/cropped-Logo-Expresso-Metropolitano-1-1.jpeg\",\"width\":290,\"height\":73,\"caption\":\"Expresso Metropolitano\"},\"image\":{\"@id\":\"https:\\\/\\\/expressometro.mx\\\/#\\\/schema\\\/logo\\\/image\\\/\"}},{\"@type\":\"Person\",\"@id\":\"https:\\\/\\\/expressometro.mx\\\/#\\\/schema\\\/person\\\/67a95b8e3862085c7598f66237488f1f\",\"name\":\"Cecilia Vega\",\"image\":{\"@type\":\"ImageObject\",\"inLanguage\":\"es\",\"@id\":\"https:\\\/\\\/secure.gravatar.com\\\/avatar\\\/13aae9944ab2ee472a9e407c9487fdbd03b049abaa559af32fe5dbcf615c981b?s=96&d=mm&r=g\",\"url\":\"https:\\\/\\\/secure.gravatar.com\\\/avatar\\\/13aae9944ab2ee472a9e407c9487fdbd03b049abaa559af32fe5dbcf615c981b?s=96&d=mm&r=g\",\"contentUrl\":\"https:\\\/\\\/secure.gravatar.com\\\/avatar\\\/13aae9944ab2ee472a9e407c9487fdbd03b049abaa559af32fe5dbcf615c981b?s=96&d=mm&r=g\",\"caption\":\"Cecilia Vega\"},\"url\":\"https:\\\/\\\/expressometro.mx\\\/index.php\\\/author\\\/cecilia-vega\\\/\"}]}<\/script>\n<!-- \/ Yoast SEO plugin. -->","yoast_head_json":{"title":"Comparecer\u00e1n ante el Congreso 9 titulares de secretar\u00edas y el de la FGJEM - Expresso Metropolitano","robots":{"index":"index","follow":"follow","max-snippet":"max-snippet:-1","max-image-preview":"max-image-preview:large","max-video-preview":"max-video-preview:-1"},"canonical":"https:\/\/expressometro.mx\/index.php\/2021\/10\/07\/compareceran-ante-el-congreso-9-titulares-de-secretarias-y-el-de-la-fgjem\/","og_locale":"es_MX","og_type":"article","og_title":"Comparecer\u00e1n ante el Congreso 9 titulares de secretar\u00edas y el de la FGJEM - Expresso Metropolitano","og_description":"Se desarrollar\u00e1n del 12 al 18 de octubre en formato mixto, de manera presencial y a distancia.","og_url":"https:\/\/expressometro.mx\/index.php\/2021\/10\/07\/compareceran-ante-el-congreso-9-titulares-de-secretarias-y-el-de-la-fgjem\/","og_site_name":"Expresso Metropolitano","article_published_time":"2021-10-08T03:34:16+00:00","article_modified_time":"2021-10-08T03:34:17+00:00","og_image":[{"width":1024,"height":681,"url":"https:\/\/expressometro.mx\/wp-content\/uploads\/2021\/10\/WhatsApp-Image-2021-10-07-at-18.08.44.jpeg","type":"image\/jpeg"}],"author":"Cecilia Vega","twitter_misc":{"Escrito por":"Cecilia Vega","Tiempo de lectura":"2 minutos"},"schema":{"@context":"https:\/\/schema.org","@graph":[{"@type":"Article","@id":"https:\/\/expressometro.mx\/index.php\/2021\/10\/07\/compareceran-ante-el-congreso-9-titulares-de-secretarias-y-el-de-la-fgjem\/#article","isPartOf":{"@id":"https:\/\/expressometro.mx\/index.php\/2021\/10\/07\/compareceran-ante-el-congreso-9-titulares-de-secretarias-y-el-de-la-fgjem\/"},"author":{"name":"Cecilia Vega","@id":"https:\/\/expressometro.mx\/#\/schema\/person\/67a95b8e3862085c7598f66237488f1f"},"headline":"Comparecer\u00e1n ante el Congreso 9 titulares de secretar\u00edas y el de la FGJEM","datePublished":"2021-10-08T03:34:16+00:00","dateModified":"2021-10-08T03:34:17+00:00","mainEntityOfPage":{"@id":"https:\/\/expressometro.mx\/index.php\/2021\/10\/07\/compareceran-ante-el-congreso-9-titulares-de-secretarias-y-el-de-la-fgjem\/"},"wordCount":381,"commentCount":0,"publisher":{"@id":"https:\/\/expressometro.mx\/#organization"},"image":{"@id":"https:\/\/expressometro.mx\/index.php\/2021\/10\/07\/compareceran-ante-el-congreso-9-titulares-de-secretarias-y-el-de-la-fgjem\/#primaryimage"},"thumbnailUrl":"https:\/\/expressometro.mx\/wp-content\/uploads\/2021\/10\/WhatsApp-Image-2021-10-07-at-18.08.44.jpeg","keywords":["Ernesto Nemer","Gerardo Monroy","Ingrid Schemelensky","LXI Legislatura","Rodrigo Jarque"],"articleSection":["Gobierno"],"inLanguage":"es","potentialAction":[{"@type":"CommentAction","name":"Comment","target":["https:\/\/expressometro.mx\/index.php\/2021\/10\/07\/compareceran-ante-el-congreso-9-titulares-de-secretarias-y-el-de-la-fgjem\/#respond"]}]},{"@type":"WebPage","@id":"https:\/\/expressometro.mx\/index.php\/2021\/10\/07\/compareceran-ante-el-congreso-9-titulares-de-secretarias-y-el-de-la-fgjem\/","url":"https:\/\/expressometro.mx\/index.php\/2021\/10\/07\/compareceran-ante-el-congreso-9-titulares-de-secretarias-y-el-de-la-fgjem\/","name":"Comparecer\u00e1n ante el Congreso 9 titulares de secretar\u00edas y el de la FGJEM - Expresso Metropolitano","isPartOf":{"@id":"https:\/\/expressometro.mx\/#website"},"primaryImageOfPage":{"@id":"https:\/\/expressometro.mx\/index.php\/2021\/10\/07\/compareceran-ante-el-congreso-9-titulares-de-secretarias-y-el-de-la-fgjem\/#primaryimage"},"image":{"@id":"https:\/\/expressometro.mx\/index.php\/2021\/10\/07\/compareceran-ante-el-congreso-9-titulares-de-secretarias-y-el-de-la-fgjem\/#primaryimage"},"thumbnailUrl":"https:\/\/expressometro.mx\/wp-content\/uploads\/2021\/10\/WhatsApp-Image-2021-10-07-at-18.08.44.jpeg","datePublished":"2021-10-08T03:34:16+00:00","dateModified":"2021-10-08T03:34:17+00:00","breadcrumb":{"@id":"https:\/\/expressometro.mx\/index.php\/2021\/10\/07\/compareceran-ante-el-congreso-9-titulares-de-secretarias-y-el-de-la-fgjem\/#breadcrumb"},"inLanguage":"es","potentialAction":[{"@type":"ReadAction","target":["https:\/\/expressometro.mx\/index.php\/2021\/10\/07\/compareceran-ante-el-congreso-9-titulares-de-secretarias-y-el-de-la-fgjem\/"]}]},{"@type":"ImageObject","inLanguage":"es","@id":"https:\/\/expressometro.mx\/index.php\/2021\/10\/07\/compareceran-ante-el-congreso-9-titulares-de-secretarias-y-el-de-la-fgjem\/#primaryimage","url":"https:\/\/expressometro.mx\/wp-content\/uploads\/2021\/10\/WhatsApp-Image-2021-10-07-at-18.08.44.jpeg","contentUrl":"https:\/\/expressometro.mx\/wp-content\/uploads\/2021\/10\/WhatsApp-Image-2021-10-07-at-18.08.44.jpeg","width":1024,"height":681},{"@type":"BreadcrumbList","@id":"https:\/\/expressometro.mx\/index.php\/2021\/10\/07\/compareceran-ante-el-congreso-9-titulares-de-secretarias-y-el-de-la-fgjem\/#breadcrumb","itemListElement":[{"@type":"ListItem","position":1,"name":"Inicio","item":"https:\/\/expressometro.mx\/"},{"@type":"ListItem","position":2,"name":"Comparecer\u00e1n ante el Congreso 9 titulares de secretar\u00edas y el de la FGJEM"}]},{"@type":"WebSite","@id":"https:\/\/expressometro.mx\/#website","url":"https:\/\/expressometro.mx\/","name":"Expresso Metropolitano","description":"Periodismo comprometido, informaci\u00f3n, investigaci\u00f3n y an\u00e1lisis","publisher":{"@id":"https:\/\/expressometro.mx\/#organization"},"potentialAction":[{"@type":"SearchAction","target":{"@type":"EntryPoint","urlTemplate":"https:\/\/expressometro.mx\/?s={search_term_string}"},"query-input":{"@type":"PropertyValueSpecification","valueRequired":true,"valueName":"search_term_string"}}],"inLanguage":"es"},{"@type":"Organization","@id":"https:\/\/expressometro.mx\/#organization","name":"Expresso Metropolitano","url":"https:\/\/expressometro.mx\/","logo":{"@type":"ImageObject","inLanguage":"es","@id":"https:\/\/expressometro.mx\/#\/schema\/logo\/image\/","url":"https:\/\/expressometro.mx\/wp-content\/uploads\/2019\/07\/cropped-Logo-Expresso-Metropolitano-1-1.jpeg","contentUrl":"https:\/\/expressometro.mx\/wp-content\/uploads\/2019\/07\/cropped-Logo-Expresso-Metropolitano-1-1.jpeg","width":290,"height":73,"caption":"Expresso Metropolitano"},"image":{"@id":"https:\/\/expressometro.mx\/#\/schema\/logo\/image\/"}},{"@type":"Person","@id":"https:\/\/expressometro.mx\/#\/schema\/person\/67a95b8e3862085c7598f66237488f1f","name":"Cecilia Vega","image":{"@type":"ImageObject","inLanguage":"es","@id":"https:\/\/secure.gravatar.com\/avatar\/13aae9944ab2ee472a9e407c9487fdbd03b049abaa559af32fe5dbcf615c981b?s=96&d=mm&r=g","url":"https:\/\/secure.gravatar.com\/avatar\/13aae9944ab2ee472a9e407c9487fdbd03b049abaa559af32fe5dbcf615c981b?s=96&d=mm&r=g","contentUrl":"https:\/\/secure.gravatar.com\/avatar\/13aae9944ab2ee472a9e407c9487fdbd03b049abaa559af32fe5dbcf615c981b?s=96&d=mm&r=g","caption":"Cecilia Vega"},"url":"https:\/\/expressometro.mx\/index.php\/author\/cecilia-vega\/"}]}},"amp_enabled":true,"_links":{"self":[{"href":"https:\/\/expressometro.mx\/index.php\/wp-json\/wp\/v2\/posts\/3632","targetHints":{"allow":["GET"]}}],"collection":[{"href":"https:\/\/expressometro.mx\/index.php\/wp-json\/wp\/v2\/posts"}],"about":[{"href":"https:\/\/expressometro.mx\/index.php\/wp-json\/wp\/v2\/types\/post"}],"author":[{"embeddable":true,"href":"https:\/\/expressometro.mx\/index.php\/wp-json\/wp\/v2\/users\/2"}],"replies":[{"embeddable":true,"href":"https:\/\/expressometro.mx\/index.php\/wp-json\/wp\/v2\/comments?post=3632"}],"version-history":[{"count":1,"href":"https:\/\/expressometro.mx\/index.php\/wp-json\/wp\/v2\/posts\/3632\/revisions"}],"predecessor-version":[{"id":3635,"href":"https:\/\/expressometro.mx\/index.php\/wp-json\/wp\/v2\/posts\/3632\/revisions\/3635"}],"wp:featuredmedia":[{"embeddable":true,"href":"https:\/\/expressometro.mx\/index.php\/wp-json\/wp\/v2\/media\/3634"}],"wp:attachment":[{"href":"https:\/\/expressometro.mx\/index.php\/wp-json\/wp\/v2\/media?parent=3632"}],"wp:term":[{"taxonomy":"category","embeddable":true,"href":"https:\/\/expressometro.mx\/index.php\/wp-json\/wp\/v2\/categories?post=3632"},{"taxonomy":"post_tag","embeddable":true,"href":"https:\/\/expressometro.mx\/index.php\/wp-json\/wp\/v2\/tags?post=3632"}],"curies":[{"name":"wp","href":"https:\/\/api.w.org\/{rel}","templated":true}]}}