{"id":3627,"date":"2021-10-07T22:23:40","date_gmt":"2021-10-08T03:23:40","guid":{"rendered":"http:\/\/expressometro.mx\/?p=3627"},"modified":"2021-10-07T22:23:42","modified_gmt":"2021-10-08T03:23:42","slug":"propone-el-gpprd-expedir-leyes-para-fortalecer-la-salud-mental-de-la-poblacion","status":"publish","type":"post","link":"https:\/\/expressometro.mx\/index.php\/2021\/10\/07\/propone-el-gpprd-expedir-leyes-para-fortalecer-la-salud-mental-de-la-poblacion\/","title":{"rendered":"Propone el GPPRD Expedir Leyes para fortalecer la Salud Mental de la Poblaci\u00f3n"},"content":{"rendered":"\n<p>Al se\u00f1alar que uno de los efectos m\u00e1s serios de la pandemia de covid-19 que a\u00fan se vive en el pa\u00eds, es el aumento de las afectaciones emocionales como angustia, miedo, p\u00e1nico o terror, el coordinador parlamentario del PRD en el Congreso local, diputado Omar Ortega \u00c1lvarez, propuso expedir las leyes de Salud Mental; de Prevenci\u00f3n, Atenci\u00f3n y Posvenci\u00f3n del Suicidio y de Educaci\u00f3n Emocional del Estado de M\u00e9xico.<\/p>\n\n\n\n<p>En sesi\u00f3n deliberante, el legislador apunt\u00f3 que, en 2020, cuando inici\u00f3 la pandemia, en M\u00e9xico se registr\u00f3 el suicidio de mil 150 menores de edad, cifra nunca antes registrada en el pa\u00eds, y del total de menores de edad que decidieron quitarse la vida, 278 eran ni\u00f1os y ni\u00f1as de 10 a 14 a\u00f1os.<\/p>\n\n\n\n<p>Ambas iniciativas fueron remitidas a las comisiones de Salud, Asistencia y Bienestar Social; Educaci\u00f3n, Cultura, Ciencia y Tecnolog\u00eda y Especial de los Derechos de las Ni\u00f1as, Ni\u00f1os y Adolescentes y la Primera Infancia.<\/p>\n","protected":false},"excerpt":{"rendered":"<p>Ambas iniciativas fueron remitidas a las comisiones de Salud, Asistencia y Bienestar Social; Educaci\u00f3n, Cultura, Ciencia y Tecnolog\u00eda y Especial de los Derechos de las Ni\u00f1as, Ni\u00f1os y Adolescentes y la Primera Infancia.<\/p>\n","protected":false},"author":2,"featured_media":3629,"comment_status":"open","ping_status":"open","sticky":false,"template":"","format":"standard","meta":{"footnotes":""},"categories":[231,5],"tags":[150,837],"class_list":["post-3627","post","type-post","status-publish","format-standard","has-post-thumbnail","hentry","category-politica","category-salud","tag-omar-ortega","tag-salud-mental"],"yoast_head":"<!-- This site is optimized with the Yoast SEO plugin v27.5 - https:\/\/yoast.com\/product\/yoast-seo-wordpress\/ -->\n<title>Propone el GPPRD Expedir Leyes para fortalecer la Salud Mental de la Poblaci\u00f3n - Expresso Metropolitano<\/title>\n<meta name=\"robots\" content=\"index, follow, max-snippet:-1, max-image-preview:large, max-video-preview:-1\" \/>\n<link rel=\"canonical\" href=\"https:\/\/expressometro.mx\/index.php\/2021\/10\/07\/propone-el-gpprd-expedir-leyes-para-fortalecer-la-salud-mental-de-la-poblacion\/\" \/>\n<meta property=\"og:locale\" content=\"es_MX\" \/>\n<meta property=\"og:type\" content=\"article\" \/>\n<meta property=\"og:title\" content=\"Propone el GPPRD Expedir Leyes para fortalecer la Salud Mental de la Poblaci\u00f3n - Expresso Metropolitano\" \/>\n<meta property=\"og:description\" content=\"Ambas iniciativas fueron remitidas a las comisiones de Salud, Asistencia y Bienestar Social; Educaci\u00f3n, Cultura, Ciencia y Tecnolog\u00eda y Especial de los Derechos de las Ni\u00f1as, Ni\u00f1os y Adolescentes y la Primera Infancia.\" \/>\n<meta property=\"og:url\" content=\"https:\/\/expressometro.mx\/index.php\/2021\/10\/07\/propone-el-gpprd-expedir-leyes-para-fortalecer-la-salud-mental-de-la-poblacion\/\" \/>\n<meta property=\"og:site_name\" content=\"Expresso Metropolitano\" \/>\n<meta property=\"article:published_time\" content=\"2021-10-08T03:23:40+00:00\" \/>\n<meta property=\"article:modified_time\" content=\"2021-10-08T03:23:42+00:00\" \/>\n<meta property=\"og:image\" content=\"https:\/\/expressometro.mx\/wp-content\/uploads\/2021\/10\/WhatsApp-Image-2021-10-07-at-18.03.27.jpeg\" \/>\n\t<meta property=\"og:image:width\" content=\"1024\" \/>\n\t<meta property=\"og:image:height\" content=\"683\" \/>\n\t<meta property=\"og:image:type\" content=\"image\/jpeg\" \/>\n<meta name=\"author\" content=\"Cecilia Vega\" \/>\n<meta name=\"twitter:label1\" content=\"Escrito por\" \/>\n\t<meta name=\"twitter:data1\" content=\"Cecilia Vega\" \/>\n\t<meta name=\"twitter:label2\" content=\"Tiempo de lectura\" \/>\n\t<meta name=\"twitter:data2\" content=\"1 minuto\" \/>\n<script type=\"application\/ld+json\" class=\"yoast-schema-graph\">{\"@context\":\"https:\\\/\\\/schema.org\",\"@graph\":[{\"@type\":\"Article\",\"@id\":\"https:\\\/\\\/expressometro.mx\\\/index.php\\\/2021\\\/10\\\/07\\\/propone-el-gpprd-expedir-leyes-para-fortalecer-la-salud-mental-de-la-poblacion\\\/#article\",\"isPartOf\":{\"@id\":\"https:\\\/\\\/expressometro.mx\\\/index.php\\\/2021\\\/10\\\/07\\\/propone-el-gpprd-expedir-leyes-para-fortalecer-la-salud-mental-de-la-poblacion\\\/\"},\"author\":{\"name\":\"Cecilia Vega\",\"@id\":\"https:\\\/\\\/expressometro.mx\\\/#\\\/schema\\\/person\\\/67a95b8e3862085c7598f66237488f1f\"},\"headline\":\"Propone el GPPRD Expedir Leyes para fortalecer la Salud Mental de la Poblaci\u00f3n\",\"datePublished\":\"2021-10-08T03:23:40+00:00\",\"dateModified\":\"2021-10-08T03:23:42+00:00\",\"mainEntityOfPage\":{\"@id\":\"https:\\\/\\\/expressometro.mx\\\/index.php\\\/2021\\\/10\\\/07\\\/propone-el-gpprd-expedir-leyes-para-fortalecer-la-salud-mental-de-la-poblacion\\\/\"},\"wordCount\":185,\"commentCount\":0,\"publisher\":{\"@id\":\"https:\\\/\\\/expressometro.mx\\\/#organization\"},\"image\":{\"@id\":\"https:\\\/\\\/expressometro.mx\\\/index.php\\\/2021\\\/10\\\/07\\\/propone-el-gpprd-expedir-leyes-para-fortalecer-la-salud-mental-de-la-poblacion\\\/#primaryimage\"},\"thumbnailUrl\":\"https:\\\/\\\/expressometro.mx\\\/wp-content\\\/uploads\\\/2021\\\/10\\\/WhatsApp-Image-2021-10-07-at-18.03.27.jpeg\",\"keywords\":[\"Omar Ortega\",\"Salud Mental\"],\"articleSection\":[\"Pol\u00edtica\",\"Salud\"],\"inLanguage\":\"es\",\"potentialAction\":[{\"@type\":\"CommentAction\",\"name\":\"Comment\",\"target\":[\"https:\\\/\\\/expressometro.mx\\\/index.php\\\/2021\\\/10\\\/07\\\/propone-el-gpprd-expedir-leyes-para-fortalecer-la-salud-mental-de-la-poblacion\\\/#respond\"]}]},{\"@type\":\"WebPage\",\"@id\":\"https:\\\/\\\/expressometro.mx\\\/index.php\\\/2021\\\/10\\\/07\\\/propone-el-gpprd-expedir-leyes-para-fortalecer-la-salud-mental-de-la-poblacion\\\/\",\"url\":\"https:\\\/\\\/expressometro.mx\\\/index.php\\\/2021\\\/10\\\/07\\\/propone-el-gpprd-expedir-leyes-para-fortalecer-la-salud-mental-de-la-poblacion\\\/\",\"name\":\"Propone el GPPRD Expedir Leyes para fortalecer la Salud Mental de la Poblaci\u00f3n - Expresso Metropolitano\",\"isPartOf\":{\"@id\":\"https:\\\/\\\/expressometro.mx\\\/#website\"},\"primaryImageOfPage\":{\"@id\":\"https:\\\/\\\/expressometro.mx\\\/index.php\\\/2021\\\/10\\\/07\\\/propone-el-gpprd-expedir-leyes-para-fortalecer-la-salud-mental-de-la-poblacion\\\/#primaryimage\"},\"image\":{\"@id\":\"https:\\\/\\\/expressometro.mx\\\/index.php\\\/2021\\\/10\\\/07\\\/propone-el-gpprd-expedir-leyes-para-fortalecer-la-salud-mental-de-la-poblacion\\\/#primaryimage\"},\"thumbnailUrl\":\"https:\\\/\\\/expressometro.mx\\\/wp-content\\\/uploads\\\/2021\\\/10\\\/WhatsApp-Image-2021-10-07-at-18.03.27.jpeg\",\"datePublished\":\"2021-10-08T03:23:40+00:00\",\"dateModified\":\"2021-10-08T03:23:42+00:00\",\"breadcrumb\":{\"@id\":\"https:\\\/\\\/expressometro.mx\\\/index.php\\\/2021\\\/10\\\/07\\\/propone-el-gpprd-expedir-leyes-para-fortalecer-la-salud-mental-de-la-poblacion\\\/#breadcrumb\"},\"inLanguage\":\"es\",\"potentialAction\":[{\"@type\":\"ReadAction\",\"target\":[\"https:\\\/\\\/expressometro.mx\\\/index.php\\\/2021\\\/10\\\/07\\\/propone-el-gpprd-expedir-leyes-para-fortalecer-la-salud-mental-de-la-poblacion\\\/\"]}]},{\"@type\":\"ImageObject\",\"inLanguage\":\"es\",\"@id\":\"https:\\\/\\\/expressometro.mx\\\/index.php\\\/2021\\\/10\\\/07\\\/propone-el-gpprd-expedir-leyes-para-fortalecer-la-salud-mental-de-la-poblacion\\\/#primaryimage\",\"url\":\"https:\\\/\\\/expressometro.mx\\\/wp-content\\\/uploads\\\/2021\\\/10\\\/WhatsApp-Image-2021-10-07-at-18.03.27.jpeg\",\"contentUrl\":\"https:\\\/\\\/expressometro.mx\\\/wp-content\\\/uploads\\\/2021\\\/10\\\/WhatsApp-Image-2021-10-07-at-18.03.27.jpeg\",\"width\":1024,\"height\":683},{\"@type\":\"BreadcrumbList\",\"@id\":\"https:\\\/\\\/expressometro.mx\\\/index.php\\\/2021\\\/10\\\/07\\\/propone-el-gpprd-expedir-leyes-para-fortalecer-la-salud-mental-de-la-poblacion\\\/#breadcrumb\",\"itemListElement\":[{\"@type\":\"ListItem\",\"position\":1,\"name\":\"Inicio\",\"item\":\"https:\\\/\\\/expressometro.mx\\\/\"},{\"@type\":\"ListItem\",\"position\":2,\"name\":\"Propone el GPPRD Expedir Leyes para fortalecer la Salud Mental de la Poblaci\u00f3n\"}]},{\"@type\":\"WebSite\",\"@id\":\"https:\\\/\\\/expressometro.mx\\\/#website\",\"url\":\"https:\\\/\\\/expressometro.mx\\\/\",\"name\":\"Expresso Metropolitano\",\"description\":\"Periodismo comprometido, informaci\u00f3n, investigaci\u00f3n y an\u00e1lisis\",\"publisher\":{\"@id\":\"https:\\\/\\\/expressometro.mx\\\/#organization\"},\"potentialAction\":[{\"@type\":\"SearchAction\",\"target\":{\"@type\":\"EntryPoint\",\"urlTemplate\":\"https:\\\/\\\/expressometro.mx\\\/?s={search_term_string}\"},\"query-input\":{\"@type\":\"PropertyValueSpecification\",\"valueRequired\":true,\"valueName\":\"search_term_string\"}}],\"inLanguage\":\"es\"},{\"@type\":\"Organization\",\"@id\":\"https:\\\/\\\/expressometro.mx\\\/#organization\",\"name\":\"Expresso Metropolitano\",\"url\":\"https:\\\/\\\/expressometro.mx\\\/\",\"logo\":{\"@type\":\"ImageObject\",\"inLanguage\":\"es\",\"@id\":\"https:\\\/\\\/expressometro.mx\\\/#\\\/schema\\\/logo\\\/image\\\/\",\"url\":\"https:\\\/\\\/expressometro.mx\\\/wp-content\\\/uploads\\\/2019\\\/07\\\/cropped-Logo-Expresso-Metropolitano-1-1.jpeg\",\"contentUrl\":\"https:\\\/\\\/expressometro.mx\\\/wp-content\\\/uploads\\\/2019\\\/07\\\/cropped-Logo-Expresso-Metropolitano-1-1.jpeg\",\"width\":290,\"height\":73,\"caption\":\"Expresso Metropolitano\"},\"image\":{\"@id\":\"https:\\\/\\\/expressometro.mx\\\/#\\\/schema\\\/logo\\\/image\\\/\"}},{\"@type\":\"Person\",\"@id\":\"https:\\\/\\\/expressometro.mx\\\/#\\\/schema\\\/person\\\/67a95b8e3862085c7598f66237488f1f\",\"name\":\"Cecilia Vega\",\"image\":{\"@type\":\"ImageObject\",\"inLanguage\":\"es\",\"@id\":\"https:\\\/\\\/secure.gravatar.com\\\/avatar\\\/13aae9944ab2ee472a9e407c9487fdbd03b049abaa559af32fe5dbcf615c981b?s=96&d=mm&r=g\",\"url\":\"https:\\\/\\\/secure.gravatar.com\\\/avatar\\\/13aae9944ab2ee472a9e407c9487fdbd03b049abaa559af32fe5dbcf615c981b?s=96&d=mm&r=g\",\"contentUrl\":\"https:\\\/\\\/secure.gravatar.com\\\/avatar\\\/13aae9944ab2ee472a9e407c9487fdbd03b049abaa559af32fe5dbcf615c981b?s=96&d=mm&r=g\",\"caption\":\"Cecilia Vega\"},\"url\":\"https:\\\/\\\/expressometro.mx\\\/index.php\\\/author\\\/cecilia-vega\\\/\"}]}<\/script>\n<!-- \/ Yoast SEO plugin. -->","yoast_head_json":{"title":"Propone el GPPRD Expedir Leyes para fortalecer la Salud Mental de la Poblaci\u00f3n - Expresso Metropolitano","robots":{"index":"index","follow":"follow","max-snippet":"max-snippet:-1","max-image-preview":"max-image-preview:large","max-video-preview":"max-video-preview:-1"},"canonical":"https:\/\/expressometro.mx\/index.php\/2021\/10\/07\/propone-el-gpprd-expedir-leyes-para-fortalecer-la-salud-mental-de-la-poblacion\/","og_locale":"es_MX","og_type":"article","og_title":"Propone el GPPRD Expedir Leyes para fortalecer la Salud Mental de la Poblaci\u00f3n - Expresso Metropolitano","og_description":"Ambas iniciativas fueron remitidas a las comisiones de Salud, Asistencia y Bienestar Social; Educaci\u00f3n, Cultura, Ciencia y Tecnolog\u00eda y Especial de los Derechos de las Ni\u00f1as, Ni\u00f1os y Adolescentes y la Primera Infancia.","og_url":"https:\/\/expressometro.mx\/index.php\/2021\/10\/07\/propone-el-gpprd-expedir-leyes-para-fortalecer-la-salud-mental-de-la-poblacion\/","og_site_name":"Expresso Metropolitano","article_published_time":"2021-10-08T03:23:40+00:00","article_modified_time":"2021-10-08T03:23:42+00:00","og_image":[{"width":1024,"height":683,"url":"https:\/\/expressometro.mx\/wp-content\/uploads\/2021\/10\/WhatsApp-Image-2021-10-07-at-18.03.27.jpeg","type":"image\/jpeg"}],"author":"Cecilia Vega","twitter_misc":{"Escrito por":"Cecilia Vega","Tiempo de lectura":"1 minuto"},"schema":{"@context":"https:\/\/schema.org","@graph":[{"@type":"Article","@id":"https:\/\/expressometro.mx\/index.php\/2021\/10\/07\/propone-el-gpprd-expedir-leyes-para-fortalecer-la-salud-mental-de-la-poblacion\/#article","isPartOf":{"@id":"https:\/\/expressometro.mx\/index.php\/2021\/10\/07\/propone-el-gpprd-expedir-leyes-para-fortalecer-la-salud-mental-de-la-poblacion\/"},"author":{"name":"Cecilia Vega","@id":"https:\/\/expressometro.mx\/#\/schema\/person\/67a95b8e3862085c7598f66237488f1f"},"headline":"Propone el GPPRD Expedir Leyes para fortalecer la Salud Mental de la Poblaci\u00f3n","datePublished":"2021-10-08T03:23:40+00:00","dateModified":"2021-10-08T03:23:42+00:00","mainEntityOfPage":{"@id":"https:\/\/expressometro.mx\/index.php\/2021\/10\/07\/propone-el-gpprd-expedir-leyes-para-fortalecer-la-salud-mental-de-la-poblacion\/"},"wordCount":185,"commentCount":0,"publisher":{"@id":"https:\/\/expressometro.mx\/#organization"},"image":{"@id":"https:\/\/expressometro.mx\/index.php\/2021\/10\/07\/propone-el-gpprd-expedir-leyes-para-fortalecer-la-salud-mental-de-la-poblacion\/#primaryimage"},"thumbnailUrl":"https:\/\/expressometro.mx\/wp-content\/uploads\/2021\/10\/WhatsApp-Image-2021-10-07-at-18.03.27.jpeg","keywords":["Omar Ortega","Salud Mental"],"articleSection":["Pol\u00edtica","Salud"],"inLanguage":"es","potentialAction":[{"@type":"CommentAction","name":"Comment","target":["https:\/\/expressometro.mx\/index.php\/2021\/10\/07\/propone-el-gpprd-expedir-leyes-para-fortalecer-la-salud-mental-de-la-poblacion\/#respond"]}]},{"@type":"WebPage","@id":"https:\/\/expressometro.mx\/index.php\/2021\/10\/07\/propone-el-gpprd-expedir-leyes-para-fortalecer-la-salud-mental-de-la-poblacion\/","url":"https:\/\/expressometro.mx\/index.php\/2021\/10\/07\/propone-el-gpprd-expedir-leyes-para-fortalecer-la-salud-mental-de-la-poblacion\/","name":"Propone el GPPRD Expedir Leyes para fortalecer la Salud Mental de la Poblaci\u00f3n - Expresso Metropolitano","isPartOf":{"@id":"https:\/\/expressometro.mx\/#website"},"primaryImageOfPage":{"@id":"https:\/\/expressometro.mx\/index.php\/2021\/10\/07\/propone-el-gpprd-expedir-leyes-para-fortalecer-la-salud-mental-de-la-poblacion\/#primaryimage"},"image":{"@id":"https:\/\/expressometro.mx\/index.php\/2021\/10\/07\/propone-el-gpprd-expedir-leyes-para-fortalecer-la-salud-mental-de-la-poblacion\/#primaryimage"},"thumbnailUrl":"https:\/\/expressometro.mx\/wp-content\/uploads\/2021\/10\/WhatsApp-Image-2021-10-07-at-18.03.27.jpeg","datePublished":"2021-10-08T03:23:40+00:00","dateModified":"2021-10-08T03:23:42+00:00","breadcrumb":{"@id":"https:\/\/expressometro.mx\/index.php\/2021\/10\/07\/propone-el-gpprd-expedir-leyes-para-fortalecer-la-salud-mental-de-la-poblacion\/#breadcrumb"},"inLanguage":"es","potentialAction":[{"@type":"ReadAction","target":["https:\/\/expressometro.mx\/index.php\/2021\/10\/07\/propone-el-gpprd-expedir-leyes-para-fortalecer-la-salud-mental-de-la-poblacion\/"]}]},{"@type":"ImageObject","inLanguage":"es","@id":"https:\/\/expressometro.mx\/index.php\/2021\/10\/07\/propone-el-gpprd-expedir-leyes-para-fortalecer-la-salud-mental-de-la-poblacion\/#primaryimage","url":"https:\/\/expressometro.mx\/wp-content\/uploads\/2021\/10\/WhatsApp-Image-2021-10-07-at-18.03.27.jpeg","contentUrl":"https:\/\/expressometro.mx\/wp-content\/uploads\/2021\/10\/WhatsApp-Image-2021-10-07-at-18.03.27.jpeg","width":1024,"height":683},{"@type":"BreadcrumbList","@id":"https:\/\/expressometro.mx\/index.php\/2021\/10\/07\/propone-el-gpprd-expedir-leyes-para-fortalecer-la-salud-mental-de-la-poblacion\/#breadcrumb","itemListElement":[{"@type":"ListItem","position":1,"name":"Inicio","item":"https:\/\/expressometro.mx\/"},{"@type":"ListItem","position":2,"name":"Propone el GPPRD Expedir Leyes para fortalecer la Salud Mental de la Poblaci\u00f3n"}]},{"@type":"WebSite","@id":"https:\/\/expressometro.mx\/#website","url":"https:\/\/expressometro.mx\/","name":"Expresso Metropolitano","description":"Periodismo comprometido, informaci\u00f3n, investigaci\u00f3n y an\u00e1lisis","publisher":{"@id":"https:\/\/expressometro.mx\/#organization"},"potentialAction":[{"@type":"SearchAction","target":{"@type":"EntryPoint","urlTemplate":"https:\/\/expressometro.mx\/?s={search_term_string}"},"query-input":{"@type":"PropertyValueSpecification","valueRequired":true,"valueName":"search_term_string"}}],"inLanguage":"es"},{"@type":"Organization","@id":"https:\/\/expressometro.mx\/#organization","name":"Expresso Metropolitano","url":"https:\/\/expressometro.mx\/","logo":{"@type":"ImageObject","inLanguage":"es","@id":"https:\/\/expressometro.mx\/#\/schema\/logo\/image\/","url":"https:\/\/expressometro.mx\/wp-content\/uploads\/2019\/07\/cropped-Logo-Expresso-Metropolitano-1-1.jpeg","contentUrl":"https:\/\/expressometro.mx\/wp-content\/uploads\/2019\/07\/cropped-Logo-Expresso-Metropolitano-1-1.jpeg","width":290,"height":73,"caption":"Expresso Metropolitano"},"image":{"@id":"https:\/\/expressometro.mx\/#\/schema\/logo\/image\/"}},{"@type":"Person","@id":"https:\/\/expressometro.mx\/#\/schema\/person\/67a95b8e3862085c7598f66237488f1f","name":"Cecilia Vega","image":{"@type":"ImageObject","inLanguage":"es","@id":"https:\/\/secure.gravatar.com\/avatar\/13aae9944ab2ee472a9e407c9487fdbd03b049abaa559af32fe5dbcf615c981b?s=96&d=mm&r=g","url":"https:\/\/secure.gravatar.com\/avatar\/13aae9944ab2ee472a9e407c9487fdbd03b049abaa559af32fe5dbcf615c981b?s=96&d=mm&r=g","contentUrl":"https:\/\/secure.gravatar.com\/avatar\/13aae9944ab2ee472a9e407c9487fdbd03b049abaa559af32fe5dbcf615c981b?s=96&d=mm&r=g","caption":"Cecilia Vega"},"url":"https:\/\/expressometro.mx\/index.php\/author\/cecilia-vega\/"}]}},"amp_enabled":true,"_links":{"self":[{"href":"https:\/\/expressometro.mx\/index.php\/wp-json\/wp\/v2\/posts\/3627","targetHints":{"allow":["GET"]}}],"collection":[{"href":"https:\/\/expressometro.mx\/index.php\/wp-json\/wp\/v2\/posts"}],"about":[{"href":"https:\/\/expressometro.mx\/index.php\/wp-json\/wp\/v2\/types\/post"}],"author":[{"embeddable":true,"href":"https:\/\/expressometro.mx\/index.php\/wp-json\/wp\/v2\/users\/2"}],"replies":[{"embeddable":true,"href":"https:\/\/expressometro.mx\/index.php\/wp-json\/wp\/v2\/comments?post=3627"}],"version-history":[{"count":1,"href":"https:\/\/expressometro.mx\/index.php\/wp-json\/wp\/v2\/posts\/3627\/revisions"}],"predecessor-version":[{"id":3630,"href":"https:\/\/expressometro.mx\/index.php\/wp-json\/wp\/v2\/posts\/3627\/revisions\/3630"}],"wp:featuredmedia":[{"embeddable":true,"href":"https:\/\/expressometro.mx\/index.php\/wp-json\/wp\/v2\/media\/3629"}],"wp:attachment":[{"href":"https:\/\/expressometro.mx\/index.php\/wp-json\/wp\/v2\/media?parent=3627"}],"wp:term":[{"taxonomy":"category","embeddable":true,"href":"https:\/\/expressometro.mx\/index.php\/wp-json\/wp\/v2\/categories?post=3627"},{"taxonomy":"post_tag","embeddable":true,"href":"https:\/\/expressometro.mx\/index.php\/wp-json\/wp\/v2\/tags?post=3627"}],"curies":[{"name":"wp","href":"https:\/\/api.w.org\/{rel}","templated":true}]}}