{"id":3621,"date":"2021-10-06T08:14:00","date_gmt":"2021-10-06T13:14:00","guid":{"rendered":"http:\/\/expressometro.mx\/?p=3621"},"modified":"2021-10-07T08:18:15","modified_gmt":"2021-10-07T13:18:15","slug":"inaugura-alfredo-del-mazo-autopista-siervo-de-la-nacion-que-mejorara-la-conectividad-con-el-nuevo-aeropuerto-internacional-felipe-angeles","status":"publish","type":"post","link":"https:\/\/expressometro.mx\/index.php\/2021\/10\/06\/inaugura-alfredo-del-mazo-autopista-siervo-de-la-nacion-que-mejorara-la-conectividad-con-el-nuevo-aeropuerto-internacional-felipe-angeles\/","title":{"rendered":"INAUGURA ALFREDO DEL MAZO AUTOPISTA &#8220;SIERVO DE LA NACI\u00d3N&#8221;, QUE MEJORAR\u00c1 LA CONECTIVIDAD CON EL NUEVO AEROPUERTO INTERNACIONAL &#8220;FELIPE \u00c1NGELES\u201d"},"content":{"rendered":"\n<p>Ecatepec, Estado de M\u00e9xico, 6 de octubre de 2021. Al inaugurar la autopista urbana \u201cSiervo de la Naci\u00f3n\u201d, el Gobernador Alfredo Del Mazo Maza puntualiz\u00f3 que esta vialidad impulsar\u00e1 uno de los proyectos m\u00e1s importantes del Presidente Andr\u00e9s Manuel L\u00f3pez Obrador, ya que ser\u00e1 uno de los principales accesos al nuevo Aeropuerto Internacional Felipe \u00c1ngeles.<\/p>\n\n\n\n<p>El mandatario mexiquense se\u00f1al\u00f3 que desde el inicio de la administraci\u00f3n federal, platic\u00f3 con el Presidente de la Rep\u00fablica con quien coincidi\u00f3 en la importancia de detonar el desarrollo en la zona Metropolitana del Valle de M\u00e9xico, con una serie de obras que mejoren la movilidad de personas y bienes, en donde tambi\u00e9n se cuenta con la colaboraci\u00f3n del Gobierno de la Ciudad de M\u00e9xico<\/p>\n\n\n\n<p>\u201cEsta Autopista Urbana \u201cSiervo de la Naci\u00f3n\u201d nos ayuda tambi\u00e9n a darle impulso a uno de los proyectos m\u00e1s importantes que tiene el Presidente de la Rep\u00fablica en todo el pa\u00eds, que es el Aeropuerto Internacional \u201cFelipe \u00c1ngeles\u201d; cuando inici\u00f3 la administraci\u00f3n del Presidente L\u00f3pez Obrador, platicamos sobre la importancia de detonar todo este polo de desarrollo y de llevar a cabo una serie de obras de infraestructura para mejorar la conectividad de esta regi\u00f3n.<\/p>\n\n\n\n<p>&#8220;Y ah\u00ed hemos trabajado de manera conjunta con el Gobierno de M\u00e9xico, el Gobierno de la Ciudad de M\u00e9xico, tambi\u00e9n, con quien estamos trabajando de la mano para fortalecer la movilidad y la conectividad de esta regi\u00f3n de nuestro estado&#8221;, enfatiz\u00f3.<\/p>\n\n\n\n<p>En compa\u00f1\u00eda del Secretario de Movilidad del Edom\u00e9x, Luis Lim\u00f3n Ch\u00e1vez, el mandatario mexiquense explic\u00f3 que esta autopista agilizar\u00e1 la conectividad entre el Aeropuerto Internacional de la Ciudad de M\u00e9xico y el Nuevo Aeropuerto \u201cFelipe \u00c1ngeles\u201d, en Tec\u00e1mac, adem\u00e1s de impulsar la eficiencia del Sistema Aeroportuario del Valle de M\u00e9xico, que tambi\u00e9n contempla la terminal a\u00e9rea de Toluca.<\/p>\n\n\n\n<p>\u201cLa Autopista Urbana \u201cSiervo de la Naci\u00f3n\u201d se convertir\u00e1 en una de las principales v\u00edas de acceso al Aeropuerto Internacional \u201cFelipe \u00c1ngeles\u201d, nos ayuda a acercar tambi\u00e9n al Aeropuerto de la Ciudad de M\u00e9xico con el Aeropuerto Internacional \u201cFelipe \u00c1ngeles\u201d, y que esto nos permita consolidar el Sistema Aeroportuario del Valle de M\u00e9xico, entre los tres aeropuertos; el \u201cFelipe \u00c1ngeles\u201d, el de la Ciudad de M\u00e9xico y el Aeropuerto Internacional de Toluca&#8221;, indic\u00f3.<\/p>\n\n\n\n<figure class=\"wp-block-image size-large\"><img loading=\"lazy\" decoding=\"async\" width=\"627\" height=\"480\" src=\"http:\/\/expressometro.mx\/wp-content\/uploads\/2021\/10\/WhatsApp-Image-2021-10-06-at-15.05.07-627x480.jpeg\" alt=\"\" class=\"wp-image-3623\" srcset=\"https:\/\/expressometro.mx\/wp-content\/uploads\/2021\/10\/WhatsApp-Image-2021-10-06-at-15.05.07-627x480.jpeg 627w, https:\/\/expressometro.mx\/wp-content\/uploads\/2021\/10\/WhatsApp-Image-2021-10-06-at-15.05.07-477x365.jpeg 477w, https:\/\/expressometro.mx\/wp-content\/uploads\/2021\/10\/WhatsApp-Image-2021-10-06-at-15.05.07-768x588.jpeg 768w, https:\/\/expressometro.mx\/wp-content\/uploads\/2021\/10\/WhatsApp-Image-2021-10-06-at-15.05.07.jpeg 1280w\" sizes=\"auto, (max-width: 627px) 100vw, 627px\" \/><\/figure>\n\n\n\n<p>Alfredo Del Mazo tambi\u00e9n subray\u00f3 que la autopista elevada \u201cSiervo de la Naci\u00f3n\u201d es una de las obras de infraestructura m\u00e1s importantes que se hayan construido en los \u00faltimos 15 a\u00f1os en esta regi\u00f3n del Valle de M\u00e9xico, y agradeci\u00f3 al sector privado por su participaci\u00f3n, en especial a la empresa Mota Engil, que es la concesionaria de esta obra.<\/p>\n\n\n\n<p>Del Mazo Maza especific\u00f3 que la construcci\u00f3n de esta autopista requiri\u00f3 8 mil 700 millones de pesos de inversi\u00f3n, y gener\u00f3 m\u00e1s de 2 mil empleos, adem\u00e1s de que reducir\u00e1 los traslados de m\u00e1s de 21 millones de usuarios anualmente, lo cual, asegur\u00f3, fortalece a la entidad como el centro log\u00edstico m\u00e1s importante de M\u00e9xico.<\/p>\n\n\n\n<p>\u201cUna inversi\u00f3n muy importante, lo dec\u00eda hace un momento Jos\u00e9 Miguel, m\u00e1s de 8 mil 700 millones de pesos de inversi\u00f3n, en donde adem\u00e1s se generaron 2 mil empleos, la mayor\u00eda de ellos para gente de esta zona del Estado de M\u00e9xico, la mayor\u00eda para gente del municipio de Ecatepec, y lo m\u00e1s importante es la conectividad que esta obra va a tener para el oriente del Valle de M\u00e9xico; disminuyendo los tiempos de traslado en esta zona en m\u00e1s de 30 minutos. Y forma parte de todo un sistema de conectividad para seguir impulsando el atractivo del Estado de M\u00e9xico como un estado que tiene todas las ventajas para convertirse en el centro log\u00edstico de nuestro pa\u00eds\u201d.<\/p>\n\n\n\n<p>El Gobernador mexiquense explic\u00f3 que, a partir de esta administraci\u00f3n se llev\u00f3 a cabo m\u00e1s del 85 por ciento de la nueva autopista, que se convierte en una realidad para toda esta regi\u00f3n del Estado de M\u00e9xico, y que, entre otros beneficios, reducir\u00e1 emisiones contaminantes, impulsar\u00e1 la recuperaci\u00f3n de espacios p\u00fablicos y, al acortar los tiempos de traslado, permitir\u00e1 que las familias tengan m\u00e1s tiempo para convivir.<\/p>\n\n\n\n<p>Adem\u00e1s, para seguir mejorando la conectividad de esta regi\u00f3n del Estado de M\u00e9xico, el mandatario estatal explic\u00f3 que se desarrollan otros proyectos viales actualmente, como el distribuidor principal de acceso al Aeropuerto \u201cFelipe \u00c1ngeles\u201d, que conectar\u00e1 al Circuito Exterior Mexiquense con la entrada a esta terminal a\u00e9rea; la ampliaci\u00f3n de la Autopista Naucalpan-Ecatepec, la puesta en marcha de la Toluca-Naucalpan o la ampliaci\u00f3n de la Naucalpan-Ecatepec, y la pr\u00f3xima construcci\u00f3n de la Autopista Tultepec-Pir\u00e1mides.<\/p>\n\n\n\n<p>De la mano del Gobierno del M\u00e9xico, explic\u00f3 Alfredo Del Mazo, tambi\u00e9n se ampl\u00eda el Tren Suburbano que estar\u00e1 llevando a pasajeros y a trabajadores hacia el Aeropuerto Internacional \u201cFelipe \u00c1ngeles\u201d, adem\u00e1s que la administraci\u00f3n estatal llev\u00f3 a cabo la L\u00ednea 4 del Mexib\u00fas para ayudar a mejorar la movilidad del transporte p\u00fablico en esta regi\u00f3n y explic\u00f3 que la nueva autopista \u201cSiervo de la Naci\u00f3n\u201d, en una siguiente fase, estar\u00e1 conectando con la Autopista M\u00e9xico-Pachuca, para mejorar la conectividad con el estado de Hidalgo.<\/p>\n\n\n\n<p>El Secretario de Movilidad, Luis Lim\u00f3n Ch\u00e1vez, apunt\u00f3 que, con esta nueva autopista, el Edom\u00e9x compite en el nuevo entorno global, e indic\u00f3 que la nueva vialidad beneficiar\u00e1 a cerca de 34 mil automovilistas diariamente, adem\u00e1s que en torno a la nueva v\u00eda se rescatar\u00e1n espacios p\u00fablicos, a la par de mejorar puentes peatonales o parques.<\/p>\n\n\n\n<p>El Presidente del Consejo Mota Engil M\u00e9xico, Jos\u00e9 Miguel Bejos, enfatiz\u00f3 que esta v\u00eda de comunicaci\u00f3n contribuir\u00e1 al movimiento m\u00e1s \u00e1gil de personas y bienes, al tiempo de impulsar el desarrollo regional en el municipio m\u00e1s poblado del pa\u00eds, donde la activa poblaci\u00f3n demanda servicios y obras que atiendan sus necesidades de movilidad, como lo har\u00e1 esta nueva carretera.<\/p>\n","protected":false},"excerpt":{"rendered":"<p>Asegura Gobernador mexiquense que la nueva vialidad reducir\u00e1 los tiempos de traslado hasta en 30 minutos, en beneficio de cerca de 21 millones de usuarios anualmente.<\/p>\n","protected":false},"author":2,"featured_media":3624,"comment_status":"open","ping_status":"open","sticky":false,"template":"","format":"standard","meta":{"footnotes":""},"categories":[3,6],"tags":[87,86],"class_list":["post-3621","post","type-post","status-publish","format-standard","has-post-thumbnail","hentry","category-gobierno","category-seguridad","tag-alfredo-del-mazo","tag-gem"],"yoast_head":"<!-- This site is optimized with the Yoast SEO plugin v27.5 - https:\/\/yoast.com\/product\/yoast-seo-wordpress\/ -->\n<title>INAUGURA ALFREDO DEL MAZO AUTOPISTA &quot;SIERVO DE LA NACI\u00d3N&quot;, QUE MEJORAR\u00c1 LA CONECTIVIDAD CON EL NUEVO AEROPUERTO INTERNACIONAL &quot;FELIPE \u00c1NGELES\u201d - Expresso Metropolitano<\/title>\n<meta name=\"robots\" content=\"index, follow, max-snippet:-1, max-image-preview:large, max-video-preview:-1\" \/>\n<link rel=\"canonical\" href=\"https:\/\/expressometro.mx\/index.php\/2021\/10\/06\/inaugura-alfredo-del-mazo-autopista-siervo-de-la-nacion-que-mejorara-la-conectividad-con-el-nuevo-aeropuerto-internacional-felipe-angeles\/\" \/>\n<meta property=\"og:locale\" content=\"es_MX\" \/>\n<meta property=\"og:type\" content=\"article\" \/>\n<meta property=\"og:title\" content=\"INAUGURA ALFREDO DEL MAZO AUTOPISTA &quot;SIERVO DE LA NACI\u00d3N&quot;, QUE MEJORAR\u00c1 LA CONECTIVIDAD CON EL NUEVO AEROPUERTO INTERNACIONAL &quot;FELIPE \u00c1NGELES\u201d - Expresso Metropolitano\" \/>\n<meta property=\"og:description\" content=\"Asegura Gobernador mexiquense que la nueva vialidad reducir\u00e1 los tiempos de traslado hasta en 30 minutos, en beneficio de cerca de 21 millones de usuarios anualmente.\" \/>\n<meta property=\"og:url\" content=\"https:\/\/expressometro.mx\/index.php\/2021\/10\/06\/inaugura-alfredo-del-mazo-autopista-siervo-de-la-nacion-que-mejorara-la-conectividad-con-el-nuevo-aeropuerto-internacional-felipe-angeles\/\" \/>\n<meta property=\"og:site_name\" content=\"Expresso Metropolitano\" \/>\n<meta property=\"article:published_time\" content=\"2021-10-06T13:14:00+00:00\" \/>\n<meta property=\"article:modified_time\" content=\"2021-10-07T13:18:15+00:00\" \/>\n<meta property=\"og:image\" content=\"https:\/\/expressometro.mx\/wp-content\/uploads\/2021\/10\/WhatsApp-Image-2021-10-06-at-15.05.06.jpeg\" \/>\n\t<meta property=\"og:image:width\" content=\"1280\" \/>\n\t<meta property=\"og:image:height\" content=\"904\" \/>\n\t<meta property=\"og:image:type\" content=\"image\/jpeg\" \/>\n<meta name=\"author\" content=\"Cecilia Vega\" \/>\n<meta name=\"twitter:label1\" content=\"Escrito por\" \/>\n\t<meta name=\"twitter:data1\" content=\"Cecilia Vega\" \/>\n\t<meta name=\"twitter:label2\" content=\"Tiempo de lectura\" \/>\n\t<meta name=\"twitter:data2\" content=\"5 minutos\" \/>\n<script type=\"application\/ld+json\" class=\"yoast-schema-graph\">{\"@context\":\"https:\\\/\\\/schema.org\",\"@graph\":[{\"@type\":\"Article\",\"@id\":\"https:\\\/\\\/expressometro.mx\\\/index.php\\\/2021\\\/10\\\/06\\\/inaugura-alfredo-del-mazo-autopista-siervo-de-la-nacion-que-mejorara-la-conectividad-con-el-nuevo-aeropuerto-internacional-felipe-angeles\\\/#article\",\"isPartOf\":{\"@id\":\"https:\\\/\\\/expressometro.mx\\\/index.php\\\/2021\\\/10\\\/06\\\/inaugura-alfredo-del-mazo-autopista-siervo-de-la-nacion-que-mejorara-la-conectividad-con-el-nuevo-aeropuerto-internacional-felipe-angeles\\\/\"},\"author\":{\"name\":\"Cecilia Vega\",\"@id\":\"https:\\\/\\\/expressometro.mx\\\/#\\\/schema\\\/person\\\/67a95b8e3862085c7598f66237488f1f\"},\"headline\":\"INAUGURA ALFREDO DEL MAZO AUTOPISTA &#8220;SIERVO DE LA NACI\u00d3N&#8221;, QUE MEJORAR\u00c1 LA CONECTIVIDAD CON EL NUEVO AEROPUERTO INTERNACIONAL &#8220;FELIPE \u00c1NGELES\u201d\",\"datePublished\":\"2021-10-06T13:14:00+00:00\",\"dateModified\":\"2021-10-07T13:18:15+00:00\",\"mainEntityOfPage\":{\"@id\":\"https:\\\/\\\/expressometro.mx\\\/index.php\\\/2021\\\/10\\\/06\\\/inaugura-alfredo-del-mazo-autopista-siervo-de-la-nacion-que-mejorara-la-conectividad-con-el-nuevo-aeropuerto-internacional-felipe-angeles\\\/\"},\"wordCount\":1058,\"commentCount\":0,\"publisher\":{\"@id\":\"https:\\\/\\\/expressometro.mx\\\/#organization\"},\"image\":{\"@id\":\"https:\\\/\\\/expressometro.mx\\\/index.php\\\/2021\\\/10\\\/06\\\/inaugura-alfredo-del-mazo-autopista-siervo-de-la-nacion-que-mejorara-la-conectividad-con-el-nuevo-aeropuerto-internacional-felipe-angeles\\\/#primaryimage\"},\"thumbnailUrl\":\"https:\\\/\\\/expressometro.mx\\\/wp-content\\\/uploads\\\/2021\\\/10\\\/WhatsApp-Image-2021-10-06-at-15.05.06.jpeg\",\"keywords\":[\"Alfredo del Mazo\",\"GEM\"],\"articleSection\":[\"Gobierno\",\"Seguridad\"],\"inLanguage\":\"es\",\"potentialAction\":[{\"@type\":\"CommentAction\",\"name\":\"Comment\",\"target\":[\"https:\\\/\\\/expressometro.mx\\\/index.php\\\/2021\\\/10\\\/06\\\/inaugura-alfredo-del-mazo-autopista-siervo-de-la-nacion-que-mejorara-la-conectividad-con-el-nuevo-aeropuerto-internacional-felipe-angeles\\\/#respond\"]}]},{\"@type\":\"WebPage\",\"@id\":\"https:\\\/\\\/expressometro.mx\\\/index.php\\\/2021\\\/10\\\/06\\\/inaugura-alfredo-del-mazo-autopista-siervo-de-la-nacion-que-mejorara-la-conectividad-con-el-nuevo-aeropuerto-internacional-felipe-angeles\\\/\",\"url\":\"https:\\\/\\\/expressometro.mx\\\/index.php\\\/2021\\\/10\\\/06\\\/inaugura-alfredo-del-mazo-autopista-siervo-de-la-nacion-que-mejorara-la-conectividad-con-el-nuevo-aeropuerto-internacional-felipe-angeles\\\/\",\"name\":\"INAUGURA ALFREDO DEL MAZO AUTOPISTA \\\"SIERVO DE LA NACI\u00d3N\\\", QUE MEJORAR\u00c1 LA CONECTIVIDAD CON EL NUEVO AEROPUERTO INTERNACIONAL \\\"FELIPE \u00c1NGELES\u201d - Expresso Metropolitano\",\"isPartOf\":{\"@id\":\"https:\\\/\\\/expressometro.mx\\\/#website\"},\"primaryImageOfPage\":{\"@id\":\"https:\\\/\\\/expressometro.mx\\\/index.php\\\/2021\\\/10\\\/06\\\/inaugura-alfredo-del-mazo-autopista-siervo-de-la-nacion-que-mejorara-la-conectividad-con-el-nuevo-aeropuerto-internacional-felipe-angeles\\\/#primaryimage\"},\"image\":{\"@id\":\"https:\\\/\\\/expressometro.mx\\\/index.php\\\/2021\\\/10\\\/06\\\/inaugura-alfredo-del-mazo-autopista-siervo-de-la-nacion-que-mejorara-la-conectividad-con-el-nuevo-aeropuerto-internacional-felipe-angeles\\\/#primaryimage\"},\"thumbnailUrl\":\"https:\\\/\\\/expressometro.mx\\\/wp-content\\\/uploads\\\/2021\\\/10\\\/WhatsApp-Image-2021-10-06-at-15.05.06.jpeg\",\"datePublished\":\"2021-10-06T13:14:00+00:00\",\"dateModified\":\"2021-10-07T13:18:15+00:00\",\"breadcrumb\":{\"@id\":\"https:\\\/\\\/expressometro.mx\\\/index.php\\\/2021\\\/10\\\/06\\\/inaugura-alfredo-del-mazo-autopista-siervo-de-la-nacion-que-mejorara-la-conectividad-con-el-nuevo-aeropuerto-internacional-felipe-angeles\\\/#breadcrumb\"},\"inLanguage\":\"es\",\"potentialAction\":[{\"@type\":\"ReadAction\",\"target\":[\"https:\\\/\\\/expressometro.mx\\\/index.php\\\/2021\\\/10\\\/06\\\/inaugura-alfredo-del-mazo-autopista-siervo-de-la-nacion-que-mejorara-la-conectividad-con-el-nuevo-aeropuerto-internacional-felipe-angeles\\\/\"]}]},{\"@type\":\"ImageObject\",\"inLanguage\":\"es\",\"@id\":\"https:\\\/\\\/expressometro.mx\\\/index.php\\\/2021\\\/10\\\/06\\\/inaugura-alfredo-del-mazo-autopista-siervo-de-la-nacion-que-mejorara-la-conectividad-con-el-nuevo-aeropuerto-internacional-felipe-angeles\\\/#primaryimage\",\"url\":\"https:\\\/\\\/expressometro.mx\\\/wp-content\\\/uploads\\\/2021\\\/10\\\/WhatsApp-Image-2021-10-06-at-15.05.06.jpeg\",\"contentUrl\":\"https:\\\/\\\/expressometro.mx\\\/wp-content\\\/uploads\\\/2021\\\/10\\\/WhatsApp-Image-2021-10-06-at-15.05.06.jpeg\",\"width\":1280,\"height\":904},{\"@type\":\"BreadcrumbList\",\"@id\":\"https:\\\/\\\/expressometro.mx\\\/index.php\\\/2021\\\/10\\\/06\\\/inaugura-alfredo-del-mazo-autopista-siervo-de-la-nacion-que-mejorara-la-conectividad-con-el-nuevo-aeropuerto-internacional-felipe-angeles\\\/#breadcrumb\",\"itemListElement\":[{\"@type\":\"ListItem\",\"position\":1,\"name\":\"Inicio\",\"item\":\"https:\\\/\\\/expressometro.mx\\\/\"},{\"@type\":\"ListItem\",\"position\":2,\"name\":\"INAUGURA ALFREDO DEL MAZO AUTOPISTA &#8220;SIERVO DE LA NACI\u00d3N&#8221;, QUE MEJORAR\u00c1 LA CONECTIVIDAD CON EL NUEVO AEROPUERTO INTERNACIONAL &#8220;FELIPE \u00c1NGELES\u201d\"}]},{\"@type\":\"WebSite\",\"@id\":\"https:\\\/\\\/expressometro.mx\\\/#website\",\"url\":\"https:\\\/\\\/expressometro.mx\\\/\",\"name\":\"Expresso Metropolitano\",\"description\":\"Periodismo comprometido, informaci\u00f3n, investigaci\u00f3n y an\u00e1lisis\",\"publisher\":{\"@id\":\"https:\\\/\\\/expressometro.mx\\\/#organization\"},\"potentialAction\":[{\"@type\":\"SearchAction\",\"target\":{\"@type\":\"EntryPoint\",\"urlTemplate\":\"https:\\\/\\\/expressometro.mx\\\/?s={search_term_string}\"},\"query-input\":{\"@type\":\"PropertyValueSpecification\",\"valueRequired\":true,\"valueName\":\"search_term_string\"}}],\"inLanguage\":\"es\"},{\"@type\":\"Organization\",\"@id\":\"https:\\\/\\\/expressometro.mx\\\/#organization\",\"name\":\"Expresso Metropolitano\",\"url\":\"https:\\\/\\\/expressometro.mx\\\/\",\"logo\":{\"@type\":\"ImageObject\",\"inLanguage\":\"es\",\"@id\":\"https:\\\/\\\/expressometro.mx\\\/#\\\/schema\\\/logo\\\/image\\\/\",\"url\":\"https:\\\/\\\/expressometro.mx\\\/wp-content\\\/uploads\\\/2019\\\/07\\\/cropped-Logo-Expresso-Metropolitano-1-1.jpeg\",\"contentUrl\":\"https:\\\/\\\/expressometro.mx\\\/wp-content\\\/uploads\\\/2019\\\/07\\\/cropped-Logo-Expresso-Metropolitano-1-1.jpeg\",\"width\":290,\"height\":73,\"caption\":\"Expresso Metropolitano\"},\"image\":{\"@id\":\"https:\\\/\\\/expressometro.mx\\\/#\\\/schema\\\/logo\\\/image\\\/\"}},{\"@type\":\"Person\",\"@id\":\"https:\\\/\\\/expressometro.mx\\\/#\\\/schema\\\/person\\\/67a95b8e3862085c7598f66237488f1f\",\"name\":\"Cecilia Vega\",\"image\":{\"@type\":\"ImageObject\",\"inLanguage\":\"es\",\"@id\":\"https:\\\/\\\/secure.gravatar.com\\\/avatar\\\/13aae9944ab2ee472a9e407c9487fdbd03b049abaa559af32fe5dbcf615c981b?s=96&d=mm&r=g\",\"url\":\"https:\\\/\\\/secure.gravatar.com\\\/avatar\\\/13aae9944ab2ee472a9e407c9487fdbd03b049abaa559af32fe5dbcf615c981b?s=96&d=mm&r=g\",\"contentUrl\":\"https:\\\/\\\/secure.gravatar.com\\\/avatar\\\/13aae9944ab2ee472a9e407c9487fdbd03b049abaa559af32fe5dbcf615c981b?s=96&d=mm&r=g\",\"caption\":\"Cecilia Vega\"},\"url\":\"https:\\\/\\\/expressometro.mx\\\/index.php\\\/author\\\/cecilia-vega\\\/\"}]}<\/script>\n<!-- \/ Yoast SEO plugin. -->","yoast_head_json":{"title":"INAUGURA ALFREDO DEL MAZO AUTOPISTA \"SIERVO DE LA NACI\u00d3N\", QUE MEJORAR\u00c1 LA CONECTIVIDAD CON EL NUEVO AEROPUERTO INTERNACIONAL \"FELIPE \u00c1NGELES\u201d - Expresso Metropolitano","robots":{"index":"index","follow":"follow","max-snippet":"max-snippet:-1","max-image-preview":"max-image-preview:large","max-video-preview":"max-video-preview:-1"},"canonical":"https:\/\/expressometro.mx\/index.php\/2021\/10\/06\/inaugura-alfredo-del-mazo-autopista-siervo-de-la-nacion-que-mejorara-la-conectividad-con-el-nuevo-aeropuerto-internacional-felipe-angeles\/","og_locale":"es_MX","og_type":"article","og_title":"INAUGURA ALFREDO DEL MAZO AUTOPISTA \"SIERVO DE LA NACI\u00d3N\", QUE MEJORAR\u00c1 LA CONECTIVIDAD CON EL NUEVO AEROPUERTO INTERNACIONAL \"FELIPE \u00c1NGELES\u201d - Expresso Metropolitano","og_description":"Asegura Gobernador mexiquense que la nueva vialidad reducir\u00e1 los tiempos de traslado hasta en 30 minutos, en beneficio de cerca de 21 millones de usuarios anualmente.","og_url":"https:\/\/expressometro.mx\/index.php\/2021\/10\/06\/inaugura-alfredo-del-mazo-autopista-siervo-de-la-nacion-que-mejorara-la-conectividad-con-el-nuevo-aeropuerto-internacional-felipe-angeles\/","og_site_name":"Expresso Metropolitano","article_published_time":"2021-10-06T13:14:00+00:00","article_modified_time":"2021-10-07T13:18:15+00:00","og_image":[{"width":1280,"height":904,"url":"https:\/\/expressometro.mx\/wp-content\/uploads\/2021\/10\/WhatsApp-Image-2021-10-06-at-15.05.06.jpeg","type":"image\/jpeg"}],"author":"Cecilia Vega","twitter_misc":{"Escrito por":"Cecilia Vega","Tiempo de lectura":"5 minutos"},"schema":{"@context":"https:\/\/schema.org","@graph":[{"@type":"Article","@id":"https:\/\/expressometro.mx\/index.php\/2021\/10\/06\/inaugura-alfredo-del-mazo-autopista-siervo-de-la-nacion-que-mejorara-la-conectividad-con-el-nuevo-aeropuerto-internacional-felipe-angeles\/#article","isPartOf":{"@id":"https:\/\/expressometro.mx\/index.php\/2021\/10\/06\/inaugura-alfredo-del-mazo-autopista-siervo-de-la-nacion-que-mejorara-la-conectividad-con-el-nuevo-aeropuerto-internacional-felipe-angeles\/"},"author":{"name":"Cecilia Vega","@id":"https:\/\/expressometro.mx\/#\/schema\/person\/67a95b8e3862085c7598f66237488f1f"},"headline":"INAUGURA ALFREDO DEL MAZO AUTOPISTA &#8220;SIERVO DE LA NACI\u00d3N&#8221;, QUE MEJORAR\u00c1 LA CONECTIVIDAD CON EL NUEVO AEROPUERTO INTERNACIONAL &#8220;FELIPE \u00c1NGELES\u201d","datePublished":"2021-10-06T13:14:00+00:00","dateModified":"2021-10-07T13:18:15+00:00","mainEntityOfPage":{"@id":"https:\/\/expressometro.mx\/index.php\/2021\/10\/06\/inaugura-alfredo-del-mazo-autopista-siervo-de-la-nacion-que-mejorara-la-conectividad-con-el-nuevo-aeropuerto-internacional-felipe-angeles\/"},"wordCount":1058,"commentCount":0,"publisher":{"@id":"https:\/\/expressometro.mx\/#organization"},"image":{"@id":"https:\/\/expressometro.mx\/index.php\/2021\/10\/06\/inaugura-alfredo-del-mazo-autopista-siervo-de-la-nacion-que-mejorara-la-conectividad-con-el-nuevo-aeropuerto-internacional-felipe-angeles\/#primaryimage"},"thumbnailUrl":"https:\/\/expressometro.mx\/wp-content\/uploads\/2021\/10\/WhatsApp-Image-2021-10-06-at-15.05.06.jpeg","keywords":["Alfredo del Mazo","GEM"],"articleSection":["Gobierno","Seguridad"],"inLanguage":"es","potentialAction":[{"@type":"CommentAction","name":"Comment","target":["https:\/\/expressometro.mx\/index.php\/2021\/10\/06\/inaugura-alfredo-del-mazo-autopista-siervo-de-la-nacion-que-mejorara-la-conectividad-con-el-nuevo-aeropuerto-internacional-felipe-angeles\/#respond"]}]},{"@type":"WebPage","@id":"https:\/\/expressometro.mx\/index.php\/2021\/10\/06\/inaugura-alfredo-del-mazo-autopista-siervo-de-la-nacion-que-mejorara-la-conectividad-con-el-nuevo-aeropuerto-internacional-felipe-angeles\/","url":"https:\/\/expressometro.mx\/index.php\/2021\/10\/06\/inaugura-alfredo-del-mazo-autopista-siervo-de-la-nacion-que-mejorara-la-conectividad-con-el-nuevo-aeropuerto-internacional-felipe-angeles\/","name":"INAUGURA ALFREDO DEL MAZO AUTOPISTA \"SIERVO DE LA NACI\u00d3N\", QUE MEJORAR\u00c1 LA CONECTIVIDAD CON EL NUEVO AEROPUERTO INTERNACIONAL \"FELIPE \u00c1NGELES\u201d - Expresso Metropolitano","isPartOf":{"@id":"https:\/\/expressometro.mx\/#website"},"primaryImageOfPage":{"@id":"https:\/\/expressometro.mx\/index.php\/2021\/10\/06\/inaugura-alfredo-del-mazo-autopista-siervo-de-la-nacion-que-mejorara-la-conectividad-con-el-nuevo-aeropuerto-internacional-felipe-angeles\/#primaryimage"},"image":{"@id":"https:\/\/expressometro.mx\/index.php\/2021\/10\/06\/inaugura-alfredo-del-mazo-autopista-siervo-de-la-nacion-que-mejorara-la-conectividad-con-el-nuevo-aeropuerto-internacional-felipe-angeles\/#primaryimage"},"thumbnailUrl":"https:\/\/expressometro.mx\/wp-content\/uploads\/2021\/10\/WhatsApp-Image-2021-10-06-at-15.05.06.jpeg","datePublished":"2021-10-06T13:14:00+00:00","dateModified":"2021-10-07T13:18:15+00:00","breadcrumb":{"@id":"https:\/\/expressometro.mx\/index.php\/2021\/10\/06\/inaugura-alfredo-del-mazo-autopista-siervo-de-la-nacion-que-mejorara-la-conectividad-con-el-nuevo-aeropuerto-internacional-felipe-angeles\/#breadcrumb"},"inLanguage":"es","potentialAction":[{"@type":"ReadAction","target":["https:\/\/expressometro.mx\/index.php\/2021\/10\/06\/inaugura-alfredo-del-mazo-autopista-siervo-de-la-nacion-que-mejorara-la-conectividad-con-el-nuevo-aeropuerto-internacional-felipe-angeles\/"]}]},{"@type":"ImageObject","inLanguage":"es","@id":"https:\/\/expressometro.mx\/index.php\/2021\/10\/06\/inaugura-alfredo-del-mazo-autopista-siervo-de-la-nacion-que-mejorara-la-conectividad-con-el-nuevo-aeropuerto-internacional-felipe-angeles\/#primaryimage","url":"https:\/\/expressometro.mx\/wp-content\/uploads\/2021\/10\/WhatsApp-Image-2021-10-06-at-15.05.06.jpeg","contentUrl":"https:\/\/expressometro.mx\/wp-content\/uploads\/2021\/10\/WhatsApp-Image-2021-10-06-at-15.05.06.jpeg","width":1280,"height":904},{"@type":"BreadcrumbList","@id":"https:\/\/expressometro.mx\/index.php\/2021\/10\/06\/inaugura-alfredo-del-mazo-autopista-siervo-de-la-nacion-que-mejorara-la-conectividad-con-el-nuevo-aeropuerto-internacional-felipe-angeles\/#breadcrumb","itemListElement":[{"@type":"ListItem","position":1,"name":"Inicio","item":"https:\/\/expressometro.mx\/"},{"@type":"ListItem","position":2,"name":"INAUGURA ALFREDO DEL MAZO AUTOPISTA &#8220;SIERVO DE LA NACI\u00d3N&#8221;, QUE MEJORAR\u00c1 LA CONECTIVIDAD CON EL NUEVO AEROPUERTO INTERNACIONAL &#8220;FELIPE \u00c1NGELES\u201d"}]},{"@type":"WebSite","@id":"https:\/\/expressometro.mx\/#website","url":"https:\/\/expressometro.mx\/","name":"Expresso Metropolitano","description":"Periodismo comprometido, informaci\u00f3n, investigaci\u00f3n y an\u00e1lisis","publisher":{"@id":"https:\/\/expressometro.mx\/#organization"},"potentialAction":[{"@type":"SearchAction","target":{"@type":"EntryPoint","urlTemplate":"https:\/\/expressometro.mx\/?s={search_term_string}"},"query-input":{"@type":"PropertyValueSpecification","valueRequired":true,"valueName":"search_term_string"}}],"inLanguage":"es"},{"@type":"Organization","@id":"https:\/\/expressometro.mx\/#organization","name":"Expresso Metropolitano","url":"https:\/\/expressometro.mx\/","logo":{"@type":"ImageObject","inLanguage":"es","@id":"https:\/\/expressometro.mx\/#\/schema\/logo\/image\/","url":"https:\/\/expressometro.mx\/wp-content\/uploads\/2019\/07\/cropped-Logo-Expresso-Metropolitano-1-1.jpeg","contentUrl":"https:\/\/expressometro.mx\/wp-content\/uploads\/2019\/07\/cropped-Logo-Expresso-Metropolitano-1-1.jpeg","width":290,"height":73,"caption":"Expresso Metropolitano"},"image":{"@id":"https:\/\/expressometro.mx\/#\/schema\/logo\/image\/"}},{"@type":"Person","@id":"https:\/\/expressometro.mx\/#\/schema\/person\/67a95b8e3862085c7598f66237488f1f","name":"Cecilia Vega","image":{"@type":"ImageObject","inLanguage":"es","@id":"https:\/\/secure.gravatar.com\/avatar\/13aae9944ab2ee472a9e407c9487fdbd03b049abaa559af32fe5dbcf615c981b?s=96&d=mm&r=g","url":"https:\/\/secure.gravatar.com\/avatar\/13aae9944ab2ee472a9e407c9487fdbd03b049abaa559af32fe5dbcf615c981b?s=96&d=mm&r=g","contentUrl":"https:\/\/secure.gravatar.com\/avatar\/13aae9944ab2ee472a9e407c9487fdbd03b049abaa559af32fe5dbcf615c981b?s=96&d=mm&r=g","caption":"Cecilia Vega"},"url":"https:\/\/expressometro.mx\/index.php\/author\/cecilia-vega\/"}]}},"amp_enabled":true,"_links":{"self":[{"href":"https:\/\/expressometro.mx\/index.php\/wp-json\/wp\/v2\/posts\/3621","targetHints":{"allow":["GET"]}}],"collection":[{"href":"https:\/\/expressometro.mx\/index.php\/wp-json\/wp\/v2\/posts"}],"about":[{"href":"https:\/\/expressometro.mx\/index.php\/wp-json\/wp\/v2\/types\/post"}],"author":[{"embeddable":true,"href":"https:\/\/expressometro.mx\/index.php\/wp-json\/wp\/v2\/users\/2"}],"replies":[{"embeddable":true,"href":"https:\/\/expressometro.mx\/index.php\/wp-json\/wp\/v2\/comments?post=3621"}],"version-history":[{"count":1,"href":"https:\/\/expressometro.mx\/index.php\/wp-json\/wp\/v2\/posts\/3621\/revisions"}],"predecessor-version":[{"id":3625,"href":"https:\/\/expressometro.mx\/index.php\/wp-json\/wp\/v2\/posts\/3621\/revisions\/3625"}],"wp:featuredmedia":[{"embeddable":true,"href":"https:\/\/expressometro.mx\/index.php\/wp-json\/wp\/v2\/media\/3624"}],"wp:attachment":[{"href":"https:\/\/expressometro.mx\/index.php\/wp-json\/wp\/v2\/media?parent=3621"}],"wp:term":[{"taxonomy":"category","embeddable":true,"href":"https:\/\/expressometro.mx\/index.php\/wp-json\/wp\/v2\/categories?post=3621"},{"taxonomy":"post_tag","embeddable":true,"href":"https:\/\/expressometro.mx\/index.php\/wp-json\/wp\/v2\/tags?post=3621"}],"curies":[{"name":"wp","href":"https:\/\/api.w.org\/{rel}","templated":true}]}}