{"id":3560,"date":"2021-09-28T11:52:33","date_gmt":"2021-09-28T16:52:33","guid":{"rendered":"http:\/\/expressometro.mx\/?p=3560"},"modified":"2021-09-28T11:52:34","modified_gmt":"2021-09-28T16:52:34","slug":"va-pri-por-mas-participaciones-federales-para-el-edomex","status":"publish","type":"post","link":"https:\/\/expressometro.mx\/index.php\/2021\/09\/28\/va-pri-por-mas-participaciones-federales-para-el-edomex\/","title":{"rendered":"VA PRI POR M\u00c1S PARTICIPACIONES FEDERALES PARA EL EDOMEX"},"content":{"rendered":"\n<p>El grupo parlamentario del PRI buscar\u00e1 una mayor asignaci\u00f3n de participaciones federales al Estado de M\u00e9xico para el ejercicio fiscal 2022, con el fin de atender programas sociales e infraestructura para su desarrollo.<\/p>\n\n\n\n<p>Cuestionado por la llegada del Presupuesto Alternativo a San L\u00e1zaro con fondos y programas que el r\u00e9gimen desapareci\u00f3, el diputado Gustavo C\u00e1rdenas Monroy adelant\u00f3 que se enfocar\u00e1n sobre recursos destinados a infraestructura carretera y educativa, reactivaci\u00f3n del campo y la econom\u00eda.<\/p>\n\n\n\n<p>El legislador del Distrito Federal III con cabecera en Atlacomulco, sostuvo que el Proyecto de Presupuesto de Egresos de la Federaci\u00f3n (PPEF) estar\u00e1 en an\u00e1lisis para reincorporar las propuestas de asignaciones requeridas en la entidad mexiquense.<\/p>\n\n\n\n<p>\u201cVamos a defender desde la C\u00e1mara de Diputados un presupuesto que atienda las necesidades de la poblaci\u00f3n y que resuelva de ra\u00edz los problemas que enfrenta nuestro pa\u00eds\u201d, puntualiz\u00f3 el<br>Diputado Gustavo C\u00e1rdenas.<\/p>\n\n\n\n<p>\u201cVamos por un presupuesto que privilegie lo que demandaron los ciudadanos en las campa\u00f1as pol\u00edticas y que tiene que ver con lo que necesita el Estado de M\u00e9xico para la infraestructura de movilidad en las diferentes regiones y particularmente en las zonas metropolitanas\u201d, agreg\u00f3.<\/p>\n\n\n\n<p>Adem\u00e1s de buscar m\u00e1s participaciones para el Gobierno del Estado y municipios, se trata de que los programas sean viables y que respondan a la expectativa que tienen los mexiquenses.<\/p>\n\n\n\n<p>\u201cVamos por un incremento sustancial o, en su caso, crear partidas presupuestarias para los caminos rurales, carreteras alimentadoras y el programa de modernizaci\u00f3n de la red carretera\u201d.<\/p>\n\n\n\n<p>No ser\u00e1 sencillo hacerlo pero se presentar\u00e1n las propuestas para que esto sea posible en el Estado de M\u00e9xico con el fin de mejorar su infraestructura.<br>A la par, se propondr\u00e1 fortalecer los programas federales en la entidad mexiquense como el de Adultos Mayores, J\u00f3venes Construyendo el Futuro y Sembrando Vida, manifest\u00f3.<\/p>\n\n\n\n<p>Tambi\u00e9n se buscar\u00e1 incrementar los recursos a los servicios de salud que se necesitan en la atenci\u00f3n, sobretodo, para aquellos que enfrentan los efectos de la pandemia.<\/p>\n\n\n\n<p>En la integraci\u00f3n de un presupuesto alternativo se tiene considerado mayor recurso a las universidades, conservaci\u00f3n de infraestructura educativa y para atender las demandas metropolitanas y desastres naturales.<\/p>\n\n\n\n<p>\u201cNo estamos obsesionados con la idea de regresar los Fondos o Fideicomisos pero s\u00ed que existan recursos etiquetados para que sean aplicados eficazmente y que eso le sirva a los ciudadanos\u201d, consider\u00f3.<\/p>\n\n\n\n<p>De esta manera -dijo- estamos buscando que no haya fondos discrecionales y que todo tenga un destino para que la estructura program\u00e1tica del presupuesto sea transparente.<\/p>\n\n\n\n<p>Dijo que el bloque legislativo PAN PRI PRD ser\u00e1 responsable en la modificaci\u00f3n del proyecto de Presupuesto de Egresos de la Federaci\u00f3n.<\/p>\n\n\n\n<p>CAMPO MEXIQUENSE<\/p>\n\n\n\n<p>Como ocurri\u00f3 en todo el pa\u00eds, el Estado de M\u00e9xico no fue la excepci\u00f3n y el reclamo de su gente fue reactivar el campo con m\u00e1s recursos en subsidios y est\u00edmulos a la producci\u00f3n y comercializaci\u00f3n que genere un sector m\u00e1s productivo.<\/p>\n\n\n\n<p>\u201cPeque\u00f1os propietarios o los que tienen propiedad social deben tener la posibilidad de acceder a estos programas con el fin de reactivar el campo y arraigar a la gente en sus lugares de origen\u201d, asever\u00f3.<\/p>\n\n\n\n<p>No puede haber soberan\u00eda alimentaria en este pa\u00eds sino hay producci\u00f3n en el campo y as\u00ed debemos entenderlo las diferentes fracciones parlamentarias y se cumpla con el plan nacional de desarrollo, puntualiz\u00f3.<\/p>\n","protected":false},"excerpt":{"rendered":"<p>El legislador del Distrito Federal III con cabecera en Atlacomulco, sostuvo que el Proyecto de Presupuesto de Egresos de la Federaci\u00f3n (PPEF) estar\u00e1 en an\u00e1lisis para reincorporar las propuestas de asignaciones requeridas en la entidad mexiquense.<\/p>\n","protected":false},"author":2,"featured_media":3562,"comment_status":"open","ping_status":"open","sticky":false,"template":"","format":"standard","meta":{"footnotes":""},"categories":[3,231],"tags":[389,487,158],"class_list":["post-3560","post","type-post","status-publish","format-standard","has-post-thumbnail","hentry","category-gobierno","category-politica","tag-atlacomulco","tag-gustavo-cardenas","tag-pri"],"yoast_head":"<!-- This site is optimized with the Yoast SEO plugin v27.5 - https:\/\/yoast.com\/product\/yoast-seo-wordpress\/ -->\n<title>VA PRI POR M\u00c1S PARTICIPACIONES FEDERALES PARA EL EDOMEX - Expresso Metropolitano<\/title>\n<meta name=\"robots\" content=\"index, follow, max-snippet:-1, max-image-preview:large, max-video-preview:-1\" \/>\n<link rel=\"canonical\" href=\"https:\/\/expressometro.mx\/index.php\/2021\/09\/28\/va-pri-por-mas-participaciones-federales-para-el-edomex\/\" \/>\n<meta property=\"og:locale\" content=\"es_MX\" \/>\n<meta property=\"og:type\" content=\"article\" \/>\n<meta property=\"og:title\" content=\"VA PRI POR M\u00c1S PARTICIPACIONES FEDERALES PARA EL EDOMEX - Expresso Metropolitano\" \/>\n<meta property=\"og:description\" content=\"El legislador del Distrito Federal III con cabecera en Atlacomulco, sostuvo que el Proyecto de Presupuesto de Egresos de la Federaci\u00f3n (PPEF) estar\u00e1 en an\u00e1lisis para reincorporar las propuestas de asignaciones requeridas en la entidad mexiquense.\" \/>\n<meta property=\"og:url\" content=\"https:\/\/expressometro.mx\/index.php\/2021\/09\/28\/va-pri-por-mas-participaciones-federales-para-el-edomex\/\" \/>\n<meta property=\"og:site_name\" content=\"Expresso Metropolitano\" \/>\n<meta property=\"article:published_time\" content=\"2021-09-28T16:52:33+00:00\" \/>\n<meta property=\"article:modified_time\" content=\"2021-09-28T16:52:34+00:00\" \/>\n<meta property=\"og:image\" content=\"https:\/\/expressometro.mx\/wp-content\/uploads\/2021\/09\/WhatsApp-Image-2021-09-28-at-10.36.05.jpeg\" \/>\n\t<meta property=\"og:image:width\" content=\"941\" \/>\n\t<meta property=\"og:image:height\" content=\"960\" \/>\n\t<meta property=\"og:image:type\" content=\"image\/jpeg\" \/>\n<meta name=\"author\" content=\"Cecilia Vega\" \/>\n<meta name=\"twitter:label1\" content=\"Escrito por\" \/>\n\t<meta name=\"twitter:data1\" content=\"Cecilia Vega\" \/>\n\t<meta name=\"twitter:label2\" content=\"Tiempo de lectura\" \/>\n\t<meta name=\"twitter:data2\" content=\"3 minutos\" \/>\n<script type=\"application\/ld+json\" class=\"yoast-schema-graph\">{\"@context\":\"https:\\\/\\\/schema.org\",\"@graph\":[{\"@type\":\"Article\",\"@id\":\"https:\\\/\\\/expressometro.mx\\\/index.php\\\/2021\\\/09\\\/28\\\/va-pri-por-mas-participaciones-federales-para-el-edomex\\\/#article\",\"isPartOf\":{\"@id\":\"https:\\\/\\\/expressometro.mx\\\/index.php\\\/2021\\\/09\\\/28\\\/va-pri-por-mas-participaciones-federales-para-el-edomex\\\/\"},\"author\":{\"name\":\"Cecilia Vega\",\"@id\":\"https:\\\/\\\/expressometro.mx\\\/#\\\/schema\\\/person\\\/67a95b8e3862085c7598f66237488f1f\"},\"headline\":\"VA PRI POR M\u00c1S PARTICIPACIONES FEDERALES PARA EL EDOMEX\",\"datePublished\":\"2021-09-28T16:52:33+00:00\",\"dateModified\":\"2021-09-28T16:52:34+00:00\",\"mainEntityOfPage\":{\"@id\":\"https:\\\/\\\/expressometro.mx\\\/index.php\\\/2021\\\/09\\\/28\\\/va-pri-por-mas-participaciones-federales-para-el-edomex\\\/\"},\"wordCount\":593,\"commentCount\":0,\"publisher\":{\"@id\":\"https:\\\/\\\/expressometro.mx\\\/#organization\"},\"image\":{\"@id\":\"https:\\\/\\\/expressometro.mx\\\/index.php\\\/2021\\\/09\\\/28\\\/va-pri-por-mas-participaciones-federales-para-el-edomex\\\/#primaryimage\"},\"thumbnailUrl\":\"https:\\\/\\\/expressometro.mx\\\/wp-content\\\/uploads\\\/2021\\\/09\\\/WhatsApp-Image-2021-09-28-at-10.36.05.jpeg\",\"keywords\":[\"Atlacomulco\",\"Gustavo Cardenas\",\"PRI\"],\"articleSection\":[\"Gobierno\",\"Pol\u00edtica\"],\"inLanguage\":\"es\",\"potentialAction\":[{\"@type\":\"CommentAction\",\"name\":\"Comment\",\"target\":[\"https:\\\/\\\/expressometro.mx\\\/index.php\\\/2021\\\/09\\\/28\\\/va-pri-por-mas-participaciones-federales-para-el-edomex\\\/#respond\"]}]},{\"@type\":\"WebPage\",\"@id\":\"https:\\\/\\\/expressometro.mx\\\/index.php\\\/2021\\\/09\\\/28\\\/va-pri-por-mas-participaciones-federales-para-el-edomex\\\/\",\"url\":\"https:\\\/\\\/expressometro.mx\\\/index.php\\\/2021\\\/09\\\/28\\\/va-pri-por-mas-participaciones-federales-para-el-edomex\\\/\",\"name\":\"VA PRI POR M\u00c1S PARTICIPACIONES FEDERALES PARA EL EDOMEX - Expresso Metropolitano\",\"isPartOf\":{\"@id\":\"https:\\\/\\\/expressometro.mx\\\/#website\"},\"primaryImageOfPage\":{\"@id\":\"https:\\\/\\\/expressometro.mx\\\/index.php\\\/2021\\\/09\\\/28\\\/va-pri-por-mas-participaciones-federales-para-el-edomex\\\/#primaryimage\"},\"image\":{\"@id\":\"https:\\\/\\\/expressometro.mx\\\/index.php\\\/2021\\\/09\\\/28\\\/va-pri-por-mas-participaciones-federales-para-el-edomex\\\/#primaryimage\"},\"thumbnailUrl\":\"https:\\\/\\\/expressometro.mx\\\/wp-content\\\/uploads\\\/2021\\\/09\\\/WhatsApp-Image-2021-09-28-at-10.36.05.jpeg\",\"datePublished\":\"2021-09-28T16:52:33+00:00\",\"dateModified\":\"2021-09-28T16:52:34+00:00\",\"breadcrumb\":{\"@id\":\"https:\\\/\\\/expressometro.mx\\\/index.php\\\/2021\\\/09\\\/28\\\/va-pri-por-mas-participaciones-federales-para-el-edomex\\\/#breadcrumb\"},\"inLanguage\":\"es\",\"potentialAction\":[{\"@type\":\"ReadAction\",\"target\":[\"https:\\\/\\\/expressometro.mx\\\/index.php\\\/2021\\\/09\\\/28\\\/va-pri-por-mas-participaciones-federales-para-el-edomex\\\/\"]}]},{\"@type\":\"ImageObject\",\"inLanguage\":\"es\",\"@id\":\"https:\\\/\\\/expressometro.mx\\\/index.php\\\/2021\\\/09\\\/28\\\/va-pri-por-mas-participaciones-federales-para-el-edomex\\\/#primaryimage\",\"url\":\"https:\\\/\\\/expressometro.mx\\\/wp-content\\\/uploads\\\/2021\\\/09\\\/WhatsApp-Image-2021-09-28-at-10.36.05.jpeg\",\"contentUrl\":\"https:\\\/\\\/expressometro.mx\\\/wp-content\\\/uploads\\\/2021\\\/09\\\/WhatsApp-Image-2021-09-28-at-10.36.05.jpeg\",\"width\":941,\"height\":960},{\"@type\":\"BreadcrumbList\",\"@id\":\"https:\\\/\\\/expressometro.mx\\\/index.php\\\/2021\\\/09\\\/28\\\/va-pri-por-mas-participaciones-federales-para-el-edomex\\\/#breadcrumb\",\"itemListElement\":[{\"@type\":\"ListItem\",\"position\":1,\"name\":\"Inicio\",\"item\":\"https:\\\/\\\/expressometro.mx\\\/\"},{\"@type\":\"ListItem\",\"position\":2,\"name\":\"VA PRI POR M\u00c1S PARTICIPACIONES FEDERALES PARA EL EDOMEX\"}]},{\"@type\":\"WebSite\",\"@id\":\"https:\\\/\\\/expressometro.mx\\\/#website\",\"url\":\"https:\\\/\\\/expressometro.mx\\\/\",\"name\":\"Expresso Metropolitano\",\"description\":\"Periodismo comprometido, informaci\u00f3n, investigaci\u00f3n y an\u00e1lisis\",\"publisher\":{\"@id\":\"https:\\\/\\\/expressometro.mx\\\/#organization\"},\"potentialAction\":[{\"@type\":\"SearchAction\",\"target\":{\"@type\":\"EntryPoint\",\"urlTemplate\":\"https:\\\/\\\/expressometro.mx\\\/?s={search_term_string}\"},\"query-input\":{\"@type\":\"PropertyValueSpecification\",\"valueRequired\":true,\"valueName\":\"search_term_string\"}}],\"inLanguage\":\"es\"},{\"@type\":\"Organization\",\"@id\":\"https:\\\/\\\/expressometro.mx\\\/#organization\",\"name\":\"Expresso Metropolitano\",\"url\":\"https:\\\/\\\/expressometro.mx\\\/\",\"logo\":{\"@type\":\"ImageObject\",\"inLanguage\":\"es\",\"@id\":\"https:\\\/\\\/expressometro.mx\\\/#\\\/schema\\\/logo\\\/image\\\/\",\"url\":\"https:\\\/\\\/expressometro.mx\\\/wp-content\\\/uploads\\\/2019\\\/07\\\/cropped-Logo-Expresso-Metropolitano-1-1.jpeg\",\"contentUrl\":\"https:\\\/\\\/expressometro.mx\\\/wp-content\\\/uploads\\\/2019\\\/07\\\/cropped-Logo-Expresso-Metropolitano-1-1.jpeg\",\"width\":290,\"height\":73,\"caption\":\"Expresso Metropolitano\"},\"image\":{\"@id\":\"https:\\\/\\\/expressometro.mx\\\/#\\\/schema\\\/logo\\\/image\\\/\"}},{\"@type\":\"Person\",\"@id\":\"https:\\\/\\\/expressometro.mx\\\/#\\\/schema\\\/person\\\/67a95b8e3862085c7598f66237488f1f\",\"name\":\"Cecilia Vega\",\"image\":{\"@type\":\"ImageObject\",\"inLanguage\":\"es\",\"@id\":\"https:\\\/\\\/secure.gravatar.com\\\/avatar\\\/13aae9944ab2ee472a9e407c9487fdbd03b049abaa559af32fe5dbcf615c981b?s=96&d=mm&r=g\",\"url\":\"https:\\\/\\\/secure.gravatar.com\\\/avatar\\\/13aae9944ab2ee472a9e407c9487fdbd03b049abaa559af32fe5dbcf615c981b?s=96&d=mm&r=g\",\"contentUrl\":\"https:\\\/\\\/secure.gravatar.com\\\/avatar\\\/13aae9944ab2ee472a9e407c9487fdbd03b049abaa559af32fe5dbcf615c981b?s=96&d=mm&r=g\",\"caption\":\"Cecilia Vega\"},\"url\":\"https:\\\/\\\/expressometro.mx\\\/index.php\\\/author\\\/cecilia-vega\\\/\"}]}<\/script>\n<!-- \/ Yoast SEO plugin. -->","yoast_head_json":{"title":"VA PRI POR M\u00c1S PARTICIPACIONES FEDERALES PARA EL EDOMEX - Expresso Metropolitano","robots":{"index":"index","follow":"follow","max-snippet":"max-snippet:-1","max-image-preview":"max-image-preview:large","max-video-preview":"max-video-preview:-1"},"canonical":"https:\/\/expressometro.mx\/index.php\/2021\/09\/28\/va-pri-por-mas-participaciones-federales-para-el-edomex\/","og_locale":"es_MX","og_type":"article","og_title":"VA PRI POR M\u00c1S PARTICIPACIONES FEDERALES PARA EL EDOMEX - Expresso Metropolitano","og_description":"El legislador del Distrito Federal III con cabecera en Atlacomulco, sostuvo que el Proyecto de Presupuesto de Egresos de la Federaci\u00f3n (PPEF) estar\u00e1 en an\u00e1lisis para reincorporar las propuestas de asignaciones requeridas en la entidad mexiquense.","og_url":"https:\/\/expressometro.mx\/index.php\/2021\/09\/28\/va-pri-por-mas-participaciones-federales-para-el-edomex\/","og_site_name":"Expresso Metropolitano","article_published_time":"2021-09-28T16:52:33+00:00","article_modified_time":"2021-09-28T16:52:34+00:00","og_image":[{"width":941,"height":960,"url":"https:\/\/expressometro.mx\/wp-content\/uploads\/2021\/09\/WhatsApp-Image-2021-09-28-at-10.36.05.jpeg","type":"image\/jpeg"}],"author":"Cecilia Vega","twitter_misc":{"Escrito por":"Cecilia Vega","Tiempo de lectura":"3 minutos"},"schema":{"@context":"https:\/\/schema.org","@graph":[{"@type":"Article","@id":"https:\/\/expressometro.mx\/index.php\/2021\/09\/28\/va-pri-por-mas-participaciones-federales-para-el-edomex\/#article","isPartOf":{"@id":"https:\/\/expressometro.mx\/index.php\/2021\/09\/28\/va-pri-por-mas-participaciones-federales-para-el-edomex\/"},"author":{"name":"Cecilia Vega","@id":"https:\/\/expressometro.mx\/#\/schema\/person\/67a95b8e3862085c7598f66237488f1f"},"headline":"VA PRI POR M\u00c1S PARTICIPACIONES FEDERALES PARA EL EDOMEX","datePublished":"2021-09-28T16:52:33+00:00","dateModified":"2021-09-28T16:52:34+00:00","mainEntityOfPage":{"@id":"https:\/\/expressometro.mx\/index.php\/2021\/09\/28\/va-pri-por-mas-participaciones-federales-para-el-edomex\/"},"wordCount":593,"commentCount":0,"publisher":{"@id":"https:\/\/expressometro.mx\/#organization"},"image":{"@id":"https:\/\/expressometro.mx\/index.php\/2021\/09\/28\/va-pri-por-mas-participaciones-federales-para-el-edomex\/#primaryimage"},"thumbnailUrl":"https:\/\/expressometro.mx\/wp-content\/uploads\/2021\/09\/WhatsApp-Image-2021-09-28-at-10.36.05.jpeg","keywords":["Atlacomulco","Gustavo Cardenas","PRI"],"articleSection":["Gobierno","Pol\u00edtica"],"inLanguage":"es","potentialAction":[{"@type":"CommentAction","name":"Comment","target":["https:\/\/expressometro.mx\/index.php\/2021\/09\/28\/va-pri-por-mas-participaciones-federales-para-el-edomex\/#respond"]}]},{"@type":"WebPage","@id":"https:\/\/expressometro.mx\/index.php\/2021\/09\/28\/va-pri-por-mas-participaciones-federales-para-el-edomex\/","url":"https:\/\/expressometro.mx\/index.php\/2021\/09\/28\/va-pri-por-mas-participaciones-federales-para-el-edomex\/","name":"VA PRI POR M\u00c1S PARTICIPACIONES FEDERALES PARA EL EDOMEX - Expresso Metropolitano","isPartOf":{"@id":"https:\/\/expressometro.mx\/#website"},"primaryImageOfPage":{"@id":"https:\/\/expressometro.mx\/index.php\/2021\/09\/28\/va-pri-por-mas-participaciones-federales-para-el-edomex\/#primaryimage"},"image":{"@id":"https:\/\/expressometro.mx\/index.php\/2021\/09\/28\/va-pri-por-mas-participaciones-federales-para-el-edomex\/#primaryimage"},"thumbnailUrl":"https:\/\/expressometro.mx\/wp-content\/uploads\/2021\/09\/WhatsApp-Image-2021-09-28-at-10.36.05.jpeg","datePublished":"2021-09-28T16:52:33+00:00","dateModified":"2021-09-28T16:52:34+00:00","breadcrumb":{"@id":"https:\/\/expressometro.mx\/index.php\/2021\/09\/28\/va-pri-por-mas-participaciones-federales-para-el-edomex\/#breadcrumb"},"inLanguage":"es","potentialAction":[{"@type":"ReadAction","target":["https:\/\/expressometro.mx\/index.php\/2021\/09\/28\/va-pri-por-mas-participaciones-federales-para-el-edomex\/"]}]},{"@type":"ImageObject","inLanguage":"es","@id":"https:\/\/expressometro.mx\/index.php\/2021\/09\/28\/va-pri-por-mas-participaciones-federales-para-el-edomex\/#primaryimage","url":"https:\/\/expressometro.mx\/wp-content\/uploads\/2021\/09\/WhatsApp-Image-2021-09-28-at-10.36.05.jpeg","contentUrl":"https:\/\/expressometro.mx\/wp-content\/uploads\/2021\/09\/WhatsApp-Image-2021-09-28-at-10.36.05.jpeg","width":941,"height":960},{"@type":"BreadcrumbList","@id":"https:\/\/expressometro.mx\/index.php\/2021\/09\/28\/va-pri-por-mas-participaciones-federales-para-el-edomex\/#breadcrumb","itemListElement":[{"@type":"ListItem","position":1,"name":"Inicio","item":"https:\/\/expressometro.mx\/"},{"@type":"ListItem","position":2,"name":"VA PRI POR M\u00c1S PARTICIPACIONES FEDERALES PARA EL EDOMEX"}]},{"@type":"WebSite","@id":"https:\/\/expressometro.mx\/#website","url":"https:\/\/expressometro.mx\/","name":"Expresso Metropolitano","description":"Periodismo comprometido, informaci\u00f3n, investigaci\u00f3n y an\u00e1lisis","publisher":{"@id":"https:\/\/expressometro.mx\/#organization"},"potentialAction":[{"@type":"SearchAction","target":{"@type":"EntryPoint","urlTemplate":"https:\/\/expressometro.mx\/?s={search_term_string}"},"query-input":{"@type":"PropertyValueSpecification","valueRequired":true,"valueName":"search_term_string"}}],"inLanguage":"es"},{"@type":"Organization","@id":"https:\/\/expressometro.mx\/#organization","name":"Expresso Metropolitano","url":"https:\/\/expressometro.mx\/","logo":{"@type":"ImageObject","inLanguage":"es","@id":"https:\/\/expressometro.mx\/#\/schema\/logo\/image\/","url":"https:\/\/expressometro.mx\/wp-content\/uploads\/2019\/07\/cropped-Logo-Expresso-Metropolitano-1-1.jpeg","contentUrl":"https:\/\/expressometro.mx\/wp-content\/uploads\/2019\/07\/cropped-Logo-Expresso-Metropolitano-1-1.jpeg","width":290,"height":73,"caption":"Expresso Metropolitano"},"image":{"@id":"https:\/\/expressometro.mx\/#\/schema\/logo\/image\/"}},{"@type":"Person","@id":"https:\/\/expressometro.mx\/#\/schema\/person\/67a95b8e3862085c7598f66237488f1f","name":"Cecilia Vega","image":{"@type":"ImageObject","inLanguage":"es","@id":"https:\/\/secure.gravatar.com\/avatar\/13aae9944ab2ee472a9e407c9487fdbd03b049abaa559af32fe5dbcf615c981b?s=96&d=mm&r=g","url":"https:\/\/secure.gravatar.com\/avatar\/13aae9944ab2ee472a9e407c9487fdbd03b049abaa559af32fe5dbcf615c981b?s=96&d=mm&r=g","contentUrl":"https:\/\/secure.gravatar.com\/avatar\/13aae9944ab2ee472a9e407c9487fdbd03b049abaa559af32fe5dbcf615c981b?s=96&d=mm&r=g","caption":"Cecilia Vega"},"url":"https:\/\/expressometro.mx\/index.php\/author\/cecilia-vega\/"}]}},"amp_enabled":true,"_links":{"self":[{"href":"https:\/\/expressometro.mx\/index.php\/wp-json\/wp\/v2\/posts\/3560","targetHints":{"allow":["GET"]}}],"collection":[{"href":"https:\/\/expressometro.mx\/index.php\/wp-json\/wp\/v2\/posts"}],"about":[{"href":"https:\/\/expressometro.mx\/index.php\/wp-json\/wp\/v2\/types\/post"}],"author":[{"embeddable":true,"href":"https:\/\/expressometro.mx\/index.php\/wp-json\/wp\/v2\/users\/2"}],"replies":[{"embeddable":true,"href":"https:\/\/expressometro.mx\/index.php\/wp-json\/wp\/v2\/comments?post=3560"}],"version-history":[{"count":1,"href":"https:\/\/expressometro.mx\/index.php\/wp-json\/wp\/v2\/posts\/3560\/revisions"}],"predecessor-version":[{"id":3563,"href":"https:\/\/expressometro.mx\/index.php\/wp-json\/wp\/v2\/posts\/3560\/revisions\/3563"}],"wp:featuredmedia":[{"embeddable":true,"href":"https:\/\/expressometro.mx\/index.php\/wp-json\/wp\/v2\/media\/3562"}],"wp:attachment":[{"href":"https:\/\/expressometro.mx\/index.php\/wp-json\/wp\/v2\/media?parent=3560"}],"wp:term":[{"taxonomy":"category","embeddable":true,"href":"https:\/\/expressometro.mx\/index.php\/wp-json\/wp\/v2\/categories?post=3560"},{"taxonomy":"post_tag","embeddable":true,"href":"https:\/\/expressometro.mx\/index.php\/wp-json\/wp\/v2\/tags?post=3560"}],"curies":[{"name":"wp","href":"https:\/\/api.w.org\/{rel}","templated":true}]}}