{"id":3549,"date":"2021-09-26T17:43:04","date_gmt":"2021-09-26T22:43:04","guid":{"rendered":"http:\/\/expressometro.mx\/?p=3549"},"modified":"2021-09-26T17:43:06","modified_gmt":"2021-09-26T22:43:06","slug":"uaem-opcion-educativa-de-alta-calidad-y-pertinente-para-las-juventudes-cebd","status":"publish","type":"post","link":"https:\/\/expressometro.mx\/index.php\/2021\/09\/26\/uaem-opcion-educativa-de-alta-calidad-y-pertinente-para-las-juventudes-cebd\/","title":{"rendered":"UAEM, opci\u00f3n educativa de alta calidad y pertinente para las juventudes: CEBD"},"content":{"rendered":"\n<p>La Universidad Aut\u00f3noma del Estado de M\u00e9xico (UAEM), instituci\u00f3n orgullosamente p\u00fablica, es una opci\u00f3n educativa moderna, innovadora, de alta calidad y pertinente para las juventudes, sostuvo el rector Carlos Eduardo Barrera D\u00edaz, al encabezar la ceremonia conmemorativa al 25 aniversario del inicio de actividades del Centro Universitario UAEM Valle de M\u00e9xico, ubicado en el municipio de Atizap\u00e1n de Zaragoza.<\/p>\n\n\n\n<p>Acompa\u00f1ado del director de este espacio acad\u00e9mico, V\u00edctor Manuel Landassuri Moreno, y el regidor del H. Ayuntamiento de Atizap\u00e1n de Zaragoza, Daniel Altamirano Guti\u00e9rrez, egresado de este campus de la UAEM, resalt\u00f3 que con una matr\u00edcula de 850 alumnos y alumnas, el Centro, entonces Unidad Acad\u00e9mica Profesional, inici\u00f3 actividades acad\u00e9micas el 17 de septiembre de 1996 con 10 licenciaturas.<\/p>\n\n\n\n<p>Ante el encargado de la biblioteca digital y trabajador fundador de este espacio, Eduardo Cruz Guti\u00e9rrez, as\u00ed como el presidente del ex patronato del Centro y Rector Honoris Causa de la instituci\u00f3n, Francisco Barona Mariscal, e integrantes del comit\u00e9 directivo del ex patronato, Fernando Meza Dieguez y Ra\u00fal de los R\u00edos \u00c1lvarez, afirm\u00f3 que \u201clos programas de estudio del centro se encontraban en plena consonancia con la din\u00e1mica tecnol\u00f3gica, econ\u00f3mica y cultural del poniente del Valle de M\u00e9xico y su rec\u00edproca relaci\u00f3n de movilidad e influencia con la capital del pa\u00eds\u201d.<\/p>\n\n\n\n<p>En este evento, marco en el cual coloc\u00f3 la primera piedra de la barda perimetral y entreg\u00f3 la remodelaci\u00f3n de las canchas deportivas del campus, abund\u00f3 que en 2007 se ampl\u00edo la oferta acad\u00e9mica, con la Licenciatura en Inform\u00e1tica Administrativa en la modalidad a distancia y en 2014 se incursion\u00f3 con un programa de estudios avanzados, la Maestr\u00eda en Ciencias Computacionales, hoy reconocida por el Programa Nacional de Posgrados de Calidad (PNPC) del Consejo Nacional de Ciencia y Tecnolog\u00eda (Conacyt).<\/p>\n\n\n\n<p>A 25 a\u00f1os del inicio de sus actividades, dijo, el Centro Universitario UAEM Valle de M\u00e9xico tiene presencia internacional, gracias a la proyecci\u00f3n de los trabajos de investigaci\u00f3n desarrollados por su planta acad\u00e9mica y la colaboraci\u00f3n de sus cuerpos acad\u00e9micos y redes de investigaci\u00f3n con instituciones de prestigio a nivel nacional, adem\u00e1s, por el brillante papel que han hecho sus estudiantes en movilidad.<\/p>\n\n\n\n<p>Por su parte, V\u00edctor Manuel Landassuri Moreno agradeci\u00f3 el arduo trabajo de los integrantes de la comunidad universitaria y miembros de la sociedad civil, a favor del Centro Universitario UAEM Valle de M\u00e9xico, que en la actualidad cuenta con 20 generaciones de egresados y alrededor de 20 mil alumnas y alumnos atendidos, siendo la mejor alternativa educativa para las juventudes de la Zona Metropolitana del Valle de M\u00e9xico.<\/p>\n\n\n\n<figure class=\"wp-block-gallery columns-3 is-cropped wp-block-gallery-1 is-layout-flex wp-block-gallery-is-layout-flex\"><ul class=\"blocks-gallery-grid\"><li class=\"blocks-gallery-item\"><figure><img decoding=\"async\" width=\"720\" height=\"480\" src=\"http:\/\/expressometro.mx\/wp-content\/uploads\/2021\/09\/WhatsApp-Image-2021-09-26-at-16.22.18-2-720x480.jpeg\" alt=\"\" data-id=\"3551\" data-link=\"http:\/\/expressometro.mx\/?attachment_id=3551\" class=\"wp-image-3551\" srcset=\"https:\/\/expressometro.mx\/wp-content\/uploads\/2021\/09\/WhatsApp-Image-2021-09-26-at-16.22.18-2-720x480.jpeg 720w, https:\/\/expressometro.mx\/wp-content\/uploads\/2021\/09\/WhatsApp-Image-2021-09-26-at-16.22.18-2-548x365.jpeg 548w, https:\/\/expressometro.mx\/wp-content\/uploads\/2021\/09\/WhatsApp-Image-2021-09-26-at-16.22.18-2-768x512.jpeg 768w, https:\/\/expressometro.mx\/wp-content\/uploads\/2021\/09\/WhatsApp-Image-2021-09-26-at-16.22.18-2.jpeg 960w\" sizes=\"(max-width: 720px) 100vw, 720px\" \/><\/figure><\/li><li class=\"blocks-gallery-item\"><figure><img decoding=\"async\" width=\"720\" height=\"480\" src=\"http:\/\/expressometro.mx\/wp-content\/uploads\/2021\/09\/WhatsApp-Image-2021-09-26-at-16.22.18-3-720x480.jpeg\" alt=\"\" data-id=\"3553\" data-link=\"http:\/\/expressometro.mx\/?attachment_id=3553\" class=\"wp-image-3553\" srcset=\"https:\/\/expressometro.mx\/wp-content\/uploads\/2021\/09\/WhatsApp-Image-2021-09-26-at-16.22.18-3-720x480.jpeg 720w, https:\/\/expressometro.mx\/wp-content\/uploads\/2021\/09\/WhatsApp-Image-2021-09-26-at-16.22.18-3-548x365.jpeg 548w, https:\/\/expressometro.mx\/wp-content\/uploads\/2021\/09\/WhatsApp-Image-2021-09-26-at-16.22.18-3-768x512.jpeg 768w, https:\/\/expressometro.mx\/wp-content\/uploads\/2021\/09\/WhatsApp-Image-2021-09-26-at-16.22.18-3.jpeg 960w\" sizes=\"(max-width: 720px) 100vw, 720px\" \/><\/figure><\/li><li class=\"blocks-gallery-item\"><figure><img decoding=\"async\" width=\"720\" height=\"480\" src=\"http:\/\/expressometro.mx\/wp-content\/uploads\/2021\/09\/WhatsApp-Image-2021-09-26-at-16.22.20-1-720x480.jpeg\" alt=\"\" data-id=\"3554\" data-full-url=\"http:\/\/expressometro.mx\/wp-content\/uploads\/2021\/09\/WhatsApp-Image-2021-09-26-at-16.22.20-1.jpeg\" data-link=\"http:\/\/expressometro.mx\/?attachment_id=3554\" class=\"wp-image-3554\" srcset=\"https:\/\/expressometro.mx\/wp-content\/uploads\/2021\/09\/WhatsApp-Image-2021-09-26-at-16.22.20-1-720x480.jpeg 720w, https:\/\/expressometro.mx\/wp-content\/uploads\/2021\/09\/WhatsApp-Image-2021-09-26-at-16.22.20-1-548x365.jpeg 548w, https:\/\/expressometro.mx\/wp-content\/uploads\/2021\/09\/WhatsApp-Image-2021-09-26-at-16.22.20-1-768x512.jpeg 768w, https:\/\/expressometro.mx\/wp-content\/uploads\/2021\/09\/WhatsApp-Image-2021-09-26-at-16.22.20-1.jpeg 960w\" sizes=\"(max-width: 720px) 100vw, 720px\" \/><\/figure><\/li><\/ul><\/figure>\n","protected":false},"excerpt":{"rendered":"<p> Coloc\u00f3 la primera piedra de la barda perimetral y entreg\u00f3 la remodelaci\u00f3n de las canchas deportivas del campus.<\/p>\n","protected":false},"author":2,"featured_media":3555,"comment_status":"open","ping_status":"open","sticky":false,"template":"","format":"standard","meta":{"footnotes":""},"categories":[108],"tags":[313,82],"class_list":["post-3549","post","type-post","status-publish","format-standard","has-post-thumbnail","hentry","category-educacion","tag-carlos-eduardo-barrera-diaz","tag-uaemex"],"yoast_head":"<!-- This site is optimized with the Yoast SEO plugin v27.5 - https:\/\/yoast.com\/product\/yoast-seo-wordpress\/ -->\n<title>UAEM, opci\u00f3n educativa de alta calidad y pertinente para las juventudes: CEBD - Expresso Metropolitano<\/title>\n<meta name=\"robots\" content=\"index, follow, max-snippet:-1, max-image-preview:large, max-video-preview:-1\" \/>\n<link rel=\"canonical\" href=\"https:\/\/expressometro.mx\/index.php\/2021\/09\/26\/uaem-opcion-educativa-de-alta-calidad-y-pertinente-para-las-juventudes-cebd\/\" \/>\n<meta property=\"og:locale\" content=\"es_MX\" \/>\n<meta property=\"og:type\" content=\"article\" \/>\n<meta property=\"og:title\" content=\"UAEM, opci\u00f3n educativa de alta calidad y pertinente para las juventudes: CEBD - Expresso Metropolitano\" \/>\n<meta property=\"og:description\" content=\"Coloc\u00f3 la primera piedra de la barda perimetral y entreg\u00f3 la remodelaci\u00f3n de las canchas deportivas del campus.\" \/>\n<meta property=\"og:url\" content=\"https:\/\/expressometro.mx\/index.php\/2021\/09\/26\/uaem-opcion-educativa-de-alta-calidad-y-pertinente-para-las-juventudes-cebd\/\" \/>\n<meta property=\"og:site_name\" content=\"Expresso Metropolitano\" \/>\n<meta property=\"article:published_time\" content=\"2021-09-26T22:43:04+00:00\" \/>\n<meta property=\"article:modified_time\" content=\"2021-09-26T22:43:06+00:00\" \/>\n<meta property=\"og:image\" content=\"https:\/\/expressometro.mx\/wp-content\/uploads\/2021\/09\/WhatsApp-Image-2021-09-26-at-16.22.17-1.jpeg\" \/>\n\t<meta property=\"og:image:width\" content=\"960\" \/>\n\t<meta property=\"og:image:height\" content=\"640\" \/>\n\t<meta property=\"og:image:type\" content=\"image\/jpeg\" \/>\n<meta name=\"author\" content=\"Cecilia Vega\" \/>\n<meta name=\"twitter:label1\" content=\"Escrito por\" \/>\n\t<meta name=\"twitter:data1\" content=\"Cecilia Vega\" \/>\n\t<meta name=\"twitter:label2\" content=\"Tiempo de lectura\" \/>\n\t<meta name=\"twitter:data2\" content=\"3 minutos\" \/>\n<script type=\"application\/ld+json\" class=\"yoast-schema-graph\">{\"@context\":\"https:\\\/\\\/schema.org\",\"@graph\":[{\"@type\":\"Article\",\"@id\":\"https:\\\/\\\/expressometro.mx\\\/index.php\\\/2021\\\/09\\\/26\\\/uaem-opcion-educativa-de-alta-calidad-y-pertinente-para-las-juventudes-cebd\\\/#article\",\"isPartOf\":{\"@id\":\"https:\\\/\\\/expressometro.mx\\\/index.php\\\/2021\\\/09\\\/26\\\/uaem-opcion-educativa-de-alta-calidad-y-pertinente-para-las-juventudes-cebd\\\/\"},\"author\":{\"name\":\"Cecilia Vega\",\"@id\":\"https:\\\/\\\/expressometro.mx\\\/#\\\/schema\\\/person\\\/67a95b8e3862085c7598f66237488f1f\"},\"headline\":\"UAEM, opci\u00f3n educativa de alta calidad y pertinente para las juventudes: CEBD\",\"datePublished\":\"2021-09-26T22:43:04+00:00\",\"dateModified\":\"2021-09-26T22:43:06+00:00\",\"mainEntityOfPage\":{\"@id\":\"https:\\\/\\\/expressometro.mx\\\/index.php\\\/2021\\\/09\\\/26\\\/uaem-opcion-educativa-de-alta-calidad-y-pertinente-para-las-juventudes-cebd\\\/\"},\"wordCount\":468,\"commentCount\":0,\"publisher\":{\"@id\":\"https:\\\/\\\/expressometro.mx\\\/#organization\"},\"image\":{\"@id\":\"https:\\\/\\\/expressometro.mx\\\/index.php\\\/2021\\\/09\\\/26\\\/uaem-opcion-educativa-de-alta-calidad-y-pertinente-para-las-juventudes-cebd\\\/#primaryimage\"},\"thumbnailUrl\":\"https:\\\/\\\/expressometro.mx\\\/wp-content\\\/uploads\\\/2021\\\/09\\\/WhatsApp-Image-2021-09-26-at-16.22.17-1.jpeg\",\"keywords\":[\"Carlos Eduardo Barrera D\u00edaz\",\"UAEMex\"],\"articleSection\":[\"Educaci\u00f3n\"],\"inLanguage\":\"es\",\"potentialAction\":[{\"@type\":\"CommentAction\",\"name\":\"Comment\",\"target\":[\"https:\\\/\\\/expressometro.mx\\\/index.php\\\/2021\\\/09\\\/26\\\/uaem-opcion-educativa-de-alta-calidad-y-pertinente-para-las-juventudes-cebd\\\/#respond\"]}]},{\"@type\":\"WebPage\",\"@id\":\"https:\\\/\\\/expressometro.mx\\\/index.php\\\/2021\\\/09\\\/26\\\/uaem-opcion-educativa-de-alta-calidad-y-pertinente-para-las-juventudes-cebd\\\/\",\"url\":\"https:\\\/\\\/expressometro.mx\\\/index.php\\\/2021\\\/09\\\/26\\\/uaem-opcion-educativa-de-alta-calidad-y-pertinente-para-las-juventudes-cebd\\\/\",\"name\":\"UAEM, opci\u00f3n educativa de alta calidad y pertinente para las juventudes: CEBD - Expresso Metropolitano\",\"isPartOf\":{\"@id\":\"https:\\\/\\\/expressometro.mx\\\/#website\"},\"primaryImageOfPage\":{\"@id\":\"https:\\\/\\\/expressometro.mx\\\/index.php\\\/2021\\\/09\\\/26\\\/uaem-opcion-educativa-de-alta-calidad-y-pertinente-para-las-juventudes-cebd\\\/#primaryimage\"},\"image\":{\"@id\":\"https:\\\/\\\/expressometro.mx\\\/index.php\\\/2021\\\/09\\\/26\\\/uaem-opcion-educativa-de-alta-calidad-y-pertinente-para-las-juventudes-cebd\\\/#primaryimage\"},\"thumbnailUrl\":\"https:\\\/\\\/expressometro.mx\\\/wp-content\\\/uploads\\\/2021\\\/09\\\/WhatsApp-Image-2021-09-26-at-16.22.17-1.jpeg\",\"datePublished\":\"2021-09-26T22:43:04+00:00\",\"dateModified\":\"2021-09-26T22:43:06+00:00\",\"breadcrumb\":{\"@id\":\"https:\\\/\\\/expressometro.mx\\\/index.php\\\/2021\\\/09\\\/26\\\/uaem-opcion-educativa-de-alta-calidad-y-pertinente-para-las-juventudes-cebd\\\/#breadcrumb\"},\"inLanguage\":\"es\",\"potentialAction\":[{\"@type\":\"ReadAction\",\"target\":[\"https:\\\/\\\/expressometro.mx\\\/index.php\\\/2021\\\/09\\\/26\\\/uaem-opcion-educativa-de-alta-calidad-y-pertinente-para-las-juventudes-cebd\\\/\"]}]},{\"@type\":\"ImageObject\",\"inLanguage\":\"es\",\"@id\":\"https:\\\/\\\/expressometro.mx\\\/index.php\\\/2021\\\/09\\\/26\\\/uaem-opcion-educativa-de-alta-calidad-y-pertinente-para-las-juventudes-cebd\\\/#primaryimage\",\"url\":\"https:\\\/\\\/expressometro.mx\\\/wp-content\\\/uploads\\\/2021\\\/09\\\/WhatsApp-Image-2021-09-26-at-16.22.17-1.jpeg\",\"contentUrl\":\"https:\\\/\\\/expressometro.mx\\\/wp-content\\\/uploads\\\/2021\\\/09\\\/WhatsApp-Image-2021-09-26-at-16.22.17-1.jpeg\",\"width\":960,\"height\":640},{\"@type\":\"BreadcrumbList\",\"@id\":\"https:\\\/\\\/expressometro.mx\\\/index.php\\\/2021\\\/09\\\/26\\\/uaem-opcion-educativa-de-alta-calidad-y-pertinente-para-las-juventudes-cebd\\\/#breadcrumb\",\"itemListElement\":[{\"@type\":\"ListItem\",\"position\":1,\"name\":\"Inicio\",\"item\":\"https:\\\/\\\/expressometro.mx\\\/\"},{\"@type\":\"ListItem\",\"position\":2,\"name\":\"UAEM, opci\u00f3n educativa de alta calidad y pertinente para las juventudes: CEBD\"}]},{\"@type\":\"WebSite\",\"@id\":\"https:\\\/\\\/expressometro.mx\\\/#website\",\"url\":\"https:\\\/\\\/expressometro.mx\\\/\",\"name\":\"Expresso Metropolitano\",\"description\":\"Periodismo comprometido, informaci\u00f3n, investigaci\u00f3n y an\u00e1lisis\",\"publisher\":{\"@id\":\"https:\\\/\\\/expressometro.mx\\\/#organization\"},\"potentialAction\":[{\"@type\":\"SearchAction\",\"target\":{\"@type\":\"EntryPoint\",\"urlTemplate\":\"https:\\\/\\\/expressometro.mx\\\/?s={search_term_string}\"},\"query-input\":{\"@type\":\"PropertyValueSpecification\",\"valueRequired\":true,\"valueName\":\"search_term_string\"}}],\"inLanguage\":\"es\"},{\"@type\":\"Organization\",\"@id\":\"https:\\\/\\\/expressometro.mx\\\/#organization\",\"name\":\"Expresso Metropolitano\",\"url\":\"https:\\\/\\\/expressometro.mx\\\/\",\"logo\":{\"@type\":\"ImageObject\",\"inLanguage\":\"es\",\"@id\":\"https:\\\/\\\/expressometro.mx\\\/#\\\/schema\\\/logo\\\/image\\\/\",\"url\":\"https:\\\/\\\/expressometro.mx\\\/wp-content\\\/uploads\\\/2019\\\/07\\\/cropped-Logo-Expresso-Metropolitano-1-1.jpeg\",\"contentUrl\":\"https:\\\/\\\/expressometro.mx\\\/wp-content\\\/uploads\\\/2019\\\/07\\\/cropped-Logo-Expresso-Metropolitano-1-1.jpeg\",\"width\":290,\"height\":73,\"caption\":\"Expresso Metropolitano\"},\"image\":{\"@id\":\"https:\\\/\\\/expressometro.mx\\\/#\\\/schema\\\/logo\\\/image\\\/\"}},{\"@type\":\"Person\",\"@id\":\"https:\\\/\\\/expressometro.mx\\\/#\\\/schema\\\/person\\\/67a95b8e3862085c7598f66237488f1f\",\"name\":\"Cecilia Vega\",\"image\":{\"@type\":\"ImageObject\",\"inLanguage\":\"es\",\"@id\":\"https:\\\/\\\/secure.gravatar.com\\\/avatar\\\/13aae9944ab2ee472a9e407c9487fdbd03b049abaa559af32fe5dbcf615c981b?s=96&d=mm&r=g\",\"url\":\"https:\\\/\\\/secure.gravatar.com\\\/avatar\\\/13aae9944ab2ee472a9e407c9487fdbd03b049abaa559af32fe5dbcf615c981b?s=96&d=mm&r=g\",\"contentUrl\":\"https:\\\/\\\/secure.gravatar.com\\\/avatar\\\/13aae9944ab2ee472a9e407c9487fdbd03b049abaa559af32fe5dbcf615c981b?s=96&d=mm&r=g\",\"caption\":\"Cecilia Vega\"},\"url\":\"https:\\\/\\\/expressometro.mx\\\/index.php\\\/author\\\/cecilia-vega\\\/\"}]}<\/script>\n<!-- \/ Yoast SEO plugin. -->","yoast_head_json":{"title":"UAEM, opci\u00f3n educativa de alta calidad y pertinente para las juventudes: CEBD - Expresso Metropolitano","robots":{"index":"index","follow":"follow","max-snippet":"max-snippet:-1","max-image-preview":"max-image-preview:large","max-video-preview":"max-video-preview:-1"},"canonical":"https:\/\/expressometro.mx\/index.php\/2021\/09\/26\/uaem-opcion-educativa-de-alta-calidad-y-pertinente-para-las-juventudes-cebd\/","og_locale":"es_MX","og_type":"article","og_title":"UAEM, opci\u00f3n educativa de alta calidad y pertinente para las juventudes: CEBD - Expresso Metropolitano","og_description":"Coloc\u00f3 la primera piedra de la barda perimetral y entreg\u00f3 la remodelaci\u00f3n de las canchas deportivas del campus.","og_url":"https:\/\/expressometro.mx\/index.php\/2021\/09\/26\/uaem-opcion-educativa-de-alta-calidad-y-pertinente-para-las-juventudes-cebd\/","og_site_name":"Expresso Metropolitano","article_published_time":"2021-09-26T22:43:04+00:00","article_modified_time":"2021-09-26T22:43:06+00:00","og_image":[{"width":960,"height":640,"url":"https:\/\/expressometro.mx\/wp-content\/uploads\/2021\/09\/WhatsApp-Image-2021-09-26-at-16.22.17-1.jpeg","type":"image\/jpeg"}],"author":"Cecilia Vega","twitter_misc":{"Escrito por":"Cecilia Vega","Tiempo de lectura":"3 minutos"},"schema":{"@context":"https:\/\/schema.org","@graph":[{"@type":"Article","@id":"https:\/\/expressometro.mx\/index.php\/2021\/09\/26\/uaem-opcion-educativa-de-alta-calidad-y-pertinente-para-las-juventudes-cebd\/#article","isPartOf":{"@id":"https:\/\/expressometro.mx\/index.php\/2021\/09\/26\/uaem-opcion-educativa-de-alta-calidad-y-pertinente-para-las-juventudes-cebd\/"},"author":{"name":"Cecilia Vega","@id":"https:\/\/expressometro.mx\/#\/schema\/person\/67a95b8e3862085c7598f66237488f1f"},"headline":"UAEM, opci\u00f3n educativa de alta calidad y pertinente para las juventudes: CEBD","datePublished":"2021-09-26T22:43:04+00:00","dateModified":"2021-09-26T22:43:06+00:00","mainEntityOfPage":{"@id":"https:\/\/expressometro.mx\/index.php\/2021\/09\/26\/uaem-opcion-educativa-de-alta-calidad-y-pertinente-para-las-juventudes-cebd\/"},"wordCount":468,"commentCount":0,"publisher":{"@id":"https:\/\/expressometro.mx\/#organization"},"image":{"@id":"https:\/\/expressometro.mx\/index.php\/2021\/09\/26\/uaem-opcion-educativa-de-alta-calidad-y-pertinente-para-las-juventudes-cebd\/#primaryimage"},"thumbnailUrl":"https:\/\/expressometro.mx\/wp-content\/uploads\/2021\/09\/WhatsApp-Image-2021-09-26-at-16.22.17-1.jpeg","keywords":["Carlos Eduardo Barrera D\u00edaz","UAEMex"],"articleSection":["Educaci\u00f3n"],"inLanguage":"es","potentialAction":[{"@type":"CommentAction","name":"Comment","target":["https:\/\/expressometro.mx\/index.php\/2021\/09\/26\/uaem-opcion-educativa-de-alta-calidad-y-pertinente-para-las-juventudes-cebd\/#respond"]}]},{"@type":"WebPage","@id":"https:\/\/expressometro.mx\/index.php\/2021\/09\/26\/uaem-opcion-educativa-de-alta-calidad-y-pertinente-para-las-juventudes-cebd\/","url":"https:\/\/expressometro.mx\/index.php\/2021\/09\/26\/uaem-opcion-educativa-de-alta-calidad-y-pertinente-para-las-juventudes-cebd\/","name":"UAEM, opci\u00f3n educativa de alta calidad y pertinente para las juventudes: CEBD - Expresso Metropolitano","isPartOf":{"@id":"https:\/\/expressometro.mx\/#website"},"primaryImageOfPage":{"@id":"https:\/\/expressometro.mx\/index.php\/2021\/09\/26\/uaem-opcion-educativa-de-alta-calidad-y-pertinente-para-las-juventudes-cebd\/#primaryimage"},"image":{"@id":"https:\/\/expressometro.mx\/index.php\/2021\/09\/26\/uaem-opcion-educativa-de-alta-calidad-y-pertinente-para-las-juventudes-cebd\/#primaryimage"},"thumbnailUrl":"https:\/\/expressometro.mx\/wp-content\/uploads\/2021\/09\/WhatsApp-Image-2021-09-26-at-16.22.17-1.jpeg","datePublished":"2021-09-26T22:43:04+00:00","dateModified":"2021-09-26T22:43:06+00:00","breadcrumb":{"@id":"https:\/\/expressometro.mx\/index.php\/2021\/09\/26\/uaem-opcion-educativa-de-alta-calidad-y-pertinente-para-las-juventudes-cebd\/#breadcrumb"},"inLanguage":"es","potentialAction":[{"@type":"ReadAction","target":["https:\/\/expressometro.mx\/index.php\/2021\/09\/26\/uaem-opcion-educativa-de-alta-calidad-y-pertinente-para-las-juventudes-cebd\/"]}]},{"@type":"ImageObject","inLanguage":"es","@id":"https:\/\/expressometro.mx\/index.php\/2021\/09\/26\/uaem-opcion-educativa-de-alta-calidad-y-pertinente-para-las-juventudes-cebd\/#primaryimage","url":"https:\/\/expressometro.mx\/wp-content\/uploads\/2021\/09\/WhatsApp-Image-2021-09-26-at-16.22.17-1.jpeg","contentUrl":"https:\/\/expressometro.mx\/wp-content\/uploads\/2021\/09\/WhatsApp-Image-2021-09-26-at-16.22.17-1.jpeg","width":960,"height":640},{"@type":"BreadcrumbList","@id":"https:\/\/expressometro.mx\/index.php\/2021\/09\/26\/uaem-opcion-educativa-de-alta-calidad-y-pertinente-para-las-juventudes-cebd\/#breadcrumb","itemListElement":[{"@type":"ListItem","position":1,"name":"Inicio","item":"https:\/\/expressometro.mx\/"},{"@type":"ListItem","position":2,"name":"UAEM, opci\u00f3n educativa de alta calidad y pertinente para las juventudes: CEBD"}]},{"@type":"WebSite","@id":"https:\/\/expressometro.mx\/#website","url":"https:\/\/expressometro.mx\/","name":"Expresso Metropolitano","description":"Periodismo comprometido, informaci\u00f3n, investigaci\u00f3n y an\u00e1lisis","publisher":{"@id":"https:\/\/expressometro.mx\/#organization"},"potentialAction":[{"@type":"SearchAction","target":{"@type":"EntryPoint","urlTemplate":"https:\/\/expressometro.mx\/?s={search_term_string}"},"query-input":{"@type":"PropertyValueSpecification","valueRequired":true,"valueName":"search_term_string"}}],"inLanguage":"es"},{"@type":"Organization","@id":"https:\/\/expressometro.mx\/#organization","name":"Expresso Metropolitano","url":"https:\/\/expressometro.mx\/","logo":{"@type":"ImageObject","inLanguage":"es","@id":"https:\/\/expressometro.mx\/#\/schema\/logo\/image\/","url":"https:\/\/expressometro.mx\/wp-content\/uploads\/2019\/07\/cropped-Logo-Expresso-Metropolitano-1-1.jpeg","contentUrl":"https:\/\/expressometro.mx\/wp-content\/uploads\/2019\/07\/cropped-Logo-Expresso-Metropolitano-1-1.jpeg","width":290,"height":73,"caption":"Expresso Metropolitano"},"image":{"@id":"https:\/\/expressometro.mx\/#\/schema\/logo\/image\/"}},{"@type":"Person","@id":"https:\/\/expressometro.mx\/#\/schema\/person\/67a95b8e3862085c7598f66237488f1f","name":"Cecilia Vega","image":{"@type":"ImageObject","inLanguage":"es","@id":"https:\/\/secure.gravatar.com\/avatar\/13aae9944ab2ee472a9e407c9487fdbd03b049abaa559af32fe5dbcf615c981b?s=96&d=mm&r=g","url":"https:\/\/secure.gravatar.com\/avatar\/13aae9944ab2ee472a9e407c9487fdbd03b049abaa559af32fe5dbcf615c981b?s=96&d=mm&r=g","contentUrl":"https:\/\/secure.gravatar.com\/avatar\/13aae9944ab2ee472a9e407c9487fdbd03b049abaa559af32fe5dbcf615c981b?s=96&d=mm&r=g","caption":"Cecilia Vega"},"url":"https:\/\/expressometro.mx\/index.php\/author\/cecilia-vega\/"}]}},"amp_enabled":true,"_links":{"self":[{"href":"https:\/\/expressometro.mx\/index.php\/wp-json\/wp\/v2\/posts\/3549","targetHints":{"allow":["GET"]}}],"collection":[{"href":"https:\/\/expressometro.mx\/index.php\/wp-json\/wp\/v2\/posts"}],"about":[{"href":"https:\/\/expressometro.mx\/index.php\/wp-json\/wp\/v2\/types\/post"}],"author":[{"embeddable":true,"href":"https:\/\/expressometro.mx\/index.php\/wp-json\/wp\/v2\/users\/2"}],"replies":[{"embeddable":true,"href":"https:\/\/expressometro.mx\/index.php\/wp-json\/wp\/v2\/comments?post=3549"}],"version-history":[{"count":1,"href":"https:\/\/expressometro.mx\/index.php\/wp-json\/wp\/v2\/posts\/3549\/revisions"}],"predecessor-version":[{"id":3556,"href":"https:\/\/expressometro.mx\/index.php\/wp-json\/wp\/v2\/posts\/3549\/revisions\/3556"}],"wp:featuredmedia":[{"embeddable":true,"href":"https:\/\/expressometro.mx\/index.php\/wp-json\/wp\/v2\/media\/3555"}],"wp:attachment":[{"href":"https:\/\/expressometro.mx\/index.php\/wp-json\/wp\/v2\/media?parent=3549"}],"wp:term":[{"taxonomy":"category","embeddable":true,"href":"https:\/\/expressometro.mx\/index.php\/wp-json\/wp\/v2\/categories?post=3549"},{"taxonomy":"post_tag","embeddable":true,"href":"https:\/\/expressometro.mx\/index.php\/wp-json\/wp\/v2\/tags?post=3549"}],"curies":[{"name":"wp","href":"https:\/\/api.w.org\/{rel}","templated":true}]}}