{"id":3522,"date":"2021-09-22T02:04:38","date_gmt":"2021-09-22T07:04:38","guid":{"rendered":"http:\/\/expressometro.mx\/?p=3522"},"modified":"2021-09-22T02:04:38","modified_gmt":"2021-09-22T07:04:38","slug":"personal-universitario-ejemplo-de-responsabilidad-social-y-transparencia-cebd","status":"publish","type":"post","link":"https:\/\/expressometro.mx\/index.php\/2021\/09\/22\/personal-universitario-ejemplo-de-responsabilidad-social-y-transparencia-cebd\/","title":{"rendered":"Personal universitario, ejemplo de responsabilidad social y transparencia: CEBD"},"content":{"rendered":"\n<p>El rector de la Universidad Aut\u00f3noma del Estado de M\u00e9xico (UAEM), Carlos Eduardo Barrera D\u00edaz, convoc\u00f3 a que tanto autoridades como personal universitario, sean ejemplo de plena responsabilidad y transparencia hacia la sociedad y el estado de derecho, \u201cen el que prevalezca la inclusi\u00f3n, la integridad, como principios inamovibles\u201d en la instituci\u00f3n.<\/p>\n\n\n\n<p>Al encabezar el Cuarto Informe de Actividades del Sindicato \u00danico de Trabajadores y Empleados de la UAEM (SUTESUAEM) 2017-2021, donde tambi\u00e9n se entregaron reconocimientos a personal administrativo por 25 a\u00f1os de servicio y se tom\u00f3 protesta al nuevo Comit\u00e9 Ejecutivo de esta agrupaci\u00f3n sindical, el rector Barrera D\u00edaz reconoci\u00f3 los logros de la representaci\u00f3n sindical durante el \u00faltimo a\u00f1o.<\/p>\n\n\n\n<p>Destac\u00f3 que algunos de los logros -como la gesti\u00f3n de tres mil 654 apoyos de capacitaci\u00f3n, becas de nivel medio superior, as\u00ed como de servicios de guarder\u00eda, ortopedia, entre otros- han permitido fortalecer a esta casa de estudios en un entorno de estabilidad, equilibrio y justicia.<\/p>\n\n\n\n<p>En su oportunidad, el ex secretario general suplente del SUTESUAEM, Carlos Jos\u00e9 T\u00e9llez Fern\u00e1ndez, agradeci\u00f3 el apoyo de la UAEM y del rector Barrera D\u00edaz por el respaldo a las y los trabajadores durante la contingencia sanitaria al mantener las prestaciones y salarios correspondientes.<\/p>\n\n\n\n<p>Cabe mencionar que tras el Informe, las y los integrantes de la planilla magenta \u2013ganadora en la elecci\u00f3n- encabezada por Pedro Rodr\u00edguez Magallanes, rindieron protesta ante Barrera D\u00edaz como el nuevo Comit\u00e9 Ejecutivo del SUTESUAEM para el periodo 2021-2025.<\/p>\n\n\n\n<p>Al acto acudieron la secretaria de Administraci\u00f3n de la UAEM, Er\u00e9ndira Fierro Moreno; la directora de Recursos Humanos, Martha Olivia Cano Nava; agremiados galardonados, integrantes del gabinete universitario y comunidad de la Aut\u00f3noma mexiquense en general.<\/p>\n\n\n\n<figure class=\"wp-block-gallery columns-3 is-cropped wp-block-gallery-1 is-layout-flex wp-block-gallery-is-layout-flex\"><ul class=\"blocks-gallery-grid\"><li class=\"blocks-gallery-item\"><figure><img decoding=\"async\" width=\"720\" height=\"480\" src=\"http:\/\/expressometro.mx\/wp-content\/uploads\/2021\/09\/WhatsApp-Image-2021-09-21-at-18.54.13-1-720x480.jpeg\" alt=\"\" data-id=\"3524\" data-link=\"http:\/\/expressometro.mx\/?attachment_id=3524\" class=\"wp-image-3524\" srcset=\"https:\/\/expressometro.mx\/wp-content\/uploads\/2021\/09\/WhatsApp-Image-2021-09-21-at-18.54.13-1-720x480.jpeg 720w, https:\/\/expressometro.mx\/wp-content\/uploads\/2021\/09\/WhatsApp-Image-2021-09-21-at-18.54.13-1-548x365.jpeg 548w, https:\/\/expressometro.mx\/wp-content\/uploads\/2021\/09\/WhatsApp-Image-2021-09-21-at-18.54.13-1-768x512.jpeg 768w, https:\/\/expressometro.mx\/wp-content\/uploads\/2021\/09\/WhatsApp-Image-2021-09-21-at-18.54.13-1.jpeg 1440w\" sizes=\"(max-width: 720px) 100vw, 720px\" \/><\/figure><\/li><li class=\"blocks-gallery-item\"><figure><img decoding=\"async\" width=\"720\" height=\"480\" src=\"http:\/\/expressometro.mx\/wp-content\/uploads\/2021\/09\/WhatsApp-Image-2021-09-21-at-18.54.13-2-720x480.jpeg\" alt=\"\" data-id=\"3526\" data-link=\"http:\/\/expressometro.mx\/?attachment_id=3526\" class=\"wp-image-3526\" srcset=\"https:\/\/expressometro.mx\/wp-content\/uploads\/2021\/09\/WhatsApp-Image-2021-09-21-at-18.54.13-2-720x480.jpeg 720w, https:\/\/expressometro.mx\/wp-content\/uploads\/2021\/09\/WhatsApp-Image-2021-09-21-at-18.54.13-2-548x365.jpeg 548w, https:\/\/expressometro.mx\/wp-content\/uploads\/2021\/09\/WhatsApp-Image-2021-09-21-at-18.54.13-2-768x512.jpeg 768w, https:\/\/expressometro.mx\/wp-content\/uploads\/2021\/09\/WhatsApp-Image-2021-09-21-at-18.54.13-2.jpeg 960w\" sizes=\"(max-width: 720px) 100vw, 720px\" \/><\/figure><\/li><li class=\"blocks-gallery-item\"><figure><img decoding=\"async\" width=\"720\" height=\"480\" src=\"http:\/\/expressometro.mx\/wp-content\/uploads\/2021\/09\/WhatsApp-Image-2021-09-21-at-18.54.14-720x480.jpeg\" alt=\"\" data-id=\"3527\" data-full-url=\"http:\/\/expressometro.mx\/wp-content\/uploads\/2021\/09\/WhatsApp-Image-2021-09-21-at-18.54.14.jpeg\" data-link=\"http:\/\/expressometro.mx\/?attachment_id=3527\" class=\"wp-image-3527\" srcset=\"https:\/\/expressometro.mx\/wp-content\/uploads\/2021\/09\/WhatsApp-Image-2021-09-21-at-18.54.14-720x480.jpeg 720w, https:\/\/expressometro.mx\/wp-content\/uploads\/2021\/09\/WhatsApp-Image-2021-09-21-at-18.54.14-548x365.jpeg 548w, https:\/\/expressometro.mx\/wp-content\/uploads\/2021\/09\/WhatsApp-Image-2021-09-21-at-18.54.14-768x512.jpeg 768w, https:\/\/expressometro.mx\/wp-content\/uploads\/2021\/09\/WhatsApp-Image-2021-09-21-at-18.54.14.jpeg 960w\" sizes=\"(max-width: 720px) 100vw, 720px\" \/><\/figure><\/li><\/ul><\/figure>\n","protected":false},"excerpt":{"rendered":"<p>El rector, Carlos Eduardo Barrera D\u00edaz, reconoci\u00f3 los logros del \u00faltimo a\u00f1o del Sindicato \u00danico de Trabajadores y Empleados de la UAEM (SUTESUAEM). <\/p>\n","protected":false},"author":2,"featured_media":3525,"comment_status":"open","ping_status":"open","sticky":false,"template":"","format":"standard","meta":{"footnotes":""},"categories":[108,5],"tags":[313,82],"class_list":["post-3522","post","type-post","status-publish","format-standard","has-post-thumbnail","hentry","category-educacion","category-salud","tag-carlos-eduardo-barrera-diaz","tag-uaemex"],"yoast_head":"<!-- This site is optimized with the Yoast SEO plugin v27.4 - https:\/\/yoast.com\/product\/yoast-seo-wordpress\/ -->\n<title>Personal universitario, ejemplo de responsabilidad social y transparencia: CEBD - Expresso Metropolitano<\/title>\n<meta name=\"robots\" content=\"index, follow, max-snippet:-1, max-image-preview:large, max-video-preview:-1\" \/>\n<link rel=\"canonical\" href=\"https:\/\/expressometro.mx\/index.php\/2021\/09\/22\/personal-universitario-ejemplo-de-responsabilidad-social-y-transparencia-cebd\/\" \/>\n<meta property=\"og:locale\" content=\"es_MX\" \/>\n<meta property=\"og:type\" content=\"article\" \/>\n<meta property=\"og:title\" content=\"Personal universitario, ejemplo de responsabilidad social y transparencia: CEBD - Expresso Metropolitano\" \/>\n<meta property=\"og:description\" content=\"El rector, Carlos Eduardo Barrera D\u00edaz, reconoci\u00f3 los logros del \u00faltimo a\u00f1o del Sindicato \u00danico de Trabajadores y Empleados de la UAEM (SUTESUAEM).\" \/>\n<meta property=\"og:url\" content=\"https:\/\/expressometro.mx\/index.php\/2021\/09\/22\/personal-universitario-ejemplo-de-responsabilidad-social-y-transparencia-cebd\/\" \/>\n<meta property=\"og:site_name\" content=\"Expresso Metropolitano\" \/>\n<meta property=\"article:published_time\" content=\"2021-09-22T07:04:38+00:00\" \/>\n<meta property=\"og:image\" content=\"https:\/\/expressometro.mx\/wp-content\/uploads\/2021\/09\/WhatsApp-Image-2021-09-21-at-18.54.13.jpeg\" \/>\n\t<meta property=\"og:image:width\" content=\"960\" \/>\n\t<meta property=\"og:image:height\" content=\"640\" \/>\n\t<meta property=\"og:image:type\" content=\"image\/jpeg\" \/>\n<meta name=\"author\" content=\"Cecilia Vega\" \/>\n<meta name=\"twitter:label1\" content=\"Escrito por\" \/>\n\t<meta name=\"twitter:data1\" content=\"Cecilia Vega\" \/>\n\t<meta name=\"twitter:label2\" content=\"Tiempo de lectura\" \/>\n\t<meta name=\"twitter:data2\" content=\"2 minutos\" \/>\n<script type=\"application\/ld+json\" class=\"yoast-schema-graph\">{\"@context\":\"https:\\\/\\\/schema.org\",\"@graph\":[{\"@type\":\"Article\",\"@id\":\"https:\\\/\\\/expressometro.mx\\\/index.php\\\/2021\\\/09\\\/22\\\/personal-universitario-ejemplo-de-responsabilidad-social-y-transparencia-cebd\\\/#article\",\"isPartOf\":{\"@id\":\"https:\\\/\\\/expressometro.mx\\\/index.php\\\/2021\\\/09\\\/22\\\/personal-universitario-ejemplo-de-responsabilidad-social-y-transparencia-cebd\\\/\"},\"author\":{\"name\":\"Cecilia Vega\",\"@id\":\"https:\\\/\\\/expressometro.mx\\\/#\\\/schema\\\/person\\\/67a95b8e3862085c7598f66237488f1f\"},\"headline\":\"Personal universitario, ejemplo de responsabilidad social y transparencia: CEBD\",\"datePublished\":\"2021-09-22T07:04:38+00:00\",\"mainEntityOfPage\":{\"@id\":\"https:\\\/\\\/expressometro.mx\\\/index.php\\\/2021\\\/09\\\/22\\\/personal-universitario-ejemplo-de-responsabilidad-social-y-transparencia-cebd\\\/\"},\"wordCount\":306,\"commentCount\":0,\"publisher\":{\"@id\":\"https:\\\/\\\/expressometro.mx\\\/#organization\"},\"image\":{\"@id\":\"https:\\\/\\\/expressometro.mx\\\/index.php\\\/2021\\\/09\\\/22\\\/personal-universitario-ejemplo-de-responsabilidad-social-y-transparencia-cebd\\\/#primaryimage\"},\"thumbnailUrl\":\"https:\\\/\\\/expressometro.mx\\\/wp-content\\\/uploads\\\/2021\\\/09\\\/WhatsApp-Image-2021-09-21-at-18.54.13.jpeg\",\"keywords\":[\"Carlos Eduardo Barrera D\u00edaz\",\"UAEMex\"],\"articleSection\":[\"Educaci\u00f3n\",\"Salud\"],\"inLanguage\":\"es\",\"potentialAction\":[{\"@type\":\"CommentAction\",\"name\":\"Comment\",\"target\":[\"https:\\\/\\\/expressometro.mx\\\/index.php\\\/2021\\\/09\\\/22\\\/personal-universitario-ejemplo-de-responsabilidad-social-y-transparencia-cebd\\\/#respond\"]}]},{\"@type\":\"WebPage\",\"@id\":\"https:\\\/\\\/expressometro.mx\\\/index.php\\\/2021\\\/09\\\/22\\\/personal-universitario-ejemplo-de-responsabilidad-social-y-transparencia-cebd\\\/\",\"url\":\"https:\\\/\\\/expressometro.mx\\\/index.php\\\/2021\\\/09\\\/22\\\/personal-universitario-ejemplo-de-responsabilidad-social-y-transparencia-cebd\\\/\",\"name\":\"Personal universitario, ejemplo de responsabilidad social y transparencia: CEBD - Expresso Metropolitano\",\"isPartOf\":{\"@id\":\"https:\\\/\\\/expressometro.mx\\\/#website\"},\"primaryImageOfPage\":{\"@id\":\"https:\\\/\\\/expressometro.mx\\\/index.php\\\/2021\\\/09\\\/22\\\/personal-universitario-ejemplo-de-responsabilidad-social-y-transparencia-cebd\\\/#primaryimage\"},\"image\":{\"@id\":\"https:\\\/\\\/expressometro.mx\\\/index.php\\\/2021\\\/09\\\/22\\\/personal-universitario-ejemplo-de-responsabilidad-social-y-transparencia-cebd\\\/#primaryimage\"},\"thumbnailUrl\":\"https:\\\/\\\/expressometro.mx\\\/wp-content\\\/uploads\\\/2021\\\/09\\\/WhatsApp-Image-2021-09-21-at-18.54.13.jpeg\",\"datePublished\":\"2021-09-22T07:04:38+00:00\",\"breadcrumb\":{\"@id\":\"https:\\\/\\\/expressometro.mx\\\/index.php\\\/2021\\\/09\\\/22\\\/personal-universitario-ejemplo-de-responsabilidad-social-y-transparencia-cebd\\\/#breadcrumb\"},\"inLanguage\":\"es\",\"potentialAction\":[{\"@type\":\"ReadAction\",\"target\":[\"https:\\\/\\\/expressometro.mx\\\/index.php\\\/2021\\\/09\\\/22\\\/personal-universitario-ejemplo-de-responsabilidad-social-y-transparencia-cebd\\\/\"]}]},{\"@type\":\"ImageObject\",\"inLanguage\":\"es\",\"@id\":\"https:\\\/\\\/expressometro.mx\\\/index.php\\\/2021\\\/09\\\/22\\\/personal-universitario-ejemplo-de-responsabilidad-social-y-transparencia-cebd\\\/#primaryimage\",\"url\":\"https:\\\/\\\/expressometro.mx\\\/wp-content\\\/uploads\\\/2021\\\/09\\\/WhatsApp-Image-2021-09-21-at-18.54.13.jpeg\",\"contentUrl\":\"https:\\\/\\\/expressometro.mx\\\/wp-content\\\/uploads\\\/2021\\\/09\\\/WhatsApp-Image-2021-09-21-at-18.54.13.jpeg\",\"width\":960,\"height\":640},{\"@type\":\"BreadcrumbList\",\"@id\":\"https:\\\/\\\/expressometro.mx\\\/index.php\\\/2021\\\/09\\\/22\\\/personal-universitario-ejemplo-de-responsabilidad-social-y-transparencia-cebd\\\/#breadcrumb\",\"itemListElement\":[{\"@type\":\"ListItem\",\"position\":1,\"name\":\"Inicio\",\"item\":\"https:\\\/\\\/expressometro.mx\\\/\"},{\"@type\":\"ListItem\",\"position\":2,\"name\":\"Personal universitario, ejemplo de responsabilidad social y transparencia: CEBD\"}]},{\"@type\":\"WebSite\",\"@id\":\"https:\\\/\\\/expressometro.mx\\\/#website\",\"url\":\"https:\\\/\\\/expressometro.mx\\\/\",\"name\":\"Expresso Metropolitano\",\"description\":\"Periodismo comprometido, informaci\u00f3n, investigaci\u00f3n y an\u00e1lisis\",\"publisher\":{\"@id\":\"https:\\\/\\\/expressometro.mx\\\/#organization\"},\"potentialAction\":[{\"@type\":\"SearchAction\",\"target\":{\"@type\":\"EntryPoint\",\"urlTemplate\":\"https:\\\/\\\/expressometro.mx\\\/?s={search_term_string}\"},\"query-input\":{\"@type\":\"PropertyValueSpecification\",\"valueRequired\":true,\"valueName\":\"search_term_string\"}}],\"inLanguage\":\"es\"},{\"@type\":\"Organization\",\"@id\":\"https:\\\/\\\/expressometro.mx\\\/#organization\",\"name\":\"Expresso Metropolitano\",\"url\":\"https:\\\/\\\/expressometro.mx\\\/\",\"logo\":{\"@type\":\"ImageObject\",\"inLanguage\":\"es\",\"@id\":\"https:\\\/\\\/expressometro.mx\\\/#\\\/schema\\\/logo\\\/image\\\/\",\"url\":\"https:\\\/\\\/expressometro.mx\\\/wp-content\\\/uploads\\\/2019\\\/07\\\/cropped-Logo-Expresso-Metropolitano-1-1.jpeg\",\"contentUrl\":\"https:\\\/\\\/expressometro.mx\\\/wp-content\\\/uploads\\\/2019\\\/07\\\/cropped-Logo-Expresso-Metropolitano-1-1.jpeg\",\"width\":290,\"height\":73,\"caption\":\"Expresso Metropolitano\"},\"image\":{\"@id\":\"https:\\\/\\\/expressometro.mx\\\/#\\\/schema\\\/logo\\\/image\\\/\"}},{\"@type\":\"Person\",\"@id\":\"https:\\\/\\\/expressometro.mx\\\/#\\\/schema\\\/person\\\/67a95b8e3862085c7598f66237488f1f\",\"name\":\"Cecilia Vega\",\"image\":{\"@type\":\"ImageObject\",\"inLanguage\":\"es\",\"@id\":\"https:\\\/\\\/secure.gravatar.com\\\/avatar\\\/13aae9944ab2ee472a9e407c9487fdbd03b049abaa559af32fe5dbcf615c981b?s=96&d=mm&r=g\",\"url\":\"https:\\\/\\\/secure.gravatar.com\\\/avatar\\\/13aae9944ab2ee472a9e407c9487fdbd03b049abaa559af32fe5dbcf615c981b?s=96&d=mm&r=g\",\"contentUrl\":\"https:\\\/\\\/secure.gravatar.com\\\/avatar\\\/13aae9944ab2ee472a9e407c9487fdbd03b049abaa559af32fe5dbcf615c981b?s=96&d=mm&r=g\",\"caption\":\"Cecilia Vega\"},\"url\":\"https:\\\/\\\/expressometro.mx\\\/index.php\\\/author\\\/cecilia-vega\\\/\"}]}<\/script>\n<!-- \/ Yoast SEO plugin. -->","yoast_head_json":{"title":"Personal universitario, ejemplo de responsabilidad social y transparencia: CEBD - Expresso Metropolitano","robots":{"index":"index","follow":"follow","max-snippet":"max-snippet:-1","max-image-preview":"max-image-preview:large","max-video-preview":"max-video-preview:-1"},"canonical":"https:\/\/expressometro.mx\/index.php\/2021\/09\/22\/personal-universitario-ejemplo-de-responsabilidad-social-y-transparencia-cebd\/","og_locale":"es_MX","og_type":"article","og_title":"Personal universitario, ejemplo de responsabilidad social y transparencia: CEBD - Expresso Metropolitano","og_description":"El rector, Carlos Eduardo Barrera D\u00edaz, reconoci\u00f3 los logros del \u00faltimo a\u00f1o del Sindicato \u00danico de Trabajadores y Empleados de la UAEM (SUTESUAEM).","og_url":"https:\/\/expressometro.mx\/index.php\/2021\/09\/22\/personal-universitario-ejemplo-de-responsabilidad-social-y-transparencia-cebd\/","og_site_name":"Expresso Metropolitano","article_published_time":"2021-09-22T07:04:38+00:00","og_image":[{"width":960,"height":640,"url":"https:\/\/expressometro.mx\/wp-content\/uploads\/2021\/09\/WhatsApp-Image-2021-09-21-at-18.54.13.jpeg","type":"image\/jpeg"}],"author":"Cecilia Vega","twitter_misc":{"Escrito por":"Cecilia Vega","Tiempo de lectura":"2 minutos"},"schema":{"@context":"https:\/\/schema.org","@graph":[{"@type":"Article","@id":"https:\/\/expressometro.mx\/index.php\/2021\/09\/22\/personal-universitario-ejemplo-de-responsabilidad-social-y-transparencia-cebd\/#article","isPartOf":{"@id":"https:\/\/expressometro.mx\/index.php\/2021\/09\/22\/personal-universitario-ejemplo-de-responsabilidad-social-y-transparencia-cebd\/"},"author":{"name":"Cecilia Vega","@id":"https:\/\/expressometro.mx\/#\/schema\/person\/67a95b8e3862085c7598f66237488f1f"},"headline":"Personal universitario, ejemplo de responsabilidad social y transparencia: CEBD","datePublished":"2021-09-22T07:04:38+00:00","mainEntityOfPage":{"@id":"https:\/\/expressometro.mx\/index.php\/2021\/09\/22\/personal-universitario-ejemplo-de-responsabilidad-social-y-transparencia-cebd\/"},"wordCount":306,"commentCount":0,"publisher":{"@id":"https:\/\/expressometro.mx\/#organization"},"image":{"@id":"https:\/\/expressometro.mx\/index.php\/2021\/09\/22\/personal-universitario-ejemplo-de-responsabilidad-social-y-transparencia-cebd\/#primaryimage"},"thumbnailUrl":"https:\/\/expressometro.mx\/wp-content\/uploads\/2021\/09\/WhatsApp-Image-2021-09-21-at-18.54.13.jpeg","keywords":["Carlos Eduardo Barrera D\u00edaz","UAEMex"],"articleSection":["Educaci\u00f3n","Salud"],"inLanguage":"es","potentialAction":[{"@type":"CommentAction","name":"Comment","target":["https:\/\/expressometro.mx\/index.php\/2021\/09\/22\/personal-universitario-ejemplo-de-responsabilidad-social-y-transparencia-cebd\/#respond"]}]},{"@type":"WebPage","@id":"https:\/\/expressometro.mx\/index.php\/2021\/09\/22\/personal-universitario-ejemplo-de-responsabilidad-social-y-transparencia-cebd\/","url":"https:\/\/expressometro.mx\/index.php\/2021\/09\/22\/personal-universitario-ejemplo-de-responsabilidad-social-y-transparencia-cebd\/","name":"Personal universitario, ejemplo de responsabilidad social y transparencia: CEBD - Expresso Metropolitano","isPartOf":{"@id":"https:\/\/expressometro.mx\/#website"},"primaryImageOfPage":{"@id":"https:\/\/expressometro.mx\/index.php\/2021\/09\/22\/personal-universitario-ejemplo-de-responsabilidad-social-y-transparencia-cebd\/#primaryimage"},"image":{"@id":"https:\/\/expressometro.mx\/index.php\/2021\/09\/22\/personal-universitario-ejemplo-de-responsabilidad-social-y-transparencia-cebd\/#primaryimage"},"thumbnailUrl":"https:\/\/expressometro.mx\/wp-content\/uploads\/2021\/09\/WhatsApp-Image-2021-09-21-at-18.54.13.jpeg","datePublished":"2021-09-22T07:04:38+00:00","breadcrumb":{"@id":"https:\/\/expressometro.mx\/index.php\/2021\/09\/22\/personal-universitario-ejemplo-de-responsabilidad-social-y-transparencia-cebd\/#breadcrumb"},"inLanguage":"es","potentialAction":[{"@type":"ReadAction","target":["https:\/\/expressometro.mx\/index.php\/2021\/09\/22\/personal-universitario-ejemplo-de-responsabilidad-social-y-transparencia-cebd\/"]}]},{"@type":"ImageObject","inLanguage":"es","@id":"https:\/\/expressometro.mx\/index.php\/2021\/09\/22\/personal-universitario-ejemplo-de-responsabilidad-social-y-transparencia-cebd\/#primaryimage","url":"https:\/\/expressometro.mx\/wp-content\/uploads\/2021\/09\/WhatsApp-Image-2021-09-21-at-18.54.13.jpeg","contentUrl":"https:\/\/expressometro.mx\/wp-content\/uploads\/2021\/09\/WhatsApp-Image-2021-09-21-at-18.54.13.jpeg","width":960,"height":640},{"@type":"BreadcrumbList","@id":"https:\/\/expressometro.mx\/index.php\/2021\/09\/22\/personal-universitario-ejemplo-de-responsabilidad-social-y-transparencia-cebd\/#breadcrumb","itemListElement":[{"@type":"ListItem","position":1,"name":"Inicio","item":"https:\/\/expressometro.mx\/"},{"@type":"ListItem","position":2,"name":"Personal universitario, ejemplo de responsabilidad social y transparencia: CEBD"}]},{"@type":"WebSite","@id":"https:\/\/expressometro.mx\/#website","url":"https:\/\/expressometro.mx\/","name":"Expresso Metropolitano","description":"Periodismo comprometido, informaci\u00f3n, investigaci\u00f3n y an\u00e1lisis","publisher":{"@id":"https:\/\/expressometro.mx\/#organization"},"potentialAction":[{"@type":"SearchAction","target":{"@type":"EntryPoint","urlTemplate":"https:\/\/expressometro.mx\/?s={search_term_string}"},"query-input":{"@type":"PropertyValueSpecification","valueRequired":true,"valueName":"search_term_string"}}],"inLanguage":"es"},{"@type":"Organization","@id":"https:\/\/expressometro.mx\/#organization","name":"Expresso Metropolitano","url":"https:\/\/expressometro.mx\/","logo":{"@type":"ImageObject","inLanguage":"es","@id":"https:\/\/expressometro.mx\/#\/schema\/logo\/image\/","url":"https:\/\/expressometro.mx\/wp-content\/uploads\/2019\/07\/cropped-Logo-Expresso-Metropolitano-1-1.jpeg","contentUrl":"https:\/\/expressometro.mx\/wp-content\/uploads\/2019\/07\/cropped-Logo-Expresso-Metropolitano-1-1.jpeg","width":290,"height":73,"caption":"Expresso Metropolitano"},"image":{"@id":"https:\/\/expressometro.mx\/#\/schema\/logo\/image\/"}},{"@type":"Person","@id":"https:\/\/expressometro.mx\/#\/schema\/person\/67a95b8e3862085c7598f66237488f1f","name":"Cecilia Vega","image":{"@type":"ImageObject","inLanguage":"es","@id":"https:\/\/secure.gravatar.com\/avatar\/13aae9944ab2ee472a9e407c9487fdbd03b049abaa559af32fe5dbcf615c981b?s=96&d=mm&r=g","url":"https:\/\/secure.gravatar.com\/avatar\/13aae9944ab2ee472a9e407c9487fdbd03b049abaa559af32fe5dbcf615c981b?s=96&d=mm&r=g","contentUrl":"https:\/\/secure.gravatar.com\/avatar\/13aae9944ab2ee472a9e407c9487fdbd03b049abaa559af32fe5dbcf615c981b?s=96&d=mm&r=g","caption":"Cecilia Vega"},"url":"https:\/\/expressometro.mx\/index.php\/author\/cecilia-vega\/"}]}},"amp_enabled":true,"_links":{"self":[{"href":"https:\/\/expressometro.mx\/index.php\/wp-json\/wp\/v2\/posts\/3522","targetHints":{"allow":["GET"]}}],"collection":[{"href":"https:\/\/expressometro.mx\/index.php\/wp-json\/wp\/v2\/posts"}],"about":[{"href":"https:\/\/expressometro.mx\/index.php\/wp-json\/wp\/v2\/types\/post"}],"author":[{"embeddable":true,"href":"https:\/\/expressometro.mx\/index.php\/wp-json\/wp\/v2\/users\/2"}],"replies":[{"embeddable":true,"href":"https:\/\/expressometro.mx\/index.php\/wp-json\/wp\/v2\/comments?post=3522"}],"version-history":[{"count":1,"href":"https:\/\/expressometro.mx\/index.php\/wp-json\/wp\/v2\/posts\/3522\/revisions"}],"predecessor-version":[{"id":3528,"href":"https:\/\/expressometro.mx\/index.php\/wp-json\/wp\/v2\/posts\/3522\/revisions\/3528"}],"wp:featuredmedia":[{"embeddable":true,"href":"https:\/\/expressometro.mx\/index.php\/wp-json\/wp\/v2\/media\/3525"}],"wp:attachment":[{"href":"https:\/\/expressometro.mx\/index.php\/wp-json\/wp\/v2\/media?parent=3522"}],"wp:term":[{"taxonomy":"category","embeddable":true,"href":"https:\/\/expressometro.mx\/index.php\/wp-json\/wp\/v2\/categories?post=3522"},{"taxonomy":"post_tag","embeddable":true,"href":"https:\/\/expressometro.mx\/index.php\/wp-json\/wp\/v2\/tags?post=3522"}],"curies":[{"name":"wp","href":"https:\/\/api.w.org\/{rel}","templated":true}]}}