{"id":3492,"date":"2021-09-07T12:23:00","date_gmt":"2021-09-07T17:23:00","guid":{"rendered":"http:\/\/expressometro.mx\/?p=3492"},"modified":"2021-09-13T12:25:38","modified_gmt":"2021-09-13T17:25:38","slug":"congreso-mexiquense-elegira-titular-de-la-jucopo","status":"publish","type":"post","link":"https:\/\/expressometro.mx\/index.php\/2021\/09\/07\/congreso-mexiquense-elegira-titular-de-la-jucopo\/","title":{"rendered":"Congreso mexiquense elegir\u00e1 titular de la Jucopo"},"content":{"rendered":"\n<p>Este \u00f3rgano parlamentario se elegir\u00e1 cada a\u00f1o en la LXI Legislatura mexiquense, que inici\u00f3 trabajos el pasado 5 de septiembre.<br>El acuerdo no implica que se tenga que rotar y est\u00e1 reglado por la Ley Org\u00e1nica del Poder Legislativo.<\/p>\n\n\n\n<p>Congreso mexiquense elegir\u00e1 titular de la Jucopo el jueves<\/p>\n\n\n\n<p>Los coordinadores y la coordinadora de los diferentes grupos parlamentarios que concurren en la Junta de Coordinaci\u00f3n Pol\u00edtica (Jucopo) acordaron que, para definir la Directiva de este \u00f3rgano parlamentario, se apegar\u00e1n a lo que marca la Ley Org\u00e1nica y el Reglamento del Poder Legislativo del Estado de M\u00e9xico.<\/p>\n\n\n\n<p>Se estableci\u00f3 que cada inicio de a\u00f1o de labores legislativas se elegir\u00e1 la conformaci\u00f3n de dicho \u00f3rgano, sin que esto implique que tenga que ser rotativa.<\/p>\n\n\n\n<p>La de este a\u00f1o se elegir\u00e1 en la sesi\u00f3n plenaria, el pr\u00f3ximo jueves 9 de septiembre.<\/p>\n\n\n\n<p>Cabe se\u00f1alar que, de acuerdo con el Cap\u00edtulo IV de la Ley Org\u00e1nica del Poder Legislativo, la Junta de Coordinaci\u00f3n Pol\u00edtica se constituye como el \u00f3rgano colegiado facultado para desempe\u00f1ar la tarea de concertaci\u00f3n pol\u00edtica de las fuerzas representadas en el Poder Legislativo.<\/p>\n","protected":false},"excerpt":{"rendered":"<p>Congreso mexiquense elegir\u00e1 titular de la Jucopo el jueves<\/p>\n","protected":false},"author":2,"featured_media":3494,"comment_status":"open","ping_status":"open","sticky":false,"template":"","format":"standard","meta":{"footnotes":""},"categories":[3],"tags":[781,782],"class_list":["post-3492","post","type-post","status-publish","format-standard","has-post-thumbnail","hentry","category-gobierno","tag-jucopo","tag-lxi-legislatura"],"yoast_head":"<!-- This site is optimized with the Yoast SEO plugin v27.5 - https:\/\/yoast.com\/product\/yoast-seo-wordpress\/ -->\n<title>Congreso mexiquense elegir\u00e1 titular de la Jucopo - Expresso Metropolitano<\/title>\n<meta name=\"robots\" content=\"index, follow, max-snippet:-1, max-image-preview:large, max-video-preview:-1\" \/>\n<link rel=\"canonical\" href=\"https:\/\/expressometro.mx\/index.php\/2021\/09\/07\/congreso-mexiquense-elegira-titular-de-la-jucopo\/\" \/>\n<meta property=\"og:locale\" content=\"es_MX\" \/>\n<meta property=\"og:type\" content=\"article\" \/>\n<meta property=\"og:title\" content=\"Congreso mexiquense elegir\u00e1 titular de la Jucopo - Expresso Metropolitano\" \/>\n<meta property=\"og:description\" content=\"Congreso mexiquense elegir\u00e1 titular de la Jucopo el jueves\" \/>\n<meta property=\"og:url\" content=\"https:\/\/expressometro.mx\/index.php\/2021\/09\/07\/congreso-mexiquense-elegira-titular-de-la-jucopo\/\" \/>\n<meta property=\"og:site_name\" content=\"Expresso Metropolitano\" \/>\n<meta property=\"article:published_time\" content=\"2021-09-07T17:23:00+00:00\" \/>\n<meta property=\"article:modified_time\" content=\"2021-09-13T17:25:38+00:00\" \/>\n<meta property=\"og:image\" content=\"https:\/\/expressometro.mx\/wp-content\/uploads\/2021\/09\/WhatsApp-Image-2021-09-07-at-17.20.18.jpeg\" \/>\n\t<meta property=\"og:image:width\" content=\"1023\" \/>\n\t<meta property=\"og:image:height\" content=\"681\" \/>\n\t<meta property=\"og:image:type\" content=\"image\/jpeg\" \/>\n<meta name=\"author\" content=\"Cecilia Vega\" \/>\n<meta name=\"twitter:label1\" content=\"Escrito por\" \/>\n\t<meta name=\"twitter:data1\" content=\"Cecilia Vega\" \/>\n\t<meta name=\"twitter:label2\" content=\"Tiempo de lectura\" \/>\n\t<meta name=\"twitter:data2\" content=\"1 minuto\" \/>\n<script type=\"application\/ld+json\" class=\"yoast-schema-graph\">{\"@context\":\"https:\\\/\\\/schema.org\",\"@graph\":[{\"@type\":\"Article\",\"@id\":\"https:\\\/\\\/expressometro.mx\\\/index.php\\\/2021\\\/09\\\/07\\\/congreso-mexiquense-elegira-titular-de-la-jucopo\\\/#article\",\"isPartOf\":{\"@id\":\"https:\\\/\\\/expressometro.mx\\\/index.php\\\/2021\\\/09\\\/07\\\/congreso-mexiquense-elegira-titular-de-la-jucopo\\\/\"},\"author\":{\"name\":\"Cecilia Vega\",\"@id\":\"https:\\\/\\\/expressometro.mx\\\/#\\\/schema\\\/person\\\/67a95b8e3862085c7598f66237488f1f\"},\"headline\":\"Congreso mexiquense elegir\u00e1 titular de la Jucopo\",\"datePublished\":\"2021-09-07T17:23:00+00:00\",\"dateModified\":\"2021-09-13T17:25:38+00:00\",\"mainEntityOfPage\":{\"@id\":\"https:\\\/\\\/expressometro.mx\\\/index.php\\\/2021\\\/09\\\/07\\\/congreso-mexiquense-elegira-titular-de-la-jucopo\\\/\"},\"wordCount\":206,\"commentCount\":0,\"publisher\":{\"@id\":\"https:\\\/\\\/expressometro.mx\\\/#organization\"},\"image\":{\"@id\":\"https:\\\/\\\/expressometro.mx\\\/index.php\\\/2021\\\/09\\\/07\\\/congreso-mexiquense-elegira-titular-de-la-jucopo\\\/#primaryimage\"},\"thumbnailUrl\":\"https:\\\/\\\/expressometro.mx\\\/wp-content\\\/uploads\\\/2021\\\/09\\\/WhatsApp-Image-2021-09-07-at-17.20.18.jpeg\",\"keywords\":[\"jucopo\",\"LXI Legislatura\"],\"articleSection\":[\"Gobierno\"],\"inLanguage\":\"es\",\"potentialAction\":[{\"@type\":\"CommentAction\",\"name\":\"Comment\",\"target\":[\"https:\\\/\\\/expressometro.mx\\\/index.php\\\/2021\\\/09\\\/07\\\/congreso-mexiquense-elegira-titular-de-la-jucopo\\\/#respond\"]}]},{\"@type\":\"WebPage\",\"@id\":\"https:\\\/\\\/expressometro.mx\\\/index.php\\\/2021\\\/09\\\/07\\\/congreso-mexiquense-elegira-titular-de-la-jucopo\\\/\",\"url\":\"https:\\\/\\\/expressometro.mx\\\/index.php\\\/2021\\\/09\\\/07\\\/congreso-mexiquense-elegira-titular-de-la-jucopo\\\/\",\"name\":\"Congreso mexiquense elegir\u00e1 titular de la Jucopo - Expresso Metropolitano\",\"isPartOf\":{\"@id\":\"https:\\\/\\\/expressometro.mx\\\/#website\"},\"primaryImageOfPage\":{\"@id\":\"https:\\\/\\\/expressometro.mx\\\/index.php\\\/2021\\\/09\\\/07\\\/congreso-mexiquense-elegira-titular-de-la-jucopo\\\/#primaryimage\"},\"image\":{\"@id\":\"https:\\\/\\\/expressometro.mx\\\/index.php\\\/2021\\\/09\\\/07\\\/congreso-mexiquense-elegira-titular-de-la-jucopo\\\/#primaryimage\"},\"thumbnailUrl\":\"https:\\\/\\\/expressometro.mx\\\/wp-content\\\/uploads\\\/2021\\\/09\\\/WhatsApp-Image-2021-09-07-at-17.20.18.jpeg\",\"datePublished\":\"2021-09-07T17:23:00+00:00\",\"dateModified\":\"2021-09-13T17:25:38+00:00\",\"breadcrumb\":{\"@id\":\"https:\\\/\\\/expressometro.mx\\\/index.php\\\/2021\\\/09\\\/07\\\/congreso-mexiquense-elegira-titular-de-la-jucopo\\\/#breadcrumb\"},\"inLanguage\":\"es\",\"potentialAction\":[{\"@type\":\"ReadAction\",\"target\":[\"https:\\\/\\\/expressometro.mx\\\/index.php\\\/2021\\\/09\\\/07\\\/congreso-mexiquense-elegira-titular-de-la-jucopo\\\/\"]}]},{\"@type\":\"ImageObject\",\"inLanguage\":\"es\",\"@id\":\"https:\\\/\\\/expressometro.mx\\\/index.php\\\/2021\\\/09\\\/07\\\/congreso-mexiquense-elegira-titular-de-la-jucopo\\\/#primaryimage\",\"url\":\"https:\\\/\\\/expressometro.mx\\\/wp-content\\\/uploads\\\/2021\\\/09\\\/WhatsApp-Image-2021-09-07-at-17.20.18.jpeg\",\"contentUrl\":\"https:\\\/\\\/expressometro.mx\\\/wp-content\\\/uploads\\\/2021\\\/09\\\/WhatsApp-Image-2021-09-07-at-17.20.18.jpeg\",\"width\":1023,\"height\":681},{\"@type\":\"BreadcrumbList\",\"@id\":\"https:\\\/\\\/expressometro.mx\\\/index.php\\\/2021\\\/09\\\/07\\\/congreso-mexiquense-elegira-titular-de-la-jucopo\\\/#breadcrumb\",\"itemListElement\":[{\"@type\":\"ListItem\",\"position\":1,\"name\":\"Inicio\",\"item\":\"https:\\\/\\\/expressometro.mx\\\/\"},{\"@type\":\"ListItem\",\"position\":2,\"name\":\"Congreso mexiquense elegir\u00e1 titular de la Jucopo\"}]},{\"@type\":\"WebSite\",\"@id\":\"https:\\\/\\\/expressometro.mx\\\/#website\",\"url\":\"https:\\\/\\\/expressometro.mx\\\/\",\"name\":\"Expresso Metropolitano\",\"description\":\"Periodismo comprometido, informaci\u00f3n, investigaci\u00f3n y an\u00e1lisis\",\"publisher\":{\"@id\":\"https:\\\/\\\/expressometro.mx\\\/#organization\"},\"potentialAction\":[{\"@type\":\"SearchAction\",\"target\":{\"@type\":\"EntryPoint\",\"urlTemplate\":\"https:\\\/\\\/expressometro.mx\\\/?s={search_term_string}\"},\"query-input\":{\"@type\":\"PropertyValueSpecification\",\"valueRequired\":true,\"valueName\":\"search_term_string\"}}],\"inLanguage\":\"es\"},{\"@type\":\"Organization\",\"@id\":\"https:\\\/\\\/expressometro.mx\\\/#organization\",\"name\":\"Expresso Metropolitano\",\"url\":\"https:\\\/\\\/expressometro.mx\\\/\",\"logo\":{\"@type\":\"ImageObject\",\"inLanguage\":\"es\",\"@id\":\"https:\\\/\\\/expressometro.mx\\\/#\\\/schema\\\/logo\\\/image\\\/\",\"url\":\"https:\\\/\\\/expressometro.mx\\\/wp-content\\\/uploads\\\/2019\\\/07\\\/cropped-Logo-Expresso-Metropolitano-1-1.jpeg\",\"contentUrl\":\"https:\\\/\\\/expressometro.mx\\\/wp-content\\\/uploads\\\/2019\\\/07\\\/cropped-Logo-Expresso-Metropolitano-1-1.jpeg\",\"width\":290,\"height\":73,\"caption\":\"Expresso Metropolitano\"},\"image\":{\"@id\":\"https:\\\/\\\/expressometro.mx\\\/#\\\/schema\\\/logo\\\/image\\\/\"}},{\"@type\":\"Person\",\"@id\":\"https:\\\/\\\/expressometro.mx\\\/#\\\/schema\\\/person\\\/67a95b8e3862085c7598f66237488f1f\",\"name\":\"Cecilia Vega\",\"image\":{\"@type\":\"ImageObject\",\"inLanguage\":\"es\",\"@id\":\"https:\\\/\\\/secure.gravatar.com\\\/avatar\\\/13aae9944ab2ee472a9e407c9487fdbd03b049abaa559af32fe5dbcf615c981b?s=96&d=mm&r=g\",\"url\":\"https:\\\/\\\/secure.gravatar.com\\\/avatar\\\/13aae9944ab2ee472a9e407c9487fdbd03b049abaa559af32fe5dbcf615c981b?s=96&d=mm&r=g\",\"contentUrl\":\"https:\\\/\\\/secure.gravatar.com\\\/avatar\\\/13aae9944ab2ee472a9e407c9487fdbd03b049abaa559af32fe5dbcf615c981b?s=96&d=mm&r=g\",\"caption\":\"Cecilia Vega\"},\"url\":\"https:\\\/\\\/expressometro.mx\\\/index.php\\\/author\\\/cecilia-vega\\\/\"}]}<\/script>\n<!-- \/ Yoast SEO plugin. -->","yoast_head_json":{"title":"Congreso mexiquense elegir\u00e1 titular de la Jucopo - Expresso Metropolitano","robots":{"index":"index","follow":"follow","max-snippet":"max-snippet:-1","max-image-preview":"max-image-preview:large","max-video-preview":"max-video-preview:-1"},"canonical":"https:\/\/expressometro.mx\/index.php\/2021\/09\/07\/congreso-mexiquense-elegira-titular-de-la-jucopo\/","og_locale":"es_MX","og_type":"article","og_title":"Congreso mexiquense elegir\u00e1 titular de la Jucopo - Expresso Metropolitano","og_description":"Congreso mexiquense elegir\u00e1 titular de la Jucopo el jueves","og_url":"https:\/\/expressometro.mx\/index.php\/2021\/09\/07\/congreso-mexiquense-elegira-titular-de-la-jucopo\/","og_site_name":"Expresso Metropolitano","article_published_time":"2021-09-07T17:23:00+00:00","article_modified_time":"2021-09-13T17:25:38+00:00","og_image":[{"width":1023,"height":681,"url":"https:\/\/expressometro.mx\/wp-content\/uploads\/2021\/09\/WhatsApp-Image-2021-09-07-at-17.20.18.jpeg","type":"image\/jpeg"}],"author":"Cecilia Vega","twitter_misc":{"Escrito por":"Cecilia Vega","Tiempo de lectura":"1 minuto"},"schema":{"@context":"https:\/\/schema.org","@graph":[{"@type":"Article","@id":"https:\/\/expressometro.mx\/index.php\/2021\/09\/07\/congreso-mexiquense-elegira-titular-de-la-jucopo\/#article","isPartOf":{"@id":"https:\/\/expressometro.mx\/index.php\/2021\/09\/07\/congreso-mexiquense-elegira-titular-de-la-jucopo\/"},"author":{"name":"Cecilia Vega","@id":"https:\/\/expressometro.mx\/#\/schema\/person\/67a95b8e3862085c7598f66237488f1f"},"headline":"Congreso mexiquense elegir\u00e1 titular de la Jucopo","datePublished":"2021-09-07T17:23:00+00:00","dateModified":"2021-09-13T17:25:38+00:00","mainEntityOfPage":{"@id":"https:\/\/expressometro.mx\/index.php\/2021\/09\/07\/congreso-mexiquense-elegira-titular-de-la-jucopo\/"},"wordCount":206,"commentCount":0,"publisher":{"@id":"https:\/\/expressometro.mx\/#organization"},"image":{"@id":"https:\/\/expressometro.mx\/index.php\/2021\/09\/07\/congreso-mexiquense-elegira-titular-de-la-jucopo\/#primaryimage"},"thumbnailUrl":"https:\/\/expressometro.mx\/wp-content\/uploads\/2021\/09\/WhatsApp-Image-2021-09-07-at-17.20.18.jpeg","keywords":["jucopo","LXI Legislatura"],"articleSection":["Gobierno"],"inLanguage":"es","potentialAction":[{"@type":"CommentAction","name":"Comment","target":["https:\/\/expressometro.mx\/index.php\/2021\/09\/07\/congreso-mexiquense-elegira-titular-de-la-jucopo\/#respond"]}]},{"@type":"WebPage","@id":"https:\/\/expressometro.mx\/index.php\/2021\/09\/07\/congreso-mexiquense-elegira-titular-de-la-jucopo\/","url":"https:\/\/expressometro.mx\/index.php\/2021\/09\/07\/congreso-mexiquense-elegira-titular-de-la-jucopo\/","name":"Congreso mexiquense elegir\u00e1 titular de la Jucopo - Expresso Metropolitano","isPartOf":{"@id":"https:\/\/expressometro.mx\/#website"},"primaryImageOfPage":{"@id":"https:\/\/expressometro.mx\/index.php\/2021\/09\/07\/congreso-mexiquense-elegira-titular-de-la-jucopo\/#primaryimage"},"image":{"@id":"https:\/\/expressometro.mx\/index.php\/2021\/09\/07\/congreso-mexiquense-elegira-titular-de-la-jucopo\/#primaryimage"},"thumbnailUrl":"https:\/\/expressometro.mx\/wp-content\/uploads\/2021\/09\/WhatsApp-Image-2021-09-07-at-17.20.18.jpeg","datePublished":"2021-09-07T17:23:00+00:00","dateModified":"2021-09-13T17:25:38+00:00","breadcrumb":{"@id":"https:\/\/expressometro.mx\/index.php\/2021\/09\/07\/congreso-mexiquense-elegira-titular-de-la-jucopo\/#breadcrumb"},"inLanguage":"es","potentialAction":[{"@type":"ReadAction","target":["https:\/\/expressometro.mx\/index.php\/2021\/09\/07\/congreso-mexiquense-elegira-titular-de-la-jucopo\/"]}]},{"@type":"ImageObject","inLanguage":"es","@id":"https:\/\/expressometro.mx\/index.php\/2021\/09\/07\/congreso-mexiquense-elegira-titular-de-la-jucopo\/#primaryimage","url":"https:\/\/expressometro.mx\/wp-content\/uploads\/2021\/09\/WhatsApp-Image-2021-09-07-at-17.20.18.jpeg","contentUrl":"https:\/\/expressometro.mx\/wp-content\/uploads\/2021\/09\/WhatsApp-Image-2021-09-07-at-17.20.18.jpeg","width":1023,"height":681},{"@type":"BreadcrumbList","@id":"https:\/\/expressometro.mx\/index.php\/2021\/09\/07\/congreso-mexiquense-elegira-titular-de-la-jucopo\/#breadcrumb","itemListElement":[{"@type":"ListItem","position":1,"name":"Inicio","item":"https:\/\/expressometro.mx\/"},{"@type":"ListItem","position":2,"name":"Congreso mexiquense elegir\u00e1 titular de la Jucopo"}]},{"@type":"WebSite","@id":"https:\/\/expressometro.mx\/#website","url":"https:\/\/expressometro.mx\/","name":"Expresso Metropolitano","description":"Periodismo comprometido, informaci\u00f3n, investigaci\u00f3n y an\u00e1lisis","publisher":{"@id":"https:\/\/expressometro.mx\/#organization"},"potentialAction":[{"@type":"SearchAction","target":{"@type":"EntryPoint","urlTemplate":"https:\/\/expressometro.mx\/?s={search_term_string}"},"query-input":{"@type":"PropertyValueSpecification","valueRequired":true,"valueName":"search_term_string"}}],"inLanguage":"es"},{"@type":"Organization","@id":"https:\/\/expressometro.mx\/#organization","name":"Expresso Metropolitano","url":"https:\/\/expressometro.mx\/","logo":{"@type":"ImageObject","inLanguage":"es","@id":"https:\/\/expressometro.mx\/#\/schema\/logo\/image\/","url":"https:\/\/expressometro.mx\/wp-content\/uploads\/2019\/07\/cropped-Logo-Expresso-Metropolitano-1-1.jpeg","contentUrl":"https:\/\/expressometro.mx\/wp-content\/uploads\/2019\/07\/cropped-Logo-Expresso-Metropolitano-1-1.jpeg","width":290,"height":73,"caption":"Expresso Metropolitano"},"image":{"@id":"https:\/\/expressometro.mx\/#\/schema\/logo\/image\/"}},{"@type":"Person","@id":"https:\/\/expressometro.mx\/#\/schema\/person\/67a95b8e3862085c7598f66237488f1f","name":"Cecilia Vega","image":{"@type":"ImageObject","inLanguage":"es","@id":"https:\/\/secure.gravatar.com\/avatar\/13aae9944ab2ee472a9e407c9487fdbd03b049abaa559af32fe5dbcf615c981b?s=96&d=mm&r=g","url":"https:\/\/secure.gravatar.com\/avatar\/13aae9944ab2ee472a9e407c9487fdbd03b049abaa559af32fe5dbcf615c981b?s=96&d=mm&r=g","contentUrl":"https:\/\/secure.gravatar.com\/avatar\/13aae9944ab2ee472a9e407c9487fdbd03b049abaa559af32fe5dbcf615c981b?s=96&d=mm&r=g","caption":"Cecilia Vega"},"url":"https:\/\/expressometro.mx\/index.php\/author\/cecilia-vega\/"}]}},"amp_enabled":true,"_links":{"self":[{"href":"https:\/\/expressometro.mx\/index.php\/wp-json\/wp\/v2\/posts\/3492","targetHints":{"allow":["GET"]}}],"collection":[{"href":"https:\/\/expressometro.mx\/index.php\/wp-json\/wp\/v2\/posts"}],"about":[{"href":"https:\/\/expressometro.mx\/index.php\/wp-json\/wp\/v2\/types\/post"}],"author":[{"embeddable":true,"href":"https:\/\/expressometro.mx\/index.php\/wp-json\/wp\/v2\/users\/2"}],"replies":[{"embeddable":true,"href":"https:\/\/expressometro.mx\/index.php\/wp-json\/wp\/v2\/comments?post=3492"}],"version-history":[{"count":1,"href":"https:\/\/expressometro.mx\/index.php\/wp-json\/wp\/v2\/posts\/3492\/revisions"}],"predecessor-version":[{"id":3495,"href":"https:\/\/expressometro.mx\/index.php\/wp-json\/wp\/v2\/posts\/3492\/revisions\/3495"}],"wp:featuredmedia":[{"embeddable":true,"href":"https:\/\/expressometro.mx\/index.php\/wp-json\/wp\/v2\/media\/3494"}],"wp:attachment":[{"href":"https:\/\/expressometro.mx\/index.php\/wp-json\/wp\/v2\/media?parent=3492"}],"wp:term":[{"taxonomy":"category","embeddable":true,"href":"https:\/\/expressometro.mx\/index.php\/wp-json\/wp\/v2\/categories?post=3492"},{"taxonomy":"post_tag","embeddable":true,"href":"https:\/\/expressometro.mx\/index.php\/wp-json\/wp\/v2\/tags?post=3492"}],"curies":[{"name":"wp","href":"https:\/\/api.w.org\/{rel}","templated":true}]}}