{"id":348,"date":"2019-09-03T10:33:36","date_gmt":"2019-09-03T15:33:36","guid":{"rendered":"http:\/\/expressometro.mx\/?p=348"},"modified":"2019-09-25T10:35:19","modified_gmt":"2019-09-25T15:35:19","slug":"desde-hoy-se-sancionara-hasta-con-20-anos-de-prision-a-quienes-danen-los-bosques","status":"publish","type":"post","link":"https:\/\/expressometro.mx\/index.php\/2019\/09\/03\/desde-hoy-se-sancionara-hasta-con-20-anos-de-prision-a-quienes-danen-los-bosques\/","title":{"rendered":"DESDE HOY SE SANCIONAR\u00c1 HASTA CON 20 A\u00d1OS DE PRISI\u00d3N A QUIENES DA\u00d1EN LOS BOSQUES"},"content":{"rendered":"\n<p>Este martes 3 de septiembre entraron en vigor las reformas a los art\u00edculos 9 y 229 del C\u00f3digo Penal del Estado de M\u00e9xico por medio de las cuales se establece como delito grave, con penas de prisi\u00f3n de hasta 20 a\u00f1os, el cometido en contra de los productos de los montes o bosques. La iniciativa fue presentada por el diputado Margarito Gonz\u00e1lez Morales, en nombre del Grupo Parlamentario de morena, y aprobada por unanimidad.<\/p>\n\n\n\n<p>El decreto, publicado el 2 de septiembre en el Peri\u00f3dico Oficial Gaceta del Gobierno por el Ejecutivo del estado, establece que comete este delito \u2014y se le aplicar\u00e1 igual pena\u2014 el servidor p\u00fablico que autorice cambio de uso de suelo sobre un \u00e1rea natural protegida o reserva ecol\u00f3gica sin que exista causa de excepci\u00f3n justificada establecida en la Ley General de Desarrollo Forestal Sustentable.<\/p>\n\n\n\n<p>Precisa que cuando la destrucci\u00f3n de los productos de los montes o bosques sea a consecuencia de la tala de \u00e1rboles, sin autorizaci\u00f3n de la instancia correspondiente, se impondr\u00e1 una pena de 12 a 20 a\u00f1os de prisi\u00f3n y de mil 500 a tres mil d\u00edas multa.<\/p>\n\n\n\n<p>Asimismo, se\u00f1ala que a los autores intelectuales o instigadores, a quienes obtengan un lucro indebido o quienes controlen o inciten a menores de edad para cometer este delito, se les impondr\u00e1n las mismas penas.<\/p>\n\n\n\n<p>Cuando en la comisi\u00f3n de este delito participe un servidor p\u00fablico, adem\u00e1s de la pena se\u00f1alada ser\u00e1 destituido e inhabilitado por un plazo igual a la pena privativa de libertad impuesta.<\/p>\n\n\n\n<p>Este decreto n\u00famero 79 fue aprobado por unanimidad de votos por el Pleno de la 60 Legislatura durante la sesi\u00f3n del pasado 30 de julio.<\/p>\n","protected":false},"excerpt":{"rendered":"<p>Este martes 3 de septiembre entraron en vigor las reformas a los art\u00edculos 9 y 229 del C\u00f3digo Penal del Estado de M\u00e9xico por medio de las cuales se establece como delito grave, con penas de prisi\u00f3n de hasta 20 a\u00f1os, el cometido en contra de los productos de los montes o bosques. La iniciativa fue presentada por el diputado Margarito Gonz\u00e1lez Morales, en nombre del Grupo Parlamentario de morena, y aprobada por unanimidad. El decreto, publicado el 2 de septiembre en el Peri\u00f3dico Oficial Gaceta del Gobierno por el&hellip;<\/p>\n","protected":false},"author":1,"featured_media":349,"comment_status":"open","ping_status":"open","sticky":false,"template":"","format":"standard","meta":{"footnotes":""},"categories":[4,3,8],"tags":[],"class_list":["post-348","post","type-post","status-publish","format-standard","has-post-thumbnail","hentry","category-finanzas","category-gobierno","category-medio-ambiente"],"yoast_head":"<!-- This site is optimized with the Yoast SEO plugin v27.5 - https:\/\/yoast.com\/product\/yoast-seo-wordpress\/ -->\n<title>DESDE HOY SE SANCIONAR\u00c1 HASTA CON 20 A\u00d1OS DE PRISI\u00d3N A QUIENES DA\u00d1EN LOS BOSQUES - Expresso Metropolitano<\/title>\n<meta name=\"robots\" content=\"index, follow, max-snippet:-1, max-image-preview:large, max-video-preview:-1\" \/>\n<link rel=\"canonical\" href=\"https:\/\/expressometro.mx\/index.php\/2019\/09\/03\/desde-hoy-se-sancionara-hasta-con-20-anos-de-prision-a-quienes-danen-los-bosques\/\" \/>\n<meta property=\"og:locale\" content=\"es_MX\" \/>\n<meta property=\"og:type\" content=\"article\" \/>\n<meta property=\"og:title\" content=\"DESDE HOY SE SANCIONAR\u00c1 HASTA CON 20 A\u00d1OS DE PRISI\u00d3N A QUIENES DA\u00d1EN LOS BOSQUES - Expresso Metropolitano\" \/>\n<meta property=\"og:description\" content=\"Este martes 3 de septiembre entraron en vigor las reformas a los art\u00edculos 9 y 229 del C\u00f3digo Penal del Estado de M\u00e9xico por medio de las cuales se establece como delito grave, con penas de prisi\u00f3n de hasta 20 a\u00f1os, el cometido en contra de los productos de los montes o bosques. La iniciativa fue presentada por el diputado Margarito Gonz\u00e1lez Morales, en nombre del Grupo Parlamentario de morena, y aprobada por unanimidad. El decreto, publicado el 2 de septiembre en el Peri\u00f3dico Oficial Gaceta del Gobierno por el&hellip;\" \/>\n<meta property=\"og:url\" content=\"https:\/\/expressometro.mx\/index.php\/2019\/09\/03\/desde-hoy-se-sancionara-hasta-con-20-anos-de-prision-a-quienes-danen-los-bosques\/\" \/>\n<meta property=\"og:site_name\" content=\"Expresso Metropolitano\" \/>\n<meta property=\"article:published_time\" content=\"2019-09-03T15:33:36+00:00\" \/>\n<meta property=\"article:modified_time\" content=\"2019-09-25T15:35:19+00:00\" \/>\n<meta property=\"og:image\" content=\"https:\/\/expressometro.mx\/wp-content\/uploads\/2019\/09\/1120a.jpg\" \/>\n\t<meta property=\"og:image:width\" content=\"850\" \/>\n\t<meta property=\"og:image:height\" content=\"568\" \/>\n\t<meta property=\"og:image:type\" content=\"image\/jpeg\" \/>\n<meta name=\"author\" content=\"Expresso Metropolitano\" \/>\n<meta name=\"twitter:label1\" content=\"Escrito por\" \/>\n\t<meta name=\"twitter:data1\" content=\"Expresso Metropolitano\" \/>\n\t<meta name=\"twitter:label2\" content=\"Tiempo de lectura\" \/>\n\t<meta name=\"twitter:data2\" content=\"1 minuto\" \/>\n<script type=\"application\/ld+json\" class=\"yoast-schema-graph\">{\"@context\":\"https:\\\/\\\/schema.org\",\"@graph\":[{\"@type\":\"Article\",\"@id\":\"https:\\\/\\\/expressometro.mx\\\/index.php\\\/2019\\\/09\\\/03\\\/desde-hoy-se-sancionara-hasta-con-20-anos-de-prision-a-quienes-danen-los-bosques\\\/#article\",\"isPartOf\":{\"@id\":\"https:\\\/\\\/expressometro.mx\\\/index.php\\\/2019\\\/09\\\/03\\\/desde-hoy-se-sancionara-hasta-con-20-anos-de-prision-a-quienes-danen-los-bosques\\\/\"},\"author\":{\"name\":\"Expresso Metropolitano\",\"@id\":\"https:\\\/\\\/expressometro.mx\\\/#\\\/schema\\\/person\\\/efa971b4a0664db8ed5c22b1b0dd2f5d\"},\"headline\":\"DESDE HOY SE SANCIONAR\u00c1 HASTA CON 20 A\u00d1OS DE PRISI\u00d3N A QUIENES DA\u00d1EN LOS BOSQUES\",\"datePublished\":\"2019-09-03T15:33:36+00:00\",\"dateModified\":\"2019-09-25T15:35:19+00:00\",\"mainEntityOfPage\":{\"@id\":\"https:\\\/\\\/expressometro.mx\\\/index.php\\\/2019\\\/09\\\/03\\\/desde-hoy-se-sancionara-hasta-con-20-anos-de-prision-a-quienes-danen-los-bosques\\\/\"},\"wordCount\":304,\"commentCount\":0,\"publisher\":{\"@id\":\"https:\\\/\\\/expressometro.mx\\\/#organization\"},\"image\":{\"@id\":\"https:\\\/\\\/expressometro.mx\\\/index.php\\\/2019\\\/09\\\/03\\\/desde-hoy-se-sancionara-hasta-con-20-anos-de-prision-a-quienes-danen-los-bosques\\\/#primaryimage\"},\"thumbnailUrl\":\"https:\\\/\\\/expressometro.mx\\\/wp-content\\\/uploads\\\/2019\\\/09\\\/1120a.jpg\",\"articleSection\":[\"Finanzas\",\"Gobierno\",\"Medio ambiente\"],\"inLanguage\":\"es\",\"potentialAction\":[{\"@type\":\"CommentAction\",\"name\":\"Comment\",\"target\":[\"https:\\\/\\\/expressometro.mx\\\/index.php\\\/2019\\\/09\\\/03\\\/desde-hoy-se-sancionara-hasta-con-20-anos-de-prision-a-quienes-danen-los-bosques\\\/#respond\"]}]},{\"@type\":\"WebPage\",\"@id\":\"https:\\\/\\\/expressometro.mx\\\/index.php\\\/2019\\\/09\\\/03\\\/desde-hoy-se-sancionara-hasta-con-20-anos-de-prision-a-quienes-danen-los-bosques\\\/\",\"url\":\"https:\\\/\\\/expressometro.mx\\\/index.php\\\/2019\\\/09\\\/03\\\/desde-hoy-se-sancionara-hasta-con-20-anos-de-prision-a-quienes-danen-los-bosques\\\/\",\"name\":\"DESDE HOY SE SANCIONAR\u00c1 HASTA CON 20 A\u00d1OS DE PRISI\u00d3N A QUIENES DA\u00d1EN LOS BOSQUES - Expresso Metropolitano\",\"isPartOf\":{\"@id\":\"https:\\\/\\\/expressometro.mx\\\/#website\"},\"primaryImageOfPage\":{\"@id\":\"https:\\\/\\\/expressometro.mx\\\/index.php\\\/2019\\\/09\\\/03\\\/desde-hoy-se-sancionara-hasta-con-20-anos-de-prision-a-quienes-danen-los-bosques\\\/#primaryimage\"},\"image\":{\"@id\":\"https:\\\/\\\/expressometro.mx\\\/index.php\\\/2019\\\/09\\\/03\\\/desde-hoy-se-sancionara-hasta-con-20-anos-de-prision-a-quienes-danen-los-bosques\\\/#primaryimage\"},\"thumbnailUrl\":\"https:\\\/\\\/expressometro.mx\\\/wp-content\\\/uploads\\\/2019\\\/09\\\/1120a.jpg\",\"datePublished\":\"2019-09-03T15:33:36+00:00\",\"dateModified\":\"2019-09-25T15:35:19+00:00\",\"breadcrumb\":{\"@id\":\"https:\\\/\\\/expressometro.mx\\\/index.php\\\/2019\\\/09\\\/03\\\/desde-hoy-se-sancionara-hasta-con-20-anos-de-prision-a-quienes-danen-los-bosques\\\/#breadcrumb\"},\"inLanguage\":\"es\",\"potentialAction\":[{\"@type\":\"ReadAction\",\"target\":[\"https:\\\/\\\/expressometro.mx\\\/index.php\\\/2019\\\/09\\\/03\\\/desde-hoy-se-sancionara-hasta-con-20-anos-de-prision-a-quienes-danen-los-bosques\\\/\"]}]},{\"@type\":\"ImageObject\",\"inLanguage\":\"es\",\"@id\":\"https:\\\/\\\/expressometro.mx\\\/index.php\\\/2019\\\/09\\\/03\\\/desde-hoy-se-sancionara-hasta-con-20-anos-de-prision-a-quienes-danen-los-bosques\\\/#primaryimage\",\"url\":\"https:\\\/\\\/expressometro.mx\\\/wp-content\\\/uploads\\\/2019\\\/09\\\/1120a.jpg\",\"contentUrl\":\"https:\\\/\\\/expressometro.mx\\\/wp-content\\\/uploads\\\/2019\\\/09\\\/1120a.jpg\",\"width\":850,\"height\":568},{\"@type\":\"BreadcrumbList\",\"@id\":\"https:\\\/\\\/expressometro.mx\\\/index.php\\\/2019\\\/09\\\/03\\\/desde-hoy-se-sancionara-hasta-con-20-anos-de-prision-a-quienes-danen-los-bosques\\\/#breadcrumb\",\"itemListElement\":[{\"@type\":\"ListItem\",\"position\":1,\"name\":\"Inicio\",\"item\":\"https:\\\/\\\/expressometro.mx\\\/\"},{\"@type\":\"ListItem\",\"position\":2,\"name\":\"DESDE HOY SE SANCIONAR\u00c1 HASTA CON 20 A\u00d1OS DE PRISI\u00d3N A QUIENES DA\u00d1EN LOS BOSQUES\"}]},{\"@type\":\"WebSite\",\"@id\":\"https:\\\/\\\/expressometro.mx\\\/#website\",\"url\":\"https:\\\/\\\/expressometro.mx\\\/\",\"name\":\"Expresso Metropolitano\",\"description\":\"Periodismo comprometido, informaci\u00f3n, investigaci\u00f3n y an\u00e1lisis\",\"publisher\":{\"@id\":\"https:\\\/\\\/expressometro.mx\\\/#organization\"},\"potentialAction\":[{\"@type\":\"SearchAction\",\"target\":{\"@type\":\"EntryPoint\",\"urlTemplate\":\"https:\\\/\\\/expressometro.mx\\\/?s={search_term_string}\"},\"query-input\":{\"@type\":\"PropertyValueSpecification\",\"valueRequired\":true,\"valueName\":\"search_term_string\"}}],\"inLanguage\":\"es\"},{\"@type\":\"Organization\",\"@id\":\"https:\\\/\\\/expressometro.mx\\\/#organization\",\"name\":\"Expresso Metropolitano\",\"url\":\"https:\\\/\\\/expressometro.mx\\\/\",\"logo\":{\"@type\":\"ImageObject\",\"inLanguage\":\"es\",\"@id\":\"https:\\\/\\\/expressometro.mx\\\/#\\\/schema\\\/logo\\\/image\\\/\",\"url\":\"https:\\\/\\\/expressometro.mx\\\/wp-content\\\/uploads\\\/2019\\\/07\\\/cropped-Logo-Expresso-Metropolitano-1-1.jpeg\",\"contentUrl\":\"https:\\\/\\\/expressometro.mx\\\/wp-content\\\/uploads\\\/2019\\\/07\\\/cropped-Logo-Expresso-Metropolitano-1-1.jpeg\",\"width\":290,\"height\":73,\"caption\":\"Expresso Metropolitano\"},\"image\":{\"@id\":\"https:\\\/\\\/expressometro.mx\\\/#\\\/schema\\\/logo\\\/image\\\/\"}},{\"@type\":\"Person\",\"@id\":\"https:\\\/\\\/expressometro.mx\\\/#\\\/schema\\\/person\\\/efa971b4a0664db8ed5c22b1b0dd2f5d\",\"name\":\"Expresso Metropolitano\",\"image\":{\"@type\":\"ImageObject\",\"inLanguage\":\"es\",\"@id\":\"https:\\\/\\\/secure.gravatar.com\\\/avatar\\\/a89f802b8de18c6952f223c88d3d106e9e3679839f4e25a02f4a6cc2ae6ba3b3?s=96&d=mm&r=g\",\"url\":\"https:\\\/\\\/secure.gravatar.com\\\/avatar\\\/a89f802b8de18c6952f223c88d3d106e9e3679839f4e25a02f4a6cc2ae6ba3b3?s=96&d=mm&r=g\",\"contentUrl\":\"https:\\\/\\\/secure.gravatar.com\\\/avatar\\\/a89f802b8de18c6952f223c88d3d106e9e3679839f4e25a02f4a6cc2ae6ba3b3?s=96&d=mm&r=g\",\"caption\":\"Expresso Metropolitano\"},\"url\":\"https:\\\/\\\/expressometro.mx\\\/index.php\\\/author\\\/diego\\\/\"}]}<\/script>\n<!-- \/ Yoast SEO plugin. -->","yoast_head_json":{"title":"DESDE HOY SE SANCIONAR\u00c1 HASTA CON 20 A\u00d1OS DE PRISI\u00d3N A QUIENES DA\u00d1EN LOS BOSQUES - Expresso Metropolitano","robots":{"index":"index","follow":"follow","max-snippet":"max-snippet:-1","max-image-preview":"max-image-preview:large","max-video-preview":"max-video-preview:-1"},"canonical":"https:\/\/expressometro.mx\/index.php\/2019\/09\/03\/desde-hoy-se-sancionara-hasta-con-20-anos-de-prision-a-quienes-danen-los-bosques\/","og_locale":"es_MX","og_type":"article","og_title":"DESDE HOY SE SANCIONAR\u00c1 HASTA CON 20 A\u00d1OS DE PRISI\u00d3N A QUIENES DA\u00d1EN LOS BOSQUES - Expresso Metropolitano","og_description":"Este martes 3 de septiembre entraron en vigor las reformas a los art\u00edculos 9 y 229 del C\u00f3digo Penal del Estado de M\u00e9xico por medio de las cuales se establece como delito grave, con penas de prisi\u00f3n de hasta 20 a\u00f1os, el cometido en contra de los productos de los montes o bosques. La iniciativa fue presentada por el diputado Margarito Gonz\u00e1lez Morales, en nombre del Grupo Parlamentario de morena, y aprobada por unanimidad. El decreto, publicado el 2 de septiembre en el Peri\u00f3dico Oficial Gaceta del Gobierno por el&hellip;","og_url":"https:\/\/expressometro.mx\/index.php\/2019\/09\/03\/desde-hoy-se-sancionara-hasta-con-20-anos-de-prision-a-quienes-danen-los-bosques\/","og_site_name":"Expresso Metropolitano","article_published_time":"2019-09-03T15:33:36+00:00","article_modified_time":"2019-09-25T15:35:19+00:00","og_image":[{"width":850,"height":568,"url":"https:\/\/expressometro.mx\/wp-content\/uploads\/2019\/09\/1120a.jpg","type":"image\/jpeg"}],"author":"Expresso Metropolitano","twitter_misc":{"Escrito por":"Expresso Metropolitano","Tiempo de lectura":"1 minuto"},"schema":{"@context":"https:\/\/schema.org","@graph":[{"@type":"Article","@id":"https:\/\/expressometro.mx\/index.php\/2019\/09\/03\/desde-hoy-se-sancionara-hasta-con-20-anos-de-prision-a-quienes-danen-los-bosques\/#article","isPartOf":{"@id":"https:\/\/expressometro.mx\/index.php\/2019\/09\/03\/desde-hoy-se-sancionara-hasta-con-20-anos-de-prision-a-quienes-danen-los-bosques\/"},"author":{"name":"Expresso Metropolitano","@id":"https:\/\/expressometro.mx\/#\/schema\/person\/efa971b4a0664db8ed5c22b1b0dd2f5d"},"headline":"DESDE HOY SE SANCIONAR\u00c1 HASTA CON 20 A\u00d1OS DE PRISI\u00d3N A QUIENES DA\u00d1EN LOS BOSQUES","datePublished":"2019-09-03T15:33:36+00:00","dateModified":"2019-09-25T15:35:19+00:00","mainEntityOfPage":{"@id":"https:\/\/expressometro.mx\/index.php\/2019\/09\/03\/desde-hoy-se-sancionara-hasta-con-20-anos-de-prision-a-quienes-danen-los-bosques\/"},"wordCount":304,"commentCount":0,"publisher":{"@id":"https:\/\/expressometro.mx\/#organization"},"image":{"@id":"https:\/\/expressometro.mx\/index.php\/2019\/09\/03\/desde-hoy-se-sancionara-hasta-con-20-anos-de-prision-a-quienes-danen-los-bosques\/#primaryimage"},"thumbnailUrl":"https:\/\/expressometro.mx\/wp-content\/uploads\/2019\/09\/1120a.jpg","articleSection":["Finanzas","Gobierno","Medio ambiente"],"inLanguage":"es","potentialAction":[{"@type":"CommentAction","name":"Comment","target":["https:\/\/expressometro.mx\/index.php\/2019\/09\/03\/desde-hoy-se-sancionara-hasta-con-20-anos-de-prision-a-quienes-danen-los-bosques\/#respond"]}]},{"@type":"WebPage","@id":"https:\/\/expressometro.mx\/index.php\/2019\/09\/03\/desde-hoy-se-sancionara-hasta-con-20-anos-de-prision-a-quienes-danen-los-bosques\/","url":"https:\/\/expressometro.mx\/index.php\/2019\/09\/03\/desde-hoy-se-sancionara-hasta-con-20-anos-de-prision-a-quienes-danen-los-bosques\/","name":"DESDE HOY SE SANCIONAR\u00c1 HASTA CON 20 A\u00d1OS DE PRISI\u00d3N A QUIENES DA\u00d1EN LOS BOSQUES - Expresso Metropolitano","isPartOf":{"@id":"https:\/\/expressometro.mx\/#website"},"primaryImageOfPage":{"@id":"https:\/\/expressometro.mx\/index.php\/2019\/09\/03\/desde-hoy-se-sancionara-hasta-con-20-anos-de-prision-a-quienes-danen-los-bosques\/#primaryimage"},"image":{"@id":"https:\/\/expressometro.mx\/index.php\/2019\/09\/03\/desde-hoy-se-sancionara-hasta-con-20-anos-de-prision-a-quienes-danen-los-bosques\/#primaryimage"},"thumbnailUrl":"https:\/\/expressometro.mx\/wp-content\/uploads\/2019\/09\/1120a.jpg","datePublished":"2019-09-03T15:33:36+00:00","dateModified":"2019-09-25T15:35:19+00:00","breadcrumb":{"@id":"https:\/\/expressometro.mx\/index.php\/2019\/09\/03\/desde-hoy-se-sancionara-hasta-con-20-anos-de-prision-a-quienes-danen-los-bosques\/#breadcrumb"},"inLanguage":"es","potentialAction":[{"@type":"ReadAction","target":["https:\/\/expressometro.mx\/index.php\/2019\/09\/03\/desde-hoy-se-sancionara-hasta-con-20-anos-de-prision-a-quienes-danen-los-bosques\/"]}]},{"@type":"ImageObject","inLanguage":"es","@id":"https:\/\/expressometro.mx\/index.php\/2019\/09\/03\/desde-hoy-se-sancionara-hasta-con-20-anos-de-prision-a-quienes-danen-los-bosques\/#primaryimage","url":"https:\/\/expressometro.mx\/wp-content\/uploads\/2019\/09\/1120a.jpg","contentUrl":"https:\/\/expressometro.mx\/wp-content\/uploads\/2019\/09\/1120a.jpg","width":850,"height":568},{"@type":"BreadcrumbList","@id":"https:\/\/expressometro.mx\/index.php\/2019\/09\/03\/desde-hoy-se-sancionara-hasta-con-20-anos-de-prision-a-quienes-danen-los-bosques\/#breadcrumb","itemListElement":[{"@type":"ListItem","position":1,"name":"Inicio","item":"https:\/\/expressometro.mx\/"},{"@type":"ListItem","position":2,"name":"DESDE HOY SE SANCIONAR\u00c1 HASTA CON 20 A\u00d1OS DE PRISI\u00d3N A QUIENES DA\u00d1EN LOS BOSQUES"}]},{"@type":"WebSite","@id":"https:\/\/expressometro.mx\/#website","url":"https:\/\/expressometro.mx\/","name":"Expresso Metropolitano","description":"Periodismo comprometido, informaci\u00f3n, investigaci\u00f3n y an\u00e1lisis","publisher":{"@id":"https:\/\/expressometro.mx\/#organization"},"potentialAction":[{"@type":"SearchAction","target":{"@type":"EntryPoint","urlTemplate":"https:\/\/expressometro.mx\/?s={search_term_string}"},"query-input":{"@type":"PropertyValueSpecification","valueRequired":true,"valueName":"search_term_string"}}],"inLanguage":"es"},{"@type":"Organization","@id":"https:\/\/expressometro.mx\/#organization","name":"Expresso Metropolitano","url":"https:\/\/expressometro.mx\/","logo":{"@type":"ImageObject","inLanguage":"es","@id":"https:\/\/expressometro.mx\/#\/schema\/logo\/image\/","url":"https:\/\/expressometro.mx\/wp-content\/uploads\/2019\/07\/cropped-Logo-Expresso-Metropolitano-1-1.jpeg","contentUrl":"https:\/\/expressometro.mx\/wp-content\/uploads\/2019\/07\/cropped-Logo-Expresso-Metropolitano-1-1.jpeg","width":290,"height":73,"caption":"Expresso Metropolitano"},"image":{"@id":"https:\/\/expressometro.mx\/#\/schema\/logo\/image\/"}},{"@type":"Person","@id":"https:\/\/expressometro.mx\/#\/schema\/person\/efa971b4a0664db8ed5c22b1b0dd2f5d","name":"Expresso Metropolitano","image":{"@type":"ImageObject","inLanguage":"es","@id":"https:\/\/secure.gravatar.com\/avatar\/a89f802b8de18c6952f223c88d3d106e9e3679839f4e25a02f4a6cc2ae6ba3b3?s=96&d=mm&r=g","url":"https:\/\/secure.gravatar.com\/avatar\/a89f802b8de18c6952f223c88d3d106e9e3679839f4e25a02f4a6cc2ae6ba3b3?s=96&d=mm&r=g","contentUrl":"https:\/\/secure.gravatar.com\/avatar\/a89f802b8de18c6952f223c88d3d106e9e3679839f4e25a02f4a6cc2ae6ba3b3?s=96&d=mm&r=g","caption":"Expresso Metropolitano"},"url":"https:\/\/expressometro.mx\/index.php\/author\/diego\/"}]}},"amp_enabled":true,"_links":{"self":[{"href":"https:\/\/expressometro.mx\/index.php\/wp-json\/wp\/v2\/posts\/348","targetHints":{"allow":["GET"]}}],"collection":[{"href":"https:\/\/expressometro.mx\/index.php\/wp-json\/wp\/v2\/posts"}],"about":[{"href":"https:\/\/expressometro.mx\/index.php\/wp-json\/wp\/v2\/types\/post"}],"author":[{"embeddable":true,"href":"https:\/\/expressometro.mx\/index.php\/wp-json\/wp\/v2\/users\/1"}],"replies":[{"embeddable":true,"href":"https:\/\/expressometro.mx\/index.php\/wp-json\/wp\/v2\/comments?post=348"}],"version-history":[{"count":1,"href":"https:\/\/expressometro.mx\/index.php\/wp-json\/wp\/v2\/posts\/348\/revisions"}],"predecessor-version":[{"id":350,"href":"https:\/\/expressometro.mx\/index.php\/wp-json\/wp\/v2\/posts\/348\/revisions\/350"}],"wp:featuredmedia":[{"embeddable":true,"href":"https:\/\/expressometro.mx\/index.php\/wp-json\/wp\/v2\/media\/349"}],"wp:attachment":[{"href":"https:\/\/expressometro.mx\/index.php\/wp-json\/wp\/v2\/media?parent=348"}],"wp:term":[{"taxonomy":"category","embeddable":true,"href":"https:\/\/expressometro.mx\/index.php\/wp-json\/wp\/v2\/categories?post=348"},{"taxonomy":"post_tag","embeddable":true,"href":"https:\/\/expressometro.mx\/index.php\/wp-json\/wp\/v2\/tags?post=348"}],"curies":[{"name":"wp","href":"https:\/\/api.w.org\/{rel}","templated":true}]}}