{"id":3463,"date":"2021-08-30T11:49:00","date_gmt":"2021-08-30T16:49:00","guid":{"rendered":"http:\/\/expressometro.mx\/?p=3463"},"modified":"2021-09-13T11:52:36","modified_gmt":"2021-09-13T16:52:36","slug":"jocotitlan-es-pueblo-con-encanto","status":"publish","type":"post","link":"https:\/\/expressometro.mx\/index.php\/2021\/08\/30\/jocotitlan-es-pueblo-con-encanto\/","title":{"rendered":"Jocotitlan es Pueblo con Encanto"},"content":{"rendered":"\n<p>El municipio de Jocotitl\u00e1n recibi\u00f3 del gobierno del Estado de M\u00e9xico el Nombramiento de Pueblo con Encanto que le permitir\u00e1 detonar su vocaci\u00f3n tur\u00edstica y cultural.<br>Jocotitl\u00e1n re\u00fane una larga historia conservada por sus hombres y mujeres de origen prehisp\u00e1nico y donde fue el asiento de la cultura mazahua en la que nace la leyenda de Engemore, adem\u00e1s tuvo su propia deidad llamada Otontecuhtli, Dios del Fuego y de los muertos.<\/p>\n\n\n\n<p>Su historia tambi\u00e9n cuenta de manera sobresaliente el paso del Padre de la Patria por su territorio, lo que hizo que Jocotitl\u00e1n fuese declarado en el 2013, ciudad heroica n\u00famero 40 del pa\u00eds y la segunda del estado.<\/p>\n\n\n\n<p>El presidente municipal Ivan Esquer Cruz sostuvo que este es un dia de j\u00fabilo para los que integran esta comunidad que busca mejorar sus condiciones de vida.<\/p>\n\n\n\n<p>\u201cEsta declaratoria que entrega la Secretar\u00eda de Cultura y Turismo es un acontecimiento importante porque toma en cuenta las delicias gastron\u00f3micas, trabajos artesanales y la Monta\u00f1a Sagrada que nos cobija que son factores que abren una ventana de oportunidades para aumentar la<br>plusval\u00eda de nuestra tierra\u201d, dijo.<\/p>\n\n\n\n<p>Acompa\u00f1ado de la subsecretaria de Turismo, Denis Ugalde Alegr\u00eda, sostuvo que el objetivo es mejorar la calidad de vida de la gente de un pueblo con profunda riqueza hist\u00f3rica y estructura \u00fanica.<br>En ese sentido, destac\u00f3 el compromiso que tiene el gobernador Alfredo del Mazo con los mexiquenses y particularmente con los habitantes de Jocotitl\u00e1n.<\/p>\n\n\n\n<p>En tanto, la funcionaria de estatal Denisse Ugalde Alegr\u00eda manifest\u00f3 que este reconocimiento del gobierno se enmarca en el programa para distinguir a los municipios que tienen identidad y<br>\u201chablar de nuestra cultura esta vinculada con el lugar que habitamos y su gente. La gente de Jocotitl\u00e1n es quien le da el encanto\u201d, agreg\u00f3.<\/p>\n\n\n\n<p>Este nombramiento -explic\u00f3- es el inicio de mucho trabajo para construir la cultura tur\u00edstica y eso implica trabajo en equipo y superaci\u00f3n constante.<\/p>\n\n\n\n<p>Tambi\u00e9n invit\u00f3 a las autoridades a seguir trabajando juntos y mejorar los servicios tur\u00edsticos, adem\u00e1s puso a disposici\u00f3n de los prestadores y prestadoras de servicios tur\u00edsticos y autoridades municipales, los programas y proyectos de capacitaci\u00f3n tur\u00edstica, as\u00ed como certificaciones nacionales e internacionales para que Jocotitl\u00e1n sea fortalecido y reconocido tur\u00edsticamente.<\/p>\n\n\n\n<p>Agradeci\u00f3 y dio todo su respeto y admiraci\u00f3n para todos los que hicieron posible el logro y enfatiz\u00f3 la felicitaci\u00f3n por parte del Gobernador Alfredo Del Mazo Maza.<\/p>\n\n\n\n<p>Como parte del evento, el Cronista municipal, Alberto Ram\u00edrez Gonz\u00e1lez, hizo una rese\u00f1a hist\u00f3rica de Jocotitl\u00e1n, iniciando con la leyenda de Engemore, en la que resalt\u00f3 que referirse a Jocotitl\u00e1n es invariablemente hacer alusi\u00f3n al Cerro Xocot\u00e9petl, ya que es el principal y mayor s\u00edmbolo de identidad.<\/p>\n\n\n\n<p>El Presidente municipal, Iv\u00e1n de Jes\u00fas Esquer Cruz, mencion\u00f3 que gracias a la buena toma de decisiones del equipo que conforma la administraci\u00f3n 2019-2021 permiti\u00f3 que Jocotitl\u00e1n transitara hacia un estadio de mejora y de progreso.<\/p>\n\n\n\n<figure class=\"wp-block-gallery columns-3 is-cropped wp-block-gallery-1 is-layout-flex wp-block-gallery-is-layout-flex\"><ul class=\"blocks-gallery-grid\"><li class=\"blocks-gallery-item\"><figure><img decoding=\"async\" width=\"720\" height=\"480\" src=\"http:\/\/expressometro.mx\/wp-content\/uploads\/2021\/09\/WhatsApp-Image-2021-09-12-at-16.55.38-720x480.jpeg\" alt=\"\" data-id=\"3465\" data-link=\"http:\/\/expressometro.mx\/?attachment_id=3465\" class=\"wp-image-3465\" srcset=\"https:\/\/expressometro.mx\/wp-content\/uploads\/2021\/09\/WhatsApp-Image-2021-09-12-at-16.55.38-720x480.jpeg 720w, https:\/\/expressometro.mx\/wp-content\/uploads\/2021\/09\/WhatsApp-Image-2021-09-12-at-16.55.38-548x365.jpeg 548w, https:\/\/expressometro.mx\/wp-content\/uploads\/2021\/09\/WhatsApp-Image-2021-09-12-at-16.55.38-768x512.jpeg 768w, https:\/\/expressometro.mx\/wp-content\/uploads\/2021\/09\/WhatsApp-Image-2021-09-12-at-16.55.38.jpeg 1280w\" sizes=\"(max-width: 720px) 100vw, 720px\" \/><\/figure><\/li><li class=\"blocks-gallery-item\"><figure><img decoding=\"async\" width=\"720\" height=\"480\" src=\"http:\/\/expressometro.mx\/wp-content\/uploads\/2021\/09\/WhatsApp-Image-2021-09-12-at-16.55.38-1-720x480.jpeg\" alt=\"\" data-id=\"3467\" data-link=\"http:\/\/expressometro.mx\/?attachment_id=3467\" class=\"wp-image-3467\" srcset=\"https:\/\/expressometro.mx\/wp-content\/uploads\/2021\/09\/WhatsApp-Image-2021-09-12-at-16.55.38-1-720x480.jpeg 720w, https:\/\/expressometro.mx\/wp-content\/uploads\/2021\/09\/WhatsApp-Image-2021-09-12-at-16.55.38-1-548x365.jpeg 548w, https:\/\/expressometro.mx\/wp-content\/uploads\/2021\/09\/WhatsApp-Image-2021-09-12-at-16.55.38-1-768x512.jpeg 768w, https:\/\/expressometro.mx\/wp-content\/uploads\/2021\/09\/WhatsApp-Image-2021-09-12-at-16.55.38-1.jpeg 1280w\" sizes=\"(max-width: 720px) 100vw, 720px\" \/><\/figure><\/li><li class=\"blocks-gallery-item\"><figure><img decoding=\"async\" width=\"720\" height=\"480\" src=\"http:\/\/expressometro.mx\/wp-content\/uploads\/2021\/09\/WhatsApp-Image-2021-09-12-at-16.55.39-720x480.jpeg\" alt=\"\" data-id=\"3468\" data-link=\"http:\/\/expressometro.mx\/?attachment_id=3468\" class=\"wp-image-3468\" srcset=\"https:\/\/expressometro.mx\/wp-content\/uploads\/2021\/09\/WhatsApp-Image-2021-09-12-at-16.55.39-720x480.jpeg 720w, https:\/\/expressometro.mx\/wp-content\/uploads\/2021\/09\/WhatsApp-Image-2021-09-12-at-16.55.39-548x365.jpeg 548w, https:\/\/expressometro.mx\/wp-content\/uploads\/2021\/09\/WhatsApp-Image-2021-09-12-at-16.55.39-768x512.jpeg 768w, https:\/\/expressometro.mx\/wp-content\/uploads\/2021\/09\/WhatsApp-Image-2021-09-12-at-16.55.39.jpeg 1280w\" sizes=\"(max-width: 720px) 100vw, 720px\" \/><\/figure><\/li><li class=\"blocks-gallery-item\"><figure><img decoding=\"async\" width=\"840\" height=\"473\" src=\"http:\/\/expressometro.mx\/wp-content\/uploads\/2021\/09\/WhatsApp-Image-2021-09-12-at-17.01.11-840x473.jpeg\" alt=\"\" data-id=\"3469\" data-link=\"http:\/\/expressometro.mx\/?attachment_id=3469\" class=\"wp-image-3469\" srcset=\"https:\/\/expressometro.mx\/wp-content\/uploads\/2021\/09\/WhatsApp-Image-2021-09-12-at-17.01.11-840x473.jpeg 840w, https:\/\/expressometro.mx\/wp-content\/uploads\/2021\/09\/WhatsApp-Image-2021-09-12-at-17.01.11-649x365.jpeg 649w, https:\/\/expressometro.mx\/wp-content\/uploads\/2021\/09\/WhatsApp-Image-2021-09-12-at-17.01.11-768x432.jpeg 768w, https:\/\/expressometro.mx\/wp-content\/uploads\/2021\/09\/WhatsApp-Image-2021-09-12-at-17.01.11.jpeg 1024w\" sizes=\"(max-width: 840px) 100vw, 840px\" \/><\/figure><\/li><li class=\"blocks-gallery-item\"><figure><img decoding=\"async\" width=\"360\" height=\"480\" src=\"http:\/\/expressometro.mx\/wp-content\/uploads\/2021\/09\/WhatsApp-Image-2021-09-12-at-17.01.11-1-360x480.jpeg\" alt=\"\" data-id=\"3470\" data-link=\"http:\/\/expressometro.mx\/?attachment_id=3470\" class=\"wp-image-3470\" srcset=\"https:\/\/expressometro.mx\/wp-content\/uploads\/2021\/09\/WhatsApp-Image-2021-09-12-at-17.01.11-1-360x480.jpeg 360w, https:\/\/expressometro.mx\/wp-content\/uploads\/2021\/09\/WhatsApp-Image-2021-09-12-at-17.01.11-1-274x365.jpeg 274w, https:\/\/expressometro.mx\/wp-content\/uploads\/2021\/09\/WhatsApp-Image-2021-09-12-at-17.01.11-1.jpeg 768w\" sizes=\"(max-width: 360px) 100vw, 360px\" \/><\/figure><\/li><li class=\"blocks-gallery-item\"><figure><img decoding=\"async\" width=\"640\" height=\"480\" src=\"http:\/\/expressometro.mx\/wp-content\/uploads\/2021\/09\/WhatsApp-Image-2021-09-12-at-17.01.11-2-640x480.jpeg\" alt=\"\" data-id=\"3471\" data-link=\"http:\/\/expressometro.mx\/?attachment_id=3471\" class=\"wp-image-3471\" srcset=\"https:\/\/expressometro.mx\/wp-content\/uploads\/2021\/09\/WhatsApp-Image-2021-09-12-at-17.01.11-2-640x480.jpeg 640w, https:\/\/expressometro.mx\/wp-content\/uploads\/2021\/09\/WhatsApp-Image-2021-09-12-at-17.01.11-2-487x365.jpeg 487w, https:\/\/expressometro.mx\/wp-content\/uploads\/2021\/09\/WhatsApp-Image-2021-09-12-at-17.01.11-2-768x576.jpeg 768w, https:\/\/expressometro.mx\/wp-content\/uploads\/2021\/09\/WhatsApp-Image-2021-09-12-at-17.01.11-2.jpeg 1024w\" sizes=\"(max-width: 640px) 100vw, 640px\" \/><\/figure><\/li><li class=\"blocks-gallery-item\"><figure><img decoding=\"async\" width=\"640\" height=\"480\" src=\"http:\/\/expressometro.mx\/wp-content\/uploads\/2021\/09\/WhatsApp-Image-2021-09-12-at-17.01.11-3-640x480.jpeg\" alt=\"\" data-id=\"3472\" data-full-url=\"http:\/\/expressometro.mx\/wp-content\/uploads\/2021\/09\/WhatsApp-Image-2021-09-12-at-17.01.11-3.jpeg\" data-link=\"http:\/\/expressometro.mx\/?attachment_id=3472\" class=\"wp-image-3472\" srcset=\"https:\/\/expressometro.mx\/wp-content\/uploads\/2021\/09\/WhatsApp-Image-2021-09-12-at-17.01.11-3-640x480.jpeg 640w, https:\/\/expressometro.mx\/wp-content\/uploads\/2021\/09\/WhatsApp-Image-2021-09-12-at-17.01.11-3-487x365.jpeg 487w, https:\/\/expressometro.mx\/wp-content\/uploads\/2021\/09\/WhatsApp-Image-2021-09-12-at-17.01.11-3-768x576.jpeg 768w, https:\/\/expressometro.mx\/wp-content\/uploads\/2021\/09\/WhatsApp-Image-2021-09-12-at-17.01.11-3.jpeg 1024w\" sizes=\"(max-width: 640px) 100vw, 640px\" \/><\/figure><\/li><\/ul><\/figure>\n","protected":false},"excerpt":{"rendered":"<p>El presidente municipal Ivan Esquer Cruz sostuvo que este es un dia de j\u00fabilo para los que integran esta comunidad que busca mejorar sus condiciones de vida.<\/p>\n","protected":false},"author":2,"featured_media":3464,"comment_status":"open","ping_status":"open","sticky":false,"template":"","format":"standard","meta":{"footnotes":""},"categories":[11,3],"tags":[576,324,772],"class_list":["post-3463","post","type-post","status-publish","format-standard","has-post-thumbnail","hentry","category-cultura","category-gobierno","tag-ivan-esquer","tag-jocotitlan","tag-pueblo-con-encanto"],"yoast_head":"<!-- This site is optimized with the Yoast SEO plugin v27.5 - https:\/\/yoast.com\/product\/yoast-seo-wordpress\/ -->\n<title>Jocotitlan es Pueblo con Encanto - Expresso Metropolitano<\/title>\n<meta name=\"robots\" content=\"index, follow, max-snippet:-1, max-image-preview:large, max-video-preview:-1\" \/>\n<link rel=\"canonical\" href=\"https:\/\/expressometro.mx\/index.php\/2021\/08\/30\/jocotitlan-es-pueblo-con-encanto\/\" \/>\n<meta property=\"og:locale\" content=\"es_MX\" \/>\n<meta property=\"og:type\" content=\"article\" \/>\n<meta property=\"og:title\" content=\"Jocotitlan es Pueblo con Encanto - Expresso Metropolitano\" \/>\n<meta property=\"og:description\" content=\"El presidente municipal Ivan Esquer Cruz sostuvo que este es un dia de j\u00fabilo para los que integran esta comunidad que busca mejorar sus condiciones de vida.\" \/>\n<meta property=\"og:url\" content=\"https:\/\/expressometro.mx\/index.php\/2021\/08\/30\/jocotitlan-es-pueblo-con-encanto\/\" \/>\n<meta property=\"og:site_name\" content=\"Expresso Metropolitano\" \/>\n<meta property=\"article:published_time\" content=\"2021-08-30T16:49:00+00:00\" \/>\n<meta property=\"article:modified_time\" content=\"2021-09-13T16:52:36+00:00\" \/>\n<meta property=\"og:image\" content=\"https:\/\/expressometro.mx\/wp-content\/uploads\/2021\/09\/WhatsApp-Image-2021-09-12-at-16.55.39-1.jpeg\" \/>\n\t<meta property=\"og:image:width\" content=\"1280\" \/>\n\t<meta property=\"og:image:height\" content=\"853\" \/>\n\t<meta property=\"og:image:type\" content=\"image\/jpeg\" \/>\n<meta name=\"author\" content=\"Cecilia Vega\" \/>\n<meta name=\"twitter:label1\" content=\"Escrito por\" \/>\n\t<meta name=\"twitter:data1\" content=\"Cecilia Vega\" \/>\n\t<meta name=\"twitter:label2\" content=\"Tiempo de lectura\" \/>\n\t<meta name=\"twitter:data2\" content=\"4 minutos\" \/>\n<script type=\"application\/ld+json\" class=\"yoast-schema-graph\">{\"@context\":\"https:\\\/\\\/schema.org\",\"@graph\":[{\"@type\":\"Article\",\"@id\":\"https:\\\/\\\/expressometro.mx\\\/index.php\\\/2021\\\/08\\\/30\\\/jocotitlan-es-pueblo-con-encanto\\\/#article\",\"isPartOf\":{\"@id\":\"https:\\\/\\\/expressometro.mx\\\/index.php\\\/2021\\\/08\\\/30\\\/jocotitlan-es-pueblo-con-encanto\\\/\"},\"author\":{\"name\":\"Cecilia Vega\",\"@id\":\"https:\\\/\\\/expressometro.mx\\\/#\\\/schema\\\/person\\\/67a95b8e3862085c7598f66237488f1f\"},\"headline\":\"Jocotitlan es Pueblo con Encanto\",\"datePublished\":\"2021-08-30T16:49:00+00:00\",\"dateModified\":\"2021-09-13T16:52:36+00:00\",\"mainEntityOfPage\":{\"@id\":\"https:\\\/\\\/expressometro.mx\\\/index.php\\\/2021\\\/08\\\/30\\\/jocotitlan-es-pueblo-con-encanto\\\/\"},\"wordCount\":528,\"commentCount\":0,\"publisher\":{\"@id\":\"https:\\\/\\\/expressometro.mx\\\/#organization\"},\"image\":{\"@id\":\"https:\\\/\\\/expressometro.mx\\\/index.php\\\/2021\\\/08\\\/30\\\/jocotitlan-es-pueblo-con-encanto\\\/#primaryimage\"},\"thumbnailUrl\":\"https:\\\/\\\/expressometro.mx\\\/wp-content\\\/uploads\\\/2021\\\/09\\\/WhatsApp-Image-2021-09-12-at-16.55.39-1.jpeg\",\"keywords\":[\"Iv\u00e1n Esquer\",\"Jocotitl\u00e1n\",\"Pueblo con Encanto\"],\"articleSection\":[\"Cultura\",\"Gobierno\"],\"inLanguage\":\"es\",\"potentialAction\":[{\"@type\":\"CommentAction\",\"name\":\"Comment\",\"target\":[\"https:\\\/\\\/expressometro.mx\\\/index.php\\\/2021\\\/08\\\/30\\\/jocotitlan-es-pueblo-con-encanto\\\/#respond\"]}]},{\"@type\":\"WebPage\",\"@id\":\"https:\\\/\\\/expressometro.mx\\\/index.php\\\/2021\\\/08\\\/30\\\/jocotitlan-es-pueblo-con-encanto\\\/\",\"url\":\"https:\\\/\\\/expressometro.mx\\\/index.php\\\/2021\\\/08\\\/30\\\/jocotitlan-es-pueblo-con-encanto\\\/\",\"name\":\"Jocotitlan es Pueblo con Encanto - Expresso Metropolitano\",\"isPartOf\":{\"@id\":\"https:\\\/\\\/expressometro.mx\\\/#website\"},\"primaryImageOfPage\":{\"@id\":\"https:\\\/\\\/expressometro.mx\\\/index.php\\\/2021\\\/08\\\/30\\\/jocotitlan-es-pueblo-con-encanto\\\/#primaryimage\"},\"image\":{\"@id\":\"https:\\\/\\\/expressometro.mx\\\/index.php\\\/2021\\\/08\\\/30\\\/jocotitlan-es-pueblo-con-encanto\\\/#primaryimage\"},\"thumbnailUrl\":\"https:\\\/\\\/expressometro.mx\\\/wp-content\\\/uploads\\\/2021\\\/09\\\/WhatsApp-Image-2021-09-12-at-16.55.39-1.jpeg\",\"datePublished\":\"2021-08-30T16:49:00+00:00\",\"dateModified\":\"2021-09-13T16:52:36+00:00\",\"breadcrumb\":{\"@id\":\"https:\\\/\\\/expressometro.mx\\\/index.php\\\/2021\\\/08\\\/30\\\/jocotitlan-es-pueblo-con-encanto\\\/#breadcrumb\"},\"inLanguage\":\"es\",\"potentialAction\":[{\"@type\":\"ReadAction\",\"target\":[\"https:\\\/\\\/expressometro.mx\\\/index.php\\\/2021\\\/08\\\/30\\\/jocotitlan-es-pueblo-con-encanto\\\/\"]}]},{\"@type\":\"ImageObject\",\"inLanguage\":\"es\",\"@id\":\"https:\\\/\\\/expressometro.mx\\\/index.php\\\/2021\\\/08\\\/30\\\/jocotitlan-es-pueblo-con-encanto\\\/#primaryimage\",\"url\":\"https:\\\/\\\/expressometro.mx\\\/wp-content\\\/uploads\\\/2021\\\/09\\\/WhatsApp-Image-2021-09-12-at-16.55.39-1.jpeg\",\"contentUrl\":\"https:\\\/\\\/expressometro.mx\\\/wp-content\\\/uploads\\\/2021\\\/09\\\/WhatsApp-Image-2021-09-12-at-16.55.39-1.jpeg\",\"width\":1280,\"height\":853},{\"@type\":\"BreadcrumbList\",\"@id\":\"https:\\\/\\\/expressometro.mx\\\/index.php\\\/2021\\\/08\\\/30\\\/jocotitlan-es-pueblo-con-encanto\\\/#breadcrumb\",\"itemListElement\":[{\"@type\":\"ListItem\",\"position\":1,\"name\":\"Inicio\",\"item\":\"https:\\\/\\\/expressometro.mx\\\/\"},{\"@type\":\"ListItem\",\"position\":2,\"name\":\"Jocotitlan es Pueblo con Encanto\"}]},{\"@type\":\"WebSite\",\"@id\":\"https:\\\/\\\/expressometro.mx\\\/#website\",\"url\":\"https:\\\/\\\/expressometro.mx\\\/\",\"name\":\"Expresso Metropolitano\",\"description\":\"Periodismo comprometido, informaci\u00f3n, investigaci\u00f3n y an\u00e1lisis\",\"publisher\":{\"@id\":\"https:\\\/\\\/expressometro.mx\\\/#organization\"},\"potentialAction\":[{\"@type\":\"SearchAction\",\"target\":{\"@type\":\"EntryPoint\",\"urlTemplate\":\"https:\\\/\\\/expressometro.mx\\\/?s={search_term_string}\"},\"query-input\":{\"@type\":\"PropertyValueSpecification\",\"valueRequired\":true,\"valueName\":\"search_term_string\"}}],\"inLanguage\":\"es\"},{\"@type\":\"Organization\",\"@id\":\"https:\\\/\\\/expressometro.mx\\\/#organization\",\"name\":\"Expresso Metropolitano\",\"url\":\"https:\\\/\\\/expressometro.mx\\\/\",\"logo\":{\"@type\":\"ImageObject\",\"inLanguage\":\"es\",\"@id\":\"https:\\\/\\\/expressometro.mx\\\/#\\\/schema\\\/logo\\\/image\\\/\",\"url\":\"https:\\\/\\\/expressometro.mx\\\/wp-content\\\/uploads\\\/2019\\\/07\\\/cropped-Logo-Expresso-Metropolitano-1-1.jpeg\",\"contentUrl\":\"https:\\\/\\\/expressometro.mx\\\/wp-content\\\/uploads\\\/2019\\\/07\\\/cropped-Logo-Expresso-Metropolitano-1-1.jpeg\",\"width\":290,\"height\":73,\"caption\":\"Expresso Metropolitano\"},\"image\":{\"@id\":\"https:\\\/\\\/expressometro.mx\\\/#\\\/schema\\\/logo\\\/image\\\/\"}},{\"@type\":\"Person\",\"@id\":\"https:\\\/\\\/expressometro.mx\\\/#\\\/schema\\\/person\\\/67a95b8e3862085c7598f66237488f1f\",\"name\":\"Cecilia Vega\",\"image\":{\"@type\":\"ImageObject\",\"inLanguage\":\"es\",\"@id\":\"https:\\\/\\\/secure.gravatar.com\\\/avatar\\\/13aae9944ab2ee472a9e407c9487fdbd03b049abaa559af32fe5dbcf615c981b?s=96&d=mm&r=g\",\"url\":\"https:\\\/\\\/secure.gravatar.com\\\/avatar\\\/13aae9944ab2ee472a9e407c9487fdbd03b049abaa559af32fe5dbcf615c981b?s=96&d=mm&r=g\",\"contentUrl\":\"https:\\\/\\\/secure.gravatar.com\\\/avatar\\\/13aae9944ab2ee472a9e407c9487fdbd03b049abaa559af32fe5dbcf615c981b?s=96&d=mm&r=g\",\"caption\":\"Cecilia Vega\"},\"url\":\"https:\\\/\\\/expressometro.mx\\\/index.php\\\/author\\\/cecilia-vega\\\/\"}]}<\/script>\n<!-- \/ Yoast SEO plugin. -->","yoast_head_json":{"title":"Jocotitlan es Pueblo con Encanto - Expresso Metropolitano","robots":{"index":"index","follow":"follow","max-snippet":"max-snippet:-1","max-image-preview":"max-image-preview:large","max-video-preview":"max-video-preview:-1"},"canonical":"https:\/\/expressometro.mx\/index.php\/2021\/08\/30\/jocotitlan-es-pueblo-con-encanto\/","og_locale":"es_MX","og_type":"article","og_title":"Jocotitlan es Pueblo con Encanto - Expresso Metropolitano","og_description":"El presidente municipal Ivan Esquer Cruz sostuvo que este es un dia de j\u00fabilo para los que integran esta comunidad que busca mejorar sus condiciones de vida.","og_url":"https:\/\/expressometro.mx\/index.php\/2021\/08\/30\/jocotitlan-es-pueblo-con-encanto\/","og_site_name":"Expresso Metropolitano","article_published_time":"2021-08-30T16:49:00+00:00","article_modified_time":"2021-09-13T16:52:36+00:00","og_image":[{"width":1280,"height":853,"url":"https:\/\/expressometro.mx\/wp-content\/uploads\/2021\/09\/WhatsApp-Image-2021-09-12-at-16.55.39-1.jpeg","type":"image\/jpeg"}],"author":"Cecilia Vega","twitter_misc":{"Escrito por":"Cecilia Vega","Tiempo de lectura":"4 minutos"},"schema":{"@context":"https:\/\/schema.org","@graph":[{"@type":"Article","@id":"https:\/\/expressometro.mx\/index.php\/2021\/08\/30\/jocotitlan-es-pueblo-con-encanto\/#article","isPartOf":{"@id":"https:\/\/expressometro.mx\/index.php\/2021\/08\/30\/jocotitlan-es-pueblo-con-encanto\/"},"author":{"name":"Cecilia Vega","@id":"https:\/\/expressometro.mx\/#\/schema\/person\/67a95b8e3862085c7598f66237488f1f"},"headline":"Jocotitlan es Pueblo con Encanto","datePublished":"2021-08-30T16:49:00+00:00","dateModified":"2021-09-13T16:52:36+00:00","mainEntityOfPage":{"@id":"https:\/\/expressometro.mx\/index.php\/2021\/08\/30\/jocotitlan-es-pueblo-con-encanto\/"},"wordCount":528,"commentCount":0,"publisher":{"@id":"https:\/\/expressometro.mx\/#organization"},"image":{"@id":"https:\/\/expressometro.mx\/index.php\/2021\/08\/30\/jocotitlan-es-pueblo-con-encanto\/#primaryimage"},"thumbnailUrl":"https:\/\/expressometro.mx\/wp-content\/uploads\/2021\/09\/WhatsApp-Image-2021-09-12-at-16.55.39-1.jpeg","keywords":["Iv\u00e1n Esquer","Jocotitl\u00e1n","Pueblo con Encanto"],"articleSection":["Cultura","Gobierno"],"inLanguage":"es","potentialAction":[{"@type":"CommentAction","name":"Comment","target":["https:\/\/expressometro.mx\/index.php\/2021\/08\/30\/jocotitlan-es-pueblo-con-encanto\/#respond"]}]},{"@type":"WebPage","@id":"https:\/\/expressometro.mx\/index.php\/2021\/08\/30\/jocotitlan-es-pueblo-con-encanto\/","url":"https:\/\/expressometro.mx\/index.php\/2021\/08\/30\/jocotitlan-es-pueblo-con-encanto\/","name":"Jocotitlan es Pueblo con Encanto - Expresso Metropolitano","isPartOf":{"@id":"https:\/\/expressometro.mx\/#website"},"primaryImageOfPage":{"@id":"https:\/\/expressometro.mx\/index.php\/2021\/08\/30\/jocotitlan-es-pueblo-con-encanto\/#primaryimage"},"image":{"@id":"https:\/\/expressometro.mx\/index.php\/2021\/08\/30\/jocotitlan-es-pueblo-con-encanto\/#primaryimage"},"thumbnailUrl":"https:\/\/expressometro.mx\/wp-content\/uploads\/2021\/09\/WhatsApp-Image-2021-09-12-at-16.55.39-1.jpeg","datePublished":"2021-08-30T16:49:00+00:00","dateModified":"2021-09-13T16:52:36+00:00","breadcrumb":{"@id":"https:\/\/expressometro.mx\/index.php\/2021\/08\/30\/jocotitlan-es-pueblo-con-encanto\/#breadcrumb"},"inLanguage":"es","potentialAction":[{"@type":"ReadAction","target":["https:\/\/expressometro.mx\/index.php\/2021\/08\/30\/jocotitlan-es-pueblo-con-encanto\/"]}]},{"@type":"ImageObject","inLanguage":"es","@id":"https:\/\/expressometro.mx\/index.php\/2021\/08\/30\/jocotitlan-es-pueblo-con-encanto\/#primaryimage","url":"https:\/\/expressometro.mx\/wp-content\/uploads\/2021\/09\/WhatsApp-Image-2021-09-12-at-16.55.39-1.jpeg","contentUrl":"https:\/\/expressometro.mx\/wp-content\/uploads\/2021\/09\/WhatsApp-Image-2021-09-12-at-16.55.39-1.jpeg","width":1280,"height":853},{"@type":"BreadcrumbList","@id":"https:\/\/expressometro.mx\/index.php\/2021\/08\/30\/jocotitlan-es-pueblo-con-encanto\/#breadcrumb","itemListElement":[{"@type":"ListItem","position":1,"name":"Inicio","item":"https:\/\/expressometro.mx\/"},{"@type":"ListItem","position":2,"name":"Jocotitlan es Pueblo con Encanto"}]},{"@type":"WebSite","@id":"https:\/\/expressometro.mx\/#website","url":"https:\/\/expressometro.mx\/","name":"Expresso Metropolitano","description":"Periodismo comprometido, informaci\u00f3n, investigaci\u00f3n y an\u00e1lisis","publisher":{"@id":"https:\/\/expressometro.mx\/#organization"},"potentialAction":[{"@type":"SearchAction","target":{"@type":"EntryPoint","urlTemplate":"https:\/\/expressometro.mx\/?s={search_term_string}"},"query-input":{"@type":"PropertyValueSpecification","valueRequired":true,"valueName":"search_term_string"}}],"inLanguage":"es"},{"@type":"Organization","@id":"https:\/\/expressometro.mx\/#organization","name":"Expresso Metropolitano","url":"https:\/\/expressometro.mx\/","logo":{"@type":"ImageObject","inLanguage":"es","@id":"https:\/\/expressometro.mx\/#\/schema\/logo\/image\/","url":"https:\/\/expressometro.mx\/wp-content\/uploads\/2019\/07\/cropped-Logo-Expresso-Metropolitano-1-1.jpeg","contentUrl":"https:\/\/expressometro.mx\/wp-content\/uploads\/2019\/07\/cropped-Logo-Expresso-Metropolitano-1-1.jpeg","width":290,"height":73,"caption":"Expresso Metropolitano"},"image":{"@id":"https:\/\/expressometro.mx\/#\/schema\/logo\/image\/"}},{"@type":"Person","@id":"https:\/\/expressometro.mx\/#\/schema\/person\/67a95b8e3862085c7598f66237488f1f","name":"Cecilia Vega","image":{"@type":"ImageObject","inLanguage":"es","@id":"https:\/\/secure.gravatar.com\/avatar\/13aae9944ab2ee472a9e407c9487fdbd03b049abaa559af32fe5dbcf615c981b?s=96&d=mm&r=g","url":"https:\/\/secure.gravatar.com\/avatar\/13aae9944ab2ee472a9e407c9487fdbd03b049abaa559af32fe5dbcf615c981b?s=96&d=mm&r=g","contentUrl":"https:\/\/secure.gravatar.com\/avatar\/13aae9944ab2ee472a9e407c9487fdbd03b049abaa559af32fe5dbcf615c981b?s=96&d=mm&r=g","caption":"Cecilia Vega"},"url":"https:\/\/expressometro.mx\/index.php\/author\/cecilia-vega\/"}]}},"amp_enabled":true,"_links":{"self":[{"href":"https:\/\/expressometro.mx\/index.php\/wp-json\/wp\/v2\/posts\/3463","targetHints":{"allow":["GET"]}}],"collection":[{"href":"https:\/\/expressometro.mx\/index.php\/wp-json\/wp\/v2\/posts"}],"about":[{"href":"https:\/\/expressometro.mx\/index.php\/wp-json\/wp\/v2\/types\/post"}],"author":[{"embeddable":true,"href":"https:\/\/expressometro.mx\/index.php\/wp-json\/wp\/v2\/users\/2"}],"replies":[{"embeddable":true,"href":"https:\/\/expressometro.mx\/index.php\/wp-json\/wp\/v2\/comments?post=3463"}],"version-history":[{"count":1,"href":"https:\/\/expressometro.mx\/index.php\/wp-json\/wp\/v2\/posts\/3463\/revisions"}],"predecessor-version":[{"id":3473,"href":"https:\/\/expressometro.mx\/index.php\/wp-json\/wp\/v2\/posts\/3463\/revisions\/3473"}],"wp:featuredmedia":[{"embeddable":true,"href":"https:\/\/expressometro.mx\/index.php\/wp-json\/wp\/v2\/media\/3464"}],"wp:attachment":[{"href":"https:\/\/expressometro.mx\/index.php\/wp-json\/wp\/v2\/media?parent=3463"}],"wp:term":[{"taxonomy":"category","embeddable":true,"href":"https:\/\/expressometro.mx\/index.php\/wp-json\/wp\/v2\/categories?post=3463"},{"taxonomy":"post_tag","embeddable":true,"href":"https:\/\/expressometro.mx\/index.php\/wp-json\/wp\/v2\/tags?post=3463"}],"curies":[{"name":"wp","href":"https:\/\/api.w.org\/{rel}","templated":true}]}}