{"id":3455,"date":"2021-08-18T10:56:52","date_gmt":"2021-08-18T15:56:52","guid":{"rendered":"http:\/\/expressometro.mx\/?p=3455"},"modified":"2021-08-18T10:56:54","modified_gmt":"2021-08-18T15:56:54","slug":"dispone-uaem-de-procedimiento-para-la-denuncia-de-violencia-de-genero","status":"publish","type":"post","link":"https:\/\/expressometro.mx\/index.php\/2021\/08\/18\/dispone-uaem-de-procedimiento-para-la-denuncia-de-violencia-de-genero\/","title":{"rendered":"Dispone UAEM de procedimiento para la denuncia de violencia de g\u00e9nero"},"content":{"rendered":"\n<p>Toluca, M\u00e9x. 18 de agosto de 2021. Con la finalidad de orientar y brindar acompa\u00f1amiento a quienes refieran haber sido v\u00edctimas de violencia de g\u00e9nero, la oficina de la Abogada General de la Universidad Aut\u00f3noma del Estado de M\u00e9xico (UAEM) dispone de un procedimiento para formalizar la presentaci\u00f3n de quejas y denuncias.<\/p>\n\n\n\n<p>Las modalidades que ofrece la Aut\u00f3noma mexiquense para presentar las denuncias o quejas son a trav\u00e9s de un escrito libre, v\u00eda electr\u00f3nica \u2013por medio de los correos del espacio acad\u00e9mico correspondiente o a la direcci\u00f3n: dresponsabilidadu@uaemex.mx \u2013 y tambi\u00e9n de manera verbal. Todas las quejas y denuncias que se efect\u00faen v\u00eda electr\u00f3nica deber\u00e1n ratificarse ante la autoridad correspondiente para darle tr\u00e1mite.<\/p>\n\n\n\n<p><br>La Administraci\u00f3n Universitaria 2021-2025 est\u00e1 determinada a prevenir, atender y sancionar los casos de violencia de g\u00e9nero, bajo la premisa de cero tolerancia a este tipo de conductas y convoca a la comunidad universitaria a presentar de manera formal las quejas o denuncias, con la confianza de que el procedimiento se sustanciar\u00e1 respetando el debido proceso y con una resoluci\u00f3n apegada a la legislaci\u00f3n universitaria.<\/p>\n\n\n\n<p><br>Para presentar una queja o denuncia deber\u00e1n cubrirse como m\u00ednimo requisitos como: nombre de la persona quejosa o denunciante, domicilio o correo electr\u00f3nico institucional para recibir las notificaciones correspondientes, nombre de la persona presunta responsable y hechos en que se funde la queja narr\u00e1ndolos sucintamente con claridad y precisi\u00f3n refiriendo tiempo, modo, lugar o forma en que sucedieron los acontecimientos. En caso de tener pruebas, anexarlas y contar con la firma aut\u00f3grafa de la persona que la presenta.<\/p>\n\n\n\n<p><br>Ante dudas o aclaraciones, est\u00e1 abierta la l\u00ednea telef\u00f3nica 722 4 81 18 06 extensiones: 19700 y 19714, o bien, acudir personalmente a la Oficina de la Abogada General, ubicada en el 7mo. Piso del Edificio Uaemitas, en la calle Leona Vicario No.201, C.P.50090, Toluca, Estado de M\u00e9xico.<\/p>\n","protected":false},"excerpt":{"rendered":"<p>A trav\u00e9s de la Direcci\u00f3n de Responsabilidad Universitaria se podr\u00e1n interponer quejas relacionadas con conductas graves como el acoso y el hostigamiento sexual, y al acreditarse plenamente la responsabilidad de la persona involucrada, se podr\u00e1 imponer como sanci\u00f3n desde una inhabilitaci\u00f3n temporal hasta la destituci\u00f3n.<\/p>\n","protected":false},"author":2,"featured_media":3457,"comment_status":"open","ping_status":"open","sticky":false,"template":"","format":"standard","meta":{"footnotes":""},"categories":[108,6],"tags":[82,358],"class_list":["post-3455","post","type-post","status-publish","format-standard","has-post-thumbnail","hentry","category-educacion","category-seguridad","tag-uaemex","tag-violencia-de-genero"],"yoast_head":"<!-- This site is optimized with the Yoast SEO plugin v27.5 - https:\/\/yoast.com\/product\/yoast-seo-wordpress\/ -->\n<title>Dispone UAEM de procedimiento para la denuncia de violencia de g\u00e9nero - Expresso Metropolitano<\/title>\n<meta name=\"robots\" content=\"index, follow, max-snippet:-1, max-image-preview:large, max-video-preview:-1\" \/>\n<link rel=\"canonical\" href=\"https:\/\/expressometro.mx\/index.php\/2021\/08\/18\/dispone-uaem-de-procedimiento-para-la-denuncia-de-violencia-de-genero\/\" \/>\n<meta property=\"og:locale\" content=\"es_MX\" \/>\n<meta property=\"og:type\" content=\"article\" \/>\n<meta property=\"og:title\" content=\"Dispone UAEM de procedimiento para la denuncia de violencia de g\u00e9nero - Expresso Metropolitano\" \/>\n<meta property=\"og:description\" content=\"A trav\u00e9s de la Direcci\u00f3n de Responsabilidad Universitaria se podr\u00e1n interponer quejas relacionadas con conductas graves como el acoso y el hostigamiento sexual, y al acreditarse plenamente la responsabilidad de la persona involucrada, se podr\u00e1 imponer como sanci\u00f3n desde una inhabilitaci\u00f3n temporal hasta la destituci\u00f3n.\" \/>\n<meta property=\"og:url\" content=\"https:\/\/expressometro.mx\/index.php\/2021\/08\/18\/dispone-uaem-de-procedimiento-para-la-denuncia-de-violencia-de-genero\/\" \/>\n<meta property=\"og:site_name\" content=\"Expresso Metropolitano\" \/>\n<meta property=\"article:published_time\" content=\"2021-08-18T15:56:52+00:00\" \/>\n<meta property=\"article:modified_time\" content=\"2021-08-18T15:56:54+00:00\" \/>\n<meta property=\"og:image\" content=\"https:\/\/expressometro.mx\/wp-content\/uploads\/2021\/08\/WhatsApp-Image-2021-08-18-at-08.45.48.jpeg\" \/>\n\t<meta property=\"og:image:width\" content=\"1042\" \/>\n\t<meta property=\"og:image:height\" content=\"1280\" \/>\n\t<meta property=\"og:image:type\" content=\"image\/jpeg\" \/>\n<meta name=\"author\" content=\"Cecilia Vega\" \/>\n<meta name=\"twitter:label1\" content=\"Escrito por\" \/>\n\t<meta name=\"twitter:data1\" content=\"Cecilia Vega\" \/>\n\t<meta name=\"twitter:label2\" content=\"Tiempo de lectura\" \/>\n\t<meta name=\"twitter:data2\" content=\"2 minutos\" \/>\n<script type=\"application\/ld+json\" class=\"yoast-schema-graph\">{\"@context\":\"https:\\\/\\\/schema.org\",\"@graph\":[{\"@type\":\"Article\",\"@id\":\"https:\\\/\\\/expressometro.mx\\\/index.php\\\/2021\\\/08\\\/18\\\/dispone-uaem-de-procedimiento-para-la-denuncia-de-violencia-de-genero\\\/#article\",\"isPartOf\":{\"@id\":\"https:\\\/\\\/expressometro.mx\\\/index.php\\\/2021\\\/08\\\/18\\\/dispone-uaem-de-procedimiento-para-la-denuncia-de-violencia-de-genero\\\/\"},\"author\":{\"name\":\"Cecilia Vega\",\"@id\":\"https:\\\/\\\/expressometro.mx\\\/#\\\/schema\\\/person\\\/67a95b8e3862085c7598f66237488f1f\"},\"headline\":\"Dispone UAEM de procedimiento para la denuncia de violencia de g\u00e9nero\",\"datePublished\":\"2021-08-18T15:56:52+00:00\",\"dateModified\":\"2021-08-18T15:56:54+00:00\",\"mainEntityOfPage\":{\"@id\":\"https:\\\/\\\/expressometro.mx\\\/index.php\\\/2021\\\/08\\\/18\\\/dispone-uaem-de-procedimiento-para-la-denuncia-de-violencia-de-genero\\\/\"},\"wordCount\":341,\"commentCount\":0,\"publisher\":{\"@id\":\"https:\\\/\\\/expressometro.mx\\\/#organization\"},\"image\":{\"@id\":\"https:\\\/\\\/expressometro.mx\\\/index.php\\\/2021\\\/08\\\/18\\\/dispone-uaem-de-procedimiento-para-la-denuncia-de-violencia-de-genero\\\/#primaryimage\"},\"thumbnailUrl\":\"https:\\\/\\\/expressometro.mx\\\/wp-content\\\/uploads\\\/2021\\\/08\\\/WhatsApp-Image-2021-08-18-at-08.45.48.jpeg\",\"keywords\":[\"UAEMex\",\"Violencia de g\u00e9nero\"],\"articleSection\":[\"Educaci\u00f3n\",\"Seguridad\"],\"inLanguage\":\"es\",\"potentialAction\":[{\"@type\":\"CommentAction\",\"name\":\"Comment\",\"target\":[\"https:\\\/\\\/expressometro.mx\\\/index.php\\\/2021\\\/08\\\/18\\\/dispone-uaem-de-procedimiento-para-la-denuncia-de-violencia-de-genero\\\/#respond\"]}]},{\"@type\":\"WebPage\",\"@id\":\"https:\\\/\\\/expressometro.mx\\\/index.php\\\/2021\\\/08\\\/18\\\/dispone-uaem-de-procedimiento-para-la-denuncia-de-violencia-de-genero\\\/\",\"url\":\"https:\\\/\\\/expressometro.mx\\\/index.php\\\/2021\\\/08\\\/18\\\/dispone-uaem-de-procedimiento-para-la-denuncia-de-violencia-de-genero\\\/\",\"name\":\"Dispone UAEM de procedimiento para la denuncia de violencia de g\u00e9nero - Expresso Metropolitano\",\"isPartOf\":{\"@id\":\"https:\\\/\\\/expressometro.mx\\\/#website\"},\"primaryImageOfPage\":{\"@id\":\"https:\\\/\\\/expressometro.mx\\\/index.php\\\/2021\\\/08\\\/18\\\/dispone-uaem-de-procedimiento-para-la-denuncia-de-violencia-de-genero\\\/#primaryimage\"},\"image\":{\"@id\":\"https:\\\/\\\/expressometro.mx\\\/index.php\\\/2021\\\/08\\\/18\\\/dispone-uaem-de-procedimiento-para-la-denuncia-de-violencia-de-genero\\\/#primaryimage\"},\"thumbnailUrl\":\"https:\\\/\\\/expressometro.mx\\\/wp-content\\\/uploads\\\/2021\\\/08\\\/WhatsApp-Image-2021-08-18-at-08.45.48.jpeg\",\"datePublished\":\"2021-08-18T15:56:52+00:00\",\"dateModified\":\"2021-08-18T15:56:54+00:00\",\"breadcrumb\":{\"@id\":\"https:\\\/\\\/expressometro.mx\\\/index.php\\\/2021\\\/08\\\/18\\\/dispone-uaem-de-procedimiento-para-la-denuncia-de-violencia-de-genero\\\/#breadcrumb\"},\"inLanguage\":\"es\",\"potentialAction\":[{\"@type\":\"ReadAction\",\"target\":[\"https:\\\/\\\/expressometro.mx\\\/index.php\\\/2021\\\/08\\\/18\\\/dispone-uaem-de-procedimiento-para-la-denuncia-de-violencia-de-genero\\\/\"]}]},{\"@type\":\"ImageObject\",\"inLanguage\":\"es\",\"@id\":\"https:\\\/\\\/expressometro.mx\\\/index.php\\\/2021\\\/08\\\/18\\\/dispone-uaem-de-procedimiento-para-la-denuncia-de-violencia-de-genero\\\/#primaryimage\",\"url\":\"https:\\\/\\\/expressometro.mx\\\/wp-content\\\/uploads\\\/2021\\\/08\\\/WhatsApp-Image-2021-08-18-at-08.45.48.jpeg\",\"contentUrl\":\"https:\\\/\\\/expressometro.mx\\\/wp-content\\\/uploads\\\/2021\\\/08\\\/WhatsApp-Image-2021-08-18-at-08.45.48.jpeg\",\"width\":1042,\"height\":1280},{\"@type\":\"BreadcrumbList\",\"@id\":\"https:\\\/\\\/expressometro.mx\\\/index.php\\\/2021\\\/08\\\/18\\\/dispone-uaem-de-procedimiento-para-la-denuncia-de-violencia-de-genero\\\/#breadcrumb\",\"itemListElement\":[{\"@type\":\"ListItem\",\"position\":1,\"name\":\"Inicio\",\"item\":\"https:\\\/\\\/expressometro.mx\\\/\"},{\"@type\":\"ListItem\",\"position\":2,\"name\":\"Dispone UAEM de procedimiento para la denuncia de violencia de g\u00e9nero\"}]},{\"@type\":\"WebSite\",\"@id\":\"https:\\\/\\\/expressometro.mx\\\/#website\",\"url\":\"https:\\\/\\\/expressometro.mx\\\/\",\"name\":\"Expresso Metropolitano\",\"description\":\"Periodismo comprometido, informaci\u00f3n, investigaci\u00f3n y an\u00e1lisis\",\"publisher\":{\"@id\":\"https:\\\/\\\/expressometro.mx\\\/#organization\"},\"potentialAction\":[{\"@type\":\"SearchAction\",\"target\":{\"@type\":\"EntryPoint\",\"urlTemplate\":\"https:\\\/\\\/expressometro.mx\\\/?s={search_term_string}\"},\"query-input\":{\"@type\":\"PropertyValueSpecification\",\"valueRequired\":true,\"valueName\":\"search_term_string\"}}],\"inLanguage\":\"es\"},{\"@type\":\"Organization\",\"@id\":\"https:\\\/\\\/expressometro.mx\\\/#organization\",\"name\":\"Expresso Metropolitano\",\"url\":\"https:\\\/\\\/expressometro.mx\\\/\",\"logo\":{\"@type\":\"ImageObject\",\"inLanguage\":\"es\",\"@id\":\"https:\\\/\\\/expressometro.mx\\\/#\\\/schema\\\/logo\\\/image\\\/\",\"url\":\"https:\\\/\\\/expressometro.mx\\\/wp-content\\\/uploads\\\/2019\\\/07\\\/cropped-Logo-Expresso-Metropolitano-1-1.jpeg\",\"contentUrl\":\"https:\\\/\\\/expressometro.mx\\\/wp-content\\\/uploads\\\/2019\\\/07\\\/cropped-Logo-Expresso-Metropolitano-1-1.jpeg\",\"width\":290,\"height\":73,\"caption\":\"Expresso Metropolitano\"},\"image\":{\"@id\":\"https:\\\/\\\/expressometro.mx\\\/#\\\/schema\\\/logo\\\/image\\\/\"}},{\"@type\":\"Person\",\"@id\":\"https:\\\/\\\/expressometro.mx\\\/#\\\/schema\\\/person\\\/67a95b8e3862085c7598f66237488f1f\",\"name\":\"Cecilia Vega\",\"image\":{\"@type\":\"ImageObject\",\"inLanguage\":\"es\",\"@id\":\"https:\\\/\\\/secure.gravatar.com\\\/avatar\\\/13aae9944ab2ee472a9e407c9487fdbd03b049abaa559af32fe5dbcf615c981b?s=96&d=mm&r=g\",\"url\":\"https:\\\/\\\/secure.gravatar.com\\\/avatar\\\/13aae9944ab2ee472a9e407c9487fdbd03b049abaa559af32fe5dbcf615c981b?s=96&d=mm&r=g\",\"contentUrl\":\"https:\\\/\\\/secure.gravatar.com\\\/avatar\\\/13aae9944ab2ee472a9e407c9487fdbd03b049abaa559af32fe5dbcf615c981b?s=96&d=mm&r=g\",\"caption\":\"Cecilia Vega\"},\"url\":\"https:\\\/\\\/expressometro.mx\\\/index.php\\\/author\\\/cecilia-vega\\\/\"}]}<\/script>\n<!-- \/ Yoast SEO plugin. -->","yoast_head_json":{"title":"Dispone UAEM de procedimiento para la denuncia de violencia de g\u00e9nero - Expresso Metropolitano","robots":{"index":"index","follow":"follow","max-snippet":"max-snippet:-1","max-image-preview":"max-image-preview:large","max-video-preview":"max-video-preview:-1"},"canonical":"https:\/\/expressometro.mx\/index.php\/2021\/08\/18\/dispone-uaem-de-procedimiento-para-la-denuncia-de-violencia-de-genero\/","og_locale":"es_MX","og_type":"article","og_title":"Dispone UAEM de procedimiento para la denuncia de violencia de g\u00e9nero - Expresso Metropolitano","og_description":"A trav\u00e9s de la Direcci\u00f3n de Responsabilidad Universitaria se podr\u00e1n interponer quejas relacionadas con conductas graves como el acoso y el hostigamiento sexual, y al acreditarse plenamente la responsabilidad de la persona involucrada, se podr\u00e1 imponer como sanci\u00f3n desde una inhabilitaci\u00f3n temporal hasta la destituci\u00f3n.","og_url":"https:\/\/expressometro.mx\/index.php\/2021\/08\/18\/dispone-uaem-de-procedimiento-para-la-denuncia-de-violencia-de-genero\/","og_site_name":"Expresso Metropolitano","article_published_time":"2021-08-18T15:56:52+00:00","article_modified_time":"2021-08-18T15:56:54+00:00","og_image":[{"width":1042,"height":1280,"url":"https:\/\/expressometro.mx\/wp-content\/uploads\/2021\/08\/WhatsApp-Image-2021-08-18-at-08.45.48.jpeg","type":"image\/jpeg"}],"author":"Cecilia Vega","twitter_misc":{"Escrito por":"Cecilia Vega","Tiempo de lectura":"2 minutos"},"schema":{"@context":"https:\/\/schema.org","@graph":[{"@type":"Article","@id":"https:\/\/expressometro.mx\/index.php\/2021\/08\/18\/dispone-uaem-de-procedimiento-para-la-denuncia-de-violencia-de-genero\/#article","isPartOf":{"@id":"https:\/\/expressometro.mx\/index.php\/2021\/08\/18\/dispone-uaem-de-procedimiento-para-la-denuncia-de-violencia-de-genero\/"},"author":{"name":"Cecilia Vega","@id":"https:\/\/expressometro.mx\/#\/schema\/person\/67a95b8e3862085c7598f66237488f1f"},"headline":"Dispone UAEM de procedimiento para la denuncia de violencia de g\u00e9nero","datePublished":"2021-08-18T15:56:52+00:00","dateModified":"2021-08-18T15:56:54+00:00","mainEntityOfPage":{"@id":"https:\/\/expressometro.mx\/index.php\/2021\/08\/18\/dispone-uaem-de-procedimiento-para-la-denuncia-de-violencia-de-genero\/"},"wordCount":341,"commentCount":0,"publisher":{"@id":"https:\/\/expressometro.mx\/#organization"},"image":{"@id":"https:\/\/expressometro.mx\/index.php\/2021\/08\/18\/dispone-uaem-de-procedimiento-para-la-denuncia-de-violencia-de-genero\/#primaryimage"},"thumbnailUrl":"https:\/\/expressometro.mx\/wp-content\/uploads\/2021\/08\/WhatsApp-Image-2021-08-18-at-08.45.48.jpeg","keywords":["UAEMex","Violencia de g\u00e9nero"],"articleSection":["Educaci\u00f3n","Seguridad"],"inLanguage":"es","potentialAction":[{"@type":"CommentAction","name":"Comment","target":["https:\/\/expressometro.mx\/index.php\/2021\/08\/18\/dispone-uaem-de-procedimiento-para-la-denuncia-de-violencia-de-genero\/#respond"]}]},{"@type":"WebPage","@id":"https:\/\/expressometro.mx\/index.php\/2021\/08\/18\/dispone-uaem-de-procedimiento-para-la-denuncia-de-violencia-de-genero\/","url":"https:\/\/expressometro.mx\/index.php\/2021\/08\/18\/dispone-uaem-de-procedimiento-para-la-denuncia-de-violencia-de-genero\/","name":"Dispone UAEM de procedimiento para la denuncia de violencia de g\u00e9nero - Expresso Metropolitano","isPartOf":{"@id":"https:\/\/expressometro.mx\/#website"},"primaryImageOfPage":{"@id":"https:\/\/expressometro.mx\/index.php\/2021\/08\/18\/dispone-uaem-de-procedimiento-para-la-denuncia-de-violencia-de-genero\/#primaryimage"},"image":{"@id":"https:\/\/expressometro.mx\/index.php\/2021\/08\/18\/dispone-uaem-de-procedimiento-para-la-denuncia-de-violencia-de-genero\/#primaryimage"},"thumbnailUrl":"https:\/\/expressometro.mx\/wp-content\/uploads\/2021\/08\/WhatsApp-Image-2021-08-18-at-08.45.48.jpeg","datePublished":"2021-08-18T15:56:52+00:00","dateModified":"2021-08-18T15:56:54+00:00","breadcrumb":{"@id":"https:\/\/expressometro.mx\/index.php\/2021\/08\/18\/dispone-uaem-de-procedimiento-para-la-denuncia-de-violencia-de-genero\/#breadcrumb"},"inLanguage":"es","potentialAction":[{"@type":"ReadAction","target":["https:\/\/expressometro.mx\/index.php\/2021\/08\/18\/dispone-uaem-de-procedimiento-para-la-denuncia-de-violencia-de-genero\/"]}]},{"@type":"ImageObject","inLanguage":"es","@id":"https:\/\/expressometro.mx\/index.php\/2021\/08\/18\/dispone-uaem-de-procedimiento-para-la-denuncia-de-violencia-de-genero\/#primaryimage","url":"https:\/\/expressometro.mx\/wp-content\/uploads\/2021\/08\/WhatsApp-Image-2021-08-18-at-08.45.48.jpeg","contentUrl":"https:\/\/expressometro.mx\/wp-content\/uploads\/2021\/08\/WhatsApp-Image-2021-08-18-at-08.45.48.jpeg","width":1042,"height":1280},{"@type":"BreadcrumbList","@id":"https:\/\/expressometro.mx\/index.php\/2021\/08\/18\/dispone-uaem-de-procedimiento-para-la-denuncia-de-violencia-de-genero\/#breadcrumb","itemListElement":[{"@type":"ListItem","position":1,"name":"Inicio","item":"https:\/\/expressometro.mx\/"},{"@type":"ListItem","position":2,"name":"Dispone UAEM de procedimiento para la denuncia de violencia de g\u00e9nero"}]},{"@type":"WebSite","@id":"https:\/\/expressometro.mx\/#website","url":"https:\/\/expressometro.mx\/","name":"Expresso Metropolitano","description":"Periodismo comprometido, informaci\u00f3n, investigaci\u00f3n y an\u00e1lisis","publisher":{"@id":"https:\/\/expressometro.mx\/#organization"},"potentialAction":[{"@type":"SearchAction","target":{"@type":"EntryPoint","urlTemplate":"https:\/\/expressometro.mx\/?s={search_term_string}"},"query-input":{"@type":"PropertyValueSpecification","valueRequired":true,"valueName":"search_term_string"}}],"inLanguage":"es"},{"@type":"Organization","@id":"https:\/\/expressometro.mx\/#organization","name":"Expresso Metropolitano","url":"https:\/\/expressometro.mx\/","logo":{"@type":"ImageObject","inLanguage":"es","@id":"https:\/\/expressometro.mx\/#\/schema\/logo\/image\/","url":"https:\/\/expressometro.mx\/wp-content\/uploads\/2019\/07\/cropped-Logo-Expresso-Metropolitano-1-1.jpeg","contentUrl":"https:\/\/expressometro.mx\/wp-content\/uploads\/2019\/07\/cropped-Logo-Expresso-Metropolitano-1-1.jpeg","width":290,"height":73,"caption":"Expresso Metropolitano"},"image":{"@id":"https:\/\/expressometro.mx\/#\/schema\/logo\/image\/"}},{"@type":"Person","@id":"https:\/\/expressometro.mx\/#\/schema\/person\/67a95b8e3862085c7598f66237488f1f","name":"Cecilia Vega","image":{"@type":"ImageObject","inLanguage":"es","@id":"https:\/\/secure.gravatar.com\/avatar\/13aae9944ab2ee472a9e407c9487fdbd03b049abaa559af32fe5dbcf615c981b?s=96&d=mm&r=g","url":"https:\/\/secure.gravatar.com\/avatar\/13aae9944ab2ee472a9e407c9487fdbd03b049abaa559af32fe5dbcf615c981b?s=96&d=mm&r=g","contentUrl":"https:\/\/secure.gravatar.com\/avatar\/13aae9944ab2ee472a9e407c9487fdbd03b049abaa559af32fe5dbcf615c981b?s=96&d=mm&r=g","caption":"Cecilia Vega"},"url":"https:\/\/expressometro.mx\/index.php\/author\/cecilia-vega\/"}]}},"amp_enabled":true,"_links":{"self":[{"href":"https:\/\/expressometro.mx\/index.php\/wp-json\/wp\/v2\/posts\/3455","targetHints":{"allow":["GET"]}}],"collection":[{"href":"https:\/\/expressometro.mx\/index.php\/wp-json\/wp\/v2\/posts"}],"about":[{"href":"https:\/\/expressometro.mx\/index.php\/wp-json\/wp\/v2\/types\/post"}],"author":[{"embeddable":true,"href":"https:\/\/expressometro.mx\/index.php\/wp-json\/wp\/v2\/users\/2"}],"replies":[{"embeddable":true,"href":"https:\/\/expressometro.mx\/index.php\/wp-json\/wp\/v2\/comments?post=3455"}],"version-history":[{"count":1,"href":"https:\/\/expressometro.mx\/index.php\/wp-json\/wp\/v2\/posts\/3455\/revisions"}],"predecessor-version":[{"id":3458,"href":"https:\/\/expressometro.mx\/index.php\/wp-json\/wp\/v2\/posts\/3455\/revisions\/3458"}],"wp:featuredmedia":[{"embeddable":true,"href":"https:\/\/expressometro.mx\/index.php\/wp-json\/wp\/v2\/media\/3457"}],"wp:attachment":[{"href":"https:\/\/expressometro.mx\/index.php\/wp-json\/wp\/v2\/media?parent=3455"}],"wp:term":[{"taxonomy":"category","embeddable":true,"href":"https:\/\/expressometro.mx\/index.php\/wp-json\/wp\/v2\/categories?post=3455"},{"taxonomy":"post_tag","embeddable":true,"href":"https:\/\/expressometro.mx\/index.php\/wp-json\/wp\/v2\/tags?post=3455"}],"curies":[{"name":"wp","href":"https:\/\/api.w.org\/{rel}","templated":true}]}}