{"id":3441,"date":"2021-07-25T12:46:00","date_gmt":"2021-07-25T17:46:00","guid":{"rendered":"http:\/\/expressometro.mx\/?p=3441"},"modified":"2021-07-27T12:56:52","modified_gmt":"2021-07-27T17:56:52","slug":"reducen-aforo-en-verificentros-del-edomex","status":"publish","type":"post","link":"https:\/\/expressometro.mx\/index.php\/2021\/07\/25\/reducen-aforo-en-verificentros-del-edomex\/","title":{"rendered":"REDUCEN AFORO EN VERIFICENTROS DEL EDOM\u00c9X"},"content":{"rendered":"\n<p>Metepec, Estado de M\u00e9xico, 25 de julio de 2021. A partir del lunes 26 de julio del a\u00f1o en curso, en atenci\u00f3n a las recomendaciones sanitarias para evitar y reducir los contagios del Virus SARS-CoV2 (COVID-19), y en cumplimiento al acuerdo del 23 de julio de 2021 publicado en la Gaceta de Gobierno del Estado de M\u00e9xico, los Centros de Verificaci\u00f3n del Estado de M\u00e9xico disminuir\u00e1n su aforo en sus instalaciones, pasando de un promedio de ocho a seis veh\u00edculos atendidos por hora en cada l\u00ednea de verificaci\u00f3n.<\/p>\n\n\n\n<p>As\u00ed lo dio a conocer la Secretar\u00eda del Medio Ambiente (SMA), a trav\u00e9s de la Direcci\u00f3n General de Prevenci\u00f3n y Control de la Contaminaci\u00f3n Atmosf\u00e9rica (DGPCCA).<\/p>\n\n\n\n<p>En ese sentido, las citas que hayan sido agendadas con anterioridad ser\u00e1n atendidas de manera regular; sin embargo, a partir del lunes 26 de julio surtir\u00e1n efecto los cambios antes mencionados en la concertaci\u00f3n de citas para prevenir las aglomeraciones y reducir los riesgos de contagio.<\/p>\n\n\n\n<p>El calendario de verificaci\u00f3n vehicular permanecer\u00e1 sin modificaciones, por lo que se invita a los ciudadanos a continuar dando cumplimento a los plazos establecidos en el Programa de Verificaci\u00f3n Vehicular Obligatorio para el segundo semestre de 2021.<\/p>\n\n\n\n<p>Los autom\u00f3viles con terminaci\u00f3n de placas 5 o 6 deber\u00e1n realizar la verificaci\u00f3n vehicular durante los meses de julio y agosto, teniendo como fecha l\u00edmite el 31 de agosto de 2021. La terminaci\u00f3n 7 u 8, cuenta con los meses de agosto y septiembre para verificar con fecha l\u00edmite al 30 de septiembre de 2021.<\/p>\n\n\n\n<p>En el caso de la terminaci\u00f3n de placas 3 o 4, el ciudadano debe realizar la verificaci\u00f3n del 1 de septiembre al 31 de octubre de 2021; para la terminaci\u00f3n de placas 1 o 2, el plazo corre del 1 de octubre y hasta el 30 de noviembre. Para la terminaci\u00f3n de placas 9 o 0 podr\u00e1n verificar del 1 de noviembre al 31 de diciembre de 2021.<\/p>\n\n\n\n<p>La Secretar\u00eda del Medio Ambiente hace un llamado a la poblaci\u00f3n para continuar con las medidas sanitarias como portar en todo momento el cubrebocas, mantener la sana distancia, el uso continuo de gel antibacterial, asistencia de una sola persona a realizar el tr\u00e1mite y seguir las indicaciones del personal asignado por el Verificentro.<\/p>\n\n\n\n<p>Para mayor informaci\u00f3n, la DGPCCA pone a disposici\u00f3n de la ciudadan\u00eda el correo electr\u00f3nico atnpublico@smagem.net , los tel\u00e9fonos 55-5366-8267 y 722-238-2268 en un horario de 9:00 a 18:00 horas, de lunes a viernes, as\u00ed como las redes sociales en Twitter @DGPCCA_Edomex y en Facebook @DGPCCA.Edomex de la Direcci\u00f3n General de Prevenci\u00f3n y Control de la Contaminaci\u00f3n Atmosf\u00e9rica.<\/p>\n\n\n\n<figure class=\"wp-block-gallery columns-3 is-cropped wp-block-gallery-1 is-layout-flex wp-block-gallery-is-layout-flex\"><ul class=\"blocks-gallery-grid\"><li class=\"blocks-gallery-item\"><figure><img decoding=\"async\" width=\"715\" height=\"480\" src=\"http:\/\/expressometro.mx\/wp-content\/uploads\/2021\/07\/WhatsApp-Image-2021-07-25-at-12.03.22-715x480.jpeg\" alt=\"\" data-id=\"3444\" data-link=\"http:\/\/expressometro.mx\/?attachment_id=3444\" class=\"wp-image-3444\" srcset=\"https:\/\/expressometro.mx\/wp-content\/uploads\/2021\/07\/WhatsApp-Image-2021-07-25-at-12.03.22-715x480.jpeg 715w, https:\/\/expressometro.mx\/wp-content\/uploads\/2021\/07\/WhatsApp-Image-2021-07-25-at-12.03.22-544x365.jpeg 544w, https:\/\/expressometro.mx\/wp-content\/uploads\/2021\/07\/WhatsApp-Image-2021-07-25-at-12.03.22-768x515.jpeg 768w, https:\/\/expressometro.mx\/wp-content\/uploads\/2021\/07\/WhatsApp-Image-2021-07-25-at-12.03.22.jpeg 1280w\" sizes=\"(max-width: 715px) 100vw, 715px\" \/><\/figure><\/li><li class=\"blocks-gallery-item\"><figure><img decoding=\"async\" width=\"720\" height=\"480\" src=\"http:\/\/expressometro.mx\/wp-content\/uploads\/2021\/07\/WhatsApp-Image-2021-07-25-at-12.03.23-720x480.jpeg\" alt=\"\" data-id=\"3445\" data-link=\"http:\/\/expressometro.mx\/?attachment_id=3445\" class=\"wp-image-3445\" srcset=\"https:\/\/expressometro.mx\/wp-content\/uploads\/2021\/07\/WhatsApp-Image-2021-07-25-at-12.03.23-720x480.jpeg 720w, https:\/\/expressometro.mx\/wp-content\/uploads\/2021\/07\/WhatsApp-Image-2021-07-25-at-12.03.23-548x365.jpeg 548w, https:\/\/expressometro.mx\/wp-content\/uploads\/2021\/07\/WhatsApp-Image-2021-07-25-at-12.03.23-768x512.jpeg 768w, https:\/\/expressometro.mx\/wp-content\/uploads\/2021\/07\/WhatsApp-Image-2021-07-25-at-12.03.23.jpeg 1280w\" sizes=\"(max-width: 720px) 100vw, 720px\" \/><\/figure><\/li><li class=\"blocks-gallery-item\"><figure><img decoding=\"async\" width=\"720\" height=\"480\" src=\"http:\/\/expressometro.mx\/wp-content\/uploads\/2021\/07\/WhatsApp-Image-2021-07-25-at-12.03.25-720x480.jpeg\" alt=\"\" data-id=\"3447\" data-full-url=\"http:\/\/expressometro.mx\/wp-content\/uploads\/2021\/07\/WhatsApp-Image-2021-07-25-at-12.03.25.jpeg\" data-link=\"http:\/\/expressometro.mx\/?attachment_id=3447\" class=\"wp-image-3447\" srcset=\"https:\/\/expressometro.mx\/wp-content\/uploads\/2021\/07\/WhatsApp-Image-2021-07-25-at-12.03.25-720x480.jpeg 720w, https:\/\/expressometro.mx\/wp-content\/uploads\/2021\/07\/WhatsApp-Image-2021-07-25-at-12.03.25-548x365.jpeg 548w, https:\/\/expressometro.mx\/wp-content\/uploads\/2021\/07\/WhatsApp-Image-2021-07-25-at-12.03.25-768x512.jpeg 768w, https:\/\/expressometro.mx\/wp-content\/uploads\/2021\/07\/WhatsApp-Image-2021-07-25-at-12.03.25.jpeg 1280w\" sizes=\"(max-width: 720px) 100vw, 720px\" \/><\/figure><\/li><\/ul><\/figure>\n","protected":false},"excerpt":{"rendered":"<p>Implementan medidas de seguridad sanitaria para evitar el riesgo de contagios en estos lugares.<\/p>\n","protected":false},"author":2,"featured_media":3443,"comment_status":"open","ping_status":"open","sticky":false,"template":"","format":"standard","meta":{"footnotes":""},"categories":[3,5],"tags":[101,766,765],"class_list":["post-3441","post","type-post","status-publish","format-standard","has-post-thumbnail","hentry","category-gobierno","category-salud","tag-covid19","tag-sma","tag-verificentros"],"yoast_head":"<!-- This site is optimized with the Yoast SEO plugin v27.4 - https:\/\/yoast.com\/product\/yoast-seo-wordpress\/ -->\n<title>REDUCEN AFORO EN VERIFICENTROS DEL EDOM\u00c9X - Expresso Metropolitano<\/title>\n<meta name=\"robots\" content=\"index, follow, max-snippet:-1, max-image-preview:large, max-video-preview:-1\" \/>\n<link rel=\"canonical\" href=\"https:\/\/expressometro.mx\/index.php\/2021\/07\/25\/reducen-aforo-en-verificentros-del-edomex\/\" \/>\n<meta property=\"og:locale\" content=\"es_MX\" \/>\n<meta property=\"og:type\" content=\"article\" \/>\n<meta property=\"og:title\" content=\"REDUCEN AFORO EN VERIFICENTROS DEL EDOM\u00c9X - Expresso Metropolitano\" \/>\n<meta property=\"og:description\" content=\"Implementan medidas de seguridad sanitaria para evitar el riesgo de contagios en estos lugares.\" \/>\n<meta property=\"og:url\" content=\"https:\/\/expressometro.mx\/index.php\/2021\/07\/25\/reducen-aforo-en-verificentros-del-edomex\/\" \/>\n<meta property=\"og:site_name\" content=\"Expresso Metropolitano\" \/>\n<meta property=\"article:published_time\" content=\"2021-07-25T17:46:00+00:00\" \/>\n<meta property=\"article:modified_time\" content=\"2021-07-27T17:56:52+00:00\" \/>\n<meta property=\"og:image\" content=\"https:\/\/expressometro.mx\/wp-content\/uploads\/2021\/07\/WhatsApp-Image-2021-07-25-at-12.03.23-1.jpeg\" \/>\n\t<meta property=\"og:image:width\" content=\"1280\" \/>\n\t<meta property=\"og:image:height\" content=\"851\" \/>\n\t<meta property=\"og:image:type\" content=\"image\/jpeg\" \/>\n<meta name=\"author\" content=\"Cecilia Vega\" \/>\n<meta name=\"twitter:label1\" content=\"Escrito por\" \/>\n\t<meta name=\"twitter:data1\" content=\"Cecilia Vega\" \/>\n\t<meta name=\"twitter:label2\" content=\"Tiempo de lectura\" \/>\n\t<meta name=\"twitter:data2\" content=\"3 minutos\" \/>\n<script type=\"application\/ld+json\" class=\"yoast-schema-graph\">{\"@context\":\"https:\\\/\\\/schema.org\",\"@graph\":[{\"@type\":\"Article\",\"@id\":\"https:\\\/\\\/expressometro.mx\\\/index.php\\\/2021\\\/07\\\/25\\\/reducen-aforo-en-verificentros-del-edomex\\\/#article\",\"isPartOf\":{\"@id\":\"https:\\\/\\\/expressometro.mx\\\/index.php\\\/2021\\\/07\\\/25\\\/reducen-aforo-en-verificentros-del-edomex\\\/\"},\"author\":{\"name\":\"Cecilia Vega\",\"@id\":\"https:\\\/\\\/expressometro.mx\\\/#\\\/schema\\\/person\\\/67a95b8e3862085c7598f66237488f1f\"},\"headline\":\"REDUCEN AFORO EN VERIFICENTROS DEL EDOM\u00c9X\",\"datePublished\":\"2021-07-25T17:46:00+00:00\",\"dateModified\":\"2021-07-27T17:56:52+00:00\",\"mainEntityOfPage\":{\"@id\":\"https:\\\/\\\/expressometro.mx\\\/index.php\\\/2021\\\/07\\\/25\\\/reducen-aforo-en-verificentros-del-edomex\\\/\"},\"wordCount\":456,\"commentCount\":0,\"publisher\":{\"@id\":\"https:\\\/\\\/expressometro.mx\\\/#organization\"},\"image\":{\"@id\":\"https:\\\/\\\/expressometro.mx\\\/index.php\\\/2021\\\/07\\\/25\\\/reducen-aforo-en-verificentros-del-edomex\\\/#primaryimage\"},\"thumbnailUrl\":\"https:\\\/\\\/expressometro.mx\\\/wp-content\\\/uploads\\\/2021\\\/07\\\/WhatsApp-Image-2021-07-25-at-12.03.23-1.jpeg\",\"keywords\":[\"COVID19\",\"SMA\",\"Verificentros\"],\"articleSection\":[\"Gobierno\",\"Salud\"],\"inLanguage\":\"es\",\"potentialAction\":[{\"@type\":\"CommentAction\",\"name\":\"Comment\",\"target\":[\"https:\\\/\\\/expressometro.mx\\\/index.php\\\/2021\\\/07\\\/25\\\/reducen-aforo-en-verificentros-del-edomex\\\/#respond\"]}]},{\"@type\":\"WebPage\",\"@id\":\"https:\\\/\\\/expressometro.mx\\\/index.php\\\/2021\\\/07\\\/25\\\/reducen-aforo-en-verificentros-del-edomex\\\/\",\"url\":\"https:\\\/\\\/expressometro.mx\\\/index.php\\\/2021\\\/07\\\/25\\\/reducen-aforo-en-verificentros-del-edomex\\\/\",\"name\":\"REDUCEN AFORO EN VERIFICENTROS DEL EDOM\u00c9X - Expresso Metropolitano\",\"isPartOf\":{\"@id\":\"https:\\\/\\\/expressometro.mx\\\/#website\"},\"primaryImageOfPage\":{\"@id\":\"https:\\\/\\\/expressometro.mx\\\/index.php\\\/2021\\\/07\\\/25\\\/reducen-aforo-en-verificentros-del-edomex\\\/#primaryimage\"},\"image\":{\"@id\":\"https:\\\/\\\/expressometro.mx\\\/index.php\\\/2021\\\/07\\\/25\\\/reducen-aforo-en-verificentros-del-edomex\\\/#primaryimage\"},\"thumbnailUrl\":\"https:\\\/\\\/expressometro.mx\\\/wp-content\\\/uploads\\\/2021\\\/07\\\/WhatsApp-Image-2021-07-25-at-12.03.23-1.jpeg\",\"datePublished\":\"2021-07-25T17:46:00+00:00\",\"dateModified\":\"2021-07-27T17:56:52+00:00\",\"breadcrumb\":{\"@id\":\"https:\\\/\\\/expressometro.mx\\\/index.php\\\/2021\\\/07\\\/25\\\/reducen-aforo-en-verificentros-del-edomex\\\/#breadcrumb\"},\"inLanguage\":\"es\",\"potentialAction\":[{\"@type\":\"ReadAction\",\"target\":[\"https:\\\/\\\/expressometro.mx\\\/index.php\\\/2021\\\/07\\\/25\\\/reducen-aforo-en-verificentros-del-edomex\\\/\"]}]},{\"@type\":\"ImageObject\",\"inLanguage\":\"es\",\"@id\":\"https:\\\/\\\/expressometro.mx\\\/index.php\\\/2021\\\/07\\\/25\\\/reducen-aforo-en-verificentros-del-edomex\\\/#primaryimage\",\"url\":\"https:\\\/\\\/expressometro.mx\\\/wp-content\\\/uploads\\\/2021\\\/07\\\/WhatsApp-Image-2021-07-25-at-12.03.23-1.jpeg\",\"contentUrl\":\"https:\\\/\\\/expressometro.mx\\\/wp-content\\\/uploads\\\/2021\\\/07\\\/WhatsApp-Image-2021-07-25-at-12.03.23-1.jpeg\",\"width\":1280,\"height\":851},{\"@type\":\"BreadcrumbList\",\"@id\":\"https:\\\/\\\/expressometro.mx\\\/index.php\\\/2021\\\/07\\\/25\\\/reducen-aforo-en-verificentros-del-edomex\\\/#breadcrumb\",\"itemListElement\":[{\"@type\":\"ListItem\",\"position\":1,\"name\":\"Inicio\",\"item\":\"https:\\\/\\\/expressometro.mx\\\/\"},{\"@type\":\"ListItem\",\"position\":2,\"name\":\"REDUCEN AFORO EN VERIFICENTROS DEL EDOM\u00c9X\"}]},{\"@type\":\"WebSite\",\"@id\":\"https:\\\/\\\/expressometro.mx\\\/#website\",\"url\":\"https:\\\/\\\/expressometro.mx\\\/\",\"name\":\"Expresso Metropolitano\",\"description\":\"Periodismo comprometido, informaci\u00f3n, investigaci\u00f3n y an\u00e1lisis\",\"publisher\":{\"@id\":\"https:\\\/\\\/expressometro.mx\\\/#organization\"},\"potentialAction\":[{\"@type\":\"SearchAction\",\"target\":{\"@type\":\"EntryPoint\",\"urlTemplate\":\"https:\\\/\\\/expressometro.mx\\\/?s={search_term_string}\"},\"query-input\":{\"@type\":\"PropertyValueSpecification\",\"valueRequired\":true,\"valueName\":\"search_term_string\"}}],\"inLanguage\":\"es\"},{\"@type\":\"Organization\",\"@id\":\"https:\\\/\\\/expressometro.mx\\\/#organization\",\"name\":\"Expresso Metropolitano\",\"url\":\"https:\\\/\\\/expressometro.mx\\\/\",\"logo\":{\"@type\":\"ImageObject\",\"inLanguage\":\"es\",\"@id\":\"https:\\\/\\\/expressometro.mx\\\/#\\\/schema\\\/logo\\\/image\\\/\",\"url\":\"https:\\\/\\\/expressometro.mx\\\/wp-content\\\/uploads\\\/2019\\\/07\\\/cropped-Logo-Expresso-Metropolitano-1-1.jpeg\",\"contentUrl\":\"https:\\\/\\\/expressometro.mx\\\/wp-content\\\/uploads\\\/2019\\\/07\\\/cropped-Logo-Expresso-Metropolitano-1-1.jpeg\",\"width\":290,\"height\":73,\"caption\":\"Expresso Metropolitano\"},\"image\":{\"@id\":\"https:\\\/\\\/expressometro.mx\\\/#\\\/schema\\\/logo\\\/image\\\/\"}},{\"@type\":\"Person\",\"@id\":\"https:\\\/\\\/expressometro.mx\\\/#\\\/schema\\\/person\\\/67a95b8e3862085c7598f66237488f1f\",\"name\":\"Cecilia Vega\",\"image\":{\"@type\":\"ImageObject\",\"inLanguage\":\"es\",\"@id\":\"https:\\\/\\\/secure.gravatar.com\\\/avatar\\\/13aae9944ab2ee472a9e407c9487fdbd03b049abaa559af32fe5dbcf615c981b?s=96&d=mm&r=g\",\"url\":\"https:\\\/\\\/secure.gravatar.com\\\/avatar\\\/13aae9944ab2ee472a9e407c9487fdbd03b049abaa559af32fe5dbcf615c981b?s=96&d=mm&r=g\",\"contentUrl\":\"https:\\\/\\\/secure.gravatar.com\\\/avatar\\\/13aae9944ab2ee472a9e407c9487fdbd03b049abaa559af32fe5dbcf615c981b?s=96&d=mm&r=g\",\"caption\":\"Cecilia Vega\"},\"url\":\"https:\\\/\\\/expressometro.mx\\\/index.php\\\/author\\\/cecilia-vega\\\/\"}]}<\/script>\n<!-- \/ Yoast SEO plugin. -->","yoast_head_json":{"title":"REDUCEN AFORO EN VERIFICENTROS DEL EDOM\u00c9X - Expresso Metropolitano","robots":{"index":"index","follow":"follow","max-snippet":"max-snippet:-1","max-image-preview":"max-image-preview:large","max-video-preview":"max-video-preview:-1"},"canonical":"https:\/\/expressometro.mx\/index.php\/2021\/07\/25\/reducen-aforo-en-verificentros-del-edomex\/","og_locale":"es_MX","og_type":"article","og_title":"REDUCEN AFORO EN VERIFICENTROS DEL EDOM\u00c9X - Expresso Metropolitano","og_description":"Implementan medidas de seguridad sanitaria para evitar el riesgo de contagios en estos lugares.","og_url":"https:\/\/expressometro.mx\/index.php\/2021\/07\/25\/reducen-aforo-en-verificentros-del-edomex\/","og_site_name":"Expresso Metropolitano","article_published_time":"2021-07-25T17:46:00+00:00","article_modified_time":"2021-07-27T17:56:52+00:00","og_image":[{"width":1280,"height":851,"url":"https:\/\/expressometro.mx\/wp-content\/uploads\/2021\/07\/WhatsApp-Image-2021-07-25-at-12.03.23-1.jpeg","type":"image\/jpeg"}],"author":"Cecilia Vega","twitter_misc":{"Escrito por":"Cecilia Vega","Tiempo de lectura":"3 minutos"},"schema":{"@context":"https:\/\/schema.org","@graph":[{"@type":"Article","@id":"https:\/\/expressometro.mx\/index.php\/2021\/07\/25\/reducen-aforo-en-verificentros-del-edomex\/#article","isPartOf":{"@id":"https:\/\/expressometro.mx\/index.php\/2021\/07\/25\/reducen-aforo-en-verificentros-del-edomex\/"},"author":{"name":"Cecilia Vega","@id":"https:\/\/expressometro.mx\/#\/schema\/person\/67a95b8e3862085c7598f66237488f1f"},"headline":"REDUCEN AFORO EN VERIFICENTROS DEL EDOM\u00c9X","datePublished":"2021-07-25T17:46:00+00:00","dateModified":"2021-07-27T17:56:52+00:00","mainEntityOfPage":{"@id":"https:\/\/expressometro.mx\/index.php\/2021\/07\/25\/reducen-aforo-en-verificentros-del-edomex\/"},"wordCount":456,"commentCount":0,"publisher":{"@id":"https:\/\/expressometro.mx\/#organization"},"image":{"@id":"https:\/\/expressometro.mx\/index.php\/2021\/07\/25\/reducen-aforo-en-verificentros-del-edomex\/#primaryimage"},"thumbnailUrl":"https:\/\/expressometro.mx\/wp-content\/uploads\/2021\/07\/WhatsApp-Image-2021-07-25-at-12.03.23-1.jpeg","keywords":["COVID19","SMA","Verificentros"],"articleSection":["Gobierno","Salud"],"inLanguage":"es","potentialAction":[{"@type":"CommentAction","name":"Comment","target":["https:\/\/expressometro.mx\/index.php\/2021\/07\/25\/reducen-aforo-en-verificentros-del-edomex\/#respond"]}]},{"@type":"WebPage","@id":"https:\/\/expressometro.mx\/index.php\/2021\/07\/25\/reducen-aforo-en-verificentros-del-edomex\/","url":"https:\/\/expressometro.mx\/index.php\/2021\/07\/25\/reducen-aforo-en-verificentros-del-edomex\/","name":"REDUCEN AFORO EN VERIFICENTROS DEL EDOM\u00c9X - Expresso Metropolitano","isPartOf":{"@id":"https:\/\/expressometro.mx\/#website"},"primaryImageOfPage":{"@id":"https:\/\/expressometro.mx\/index.php\/2021\/07\/25\/reducen-aforo-en-verificentros-del-edomex\/#primaryimage"},"image":{"@id":"https:\/\/expressometro.mx\/index.php\/2021\/07\/25\/reducen-aforo-en-verificentros-del-edomex\/#primaryimage"},"thumbnailUrl":"https:\/\/expressometro.mx\/wp-content\/uploads\/2021\/07\/WhatsApp-Image-2021-07-25-at-12.03.23-1.jpeg","datePublished":"2021-07-25T17:46:00+00:00","dateModified":"2021-07-27T17:56:52+00:00","breadcrumb":{"@id":"https:\/\/expressometro.mx\/index.php\/2021\/07\/25\/reducen-aforo-en-verificentros-del-edomex\/#breadcrumb"},"inLanguage":"es","potentialAction":[{"@type":"ReadAction","target":["https:\/\/expressometro.mx\/index.php\/2021\/07\/25\/reducen-aforo-en-verificentros-del-edomex\/"]}]},{"@type":"ImageObject","inLanguage":"es","@id":"https:\/\/expressometro.mx\/index.php\/2021\/07\/25\/reducen-aforo-en-verificentros-del-edomex\/#primaryimage","url":"https:\/\/expressometro.mx\/wp-content\/uploads\/2021\/07\/WhatsApp-Image-2021-07-25-at-12.03.23-1.jpeg","contentUrl":"https:\/\/expressometro.mx\/wp-content\/uploads\/2021\/07\/WhatsApp-Image-2021-07-25-at-12.03.23-1.jpeg","width":1280,"height":851},{"@type":"BreadcrumbList","@id":"https:\/\/expressometro.mx\/index.php\/2021\/07\/25\/reducen-aforo-en-verificentros-del-edomex\/#breadcrumb","itemListElement":[{"@type":"ListItem","position":1,"name":"Inicio","item":"https:\/\/expressometro.mx\/"},{"@type":"ListItem","position":2,"name":"REDUCEN AFORO EN VERIFICENTROS DEL EDOM\u00c9X"}]},{"@type":"WebSite","@id":"https:\/\/expressometro.mx\/#website","url":"https:\/\/expressometro.mx\/","name":"Expresso Metropolitano","description":"Periodismo comprometido, informaci\u00f3n, investigaci\u00f3n y an\u00e1lisis","publisher":{"@id":"https:\/\/expressometro.mx\/#organization"},"potentialAction":[{"@type":"SearchAction","target":{"@type":"EntryPoint","urlTemplate":"https:\/\/expressometro.mx\/?s={search_term_string}"},"query-input":{"@type":"PropertyValueSpecification","valueRequired":true,"valueName":"search_term_string"}}],"inLanguage":"es"},{"@type":"Organization","@id":"https:\/\/expressometro.mx\/#organization","name":"Expresso Metropolitano","url":"https:\/\/expressometro.mx\/","logo":{"@type":"ImageObject","inLanguage":"es","@id":"https:\/\/expressometro.mx\/#\/schema\/logo\/image\/","url":"https:\/\/expressometro.mx\/wp-content\/uploads\/2019\/07\/cropped-Logo-Expresso-Metropolitano-1-1.jpeg","contentUrl":"https:\/\/expressometro.mx\/wp-content\/uploads\/2019\/07\/cropped-Logo-Expresso-Metropolitano-1-1.jpeg","width":290,"height":73,"caption":"Expresso Metropolitano"},"image":{"@id":"https:\/\/expressometro.mx\/#\/schema\/logo\/image\/"}},{"@type":"Person","@id":"https:\/\/expressometro.mx\/#\/schema\/person\/67a95b8e3862085c7598f66237488f1f","name":"Cecilia Vega","image":{"@type":"ImageObject","inLanguage":"es","@id":"https:\/\/secure.gravatar.com\/avatar\/13aae9944ab2ee472a9e407c9487fdbd03b049abaa559af32fe5dbcf615c981b?s=96&d=mm&r=g","url":"https:\/\/secure.gravatar.com\/avatar\/13aae9944ab2ee472a9e407c9487fdbd03b049abaa559af32fe5dbcf615c981b?s=96&d=mm&r=g","contentUrl":"https:\/\/secure.gravatar.com\/avatar\/13aae9944ab2ee472a9e407c9487fdbd03b049abaa559af32fe5dbcf615c981b?s=96&d=mm&r=g","caption":"Cecilia Vega"},"url":"https:\/\/expressometro.mx\/index.php\/author\/cecilia-vega\/"}]}},"amp_enabled":true,"_links":{"self":[{"href":"https:\/\/expressometro.mx\/index.php\/wp-json\/wp\/v2\/posts\/3441","targetHints":{"allow":["GET"]}}],"collection":[{"href":"https:\/\/expressometro.mx\/index.php\/wp-json\/wp\/v2\/posts"}],"about":[{"href":"https:\/\/expressometro.mx\/index.php\/wp-json\/wp\/v2\/types\/post"}],"author":[{"embeddable":true,"href":"https:\/\/expressometro.mx\/index.php\/wp-json\/wp\/v2\/users\/2"}],"replies":[{"embeddable":true,"href":"https:\/\/expressometro.mx\/index.php\/wp-json\/wp\/v2\/comments?post=3441"}],"version-history":[{"count":1,"href":"https:\/\/expressometro.mx\/index.php\/wp-json\/wp\/v2\/posts\/3441\/revisions"}],"predecessor-version":[{"id":3450,"href":"https:\/\/expressometro.mx\/index.php\/wp-json\/wp\/v2\/posts\/3441\/revisions\/3450"}],"wp:featuredmedia":[{"embeddable":true,"href":"https:\/\/expressometro.mx\/index.php\/wp-json\/wp\/v2\/media\/3443"}],"wp:attachment":[{"href":"https:\/\/expressometro.mx\/index.php\/wp-json\/wp\/v2\/media?parent=3441"}],"wp:term":[{"taxonomy":"category","embeddable":true,"href":"https:\/\/expressometro.mx\/index.php\/wp-json\/wp\/v2\/categories?post=3441"},{"taxonomy":"post_tag","embeddable":true,"href":"https:\/\/expressometro.mx\/index.php\/wp-json\/wp\/v2\/tags?post=3441"}],"curies":[{"name":"wp","href":"https:\/\/api.w.org\/{rel}","templated":true}]}}