{"id":343,"date":"2019-09-03T10:07:56","date_gmt":"2019-09-03T15:07:56","guid":{"rendered":"http:\/\/expressometro.mx\/?p=343"},"modified":"2019-09-25T10:35:26","modified_gmt":"2019-09-25T15:35:26","slug":"con-musica-latinoamericana-inician-las-fiestas-patrias-en-izcalli","status":"publish","type":"post","link":"https:\/\/expressometro.mx\/index.php\/2019\/09\/03\/con-musica-latinoamericana-inician-las-fiestas-patrias-en-izcalli\/","title":{"rendered":"Con m\u00fasica latinoamericana inician las fiestas patrias en Izcalli"},"content":{"rendered":"\n<p>Los d\u00edas 4, 5 y 7 de septiembre, el municipio de Cuautitl\u00e1n Izcalli ofrecer\u00e1 con orgullo el Festival Internacional de M\u00fasica Popular Sonamos Latinoam\u00e9rica. En su cuarta edici\u00f3n en el pa\u00eds, el festival se presentar\u00e1 por primera ocasi\u00f3n en el Estado de M\u00e9xico con alrededor de 36 artistas y m\u00e1s de 120 m\u00fasicos en escena a lo largo de los tres d\u00edas. Este gran evento es organizado por la Direcci\u00f3n de Cultura del municipio, encabezado por el alcalde Ricardo N\u00fa\u00f1ez Ayala,<\/p>\n\n\n\n<p>El director de Cultura, Nieves Am\u00edlcar Velasco Vaca, agradeci\u00f3 la presencia de todos los artistas que se presentar\u00e1n en este esfuerzo por acercar a los izcallenses con la m\u00fasica popular que suena en diferentes partes del continente. Del elenco programado, destaca la participaci\u00f3n del Tr\u00edo Nuestra Herencia, de Colombia, que interpreta bellas melod\u00edas del folklore de su pa\u00eds.<\/p>\n\n\n\n<p>La asistencia del p\u00fablico a los tres conciertos ser\u00e1 totalmente gratuita. Los artistas y grupos musicales que har\u00e1n vibrar al municipio, nos visitan de: Argentina, Colombia, Chile, Espa\u00f1a y a ellos se unir\u00e1 talento mexicano e izcallense.<\/p>\n\n\n\n<p>Los promotores del festival Maril\u00fa Zanella y Fernando Salazar, que tambi\u00e9n integran el Dueto FM, coincidieron en que es la primera vez que una administraci\u00f3n izcallense cobija un festival de esta magnitud, por lo que agradecieron el apoyo de todos los involucrados para hacer realidad este evento.<\/p>\n\n\n\n<p>El mi\u00e9rcoles 4 y jueves 5 de septiembre, en la Concha Ac\u00fastica del municipio, ubicada a un costado de la explanada municipal, la m\u00fasica comenzar\u00e1 a sonar a partir de las 11:00 y terminar\u00e1 a las 16:00 horas, mientras que el s\u00e1bado 7, el tercer concierto se realizar\u00e1 en el auditorio de la Facultad de Estudios Superiores de Cuautitl\u00e1n (FESC) Campo 4. En este evento tambi\u00e9n se presentar\u00e1 la Orquesta Sinf\u00f3nica y Ensamble Coral de la Universidad Aut\u00f3noma de la Ciudad de M\u00e9xico, a partir de las 12 del d\u00eda, culminando con el Festival Internacional.<\/p>\n\n\n\n<p>A la par, en el Sal\u00f3n Anexo a La Troje, del Parque de las Esculturas, tendr\u00e1n lugar diferentes talleres\/cl\u00ednicas, a partir de las 8:30 de la ma\u00f1ana, que tienen como objetivo brindar informaci\u00f3n de diferentes contextos sobre la m\u00fasica popular de Latinoam\u00e9rica.<\/p>\n\n\n\n<p>El anuncio del Festival Internacional se hizo mediante conferencia de prensa, a la que tambi\u00e9n asisti\u00f3 el sexto regidor, Luis Trejo Hern\u00e1ndez, presidente de la Comisi\u00f3n de Turismo, quien celebr\u00f3 que la cultura se haga presente en el municipio, pues eso es importante para la atracci\u00f3n tur\u00edstica.<\/p>\n","protected":false},"excerpt":{"rendered":"<p>Los d\u00edas 4, 5 y 7 de septiembre, el municipio de Cuautitl\u00e1n Izcalli ofrecer\u00e1 con orgullo el Festival Internacional de M\u00fasica Popular Sonamos Latinoam\u00e9rica. En su cuarta edici\u00f3n en el pa\u00eds, el festival se presentar\u00e1 por primera ocasi\u00f3n en el Estado de M\u00e9xico con alrededor de 36 artistas y m\u00e1s de 120 m\u00fasicos en escena a lo largo de los tres d\u00edas. Este gran evento es organizado por la Direcci\u00f3n de Cultura del municipio, encabezado por el alcalde Ricardo N\u00fa\u00f1ez Ayala, El director de Cultura, Nieves Am\u00edlcar Velasco Vaca, agradeci\u00f3&hellip;<\/p>\n","protected":false},"author":1,"featured_media":344,"comment_status":"open","ping_status":"open","sticky":false,"template":"","format":"standard","meta":{"footnotes":""},"categories":[11,3],"tags":[],"class_list":["post-343","post","type-post","status-publish","format-standard","has-post-thumbnail","hentry","category-cultura","category-gobierno"],"yoast_head":"<!-- This site is optimized with the Yoast SEO plugin v27.5 - https:\/\/yoast.com\/product\/yoast-seo-wordpress\/ -->\n<title>Con m\u00fasica latinoamericana inician las fiestas patrias en Izcalli - Expresso Metropolitano<\/title>\n<meta name=\"robots\" content=\"index, follow, max-snippet:-1, max-image-preview:large, max-video-preview:-1\" \/>\n<link rel=\"canonical\" href=\"https:\/\/expressometro.mx\/index.php\/2019\/09\/03\/con-musica-latinoamericana-inician-las-fiestas-patrias-en-izcalli\/\" \/>\n<meta property=\"og:locale\" content=\"es_MX\" \/>\n<meta property=\"og:type\" content=\"article\" \/>\n<meta property=\"og:title\" content=\"Con m\u00fasica latinoamericana inician las fiestas patrias en Izcalli - Expresso Metropolitano\" \/>\n<meta property=\"og:description\" content=\"Los d\u00edas 4, 5 y 7 de septiembre, el municipio de Cuautitl\u00e1n Izcalli ofrecer\u00e1 con orgullo el Festival Internacional de M\u00fasica Popular Sonamos Latinoam\u00e9rica. En su cuarta edici\u00f3n en el pa\u00eds, el festival se presentar\u00e1 por primera ocasi\u00f3n en el Estado de M\u00e9xico con alrededor de 36 artistas y m\u00e1s de 120 m\u00fasicos en escena a lo largo de los tres d\u00edas. Este gran evento es organizado por la Direcci\u00f3n de Cultura del municipio, encabezado por el alcalde Ricardo N\u00fa\u00f1ez Ayala, El director de Cultura, Nieves Am\u00edlcar Velasco Vaca, agradeci\u00f3&hellip;\" \/>\n<meta property=\"og:url\" content=\"https:\/\/expressometro.mx\/index.php\/2019\/09\/03\/con-musica-latinoamericana-inician-las-fiestas-patrias-en-izcalli\/\" \/>\n<meta property=\"og:site_name\" content=\"Expresso Metropolitano\" \/>\n<meta property=\"article:published_time\" content=\"2019-09-03T15:07:56+00:00\" \/>\n<meta property=\"article:modified_time\" content=\"2019-09-25T15:35:26+00:00\" \/>\n<meta property=\"og:image\" content=\"https:\/\/expressometro.mx\/wp-content\/uploads\/2019\/09\/B279_01.jpg\" \/>\n\t<meta property=\"og:image:width\" content=\"1024\" \/>\n\t<meta property=\"og:image:height\" content=\"646\" \/>\n\t<meta property=\"og:image:type\" content=\"image\/jpeg\" \/>\n<meta name=\"author\" content=\"Expresso Metropolitano\" \/>\n<meta name=\"twitter:label1\" content=\"Escrito por\" \/>\n\t<meta name=\"twitter:data1\" content=\"Expresso Metropolitano\" \/>\n\t<meta name=\"twitter:label2\" content=\"Tiempo de lectura\" \/>\n\t<meta name=\"twitter:data2\" content=\"2 minutos\" \/>\n<script type=\"application\/ld+json\" class=\"yoast-schema-graph\">{\"@context\":\"https:\\\/\\\/schema.org\",\"@graph\":[{\"@type\":\"Article\",\"@id\":\"https:\\\/\\\/expressometro.mx\\\/index.php\\\/2019\\\/09\\\/03\\\/con-musica-latinoamericana-inician-las-fiestas-patrias-en-izcalli\\\/#article\",\"isPartOf\":{\"@id\":\"https:\\\/\\\/expressometro.mx\\\/index.php\\\/2019\\\/09\\\/03\\\/con-musica-latinoamericana-inician-las-fiestas-patrias-en-izcalli\\\/\"},\"author\":{\"name\":\"Expresso Metropolitano\",\"@id\":\"https:\\\/\\\/expressometro.mx\\\/#\\\/schema\\\/person\\\/efa971b4a0664db8ed5c22b1b0dd2f5d\"},\"headline\":\"Con m\u00fasica latinoamericana inician las fiestas patrias en Izcalli\",\"datePublished\":\"2019-09-03T15:07:56+00:00\",\"dateModified\":\"2019-09-25T15:35:26+00:00\",\"mainEntityOfPage\":{\"@id\":\"https:\\\/\\\/expressometro.mx\\\/index.php\\\/2019\\\/09\\\/03\\\/con-musica-latinoamericana-inician-las-fiestas-patrias-en-izcalli\\\/\"},\"wordCount\":452,\"commentCount\":0,\"publisher\":{\"@id\":\"https:\\\/\\\/expressometro.mx\\\/#organization\"},\"image\":{\"@id\":\"https:\\\/\\\/expressometro.mx\\\/index.php\\\/2019\\\/09\\\/03\\\/con-musica-latinoamericana-inician-las-fiestas-patrias-en-izcalli\\\/#primaryimage\"},\"thumbnailUrl\":\"https:\\\/\\\/expressometro.mx\\\/wp-content\\\/uploads\\\/2019\\\/09\\\/B279_01.jpg\",\"articleSection\":[\"Cultura\",\"Gobierno\"],\"inLanguage\":\"es\",\"potentialAction\":[{\"@type\":\"CommentAction\",\"name\":\"Comment\",\"target\":[\"https:\\\/\\\/expressometro.mx\\\/index.php\\\/2019\\\/09\\\/03\\\/con-musica-latinoamericana-inician-las-fiestas-patrias-en-izcalli\\\/#respond\"]}]},{\"@type\":\"WebPage\",\"@id\":\"https:\\\/\\\/expressometro.mx\\\/index.php\\\/2019\\\/09\\\/03\\\/con-musica-latinoamericana-inician-las-fiestas-patrias-en-izcalli\\\/\",\"url\":\"https:\\\/\\\/expressometro.mx\\\/index.php\\\/2019\\\/09\\\/03\\\/con-musica-latinoamericana-inician-las-fiestas-patrias-en-izcalli\\\/\",\"name\":\"Con m\u00fasica latinoamericana inician las fiestas patrias en Izcalli - Expresso Metropolitano\",\"isPartOf\":{\"@id\":\"https:\\\/\\\/expressometro.mx\\\/#website\"},\"primaryImageOfPage\":{\"@id\":\"https:\\\/\\\/expressometro.mx\\\/index.php\\\/2019\\\/09\\\/03\\\/con-musica-latinoamericana-inician-las-fiestas-patrias-en-izcalli\\\/#primaryimage\"},\"image\":{\"@id\":\"https:\\\/\\\/expressometro.mx\\\/index.php\\\/2019\\\/09\\\/03\\\/con-musica-latinoamericana-inician-las-fiestas-patrias-en-izcalli\\\/#primaryimage\"},\"thumbnailUrl\":\"https:\\\/\\\/expressometro.mx\\\/wp-content\\\/uploads\\\/2019\\\/09\\\/B279_01.jpg\",\"datePublished\":\"2019-09-03T15:07:56+00:00\",\"dateModified\":\"2019-09-25T15:35:26+00:00\",\"breadcrumb\":{\"@id\":\"https:\\\/\\\/expressometro.mx\\\/index.php\\\/2019\\\/09\\\/03\\\/con-musica-latinoamericana-inician-las-fiestas-patrias-en-izcalli\\\/#breadcrumb\"},\"inLanguage\":\"es\",\"potentialAction\":[{\"@type\":\"ReadAction\",\"target\":[\"https:\\\/\\\/expressometro.mx\\\/index.php\\\/2019\\\/09\\\/03\\\/con-musica-latinoamericana-inician-las-fiestas-patrias-en-izcalli\\\/\"]}]},{\"@type\":\"ImageObject\",\"inLanguage\":\"es\",\"@id\":\"https:\\\/\\\/expressometro.mx\\\/index.php\\\/2019\\\/09\\\/03\\\/con-musica-latinoamericana-inician-las-fiestas-patrias-en-izcalli\\\/#primaryimage\",\"url\":\"https:\\\/\\\/expressometro.mx\\\/wp-content\\\/uploads\\\/2019\\\/09\\\/B279_01.jpg\",\"contentUrl\":\"https:\\\/\\\/expressometro.mx\\\/wp-content\\\/uploads\\\/2019\\\/09\\\/B279_01.jpg\",\"width\":1024,\"height\":646},{\"@type\":\"BreadcrumbList\",\"@id\":\"https:\\\/\\\/expressometro.mx\\\/index.php\\\/2019\\\/09\\\/03\\\/con-musica-latinoamericana-inician-las-fiestas-patrias-en-izcalli\\\/#breadcrumb\",\"itemListElement\":[{\"@type\":\"ListItem\",\"position\":1,\"name\":\"Inicio\",\"item\":\"https:\\\/\\\/expressometro.mx\\\/\"},{\"@type\":\"ListItem\",\"position\":2,\"name\":\"Con m\u00fasica latinoamericana inician las fiestas patrias en Izcalli\"}]},{\"@type\":\"WebSite\",\"@id\":\"https:\\\/\\\/expressometro.mx\\\/#website\",\"url\":\"https:\\\/\\\/expressometro.mx\\\/\",\"name\":\"Expresso Metropolitano\",\"description\":\"Periodismo comprometido, informaci\u00f3n, investigaci\u00f3n y an\u00e1lisis\",\"publisher\":{\"@id\":\"https:\\\/\\\/expressometro.mx\\\/#organization\"},\"potentialAction\":[{\"@type\":\"SearchAction\",\"target\":{\"@type\":\"EntryPoint\",\"urlTemplate\":\"https:\\\/\\\/expressometro.mx\\\/?s={search_term_string}\"},\"query-input\":{\"@type\":\"PropertyValueSpecification\",\"valueRequired\":true,\"valueName\":\"search_term_string\"}}],\"inLanguage\":\"es\"},{\"@type\":\"Organization\",\"@id\":\"https:\\\/\\\/expressometro.mx\\\/#organization\",\"name\":\"Expresso Metropolitano\",\"url\":\"https:\\\/\\\/expressometro.mx\\\/\",\"logo\":{\"@type\":\"ImageObject\",\"inLanguage\":\"es\",\"@id\":\"https:\\\/\\\/expressometro.mx\\\/#\\\/schema\\\/logo\\\/image\\\/\",\"url\":\"https:\\\/\\\/expressometro.mx\\\/wp-content\\\/uploads\\\/2019\\\/07\\\/cropped-Logo-Expresso-Metropolitano-1-1.jpeg\",\"contentUrl\":\"https:\\\/\\\/expressometro.mx\\\/wp-content\\\/uploads\\\/2019\\\/07\\\/cropped-Logo-Expresso-Metropolitano-1-1.jpeg\",\"width\":290,\"height\":73,\"caption\":\"Expresso Metropolitano\"},\"image\":{\"@id\":\"https:\\\/\\\/expressometro.mx\\\/#\\\/schema\\\/logo\\\/image\\\/\"}},{\"@type\":\"Person\",\"@id\":\"https:\\\/\\\/expressometro.mx\\\/#\\\/schema\\\/person\\\/efa971b4a0664db8ed5c22b1b0dd2f5d\",\"name\":\"Expresso Metropolitano\",\"image\":{\"@type\":\"ImageObject\",\"inLanguage\":\"es\",\"@id\":\"https:\\\/\\\/secure.gravatar.com\\\/avatar\\\/a89f802b8de18c6952f223c88d3d106e9e3679839f4e25a02f4a6cc2ae6ba3b3?s=96&d=mm&r=g\",\"url\":\"https:\\\/\\\/secure.gravatar.com\\\/avatar\\\/a89f802b8de18c6952f223c88d3d106e9e3679839f4e25a02f4a6cc2ae6ba3b3?s=96&d=mm&r=g\",\"contentUrl\":\"https:\\\/\\\/secure.gravatar.com\\\/avatar\\\/a89f802b8de18c6952f223c88d3d106e9e3679839f4e25a02f4a6cc2ae6ba3b3?s=96&d=mm&r=g\",\"caption\":\"Expresso Metropolitano\"},\"url\":\"https:\\\/\\\/expressometro.mx\\\/index.php\\\/author\\\/diego\\\/\"}]}<\/script>\n<!-- \/ Yoast SEO plugin. -->","yoast_head_json":{"title":"Con m\u00fasica latinoamericana inician las fiestas patrias en Izcalli - Expresso Metropolitano","robots":{"index":"index","follow":"follow","max-snippet":"max-snippet:-1","max-image-preview":"max-image-preview:large","max-video-preview":"max-video-preview:-1"},"canonical":"https:\/\/expressometro.mx\/index.php\/2019\/09\/03\/con-musica-latinoamericana-inician-las-fiestas-patrias-en-izcalli\/","og_locale":"es_MX","og_type":"article","og_title":"Con m\u00fasica latinoamericana inician las fiestas patrias en Izcalli - Expresso Metropolitano","og_description":"Los d\u00edas 4, 5 y 7 de septiembre, el municipio de Cuautitl\u00e1n Izcalli ofrecer\u00e1 con orgullo el Festival Internacional de M\u00fasica Popular Sonamos Latinoam\u00e9rica. En su cuarta edici\u00f3n en el pa\u00eds, el festival se presentar\u00e1 por primera ocasi\u00f3n en el Estado de M\u00e9xico con alrededor de 36 artistas y m\u00e1s de 120 m\u00fasicos en escena a lo largo de los tres d\u00edas. Este gran evento es organizado por la Direcci\u00f3n de Cultura del municipio, encabezado por el alcalde Ricardo N\u00fa\u00f1ez Ayala, El director de Cultura, Nieves Am\u00edlcar Velasco Vaca, agradeci\u00f3&hellip;","og_url":"https:\/\/expressometro.mx\/index.php\/2019\/09\/03\/con-musica-latinoamericana-inician-las-fiestas-patrias-en-izcalli\/","og_site_name":"Expresso Metropolitano","article_published_time":"2019-09-03T15:07:56+00:00","article_modified_time":"2019-09-25T15:35:26+00:00","og_image":[{"width":1024,"height":646,"url":"https:\/\/expressometro.mx\/wp-content\/uploads\/2019\/09\/B279_01.jpg","type":"image\/jpeg"}],"author":"Expresso Metropolitano","twitter_misc":{"Escrito por":"Expresso Metropolitano","Tiempo de lectura":"2 minutos"},"schema":{"@context":"https:\/\/schema.org","@graph":[{"@type":"Article","@id":"https:\/\/expressometro.mx\/index.php\/2019\/09\/03\/con-musica-latinoamericana-inician-las-fiestas-patrias-en-izcalli\/#article","isPartOf":{"@id":"https:\/\/expressometro.mx\/index.php\/2019\/09\/03\/con-musica-latinoamericana-inician-las-fiestas-patrias-en-izcalli\/"},"author":{"name":"Expresso Metropolitano","@id":"https:\/\/expressometro.mx\/#\/schema\/person\/efa971b4a0664db8ed5c22b1b0dd2f5d"},"headline":"Con m\u00fasica latinoamericana inician las fiestas patrias en Izcalli","datePublished":"2019-09-03T15:07:56+00:00","dateModified":"2019-09-25T15:35:26+00:00","mainEntityOfPage":{"@id":"https:\/\/expressometro.mx\/index.php\/2019\/09\/03\/con-musica-latinoamericana-inician-las-fiestas-patrias-en-izcalli\/"},"wordCount":452,"commentCount":0,"publisher":{"@id":"https:\/\/expressometro.mx\/#organization"},"image":{"@id":"https:\/\/expressometro.mx\/index.php\/2019\/09\/03\/con-musica-latinoamericana-inician-las-fiestas-patrias-en-izcalli\/#primaryimage"},"thumbnailUrl":"https:\/\/expressometro.mx\/wp-content\/uploads\/2019\/09\/B279_01.jpg","articleSection":["Cultura","Gobierno"],"inLanguage":"es","potentialAction":[{"@type":"CommentAction","name":"Comment","target":["https:\/\/expressometro.mx\/index.php\/2019\/09\/03\/con-musica-latinoamericana-inician-las-fiestas-patrias-en-izcalli\/#respond"]}]},{"@type":"WebPage","@id":"https:\/\/expressometro.mx\/index.php\/2019\/09\/03\/con-musica-latinoamericana-inician-las-fiestas-patrias-en-izcalli\/","url":"https:\/\/expressometro.mx\/index.php\/2019\/09\/03\/con-musica-latinoamericana-inician-las-fiestas-patrias-en-izcalli\/","name":"Con m\u00fasica latinoamericana inician las fiestas patrias en Izcalli - Expresso Metropolitano","isPartOf":{"@id":"https:\/\/expressometro.mx\/#website"},"primaryImageOfPage":{"@id":"https:\/\/expressometro.mx\/index.php\/2019\/09\/03\/con-musica-latinoamericana-inician-las-fiestas-patrias-en-izcalli\/#primaryimage"},"image":{"@id":"https:\/\/expressometro.mx\/index.php\/2019\/09\/03\/con-musica-latinoamericana-inician-las-fiestas-patrias-en-izcalli\/#primaryimage"},"thumbnailUrl":"https:\/\/expressometro.mx\/wp-content\/uploads\/2019\/09\/B279_01.jpg","datePublished":"2019-09-03T15:07:56+00:00","dateModified":"2019-09-25T15:35:26+00:00","breadcrumb":{"@id":"https:\/\/expressometro.mx\/index.php\/2019\/09\/03\/con-musica-latinoamericana-inician-las-fiestas-patrias-en-izcalli\/#breadcrumb"},"inLanguage":"es","potentialAction":[{"@type":"ReadAction","target":["https:\/\/expressometro.mx\/index.php\/2019\/09\/03\/con-musica-latinoamericana-inician-las-fiestas-patrias-en-izcalli\/"]}]},{"@type":"ImageObject","inLanguage":"es","@id":"https:\/\/expressometro.mx\/index.php\/2019\/09\/03\/con-musica-latinoamericana-inician-las-fiestas-patrias-en-izcalli\/#primaryimage","url":"https:\/\/expressometro.mx\/wp-content\/uploads\/2019\/09\/B279_01.jpg","contentUrl":"https:\/\/expressometro.mx\/wp-content\/uploads\/2019\/09\/B279_01.jpg","width":1024,"height":646},{"@type":"BreadcrumbList","@id":"https:\/\/expressometro.mx\/index.php\/2019\/09\/03\/con-musica-latinoamericana-inician-las-fiestas-patrias-en-izcalli\/#breadcrumb","itemListElement":[{"@type":"ListItem","position":1,"name":"Inicio","item":"https:\/\/expressometro.mx\/"},{"@type":"ListItem","position":2,"name":"Con m\u00fasica latinoamericana inician las fiestas patrias en Izcalli"}]},{"@type":"WebSite","@id":"https:\/\/expressometro.mx\/#website","url":"https:\/\/expressometro.mx\/","name":"Expresso Metropolitano","description":"Periodismo comprometido, informaci\u00f3n, investigaci\u00f3n y an\u00e1lisis","publisher":{"@id":"https:\/\/expressometro.mx\/#organization"},"potentialAction":[{"@type":"SearchAction","target":{"@type":"EntryPoint","urlTemplate":"https:\/\/expressometro.mx\/?s={search_term_string}"},"query-input":{"@type":"PropertyValueSpecification","valueRequired":true,"valueName":"search_term_string"}}],"inLanguage":"es"},{"@type":"Organization","@id":"https:\/\/expressometro.mx\/#organization","name":"Expresso Metropolitano","url":"https:\/\/expressometro.mx\/","logo":{"@type":"ImageObject","inLanguage":"es","@id":"https:\/\/expressometro.mx\/#\/schema\/logo\/image\/","url":"https:\/\/expressometro.mx\/wp-content\/uploads\/2019\/07\/cropped-Logo-Expresso-Metropolitano-1-1.jpeg","contentUrl":"https:\/\/expressometro.mx\/wp-content\/uploads\/2019\/07\/cropped-Logo-Expresso-Metropolitano-1-1.jpeg","width":290,"height":73,"caption":"Expresso Metropolitano"},"image":{"@id":"https:\/\/expressometro.mx\/#\/schema\/logo\/image\/"}},{"@type":"Person","@id":"https:\/\/expressometro.mx\/#\/schema\/person\/efa971b4a0664db8ed5c22b1b0dd2f5d","name":"Expresso Metropolitano","image":{"@type":"ImageObject","inLanguage":"es","@id":"https:\/\/secure.gravatar.com\/avatar\/a89f802b8de18c6952f223c88d3d106e9e3679839f4e25a02f4a6cc2ae6ba3b3?s=96&d=mm&r=g","url":"https:\/\/secure.gravatar.com\/avatar\/a89f802b8de18c6952f223c88d3d106e9e3679839f4e25a02f4a6cc2ae6ba3b3?s=96&d=mm&r=g","contentUrl":"https:\/\/secure.gravatar.com\/avatar\/a89f802b8de18c6952f223c88d3d106e9e3679839f4e25a02f4a6cc2ae6ba3b3?s=96&d=mm&r=g","caption":"Expresso Metropolitano"},"url":"https:\/\/expressometro.mx\/index.php\/author\/diego\/"}]}},"amp_enabled":true,"_links":{"self":[{"href":"https:\/\/expressometro.mx\/index.php\/wp-json\/wp\/v2\/posts\/343","targetHints":{"allow":["GET"]}}],"collection":[{"href":"https:\/\/expressometro.mx\/index.php\/wp-json\/wp\/v2\/posts"}],"about":[{"href":"https:\/\/expressometro.mx\/index.php\/wp-json\/wp\/v2\/types\/post"}],"author":[{"embeddable":true,"href":"https:\/\/expressometro.mx\/index.php\/wp-json\/wp\/v2\/users\/1"}],"replies":[{"embeddable":true,"href":"https:\/\/expressometro.mx\/index.php\/wp-json\/wp\/v2\/comments?post=343"}],"version-history":[{"count":1,"href":"https:\/\/expressometro.mx\/index.php\/wp-json\/wp\/v2\/posts\/343\/revisions"}],"predecessor-version":[{"id":345,"href":"https:\/\/expressometro.mx\/index.php\/wp-json\/wp\/v2\/posts\/343\/revisions\/345"}],"wp:featuredmedia":[{"embeddable":true,"href":"https:\/\/expressometro.mx\/index.php\/wp-json\/wp\/v2\/media\/344"}],"wp:attachment":[{"href":"https:\/\/expressometro.mx\/index.php\/wp-json\/wp\/v2\/media?parent=343"}],"wp:term":[{"taxonomy":"category","embeddable":true,"href":"https:\/\/expressometro.mx\/index.php\/wp-json\/wp\/v2\/categories?post=343"},{"taxonomy":"post_tag","embeddable":true,"href":"https:\/\/expressometro.mx\/index.php\/wp-json\/wp\/v2\/tags?post=343"}],"curies":[{"name":"wp","href":"https:\/\/api.w.org\/{rel}","templated":true}]}}