{"id":3404,"date":"2021-06-25T10:22:00","date_gmt":"2021-06-25T15:22:00","guid":{"rendered":"http:\/\/expressometro.mx\/?p=3404"},"modified":"2021-06-28T10:33:55","modified_gmt":"2021-06-28T15:33:55","slug":"estamos-cumpliendo-con-jocotitlan-ivan-esquer","status":"publish","type":"post","link":"https:\/\/expressometro.mx\/index.php\/2021\/06\/25\/estamos-cumpliendo-con-jocotitlan-ivan-esquer\/","title":{"rendered":"ESTAMOS CUMPLIENDO CON JOCOTITLAN: IVAN ESQUER"},"content":{"rendered":"\n<p>La ruta de la prosperidad y el crecimiento es el factor constante en Jocotitl\u00e1n, dej\u00f3 en claro el presidente municipal, Iv\u00e1n Esquer Cruz, l establecer que hay una regla b\u00e1sica de convivencia en el municipio y es el desarrollo de nuestro pueblo.<\/p>\n\n\n\n<p>\u201cLa gente siempre eval\u00faa a los gobiernos su nivel de eficacia con base a las obras y los servicios que se promueven en cada administraci\u00f3n, por eso celebro que una vez m\u00e1s la mayor\u00eda del pueblo haya evaluado de manera adecuada para la continuidad de los esfuerzos\u201d, dijo el edil al dar inicio a la modernizaci\u00f3n del Boulevard principal.<\/p>\n\n\n\n<p>En el momento de darnos su confianza la respuesta en inmediato es impulsar las obras obras para beneficio de todos los que habitan en este municipio progresista y distinguido de la regi\u00f3n norte del Estado de M\u00e9xico, agreg\u00f3.<\/p>\n\n\n\n<p>\u201cEse desarrollo de Jocotitl\u00e1n lo distingue por tener obras y servicios que van a la altura de su gente, obras que permite dar un beneficio a todos los que vivimos aqu\u00ed y a los que nos visitan se sigan enamorando de el bello Joco\u201d, sostuvo.<\/p>\n\n\n\n<p>Por otra parte, dijo estar dispuesto a promover m\u00e1s espacios deportivos en Jocotitl\u00e1n. Con ello se di\u00f3 inicio a la rehabilitaci\u00f3n de la Unidad Deportiva de San Francisco Chej\u00e9, espacio destinado a la pr\u00e1ctica del deporte para todos los que gustan del f\u00fatbol, dicha cancha ser\u00e1 de pasto artificial lo que garantizar\u00e1 una mayor durabilidad y poco mantenimiento, \u00e9sta consistir\u00e1 en trazo y nivelaci\u00f3n de terreno, excavaci\u00f3n a cielo abierto, base hidr\u00e1ulica, colocaci\u00f3n de malla cicl\u00f3nica, entre otros.<\/p>\n\n\n\n<figure class=\"wp-block-gallery columns-3 is-cropped wp-block-gallery-1 is-layout-flex wp-block-gallery-is-layout-flex\"><ul class=\"blocks-gallery-grid\"><li class=\"blocks-gallery-item\"><figure><img decoding=\"async\" width=\"720\" height=\"480\" src=\"http:\/\/expressometro.mx\/wp-content\/uploads\/2021\/06\/WhatsApp-Image-2021-06-28-at-09.36.22-720x480.jpeg\" alt=\"\" data-id=\"3407\" data-link=\"http:\/\/expressometro.mx\/?attachment_id=3407\" class=\"wp-image-3407\" srcset=\"https:\/\/expressometro.mx\/wp-content\/uploads\/2021\/06\/WhatsApp-Image-2021-06-28-at-09.36.22-720x480.jpeg 720w, https:\/\/expressometro.mx\/wp-content\/uploads\/2021\/06\/WhatsApp-Image-2021-06-28-at-09.36.22-548x365.jpeg 548w, https:\/\/expressometro.mx\/wp-content\/uploads\/2021\/06\/WhatsApp-Image-2021-06-28-at-09.36.22-768x512.jpeg 768w, https:\/\/expressometro.mx\/wp-content\/uploads\/2021\/06\/WhatsApp-Image-2021-06-28-at-09.36.22.jpeg 960w\" sizes=\"(max-width: 720px) 100vw, 720px\" \/><\/figure><\/li><li class=\"blocks-gallery-item\"><figure><img decoding=\"async\" width=\"605\" height=\"423\" src=\"http:\/\/expressometro.mx\/wp-content\/uploads\/2021\/06\/WhatsApp-Image-2021-06-28-at-09.36.23.jpeg\" alt=\"\" data-id=\"3408\" data-link=\"http:\/\/expressometro.mx\/?attachment_id=3408\" class=\"wp-image-3408\" srcset=\"https:\/\/expressometro.mx\/wp-content\/uploads\/2021\/06\/WhatsApp-Image-2021-06-28-at-09.36.23.jpeg 605w, https:\/\/expressometro.mx\/wp-content\/uploads\/2021\/06\/WhatsApp-Image-2021-06-28-at-09.36.23-522x365.jpeg 522w\" sizes=\"(max-width: 605px) 100vw, 605px\" \/><\/figure><\/li><li class=\"blocks-gallery-item\"><figure><img decoding=\"async\" width=\"544\" height=\"480\" src=\"http:\/\/expressometro.mx\/wp-content\/uploads\/2021\/06\/WhatsApp-Image-2021-06-28-at-09.36.24-1-544x480.jpeg\" alt=\"\" data-id=\"3409\" data-link=\"http:\/\/expressometro.mx\/?attachment_id=3409\" class=\"wp-image-3409\" srcset=\"https:\/\/expressometro.mx\/wp-content\/uploads\/2021\/06\/WhatsApp-Image-2021-06-28-at-09.36.24-1-544x480.jpeg 544w, https:\/\/expressometro.mx\/wp-content\/uploads\/2021\/06\/WhatsApp-Image-2021-06-28-at-09.36.24-1-414x365.jpeg 414w, https:\/\/expressometro.mx\/wp-content\/uploads\/2021\/06\/WhatsApp-Image-2021-06-28-at-09.36.24-1-768x678.jpeg 768w, https:\/\/expressometro.mx\/wp-content\/uploads\/2021\/06\/WhatsApp-Image-2021-06-28-at-09.36.24-1.jpeg 960w\" sizes=\"(max-width: 544px) 100vw, 544px\" \/><\/figure><\/li><li class=\"blocks-gallery-item\"><figure><img decoding=\"async\" width=\"640\" height=\"480\" src=\"http:\/\/expressometro.mx\/wp-content\/uploads\/2021\/06\/WhatsApp-Image-2021-06-28-at-09.36.25-640x480.jpeg\" alt=\"\" data-id=\"3410\" data-link=\"http:\/\/expressometro.mx\/?attachment_id=3410\" class=\"wp-image-3410\" srcset=\"https:\/\/expressometro.mx\/wp-content\/uploads\/2021\/06\/WhatsApp-Image-2021-06-28-at-09.36.25-640x480.jpeg 640w, https:\/\/expressometro.mx\/wp-content\/uploads\/2021\/06\/WhatsApp-Image-2021-06-28-at-09.36.25-487x365.jpeg 487w, https:\/\/expressometro.mx\/wp-content\/uploads\/2021\/06\/WhatsApp-Image-2021-06-28-at-09.36.25-768x576.jpeg 768w, https:\/\/expressometro.mx\/wp-content\/uploads\/2021\/06\/WhatsApp-Image-2021-06-28-at-09.36.25.jpeg 960w\" sizes=\"(max-width: 640px) 100vw, 640px\" \/><\/figure><\/li><li class=\"blocks-gallery-item\"><figure><img decoding=\"async\" width=\"721\" height=\"480\" src=\"http:\/\/expressometro.mx\/wp-content\/uploads\/2021\/06\/WhatsApp-Image-2021-06-28-at-09.36.25-1-721x480.jpeg\" alt=\"\" data-id=\"3411\" data-link=\"http:\/\/expressometro.mx\/?attachment_id=3411\" class=\"wp-image-3411\" srcset=\"https:\/\/expressometro.mx\/wp-content\/uploads\/2021\/06\/WhatsApp-Image-2021-06-28-at-09.36.25-1-721x480.jpeg 721w, https:\/\/expressometro.mx\/wp-content\/uploads\/2021\/06\/WhatsApp-Image-2021-06-28-at-09.36.25-1-548x365.jpeg 548w, https:\/\/expressometro.mx\/wp-content\/uploads\/2021\/06\/WhatsApp-Image-2021-06-28-at-09.36.25-1-768x511.jpeg 768w, https:\/\/expressometro.mx\/wp-content\/uploads\/2021\/06\/WhatsApp-Image-2021-06-28-at-09.36.25-1.jpeg 961w\" sizes=\"(max-width: 721px) 100vw, 721px\" \/><\/figure><\/li><li class=\"blocks-gallery-item\"><figure><img decoding=\"async\" width=\"631\" height=\"480\" src=\"http:\/\/expressometro.mx\/wp-content\/uploads\/2021\/06\/WhatsApp-Image-2021-06-28-at-09.36.26-631x480.jpeg\" alt=\"\" data-id=\"3412\" data-link=\"http:\/\/expressometro.mx\/?attachment_id=3412\" class=\"wp-image-3412\" srcset=\"https:\/\/expressometro.mx\/wp-content\/uploads\/2021\/06\/WhatsApp-Image-2021-06-28-at-09.36.26-631x480.jpeg 631w, https:\/\/expressometro.mx\/wp-content\/uploads\/2021\/06\/WhatsApp-Image-2021-06-28-at-09.36.26-480x365.jpeg 480w, https:\/\/expressometro.mx\/wp-content\/uploads\/2021\/06\/WhatsApp-Image-2021-06-28-at-09.36.26-768x584.jpeg 768w, https:\/\/expressometro.mx\/wp-content\/uploads\/2021\/06\/WhatsApp-Image-2021-06-28-at-09.36.26.jpeg 960w\" sizes=\"(max-width: 631px) 100vw, 631px\" \/><\/figure><\/li><li class=\"blocks-gallery-item\"><figure><img decoding=\"async\" width=\"721\" height=\"480\" src=\"http:\/\/expressometro.mx\/wp-content\/uploads\/2021\/06\/WhatsApp-Image-2021-06-28-at-09.36.26-1-721x480.jpeg\" alt=\"\" data-id=\"3413\" data-full-url=\"http:\/\/expressometro.mx\/wp-content\/uploads\/2021\/06\/WhatsApp-Image-2021-06-28-at-09.36.26-1.jpeg\" data-link=\"http:\/\/expressometro.mx\/?attachment_id=3413\" class=\"wp-image-3413\" srcset=\"https:\/\/expressometro.mx\/wp-content\/uploads\/2021\/06\/WhatsApp-Image-2021-06-28-at-09.36.26-1-721x480.jpeg 721w, https:\/\/expressometro.mx\/wp-content\/uploads\/2021\/06\/WhatsApp-Image-2021-06-28-at-09.36.26-1-548x365.jpeg 548w, https:\/\/expressometro.mx\/wp-content\/uploads\/2021\/06\/WhatsApp-Image-2021-06-28-at-09.36.26-1-768x511.jpeg 768w, https:\/\/expressometro.mx\/wp-content\/uploads\/2021\/06\/WhatsApp-Image-2021-06-28-at-09.36.26-1.jpeg 961w\" sizes=\"(max-width: 721px) 100vw, 721px\" \/><\/figure><\/li><\/ul><\/figure>\n","protected":false},"excerpt":{"rendered":"<p>En el momento de darnos su confianza la respuesta en inmediato es impulsar las obras obras para beneficio de todos los que habitan en este municipio progresista y distinguido de la regi\u00f3n norte del Estado de M\u00e9xico, agreg\u00f3.<\/p>\n","protected":false},"author":2,"featured_media":3406,"comment_status":"open","ping_status":"open","sticky":false,"template":"","format":"standard","meta":{"footnotes":""},"categories":[1],"tags":[576,324],"class_list":["post-3404","post","type-post","status-publish","format-standard","has-post-thumbnail","hentry","category-otros","tag-ivan-esquer","tag-jocotitlan"],"yoast_head":"<!-- This site is optimized with the Yoast SEO plugin v27.5 - https:\/\/yoast.com\/product\/yoast-seo-wordpress\/ -->\n<title>ESTAMOS CUMPLIENDO CON JOCOTITLAN: IVAN ESQUER - Expresso Metropolitano<\/title>\n<meta name=\"robots\" content=\"index, follow, max-snippet:-1, max-image-preview:large, max-video-preview:-1\" \/>\n<link rel=\"canonical\" href=\"https:\/\/expressometro.mx\/index.php\/2021\/06\/25\/estamos-cumpliendo-con-jocotitlan-ivan-esquer\/\" \/>\n<meta property=\"og:locale\" content=\"es_MX\" \/>\n<meta property=\"og:type\" content=\"article\" \/>\n<meta property=\"og:title\" content=\"ESTAMOS CUMPLIENDO CON JOCOTITLAN: IVAN ESQUER - Expresso Metropolitano\" \/>\n<meta property=\"og:description\" content=\"En el momento de darnos su confianza la respuesta en inmediato es impulsar las obras obras para beneficio de todos los que habitan en este municipio progresista y distinguido de la regi\u00f3n norte del Estado de M\u00e9xico, agreg\u00f3.\" \/>\n<meta property=\"og:url\" content=\"https:\/\/expressometro.mx\/index.php\/2021\/06\/25\/estamos-cumpliendo-con-jocotitlan-ivan-esquer\/\" \/>\n<meta property=\"og:site_name\" content=\"Expresso Metropolitano\" \/>\n<meta property=\"article:published_time\" content=\"2021-06-25T15:22:00+00:00\" \/>\n<meta property=\"article:modified_time\" content=\"2021-06-28T15:33:55+00:00\" \/>\n<meta property=\"og:image\" content=\"https:\/\/expressometro.mx\/wp-content\/uploads\/2021\/06\/WhatsApp-Image-2021-06-28-at-09.36.24.jpeg\" \/>\n\t<meta property=\"og:image:width\" content=\"960\" \/>\n\t<meta property=\"og:image:height\" content=\"640\" \/>\n\t<meta property=\"og:image:type\" content=\"image\/jpeg\" \/>\n<meta name=\"author\" content=\"Cecilia Vega\" \/>\n<meta name=\"twitter:label1\" content=\"Escrito por\" \/>\n\t<meta name=\"twitter:data1\" content=\"Cecilia Vega\" \/>\n\t<meta name=\"twitter:label2\" content=\"Tiempo de lectura\" \/>\n\t<meta name=\"twitter:data2\" content=\"3 minutos\" \/>\n<script type=\"application\/ld+json\" class=\"yoast-schema-graph\">{\"@context\":\"https:\\\/\\\/schema.org\",\"@graph\":[{\"@type\":\"Article\",\"@id\":\"https:\\\/\\\/expressometro.mx\\\/index.php\\\/2021\\\/06\\\/25\\\/estamos-cumpliendo-con-jocotitlan-ivan-esquer\\\/#article\",\"isPartOf\":{\"@id\":\"https:\\\/\\\/expressometro.mx\\\/index.php\\\/2021\\\/06\\\/25\\\/estamos-cumpliendo-con-jocotitlan-ivan-esquer\\\/\"},\"author\":{\"name\":\"Cecilia Vega\",\"@id\":\"https:\\\/\\\/expressometro.mx\\\/#\\\/schema\\\/person\\\/67a95b8e3862085c7598f66237488f1f\"},\"headline\":\"ESTAMOS CUMPLIENDO CON JOCOTITLAN: IVAN ESQUER\",\"datePublished\":\"2021-06-25T15:22:00+00:00\",\"dateModified\":\"2021-06-28T15:33:55+00:00\",\"mainEntityOfPage\":{\"@id\":\"https:\\\/\\\/expressometro.mx\\\/index.php\\\/2021\\\/06\\\/25\\\/estamos-cumpliendo-con-jocotitlan-ivan-esquer\\\/\"},\"wordCount\":289,\"commentCount\":0,\"publisher\":{\"@id\":\"https:\\\/\\\/expressometro.mx\\\/#organization\"},\"image\":{\"@id\":\"https:\\\/\\\/expressometro.mx\\\/index.php\\\/2021\\\/06\\\/25\\\/estamos-cumpliendo-con-jocotitlan-ivan-esquer\\\/#primaryimage\"},\"thumbnailUrl\":\"https:\\\/\\\/expressometro.mx\\\/wp-content\\\/uploads\\\/2021\\\/06\\\/WhatsApp-Image-2021-06-28-at-09.36.24.jpeg\",\"keywords\":[\"Iv\u00e1n Esquer\",\"Jocotitl\u00e1n\"],\"articleSection\":[\"Otros\"],\"inLanguage\":\"es\",\"potentialAction\":[{\"@type\":\"CommentAction\",\"name\":\"Comment\",\"target\":[\"https:\\\/\\\/expressometro.mx\\\/index.php\\\/2021\\\/06\\\/25\\\/estamos-cumpliendo-con-jocotitlan-ivan-esquer\\\/#respond\"]}]},{\"@type\":\"WebPage\",\"@id\":\"https:\\\/\\\/expressometro.mx\\\/index.php\\\/2021\\\/06\\\/25\\\/estamos-cumpliendo-con-jocotitlan-ivan-esquer\\\/\",\"url\":\"https:\\\/\\\/expressometro.mx\\\/index.php\\\/2021\\\/06\\\/25\\\/estamos-cumpliendo-con-jocotitlan-ivan-esquer\\\/\",\"name\":\"ESTAMOS CUMPLIENDO CON JOCOTITLAN: IVAN ESQUER - Expresso Metropolitano\",\"isPartOf\":{\"@id\":\"https:\\\/\\\/expressometro.mx\\\/#website\"},\"primaryImageOfPage\":{\"@id\":\"https:\\\/\\\/expressometro.mx\\\/index.php\\\/2021\\\/06\\\/25\\\/estamos-cumpliendo-con-jocotitlan-ivan-esquer\\\/#primaryimage\"},\"image\":{\"@id\":\"https:\\\/\\\/expressometro.mx\\\/index.php\\\/2021\\\/06\\\/25\\\/estamos-cumpliendo-con-jocotitlan-ivan-esquer\\\/#primaryimage\"},\"thumbnailUrl\":\"https:\\\/\\\/expressometro.mx\\\/wp-content\\\/uploads\\\/2021\\\/06\\\/WhatsApp-Image-2021-06-28-at-09.36.24.jpeg\",\"datePublished\":\"2021-06-25T15:22:00+00:00\",\"dateModified\":\"2021-06-28T15:33:55+00:00\",\"breadcrumb\":{\"@id\":\"https:\\\/\\\/expressometro.mx\\\/index.php\\\/2021\\\/06\\\/25\\\/estamos-cumpliendo-con-jocotitlan-ivan-esquer\\\/#breadcrumb\"},\"inLanguage\":\"es\",\"potentialAction\":[{\"@type\":\"ReadAction\",\"target\":[\"https:\\\/\\\/expressometro.mx\\\/index.php\\\/2021\\\/06\\\/25\\\/estamos-cumpliendo-con-jocotitlan-ivan-esquer\\\/\"]}]},{\"@type\":\"ImageObject\",\"inLanguage\":\"es\",\"@id\":\"https:\\\/\\\/expressometro.mx\\\/index.php\\\/2021\\\/06\\\/25\\\/estamos-cumpliendo-con-jocotitlan-ivan-esquer\\\/#primaryimage\",\"url\":\"https:\\\/\\\/expressometro.mx\\\/wp-content\\\/uploads\\\/2021\\\/06\\\/WhatsApp-Image-2021-06-28-at-09.36.24.jpeg\",\"contentUrl\":\"https:\\\/\\\/expressometro.mx\\\/wp-content\\\/uploads\\\/2021\\\/06\\\/WhatsApp-Image-2021-06-28-at-09.36.24.jpeg\",\"width\":960,\"height\":640},{\"@type\":\"BreadcrumbList\",\"@id\":\"https:\\\/\\\/expressometro.mx\\\/index.php\\\/2021\\\/06\\\/25\\\/estamos-cumpliendo-con-jocotitlan-ivan-esquer\\\/#breadcrumb\",\"itemListElement\":[{\"@type\":\"ListItem\",\"position\":1,\"name\":\"Inicio\",\"item\":\"https:\\\/\\\/expressometro.mx\\\/\"},{\"@type\":\"ListItem\",\"position\":2,\"name\":\"ESTAMOS CUMPLIENDO CON JOCOTITLAN: IVAN ESQUER\"}]},{\"@type\":\"WebSite\",\"@id\":\"https:\\\/\\\/expressometro.mx\\\/#website\",\"url\":\"https:\\\/\\\/expressometro.mx\\\/\",\"name\":\"Expresso Metropolitano\",\"description\":\"Periodismo comprometido, informaci\u00f3n, investigaci\u00f3n y an\u00e1lisis\",\"publisher\":{\"@id\":\"https:\\\/\\\/expressometro.mx\\\/#organization\"},\"potentialAction\":[{\"@type\":\"SearchAction\",\"target\":{\"@type\":\"EntryPoint\",\"urlTemplate\":\"https:\\\/\\\/expressometro.mx\\\/?s={search_term_string}\"},\"query-input\":{\"@type\":\"PropertyValueSpecification\",\"valueRequired\":true,\"valueName\":\"search_term_string\"}}],\"inLanguage\":\"es\"},{\"@type\":\"Organization\",\"@id\":\"https:\\\/\\\/expressometro.mx\\\/#organization\",\"name\":\"Expresso Metropolitano\",\"url\":\"https:\\\/\\\/expressometro.mx\\\/\",\"logo\":{\"@type\":\"ImageObject\",\"inLanguage\":\"es\",\"@id\":\"https:\\\/\\\/expressometro.mx\\\/#\\\/schema\\\/logo\\\/image\\\/\",\"url\":\"https:\\\/\\\/expressometro.mx\\\/wp-content\\\/uploads\\\/2019\\\/07\\\/cropped-Logo-Expresso-Metropolitano-1-1.jpeg\",\"contentUrl\":\"https:\\\/\\\/expressometro.mx\\\/wp-content\\\/uploads\\\/2019\\\/07\\\/cropped-Logo-Expresso-Metropolitano-1-1.jpeg\",\"width\":290,\"height\":73,\"caption\":\"Expresso Metropolitano\"},\"image\":{\"@id\":\"https:\\\/\\\/expressometro.mx\\\/#\\\/schema\\\/logo\\\/image\\\/\"}},{\"@type\":\"Person\",\"@id\":\"https:\\\/\\\/expressometro.mx\\\/#\\\/schema\\\/person\\\/67a95b8e3862085c7598f66237488f1f\",\"name\":\"Cecilia Vega\",\"image\":{\"@type\":\"ImageObject\",\"inLanguage\":\"es\",\"@id\":\"https:\\\/\\\/secure.gravatar.com\\\/avatar\\\/13aae9944ab2ee472a9e407c9487fdbd03b049abaa559af32fe5dbcf615c981b?s=96&d=mm&r=g\",\"url\":\"https:\\\/\\\/secure.gravatar.com\\\/avatar\\\/13aae9944ab2ee472a9e407c9487fdbd03b049abaa559af32fe5dbcf615c981b?s=96&d=mm&r=g\",\"contentUrl\":\"https:\\\/\\\/secure.gravatar.com\\\/avatar\\\/13aae9944ab2ee472a9e407c9487fdbd03b049abaa559af32fe5dbcf615c981b?s=96&d=mm&r=g\",\"caption\":\"Cecilia Vega\"},\"url\":\"https:\\\/\\\/expressometro.mx\\\/index.php\\\/author\\\/cecilia-vega\\\/\"}]}<\/script>\n<!-- \/ Yoast SEO plugin. -->","yoast_head_json":{"title":"ESTAMOS CUMPLIENDO CON JOCOTITLAN: IVAN ESQUER - Expresso Metropolitano","robots":{"index":"index","follow":"follow","max-snippet":"max-snippet:-1","max-image-preview":"max-image-preview:large","max-video-preview":"max-video-preview:-1"},"canonical":"https:\/\/expressometro.mx\/index.php\/2021\/06\/25\/estamos-cumpliendo-con-jocotitlan-ivan-esquer\/","og_locale":"es_MX","og_type":"article","og_title":"ESTAMOS CUMPLIENDO CON JOCOTITLAN: IVAN ESQUER - Expresso Metropolitano","og_description":"En el momento de darnos su confianza la respuesta en inmediato es impulsar las obras obras para beneficio de todos los que habitan en este municipio progresista y distinguido de la regi\u00f3n norte del Estado de M\u00e9xico, agreg\u00f3.","og_url":"https:\/\/expressometro.mx\/index.php\/2021\/06\/25\/estamos-cumpliendo-con-jocotitlan-ivan-esquer\/","og_site_name":"Expresso Metropolitano","article_published_time":"2021-06-25T15:22:00+00:00","article_modified_time":"2021-06-28T15:33:55+00:00","og_image":[{"width":960,"height":640,"url":"https:\/\/expressometro.mx\/wp-content\/uploads\/2021\/06\/WhatsApp-Image-2021-06-28-at-09.36.24.jpeg","type":"image\/jpeg"}],"author":"Cecilia Vega","twitter_misc":{"Escrito por":"Cecilia Vega","Tiempo de lectura":"3 minutos"},"schema":{"@context":"https:\/\/schema.org","@graph":[{"@type":"Article","@id":"https:\/\/expressometro.mx\/index.php\/2021\/06\/25\/estamos-cumpliendo-con-jocotitlan-ivan-esquer\/#article","isPartOf":{"@id":"https:\/\/expressometro.mx\/index.php\/2021\/06\/25\/estamos-cumpliendo-con-jocotitlan-ivan-esquer\/"},"author":{"name":"Cecilia Vega","@id":"https:\/\/expressometro.mx\/#\/schema\/person\/67a95b8e3862085c7598f66237488f1f"},"headline":"ESTAMOS CUMPLIENDO CON JOCOTITLAN: IVAN ESQUER","datePublished":"2021-06-25T15:22:00+00:00","dateModified":"2021-06-28T15:33:55+00:00","mainEntityOfPage":{"@id":"https:\/\/expressometro.mx\/index.php\/2021\/06\/25\/estamos-cumpliendo-con-jocotitlan-ivan-esquer\/"},"wordCount":289,"commentCount":0,"publisher":{"@id":"https:\/\/expressometro.mx\/#organization"},"image":{"@id":"https:\/\/expressometro.mx\/index.php\/2021\/06\/25\/estamos-cumpliendo-con-jocotitlan-ivan-esquer\/#primaryimage"},"thumbnailUrl":"https:\/\/expressometro.mx\/wp-content\/uploads\/2021\/06\/WhatsApp-Image-2021-06-28-at-09.36.24.jpeg","keywords":["Iv\u00e1n Esquer","Jocotitl\u00e1n"],"articleSection":["Otros"],"inLanguage":"es","potentialAction":[{"@type":"CommentAction","name":"Comment","target":["https:\/\/expressometro.mx\/index.php\/2021\/06\/25\/estamos-cumpliendo-con-jocotitlan-ivan-esquer\/#respond"]}]},{"@type":"WebPage","@id":"https:\/\/expressometro.mx\/index.php\/2021\/06\/25\/estamos-cumpliendo-con-jocotitlan-ivan-esquer\/","url":"https:\/\/expressometro.mx\/index.php\/2021\/06\/25\/estamos-cumpliendo-con-jocotitlan-ivan-esquer\/","name":"ESTAMOS CUMPLIENDO CON JOCOTITLAN: IVAN ESQUER - Expresso Metropolitano","isPartOf":{"@id":"https:\/\/expressometro.mx\/#website"},"primaryImageOfPage":{"@id":"https:\/\/expressometro.mx\/index.php\/2021\/06\/25\/estamos-cumpliendo-con-jocotitlan-ivan-esquer\/#primaryimage"},"image":{"@id":"https:\/\/expressometro.mx\/index.php\/2021\/06\/25\/estamos-cumpliendo-con-jocotitlan-ivan-esquer\/#primaryimage"},"thumbnailUrl":"https:\/\/expressometro.mx\/wp-content\/uploads\/2021\/06\/WhatsApp-Image-2021-06-28-at-09.36.24.jpeg","datePublished":"2021-06-25T15:22:00+00:00","dateModified":"2021-06-28T15:33:55+00:00","breadcrumb":{"@id":"https:\/\/expressometro.mx\/index.php\/2021\/06\/25\/estamos-cumpliendo-con-jocotitlan-ivan-esquer\/#breadcrumb"},"inLanguage":"es","potentialAction":[{"@type":"ReadAction","target":["https:\/\/expressometro.mx\/index.php\/2021\/06\/25\/estamos-cumpliendo-con-jocotitlan-ivan-esquer\/"]}]},{"@type":"ImageObject","inLanguage":"es","@id":"https:\/\/expressometro.mx\/index.php\/2021\/06\/25\/estamos-cumpliendo-con-jocotitlan-ivan-esquer\/#primaryimage","url":"https:\/\/expressometro.mx\/wp-content\/uploads\/2021\/06\/WhatsApp-Image-2021-06-28-at-09.36.24.jpeg","contentUrl":"https:\/\/expressometro.mx\/wp-content\/uploads\/2021\/06\/WhatsApp-Image-2021-06-28-at-09.36.24.jpeg","width":960,"height":640},{"@type":"BreadcrumbList","@id":"https:\/\/expressometro.mx\/index.php\/2021\/06\/25\/estamos-cumpliendo-con-jocotitlan-ivan-esquer\/#breadcrumb","itemListElement":[{"@type":"ListItem","position":1,"name":"Inicio","item":"https:\/\/expressometro.mx\/"},{"@type":"ListItem","position":2,"name":"ESTAMOS CUMPLIENDO CON JOCOTITLAN: IVAN ESQUER"}]},{"@type":"WebSite","@id":"https:\/\/expressometro.mx\/#website","url":"https:\/\/expressometro.mx\/","name":"Expresso Metropolitano","description":"Periodismo comprometido, informaci\u00f3n, investigaci\u00f3n y an\u00e1lisis","publisher":{"@id":"https:\/\/expressometro.mx\/#organization"},"potentialAction":[{"@type":"SearchAction","target":{"@type":"EntryPoint","urlTemplate":"https:\/\/expressometro.mx\/?s={search_term_string}"},"query-input":{"@type":"PropertyValueSpecification","valueRequired":true,"valueName":"search_term_string"}}],"inLanguage":"es"},{"@type":"Organization","@id":"https:\/\/expressometro.mx\/#organization","name":"Expresso Metropolitano","url":"https:\/\/expressometro.mx\/","logo":{"@type":"ImageObject","inLanguage":"es","@id":"https:\/\/expressometro.mx\/#\/schema\/logo\/image\/","url":"https:\/\/expressometro.mx\/wp-content\/uploads\/2019\/07\/cropped-Logo-Expresso-Metropolitano-1-1.jpeg","contentUrl":"https:\/\/expressometro.mx\/wp-content\/uploads\/2019\/07\/cropped-Logo-Expresso-Metropolitano-1-1.jpeg","width":290,"height":73,"caption":"Expresso Metropolitano"},"image":{"@id":"https:\/\/expressometro.mx\/#\/schema\/logo\/image\/"}},{"@type":"Person","@id":"https:\/\/expressometro.mx\/#\/schema\/person\/67a95b8e3862085c7598f66237488f1f","name":"Cecilia Vega","image":{"@type":"ImageObject","inLanguage":"es","@id":"https:\/\/secure.gravatar.com\/avatar\/13aae9944ab2ee472a9e407c9487fdbd03b049abaa559af32fe5dbcf615c981b?s=96&d=mm&r=g","url":"https:\/\/secure.gravatar.com\/avatar\/13aae9944ab2ee472a9e407c9487fdbd03b049abaa559af32fe5dbcf615c981b?s=96&d=mm&r=g","contentUrl":"https:\/\/secure.gravatar.com\/avatar\/13aae9944ab2ee472a9e407c9487fdbd03b049abaa559af32fe5dbcf615c981b?s=96&d=mm&r=g","caption":"Cecilia Vega"},"url":"https:\/\/expressometro.mx\/index.php\/author\/cecilia-vega\/"}]}},"amp_enabled":true,"_links":{"self":[{"href":"https:\/\/expressometro.mx\/index.php\/wp-json\/wp\/v2\/posts\/3404","targetHints":{"allow":["GET"]}}],"collection":[{"href":"https:\/\/expressometro.mx\/index.php\/wp-json\/wp\/v2\/posts"}],"about":[{"href":"https:\/\/expressometro.mx\/index.php\/wp-json\/wp\/v2\/types\/post"}],"author":[{"embeddable":true,"href":"https:\/\/expressometro.mx\/index.php\/wp-json\/wp\/v2\/users\/2"}],"replies":[{"embeddable":true,"href":"https:\/\/expressometro.mx\/index.php\/wp-json\/wp\/v2\/comments?post=3404"}],"version-history":[{"count":1,"href":"https:\/\/expressometro.mx\/index.php\/wp-json\/wp\/v2\/posts\/3404\/revisions"}],"predecessor-version":[{"id":3414,"href":"https:\/\/expressometro.mx\/index.php\/wp-json\/wp\/v2\/posts\/3404\/revisions\/3414"}],"wp:featuredmedia":[{"embeddable":true,"href":"https:\/\/expressometro.mx\/index.php\/wp-json\/wp\/v2\/media\/3406"}],"wp:attachment":[{"href":"https:\/\/expressometro.mx\/index.php\/wp-json\/wp\/v2\/media?parent=3404"}],"wp:term":[{"taxonomy":"category","embeddable":true,"href":"https:\/\/expressometro.mx\/index.php\/wp-json\/wp\/v2\/categories?post=3404"},{"taxonomy":"post_tag","embeddable":true,"href":"https:\/\/expressometro.mx\/index.php\/wp-json\/wp\/v2\/tags?post=3404"}],"curies":[{"name":"wp","href":"https:\/\/api.w.org\/{rel}","templated":true}]}}