{"id":3375,"date":"2021-06-10T12:31:53","date_gmt":"2021-06-10T17:31:53","guid":{"rendered":"http:\/\/expressometro.mx\/?p=3375"},"modified":"2021-06-10T12:31:54","modified_gmt":"2021-06-10T17:31:54","slug":"miguel-samano-recibio-su-constancia-de-mayoria","status":"publish","type":"post","link":"https:\/\/expressometro.mx\/index.php\/2021\/06\/10\/miguel-samano-recibio-su-constancia-de-mayoria\/","title":{"rendered":"Miguel S\u00e1mano recibi\u00f3 su constancia de mayor\u00eda"},"content":{"rendered":"\n<p>\u201cIniciamos un nuevo camino, en el que trabajaremos por todos los habitantes del Distrito 01, con la convicci\u00f3n de que tenemos que progresar juntos. Agradezco de coraz\u00f3n a quienes creen y seguir\u00e1n avanzando de la mano de la coalici\u00f3n Va por M\u00e9xico\u201d.<\/p>\n\n\n\n<p>As\u00ed lo escribi\u00f3 Miguel S\u00e1mano Peralta en sus redes sociales, al recibir la constancia de mayor\u00eda que le acredita como el ganador en las elecciones del domingo 6 de junio, con lo que se convertir\u00e1 en diputado federal representando a los habitantes del Distrito 01 que tiene cabecera en Jilotepec.<\/p>\n\n\n\n<p>Recib\u00ed la Constancia de Mayor\u00eda que me acredita como Diputado Federal Electo, con 99,142 votos.<\/p>\n\n\n\n<p>Durante la breve ceremonia el candidato de la coalici\u00f3n \u201cVa por M\u00e9xico\u201d, reiter\u00f3 su compromiso de trabajar codo a codo con los habitantes de los municipios que integran el distrito para mejorar el bienestar de las familias, sobre todo de aquellas que menos tienen.<\/p>\n\n\n\n<p>\u201cMis paisanos del norte saben que no les fallar\u00e9 y que les entregar\u00e9 buenas cuentas, tanto en mi trabajo legislativo, como en mi trabajo de gesti\u00f3n. Tenemos que recuperar la confianza en M\u00e9xico y que juntos podemos acabar con la apat\u00eda para ser mejores mexicanos\u201d, dijo finalmente S\u00e1mano Peralta.<\/p>\n\n\n\n<figure class=\"wp-block-gallery columns-3 is-cropped wp-block-gallery-1 is-layout-flex wp-block-gallery-is-layout-flex\"><ul class=\"blocks-gallery-grid\"><li class=\"blocks-gallery-item\"><figure><img loading=\"lazy\" decoding=\"async\" width=\"721\" height=\"480\" src=\"http:\/\/expressometro.mx\/wp-content\/uploads\/2021\/06\/WhatsApp-Image-2021-06-10-at-12.00.51-721x480.jpeg\" alt=\"\" data-id=\"3376\" data-link=\"http:\/\/expressometro.mx\/?attachment_id=3376\" class=\"wp-image-3376\" srcset=\"https:\/\/expressometro.mx\/wp-content\/uploads\/2021\/06\/WhatsApp-Image-2021-06-10-at-12.00.51-721x480.jpeg 721w, https:\/\/expressometro.mx\/wp-content\/uploads\/2021\/06\/WhatsApp-Image-2021-06-10-at-12.00.51-548x365.jpeg 548w, https:\/\/expressometro.mx\/wp-content\/uploads\/2021\/06\/WhatsApp-Image-2021-06-10-at-12.00.51-768x512.jpeg 768w, https:\/\/expressometro.mx\/wp-content\/uploads\/2021\/06\/WhatsApp-Image-2021-06-10-at-12.00.51.jpeg 1024w\" sizes=\"auto, (max-width: 721px) 100vw, 721px\" \/><\/figure><\/li><li class=\"blocks-gallery-item\"><figure><img loading=\"lazy\" decoding=\"async\" width=\"721\" height=\"480\" src=\"http:\/\/expressometro.mx\/wp-content\/uploads\/2021\/06\/WhatsApp-Image-2021-06-10-at-12.00.51-1-721x480.jpeg\" alt=\"\" data-id=\"3379\" data-link=\"http:\/\/expressometro.mx\/?attachment_id=3379\" class=\"wp-image-3379\" srcset=\"https:\/\/expressometro.mx\/wp-content\/uploads\/2021\/06\/WhatsApp-Image-2021-06-10-at-12.00.51-1-721x480.jpeg 721w, https:\/\/expressometro.mx\/wp-content\/uploads\/2021\/06\/WhatsApp-Image-2021-06-10-at-12.00.51-1-548x365.jpeg 548w, https:\/\/expressometro.mx\/wp-content\/uploads\/2021\/06\/WhatsApp-Image-2021-06-10-at-12.00.51-1-768x512.jpeg 768w, https:\/\/expressometro.mx\/wp-content\/uploads\/2021\/06\/WhatsApp-Image-2021-06-10-at-12.00.51-1.jpeg 1024w\" sizes=\"auto, (max-width: 721px) 100vw, 721px\" \/><\/figure><\/li><li class=\"blocks-gallery-item\"><figure><img loading=\"lazy\" decoding=\"async\" width=\"286\" height=\"480\" src=\"http:\/\/expressometro.mx\/wp-content\/uploads\/2021\/06\/WhatsApp-Image-2021-06-10-at-12.00.51-3-286x480.jpeg\" alt=\"\" data-id=\"3380\" data-full-url=\"http:\/\/expressometro.mx\/wp-content\/uploads\/2021\/06\/WhatsApp-Image-2021-06-10-at-12.00.51-3.jpeg\" data-link=\"http:\/\/expressometro.mx\/?attachment_id=3380\" class=\"wp-image-3380\" srcset=\"https:\/\/expressometro.mx\/wp-content\/uploads\/2021\/06\/WhatsApp-Image-2021-06-10-at-12.00.51-3-286x480.jpeg 286w, https:\/\/expressometro.mx\/wp-content\/uploads\/2021\/06\/WhatsApp-Image-2021-06-10-at-12.00.51-3-217x365.jpeg 217w, https:\/\/expressometro.mx\/wp-content\/uploads\/2021\/06\/WhatsApp-Image-2021-06-10-at-12.00.51-3.jpeg 373w\" sizes=\"auto, (max-width: 286px) 100vw, 286px\" \/><\/figure><\/li><\/ul><\/figure>\n","protected":false},"excerpt":{"rendered":"<p>Recib\u00ed la Constancia de Mayor\u00eda que me acredita como Diputado Federal Electo, con 99,142 votos.<\/p>\n","protected":false},"author":2,"featured_media":3377,"comment_status":"open","ping_status":"open","sticky":false,"template":"","format":"standard","meta":{"footnotes":""},"categories":[3,231],"tags":[99,376],"class_list":["post-3375","post","type-post","status-publish","format-standard","has-post-thumbnail","hentry","category-gobierno","category-politica","tag-maurilio-hernandez","tag-miguel-samano"],"yoast_head":"<!-- This site is optimized with the Yoast SEO plugin v27.5 - https:\/\/yoast.com\/product\/yoast-seo-wordpress\/ -->\n<title>Miguel S\u00e1mano recibi\u00f3 su constancia de mayor\u00eda - Expresso Metropolitano<\/title>\n<meta name=\"robots\" content=\"index, follow, max-snippet:-1, max-image-preview:large, max-video-preview:-1\" \/>\n<link rel=\"canonical\" href=\"https:\/\/expressometro.mx\/index.php\/2021\/06\/10\/miguel-samano-recibio-su-constancia-de-mayoria\/\" \/>\n<meta property=\"og:locale\" content=\"es_MX\" \/>\n<meta property=\"og:type\" content=\"article\" \/>\n<meta property=\"og:title\" content=\"Miguel S\u00e1mano recibi\u00f3 su constancia de mayor\u00eda - Expresso Metropolitano\" \/>\n<meta property=\"og:description\" content=\"Recib\u00ed la Constancia de Mayor\u00eda que me acredita como Diputado Federal Electo, con 99,142 votos.\" \/>\n<meta property=\"og:url\" content=\"https:\/\/expressometro.mx\/index.php\/2021\/06\/10\/miguel-samano-recibio-su-constancia-de-mayoria\/\" \/>\n<meta property=\"og:site_name\" content=\"Expresso Metropolitano\" \/>\n<meta property=\"article:published_time\" content=\"2021-06-10T17:31:53+00:00\" \/>\n<meta property=\"article:modified_time\" content=\"2021-06-10T17:31:54+00:00\" \/>\n<meta property=\"og:image\" content=\"https:\/\/expressometro.mx\/wp-content\/uploads\/2021\/06\/WhatsApp-Image-2021-06-10-at-12.00.51-2.jpeg\" \/>\n\t<meta property=\"og:image:width\" content=\"1024\" \/>\n\t<meta property=\"og:image:height\" content=\"682\" \/>\n\t<meta property=\"og:image:type\" content=\"image\/jpeg\" \/>\n<meta name=\"author\" content=\"Cecilia Vega\" \/>\n<meta name=\"twitter:label1\" content=\"Escrito por\" \/>\n\t<meta name=\"twitter:data1\" content=\"Cecilia Vega\" \/>\n\t<meta name=\"twitter:label2\" content=\"Tiempo de lectura\" \/>\n\t<meta name=\"twitter:data2\" content=\"2 minutos\" \/>\n<script type=\"application\/ld+json\" class=\"yoast-schema-graph\">{\"@context\":\"https:\\\/\\\/schema.org\",\"@graph\":[{\"@type\":\"Article\",\"@id\":\"https:\\\/\\\/expressometro.mx\\\/index.php\\\/2021\\\/06\\\/10\\\/miguel-samano-recibio-su-constancia-de-mayoria\\\/#article\",\"isPartOf\":{\"@id\":\"https:\\\/\\\/expressometro.mx\\\/index.php\\\/2021\\\/06\\\/10\\\/miguel-samano-recibio-su-constancia-de-mayoria\\\/\"},\"author\":{\"name\":\"Cecilia Vega\",\"@id\":\"https:\\\/\\\/expressometro.mx\\\/#\\\/schema\\\/person\\\/67a95b8e3862085c7598f66237488f1f\"},\"headline\":\"Miguel S\u00e1mano recibi\u00f3 su constancia de mayor\u00eda\",\"datePublished\":\"2021-06-10T17:31:53+00:00\",\"dateModified\":\"2021-06-10T17:31:54+00:00\",\"mainEntityOfPage\":{\"@id\":\"https:\\\/\\\/expressometro.mx\\\/index.php\\\/2021\\\/06\\\/10\\\/miguel-samano-recibio-su-constancia-de-mayoria\\\/\"},\"wordCount\":219,\"commentCount\":0,\"publisher\":{\"@id\":\"https:\\\/\\\/expressometro.mx\\\/#organization\"},\"image\":{\"@id\":\"https:\\\/\\\/expressometro.mx\\\/index.php\\\/2021\\\/06\\\/10\\\/miguel-samano-recibio-su-constancia-de-mayoria\\\/#primaryimage\"},\"thumbnailUrl\":\"https:\\\/\\\/expressometro.mx\\\/wp-content\\\/uploads\\\/2021\\\/06\\\/WhatsApp-Image-2021-06-10-at-12.00.51-2.jpeg\",\"keywords\":[\"Maurilio Hern\u00e1ndez\",\"Miguel S\u00e1mano\"],\"articleSection\":[\"Gobierno\",\"Pol\u00edtica\"],\"inLanguage\":\"es\",\"potentialAction\":[{\"@type\":\"CommentAction\",\"name\":\"Comment\",\"target\":[\"https:\\\/\\\/expressometro.mx\\\/index.php\\\/2021\\\/06\\\/10\\\/miguel-samano-recibio-su-constancia-de-mayoria\\\/#respond\"]}]},{\"@type\":\"WebPage\",\"@id\":\"https:\\\/\\\/expressometro.mx\\\/index.php\\\/2021\\\/06\\\/10\\\/miguel-samano-recibio-su-constancia-de-mayoria\\\/\",\"url\":\"https:\\\/\\\/expressometro.mx\\\/index.php\\\/2021\\\/06\\\/10\\\/miguel-samano-recibio-su-constancia-de-mayoria\\\/\",\"name\":\"Miguel S\u00e1mano recibi\u00f3 su constancia de mayor\u00eda - Expresso Metropolitano\",\"isPartOf\":{\"@id\":\"https:\\\/\\\/expressometro.mx\\\/#website\"},\"primaryImageOfPage\":{\"@id\":\"https:\\\/\\\/expressometro.mx\\\/index.php\\\/2021\\\/06\\\/10\\\/miguel-samano-recibio-su-constancia-de-mayoria\\\/#primaryimage\"},\"image\":{\"@id\":\"https:\\\/\\\/expressometro.mx\\\/index.php\\\/2021\\\/06\\\/10\\\/miguel-samano-recibio-su-constancia-de-mayoria\\\/#primaryimage\"},\"thumbnailUrl\":\"https:\\\/\\\/expressometro.mx\\\/wp-content\\\/uploads\\\/2021\\\/06\\\/WhatsApp-Image-2021-06-10-at-12.00.51-2.jpeg\",\"datePublished\":\"2021-06-10T17:31:53+00:00\",\"dateModified\":\"2021-06-10T17:31:54+00:00\",\"breadcrumb\":{\"@id\":\"https:\\\/\\\/expressometro.mx\\\/index.php\\\/2021\\\/06\\\/10\\\/miguel-samano-recibio-su-constancia-de-mayoria\\\/#breadcrumb\"},\"inLanguage\":\"es\",\"potentialAction\":[{\"@type\":\"ReadAction\",\"target\":[\"https:\\\/\\\/expressometro.mx\\\/index.php\\\/2021\\\/06\\\/10\\\/miguel-samano-recibio-su-constancia-de-mayoria\\\/\"]}]},{\"@type\":\"ImageObject\",\"inLanguage\":\"es\",\"@id\":\"https:\\\/\\\/expressometro.mx\\\/index.php\\\/2021\\\/06\\\/10\\\/miguel-samano-recibio-su-constancia-de-mayoria\\\/#primaryimage\",\"url\":\"https:\\\/\\\/expressometro.mx\\\/wp-content\\\/uploads\\\/2021\\\/06\\\/WhatsApp-Image-2021-06-10-at-12.00.51-2.jpeg\",\"contentUrl\":\"https:\\\/\\\/expressometro.mx\\\/wp-content\\\/uploads\\\/2021\\\/06\\\/WhatsApp-Image-2021-06-10-at-12.00.51-2.jpeg\",\"width\":1024,\"height\":682},{\"@type\":\"BreadcrumbList\",\"@id\":\"https:\\\/\\\/expressometro.mx\\\/index.php\\\/2021\\\/06\\\/10\\\/miguel-samano-recibio-su-constancia-de-mayoria\\\/#breadcrumb\",\"itemListElement\":[{\"@type\":\"ListItem\",\"position\":1,\"name\":\"Inicio\",\"item\":\"https:\\\/\\\/expressometro.mx\\\/\"},{\"@type\":\"ListItem\",\"position\":2,\"name\":\"Miguel S\u00e1mano recibi\u00f3 su constancia de mayor\u00eda\"}]},{\"@type\":\"WebSite\",\"@id\":\"https:\\\/\\\/expressometro.mx\\\/#website\",\"url\":\"https:\\\/\\\/expressometro.mx\\\/\",\"name\":\"Expresso Metropolitano\",\"description\":\"Periodismo comprometido, informaci\u00f3n, investigaci\u00f3n y an\u00e1lisis\",\"publisher\":{\"@id\":\"https:\\\/\\\/expressometro.mx\\\/#organization\"},\"potentialAction\":[{\"@type\":\"SearchAction\",\"target\":{\"@type\":\"EntryPoint\",\"urlTemplate\":\"https:\\\/\\\/expressometro.mx\\\/?s={search_term_string}\"},\"query-input\":{\"@type\":\"PropertyValueSpecification\",\"valueRequired\":true,\"valueName\":\"search_term_string\"}}],\"inLanguage\":\"es\"},{\"@type\":\"Organization\",\"@id\":\"https:\\\/\\\/expressometro.mx\\\/#organization\",\"name\":\"Expresso Metropolitano\",\"url\":\"https:\\\/\\\/expressometro.mx\\\/\",\"logo\":{\"@type\":\"ImageObject\",\"inLanguage\":\"es\",\"@id\":\"https:\\\/\\\/expressometro.mx\\\/#\\\/schema\\\/logo\\\/image\\\/\",\"url\":\"https:\\\/\\\/expressometro.mx\\\/wp-content\\\/uploads\\\/2019\\\/07\\\/cropped-Logo-Expresso-Metropolitano-1-1.jpeg\",\"contentUrl\":\"https:\\\/\\\/expressometro.mx\\\/wp-content\\\/uploads\\\/2019\\\/07\\\/cropped-Logo-Expresso-Metropolitano-1-1.jpeg\",\"width\":290,\"height\":73,\"caption\":\"Expresso Metropolitano\"},\"image\":{\"@id\":\"https:\\\/\\\/expressometro.mx\\\/#\\\/schema\\\/logo\\\/image\\\/\"}},{\"@type\":\"Person\",\"@id\":\"https:\\\/\\\/expressometro.mx\\\/#\\\/schema\\\/person\\\/67a95b8e3862085c7598f66237488f1f\",\"name\":\"Cecilia Vega\",\"image\":{\"@type\":\"ImageObject\",\"inLanguage\":\"es\",\"@id\":\"https:\\\/\\\/secure.gravatar.com\\\/avatar\\\/13aae9944ab2ee472a9e407c9487fdbd03b049abaa559af32fe5dbcf615c981b?s=96&d=mm&r=g\",\"url\":\"https:\\\/\\\/secure.gravatar.com\\\/avatar\\\/13aae9944ab2ee472a9e407c9487fdbd03b049abaa559af32fe5dbcf615c981b?s=96&d=mm&r=g\",\"contentUrl\":\"https:\\\/\\\/secure.gravatar.com\\\/avatar\\\/13aae9944ab2ee472a9e407c9487fdbd03b049abaa559af32fe5dbcf615c981b?s=96&d=mm&r=g\",\"caption\":\"Cecilia Vega\"},\"url\":\"https:\\\/\\\/expressometro.mx\\\/index.php\\\/author\\\/cecilia-vega\\\/\"}]}<\/script>\n<!-- \/ Yoast SEO plugin. -->","yoast_head_json":{"title":"Miguel S\u00e1mano recibi\u00f3 su constancia de mayor\u00eda - Expresso Metropolitano","robots":{"index":"index","follow":"follow","max-snippet":"max-snippet:-1","max-image-preview":"max-image-preview:large","max-video-preview":"max-video-preview:-1"},"canonical":"https:\/\/expressometro.mx\/index.php\/2021\/06\/10\/miguel-samano-recibio-su-constancia-de-mayoria\/","og_locale":"es_MX","og_type":"article","og_title":"Miguel S\u00e1mano recibi\u00f3 su constancia de mayor\u00eda - Expresso Metropolitano","og_description":"Recib\u00ed la Constancia de Mayor\u00eda que me acredita como Diputado Federal Electo, con 99,142 votos.","og_url":"https:\/\/expressometro.mx\/index.php\/2021\/06\/10\/miguel-samano-recibio-su-constancia-de-mayoria\/","og_site_name":"Expresso Metropolitano","article_published_time":"2021-06-10T17:31:53+00:00","article_modified_time":"2021-06-10T17:31:54+00:00","og_image":[{"width":1024,"height":682,"url":"https:\/\/expressometro.mx\/wp-content\/uploads\/2021\/06\/WhatsApp-Image-2021-06-10-at-12.00.51-2.jpeg","type":"image\/jpeg"}],"author":"Cecilia Vega","twitter_misc":{"Escrito por":"Cecilia Vega","Tiempo de lectura":"2 minutos"},"schema":{"@context":"https:\/\/schema.org","@graph":[{"@type":"Article","@id":"https:\/\/expressometro.mx\/index.php\/2021\/06\/10\/miguel-samano-recibio-su-constancia-de-mayoria\/#article","isPartOf":{"@id":"https:\/\/expressometro.mx\/index.php\/2021\/06\/10\/miguel-samano-recibio-su-constancia-de-mayoria\/"},"author":{"name":"Cecilia Vega","@id":"https:\/\/expressometro.mx\/#\/schema\/person\/67a95b8e3862085c7598f66237488f1f"},"headline":"Miguel S\u00e1mano recibi\u00f3 su constancia de mayor\u00eda","datePublished":"2021-06-10T17:31:53+00:00","dateModified":"2021-06-10T17:31:54+00:00","mainEntityOfPage":{"@id":"https:\/\/expressometro.mx\/index.php\/2021\/06\/10\/miguel-samano-recibio-su-constancia-de-mayoria\/"},"wordCount":219,"commentCount":0,"publisher":{"@id":"https:\/\/expressometro.mx\/#organization"},"image":{"@id":"https:\/\/expressometro.mx\/index.php\/2021\/06\/10\/miguel-samano-recibio-su-constancia-de-mayoria\/#primaryimage"},"thumbnailUrl":"https:\/\/expressometro.mx\/wp-content\/uploads\/2021\/06\/WhatsApp-Image-2021-06-10-at-12.00.51-2.jpeg","keywords":["Maurilio Hern\u00e1ndez","Miguel S\u00e1mano"],"articleSection":["Gobierno","Pol\u00edtica"],"inLanguage":"es","potentialAction":[{"@type":"CommentAction","name":"Comment","target":["https:\/\/expressometro.mx\/index.php\/2021\/06\/10\/miguel-samano-recibio-su-constancia-de-mayoria\/#respond"]}]},{"@type":"WebPage","@id":"https:\/\/expressometro.mx\/index.php\/2021\/06\/10\/miguel-samano-recibio-su-constancia-de-mayoria\/","url":"https:\/\/expressometro.mx\/index.php\/2021\/06\/10\/miguel-samano-recibio-su-constancia-de-mayoria\/","name":"Miguel S\u00e1mano recibi\u00f3 su constancia de mayor\u00eda - Expresso Metropolitano","isPartOf":{"@id":"https:\/\/expressometro.mx\/#website"},"primaryImageOfPage":{"@id":"https:\/\/expressometro.mx\/index.php\/2021\/06\/10\/miguel-samano-recibio-su-constancia-de-mayoria\/#primaryimage"},"image":{"@id":"https:\/\/expressometro.mx\/index.php\/2021\/06\/10\/miguel-samano-recibio-su-constancia-de-mayoria\/#primaryimage"},"thumbnailUrl":"https:\/\/expressometro.mx\/wp-content\/uploads\/2021\/06\/WhatsApp-Image-2021-06-10-at-12.00.51-2.jpeg","datePublished":"2021-06-10T17:31:53+00:00","dateModified":"2021-06-10T17:31:54+00:00","breadcrumb":{"@id":"https:\/\/expressometro.mx\/index.php\/2021\/06\/10\/miguel-samano-recibio-su-constancia-de-mayoria\/#breadcrumb"},"inLanguage":"es","potentialAction":[{"@type":"ReadAction","target":["https:\/\/expressometro.mx\/index.php\/2021\/06\/10\/miguel-samano-recibio-su-constancia-de-mayoria\/"]}]},{"@type":"ImageObject","inLanguage":"es","@id":"https:\/\/expressometro.mx\/index.php\/2021\/06\/10\/miguel-samano-recibio-su-constancia-de-mayoria\/#primaryimage","url":"https:\/\/expressometro.mx\/wp-content\/uploads\/2021\/06\/WhatsApp-Image-2021-06-10-at-12.00.51-2.jpeg","contentUrl":"https:\/\/expressometro.mx\/wp-content\/uploads\/2021\/06\/WhatsApp-Image-2021-06-10-at-12.00.51-2.jpeg","width":1024,"height":682},{"@type":"BreadcrumbList","@id":"https:\/\/expressometro.mx\/index.php\/2021\/06\/10\/miguel-samano-recibio-su-constancia-de-mayoria\/#breadcrumb","itemListElement":[{"@type":"ListItem","position":1,"name":"Inicio","item":"https:\/\/expressometro.mx\/"},{"@type":"ListItem","position":2,"name":"Miguel S\u00e1mano recibi\u00f3 su constancia de mayor\u00eda"}]},{"@type":"WebSite","@id":"https:\/\/expressometro.mx\/#website","url":"https:\/\/expressometro.mx\/","name":"Expresso Metropolitano","description":"Periodismo comprometido, informaci\u00f3n, investigaci\u00f3n y an\u00e1lisis","publisher":{"@id":"https:\/\/expressometro.mx\/#organization"},"potentialAction":[{"@type":"SearchAction","target":{"@type":"EntryPoint","urlTemplate":"https:\/\/expressometro.mx\/?s={search_term_string}"},"query-input":{"@type":"PropertyValueSpecification","valueRequired":true,"valueName":"search_term_string"}}],"inLanguage":"es"},{"@type":"Organization","@id":"https:\/\/expressometro.mx\/#organization","name":"Expresso Metropolitano","url":"https:\/\/expressometro.mx\/","logo":{"@type":"ImageObject","inLanguage":"es","@id":"https:\/\/expressometro.mx\/#\/schema\/logo\/image\/","url":"https:\/\/expressometro.mx\/wp-content\/uploads\/2019\/07\/cropped-Logo-Expresso-Metropolitano-1-1.jpeg","contentUrl":"https:\/\/expressometro.mx\/wp-content\/uploads\/2019\/07\/cropped-Logo-Expresso-Metropolitano-1-1.jpeg","width":290,"height":73,"caption":"Expresso Metropolitano"},"image":{"@id":"https:\/\/expressometro.mx\/#\/schema\/logo\/image\/"}},{"@type":"Person","@id":"https:\/\/expressometro.mx\/#\/schema\/person\/67a95b8e3862085c7598f66237488f1f","name":"Cecilia Vega","image":{"@type":"ImageObject","inLanguage":"es","@id":"https:\/\/secure.gravatar.com\/avatar\/13aae9944ab2ee472a9e407c9487fdbd03b049abaa559af32fe5dbcf615c981b?s=96&d=mm&r=g","url":"https:\/\/secure.gravatar.com\/avatar\/13aae9944ab2ee472a9e407c9487fdbd03b049abaa559af32fe5dbcf615c981b?s=96&d=mm&r=g","contentUrl":"https:\/\/secure.gravatar.com\/avatar\/13aae9944ab2ee472a9e407c9487fdbd03b049abaa559af32fe5dbcf615c981b?s=96&d=mm&r=g","caption":"Cecilia Vega"},"url":"https:\/\/expressometro.mx\/index.php\/author\/cecilia-vega\/"}]}},"amp_enabled":true,"_links":{"self":[{"href":"https:\/\/expressometro.mx\/index.php\/wp-json\/wp\/v2\/posts\/3375","targetHints":{"allow":["GET"]}}],"collection":[{"href":"https:\/\/expressometro.mx\/index.php\/wp-json\/wp\/v2\/posts"}],"about":[{"href":"https:\/\/expressometro.mx\/index.php\/wp-json\/wp\/v2\/types\/post"}],"author":[{"embeddable":true,"href":"https:\/\/expressometro.mx\/index.php\/wp-json\/wp\/v2\/users\/2"}],"replies":[{"embeddable":true,"href":"https:\/\/expressometro.mx\/index.php\/wp-json\/wp\/v2\/comments?post=3375"}],"version-history":[{"count":1,"href":"https:\/\/expressometro.mx\/index.php\/wp-json\/wp\/v2\/posts\/3375\/revisions"}],"predecessor-version":[{"id":3381,"href":"https:\/\/expressometro.mx\/index.php\/wp-json\/wp\/v2\/posts\/3375\/revisions\/3381"}],"wp:featuredmedia":[{"embeddable":true,"href":"https:\/\/expressometro.mx\/index.php\/wp-json\/wp\/v2\/media\/3377"}],"wp:attachment":[{"href":"https:\/\/expressometro.mx\/index.php\/wp-json\/wp\/v2\/media?parent=3375"}],"wp:term":[{"taxonomy":"category","embeddable":true,"href":"https:\/\/expressometro.mx\/index.php\/wp-json\/wp\/v2\/categories?post=3375"},{"taxonomy":"post_tag","embeddable":true,"href":"https:\/\/expressometro.mx\/index.php\/wp-json\/wp\/v2\/tags?post=3375"}],"curies":[{"name":"wp","href":"https:\/\/api.w.org\/{rel}","templated":true}]}}