{"id":3320,"date":"2021-06-10T11:46:06","date_gmt":"2021-06-10T16:46:06","guid":{"rendered":"http:\/\/expressometro.mx\/?p=3320"},"modified":"2021-06-10T11:47:17","modified_gmt":"2021-06-10T16:47:17","slug":"cafe-expresso-todo-el-poder-al-norte","status":"publish","type":"post","link":"https:\/\/expressometro.mx\/index.php\/2021\/06\/10\/cafe-expresso-todo-el-poder-al-norte\/","title":{"rendered":"CAF\u00c9 EXPRESSO; TODO EL PODER AL NORTE"},"content":{"rendered":"\n<p>Sin duda la nueva distribuci\u00f3n pol\u00edtica- electoral del Estado de M\u00e9xico se centr\u00f3 en su zona norte, donde el PRI con sus aliados recuperaron los municipios emblem\u00e1ticos de Atlacomulco y Acambay. Y se extendieron en una franja que va desde Ixtlahuaca hasta Polotitl\u00e1n con un rojo intenso que se puede ver en los cuartos de guerra de cada campa\u00f1a.<\/p>\n\n\n\n<p>Todo el poder al norte es la conclusi\u00f3n a la que orillan los resultados alcanzados el pasado domingo y que se reafirma con la entrega de constancias de mayor\u00eda a partir del c\u00f3mputo oficial del Instituto Estatal Electoral.<\/p>\n\n\n\n<p>Cada uno tiene su historia y hoy se puede decir que muchos de ellos que llegaron a ganar pasaron antes por la<br>bendici\u00f3n del Se\u00f1or del Huerto como lo hizo en su momento Arturo Montiel o el mismo ex Presidente Enrique Pe\u00f1a.<\/p>\n\n\n\n<p>Marisol Arias Flores en Atlacomulco;<br>Abuzeid Lozano en Ixtlahuaca;<br>Jes\u00fas Cedillo Gonz\u00e1lez en Jocotitl\u00e1n;<br>Javier Jer\u00f3nimo Apolonio en San Felipe del Progreso; Maribel Alc\u00e1ntara Nu\u00f1ez en Acambay; Jorge Osornio Victoria en Aculco; Rodolfo Nogues Barajas en Jilotepec; Felipe S\u00e1nchez D\u00e1vila en Jiquipilco; Ruth Salazar Garcia en El Oro; Jos\u00e9 Luis Espinoza en Temascalcingo; Isa\u00edas Lugo Garcia en Timilpan; Ana Mar\u00eda V\u00e1zquez en San Jos\u00e9 del Rinc\u00f3n; Andri Correa en Villa del Carb\u00f3n; Miriam Garcia en Morelos; Teresita S\u00e1nchez Barcena en Polotitl\u00e1n.<\/p>\n\n\n\n<p>En estos municipios el PRI fundamentar\u00e1 su regreso al partido hegem\u00f3nico y al voto verde que le genere para las pr\u00f3ximas elecciones el peso pol\u00edtico necesario que lo haga competitivo, pues de lo contrario no habr\u00e1 futuro para el tricolor que en breve dejar\u00e1 de ser aliado del PAN y PRD, en cuanto suelten sus aspiraciones a gobernador.<\/p>\n\n\n\n<p>Los operadores en esta zona norte tuvieron mucho que ver en la recuperaci\u00f3n de los municipios y Distritos electorales a nivel local y federal. Est\u00e1n bien identificados y se ponen en primera l\u00ednea de la sucesi\u00f3n gubernamental.<\/p>\n\n\n\n<p>Cada quien en sus municipios encomendados pudieron entregar buenas cuentas. Ricardo Aguilar Castillo, Gustavo C\u00e1rdenas Monroy, Miguel S\u00e1mano Peralta, Pepe Manzur, Elias Rescala, Hector Velasco Monroy e Ismael Ord\u00f3\u00f1ez Mancilla.<\/p>\n\n\n\n<p>A cada uno se les vio peleando la plaza donde Morena se hab\u00eda acu\u00f1ado con el efecto Obrador del 2018, a cada uno de ellos que pidieron el voto para el PRI y sus aliados se les vio en reuniones peque\u00f1as pero tambi\u00e9n en grandes concentraciones y cierres de campa\u00f1a.<\/p>\n\n\n\n<p>Hoy tienen una bolsa llena de votos que representa la confianza de la gente que pronto les demandar\u00e1 el cumplimiento de sus promesas de campa\u00f1a.<\/p>\n","protected":false},"excerpt":{"rendered":"<p>Caf\u00e9 expresso, la columna pol\u00edtica del d\u00eda.<\/p>\n","protected":false},"author":2,"featured_media":3322,"comment_status":"open","ping_status":"open","sticky":false,"template":"","format":"standard","meta":{"footnotes":""},"categories":[212],"tags":[158,393],"class_list":["post-3320","post","type-post","status-publish","format-standard","has-post-thumbnail","hentry","category-columna-opinion","tag-pri","tag-va-por-el-estado-de-mexico"],"yoast_head":"<!-- This site is optimized with the Yoast SEO plugin v27.4 - https:\/\/yoast.com\/product\/yoast-seo-wordpress\/ -->\n<title>CAF\u00c9 EXPRESSO; TODO EL PODER AL NORTE - Expresso Metropolitano<\/title>\n<meta name=\"robots\" content=\"index, follow, max-snippet:-1, max-image-preview:large, max-video-preview:-1\" \/>\n<link rel=\"canonical\" href=\"https:\/\/expressometro.mx\/index.php\/2021\/06\/10\/cafe-expresso-todo-el-poder-al-norte\/\" \/>\n<meta property=\"og:locale\" content=\"es_MX\" \/>\n<meta property=\"og:type\" content=\"article\" \/>\n<meta property=\"og:title\" content=\"CAF\u00c9 EXPRESSO; TODO EL PODER AL NORTE - Expresso Metropolitano\" \/>\n<meta property=\"og:description\" content=\"Caf\u00e9 expresso, la columna pol\u00edtica del d\u00eda.\" \/>\n<meta property=\"og:url\" content=\"https:\/\/expressometro.mx\/index.php\/2021\/06\/10\/cafe-expresso-todo-el-poder-al-norte\/\" \/>\n<meta property=\"og:site_name\" content=\"Expresso Metropolitano\" \/>\n<meta property=\"article:published_time\" content=\"2021-06-10T16:46:06+00:00\" \/>\n<meta property=\"article:modified_time\" content=\"2021-06-10T16:47:17+00:00\" \/>\n<meta property=\"og:image\" content=\"https:\/\/expressometro.mx\/wp-content\/uploads\/2021\/06\/WhatsApp-Image-2021-06-10-at-10.52.11.jpeg\" \/>\n\t<meta property=\"og:image:width\" content=\"960\" \/>\n\t<meta property=\"og:image:height\" content=\"742\" \/>\n\t<meta property=\"og:image:type\" content=\"image\/jpeg\" \/>\n<meta name=\"author\" content=\"Cecilia Vega\" \/>\n<meta name=\"twitter:label1\" content=\"Escrito por\" \/>\n\t<meta name=\"twitter:data1\" content=\"Cecilia Vega\" \/>\n\t<meta name=\"twitter:label2\" content=\"Tiempo de lectura\" \/>\n\t<meta name=\"twitter:data2\" content=\"2 minutos\" \/>\n<script type=\"application\/ld+json\" class=\"yoast-schema-graph\">{\"@context\":\"https:\\\/\\\/schema.org\",\"@graph\":[{\"@type\":\"Article\",\"@id\":\"https:\\\/\\\/expressometro.mx\\\/index.php\\\/2021\\\/06\\\/10\\\/cafe-expresso-todo-el-poder-al-norte\\\/#article\",\"isPartOf\":{\"@id\":\"https:\\\/\\\/expressometro.mx\\\/index.php\\\/2021\\\/06\\\/10\\\/cafe-expresso-todo-el-poder-al-norte\\\/\"},\"author\":{\"name\":\"Cecilia Vega\",\"@id\":\"https:\\\/\\\/expressometro.mx\\\/#\\\/schema\\\/person\\\/67a95b8e3862085c7598f66237488f1f\"},\"headline\":\"CAF\u00c9 EXPRESSO; TODO EL PODER AL NORTE\",\"datePublished\":\"2021-06-10T16:46:06+00:00\",\"dateModified\":\"2021-06-10T16:47:17+00:00\",\"mainEntityOfPage\":{\"@id\":\"https:\\\/\\\/expressometro.mx\\\/index.php\\\/2021\\\/06\\\/10\\\/cafe-expresso-todo-el-poder-al-norte\\\/\"},\"wordCount\":468,\"commentCount\":0,\"publisher\":{\"@id\":\"https:\\\/\\\/expressometro.mx\\\/#organization\"},\"image\":{\"@id\":\"https:\\\/\\\/expressometro.mx\\\/index.php\\\/2021\\\/06\\\/10\\\/cafe-expresso-todo-el-poder-al-norte\\\/#primaryimage\"},\"thumbnailUrl\":\"https:\\\/\\\/expressometro.mx\\\/wp-content\\\/uploads\\\/2021\\\/06\\\/WhatsApp-Image-2021-06-10-at-10.52.11.jpeg\",\"keywords\":[\"PRI\",\"Va por el Estado de M\u00e9xico\"],\"articleSection\":[\"Columna - Opini\u00f3n\"],\"inLanguage\":\"es\",\"potentialAction\":[{\"@type\":\"CommentAction\",\"name\":\"Comment\",\"target\":[\"https:\\\/\\\/expressometro.mx\\\/index.php\\\/2021\\\/06\\\/10\\\/cafe-expresso-todo-el-poder-al-norte\\\/#respond\"]}]},{\"@type\":\"WebPage\",\"@id\":\"https:\\\/\\\/expressometro.mx\\\/index.php\\\/2021\\\/06\\\/10\\\/cafe-expresso-todo-el-poder-al-norte\\\/\",\"url\":\"https:\\\/\\\/expressometro.mx\\\/index.php\\\/2021\\\/06\\\/10\\\/cafe-expresso-todo-el-poder-al-norte\\\/\",\"name\":\"CAF\u00c9 EXPRESSO; TODO EL PODER AL NORTE - Expresso Metropolitano\",\"isPartOf\":{\"@id\":\"https:\\\/\\\/expressometro.mx\\\/#website\"},\"primaryImageOfPage\":{\"@id\":\"https:\\\/\\\/expressometro.mx\\\/index.php\\\/2021\\\/06\\\/10\\\/cafe-expresso-todo-el-poder-al-norte\\\/#primaryimage\"},\"image\":{\"@id\":\"https:\\\/\\\/expressometro.mx\\\/index.php\\\/2021\\\/06\\\/10\\\/cafe-expresso-todo-el-poder-al-norte\\\/#primaryimage\"},\"thumbnailUrl\":\"https:\\\/\\\/expressometro.mx\\\/wp-content\\\/uploads\\\/2021\\\/06\\\/WhatsApp-Image-2021-06-10-at-10.52.11.jpeg\",\"datePublished\":\"2021-06-10T16:46:06+00:00\",\"dateModified\":\"2021-06-10T16:47:17+00:00\",\"breadcrumb\":{\"@id\":\"https:\\\/\\\/expressometro.mx\\\/index.php\\\/2021\\\/06\\\/10\\\/cafe-expresso-todo-el-poder-al-norte\\\/#breadcrumb\"},\"inLanguage\":\"es\",\"potentialAction\":[{\"@type\":\"ReadAction\",\"target\":[\"https:\\\/\\\/expressometro.mx\\\/index.php\\\/2021\\\/06\\\/10\\\/cafe-expresso-todo-el-poder-al-norte\\\/\"]}]},{\"@type\":\"ImageObject\",\"inLanguage\":\"es\",\"@id\":\"https:\\\/\\\/expressometro.mx\\\/index.php\\\/2021\\\/06\\\/10\\\/cafe-expresso-todo-el-poder-al-norte\\\/#primaryimage\",\"url\":\"https:\\\/\\\/expressometro.mx\\\/wp-content\\\/uploads\\\/2021\\\/06\\\/WhatsApp-Image-2021-06-10-at-10.52.11.jpeg\",\"contentUrl\":\"https:\\\/\\\/expressometro.mx\\\/wp-content\\\/uploads\\\/2021\\\/06\\\/WhatsApp-Image-2021-06-10-at-10.52.11.jpeg\",\"width\":960,\"height\":742},{\"@type\":\"BreadcrumbList\",\"@id\":\"https:\\\/\\\/expressometro.mx\\\/index.php\\\/2021\\\/06\\\/10\\\/cafe-expresso-todo-el-poder-al-norte\\\/#breadcrumb\",\"itemListElement\":[{\"@type\":\"ListItem\",\"position\":1,\"name\":\"Inicio\",\"item\":\"https:\\\/\\\/expressometro.mx\\\/\"},{\"@type\":\"ListItem\",\"position\":2,\"name\":\"CAF\u00c9 EXPRESSO; TODO EL PODER AL NORTE\"}]},{\"@type\":\"WebSite\",\"@id\":\"https:\\\/\\\/expressometro.mx\\\/#website\",\"url\":\"https:\\\/\\\/expressometro.mx\\\/\",\"name\":\"Expresso Metropolitano\",\"description\":\"Periodismo comprometido, informaci\u00f3n, investigaci\u00f3n y an\u00e1lisis\",\"publisher\":{\"@id\":\"https:\\\/\\\/expressometro.mx\\\/#organization\"},\"potentialAction\":[{\"@type\":\"SearchAction\",\"target\":{\"@type\":\"EntryPoint\",\"urlTemplate\":\"https:\\\/\\\/expressometro.mx\\\/?s={search_term_string}\"},\"query-input\":{\"@type\":\"PropertyValueSpecification\",\"valueRequired\":true,\"valueName\":\"search_term_string\"}}],\"inLanguage\":\"es\"},{\"@type\":\"Organization\",\"@id\":\"https:\\\/\\\/expressometro.mx\\\/#organization\",\"name\":\"Expresso Metropolitano\",\"url\":\"https:\\\/\\\/expressometro.mx\\\/\",\"logo\":{\"@type\":\"ImageObject\",\"inLanguage\":\"es\",\"@id\":\"https:\\\/\\\/expressometro.mx\\\/#\\\/schema\\\/logo\\\/image\\\/\",\"url\":\"https:\\\/\\\/expressometro.mx\\\/wp-content\\\/uploads\\\/2019\\\/07\\\/cropped-Logo-Expresso-Metropolitano-1-1.jpeg\",\"contentUrl\":\"https:\\\/\\\/expressometro.mx\\\/wp-content\\\/uploads\\\/2019\\\/07\\\/cropped-Logo-Expresso-Metropolitano-1-1.jpeg\",\"width\":290,\"height\":73,\"caption\":\"Expresso Metropolitano\"},\"image\":{\"@id\":\"https:\\\/\\\/expressometro.mx\\\/#\\\/schema\\\/logo\\\/image\\\/\"}},{\"@type\":\"Person\",\"@id\":\"https:\\\/\\\/expressometro.mx\\\/#\\\/schema\\\/person\\\/67a95b8e3862085c7598f66237488f1f\",\"name\":\"Cecilia Vega\",\"image\":{\"@type\":\"ImageObject\",\"inLanguage\":\"es\",\"@id\":\"https:\\\/\\\/secure.gravatar.com\\\/avatar\\\/13aae9944ab2ee472a9e407c9487fdbd03b049abaa559af32fe5dbcf615c981b?s=96&d=mm&r=g\",\"url\":\"https:\\\/\\\/secure.gravatar.com\\\/avatar\\\/13aae9944ab2ee472a9e407c9487fdbd03b049abaa559af32fe5dbcf615c981b?s=96&d=mm&r=g\",\"contentUrl\":\"https:\\\/\\\/secure.gravatar.com\\\/avatar\\\/13aae9944ab2ee472a9e407c9487fdbd03b049abaa559af32fe5dbcf615c981b?s=96&d=mm&r=g\",\"caption\":\"Cecilia Vega\"},\"url\":\"https:\\\/\\\/expressometro.mx\\\/index.php\\\/author\\\/cecilia-vega\\\/\"}]}<\/script>\n<!-- \/ Yoast SEO plugin. -->","yoast_head_json":{"title":"CAF\u00c9 EXPRESSO; TODO EL PODER AL NORTE - Expresso Metropolitano","robots":{"index":"index","follow":"follow","max-snippet":"max-snippet:-1","max-image-preview":"max-image-preview:large","max-video-preview":"max-video-preview:-1"},"canonical":"https:\/\/expressometro.mx\/index.php\/2021\/06\/10\/cafe-expresso-todo-el-poder-al-norte\/","og_locale":"es_MX","og_type":"article","og_title":"CAF\u00c9 EXPRESSO; TODO EL PODER AL NORTE - Expresso Metropolitano","og_description":"Caf\u00e9 expresso, la columna pol\u00edtica del d\u00eda.","og_url":"https:\/\/expressometro.mx\/index.php\/2021\/06\/10\/cafe-expresso-todo-el-poder-al-norte\/","og_site_name":"Expresso Metropolitano","article_published_time":"2021-06-10T16:46:06+00:00","article_modified_time":"2021-06-10T16:47:17+00:00","og_image":[{"width":960,"height":742,"url":"https:\/\/expressometro.mx\/wp-content\/uploads\/2021\/06\/WhatsApp-Image-2021-06-10-at-10.52.11.jpeg","type":"image\/jpeg"}],"author":"Cecilia Vega","twitter_misc":{"Escrito por":"Cecilia Vega","Tiempo de lectura":"2 minutos"},"schema":{"@context":"https:\/\/schema.org","@graph":[{"@type":"Article","@id":"https:\/\/expressometro.mx\/index.php\/2021\/06\/10\/cafe-expresso-todo-el-poder-al-norte\/#article","isPartOf":{"@id":"https:\/\/expressometro.mx\/index.php\/2021\/06\/10\/cafe-expresso-todo-el-poder-al-norte\/"},"author":{"name":"Cecilia Vega","@id":"https:\/\/expressometro.mx\/#\/schema\/person\/67a95b8e3862085c7598f66237488f1f"},"headline":"CAF\u00c9 EXPRESSO; TODO EL PODER AL NORTE","datePublished":"2021-06-10T16:46:06+00:00","dateModified":"2021-06-10T16:47:17+00:00","mainEntityOfPage":{"@id":"https:\/\/expressometro.mx\/index.php\/2021\/06\/10\/cafe-expresso-todo-el-poder-al-norte\/"},"wordCount":468,"commentCount":0,"publisher":{"@id":"https:\/\/expressometro.mx\/#organization"},"image":{"@id":"https:\/\/expressometro.mx\/index.php\/2021\/06\/10\/cafe-expresso-todo-el-poder-al-norte\/#primaryimage"},"thumbnailUrl":"https:\/\/expressometro.mx\/wp-content\/uploads\/2021\/06\/WhatsApp-Image-2021-06-10-at-10.52.11.jpeg","keywords":["PRI","Va por el Estado de M\u00e9xico"],"articleSection":["Columna - Opini\u00f3n"],"inLanguage":"es","potentialAction":[{"@type":"CommentAction","name":"Comment","target":["https:\/\/expressometro.mx\/index.php\/2021\/06\/10\/cafe-expresso-todo-el-poder-al-norte\/#respond"]}]},{"@type":"WebPage","@id":"https:\/\/expressometro.mx\/index.php\/2021\/06\/10\/cafe-expresso-todo-el-poder-al-norte\/","url":"https:\/\/expressometro.mx\/index.php\/2021\/06\/10\/cafe-expresso-todo-el-poder-al-norte\/","name":"CAF\u00c9 EXPRESSO; TODO EL PODER AL NORTE - Expresso Metropolitano","isPartOf":{"@id":"https:\/\/expressometro.mx\/#website"},"primaryImageOfPage":{"@id":"https:\/\/expressometro.mx\/index.php\/2021\/06\/10\/cafe-expresso-todo-el-poder-al-norte\/#primaryimage"},"image":{"@id":"https:\/\/expressometro.mx\/index.php\/2021\/06\/10\/cafe-expresso-todo-el-poder-al-norte\/#primaryimage"},"thumbnailUrl":"https:\/\/expressometro.mx\/wp-content\/uploads\/2021\/06\/WhatsApp-Image-2021-06-10-at-10.52.11.jpeg","datePublished":"2021-06-10T16:46:06+00:00","dateModified":"2021-06-10T16:47:17+00:00","breadcrumb":{"@id":"https:\/\/expressometro.mx\/index.php\/2021\/06\/10\/cafe-expresso-todo-el-poder-al-norte\/#breadcrumb"},"inLanguage":"es","potentialAction":[{"@type":"ReadAction","target":["https:\/\/expressometro.mx\/index.php\/2021\/06\/10\/cafe-expresso-todo-el-poder-al-norte\/"]}]},{"@type":"ImageObject","inLanguage":"es","@id":"https:\/\/expressometro.mx\/index.php\/2021\/06\/10\/cafe-expresso-todo-el-poder-al-norte\/#primaryimage","url":"https:\/\/expressometro.mx\/wp-content\/uploads\/2021\/06\/WhatsApp-Image-2021-06-10-at-10.52.11.jpeg","contentUrl":"https:\/\/expressometro.mx\/wp-content\/uploads\/2021\/06\/WhatsApp-Image-2021-06-10-at-10.52.11.jpeg","width":960,"height":742},{"@type":"BreadcrumbList","@id":"https:\/\/expressometro.mx\/index.php\/2021\/06\/10\/cafe-expresso-todo-el-poder-al-norte\/#breadcrumb","itemListElement":[{"@type":"ListItem","position":1,"name":"Inicio","item":"https:\/\/expressometro.mx\/"},{"@type":"ListItem","position":2,"name":"CAF\u00c9 EXPRESSO; TODO EL PODER AL NORTE"}]},{"@type":"WebSite","@id":"https:\/\/expressometro.mx\/#website","url":"https:\/\/expressometro.mx\/","name":"Expresso Metropolitano","description":"Periodismo comprometido, informaci\u00f3n, investigaci\u00f3n y an\u00e1lisis","publisher":{"@id":"https:\/\/expressometro.mx\/#organization"},"potentialAction":[{"@type":"SearchAction","target":{"@type":"EntryPoint","urlTemplate":"https:\/\/expressometro.mx\/?s={search_term_string}"},"query-input":{"@type":"PropertyValueSpecification","valueRequired":true,"valueName":"search_term_string"}}],"inLanguage":"es"},{"@type":"Organization","@id":"https:\/\/expressometro.mx\/#organization","name":"Expresso Metropolitano","url":"https:\/\/expressometro.mx\/","logo":{"@type":"ImageObject","inLanguage":"es","@id":"https:\/\/expressometro.mx\/#\/schema\/logo\/image\/","url":"https:\/\/expressometro.mx\/wp-content\/uploads\/2019\/07\/cropped-Logo-Expresso-Metropolitano-1-1.jpeg","contentUrl":"https:\/\/expressometro.mx\/wp-content\/uploads\/2019\/07\/cropped-Logo-Expresso-Metropolitano-1-1.jpeg","width":290,"height":73,"caption":"Expresso Metropolitano"},"image":{"@id":"https:\/\/expressometro.mx\/#\/schema\/logo\/image\/"}},{"@type":"Person","@id":"https:\/\/expressometro.mx\/#\/schema\/person\/67a95b8e3862085c7598f66237488f1f","name":"Cecilia Vega","image":{"@type":"ImageObject","inLanguage":"es","@id":"https:\/\/secure.gravatar.com\/avatar\/13aae9944ab2ee472a9e407c9487fdbd03b049abaa559af32fe5dbcf615c981b?s=96&d=mm&r=g","url":"https:\/\/secure.gravatar.com\/avatar\/13aae9944ab2ee472a9e407c9487fdbd03b049abaa559af32fe5dbcf615c981b?s=96&d=mm&r=g","contentUrl":"https:\/\/secure.gravatar.com\/avatar\/13aae9944ab2ee472a9e407c9487fdbd03b049abaa559af32fe5dbcf615c981b?s=96&d=mm&r=g","caption":"Cecilia Vega"},"url":"https:\/\/expressometro.mx\/index.php\/author\/cecilia-vega\/"}]}},"amp_enabled":true,"_links":{"self":[{"href":"https:\/\/expressometro.mx\/index.php\/wp-json\/wp\/v2\/posts\/3320","targetHints":{"allow":["GET"]}}],"collection":[{"href":"https:\/\/expressometro.mx\/index.php\/wp-json\/wp\/v2\/posts"}],"about":[{"href":"https:\/\/expressometro.mx\/index.php\/wp-json\/wp\/v2\/types\/post"}],"author":[{"embeddable":true,"href":"https:\/\/expressometro.mx\/index.php\/wp-json\/wp\/v2\/users\/2"}],"replies":[{"embeddable":true,"href":"https:\/\/expressometro.mx\/index.php\/wp-json\/wp\/v2\/comments?post=3320"}],"version-history":[{"count":2,"href":"https:\/\/expressometro.mx\/index.php\/wp-json\/wp\/v2\/posts\/3320\/revisions"}],"predecessor-version":[{"id":3325,"href":"https:\/\/expressometro.mx\/index.php\/wp-json\/wp\/v2\/posts\/3320\/revisions\/3325"}],"wp:featuredmedia":[{"embeddable":true,"href":"https:\/\/expressometro.mx\/index.php\/wp-json\/wp\/v2\/media\/3322"}],"wp:attachment":[{"href":"https:\/\/expressometro.mx\/index.php\/wp-json\/wp\/v2\/media?parent=3320"}],"wp:term":[{"taxonomy":"category","embeddable":true,"href":"https:\/\/expressometro.mx\/index.php\/wp-json\/wp\/v2\/categories?post=3320"},{"taxonomy":"post_tag","embeddable":true,"href":"https:\/\/expressometro.mx\/index.php\/wp-json\/wp\/v2\/tags?post=3320"}],"curies":[{"name":"wp","href":"https:\/\/api.w.org\/{rel}","templated":true}]}}