{"id":331,"date":"2019-09-02T07:21:08","date_gmt":"2019-09-02T12:21:08","guid":{"rendered":"http:\/\/expressometro.mx\/?p=331"},"modified":"2019-09-25T10:35:51","modified_gmt":"2019-09-25T15:35:51","slug":"buscan-rescatar-el-valor-tradicional-del-rebozo-en-tenancingo","status":"publish","type":"post","link":"https:\/\/expressometro.mx\/index.php\/2019\/09\/02\/buscan-rescatar-el-valor-tradicional-del-rebozo-en-tenancingo\/","title":{"rendered":"BUSCAN RESCATAR EL VALOR TRADICIONAL DEL REBOZO EN TENANCINGO"},"content":{"rendered":"\n<p>A trav\u00e9s de una campa\u00f1a que evoca el valor de la elaboraci\u00f3n artesanal, el ayuntamiento de Tenancingo busca rescatar la imagen tradicional de uno de sus productos m\u00e1s emblem\u00e1ticos con la \u2018Feria del Rebozo Tenancingo 2019\u2019, la cual se celebrar\u00e1 el 6, 7 y 8 de septiembre.<\/p>\n\n\n\n<p>En conferencia de prensa realizada en el Poder Legislativo con el apoyo del Grupo Parlamentario del PAN, la regidora de Tenancingo, Aurelia Reynoso, explic\u00f3 que en la edici\u00f3n n\u00famero 17 de la feria se resaltar\u00e1 el proceso de elaboraci\u00f3n de los rebozos y no solo su uso final, con lo cual se busca que se reconozca la importancia de las artesan\u00edas y que la ciudadan\u00eda las aprecie a\u00fan m\u00e1s.<\/p>\n\n\n\n<p>En la edici\u00f3n de la Feria del Rebozo 2019, que se llevar\u00e1 a cabo en coordinaci\u00f3n con la Secretar\u00eda de Cultura del Estado de M\u00e9xico, habr\u00e1 m\u00e1s de 20 actividades art\u00edsticas y participar\u00e1n 70 expositores (entre artesanos y reboceros); se espera una derrama econ\u00f3mica de al menos dos millones 800 mil pesos y una afluencia de ocho mil visitantes.<\/p>\n\n\n\n<p>Acompa\u00f1ada de maestros reboceros, la regidora destac\u00f3 que con la feria se dar\u00e1 realce a la prenda m\u00e1s emblem\u00e1tica del municipio y que representa su identidad, por lo que invit\u00f3 a la ciudadan\u00eda a visitar Tenancingo y adquirir rebozos de diferentes tipos, muchos de ellos piezas \u00fanicas, cuyo precio oscila entre 500 y 35 mil pesos.<\/p>\n\n\n\n<p>Adem\u00e1s de rebozos, en la feria tambi\u00e9n se expondr\u00e1n piezas como bolsas, espejos, carteras y corbatas, entre otras, cuya base de elaboraci\u00f3n es el material del rebozo, mientras que en las actividades art\u00edsticas y culturales est\u00e1 prevista la participaci\u00f3n de un grupo vocal, un dueto con una soprano y un quinteto.<\/p>\n\n\n\n<p>La edici\u00f3n pasada de la feria dej\u00f3 una derrama econ\u00f3mica de dos millones de pesos y una afluencia de cinco mil visitantes.<\/p>\n\n\n\n<p>La regidora agradeci\u00f3 las facilidades para dar la conferencia del coordinador parlamentario del PAN, el diputado Anuar Roberto Azar Figueroa, y record\u00f3 que la 59 Legislatura declar\u00f3 el 29 de septiembre como D\u00eda del Rebozo en el Estado de M\u00e9xico.<\/p>\n","protected":false},"excerpt":{"rendered":"<p>A trav\u00e9s de una campa\u00f1a que evoca el valor de la elaboraci\u00f3n artesanal, el ayuntamiento de Tenancingo busca rescatar la imagen tradicional de uno de sus productos m\u00e1s emblem\u00e1ticos con la \u2018Feria del Rebozo Tenancingo 2019\u2019, la cual se celebrar\u00e1 el 6, 7 y 8 de septiembre. En conferencia de prensa realizada en el Poder Legislativo con el apoyo del Grupo Parlamentario del PAN, la regidora de Tenancingo, Aurelia Reynoso, explic\u00f3 que en la edici\u00f3n n\u00famero 17 de la feria se resaltar\u00e1 el proceso de elaboraci\u00f3n de los rebozos y&hellip;<\/p>\n","protected":false},"author":1,"featured_media":332,"comment_status":"open","ping_status":"open","sticky":false,"template":"","format":"standard","meta":{"footnotes":""},"categories":[11,3],"tags":[],"class_list":["post-331","post","type-post","status-publish","format-standard","has-post-thumbnail","hentry","category-cultura","category-gobierno"],"yoast_head":"<!-- This site is optimized with the Yoast SEO plugin v27.5 - https:\/\/yoast.com\/product\/yoast-seo-wordpress\/ -->\n<title>BUSCAN RESCATAR EL VALOR TRADICIONAL DEL REBOZO EN TENANCINGO - Expresso Metropolitano<\/title>\n<meta name=\"robots\" content=\"index, follow, max-snippet:-1, max-image-preview:large, max-video-preview:-1\" \/>\n<link rel=\"canonical\" href=\"https:\/\/expressometro.mx\/index.php\/2019\/09\/02\/buscan-rescatar-el-valor-tradicional-del-rebozo-en-tenancingo\/\" \/>\n<meta property=\"og:locale\" content=\"es_MX\" \/>\n<meta property=\"og:type\" content=\"article\" \/>\n<meta property=\"og:title\" content=\"BUSCAN RESCATAR EL VALOR TRADICIONAL DEL REBOZO EN TENANCINGO - Expresso Metropolitano\" \/>\n<meta property=\"og:description\" content=\"A trav\u00e9s de una campa\u00f1a que evoca el valor de la elaboraci\u00f3n artesanal, el ayuntamiento de Tenancingo busca rescatar la imagen tradicional de uno de sus productos m\u00e1s emblem\u00e1ticos con la \u2018Feria del Rebozo Tenancingo 2019\u2019, la cual se celebrar\u00e1 el 6, 7 y 8 de septiembre. En conferencia de prensa realizada en el Poder Legislativo con el apoyo del Grupo Parlamentario del PAN, la regidora de Tenancingo, Aurelia Reynoso, explic\u00f3 que en la edici\u00f3n n\u00famero 17 de la feria se resaltar\u00e1 el proceso de elaboraci\u00f3n de los rebozos y&hellip;\" \/>\n<meta property=\"og:url\" content=\"https:\/\/expressometro.mx\/index.php\/2019\/09\/02\/buscan-rescatar-el-valor-tradicional-del-rebozo-en-tenancingo\/\" \/>\n<meta property=\"og:site_name\" content=\"Expresso Metropolitano\" \/>\n<meta property=\"article:published_time\" content=\"2019-09-02T12:21:08+00:00\" \/>\n<meta property=\"article:modified_time\" content=\"2019-09-25T15:35:51+00:00\" \/>\n<meta property=\"og:image\" content=\"https:\/\/expressometro.mx\/wp-content\/uploads\/2019\/09\/1116a.jpg\" \/>\n\t<meta property=\"og:image:width\" content=\"850\" \/>\n\t<meta property=\"og:image:height\" content=\"568\" \/>\n\t<meta property=\"og:image:type\" content=\"image\/jpeg\" \/>\n<meta name=\"author\" content=\"Expresso Metropolitano\" \/>\n<meta name=\"twitter:label1\" content=\"Escrito por\" \/>\n\t<meta name=\"twitter:data1\" content=\"Expresso Metropolitano\" \/>\n\t<meta name=\"twitter:label2\" content=\"Tiempo de lectura\" \/>\n\t<meta name=\"twitter:data2\" content=\"2 minutos\" \/>\n<script type=\"application\/ld+json\" class=\"yoast-schema-graph\">{\"@context\":\"https:\\\/\\\/schema.org\",\"@graph\":[{\"@type\":\"Article\",\"@id\":\"https:\\\/\\\/expressometro.mx\\\/index.php\\\/2019\\\/09\\\/02\\\/buscan-rescatar-el-valor-tradicional-del-rebozo-en-tenancingo\\\/#article\",\"isPartOf\":{\"@id\":\"https:\\\/\\\/expressometro.mx\\\/index.php\\\/2019\\\/09\\\/02\\\/buscan-rescatar-el-valor-tradicional-del-rebozo-en-tenancingo\\\/\"},\"author\":{\"name\":\"Expresso Metropolitano\",\"@id\":\"https:\\\/\\\/expressometro.mx\\\/#\\\/schema\\\/person\\\/efa971b4a0664db8ed5c22b1b0dd2f5d\"},\"headline\":\"BUSCAN RESCATAR EL VALOR TRADICIONAL DEL REBOZO EN TENANCINGO\",\"datePublished\":\"2019-09-02T12:21:08+00:00\",\"dateModified\":\"2019-09-25T15:35:51+00:00\",\"mainEntityOfPage\":{\"@id\":\"https:\\\/\\\/expressometro.mx\\\/index.php\\\/2019\\\/09\\\/02\\\/buscan-rescatar-el-valor-tradicional-del-rebozo-en-tenancingo\\\/\"},\"wordCount\":374,\"commentCount\":0,\"publisher\":{\"@id\":\"https:\\\/\\\/expressometro.mx\\\/#organization\"},\"image\":{\"@id\":\"https:\\\/\\\/expressometro.mx\\\/index.php\\\/2019\\\/09\\\/02\\\/buscan-rescatar-el-valor-tradicional-del-rebozo-en-tenancingo\\\/#primaryimage\"},\"thumbnailUrl\":\"https:\\\/\\\/expressometro.mx\\\/wp-content\\\/uploads\\\/2019\\\/09\\\/1116a.jpg\",\"articleSection\":[\"Cultura\",\"Gobierno\"],\"inLanguage\":\"es\",\"potentialAction\":[{\"@type\":\"CommentAction\",\"name\":\"Comment\",\"target\":[\"https:\\\/\\\/expressometro.mx\\\/index.php\\\/2019\\\/09\\\/02\\\/buscan-rescatar-el-valor-tradicional-del-rebozo-en-tenancingo\\\/#respond\"]}]},{\"@type\":\"WebPage\",\"@id\":\"https:\\\/\\\/expressometro.mx\\\/index.php\\\/2019\\\/09\\\/02\\\/buscan-rescatar-el-valor-tradicional-del-rebozo-en-tenancingo\\\/\",\"url\":\"https:\\\/\\\/expressometro.mx\\\/index.php\\\/2019\\\/09\\\/02\\\/buscan-rescatar-el-valor-tradicional-del-rebozo-en-tenancingo\\\/\",\"name\":\"BUSCAN RESCATAR EL VALOR TRADICIONAL DEL REBOZO EN TENANCINGO - Expresso Metropolitano\",\"isPartOf\":{\"@id\":\"https:\\\/\\\/expressometro.mx\\\/#website\"},\"primaryImageOfPage\":{\"@id\":\"https:\\\/\\\/expressometro.mx\\\/index.php\\\/2019\\\/09\\\/02\\\/buscan-rescatar-el-valor-tradicional-del-rebozo-en-tenancingo\\\/#primaryimage\"},\"image\":{\"@id\":\"https:\\\/\\\/expressometro.mx\\\/index.php\\\/2019\\\/09\\\/02\\\/buscan-rescatar-el-valor-tradicional-del-rebozo-en-tenancingo\\\/#primaryimage\"},\"thumbnailUrl\":\"https:\\\/\\\/expressometro.mx\\\/wp-content\\\/uploads\\\/2019\\\/09\\\/1116a.jpg\",\"datePublished\":\"2019-09-02T12:21:08+00:00\",\"dateModified\":\"2019-09-25T15:35:51+00:00\",\"breadcrumb\":{\"@id\":\"https:\\\/\\\/expressometro.mx\\\/index.php\\\/2019\\\/09\\\/02\\\/buscan-rescatar-el-valor-tradicional-del-rebozo-en-tenancingo\\\/#breadcrumb\"},\"inLanguage\":\"es\",\"potentialAction\":[{\"@type\":\"ReadAction\",\"target\":[\"https:\\\/\\\/expressometro.mx\\\/index.php\\\/2019\\\/09\\\/02\\\/buscan-rescatar-el-valor-tradicional-del-rebozo-en-tenancingo\\\/\"]}]},{\"@type\":\"ImageObject\",\"inLanguage\":\"es\",\"@id\":\"https:\\\/\\\/expressometro.mx\\\/index.php\\\/2019\\\/09\\\/02\\\/buscan-rescatar-el-valor-tradicional-del-rebozo-en-tenancingo\\\/#primaryimage\",\"url\":\"https:\\\/\\\/expressometro.mx\\\/wp-content\\\/uploads\\\/2019\\\/09\\\/1116a.jpg\",\"contentUrl\":\"https:\\\/\\\/expressometro.mx\\\/wp-content\\\/uploads\\\/2019\\\/09\\\/1116a.jpg\",\"width\":850,\"height\":568},{\"@type\":\"BreadcrumbList\",\"@id\":\"https:\\\/\\\/expressometro.mx\\\/index.php\\\/2019\\\/09\\\/02\\\/buscan-rescatar-el-valor-tradicional-del-rebozo-en-tenancingo\\\/#breadcrumb\",\"itemListElement\":[{\"@type\":\"ListItem\",\"position\":1,\"name\":\"Inicio\",\"item\":\"https:\\\/\\\/expressometro.mx\\\/\"},{\"@type\":\"ListItem\",\"position\":2,\"name\":\"BUSCAN RESCATAR EL VALOR TRADICIONAL DEL REBOZO EN TENANCINGO\"}]},{\"@type\":\"WebSite\",\"@id\":\"https:\\\/\\\/expressometro.mx\\\/#website\",\"url\":\"https:\\\/\\\/expressometro.mx\\\/\",\"name\":\"Expresso Metropolitano\",\"description\":\"Periodismo comprometido, informaci\u00f3n, investigaci\u00f3n y an\u00e1lisis\",\"publisher\":{\"@id\":\"https:\\\/\\\/expressometro.mx\\\/#organization\"},\"potentialAction\":[{\"@type\":\"SearchAction\",\"target\":{\"@type\":\"EntryPoint\",\"urlTemplate\":\"https:\\\/\\\/expressometro.mx\\\/?s={search_term_string}\"},\"query-input\":{\"@type\":\"PropertyValueSpecification\",\"valueRequired\":true,\"valueName\":\"search_term_string\"}}],\"inLanguage\":\"es\"},{\"@type\":\"Organization\",\"@id\":\"https:\\\/\\\/expressometro.mx\\\/#organization\",\"name\":\"Expresso Metropolitano\",\"url\":\"https:\\\/\\\/expressometro.mx\\\/\",\"logo\":{\"@type\":\"ImageObject\",\"inLanguage\":\"es\",\"@id\":\"https:\\\/\\\/expressometro.mx\\\/#\\\/schema\\\/logo\\\/image\\\/\",\"url\":\"https:\\\/\\\/expressometro.mx\\\/wp-content\\\/uploads\\\/2019\\\/07\\\/cropped-Logo-Expresso-Metropolitano-1-1.jpeg\",\"contentUrl\":\"https:\\\/\\\/expressometro.mx\\\/wp-content\\\/uploads\\\/2019\\\/07\\\/cropped-Logo-Expresso-Metropolitano-1-1.jpeg\",\"width\":290,\"height\":73,\"caption\":\"Expresso Metropolitano\"},\"image\":{\"@id\":\"https:\\\/\\\/expressometro.mx\\\/#\\\/schema\\\/logo\\\/image\\\/\"}},{\"@type\":\"Person\",\"@id\":\"https:\\\/\\\/expressometro.mx\\\/#\\\/schema\\\/person\\\/efa971b4a0664db8ed5c22b1b0dd2f5d\",\"name\":\"Expresso Metropolitano\",\"image\":{\"@type\":\"ImageObject\",\"inLanguage\":\"es\",\"@id\":\"https:\\\/\\\/secure.gravatar.com\\\/avatar\\\/a89f802b8de18c6952f223c88d3d106e9e3679839f4e25a02f4a6cc2ae6ba3b3?s=96&d=mm&r=g\",\"url\":\"https:\\\/\\\/secure.gravatar.com\\\/avatar\\\/a89f802b8de18c6952f223c88d3d106e9e3679839f4e25a02f4a6cc2ae6ba3b3?s=96&d=mm&r=g\",\"contentUrl\":\"https:\\\/\\\/secure.gravatar.com\\\/avatar\\\/a89f802b8de18c6952f223c88d3d106e9e3679839f4e25a02f4a6cc2ae6ba3b3?s=96&d=mm&r=g\",\"caption\":\"Expresso Metropolitano\"},\"url\":\"https:\\\/\\\/expressometro.mx\\\/index.php\\\/author\\\/diego\\\/\"}]}<\/script>\n<!-- \/ Yoast SEO plugin. -->","yoast_head_json":{"title":"BUSCAN RESCATAR EL VALOR TRADICIONAL DEL REBOZO EN TENANCINGO - Expresso Metropolitano","robots":{"index":"index","follow":"follow","max-snippet":"max-snippet:-1","max-image-preview":"max-image-preview:large","max-video-preview":"max-video-preview:-1"},"canonical":"https:\/\/expressometro.mx\/index.php\/2019\/09\/02\/buscan-rescatar-el-valor-tradicional-del-rebozo-en-tenancingo\/","og_locale":"es_MX","og_type":"article","og_title":"BUSCAN RESCATAR EL VALOR TRADICIONAL DEL REBOZO EN TENANCINGO - Expresso Metropolitano","og_description":"A trav\u00e9s de una campa\u00f1a que evoca el valor de la elaboraci\u00f3n artesanal, el ayuntamiento de Tenancingo busca rescatar la imagen tradicional de uno de sus productos m\u00e1s emblem\u00e1ticos con la \u2018Feria del Rebozo Tenancingo 2019\u2019, la cual se celebrar\u00e1 el 6, 7 y 8 de septiembre. En conferencia de prensa realizada en el Poder Legislativo con el apoyo del Grupo Parlamentario del PAN, la regidora de Tenancingo, Aurelia Reynoso, explic\u00f3 que en la edici\u00f3n n\u00famero 17 de la feria se resaltar\u00e1 el proceso de elaboraci\u00f3n de los rebozos y&hellip;","og_url":"https:\/\/expressometro.mx\/index.php\/2019\/09\/02\/buscan-rescatar-el-valor-tradicional-del-rebozo-en-tenancingo\/","og_site_name":"Expresso Metropolitano","article_published_time":"2019-09-02T12:21:08+00:00","article_modified_time":"2019-09-25T15:35:51+00:00","og_image":[{"width":850,"height":568,"url":"https:\/\/expressometro.mx\/wp-content\/uploads\/2019\/09\/1116a.jpg","type":"image\/jpeg"}],"author":"Expresso Metropolitano","twitter_misc":{"Escrito por":"Expresso Metropolitano","Tiempo de lectura":"2 minutos"},"schema":{"@context":"https:\/\/schema.org","@graph":[{"@type":"Article","@id":"https:\/\/expressometro.mx\/index.php\/2019\/09\/02\/buscan-rescatar-el-valor-tradicional-del-rebozo-en-tenancingo\/#article","isPartOf":{"@id":"https:\/\/expressometro.mx\/index.php\/2019\/09\/02\/buscan-rescatar-el-valor-tradicional-del-rebozo-en-tenancingo\/"},"author":{"name":"Expresso Metropolitano","@id":"https:\/\/expressometro.mx\/#\/schema\/person\/efa971b4a0664db8ed5c22b1b0dd2f5d"},"headline":"BUSCAN RESCATAR EL VALOR TRADICIONAL DEL REBOZO EN TENANCINGO","datePublished":"2019-09-02T12:21:08+00:00","dateModified":"2019-09-25T15:35:51+00:00","mainEntityOfPage":{"@id":"https:\/\/expressometro.mx\/index.php\/2019\/09\/02\/buscan-rescatar-el-valor-tradicional-del-rebozo-en-tenancingo\/"},"wordCount":374,"commentCount":0,"publisher":{"@id":"https:\/\/expressometro.mx\/#organization"},"image":{"@id":"https:\/\/expressometro.mx\/index.php\/2019\/09\/02\/buscan-rescatar-el-valor-tradicional-del-rebozo-en-tenancingo\/#primaryimage"},"thumbnailUrl":"https:\/\/expressometro.mx\/wp-content\/uploads\/2019\/09\/1116a.jpg","articleSection":["Cultura","Gobierno"],"inLanguage":"es","potentialAction":[{"@type":"CommentAction","name":"Comment","target":["https:\/\/expressometro.mx\/index.php\/2019\/09\/02\/buscan-rescatar-el-valor-tradicional-del-rebozo-en-tenancingo\/#respond"]}]},{"@type":"WebPage","@id":"https:\/\/expressometro.mx\/index.php\/2019\/09\/02\/buscan-rescatar-el-valor-tradicional-del-rebozo-en-tenancingo\/","url":"https:\/\/expressometro.mx\/index.php\/2019\/09\/02\/buscan-rescatar-el-valor-tradicional-del-rebozo-en-tenancingo\/","name":"BUSCAN RESCATAR EL VALOR TRADICIONAL DEL REBOZO EN TENANCINGO - Expresso Metropolitano","isPartOf":{"@id":"https:\/\/expressometro.mx\/#website"},"primaryImageOfPage":{"@id":"https:\/\/expressometro.mx\/index.php\/2019\/09\/02\/buscan-rescatar-el-valor-tradicional-del-rebozo-en-tenancingo\/#primaryimage"},"image":{"@id":"https:\/\/expressometro.mx\/index.php\/2019\/09\/02\/buscan-rescatar-el-valor-tradicional-del-rebozo-en-tenancingo\/#primaryimage"},"thumbnailUrl":"https:\/\/expressometro.mx\/wp-content\/uploads\/2019\/09\/1116a.jpg","datePublished":"2019-09-02T12:21:08+00:00","dateModified":"2019-09-25T15:35:51+00:00","breadcrumb":{"@id":"https:\/\/expressometro.mx\/index.php\/2019\/09\/02\/buscan-rescatar-el-valor-tradicional-del-rebozo-en-tenancingo\/#breadcrumb"},"inLanguage":"es","potentialAction":[{"@type":"ReadAction","target":["https:\/\/expressometro.mx\/index.php\/2019\/09\/02\/buscan-rescatar-el-valor-tradicional-del-rebozo-en-tenancingo\/"]}]},{"@type":"ImageObject","inLanguage":"es","@id":"https:\/\/expressometro.mx\/index.php\/2019\/09\/02\/buscan-rescatar-el-valor-tradicional-del-rebozo-en-tenancingo\/#primaryimage","url":"https:\/\/expressometro.mx\/wp-content\/uploads\/2019\/09\/1116a.jpg","contentUrl":"https:\/\/expressometro.mx\/wp-content\/uploads\/2019\/09\/1116a.jpg","width":850,"height":568},{"@type":"BreadcrumbList","@id":"https:\/\/expressometro.mx\/index.php\/2019\/09\/02\/buscan-rescatar-el-valor-tradicional-del-rebozo-en-tenancingo\/#breadcrumb","itemListElement":[{"@type":"ListItem","position":1,"name":"Inicio","item":"https:\/\/expressometro.mx\/"},{"@type":"ListItem","position":2,"name":"BUSCAN RESCATAR EL VALOR TRADICIONAL DEL REBOZO EN TENANCINGO"}]},{"@type":"WebSite","@id":"https:\/\/expressometro.mx\/#website","url":"https:\/\/expressometro.mx\/","name":"Expresso Metropolitano","description":"Periodismo comprometido, informaci\u00f3n, investigaci\u00f3n y an\u00e1lisis","publisher":{"@id":"https:\/\/expressometro.mx\/#organization"},"potentialAction":[{"@type":"SearchAction","target":{"@type":"EntryPoint","urlTemplate":"https:\/\/expressometro.mx\/?s={search_term_string}"},"query-input":{"@type":"PropertyValueSpecification","valueRequired":true,"valueName":"search_term_string"}}],"inLanguage":"es"},{"@type":"Organization","@id":"https:\/\/expressometro.mx\/#organization","name":"Expresso Metropolitano","url":"https:\/\/expressometro.mx\/","logo":{"@type":"ImageObject","inLanguage":"es","@id":"https:\/\/expressometro.mx\/#\/schema\/logo\/image\/","url":"https:\/\/expressometro.mx\/wp-content\/uploads\/2019\/07\/cropped-Logo-Expresso-Metropolitano-1-1.jpeg","contentUrl":"https:\/\/expressometro.mx\/wp-content\/uploads\/2019\/07\/cropped-Logo-Expresso-Metropolitano-1-1.jpeg","width":290,"height":73,"caption":"Expresso Metropolitano"},"image":{"@id":"https:\/\/expressometro.mx\/#\/schema\/logo\/image\/"}},{"@type":"Person","@id":"https:\/\/expressometro.mx\/#\/schema\/person\/efa971b4a0664db8ed5c22b1b0dd2f5d","name":"Expresso Metropolitano","image":{"@type":"ImageObject","inLanguage":"es","@id":"https:\/\/secure.gravatar.com\/avatar\/a89f802b8de18c6952f223c88d3d106e9e3679839f4e25a02f4a6cc2ae6ba3b3?s=96&d=mm&r=g","url":"https:\/\/secure.gravatar.com\/avatar\/a89f802b8de18c6952f223c88d3d106e9e3679839f4e25a02f4a6cc2ae6ba3b3?s=96&d=mm&r=g","contentUrl":"https:\/\/secure.gravatar.com\/avatar\/a89f802b8de18c6952f223c88d3d106e9e3679839f4e25a02f4a6cc2ae6ba3b3?s=96&d=mm&r=g","caption":"Expresso Metropolitano"},"url":"https:\/\/expressometro.mx\/index.php\/author\/diego\/"}]}},"amp_enabled":true,"_links":{"self":[{"href":"https:\/\/expressometro.mx\/index.php\/wp-json\/wp\/v2\/posts\/331","targetHints":{"allow":["GET"]}}],"collection":[{"href":"https:\/\/expressometro.mx\/index.php\/wp-json\/wp\/v2\/posts"}],"about":[{"href":"https:\/\/expressometro.mx\/index.php\/wp-json\/wp\/v2\/types\/post"}],"author":[{"embeddable":true,"href":"https:\/\/expressometro.mx\/index.php\/wp-json\/wp\/v2\/users\/1"}],"replies":[{"embeddable":true,"href":"https:\/\/expressometro.mx\/index.php\/wp-json\/wp\/v2\/comments?post=331"}],"version-history":[{"count":1,"href":"https:\/\/expressometro.mx\/index.php\/wp-json\/wp\/v2\/posts\/331\/revisions"}],"predecessor-version":[{"id":333,"href":"https:\/\/expressometro.mx\/index.php\/wp-json\/wp\/v2\/posts\/331\/revisions\/333"}],"wp:featuredmedia":[{"embeddable":true,"href":"https:\/\/expressometro.mx\/index.php\/wp-json\/wp\/v2\/media\/332"}],"wp:attachment":[{"href":"https:\/\/expressometro.mx\/index.php\/wp-json\/wp\/v2\/media?parent=331"}],"wp:term":[{"taxonomy":"category","embeddable":true,"href":"https:\/\/expressometro.mx\/index.php\/wp-json\/wp\/v2\/categories?post=331"},{"taxonomy":"post_tag","embeddable":true,"href":"https:\/\/expressometro.mx\/index.php\/wp-json\/wp\/v2\/tags?post=331"}],"curies":[{"name":"wp","href":"https:\/\/api.w.org\/{rel}","templated":true}]}}