{"id":3292,"date":"2021-06-08T15:48:00","date_gmt":"2021-06-08T20:48:00","guid":{"rendered":"http:\/\/expressometro.mx\/?p=3292"},"modified":"2021-06-09T15:53:48","modified_gmt":"2021-06-09T20:53:48","slug":"inhabilita-sfp-a-luis-videgaray-por-10-anos","status":"publish","type":"post","link":"https:\/\/expressometro.mx\/index.php\/2021\/06\/08\/inhabilita-sfp-a-luis-videgaray-por-10-anos\/","title":{"rendered":"Inhabilita SFP a Luis Videgaray por 10 a\u00f1os"},"content":{"rendered":"\n<p>La Secretar\u00eda de la Funci\u00f3n P\u00fablica (SFP) determin\u00f3 sancionar con inhabilitaci\u00f3n por 10 a\u00f1os para ocupar empleos, cargos o comisiones en el servicio p\u00fablico a Luis Videgaray Caso.<\/p>\n\n\n\n<p>Lo anterior, se\u00f1al\u00f3, por acreditarse la falta de veracidad en sus declaraciones patrimoniales de tres a\u00f1os consecutivos, cuando se desempe\u00f1\u00f3 en las m\u00e1s altas funciones del Gobierno federal, como Secretario de Relaciones Exteriores y de Hacienda y Cr\u00e9dito P\u00fablico durante la Administraci\u00f3n de Enrique Pe\u00f1a Nieto.<\/p>\n\n\n\n<p>&#8220;El involucrado fue notificado desde el 11 de mayo, pero el anuncio correspondiente se posterg\u00f3 hasta hoy por respeto a la veda electoral con respecto a acciones de comunicaci\u00f3n social de parte de la Administraci\u00f3n P\u00fablica Federal&#8221;, inform\u00f3 la dependencia en un comunicado.<\/p>\n\n\n\n<p>La SFP orden\u00f3 en junio de 2019 el inicio de la investigaci\u00f3n patrimonial sobre quien fuera Secretario de Hacienda y Cr\u00e9dito P\u00fablico de diciembre de 2012 a septiembre de 2016, luego de conocer su posible participaci\u00f3n en la compra irregular de la planta de fertilizantes \u201cAgronitrogenados\u201d, la cual ocasion\u00f3 un millonario da\u00f1o patrimonial al Estado.<\/p>\n\n\n\n<p>&#8220;La sanci\u00f3n que hoy se informa es lo m\u00e1ximo que permite la ley dentro del procedimiento de responsabilidades por las omisiones en las declaraciones patrimoniales de un servidor p\u00fablico y es independiente de otros procedimientos de investigaci\u00f3n o sanci\u00f3n que pudieran estar en curso por esta u otras autoridades&#8221;, finaliz\u00f3 la SFP.<\/p>\n\n\n\n<figure class=\"wp-block-image size-large\"><img decoding=\"async\" width=\"270\" height=\"480\" src=\"http:\/\/expressometro.mx\/wp-content\/uploads\/2021\/06\/WhatsApp-Image-2021-06-08-at-14.51.04-1-270x480.jpeg\" alt=\"\" class=\"wp-image-3294\" srcset=\"https:\/\/expressometro.mx\/wp-content\/uploads\/2021\/06\/WhatsApp-Image-2021-06-08-at-14.51.04-1-270x480.jpeg 270w, https:\/\/expressometro.mx\/wp-content\/uploads\/2021\/06\/WhatsApp-Image-2021-06-08-at-14.51.04-1-205x365.jpeg 205w, https:\/\/expressometro.mx\/wp-content\/uploads\/2021\/06\/WhatsApp-Image-2021-06-08-at-14.51.04-1.jpeg 576w\" sizes=\"(max-width: 270px) 100vw, 270px\" \/><\/figure>\n","protected":false},"excerpt":{"rendered":"<p>La Secretar\u00eda de la Funci\u00f3n P\u00fablica (SFP) determin\u00f3 sancionar con inhabilitaci\u00f3n por 10 a\u00f1os para ocupar empleos, cargos o comisiones en el servicio p\u00fablico a Luis Videgaray Caso.<\/p>\n","protected":false},"author":2,"featured_media":3295,"comment_status":"open","ping_status":"open","sticky":false,"template":"","format":"standard","meta":{"footnotes":""},"categories":[3,231],"tags":[705,706],"class_list":["post-3292","post","type-post","status-publish","format-standard","has-post-thumbnail","hentry","category-gobierno","category-politica","tag-luis-videgaray","tag-sfp"],"yoast_head":"<!-- This site is optimized with the Yoast SEO plugin v27.5 - https:\/\/yoast.com\/product\/yoast-seo-wordpress\/ -->\n<title>Inhabilita SFP a Luis Videgaray por 10 a\u00f1os - Expresso Metropolitano<\/title>\n<meta name=\"robots\" content=\"index, follow, max-snippet:-1, max-image-preview:large, max-video-preview:-1\" \/>\n<link rel=\"canonical\" href=\"https:\/\/expressometro.mx\/index.php\/2021\/06\/08\/inhabilita-sfp-a-luis-videgaray-por-10-anos\/\" \/>\n<meta property=\"og:locale\" content=\"es_MX\" \/>\n<meta property=\"og:type\" content=\"article\" \/>\n<meta property=\"og:title\" content=\"Inhabilita SFP a Luis Videgaray por 10 a\u00f1os - Expresso Metropolitano\" \/>\n<meta property=\"og:description\" content=\"La Secretar\u00eda de la Funci\u00f3n P\u00fablica (SFP) determin\u00f3 sancionar con inhabilitaci\u00f3n por 10 a\u00f1os para ocupar empleos, cargos o comisiones en el servicio p\u00fablico a Luis Videgaray Caso.\" \/>\n<meta property=\"og:url\" content=\"https:\/\/expressometro.mx\/index.php\/2021\/06\/08\/inhabilita-sfp-a-luis-videgaray-por-10-anos\/\" \/>\n<meta property=\"og:site_name\" content=\"Expresso Metropolitano\" \/>\n<meta property=\"article:published_time\" content=\"2021-06-08T20:48:00+00:00\" \/>\n<meta property=\"article:modified_time\" content=\"2021-06-09T20:53:48+00:00\" \/>\n<meta property=\"og:image\" content=\"https:\/\/expressometro.mx\/wp-content\/uploads\/2021\/06\/WhatsApp-Image-2021-06-08-at-14.51.04.jpeg\" \/>\n\t<meta property=\"og:image:width\" content=\"960\" \/>\n\t<meta property=\"og:image:height\" content=\"640\" \/>\n\t<meta property=\"og:image:type\" content=\"image\/jpeg\" \/>\n<meta name=\"author\" content=\"Cecilia Vega\" \/>\n<meta name=\"twitter:label1\" content=\"Escrito por\" \/>\n\t<meta name=\"twitter:data1\" content=\"Cecilia Vega\" \/>\n\t<meta name=\"twitter:label2\" content=\"Tiempo de lectura\" \/>\n\t<meta name=\"twitter:data2\" content=\"2 minutos\" \/>\n<script type=\"application\/ld+json\" class=\"yoast-schema-graph\">{\"@context\":\"https:\\\/\\\/schema.org\",\"@graph\":[{\"@type\":\"Article\",\"@id\":\"https:\\\/\\\/expressometro.mx\\\/index.php\\\/2021\\\/06\\\/08\\\/inhabilita-sfp-a-luis-videgaray-por-10-anos\\\/#article\",\"isPartOf\":{\"@id\":\"https:\\\/\\\/expressometro.mx\\\/index.php\\\/2021\\\/06\\\/08\\\/inhabilita-sfp-a-luis-videgaray-por-10-anos\\\/\"},\"author\":{\"name\":\"Cecilia Vega\",\"@id\":\"https:\\\/\\\/expressometro.mx\\\/#\\\/schema\\\/person\\\/67a95b8e3862085c7598f66237488f1f\"},\"headline\":\"Inhabilita SFP a Luis Videgaray por 10 a\u00f1os\",\"datePublished\":\"2021-06-08T20:48:00+00:00\",\"dateModified\":\"2021-06-09T20:53:48+00:00\",\"mainEntityOfPage\":{\"@id\":\"https:\\\/\\\/expressometro.mx\\\/index.php\\\/2021\\\/06\\\/08\\\/inhabilita-sfp-a-luis-videgaray-por-10-anos\\\/\"},\"wordCount\":253,\"commentCount\":0,\"publisher\":{\"@id\":\"https:\\\/\\\/expressometro.mx\\\/#organization\"},\"image\":{\"@id\":\"https:\\\/\\\/expressometro.mx\\\/index.php\\\/2021\\\/06\\\/08\\\/inhabilita-sfp-a-luis-videgaray-por-10-anos\\\/#primaryimage\"},\"thumbnailUrl\":\"https:\\\/\\\/expressometro.mx\\\/wp-content\\\/uploads\\\/2021\\\/06\\\/WhatsApp-Image-2021-06-08-at-14.51.04.jpeg\",\"keywords\":[\"Luis Videgaray\",\"SFP\"],\"articleSection\":[\"Gobierno\",\"Pol\u00edtica\"],\"inLanguage\":\"es\",\"potentialAction\":[{\"@type\":\"CommentAction\",\"name\":\"Comment\",\"target\":[\"https:\\\/\\\/expressometro.mx\\\/index.php\\\/2021\\\/06\\\/08\\\/inhabilita-sfp-a-luis-videgaray-por-10-anos\\\/#respond\"]}]},{\"@type\":\"WebPage\",\"@id\":\"https:\\\/\\\/expressometro.mx\\\/index.php\\\/2021\\\/06\\\/08\\\/inhabilita-sfp-a-luis-videgaray-por-10-anos\\\/\",\"url\":\"https:\\\/\\\/expressometro.mx\\\/index.php\\\/2021\\\/06\\\/08\\\/inhabilita-sfp-a-luis-videgaray-por-10-anos\\\/\",\"name\":\"Inhabilita SFP a Luis Videgaray por 10 a\u00f1os - Expresso Metropolitano\",\"isPartOf\":{\"@id\":\"https:\\\/\\\/expressometro.mx\\\/#website\"},\"primaryImageOfPage\":{\"@id\":\"https:\\\/\\\/expressometro.mx\\\/index.php\\\/2021\\\/06\\\/08\\\/inhabilita-sfp-a-luis-videgaray-por-10-anos\\\/#primaryimage\"},\"image\":{\"@id\":\"https:\\\/\\\/expressometro.mx\\\/index.php\\\/2021\\\/06\\\/08\\\/inhabilita-sfp-a-luis-videgaray-por-10-anos\\\/#primaryimage\"},\"thumbnailUrl\":\"https:\\\/\\\/expressometro.mx\\\/wp-content\\\/uploads\\\/2021\\\/06\\\/WhatsApp-Image-2021-06-08-at-14.51.04.jpeg\",\"datePublished\":\"2021-06-08T20:48:00+00:00\",\"dateModified\":\"2021-06-09T20:53:48+00:00\",\"breadcrumb\":{\"@id\":\"https:\\\/\\\/expressometro.mx\\\/index.php\\\/2021\\\/06\\\/08\\\/inhabilita-sfp-a-luis-videgaray-por-10-anos\\\/#breadcrumb\"},\"inLanguage\":\"es\",\"potentialAction\":[{\"@type\":\"ReadAction\",\"target\":[\"https:\\\/\\\/expressometro.mx\\\/index.php\\\/2021\\\/06\\\/08\\\/inhabilita-sfp-a-luis-videgaray-por-10-anos\\\/\"]}]},{\"@type\":\"ImageObject\",\"inLanguage\":\"es\",\"@id\":\"https:\\\/\\\/expressometro.mx\\\/index.php\\\/2021\\\/06\\\/08\\\/inhabilita-sfp-a-luis-videgaray-por-10-anos\\\/#primaryimage\",\"url\":\"https:\\\/\\\/expressometro.mx\\\/wp-content\\\/uploads\\\/2021\\\/06\\\/WhatsApp-Image-2021-06-08-at-14.51.04.jpeg\",\"contentUrl\":\"https:\\\/\\\/expressometro.mx\\\/wp-content\\\/uploads\\\/2021\\\/06\\\/WhatsApp-Image-2021-06-08-at-14.51.04.jpeg\",\"width\":960,\"height\":640},{\"@type\":\"BreadcrumbList\",\"@id\":\"https:\\\/\\\/expressometro.mx\\\/index.php\\\/2021\\\/06\\\/08\\\/inhabilita-sfp-a-luis-videgaray-por-10-anos\\\/#breadcrumb\",\"itemListElement\":[{\"@type\":\"ListItem\",\"position\":1,\"name\":\"Inicio\",\"item\":\"https:\\\/\\\/expressometro.mx\\\/\"},{\"@type\":\"ListItem\",\"position\":2,\"name\":\"Inhabilita SFP a Luis Videgaray por 10 a\u00f1os\"}]},{\"@type\":\"WebSite\",\"@id\":\"https:\\\/\\\/expressometro.mx\\\/#website\",\"url\":\"https:\\\/\\\/expressometro.mx\\\/\",\"name\":\"Expresso Metropolitano\",\"description\":\"Periodismo comprometido, informaci\u00f3n, investigaci\u00f3n y an\u00e1lisis\",\"publisher\":{\"@id\":\"https:\\\/\\\/expressometro.mx\\\/#organization\"},\"potentialAction\":[{\"@type\":\"SearchAction\",\"target\":{\"@type\":\"EntryPoint\",\"urlTemplate\":\"https:\\\/\\\/expressometro.mx\\\/?s={search_term_string}\"},\"query-input\":{\"@type\":\"PropertyValueSpecification\",\"valueRequired\":true,\"valueName\":\"search_term_string\"}}],\"inLanguage\":\"es\"},{\"@type\":\"Organization\",\"@id\":\"https:\\\/\\\/expressometro.mx\\\/#organization\",\"name\":\"Expresso Metropolitano\",\"url\":\"https:\\\/\\\/expressometro.mx\\\/\",\"logo\":{\"@type\":\"ImageObject\",\"inLanguage\":\"es\",\"@id\":\"https:\\\/\\\/expressometro.mx\\\/#\\\/schema\\\/logo\\\/image\\\/\",\"url\":\"https:\\\/\\\/expressometro.mx\\\/wp-content\\\/uploads\\\/2019\\\/07\\\/cropped-Logo-Expresso-Metropolitano-1-1.jpeg\",\"contentUrl\":\"https:\\\/\\\/expressometro.mx\\\/wp-content\\\/uploads\\\/2019\\\/07\\\/cropped-Logo-Expresso-Metropolitano-1-1.jpeg\",\"width\":290,\"height\":73,\"caption\":\"Expresso Metropolitano\"},\"image\":{\"@id\":\"https:\\\/\\\/expressometro.mx\\\/#\\\/schema\\\/logo\\\/image\\\/\"}},{\"@type\":\"Person\",\"@id\":\"https:\\\/\\\/expressometro.mx\\\/#\\\/schema\\\/person\\\/67a95b8e3862085c7598f66237488f1f\",\"name\":\"Cecilia Vega\",\"image\":{\"@type\":\"ImageObject\",\"inLanguage\":\"es\",\"@id\":\"https:\\\/\\\/secure.gravatar.com\\\/avatar\\\/13aae9944ab2ee472a9e407c9487fdbd03b049abaa559af32fe5dbcf615c981b?s=96&d=mm&r=g\",\"url\":\"https:\\\/\\\/secure.gravatar.com\\\/avatar\\\/13aae9944ab2ee472a9e407c9487fdbd03b049abaa559af32fe5dbcf615c981b?s=96&d=mm&r=g\",\"contentUrl\":\"https:\\\/\\\/secure.gravatar.com\\\/avatar\\\/13aae9944ab2ee472a9e407c9487fdbd03b049abaa559af32fe5dbcf615c981b?s=96&d=mm&r=g\",\"caption\":\"Cecilia Vega\"},\"url\":\"https:\\\/\\\/expressometro.mx\\\/index.php\\\/author\\\/cecilia-vega\\\/\"}]}<\/script>\n<!-- \/ Yoast SEO plugin. -->","yoast_head_json":{"title":"Inhabilita SFP a Luis Videgaray por 10 a\u00f1os - Expresso Metropolitano","robots":{"index":"index","follow":"follow","max-snippet":"max-snippet:-1","max-image-preview":"max-image-preview:large","max-video-preview":"max-video-preview:-1"},"canonical":"https:\/\/expressometro.mx\/index.php\/2021\/06\/08\/inhabilita-sfp-a-luis-videgaray-por-10-anos\/","og_locale":"es_MX","og_type":"article","og_title":"Inhabilita SFP a Luis Videgaray por 10 a\u00f1os - Expresso Metropolitano","og_description":"La Secretar\u00eda de la Funci\u00f3n P\u00fablica (SFP) determin\u00f3 sancionar con inhabilitaci\u00f3n por 10 a\u00f1os para ocupar empleos, cargos o comisiones en el servicio p\u00fablico a Luis Videgaray Caso.","og_url":"https:\/\/expressometro.mx\/index.php\/2021\/06\/08\/inhabilita-sfp-a-luis-videgaray-por-10-anos\/","og_site_name":"Expresso Metropolitano","article_published_time":"2021-06-08T20:48:00+00:00","article_modified_time":"2021-06-09T20:53:48+00:00","og_image":[{"width":960,"height":640,"url":"https:\/\/expressometro.mx\/wp-content\/uploads\/2021\/06\/WhatsApp-Image-2021-06-08-at-14.51.04.jpeg","type":"image\/jpeg"}],"author":"Cecilia Vega","twitter_misc":{"Escrito por":"Cecilia Vega","Tiempo de lectura":"2 minutos"},"schema":{"@context":"https:\/\/schema.org","@graph":[{"@type":"Article","@id":"https:\/\/expressometro.mx\/index.php\/2021\/06\/08\/inhabilita-sfp-a-luis-videgaray-por-10-anos\/#article","isPartOf":{"@id":"https:\/\/expressometro.mx\/index.php\/2021\/06\/08\/inhabilita-sfp-a-luis-videgaray-por-10-anos\/"},"author":{"name":"Cecilia Vega","@id":"https:\/\/expressometro.mx\/#\/schema\/person\/67a95b8e3862085c7598f66237488f1f"},"headline":"Inhabilita SFP a Luis Videgaray por 10 a\u00f1os","datePublished":"2021-06-08T20:48:00+00:00","dateModified":"2021-06-09T20:53:48+00:00","mainEntityOfPage":{"@id":"https:\/\/expressometro.mx\/index.php\/2021\/06\/08\/inhabilita-sfp-a-luis-videgaray-por-10-anos\/"},"wordCount":253,"commentCount":0,"publisher":{"@id":"https:\/\/expressometro.mx\/#organization"},"image":{"@id":"https:\/\/expressometro.mx\/index.php\/2021\/06\/08\/inhabilita-sfp-a-luis-videgaray-por-10-anos\/#primaryimage"},"thumbnailUrl":"https:\/\/expressometro.mx\/wp-content\/uploads\/2021\/06\/WhatsApp-Image-2021-06-08-at-14.51.04.jpeg","keywords":["Luis Videgaray","SFP"],"articleSection":["Gobierno","Pol\u00edtica"],"inLanguage":"es","potentialAction":[{"@type":"CommentAction","name":"Comment","target":["https:\/\/expressometro.mx\/index.php\/2021\/06\/08\/inhabilita-sfp-a-luis-videgaray-por-10-anos\/#respond"]}]},{"@type":"WebPage","@id":"https:\/\/expressometro.mx\/index.php\/2021\/06\/08\/inhabilita-sfp-a-luis-videgaray-por-10-anos\/","url":"https:\/\/expressometro.mx\/index.php\/2021\/06\/08\/inhabilita-sfp-a-luis-videgaray-por-10-anos\/","name":"Inhabilita SFP a Luis Videgaray por 10 a\u00f1os - Expresso Metropolitano","isPartOf":{"@id":"https:\/\/expressometro.mx\/#website"},"primaryImageOfPage":{"@id":"https:\/\/expressometro.mx\/index.php\/2021\/06\/08\/inhabilita-sfp-a-luis-videgaray-por-10-anos\/#primaryimage"},"image":{"@id":"https:\/\/expressometro.mx\/index.php\/2021\/06\/08\/inhabilita-sfp-a-luis-videgaray-por-10-anos\/#primaryimage"},"thumbnailUrl":"https:\/\/expressometro.mx\/wp-content\/uploads\/2021\/06\/WhatsApp-Image-2021-06-08-at-14.51.04.jpeg","datePublished":"2021-06-08T20:48:00+00:00","dateModified":"2021-06-09T20:53:48+00:00","breadcrumb":{"@id":"https:\/\/expressometro.mx\/index.php\/2021\/06\/08\/inhabilita-sfp-a-luis-videgaray-por-10-anos\/#breadcrumb"},"inLanguage":"es","potentialAction":[{"@type":"ReadAction","target":["https:\/\/expressometro.mx\/index.php\/2021\/06\/08\/inhabilita-sfp-a-luis-videgaray-por-10-anos\/"]}]},{"@type":"ImageObject","inLanguage":"es","@id":"https:\/\/expressometro.mx\/index.php\/2021\/06\/08\/inhabilita-sfp-a-luis-videgaray-por-10-anos\/#primaryimage","url":"https:\/\/expressometro.mx\/wp-content\/uploads\/2021\/06\/WhatsApp-Image-2021-06-08-at-14.51.04.jpeg","contentUrl":"https:\/\/expressometro.mx\/wp-content\/uploads\/2021\/06\/WhatsApp-Image-2021-06-08-at-14.51.04.jpeg","width":960,"height":640},{"@type":"BreadcrumbList","@id":"https:\/\/expressometro.mx\/index.php\/2021\/06\/08\/inhabilita-sfp-a-luis-videgaray-por-10-anos\/#breadcrumb","itemListElement":[{"@type":"ListItem","position":1,"name":"Inicio","item":"https:\/\/expressometro.mx\/"},{"@type":"ListItem","position":2,"name":"Inhabilita SFP a Luis Videgaray por 10 a\u00f1os"}]},{"@type":"WebSite","@id":"https:\/\/expressometro.mx\/#website","url":"https:\/\/expressometro.mx\/","name":"Expresso Metropolitano","description":"Periodismo comprometido, informaci\u00f3n, investigaci\u00f3n y an\u00e1lisis","publisher":{"@id":"https:\/\/expressometro.mx\/#organization"},"potentialAction":[{"@type":"SearchAction","target":{"@type":"EntryPoint","urlTemplate":"https:\/\/expressometro.mx\/?s={search_term_string}"},"query-input":{"@type":"PropertyValueSpecification","valueRequired":true,"valueName":"search_term_string"}}],"inLanguage":"es"},{"@type":"Organization","@id":"https:\/\/expressometro.mx\/#organization","name":"Expresso Metropolitano","url":"https:\/\/expressometro.mx\/","logo":{"@type":"ImageObject","inLanguage":"es","@id":"https:\/\/expressometro.mx\/#\/schema\/logo\/image\/","url":"https:\/\/expressometro.mx\/wp-content\/uploads\/2019\/07\/cropped-Logo-Expresso-Metropolitano-1-1.jpeg","contentUrl":"https:\/\/expressometro.mx\/wp-content\/uploads\/2019\/07\/cropped-Logo-Expresso-Metropolitano-1-1.jpeg","width":290,"height":73,"caption":"Expresso Metropolitano"},"image":{"@id":"https:\/\/expressometro.mx\/#\/schema\/logo\/image\/"}},{"@type":"Person","@id":"https:\/\/expressometro.mx\/#\/schema\/person\/67a95b8e3862085c7598f66237488f1f","name":"Cecilia Vega","image":{"@type":"ImageObject","inLanguage":"es","@id":"https:\/\/secure.gravatar.com\/avatar\/13aae9944ab2ee472a9e407c9487fdbd03b049abaa559af32fe5dbcf615c981b?s=96&d=mm&r=g","url":"https:\/\/secure.gravatar.com\/avatar\/13aae9944ab2ee472a9e407c9487fdbd03b049abaa559af32fe5dbcf615c981b?s=96&d=mm&r=g","contentUrl":"https:\/\/secure.gravatar.com\/avatar\/13aae9944ab2ee472a9e407c9487fdbd03b049abaa559af32fe5dbcf615c981b?s=96&d=mm&r=g","caption":"Cecilia Vega"},"url":"https:\/\/expressometro.mx\/index.php\/author\/cecilia-vega\/"}]}},"amp_enabled":true,"_links":{"self":[{"href":"https:\/\/expressometro.mx\/index.php\/wp-json\/wp\/v2\/posts\/3292","targetHints":{"allow":["GET"]}}],"collection":[{"href":"https:\/\/expressometro.mx\/index.php\/wp-json\/wp\/v2\/posts"}],"about":[{"href":"https:\/\/expressometro.mx\/index.php\/wp-json\/wp\/v2\/types\/post"}],"author":[{"embeddable":true,"href":"https:\/\/expressometro.mx\/index.php\/wp-json\/wp\/v2\/users\/2"}],"replies":[{"embeddable":true,"href":"https:\/\/expressometro.mx\/index.php\/wp-json\/wp\/v2\/comments?post=3292"}],"version-history":[{"count":1,"href":"https:\/\/expressometro.mx\/index.php\/wp-json\/wp\/v2\/posts\/3292\/revisions"}],"predecessor-version":[{"id":3296,"href":"https:\/\/expressometro.mx\/index.php\/wp-json\/wp\/v2\/posts\/3292\/revisions\/3296"}],"wp:featuredmedia":[{"embeddable":true,"href":"https:\/\/expressometro.mx\/index.php\/wp-json\/wp\/v2\/media\/3295"}],"wp:attachment":[{"href":"https:\/\/expressometro.mx\/index.php\/wp-json\/wp\/v2\/media?parent=3292"}],"wp:term":[{"taxonomy":"category","embeddable":true,"href":"https:\/\/expressometro.mx\/index.php\/wp-json\/wp\/v2\/categories?post=3292"},{"taxonomy":"post_tag","embeddable":true,"href":"https:\/\/expressometro.mx\/index.php\/wp-json\/wp\/v2\/tags?post=3292"}],"curies":[{"name":"wp","href":"https:\/\/api.w.org\/{rel}","templated":true}]}}