{"id":328,"date":"2019-09-02T07:15:40","date_gmt":"2019-09-02T12:15:40","guid":{"rendered":"http:\/\/expressometro.mx\/?p=328"},"modified":"2019-09-25T10:35:56","modified_gmt":"2019-09-25T15:35:56","slug":"gobierno-de-coacalco-cumple-el-sueno-de-quinceaneras","status":"publish","type":"post","link":"https:\/\/expressometro.mx\/index.php\/2019\/09\/02\/gobierno-de-coacalco-cumple-el-sueno-de-quinceaneras\/","title":{"rendered":"GOBIERNO DE COACALCO CUMPLE EL SUE\u00d1O DE QUINCEA\u00d1ERAS"},"content":{"rendered":"\n<p>En una acci\u00f3n conjunto entre ciudadan\u00eda y autoridades, el Gobierno de Coacalco que encabeza el Alcalde Darwin Eslava, logr\u00f3 cumplir con el sue\u00f1o de m\u00e1s de 40 j\u00f3venes que deseaban su fiesta de XV a\u00f1os.<\/p>\n\n\n\n<p>Coordinada por el Sistema Municipal DIF y la Direcci\u00f3n de Bienestar Social, la fiesta se logr\u00f3 realizar con la cooperaci\u00f3n de la ciudadan\u00eda coacalquense que donaron los vestidos y trajes para los y las participantes, as\u00ed como de la ayuda de las diferentes \u00e1reas del Ayuntamiento.<\/p>\n\n\n\n<p>Junto a los festejados y sus familias, el Presidente Municipal destac\u00f3 que esta administraci\u00f3n est\u00e1 comprometida, no s\u00f3lo en realizar acciones en materia de obra o infraestructura sino tambi\u00e9n las que involucran los aspectos sociales y emocionales.<\/p>\n\n\n\n<p>\u00abHoy, vamos a cumplir con ese sue\u00f1o que alguna vez tuvieron y que por diferentes causas no se concret\u00f3; es una satisfacci\u00f3n ver la alegr\u00eda en todas ustedes y saber que trabajamos para proporcionar este tipo de emociones\u00bb, dijo, al momento de anunciar que se regalar\u00edan tres viajes a Acapulco.<\/p>\n\n\n\n<p>La festejada, Vielca Zamora Razo, agradeci\u00f3 al Gobierno de Coacalco as\u00ed como a las asociaciones involucradas por hacer este sue\u00f1o realidad.<\/p>\n\n\n\n<p>Se\u00f1al\u00f3 que se trata de hacer conciencia para hacer una sociedad con inclusi\u00f3n e hizo un llamado a ser iguales y equitativos.<\/p>\n\n\n\n<p>La presidenta del Sistema Municipal DIF, Patricia Jurado, agreg\u00f3 que en esta Administraci\u00f3n se impulsan planes de trabajo que benefician a la ciudadan\u00eda coacalquense.<\/p>\n\n\n\n<p>\u00abPero hoy no s\u00f3lo festejamos sus XV a\u00f1os, celebramos la vida de hombres y mujeres, que sin importar las barreras f\u00edsicas o mentales salen al mundo con una sonrisa y nos demuestran el amor que tienen para dar\u00bb, puntualiz\u00f3.<\/p>\n\n\n\n<p>La directora de Bienestar Social, Alma Saavedra, agradeci\u00f3 la participaci\u00f3n de diferentes asociaciones que apoyaron el programa \u00abXV a\u00f1os para ti\u00bb, as\u00ed como al \u201cmaquillista de las estrellas\u201d Alfonso Waithsman.<\/p>\n","protected":false},"excerpt":{"rendered":"<p>En una acci\u00f3n conjunto entre ciudadan\u00eda y autoridades, el Gobierno de Coacalco que encabeza el Alcalde Darwin Eslava, logr\u00f3 cumplir con el sue\u00f1o de m\u00e1s de 40 j\u00f3venes que deseaban su fiesta de XV a\u00f1os. Coordinada por el Sistema Municipal DIF y la Direcci\u00f3n de Bienestar Social, la fiesta se logr\u00f3 realizar con la cooperaci\u00f3n de la ciudadan\u00eda coacalquense que donaron los vestidos y trajes para los y las participantes, as\u00ed como de la ayuda de las diferentes \u00e1reas del Ayuntamiento. Junto a los festejados y sus familias, el Presidente&hellip;<\/p>\n","protected":false},"author":1,"featured_media":329,"comment_status":"open","ping_status":"open","sticky":false,"template":"","format":"standard","meta":{"footnotes":""},"categories":[11],"tags":[],"class_list":["post-328","post","type-post","status-publish","format-standard","has-post-thumbnail","hentry","category-cultura"],"yoast_head":"<!-- This site is optimized with the Yoast SEO plugin v27.5 - https:\/\/yoast.com\/product\/yoast-seo-wordpress\/ -->\n<title>GOBIERNO DE COACALCO CUMPLE EL SUE\u00d1O DE QUINCEA\u00d1ERAS - Expresso Metropolitano<\/title>\n<meta name=\"robots\" content=\"index, follow, max-snippet:-1, max-image-preview:large, max-video-preview:-1\" \/>\n<link rel=\"canonical\" href=\"https:\/\/expressometro.mx\/index.php\/2019\/09\/02\/gobierno-de-coacalco-cumple-el-sueno-de-quinceaneras\/\" \/>\n<meta property=\"og:locale\" content=\"es_MX\" \/>\n<meta property=\"og:type\" content=\"article\" \/>\n<meta property=\"og:title\" content=\"GOBIERNO DE COACALCO CUMPLE EL SUE\u00d1O DE QUINCEA\u00d1ERAS - Expresso Metropolitano\" \/>\n<meta property=\"og:description\" content=\"En una acci\u00f3n conjunto entre ciudadan\u00eda y autoridades, el Gobierno de Coacalco que encabeza el Alcalde Darwin Eslava, logr\u00f3 cumplir con el sue\u00f1o de m\u00e1s de 40 j\u00f3venes que deseaban su fiesta de XV a\u00f1os. Coordinada por el Sistema Municipal DIF y la Direcci\u00f3n de Bienestar Social, la fiesta se logr\u00f3 realizar con la cooperaci\u00f3n de la ciudadan\u00eda coacalquense que donaron los vestidos y trajes para los y las participantes, as\u00ed como de la ayuda de las diferentes \u00e1reas del Ayuntamiento. Junto a los festejados y sus familias, el Presidente&hellip;\" \/>\n<meta property=\"og:url\" content=\"https:\/\/expressometro.mx\/index.php\/2019\/09\/02\/gobierno-de-coacalco-cumple-el-sueno-de-quinceaneras\/\" \/>\n<meta property=\"og:site_name\" content=\"Expresso Metropolitano\" \/>\n<meta property=\"article:published_time\" content=\"2019-09-02T12:15:40+00:00\" \/>\n<meta property=\"article:modified_time\" content=\"2019-09-25T15:35:56+00:00\" \/>\n<meta property=\"og:image\" content=\"https:\/\/expressometro.mx\/wp-content\/uploads\/2019\/09\/XVa\u00f1os-4.jpeg\" \/>\n\t<meta property=\"og:image:width\" content=\"1280\" \/>\n\t<meta property=\"og:image:height\" content=\"853\" \/>\n\t<meta property=\"og:image:type\" content=\"image\/jpeg\" \/>\n<meta name=\"author\" content=\"Expresso Metropolitano\" \/>\n<meta name=\"twitter:label1\" content=\"Escrito por\" \/>\n\t<meta name=\"twitter:data1\" content=\"Expresso Metropolitano\" \/>\n\t<meta name=\"twitter:label2\" content=\"Tiempo de lectura\" \/>\n\t<meta name=\"twitter:data2\" content=\"2 minutos\" \/>\n<script type=\"application\/ld+json\" class=\"yoast-schema-graph\">{\"@context\":\"https:\\\/\\\/schema.org\",\"@graph\":[{\"@type\":\"Article\",\"@id\":\"https:\\\/\\\/expressometro.mx\\\/index.php\\\/2019\\\/09\\\/02\\\/gobierno-de-coacalco-cumple-el-sueno-de-quinceaneras\\\/#article\",\"isPartOf\":{\"@id\":\"https:\\\/\\\/expressometro.mx\\\/index.php\\\/2019\\\/09\\\/02\\\/gobierno-de-coacalco-cumple-el-sueno-de-quinceaneras\\\/\"},\"author\":{\"name\":\"Expresso Metropolitano\",\"@id\":\"https:\\\/\\\/expressometro.mx\\\/#\\\/schema\\\/person\\\/efa971b4a0664db8ed5c22b1b0dd2f5d\"},\"headline\":\"GOBIERNO DE COACALCO CUMPLE EL SUE\u00d1O DE QUINCEA\u00d1ERAS\",\"datePublished\":\"2019-09-02T12:15:40+00:00\",\"dateModified\":\"2019-09-25T15:35:56+00:00\",\"mainEntityOfPage\":{\"@id\":\"https:\\\/\\\/expressometro.mx\\\/index.php\\\/2019\\\/09\\\/02\\\/gobierno-de-coacalco-cumple-el-sueno-de-quinceaneras\\\/\"},\"wordCount\":339,\"commentCount\":0,\"publisher\":{\"@id\":\"https:\\\/\\\/expressometro.mx\\\/#organization\"},\"image\":{\"@id\":\"https:\\\/\\\/expressometro.mx\\\/index.php\\\/2019\\\/09\\\/02\\\/gobierno-de-coacalco-cumple-el-sueno-de-quinceaneras\\\/#primaryimage\"},\"thumbnailUrl\":\"https:\\\/\\\/expressometro.mx\\\/wp-content\\\/uploads\\\/2019\\\/09\\\/XVa\u00f1os-4.jpeg\",\"articleSection\":[\"Cultura\"],\"inLanguage\":\"es\",\"potentialAction\":[{\"@type\":\"CommentAction\",\"name\":\"Comment\",\"target\":[\"https:\\\/\\\/expressometro.mx\\\/index.php\\\/2019\\\/09\\\/02\\\/gobierno-de-coacalco-cumple-el-sueno-de-quinceaneras\\\/#respond\"]}]},{\"@type\":\"WebPage\",\"@id\":\"https:\\\/\\\/expressometro.mx\\\/index.php\\\/2019\\\/09\\\/02\\\/gobierno-de-coacalco-cumple-el-sueno-de-quinceaneras\\\/\",\"url\":\"https:\\\/\\\/expressometro.mx\\\/index.php\\\/2019\\\/09\\\/02\\\/gobierno-de-coacalco-cumple-el-sueno-de-quinceaneras\\\/\",\"name\":\"GOBIERNO DE COACALCO CUMPLE EL SUE\u00d1O DE QUINCEA\u00d1ERAS - Expresso Metropolitano\",\"isPartOf\":{\"@id\":\"https:\\\/\\\/expressometro.mx\\\/#website\"},\"primaryImageOfPage\":{\"@id\":\"https:\\\/\\\/expressometro.mx\\\/index.php\\\/2019\\\/09\\\/02\\\/gobierno-de-coacalco-cumple-el-sueno-de-quinceaneras\\\/#primaryimage\"},\"image\":{\"@id\":\"https:\\\/\\\/expressometro.mx\\\/index.php\\\/2019\\\/09\\\/02\\\/gobierno-de-coacalco-cumple-el-sueno-de-quinceaneras\\\/#primaryimage\"},\"thumbnailUrl\":\"https:\\\/\\\/expressometro.mx\\\/wp-content\\\/uploads\\\/2019\\\/09\\\/XVa\u00f1os-4.jpeg\",\"datePublished\":\"2019-09-02T12:15:40+00:00\",\"dateModified\":\"2019-09-25T15:35:56+00:00\",\"breadcrumb\":{\"@id\":\"https:\\\/\\\/expressometro.mx\\\/index.php\\\/2019\\\/09\\\/02\\\/gobierno-de-coacalco-cumple-el-sueno-de-quinceaneras\\\/#breadcrumb\"},\"inLanguage\":\"es\",\"potentialAction\":[{\"@type\":\"ReadAction\",\"target\":[\"https:\\\/\\\/expressometro.mx\\\/index.php\\\/2019\\\/09\\\/02\\\/gobierno-de-coacalco-cumple-el-sueno-de-quinceaneras\\\/\"]}]},{\"@type\":\"ImageObject\",\"inLanguage\":\"es\",\"@id\":\"https:\\\/\\\/expressometro.mx\\\/index.php\\\/2019\\\/09\\\/02\\\/gobierno-de-coacalco-cumple-el-sueno-de-quinceaneras\\\/#primaryimage\",\"url\":\"https:\\\/\\\/expressometro.mx\\\/wp-content\\\/uploads\\\/2019\\\/09\\\/XVa\u00f1os-4.jpeg\",\"contentUrl\":\"https:\\\/\\\/expressometro.mx\\\/wp-content\\\/uploads\\\/2019\\\/09\\\/XVa\u00f1os-4.jpeg\",\"width\":1280,\"height\":853},{\"@type\":\"BreadcrumbList\",\"@id\":\"https:\\\/\\\/expressometro.mx\\\/index.php\\\/2019\\\/09\\\/02\\\/gobierno-de-coacalco-cumple-el-sueno-de-quinceaneras\\\/#breadcrumb\",\"itemListElement\":[{\"@type\":\"ListItem\",\"position\":1,\"name\":\"Inicio\",\"item\":\"https:\\\/\\\/expressometro.mx\\\/\"},{\"@type\":\"ListItem\",\"position\":2,\"name\":\"GOBIERNO DE COACALCO CUMPLE EL SUE\u00d1O DE QUINCEA\u00d1ERAS\"}]},{\"@type\":\"WebSite\",\"@id\":\"https:\\\/\\\/expressometro.mx\\\/#website\",\"url\":\"https:\\\/\\\/expressometro.mx\\\/\",\"name\":\"Expresso Metropolitano\",\"description\":\"Periodismo comprometido, informaci\u00f3n, investigaci\u00f3n y an\u00e1lisis\",\"publisher\":{\"@id\":\"https:\\\/\\\/expressometro.mx\\\/#organization\"},\"potentialAction\":[{\"@type\":\"SearchAction\",\"target\":{\"@type\":\"EntryPoint\",\"urlTemplate\":\"https:\\\/\\\/expressometro.mx\\\/?s={search_term_string}\"},\"query-input\":{\"@type\":\"PropertyValueSpecification\",\"valueRequired\":true,\"valueName\":\"search_term_string\"}}],\"inLanguage\":\"es\"},{\"@type\":\"Organization\",\"@id\":\"https:\\\/\\\/expressometro.mx\\\/#organization\",\"name\":\"Expresso Metropolitano\",\"url\":\"https:\\\/\\\/expressometro.mx\\\/\",\"logo\":{\"@type\":\"ImageObject\",\"inLanguage\":\"es\",\"@id\":\"https:\\\/\\\/expressometro.mx\\\/#\\\/schema\\\/logo\\\/image\\\/\",\"url\":\"https:\\\/\\\/expressometro.mx\\\/wp-content\\\/uploads\\\/2019\\\/07\\\/cropped-Logo-Expresso-Metropolitano-1-1.jpeg\",\"contentUrl\":\"https:\\\/\\\/expressometro.mx\\\/wp-content\\\/uploads\\\/2019\\\/07\\\/cropped-Logo-Expresso-Metropolitano-1-1.jpeg\",\"width\":290,\"height\":73,\"caption\":\"Expresso Metropolitano\"},\"image\":{\"@id\":\"https:\\\/\\\/expressometro.mx\\\/#\\\/schema\\\/logo\\\/image\\\/\"}},{\"@type\":\"Person\",\"@id\":\"https:\\\/\\\/expressometro.mx\\\/#\\\/schema\\\/person\\\/efa971b4a0664db8ed5c22b1b0dd2f5d\",\"name\":\"Expresso Metropolitano\",\"image\":{\"@type\":\"ImageObject\",\"inLanguage\":\"es\",\"@id\":\"https:\\\/\\\/secure.gravatar.com\\\/avatar\\\/a89f802b8de18c6952f223c88d3d106e9e3679839f4e25a02f4a6cc2ae6ba3b3?s=96&d=mm&r=g\",\"url\":\"https:\\\/\\\/secure.gravatar.com\\\/avatar\\\/a89f802b8de18c6952f223c88d3d106e9e3679839f4e25a02f4a6cc2ae6ba3b3?s=96&d=mm&r=g\",\"contentUrl\":\"https:\\\/\\\/secure.gravatar.com\\\/avatar\\\/a89f802b8de18c6952f223c88d3d106e9e3679839f4e25a02f4a6cc2ae6ba3b3?s=96&d=mm&r=g\",\"caption\":\"Expresso Metropolitano\"},\"url\":\"https:\\\/\\\/expressometro.mx\\\/index.php\\\/author\\\/diego\\\/\"}]}<\/script>\n<!-- \/ Yoast SEO plugin. -->","yoast_head_json":{"title":"GOBIERNO DE COACALCO CUMPLE EL SUE\u00d1O DE QUINCEA\u00d1ERAS - Expresso Metropolitano","robots":{"index":"index","follow":"follow","max-snippet":"max-snippet:-1","max-image-preview":"max-image-preview:large","max-video-preview":"max-video-preview:-1"},"canonical":"https:\/\/expressometro.mx\/index.php\/2019\/09\/02\/gobierno-de-coacalco-cumple-el-sueno-de-quinceaneras\/","og_locale":"es_MX","og_type":"article","og_title":"GOBIERNO DE COACALCO CUMPLE EL SUE\u00d1O DE QUINCEA\u00d1ERAS - Expresso Metropolitano","og_description":"En una acci\u00f3n conjunto entre ciudadan\u00eda y autoridades, el Gobierno de Coacalco que encabeza el Alcalde Darwin Eslava, logr\u00f3 cumplir con el sue\u00f1o de m\u00e1s de 40 j\u00f3venes que deseaban su fiesta de XV a\u00f1os. Coordinada por el Sistema Municipal DIF y la Direcci\u00f3n de Bienestar Social, la fiesta se logr\u00f3 realizar con la cooperaci\u00f3n de la ciudadan\u00eda coacalquense que donaron los vestidos y trajes para los y las participantes, as\u00ed como de la ayuda de las diferentes \u00e1reas del Ayuntamiento. Junto a los festejados y sus familias, el Presidente&hellip;","og_url":"https:\/\/expressometro.mx\/index.php\/2019\/09\/02\/gobierno-de-coacalco-cumple-el-sueno-de-quinceaneras\/","og_site_name":"Expresso Metropolitano","article_published_time":"2019-09-02T12:15:40+00:00","article_modified_time":"2019-09-25T15:35:56+00:00","og_image":[{"width":1280,"height":853,"url":"https:\/\/expressometro.mx\/wp-content\/uploads\/2019\/09\/XVa\u00f1os-4.jpeg","type":"image\/jpeg"}],"author":"Expresso Metropolitano","twitter_misc":{"Escrito por":"Expresso Metropolitano","Tiempo de lectura":"2 minutos"},"schema":{"@context":"https:\/\/schema.org","@graph":[{"@type":"Article","@id":"https:\/\/expressometro.mx\/index.php\/2019\/09\/02\/gobierno-de-coacalco-cumple-el-sueno-de-quinceaneras\/#article","isPartOf":{"@id":"https:\/\/expressometro.mx\/index.php\/2019\/09\/02\/gobierno-de-coacalco-cumple-el-sueno-de-quinceaneras\/"},"author":{"name":"Expresso Metropolitano","@id":"https:\/\/expressometro.mx\/#\/schema\/person\/efa971b4a0664db8ed5c22b1b0dd2f5d"},"headline":"GOBIERNO DE COACALCO CUMPLE EL SUE\u00d1O DE QUINCEA\u00d1ERAS","datePublished":"2019-09-02T12:15:40+00:00","dateModified":"2019-09-25T15:35:56+00:00","mainEntityOfPage":{"@id":"https:\/\/expressometro.mx\/index.php\/2019\/09\/02\/gobierno-de-coacalco-cumple-el-sueno-de-quinceaneras\/"},"wordCount":339,"commentCount":0,"publisher":{"@id":"https:\/\/expressometro.mx\/#organization"},"image":{"@id":"https:\/\/expressometro.mx\/index.php\/2019\/09\/02\/gobierno-de-coacalco-cumple-el-sueno-de-quinceaneras\/#primaryimage"},"thumbnailUrl":"https:\/\/expressometro.mx\/wp-content\/uploads\/2019\/09\/XVa\u00f1os-4.jpeg","articleSection":["Cultura"],"inLanguage":"es","potentialAction":[{"@type":"CommentAction","name":"Comment","target":["https:\/\/expressometro.mx\/index.php\/2019\/09\/02\/gobierno-de-coacalco-cumple-el-sueno-de-quinceaneras\/#respond"]}]},{"@type":"WebPage","@id":"https:\/\/expressometro.mx\/index.php\/2019\/09\/02\/gobierno-de-coacalco-cumple-el-sueno-de-quinceaneras\/","url":"https:\/\/expressometro.mx\/index.php\/2019\/09\/02\/gobierno-de-coacalco-cumple-el-sueno-de-quinceaneras\/","name":"GOBIERNO DE COACALCO CUMPLE EL SUE\u00d1O DE QUINCEA\u00d1ERAS - Expresso Metropolitano","isPartOf":{"@id":"https:\/\/expressometro.mx\/#website"},"primaryImageOfPage":{"@id":"https:\/\/expressometro.mx\/index.php\/2019\/09\/02\/gobierno-de-coacalco-cumple-el-sueno-de-quinceaneras\/#primaryimage"},"image":{"@id":"https:\/\/expressometro.mx\/index.php\/2019\/09\/02\/gobierno-de-coacalco-cumple-el-sueno-de-quinceaneras\/#primaryimage"},"thumbnailUrl":"https:\/\/expressometro.mx\/wp-content\/uploads\/2019\/09\/XVa\u00f1os-4.jpeg","datePublished":"2019-09-02T12:15:40+00:00","dateModified":"2019-09-25T15:35:56+00:00","breadcrumb":{"@id":"https:\/\/expressometro.mx\/index.php\/2019\/09\/02\/gobierno-de-coacalco-cumple-el-sueno-de-quinceaneras\/#breadcrumb"},"inLanguage":"es","potentialAction":[{"@type":"ReadAction","target":["https:\/\/expressometro.mx\/index.php\/2019\/09\/02\/gobierno-de-coacalco-cumple-el-sueno-de-quinceaneras\/"]}]},{"@type":"ImageObject","inLanguage":"es","@id":"https:\/\/expressometro.mx\/index.php\/2019\/09\/02\/gobierno-de-coacalco-cumple-el-sueno-de-quinceaneras\/#primaryimage","url":"https:\/\/expressometro.mx\/wp-content\/uploads\/2019\/09\/XVa\u00f1os-4.jpeg","contentUrl":"https:\/\/expressometro.mx\/wp-content\/uploads\/2019\/09\/XVa\u00f1os-4.jpeg","width":1280,"height":853},{"@type":"BreadcrumbList","@id":"https:\/\/expressometro.mx\/index.php\/2019\/09\/02\/gobierno-de-coacalco-cumple-el-sueno-de-quinceaneras\/#breadcrumb","itemListElement":[{"@type":"ListItem","position":1,"name":"Inicio","item":"https:\/\/expressometro.mx\/"},{"@type":"ListItem","position":2,"name":"GOBIERNO DE COACALCO CUMPLE EL SUE\u00d1O DE QUINCEA\u00d1ERAS"}]},{"@type":"WebSite","@id":"https:\/\/expressometro.mx\/#website","url":"https:\/\/expressometro.mx\/","name":"Expresso Metropolitano","description":"Periodismo comprometido, informaci\u00f3n, investigaci\u00f3n y an\u00e1lisis","publisher":{"@id":"https:\/\/expressometro.mx\/#organization"},"potentialAction":[{"@type":"SearchAction","target":{"@type":"EntryPoint","urlTemplate":"https:\/\/expressometro.mx\/?s={search_term_string}"},"query-input":{"@type":"PropertyValueSpecification","valueRequired":true,"valueName":"search_term_string"}}],"inLanguage":"es"},{"@type":"Organization","@id":"https:\/\/expressometro.mx\/#organization","name":"Expresso Metropolitano","url":"https:\/\/expressometro.mx\/","logo":{"@type":"ImageObject","inLanguage":"es","@id":"https:\/\/expressometro.mx\/#\/schema\/logo\/image\/","url":"https:\/\/expressometro.mx\/wp-content\/uploads\/2019\/07\/cropped-Logo-Expresso-Metropolitano-1-1.jpeg","contentUrl":"https:\/\/expressometro.mx\/wp-content\/uploads\/2019\/07\/cropped-Logo-Expresso-Metropolitano-1-1.jpeg","width":290,"height":73,"caption":"Expresso Metropolitano"},"image":{"@id":"https:\/\/expressometro.mx\/#\/schema\/logo\/image\/"}},{"@type":"Person","@id":"https:\/\/expressometro.mx\/#\/schema\/person\/efa971b4a0664db8ed5c22b1b0dd2f5d","name":"Expresso Metropolitano","image":{"@type":"ImageObject","inLanguage":"es","@id":"https:\/\/secure.gravatar.com\/avatar\/a89f802b8de18c6952f223c88d3d106e9e3679839f4e25a02f4a6cc2ae6ba3b3?s=96&d=mm&r=g","url":"https:\/\/secure.gravatar.com\/avatar\/a89f802b8de18c6952f223c88d3d106e9e3679839f4e25a02f4a6cc2ae6ba3b3?s=96&d=mm&r=g","contentUrl":"https:\/\/secure.gravatar.com\/avatar\/a89f802b8de18c6952f223c88d3d106e9e3679839f4e25a02f4a6cc2ae6ba3b3?s=96&d=mm&r=g","caption":"Expresso Metropolitano"},"url":"https:\/\/expressometro.mx\/index.php\/author\/diego\/"}]}},"amp_enabled":true,"_links":{"self":[{"href":"https:\/\/expressometro.mx\/index.php\/wp-json\/wp\/v2\/posts\/328","targetHints":{"allow":["GET"]}}],"collection":[{"href":"https:\/\/expressometro.mx\/index.php\/wp-json\/wp\/v2\/posts"}],"about":[{"href":"https:\/\/expressometro.mx\/index.php\/wp-json\/wp\/v2\/types\/post"}],"author":[{"embeddable":true,"href":"https:\/\/expressometro.mx\/index.php\/wp-json\/wp\/v2\/users\/1"}],"replies":[{"embeddable":true,"href":"https:\/\/expressometro.mx\/index.php\/wp-json\/wp\/v2\/comments?post=328"}],"version-history":[{"count":1,"href":"https:\/\/expressometro.mx\/index.php\/wp-json\/wp\/v2\/posts\/328\/revisions"}],"predecessor-version":[{"id":330,"href":"https:\/\/expressometro.mx\/index.php\/wp-json\/wp\/v2\/posts\/328\/revisions\/330"}],"wp:featuredmedia":[{"embeddable":true,"href":"https:\/\/expressometro.mx\/index.php\/wp-json\/wp\/v2\/media\/329"}],"wp:attachment":[{"href":"https:\/\/expressometro.mx\/index.php\/wp-json\/wp\/v2\/media?parent=328"}],"wp:term":[{"taxonomy":"category","embeddable":true,"href":"https:\/\/expressometro.mx\/index.php\/wp-json\/wp\/v2\/categories?post=328"},{"taxonomy":"post_tag","embeddable":true,"href":"https:\/\/expressometro.mx\/index.php\/wp-json\/wp\/v2\/tags?post=328"}],"curies":[{"name":"wp","href":"https:\/\/api.w.org\/{rel}","templated":true}]}}