{"id":325,"date":"2019-09-02T07:03:32","date_gmt":"2019-09-02T12:03:32","guid":{"rendered":"http:\/\/expressometro.mx\/?p=325"},"modified":"2019-09-25T10:36:04","modified_gmt":"2019-09-25T15:36:04","slug":"reconoce-alfredo-del-mazo-a-jovenes-mexiquenses-destacados-con-el-premio-estatal-de-la-juventud","status":"publish","type":"post","link":"https:\/\/expressometro.mx\/index.php\/2019\/09\/02\/reconoce-alfredo-del-mazo-a-jovenes-mexiquenses-destacados-con-el-premio-estatal-de-la-juventud\/","title":{"rendered":"RECONOCE ALFREDO DEL MAZO A J\u00d3VENES MEXIQUENSES DESTACADOS CON EL PREMIO ESTATAL DE LA JUVENTUD"},"content":{"rendered":"\n<p>El Gobernador Alfredo Del Mazo Maza entreg\u00f3 el Premio Estatal de la Juventud a 30 mexiquenses, a quienes calific\u00f3 como j\u00f3venes destacados, talentosos y que son un motivo de inspiraci\u00f3n y ejemplo para las futuras generaciones, adem\u00e1s de que ponen el nombre del Estado de M\u00e9xico en alto.<\/p>\n\n\n\n<p>\u201cMe da much\u00edsimo gusto estar el d\u00eda de hoy en este evento muy importante porque reconocemos a muchos j\u00f3venes talentosos, destacados, que nos hacen orgullosos como mexiquenses y que tambi\u00e9n son un motivo de inspiraci\u00f3n, de ejemplo, para much\u00edsimos m\u00e1s j\u00f3venes de todo el Estado de M\u00e9xico que, al ver sus logros, sus \u00e9xitos, sus sue\u00f1os hechos realidad, sus proyectos, sus esfuerzos a lo largo de su vida, van a seguir motivando a que los j\u00f3venes mexiquenses salgan adelante y destaquen.<\/p>\n\n\n\n<p>\u201cTenemos un estado que tiene un gran privilegio de contar con m\u00e1s de 5 millones de j\u00f3venes, que todos los d\u00edas se esfuerzan por estudiar, por prepararse, por aprender, por salir adelante, por destacar, por poner al Estado de M\u00e9xico en alto, y que estoy seguro que adem\u00e1s lo hacen con una gran convicci\u00f3n y con un amor para su estado y para su pa\u00eds\u201d, apunt\u00f3.<\/p>\n\n\n\n<p>El mandatario mexiquense destac\u00f3 que este a\u00f1o se inscribieron m\u00e1s de 560 j\u00f3venes para participar en las 10 categor\u00edas: J\u00f3venes emprendedores, Arte popular, J\u00f3venes del campo, Protecci\u00f3n al medio ambiente, Innovaci\u00f3n tecnol\u00f3gica, Trayectoria acad\u00e9mica, Superaci\u00f3n de j\u00f3venes con discapacidad, Trayectoria art\u00edstica y cultural, Labor ind\u00edgena y Labor social.<\/p>\n\n\n\n<p>Asimismo, felicit\u00f3 a las familias de los galardonados, por el respaldo y esfuerzo que les dan en sus hogares a sus hijos.<\/p>\n\n\n\n<p>Luego de inaugurar y recorrer el Deportivo Real del Bosque, Alfredo Del Mazo indic\u00f3 que la recuperaci\u00f3n de espacios p\u00fablicos es una acci\u00f3n que se lleva a cabo para&nbsp; que las familias cuenten con centros de convivencia y manifest\u00f3 que debe ser una acci\u00f3n donde participen y trabajen de manera conjunta la administraci\u00f3n estatal y los municipios.<\/p>\n\n\n\n<p>En esta gira de trabajo, el Gobernador mexiquense entreg\u00f3 cuatro deportivos: Morelos, San Pablo de las Salinas, Real del Bosque y Solidaridad.<\/p>\n\n\n\n<p>\u201cSon cuatro espacios que se han rehabilitado por completo y que les permiten a las familias, a los j\u00f3venes, tener la oportunidad de venir a convivir un rato, a hacer ejercicio, practicar deporte. Est\u00e1n todos inmersos como acaban de ver ustedes, en zonas altamente pobladas y se convierten en espacios recreativos para promover el deporte, los valores, la convivencia familiar y evitar tambi\u00e9n la violencia y la delincuencia\u201d, afirm\u00f3.<\/p>\n\n\n\n<p>El titular del Ejecutivo estatal manifest\u00f3 que para seguir impulsando el desarrollo de los j\u00f3venes mexiquenses se llevan a cabo diferentes acciones en materia educativa.<\/p>\n\n\n\n<p>Puntualiz\u00f3 que se abrieron dos planteles de la Universidad Mexiquense Bicentenario en el sur de la entidad y se\u00f1al\u00f3 que para que los j\u00f3venes no dejen sus estudios por falta de recursos econ\u00f3micos, se han entregado m\u00e1s de 255 mil becas, donde seis de cada 10 son para mujeres; adem\u00e1s este a\u00f1o se est\u00e1n apoyando a m\u00e1s de 2 mil 270 para que alumnos estudien en el extranjero.<\/p>\n\n\n\n<p>Tambi\u00e9n, dijo, se impulsa la educaci\u00f3n dual mediante la cual se vincula a los j\u00f3venes con el sector productivo, ya que estudian y realizan pr\u00e1cticas relacionadas con su carrera al mismo tiempo, programa que ha permitido que cuatro de cada 10 alumnos que participan en \u00e9ste, encuentren una oportunidad de trabajo al t\u00e9rmino de sus estudios.<\/p>\n\n\n\n<p>Entre los ganadores del Premio Estatal de la Juventud se encuentran Jonathan Cristhan S\u00e1nchez P\u00e9rez, de Tultepec, quien sue\u00f1a con ser astronauta, estudia Ingenier\u00eda Aeron\u00e1utica, obtuvo una beca para realizar su maestr\u00eda en Rusia y por sus logros, fue distinguido como el representante de los j\u00f3venes mexiquenses este a\u00f1o.<\/p>\n\n\n\n<p>Adem\u00e1s, es embajador en aplicaciones aeroespaciales de la NASA, que le aprob\u00f3 un material altamente resistente a condiciones extremas, y quien ya fue enviado a la Estaci\u00f3n Espacial Internacional en abril de este a\u00f1o; con lo que se convierte en el primer mexicano y mexiquense en lograr un reconocimiento de esta naturaleza.<\/p>\n\n\n\n<p>Por su parte, Monserrath Sobreyra Santos, Directora General del Instituto Mexiquense de la Juventud, dijo que en la entidad hay m\u00e1s de 5.5 millones de j\u00f3venes entre 12 y 29 a\u00f1os de edad, por lo que uno de cada tres habitantes, es joven.<\/p>\n\n\n\n<p>Explic\u00f3 que esto equivale a la poblaci\u00f3n total de pa\u00edses como Costa Rica, Panam\u00e1 y Uruguay, as\u00ed como al de cinco entidades federativas juntas, y manifest\u00f3 que los j\u00f3venes representan lo nuevo, lo diferente, el trabajo perdurable y el ideal transformador.<\/p>\n\n\n\n<p>El Gobernador Alfredo Del Mazo felicit\u00f3 tambi\u00e9n a los deportistas mexicanos que participaron en los Juegos Parapanamericanos, Lima 2019, quienes obtuvieron el tercer lugar en el medallero con 158 preseas, donde la delegaci\u00f3n mexiquense obtuvo 36 medallas, 16 de oro, 11 de plata y 9 de bronce.<\/p>\n\n\n\n<p>Acompa\u00f1aron en esta gira de trabajo al Gobernador Alfredo Del Mazo, el Secretario de Desarrollo Social, Eric Sevilla Montes de Oca, y el Secretario de Obra P\u00fablica, Rafael D\u00edaz Leal Barrueta, y la Alcaldesa de Tultitl\u00e1n, Elena Garc\u00eda Mart\u00ednez.<\/p>\n","protected":false},"excerpt":{"rendered":"<p>El Gobernador Alfredo Del Mazo Maza entreg\u00f3 el Premio Estatal de la Juventud a 30 mexiquenses, a quienes calific\u00f3 como j\u00f3venes destacados, talentosos y que son un motivo de inspiraci\u00f3n y ejemplo para las futuras generaciones, adem\u00e1s de que ponen el nombre del Estado de M\u00e9xico en alto. \u201cMe da much\u00edsimo gusto estar el d\u00eda de hoy en este evento muy importante porque reconocemos a muchos j\u00f3venes talentosos, destacados, que nos hacen orgullosos como mexiquenses y que tambi\u00e9n son un motivo de inspiraci\u00f3n, de ejemplo, para much\u00edsimos m\u00e1s j\u00f3venes de&hellip;<\/p>\n","protected":false},"author":1,"featured_media":326,"comment_status":"open","ping_status":"open","sticky":false,"template":"","format":"standard","meta":{"footnotes":""},"categories":[11,9,3],"tags":[],"class_list":["post-325","post","type-post","status-publish","format-standard","has-post-thumbnail","hentry","category-cultura","category-deportes","category-gobierno"],"yoast_head":"<!-- This site is optimized with the Yoast SEO plugin v27.5 - https:\/\/yoast.com\/product\/yoast-seo-wordpress\/ -->\n<title>RECONOCE ALFREDO DEL MAZO A J\u00d3VENES MEXIQUENSES DESTACADOS CON EL PREMIO ESTATAL DE LA JUVENTUD - Expresso Metropolitano<\/title>\n<meta name=\"robots\" content=\"index, follow, max-snippet:-1, max-image-preview:large, max-video-preview:-1\" \/>\n<link rel=\"canonical\" href=\"https:\/\/expressometro.mx\/index.php\/2019\/09\/02\/reconoce-alfredo-del-mazo-a-jovenes-mexiquenses-destacados-con-el-premio-estatal-de-la-juventud\/\" \/>\n<meta property=\"og:locale\" content=\"es_MX\" \/>\n<meta property=\"og:type\" content=\"article\" \/>\n<meta property=\"og:title\" content=\"RECONOCE ALFREDO DEL MAZO A J\u00d3VENES MEXIQUENSES DESTACADOS CON EL PREMIO ESTATAL DE LA JUVENTUD - Expresso Metropolitano\" \/>\n<meta property=\"og:description\" content=\"El Gobernador Alfredo Del Mazo Maza entreg\u00f3 el Premio Estatal de la Juventud a 30 mexiquenses, a quienes calific\u00f3 como j\u00f3venes destacados, talentosos y que son un motivo de inspiraci\u00f3n y ejemplo para las futuras generaciones, adem\u00e1s de que ponen el nombre del Estado de M\u00e9xico en alto. \u201cMe da much\u00edsimo gusto estar el d\u00eda de hoy en este evento muy importante porque reconocemos a muchos j\u00f3venes talentosos, destacados, que nos hacen orgullosos como mexiquenses y que tambi\u00e9n son un motivo de inspiraci\u00f3n, de ejemplo, para much\u00edsimos m\u00e1s j\u00f3venes de&hellip;\" \/>\n<meta property=\"og:url\" content=\"https:\/\/expressometro.mx\/index.php\/2019\/09\/02\/reconoce-alfredo-del-mazo-a-jovenes-mexiquenses-destacados-con-el-premio-estatal-de-la-juventud\/\" \/>\n<meta property=\"og:site_name\" content=\"Expresso Metropolitano\" \/>\n<meta property=\"article:published_time\" content=\"2019-09-02T12:03:32+00:00\" \/>\n<meta property=\"article:modified_time\" content=\"2019-09-25T15:36:04+00:00\" \/>\n<meta property=\"og:image\" content=\"https:\/\/expressometro.mx\/wp-content\/uploads\/2019\/09\/w2_8902_1.jpg\" \/>\n\t<meta property=\"og:image:width\" content=\"1842\" \/>\n\t<meta property=\"og:image:height\" content=\"2000\" \/>\n\t<meta property=\"og:image:type\" content=\"image\/jpeg\" \/>\n<meta name=\"author\" content=\"Expresso Metropolitano\" \/>\n<meta name=\"twitter:label1\" content=\"Escrito por\" \/>\n\t<meta name=\"twitter:data1\" content=\"Expresso Metropolitano\" \/>\n\t<meta name=\"twitter:label2\" content=\"Tiempo de lectura\" \/>\n\t<meta name=\"twitter:data2\" content=\"4 minutos\" \/>\n<script type=\"application\/ld+json\" class=\"yoast-schema-graph\">{\"@context\":\"https:\\\/\\\/schema.org\",\"@graph\":[{\"@type\":\"Article\",\"@id\":\"https:\\\/\\\/expressometro.mx\\\/index.php\\\/2019\\\/09\\\/02\\\/reconoce-alfredo-del-mazo-a-jovenes-mexiquenses-destacados-con-el-premio-estatal-de-la-juventud\\\/#article\",\"isPartOf\":{\"@id\":\"https:\\\/\\\/expressometro.mx\\\/index.php\\\/2019\\\/09\\\/02\\\/reconoce-alfredo-del-mazo-a-jovenes-mexiquenses-destacados-con-el-premio-estatal-de-la-juventud\\\/\"},\"author\":{\"name\":\"Expresso Metropolitano\",\"@id\":\"https:\\\/\\\/expressometro.mx\\\/#\\\/schema\\\/person\\\/efa971b4a0664db8ed5c22b1b0dd2f5d\"},\"headline\":\"RECONOCE ALFREDO DEL MAZO A J\u00d3VENES MEXIQUENSES DESTACADOS CON EL PREMIO ESTATAL DE LA JUVENTUD\",\"datePublished\":\"2019-09-02T12:03:32+00:00\",\"dateModified\":\"2019-09-25T15:36:04+00:00\",\"mainEntityOfPage\":{\"@id\":\"https:\\\/\\\/expressometro.mx\\\/index.php\\\/2019\\\/09\\\/02\\\/reconoce-alfredo-del-mazo-a-jovenes-mexiquenses-destacados-con-el-premio-estatal-de-la-juventud\\\/\"},\"wordCount\":915,\"commentCount\":0,\"publisher\":{\"@id\":\"https:\\\/\\\/expressometro.mx\\\/#organization\"},\"image\":{\"@id\":\"https:\\\/\\\/expressometro.mx\\\/index.php\\\/2019\\\/09\\\/02\\\/reconoce-alfredo-del-mazo-a-jovenes-mexiquenses-destacados-con-el-premio-estatal-de-la-juventud\\\/#primaryimage\"},\"thumbnailUrl\":\"https:\\\/\\\/expressometro.mx\\\/wp-content\\\/uploads\\\/2019\\\/09\\\/w2_8902_1.jpg\",\"articleSection\":[\"Cultura\",\"Deportes\",\"Gobierno\"],\"inLanguage\":\"es\",\"potentialAction\":[{\"@type\":\"CommentAction\",\"name\":\"Comment\",\"target\":[\"https:\\\/\\\/expressometro.mx\\\/index.php\\\/2019\\\/09\\\/02\\\/reconoce-alfredo-del-mazo-a-jovenes-mexiquenses-destacados-con-el-premio-estatal-de-la-juventud\\\/#respond\"]}]},{\"@type\":\"WebPage\",\"@id\":\"https:\\\/\\\/expressometro.mx\\\/index.php\\\/2019\\\/09\\\/02\\\/reconoce-alfredo-del-mazo-a-jovenes-mexiquenses-destacados-con-el-premio-estatal-de-la-juventud\\\/\",\"url\":\"https:\\\/\\\/expressometro.mx\\\/index.php\\\/2019\\\/09\\\/02\\\/reconoce-alfredo-del-mazo-a-jovenes-mexiquenses-destacados-con-el-premio-estatal-de-la-juventud\\\/\",\"name\":\"RECONOCE ALFREDO DEL MAZO A J\u00d3VENES MEXIQUENSES DESTACADOS CON EL PREMIO ESTATAL DE LA JUVENTUD - Expresso Metropolitano\",\"isPartOf\":{\"@id\":\"https:\\\/\\\/expressometro.mx\\\/#website\"},\"primaryImageOfPage\":{\"@id\":\"https:\\\/\\\/expressometro.mx\\\/index.php\\\/2019\\\/09\\\/02\\\/reconoce-alfredo-del-mazo-a-jovenes-mexiquenses-destacados-con-el-premio-estatal-de-la-juventud\\\/#primaryimage\"},\"image\":{\"@id\":\"https:\\\/\\\/expressometro.mx\\\/index.php\\\/2019\\\/09\\\/02\\\/reconoce-alfredo-del-mazo-a-jovenes-mexiquenses-destacados-con-el-premio-estatal-de-la-juventud\\\/#primaryimage\"},\"thumbnailUrl\":\"https:\\\/\\\/expressometro.mx\\\/wp-content\\\/uploads\\\/2019\\\/09\\\/w2_8902_1.jpg\",\"datePublished\":\"2019-09-02T12:03:32+00:00\",\"dateModified\":\"2019-09-25T15:36:04+00:00\",\"breadcrumb\":{\"@id\":\"https:\\\/\\\/expressometro.mx\\\/index.php\\\/2019\\\/09\\\/02\\\/reconoce-alfredo-del-mazo-a-jovenes-mexiquenses-destacados-con-el-premio-estatal-de-la-juventud\\\/#breadcrumb\"},\"inLanguage\":\"es\",\"potentialAction\":[{\"@type\":\"ReadAction\",\"target\":[\"https:\\\/\\\/expressometro.mx\\\/index.php\\\/2019\\\/09\\\/02\\\/reconoce-alfredo-del-mazo-a-jovenes-mexiquenses-destacados-con-el-premio-estatal-de-la-juventud\\\/\"]}]},{\"@type\":\"ImageObject\",\"inLanguage\":\"es\",\"@id\":\"https:\\\/\\\/expressometro.mx\\\/index.php\\\/2019\\\/09\\\/02\\\/reconoce-alfredo-del-mazo-a-jovenes-mexiquenses-destacados-con-el-premio-estatal-de-la-juventud\\\/#primaryimage\",\"url\":\"https:\\\/\\\/expressometro.mx\\\/wp-content\\\/uploads\\\/2019\\\/09\\\/w2_8902_1.jpg\",\"contentUrl\":\"https:\\\/\\\/expressometro.mx\\\/wp-content\\\/uploads\\\/2019\\\/09\\\/w2_8902_1.jpg\",\"width\":1842,\"height\":2000},{\"@type\":\"BreadcrumbList\",\"@id\":\"https:\\\/\\\/expressometro.mx\\\/index.php\\\/2019\\\/09\\\/02\\\/reconoce-alfredo-del-mazo-a-jovenes-mexiquenses-destacados-con-el-premio-estatal-de-la-juventud\\\/#breadcrumb\",\"itemListElement\":[{\"@type\":\"ListItem\",\"position\":1,\"name\":\"Inicio\",\"item\":\"https:\\\/\\\/expressometro.mx\\\/\"},{\"@type\":\"ListItem\",\"position\":2,\"name\":\"RECONOCE ALFREDO DEL MAZO A J\u00d3VENES MEXIQUENSES DESTACADOS CON EL PREMIO ESTATAL DE LA JUVENTUD\"}]},{\"@type\":\"WebSite\",\"@id\":\"https:\\\/\\\/expressometro.mx\\\/#website\",\"url\":\"https:\\\/\\\/expressometro.mx\\\/\",\"name\":\"Expresso Metropolitano\",\"description\":\"Periodismo comprometido, informaci\u00f3n, investigaci\u00f3n y an\u00e1lisis\",\"publisher\":{\"@id\":\"https:\\\/\\\/expressometro.mx\\\/#organization\"},\"potentialAction\":[{\"@type\":\"SearchAction\",\"target\":{\"@type\":\"EntryPoint\",\"urlTemplate\":\"https:\\\/\\\/expressometro.mx\\\/?s={search_term_string}\"},\"query-input\":{\"@type\":\"PropertyValueSpecification\",\"valueRequired\":true,\"valueName\":\"search_term_string\"}}],\"inLanguage\":\"es\"},{\"@type\":\"Organization\",\"@id\":\"https:\\\/\\\/expressometro.mx\\\/#organization\",\"name\":\"Expresso Metropolitano\",\"url\":\"https:\\\/\\\/expressometro.mx\\\/\",\"logo\":{\"@type\":\"ImageObject\",\"inLanguage\":\"es\",\"@id\":\"https:\\\/\\\/expressometro.mx\\\/#\\\/schema\\\/logo\\\/image\\\/\",\"url\":\"https:\\\/\\\/expressometro.mx\\\/wp-content\\\/uploads\\\/2019\\\/07\\\/cropped-Logo-Expresso-Metropolitano-1-1.jpeg\",\"contentUrl\":\"https:\\\/\\\/expressometro.mx\\\/wp-content\\\/uploads\\\/2019\\\/07\\\/cropped-Logo-Expresso-Metropolitano-1-1.jpeg\",\"width\":290,\"height\":73,\"caption\":\"Expresso Metropolitano\"},\"image\":{\"@id\":\"https:\\\/\\\/expressometro.mx\\\/#\\\/schema\\\/logo\\\/image\\\/\"}},{\"@type\":\"Person\",\"@id\":\"https:\\\/\\\/expressometro.mx\\\/#\\\/schema\\\/person\\\/efa971b4a0664db8ed5c22b1b0dd2f5d\",\"name\":\"Expresso Metropolitano\",\"image\":{\"@type\":\"ImageObject\",\"inLanguage\":\"es\",\"@id\":\"https:\\\/\\\/secure.gravatar.com\\\/avatar\\\/a89f802b8de18c6952f223c88d3d106e9e3679839f4e25a02f4a6cc2ae6ba3b3?s=96&d=mm&r=g\",\"url\":\"https:\\\/\\\/secure.gravatar.com\\\/avatar\\\/a89f802b8de18c6952f223c88d3d106e9e3679839f4e25a02f4a6cc2ae6ba3b3?s=96&d=mm&r=g\",\"contentUrl\":\"https:\\\/\\\/secure.gravatar.com\\\/avatar\\\/a89f802b8de18c6952f223c88d3d106e9e3679839f4e25a02f4a6cc2ae6ba3b3?s=96&d=mm&r=g\",\"caption\":\"Expresso Metropolitano\"},\"url\":\"https:\\\/\\\/expressometro.mx\\\/index.php\\\/author\\\/diego\\\/\"}]}<\/script>\n<!-- \/ Yoast SEO plugin. -->","yoast_head_json":{"title":"RECONOCE ALFREDO DEL MAZO A J\u00d3VENES MEXIQUENSES DESTACADOS CON EL PREMIO ESTATAL DE LA JUVENTUD - Expresso Metropolitano","robots":{"index":"index","follow":"follow","max-snippet":"max-snippet:-1","max-image-preview":"max-image-preview:large","max-video-preview":"max-video-preview:-1"},"canonical":"https:\/\/expressometro.mx\/index.php\/2019\/09\/02\/reconoce-alfredo-del-mazo-a-jovenes-mexiquenses-destacados-con-el-premio-estatal-de-la-juventud\/","og_locale":"es_MX","og_type":"article","og_title":"RECONOCE ALFREDO DEL MAZO A J\u00d3VENES MEXIQUENSES DESTACADOS CON EL PREMIO ESTATAL DE LA JUVENTUD - Expresso Metropolitano","og_description":"El Gobernador Alfredo Del Mazo Maza entreg\u00f3 el Premio Estatal de la Juventud a 30 mexiquenses, a quienes calific\u00f3 como j\u00f3venes destacados, talentosos y que son un motivo de inspiraci\u00f3n y ejemplo para las futuras generaciones, adem\u00e1s de que ponen el nombre del Estado de M\u00e9xico en alto. \u201cMe da much\u00edsimo gusto estar el d\u00eda de hoy en este evento muy importante porque reconocemos a muchos j\u00f3venes talentosos, destacados, que nos hacen orgullosos como mexiquenses y que tambi\u00e9n son un motivo de inspiraci\u00f3n, de ejemplo, para much\u00edsimos m\u00e1s j\u00f3venes de&hellip;","og_url":"https:\/\/expressometro.mx\/index.php\/2019\/09\/02\/reconoce-alfredo-del-mazo-a-jovenes-mexiquenses-destacados-con-el-premio-estatal-de-la-juventud\/","og_site_name":"Expresso Metropolitano","article_published_time":"2019-09-02T12:03:32+00:00","article_modified_time":"2019-09-25T15:36:04+00:00","og_image":[{"width":1842,"height":2000,"url":"https:\/\/expressometro.mx\/wp-content\/uploads\/2019\/09\/w2_8902_1.jpg","type":"image\/jpeg"}],"author":"Expresso Metropolitano","twitter_misc":{"Escrito por":"Expresso Metropolitano","Tiempo de lectura":"4 minutos"},"schema":{"@context":"https:\/\/schema.org","@graph":[{"@type":"Article","@id":"https:\/\/expressometro.mx\/index.php\/2019\/09\/02\/reconoce-alfredo-del-mazo-a-jovenes-mexiquenses-destacados-con-el-premio-estatal-de-la-juventud\/#article","isPartOf":{"@id":"https:\/\/expressometro.mx\/index.php\/2019\/09\/02\/reconoce-alfredo-del-mazo-a-jovenes-mexiquenses-destacados-con-el-premio-estatal-de-la-juventud\/"},"author":{"name":"Expresso Metropolitano","@id":"https:\/\/expressometro.mx\/#\/schema\/person\/efa971b4a0664db8ed5c22b1b0dd2f5d"},"headline":"RECONOCE ALFREDO DEL MAZO A J\u00d3VENES MEXIQUENSES DESTACADOS CON EL PREMIO ESTATAL DE LA JUVENTUD","datePublished":"2019-09-02T12:03:32+00:00","dateModified":"2019-09-25T15:36:04+00:00","mainEntityOfPage":{"@id":"https:\/\/expressometro.mx\/index.php\/2019\/09\/02\/reconoce-alfredo-del-mazo-a-jovenes-mexiquenses-destacados-con-el-premio-estatal-de-la-juventud\/"},"wordCount":915,"commentCount":0,"publisher":{"@id":"https:\/\/expressometro.mx\/#organization"},"image":{"@id":"https:\/\/expressometro.mx\/index.php\/2019\/09\/02\/reconoce-alfredo-del-mazo-a-jovenes-mexiquenses-destacados-con-el-premio-estatal-de-la-juventud\/#primaryimage"},"thumbnailUrl":"https:\/\/expressometro.mx\/wp-content\/uploads\/2019\/09\/w2_8902_1.jpg","articleSection":["Cultura","Deportes","Gobierno"],"inLanguage":"es","potentialAction":[{"@type":"CommentAction","name":"Comment","target":["https:\/\/expressometro.mx\/index.php\/2019\/09\/02\/reconoce-alfredo-del-mazo-a-jovenes-mexiquenses-destacados-con-el-premio-estatal-de-la-juventud\/#respond"]}]},{"@type":"WebPage","@id":"https:\/\/expressometro.mx\/index.php\/2019\/09\/02\/reconoce-alfredo-del-mazo-a-jovenes-mexiquenses-destacados-con-el-premio-estatal-de-la-juventud\/","url":"https:\/\/expressometro.mx\/index.php\/2019\/09\/02\/reconoce-alfredo-del-mazo-a-jovenes-mexiquenses-destacados-con-el-premio-estatal-de-la-juventud\/","name":"RECONOCE ALFREDO DEL MAZO A J\u00d3VENES MEXIQUENSES DESTACADOS CON EL PREMIO ESTATAL DE LA JUVENTUD - Expresso Metropolitano","isPartOf":{"@id":"https:\/\/expressometro.mx\/#website"},"primaryImageOfPage":{"@id":"https:\/\/expressometro.mx\/index.php\/2019\/09\/02\/reconoce-alfredo-del-mazo-a-jovenes-mexiquenses-destacados-con-el-premio-estatal-de-la-juventud\/#primaryimage"},"image":{"@id":"https:\/\/expressometro.mx\/index.php\/2019\/09\/02\/reconoce-alfredo-del-mazo-a-jovenes-mexiquenses-destacados-con-el-premio-estatal-de-la-juventud\/#primaryimage"},"thumbnailUrl":"https:\/\/expressometro.mx\/wp-content\/uploads\/2019\/09\/w2_8902_1.jpg","datePublished":"2019-09-02T12:03:32+00:00","dateModified":"2019-09-25T15:36:04+00:00","breadcrumb":{"@id":"https:\/\/expressometro.mx\/index.php\/2019\/09\/02\/reconoce-alfredo-del-mazo-a-jovenes-mexiquenses-destacados-con-el-premio-estatal-de-la-juventud\/#breadcrumb"},"inLanguage":"es","potentialAction":[{"@type":"ReadAction","target":["https:\/\/expressometro.mx\/index.php\/2019\/09\/02\/reconoce-alfredo-del-mazo-a-jovenes-mexiquenses-destacados-con-el-premio-estatal-de-la-juventud\/"]}]},{"@type":"ImageObject","inLanguage":"es","@id":"https:\/\/expressometro.mx\/index.php\/2019\/09\/02\/reconoce-alfredo-del-mazo-a-jovenes-mexiquenses-destacados-con-el-premio-estatal-de-la-juventud\/#primaryimage","url":"https:\/\/expressometro.mx\/wp-content\/uploads\/2019\/09\/w2_8902_1.jpg","contentUrl":"https:\/\/expressometro.mx\/wp-content\/uploads\/2019\/09\/w2_8902_1.jpg","width":1842,"height":2000},{"@type":"BreadcrumbList","@id":"https:\/\/expressometro.mx\/index.php\/2019\/09\/02\/reconoce-alfredo-del-mazo-a-jovenes-mexiquenses-destacados-con-el-premio-estatal-de-la-juventud\/#breadcrumb","itemListElement":[{"@type":"ListItem","position":1,"name":"Inicio","item":"https:\/\/expressometro.mx\/"},{"@type":"ListItem","position":2,"name":"RECONOCE ALFREDO DEL MAZO A J\u00d3VENES MEXIQUENSES DESTACADOS CON EL PREMIO ESTATAL DE LA JUVENTUD"}]},{"@type":"WebSite","@id":"https:\/\/expressometro.mx\/#website","url":"https:\/\/expressometro.mx\/","name":"Expresso Metropolitano","description":"Periodismo comprometido, informaci\u00f3n, investigaci\u00f3n y an\u00e1lisis","publisher":{"@id":"https:\/\/expressometro.mx\/#organization"},"potentialAction":[{"@type":"SearchAction","target":{"@type":"EntryPoint","urlTemplate":"https:\/\/expressometro.mx\/?s={search_term_string}"},"query-input":{"@type":"PropertyValueSpecification","valueRequired":true,"valueName":"search_term_string"}}],"inLanguage":"es"},{"@type":"Organization","@id":"https:\/\/expressometro.mx\/#organization","name":"Expresso Metropolitano","url":"https:\/\/expressometro.mx\/","logo":{"@type":"ImageObject","inLanguage":"es","@id":"https:\/\/expressometro.mx\/#\/schema\/logo\/image\/","url":"https:\/\/expressometro.mx\/wp-content\/uploads\/2019\/07\/cropped-Logo-Expresso-Metropolitano-1-1.jpeg","contentUrl":"https:\/\/expressometro.mx\/wp-content\/uploads\/2019\/07\/cropped-Logo-Expresso-Metropolitano-1-1.jpeg","width":290,"height":73,"caption":"Expresso Metropolitano"},"image":{"@id":"https:\/\/expressometro.mx\/#\/schema\/logo\/image\/"}},{"@type":"Person","@id":"https:\/\/expressometro.mx\/#\/schema\/person\/efa971b4a0664db8ed5c22b1b0dd2f5d","name":"Expresso Metropolitano","image":{"@type":"ImageObject","inLanguage":"es","@id":"https:\/\/secure.gravatar.com\/avatar\/a89f802b8de18c6952f223c88d3d106e9e3679839f4e25a02f4a6cc2ae6ba3b3?s=96&d=mm&r=g","url":"https:\/\/secure.gravatar.com\/avatar\/a89f802b8de18c6952f223c88d3d106e9e3679839f4e25a02f4a6cc2ae6ba3b3?s=96&d=mm&r=g","contentUrl":"https:\/\/secure.gravatar.com\/avatar\/a89f802b8de18c6952f223c88d3d106e9e3679839f4e25a02f4a6cc2ae6ba3b3?s=96&d=mm&r=g","caption":"Expresso Metropolitano"},"url":"https:\/\/expressometro.mx\/index.php\/author\/diego\/"}]}},"amp_enabled":true,"_links":{"self":[{"href":"https:\/\/expressometro.mx\/index.php\/wp-json\/wp\/v2\/posts\/325","targetHints":{"allow":["GET"]}}],"collection":[{"href":"https:\/\/expressometro.mx\/index.php\/wp-json\/wp\/v2\/posts"}],"about":[{"href":"https:\/\/expressometro.mx\/index.php\/wp-json\/wp\/v2\/types\/post"}],"author":[{"embeddable":true,"href":"https:\/\/expressometro.mx\/index.php\/wp-json\/wp\/v2\/users\/1"}],"replies":[{"embeddable":true,"href":"https:\/\/expressometro.mx\/index.php\/wp-json\/wp\/v2\/comments?post=325"}],"version-history":[{"count":1,"href":"https:\/\/expressometro.mx\/index.php\/wp-json\/wp\/v2\/posts\/325\/revisions"}],"predecessor-version":[{"id":327,"href":"https:\/\/expressometro.mx\/index.php\/wp-json\/wp\/v2\/posts\/325\/revisions\/327"}],"wp:featuredmedia":[{"embeddable":true,"href":"https:\/\/expressometro.mx\/index.php\/wp-json\/wp\/v2\/media\/326"}],"wp:attachment":[{"href":"https:\/\/expressometro.mx\/index.php\/wp-json\/wp\/v2\/media?parent=325"}],"wp:term":[{"taxonomy":"category","embeddable":true,"href":"https:\/\/expressometro.mx\/index.php\/wp-json\/wp\/v2\/categories?post=325"},{"taxonomy":"post_tag","embeddable":true,"href":"https:\/\/expressometro.mx\/index.php\/wp-json\/wp\/v2\/tags?post=325"}],"curies":[{"name":"wp","href":"https:\/\/api.w.org\/{rel}","templated":true}]}}