{"id":322,"date":"2019-09-02T07:01:29","date_gmt":"2019-09-02T12:01:29","guid":{"rendered":"http:\/\/expressometro.mx\/?p=322"},"modified":"2019-09-25T10:36:10","modified_gmt":"2019-09-25T15:36:10","slug":"acerca-cedipiem-jornadas-de-servicios-a-pueblos-originarios","status":"publish","type":"post","link":"https:\/\/expressometro.mx\/index.php\/2019\/09\/02\/acerca-cedipiem-jornadas-de-servicios-a-pueblos-originarios\/","title":{"rendered":"ACERCA CEDIPIEM JORNADAS DE SERVICIOS A PUEBLOS ORIGINARIOS"},"content":{"rendered":"\n<p>Con el fin de acercar a todas las comunidades con presencia ind\u00edgena de la entidad los servicios que brinda el Gobierno del Estado de M\u00e9xico, el Consejo Estatal para el Desarrollo Integral de los Pueblos Ind\u00edgenas (CEDIPIEM), lleva a cabo Jornadas Multidisciplinarias de Servicios.<\/p>\n\n\n\n<p>Con la participaci\u00f3n de diversas dependencias de Gobierno, as\u00ed como de autoridades municipales y asociaciones civiles, estas jornadas otorgan de manera gratuita, servicios a trav\u00e9s de m\u00f3dulos y unidades m\u00f3viles en materia de salud, medicina general y preventiva, consultas odontol\u00f3gicas, ex\u00e1menes de la vista, asesor\u00edas jur\u00eddicas, psicol\u00f3gicas, asistenciales, licencias de manejo, tr\u00e1mites del Registro Civil, asesor\u00eda a artesanos y cortes de cabello.<\/p>\n\n\n\n<p>Al respecto, la Vocal Ejecutiva del CEDIPIEM, Dora Elena Real Salinas, destac\u00f3 que estas acciones son parte del compromiso permanente del Gobernador Alfredo Del Mazo Maza para atender de manera integral, a los m\u00e1s de 421 mil integrantes de pueblos originarios y migrantes que hay en la entidad y que colocan al Estado de M\u00e9xico en la sexta posici\u00f3n con mayor presencia de poblaci\u00f3n ind\u00edgena del pa\u00eds.<\/p>\n\n\n\n<p>Por ello, refrend\u00f3 el compromiso que tiene la Secretar\u00eda de Desarrollo Social, que encabeza Eric Sevilla Montes de Oca, para focalizar programas que coadyuven a impulsar la calidad de vida de los pobladores forjando as\u00ed familias fuertes.<\/p>\n\n\n\n<p>En esta ocasi\u00f3n las jornadas llegaron a los municipios de Villa de Allende y Temoaya, en donde los habitantes accedieron a servicios en los que participan los ayuntamientos, las Secretar\u00edas de Salud y del Trabajo, el Instituto de Seguridad Social del Estado de M\u00e9xico y Municipios, el Instituto Mexiquense de la Juventud, el Sistema para el Desarrollo Integral de la Familia del Estado de M\u00e9xico, la Direcci\u00f3n General del Registro Civil y la Comisi\u00f3n de Derechos Humanos del Estado de M\u00e9xico.<\/p>\n\n\n\n<p>Gracias las jornadas, habitantes de comunidades con presencia de pueblos originarios y migrantes de la entidad de municipios como Almoloya de Alquisiras, Capulhuac, Lerma, Malinalco, Morelos, Ocoyoacac, Ocuilan, Otzolotepec, San Sim\u00f3n de Guerrero, Santo Tom\u00e1s, Sultepec, Tejupilco, Temascalcingo, Temascaltepec, Temoaya, Valle de Bravo y Zinacantepec han sido beneficiados en el \u00faltimo a\u00f1o.<\/p>\n","protected":false},"excerpt":{"rendered":"<p>Con el fin de acercar a todas las comunidades con presencia ind\u00edgena de la entidad los servicios que brinda el Gobierno del Estado de M\u00e9xico, el Consejo Estatal para el Desarrollo Integral de los Pueblos Ind\u00edgenas (CEDIPIEM), lleva a cabo Jornadas Multidisciplinarias de Servicios. Con la participaci\u00f3n de diversas dependencias de Gobierno, as\u00ed como de autoridades municipales y asociaciones civiles, estas jornadas otorgan de manera gratuita, servicios a trav\u00e9s de m\u00f3dulos y unidades m\u00f3viles en materia de salud, medicina general y preventiva, consultas odontol\u00f3gicas, ex\u00e1menes de la vista, asesor\u00edas jur\u00eddicas,&hellip;<\/p>\n","protected":false},"author":1,"featured_media":323,"comment_status":"open","ping_status":"open","sticky":false,"template":"","format":"standard","meta":{"footnotes":""},"categories":[11],"tags":[],"class_list":["post-322","post","type-post","status-publish","format-standard","has-post-thumbnail","hentry","category-cultura"],"yoast_head":"<!-- This site is optimized with the Yoast SEO plugin v27.5 - https:\/\/yoast.com\/product\/yoast-seo-wordpress\/ -->\n<title>ACERCA CEDIPIEM JORNADAS DE SERVICIOS A PUEBLOS ORIGINARIOS - Expresso Metropolitano<\/title>\n<meta name=\"robots\" content=\"index, follow, max-snippet:-1, max-image-preview:large, max-video-preview:-1\" \/>\n<link rel=\"canonical\" href=\"https:\/\/expressometro.mx\/index.php\/2019\/09\/02\/acerca-cedipiem-jornadas-de-servicios-a-pueblos-originarios\/\" \/>\n<meta property=\"og:locale\" content=\"es_MX\" \/>\n<meta property=\"og:type\" content=\"article\" \/>\n<meta property=\"og:title\" content=\"ACERCA CEDIPIEM JORNADAS DE SERVICIOS A PUEBLOS ORIGINARIOS - Expresso Metropolitano\" \/>\n<meta property=\"og:description\" content=\"Con el fin de acercar a todas las comunidades con presencia ind\u00edgena de la entidad los servicios que brinda el Gobierno del Estado de M\u00e9xico, el Consejo Estatal para el Desarrollo Integral de los Pueblos Ind\u00edgenas (CEDIPIEM), lleva a cabo Jornadas Multidisciplinarias de Servicios. Con la participaci\u00f3n de diversas dependencias de Gobierno, as\u00ed como de autoridades municipales y asociaciones civiles, estas jornadas otorgan de manera gratuita, servicios a trav\u00e9s de m\u00f3dulos y unidades m\u00f3viles en materia de salud, medicina general y preventiva, consultas odontol\u00f3gicas, ex\u00e1menes de la vista, asesor\u00edas jur\u00eddicas,&hellip;\" \/>\n<meta property=\"og:url\" content=\"https:\/\/expressometro.mx\/index.php\/2019\/09\/02\/acerca-cedipiem-jornadas-de-servicios-a-pueblos-originarios\/\" \/>\n<meta property=\"og:site_name\" content=\"Expresso Metropolitano\" \/>\n<meta property=\"article:published_time\" content=\"2019-09-02T12:01:29+00:00\" \/>\n<meta property=\"article:modified_time\" content=\"2019-09-25T15:36:10+00:00\" \/>\n<meta property=\"og:image\" content=\"https:\/\/expressometro.mx\/wp-content\/uploads\/2019\/09\/w2_8898_1.jpg\" \/>\n\t<meta property=\"og:image:width\" content=\"1800\" \/>\n\t<meta property=\"og:image:height\" content=\"1350\" \/>\n\t<meta property=\"og:image:type\" content=\"image\/jpeg\" \/>\n<meta name=\"author\" content=\"Expresso Metropolitano\" \/>\n<meta name=\"twitter:label1\" content=\"Escrito por\" \/>\n\t<meta name=\"twitter:data1\" content=\"Expresso Metropolitano\" \/>\n\t<meta name=\"twitter:label2\" content=\"Tiempo de lectura\" \/>\n\t<meta name=\"twitter:data2\" content=\"2 minutos\" \/>\n<script type=\"application\/ld+json\" class=\"yoast-schema-graph\">{\"@context\":\"https:\\\/\\\/schema.org\",\"@graph\":[{\"@type\":\"Article\",\"@id\":\"https:\\\/\\\/expressometro.mx\\\/index.php\\\/2019\\\/09\\\/02\\\/acerca-cedipiem-jornadas-de-servicios-a-pueblos-originarios\\\/#article\",\"isPartOf\":{\"@id\":\"https:\\\/\\\/expressometro.mx\\\/index.php\\\/2019\\\/09\\\/02\\\/acerca-cedipiem-jornadas-de-servicios-a-pueblos-originarios\\\/\"},\"author\":{\"name\":\"Expresso Metropolitano\",\"@id\":\"https:\\\/\\\/expressometro.mx\\\/#\\\/schema\\\/person\\\/efa971b4a0664db8ed5c22b1b0dd2f5d\"},\"headline\":\"ACERCA CEDIPIEM JORNADAS DE SERVICIOS A PUEBLOS ORIGINARIOS\",\"datePublished\":\"2019-09-02T12:01:29+00:00\",\"dateModified\":\"2019-09-25T15:36:10+00:00\",\"mainEntityOfPage\":{\"@id\":\"https:\\\/\\\/expressometro.mx\\\/index.php\\\/2019\\\/09\\\/02\\\/acerca-cedipiem-jornadas-de-servicios-a-pueblos-originarios\\\/\"},\"wordCount\":381,\"commentCount\":0,\"publisher\":{\"@id\":\"https:\\\/\\\/expressometro.mx\\\/#organization\"},\"image\":{\"@id\":\"https:\\\/\\\/expressometro.mx\\\/index.php\\\/2019\\\/09\\\/02\\\/acerca-cedipiem-jornadas-de-servicios-a-pueblos-originarios\\\/#primaryimage\"},\"thumbnailUrl\":\"https:\\\/\\\/expressometro.mx\\\/wp-content\\\/uploads\\\/2019\\\/09\\\/w2_8898_1.jpg\",\"articleSection\":[\"Cultura\"],\"inLanguage\":\"es\",\"potentialAction\":[{\"@type\":\"CommentAction\",\"name\":\"Comment\",\"target\":[\"https:\\\/\\\/expressometro.mx\\\/index.php\\\/2019\\\/09\\\/02\\\/acerca-cedipiem-jornadas-de-servicios-a-pueblos-originarios\\\/#respond\"]}]},{\"@type\":\"WebPage\",\"@id\":\"https:\\\/\\\/expressometro.mx\\\/index.php\\\/2019\\\/09\\\/02\\\/acerca-cedipiem-jornadas-de-servicios-a-pueblos-originarios\\\/\",\"url\":\"https:\\\/\\\/expressometro.mx\\\/index.php\\\/2019\\\/09\\\/02\\\/acerca-cedipiem-jornadas-de-servicios-a-pueblos-originarios\\\/\",\"name\":\"ACERCA CEDIPIEM JORNADAS DE SERVICIOS A PUEBLOS ORIGINARIOS - Expresso Metropolitano\",\"isPartOf\":{\"@id\":\"https:\\\/\\\/expressometro.mx\\\/#website\"},\"primaryImageOfPage\":{\"@id\":\"https:\\\/\\\/expressometro.mx\\\/index.php\\\/2019\\\/09\\\/02\\\/acerca-cedipiem-jornadas-de-servicios-a-pueblos-originarios\\\/#primaryimage\"},\"image\":{\"@id\":\"https:\\\/\\\/expressometro.mx\\\/index.php\\\/2019\\\/09\\\/02\\\/acerca-cedipiem-jornadas-de-servicios-a-pueblos-originarios\\\/#primaryimage\"},\"thumbnailUrl\":\"https:\\\/\\\/expressometro.mx\\\/wp-content\\\/uploads\\\/2019\\\/09\\\/w2_8898_1.jpg\",\"datePublished\":\"2019-09-02T12:01:29+00:00\",\"dateModified\":\"2019-09-25T15:36:10+00:00\",\"breadcrumb\":{\"@id\":\"https:\\\/\\\/expressometro.mx\\\/index.php\\\/2019\\\/09\\\/02\\\/acerca-cedipiem-jornadas-de-servicios-a-pueblos-originarios\\\/#breadcrumb\"},\"inLanguage\":\"es\",\"potentialAction\":[{\"@type\":\"ReadAction\",\"target\":[\"https:\\\/\\\/expressometro.mx\\\/index.php\\\/2019\\\/09\\\/02\\\/acerca-cedipiem-jornadas-de-servicios-a-pueblos-originarios\\\/\"]}]},{\"@type\":\"ImageObject\",\"inLanguage\":\"es\",\"@id\":\"https:\\\/\\\/expressometro.mx\\\/index.php\\\/2019\\\/09\\\/02\\\/acerca-cedipiem-jornadas-de-servicios-a-pueblos-originarios\\\/#primaryimage\",\"url\":\"https:\\\/\\\/expressometro.mx\\\/wp-content\\\/uploads\\\/2019\\\/09\\\/w2_8898_1.jpg\",\"contentUrl\":\"https:\\\/\\\/expressometro.mx\\\/wp-content\\\/uploads\\\/2019\\\/09\\\/w2_8898_1.jpg\",\"width\":1800,\"height\":1350},{\"@type\":\"BreadcrumbList\",\"@id\":\"https:\\\/\\\/expressometro.mx\\\/index.php\\\/2019\\\/09\\\/02\\\/acerca-cedipiem-jornadas-de-servicios-a-pueblos-originarios\\\/#breadcrumb\",\"itemListElement\":[{\"@type\":\"ListItem\",\"position\":1,\"name\":\"Inicio\",\"item\":\"https:\\\/\\\/expressometro.mx\\\/\"},{\"@type\":\"ListItem\",\"position\":2,\"name\":\"ACERCA CEDIPIEM JORNADAS DE SERVICIOS A PUEBLOS ORIGINARIOS\"}]},{\"@type\":\"WebSite\",\"@id\":\"https:\\\/\\\/expressometro.mx\\\/#website\",\"url\":\"https:\\\/\\\/expressometro.mx\\\/\",\"name\":\"Expresso Metropolitano\",\"description\":\"Periodismo comprometido, informaci\u00f3n, investigaci\u00f3n y an\u00e1lisis\",\"publisher\":{\"@id\":\"https:\\\/\\\/expressometro.mx\\\/#organization\"},\"potentialAction\":[{\"@type\":\"SearchAction\",\"target\":{\"@type\":\"EntryPoint\",\"urlTemplate\":\"https:\\\/\\\/expressometro.mx\\\/?s={search_term_string}\"},\"query-input\":{\"@type\":\"PropertyValueSpecification\",\"valueRequired\":true,\"valueName\":\"search_term_string\"}}],\"inLanguage\":\"es\"},{\"@type\":\"Organization\",\"@id\":\"https:\\\/\\\/expressometro.mx\\\/#organization\",\"name\":\"Expresso Metropolitano\",\"url\":\"https:\\\/\\\/expressometro.mx\\\/\",\"logo\":{\"@type\":\"ImageObject\",\"inLanguage\":\"es\",\"@id\":\"https:\\\/\\\/expressometro.mx\\\/#\\\/schema\\\/logo\\\/image\\\/\",\"url\":\"https:\\\/\\\/expressometro.mx\\\/wp-content\\\/uploads\\\/2019\\\/07\\\/cropped-Logo-Expresso-Metropolitano-1-1.jpeg\",\"contentUrl\":\"https:\\\/\\\/expressometro.mx\\\/wp-content\\\/uploads\\\/2019\\\/07\\\/cropped-Logo-Expresso-Metropolitano-1-1.jpeg\",\"width\":290,\"height\":73,\"caption\":\"Expresso Metropolitano\"},\"image\":{\"@id\":\"https:\\\/\\\/expressometro.mx\\\/#\\\/schema\\\/logo\\\/image\\\/\"}},{\"@type\":\"Person\",\"@id\":\"https:\\\/\\\/expressometro.mx\\\/#\\\/schema\\\/person\\\/efa971b4a0664db8ed5c22b1b0dd2f5d\",\"name\":\"Expresso Metropolitano\",\"image\":{\"@type\":\"ImageObject\",\"inLanguage\":\"es\",\"@id\":\"https:\\\/\\\/secure.gravatar.com\\\/avatar\\\/a89f802b8de18c6952f223c88d3d106e9e3679839f4e25a02f4a6cc2ae6ba3b3?s=96&d=mm&r=g\",\"url\":\"https:\\\/\\\/secure.gravatar.com\\\/avatar\\\/a89f802b8de18c6952f223c88d3d106e9e3679839f4e25a02f4a6cc2ae6ba3b3?s=96&d=mm&r=g\",\"contentUrl\":\"https:\\\/\\\/secure.gravatar.com\\\/avatar\\\/a89f802b8de18c6952f223c88d3d106e9e3679839f4e25a02f4a6cc2ae6ba3b3?s=96&d=mm&r=g\",\"caption\":\"Expresso Metropolitano\"},\"url\":\"https:\\\/\\\/expressometro.mx\\\/index.php\\\/author\\\/diego\\\/\"}]}<\/script>\n<!-- \/ Yoast SEO plugin. -->","yoast_head_json":{"title":"ACERCA CEDIPIEM JORNADAS DE SERVICIOS A PUEBLOS ORIGINARIOS - Expresso Metropolitano","robots":{"index":"index","follow":"follow","max-snippet":"max-snippet:-1","max-image-preview":"max-image-preview:large","max-video-preview":"max-video-preview:-1"},"canonical":"https:\/\/expressometro.mx\/index.php\/2019\/09\/02\/acerca-cedipiem-jornadas-de-servicios-a-pueblos-originarios\/","og_locale":"es_MX","og_type":"article","og_title":"ACERCA CEDIPIEM JORNADAS DE SERVICIOS A PUEBLOS ORIGINARIOS - Expresso Metropolitano","og_description":"Con el fin de acercar a todas las comunidades con presencia ind\u00edgena de la entidad los servicios que brinda el Gobierno del Estado de M\u00e9xico, el Consejo Estatal para el Desarrollo Integral de los Pueblos Ind\u00edgenas (CEDIPIEM), lleva a cabo Jornadas Multidisciplinarias de Servicios. Con la participaci\u00f3n de diversas dependencias de Gobierno, as\u00ed como de autoridades municipales y asociaciones civiles, estas jornadas otorgan de manera gratuita, servicios a trav\u00e9s de m\u00f3dulos y unidades m\u00f3viles en materia de salud, medicina general y preventiva, consultas odontol\u00f3gicas, ex\u00e1menes de la vista, asesor\u00edas jur\u00eddicas,&hellip;","og_url":"https:\/\/expressometro.mx\/index.php\/2019\/09\/02\/acerca-cedipiem-jornadas-de-servicios-a-pueblos-originarios\/","og_site_name":"Expresso Metropolitano","article_published_time":"2019-09-02T12:01:29+00:00","article_modified_time":"2019-09-25T15:36:10+00:00","og_image":[{"width":1800,"height":1350,"url":"https:\/\/expressometro.mx\/wp-content\/uploads\/2019\/09\/w2_8898_1.jpg","type":"image\/jpeg"}],"author":"Expresso Metropolitano","twitter_misc":{"Escrito por":"Expresso Metropolitano","Tiempo de lectura":"2 minutos"},"schema":{"@context":"https:\/\/schema.org","@graph":[{"@type":"Article","@id":"https:\/\/expressometro.mx\/index.php\/2019\/09\/02\/acerca-cedipiem-jornadas-de-servicios-a-pueblos-originarios\/#article","isPartOf":{"@id":"https:\/\/expressometro.mx\/index.php\/2019\/09\/02\/acerca-cedipiem-jornadas-de-servicios-a-pueblos-originarios\/"},"author":{"name":"Expresso Metropolitano","@id":"https:\/\/expressometro.mx\/#\/schema\/person\/efa971b4a0664db8ed5c22b1b0dd2f5d"},"headline":"ACERCA CEDIPIEM JORNADAS DE SERVICIOS A PUEBLOS ORIGINARIOS","datePublished":"2019-09-02T12:01:29+00:00","dateModified":"2019-09-25T15:36:10+00:00","mainEntityOfPage":{"@id":"https:\/\/expressometro.mx\/index.php\/2019\/09\/02\/acerca-cedipiem-jornadas-de-servicios-a-pueblos-originarios\/"},"wordCount":381,"commentCount":0,"publisher":{"@id":"https:\/\/expressometro.mx\/#organization"},"image":{"@id":"https:\/\/expressometro.mx\/index.php\/2019\/09\/02\/acerca-cedipiem-jornadas-de-servicios-a-pueblos-originarios\/#primaryimage"},"thumbnailUrl":"https:\/\/expressometro.mx\/wp-content\/uploads\/2019\/09\/w2_8898_1.jpg","articleSection":["Cultura"],"inLanguage":"es","potentialAction":[{"@type":"CommentAction","name":"Comment","target":["https:\/\/expressometro.mx\/index.php\/2019\/09\/02\/acerca-cedipiem-jornadas-de-servicios-a-pueblos-originarios\/#respond"]}]},{"@type":"WebPage","@id":"https:\/\/expressometro.mx\/index.php\/2019\/09\/02\/acerca-cedipiem-jornadas-de-servicios-a-pueblos-originarios\/","url":"https:\/\/expressometro.mx\/index.php\/2019\/09\/02\/acerca-cedipiem-jornadas-de-servicios-a-pueblos-originarios\/","name":"ACERCA CEDIPIEM JORNADAS DE SERVICIOS A PUEBLOS ORIGINARIOS - Expresso Metropolitano","isPartOf":{"@id":"https:\/\/expressometro.mx\/#website"},"primaryImageOfPage":{"@id":"https:\/\/expressometro.mx\/index.php\/2019\/09\/02\/acerca-cedipiem-jornadas-de-servicios-a-pueblos-originarios\/#primaryimage"},"image":{"@id":"https:\/\/expressometro.mx\/index.php\/2019\/09\/02\/acerca-cedipiem-jornadas-de-servicios-a-pueblos-originarios\/#primaryimage"},"thumbnailUrl":"https:\/\/expressometro.mx\/wp-content\/uploads\/2019\/09\/w2_8898_1.jpg","datePublished":"2019-09-02T12:01:29+00:00","dateModified":"2019-09-25T15:36:10+00:00","breadcrumb":{"@id":"https:\/\/expressometro.mx\/index.php\/2019\/09\/02\/acerca-cedipiem-jornadas-de-servicios-a-pueblos-originarios\/#breadcrumb"},"inLanguage":"es","potentialAction":[{"@type":"ReadAction","target":["https:\/\/expressometro.mx\/index.php\/2019\/09\/02\/acerca-cedipiem-jornadas-de-servicios-a-pueblos-originarios\/"]}]},{"@type":"ImageObject","inLanguage":"es","@id":"https:\/\/expressometro.mx\/index.php\/2019\/09\/02\/acerca-cedipiem-jornadas-de-servicios-a-pueblos-originarios\/#primaryimage","url":"https:\/\/expressometro.mx\/wp-content\/uploads\/2019\/09\/w2_8898_1.jpg","contentUrl":"https:\/\/expressometro.mx\/wp-content\/uploads\/2019\/09\/w2_8898_1.jpg","width":1800,"height":1350},{"@type":"BreadcrumbList","@id":"https:\/\/expressometro.mx\/index.php\/2019\/09\/02\/acerca-cedipiem-jornadas-de-servicios-a-pueblos-originarios\/#breadcrumb","itemListElement":[{"@type":"ListItem","position":1,"name":"Inicio","item":"https:\/\/expressometro.mx\/"},{"@type":"ListItem","position":2,"name":"ACERCA CEDIPIEM JORNADAS DE SERVICIOS A PUEBLOS ORIGINARIOS"}]},{"@type":"WebSite","@id":"https:\/\/expressometro.mx\/#website","url":"https:\/\/expressometro.mx\/","name":"Expresso Metropolitano","description":"Periodismo comprometido, informaci\u00f3n, investigaci\u00f3n y an\u00e1lisis","publisher":{"@id":"https:\/\/expressometro.mx\/#organization"},"potentialAction":[{"@type":"SearchAction","target":{"@type":"EntryPoint","urlTemplate":"https:\/\/expressometro.mx\/?s={search_term_string}"},"query-input":{"@type":"PropertyValueSpecification","valueRequired":true,"valueName":"search_term_string"}}],"inLanguage":"es"},{"@type":"Organization","@id":"https:\/\/expressometro.mx\/#organization","name":"Expresso Metropolitano","url":"https:\/\/expressometro.mx\/","logo":{"@type":"ImageObject","inLanguage":"es","@id":"https:\/\/expressometro.mx\/#\/schema\/logo\/image\/","url":"https:\/\/expressometro.mx\/wp-content\/uploads\/2019\/07\/cropped-Logo-Expresso-Metropolitano-1-1.jpeg","contentUrl":"https:\/\/expressometro.mx\/wp-content\/uploads\/2019\/07\/cropped-Logo-Expresso-Metropolitano-1-1.jpeg","width":290,"height":73,"caption":"Expresso Metropolitano"},"image":{"@id":"https:\/\/expressometro.mx\/#\/schema\/logo\/image\/"}},{"@type":"Person","@id":"https:\/\/expressometro.mx\/#\/schema\/person\/efa971b4a0664db8ed5c22b1b0dd2f5d","name":"Expresso Metropolitano","image":{"@type":"ImageObject","inLanguage":"es","@id":"https:\/\/secure.gravatar.com\/avatar\/a89f802b8de18c6952f223c88d3d106e9e3679839f4e25a02f4a6cc2ae6ba3b3?s=96&d=mm&r=g","url":"https:\/\/secure.gravatar.com\/avatar\/a89f802b8de18c6952f223c88d3d106e9e3679839f4e25a02f4a6cc2ae6ba3b3?s=96&d=mm&r=g","contentUrl":"https:\/\/secure.gravatar.com\/avatar\/a89f802b8de18c6952f223c88d3d106e9e3679839f4e25a02f4a6cc2ae6ba3b3?s=96&d=mm&r=g","caption":"Expresso Metropolitano"},"url":"https:\/\/expressometro.mx\/index.php\/author\/diego\/"}]}},"amp_enabled":true,"_links":{"self":[{"href":"https:\/\/expressometro.mx\/index.php\/wp-json\/wp\/v2\/posts\/322","targetHints":{"allow":["GET"]}}],"collection":[{"href":"https:\/\/expressometro.mx\/index.php\/wp-json\/wp\/v2\/posts"}],"about":[{"href":"https:\/\/expressometro.mx\/index.php\/wp-json\/wp\/v2\/types\/post"}],"author":[{"embeddable":true,"href":"https:\/\/expressometro.mx\/index.php\/wp-json\/wp\/v2\/users\/1"}],"replies":[{"embeddable":true,"href":"https:\/\/expressometro.mx\/index.php\/wp-json\/wp\/v2\/comments?post=322"}],"version-history":[{"count":1,"href":"https:\/\/expressometro.mx\/index.php\/wp-json\/wp\/v2\/posts\/322\/revisions"}],"predecessor-version":[{"id":324,"href":"https:\/\/expressometro.mx\/index.php\/wp-json\/wp\/v2\/posts\/322\/revisions\/324"}],"wp:featuredmedia":[{"embeddable":true,"href":"https:\/\/expressometro.mx\/index.php\/wp-json\/wp\/v2\/media\/323"}],"wp:attachment":[{"href":"https:\/\/expressometro.mx\/index.php\/wp-json\/wp\/v2\/media?parent=322"}],"wp:term":[{"taxonomy":"category","embeddable":true,"href":"https:\/\/expressometro.mx\/index.php\/wp-json\/wp\/v2\/categories?post=322"},{"taxonomy":"post_tag","embeddable":true,"href":"https:\/\/expressometro.mx\/index.php\/wp-json\/wp\/v2\/tags?post=322"}],"curies":[{"name":"wp","href":"https:\/\/api.w.org\/{rel}","templated":true}]}}