{"id":3134,"date":"2021-06-02T18:56:01","date_gmt":"2021-06-02T23:56:01","guid":{"rendered":"http:\/\/expressometro.mx\/?p=3134"},"modified":"2021-06-02T18:56:02","modified_gmt":"2021-06-02T23:56:02","slug":"otzolotepec-recupera-su-priismo-al-grito-de-froylan-santana-contigo-vamos-a-ganar","status":"publish","type":"post","link":"https:\/\/expressometro.mx\/index.php\/2021\/06\/02\/otzolotepec-recupera-su-priismo-al-grito-de-froylan-santana-contigo-vamos-a-ganar\/","title":{"rendered":"Otzolotepec Recupera su Priismo al grito de \u201cFroylan Santana, contigo vamos a ganar\u201d"},"content":{"rendered":"\n<p>Con gran j\u00fabilo y alegr\u00eda entre porras y aplausos, se recibi\u00f3 en Otzolotepec al candidato pri\u00edsta a la diputaci\u00f3n federal por el Distrito 18, Froyl\u00e1n Santana Gil. En este municipio le reafirmaron su apoyo incondicional para que sea su pr\u00f3ximo representante en San L\u00e1zaro.<\/p>\n\n\n\n<p>En el \u00faltimo cierre de campa\u00f1a con la candidata a presidenta municipal, Sinai Lugo, el pol\u00edtico pri\u00edsta Froyl\u00e1n Santana refrend\u00f3 su compromiso con este municipio, comprometi\u00f3 un trabajo eficaz para todos en la tribuna m\u00e1xima del pa\u00eds.<\/p>\n\n\n\n<p>Con este cierre de campa\u00f1a culmina los recorridos en el municipio de Otzolotepec y encuentros que sostuvo el candidato durante m\u00e1s de 45 d\u00edas con un di\u00e1logo frontal, honesto y transparente.<\/p>\n\n\n\n<p>Durante el evento masivo, donde hubo m\u00e1s de 4 mil personas en la comunidad de Santa Maria Tetitla, manifest\u00f3 su \u00e1nimo a tope para ganar m\u00e1s elecciones despu\u00e9s de haber recorrido por los 4 municipios\u00a0 que comprende su Distrito 18.<\/p>\n\n\n\n<figure class=\"wp-block-gallery columns-3 is-cropped wp-block-gallery-1 is-layout-flex wp-block-gallery-is-layout-flex\"><ul class=\"blocks-gallery-grid\"><li class=\"blocks-gallery-item\"><figure><img decoding=\"async\" width=\"840\" height=\"473\" src=\"http:\/\/expressometro.mx\/wp-content\/uploads\/2021\/06\/WhatsApp-Image-2021-06-02-at-18.50.08-840x473.jpeg\" alt=\"\" data-id=\"3136\" data-link=\"http:\/\/expressometro.mx\/?attachment_id=3136\" class=\"wp-image-3136\" srcset=\"https:\/\/expressometro.mx\/wp-content\/uploads\/2021\/06\/WhatsApp-Image-2021-06-02-at-18.50.08-840x473.jpeg 840w, https:\/\/expressometro.mx\/wp-content\/uploads\/2021\/06\/WhatsApp-Image-2021-06-02-at-18.50.08-649x365.jpeg 649w, https:\/\/expressometro.mx\/wp-content\/uploads\/2021\/06\/WhatsApp-Image-2021-06-02-at-18.50.08-768x432.jpeg 768w, https:\/\/expressometro.mx\/wp-content\/uploads\/2021\/06\/WhatsApp-Image-2021-06-02-at-18.50.08-1536x864.jpeg 1536w, https:\/\/expressometro.mx\/wp-content\/uploads\/2021\/06\/WhatsApp-Image-2021-06-02-at-18.50.08.jpeg 1600w\" sizes=\"(max-width: 840px) 100vw, 840px\" \/><\/figure><\/li><li class=\"blocks-gallery-item\"><figure><img decoding=\"async\" width=\"840\" height=\"473\" src=\"http:\/\/expressometro.mx\/wp-content\/uploads\/2021\/06\/WhatsApp-Image-2021-06-02-at-18.50.07-1-840x473.jpeg\" alt=\"\" data-id=\"3138\" data-link=\"http:\/\/expressometro.mx\/?attachment_id=3138\" class=\"wp-image-3138\" srcset=\"https:\/\/expressometro.mx\/wp-content\/uploads\/2021\/06\/WhatsApp-Image-2021-06-02-at-18.50.07-1-840x473.jpeg 840w, https:\/\/expressometro.mx\/wp-content\/uploads\/2021\/06\/WhatsApp-Image-2021-06-02-at-18.50.07-1-649x365.jpeg 649w, https:\/\/expressometro.mx\/wp-content\/uploads\/2021\/06\/WhatsApp-Image-2021-06-02-at-18.50.07-1-768x432.jpeg 768w, https:\/\/expressometro.mx\/wp-content\/uploads\/2021\/06\/WhatsApp-Image-2021-06-02-at-18.50.07-1-1536x864.jpeg 1536w, https:\/\/expressometro.mx\/wp-content\/uploads\/2021\/06\/WhatsApp-Image-2021-06-02-at-18.50.07-1.jpeg 1600w\" sizes=\"(max-width: 840px) 100vw, 840px\" \/><\/figure><\/li><li class=\"blocks-gallery-item\"><figure><img decoding=\"async\" width=\"840\" height=\"473\" src=\"http:\/\/expressometro.mx\/wp-content\/uploads\/2021\/06\/WhatsApp-Image-2021-06-02-at-18.50.07-840x473.jpeg\" alt=\"\" data-id=\"3139\" data-full-url=\"http:\/\/expressometro.mx\/wp-content\/uploads\/2021\/06\/WhatsApp-Image-2021-06-02-at-18.50.07.jpeg\" data-link=\"http:\/\/expressometro.mx\/?attachment_id=3139\" class=\"wp-image-3139\" srcset=\"https:\/\/expressometro.mx\/wp-content\/uploads\/2021\/06\/WhatsApp-Image-2021-06-02-at-18.50.07-840x473.jpeg 840w, https:\/\/expressometro.mx\/wp-content\/uploads\/2021\/06\/WhatsApp-Image-2021-06-02-at-18.50.07-649x365.jpeg 649w, https:\/\/expressometro.mx\/wp-content\/uploads\/2021\/06\/WhatsApp-Image-2021-06-02-at-18.50.07-768x432.jpeg 768w, https:\/\/expressometro.mx\/wp-content\/uploads\/2021\/06\/WhatsApp-Image-2021-06-02-at-18.50.07-1536x864.jpeg 1536w, https:\/\/expressometro.mx\/wp-content\/uploads\/2021\/06\/WhatsApp-Image-2021-06-02-at-18.50.07.jpeg 1600w\" sizes=\"(max-width: 840px) 100vw, 840px\" \/><\/figure><\/li><\/ul><\/figure>\n","protected":false},"excerpt":{"rendered":"<p>Con este cierre de campa\u00f1a culmina los recorridos en el municipio de Otzolotepec y encuentros que sostuvo el candidato durante m\u00e1s de 45 d\u00edas con un di\u00e1logo frontal, honesto y transparente.<\/p>\n","protected":false},"author":2,"featured_media":3137,"comment_status":"open","ping_status":"open","sticky":false,"template":"","format":"standard","meta":{"footnotes":""},"categories":[231],"tags":[377,639,466,598],"class_list":["post-3134","post","type-post","status-publish","format-standard","has-post-thumbnail","hentry","category-politica","tag-diputado-federal","tag-distrito18","tag-froylan-santana-gill","tag-otzolotepec"],"yoast_head":"<!-- This site is optimized with the Yoast SEO plugin v27.4 - https:\/\/yoast.com\/product\/yoast-seo-wordpress\/ -->\n<title>Otzolotepec Recupera su Priismo al grito de \u201cFroylan Santana, contigo vamos a ganar\u201d - Expresso Metropolitano<\/title>\n<meta name=\"robots\" content=\"index, follow, max-snippet:-1, max-image-preview:large, max-video-preview:-1\" \/>\n<link rel=\"canonical\" href=\"https:\/\/expressometro.mx\/index.php\/2021\/06\/02\/otzolotepec-recupera-su-priismo-al-grito-de-froylan-santana-contigo-vamos-a-ganar\/\" \/>\n<meta property=\"og:locale\" content=\"es_MX\" \/>\n<meta property=\"og:type\" content=\"article\" \/>\n<meta property=\"og:title\" content=\"Otzolotepec Recupera su Priismo al grito de \u201cFroylan Santana, contigo vamos a ganar\u201d - Expresso Metropolitano\" \/>\n<meta property=\"og:description\" content=\"Con este cierre de campa\u00f1a culmina los recorridos en el municipio de Otzolotepec y encuentros que sostuvo el candidato durante m\u00e1s de 45 d\u00edas con un di\u00e1logo frontal, honesto y transparente.\" \/>\n<meta property=\"og:url\" content=\"https:\/\/expressometro.mx\/index.php\/2021\/06\/02\/otzolotepec-recupera-su-priismo-al-grito-de-froylan-santana-contigo-vamos-a-ganar\/\" \/>\n<meta property=\"og:site_name\" content=\"Expresso Metropolitano\" \/>\n<meta property=\"article:published_time\" content=\"2021-06-02T23:56:01+00:00\" \/>\n<meta property=\"article:modified_time\" content=\"2021-06-02T23:56:02+00:00\" \/>\n<meta property=\"og:image\" content=\"https:\/\/expressometro.mx\/wp-content\/uploads\/2021\/06\/WhatsApp-Image-2021-06-02-at-18.50.08-1.jpeg\" \/>\n\t<meta property=\"og:image:width\" content=\"1600\" \/>\n\t<meta property=\"og:image:height\" content=\"900\" \/>\n\t<meta property=\"og:image:type\" content=\"image\/jpeg\" \/>\n<meta name=\"author\" content=\"Cecilia Vega\" \/>\n<meta name=\"twitter:label1\" content=\"Escrito por\" \/>\n\t<meta name=\"twitter:data1\" content=\"Cecilia Vega\" \/>\n\t<meta name=\"twitter:label2\" content=\"Tiempo de lectura\" \/>\n\t<meta name=\"twitter:data2\" content=\"2 minutos\" \/>\n<script type=\"application\/ld+json\" class=\"yoast-schema-graph\">{\"@context\":\"https:\\\/\\\/schema.org\",\"@graph\":[{\"@type\":\"Article\",\"@id\":\"https:\\\/\\\/expressometro.mx\\\/index.php\\\/2021\\\/06\\\/02\\\/otzolotepec-recupera-su-priismo-al-grito-de-froylan-santana-contigo-vamos-a-ganar\\\/#article\",\"isPartOf\":{\"@id\":\"https:\\\/\\\/expressometro.mx\\\/index.php\\\/2021\\\/06\\\/02\\\/otzolotepec-recupera-su-priismo-al-grito-de-froylan-santana-contigo-vamos-a-ganar\\\/\"},\"author\":{\"name\":\"Cecilia Vega\",\"@id\":\"https:\\\/\\\/expressometro.mx\\\/#\\\/schema\\\/person\\\/67a95b8e3862085c7598f66237488f1f\"},\"headline\":\"Otzolotepec Recupera su Priismo al grito de \u201cFroylan Santana, contigo vamos a ganar\u201d\",\"datePublished\":\"2021-06-02T23:56:01+00:00\",\"dateModified\":\"2021-06-02T23:56:02+00:00\",\"mainEntityOfPage\":{\"@id\":\"https:\\\/\\\/expressometro.mx\\\/index.php\\\/2021\\\/06\\\/02\\\/otzolotepec-recupera-su-priismo-al-grito-de-froylan-santana-contigo-vamos-a-ganar\\\/\"},\"wordCount\":180,\"commentCount\":0,\"publisher\":{\"@id\":\"https:\\\/\\\/expressometro.mx\\\/#organization\"},\"image\":{\"@id\":\"https:\\\/\\\/expressometro.mx\\\/index.php\\\/2021\\\/06\\\/02\\\/otzolotepec-recupera-su-priismo-al-grito-de-froylan-santana-contigo-vamos-a-ganar\\\/#primaryimage\"},\"thumbnailUrl\":\"https:\\\/\\\/expressometro.mx\\\/wp-content\\\/uploads\\\/2021\\\/06\\\/WhatsApp-Image-2021-06-02-at-18.50.08-1.jpeg\",\"keywords\":[\"Diputado Federal\",\"Distrito18\",\"Froyl\u00e1n Santana Gill\",\"Otzolotepec\"],\"articleSection\":[\"Pol\u00edtica\"],\"inLanguage\":\"es\",\"potentialAction\":[{\"@type\":\"CommentAction\",\"name\":\"Comment\",\"target\":[\"https:\\\/\\\/expressometro.mx\\\/index.php\\\/2021\\\/06\\\/02\\\/otzolotepec-recupera-su-priismo-al-grito-de-froylan-santana-contigo-vamos-a-ganar\\\/#respond\"]}]},{\"@type\":\"WebPage\",\"@id\":\"https:\\\/\\\/expressometro.mx\\\/index.php\\\/2021\\\/06\\\/02\\\/otzolotepec-recupera-su-priismo-al-grito-de-froylan-santana-contigo-vamos-a-ganar\\\/\",\"url\":\"https:\\\/\\\/expressometro.mx\\\/index.php\\\/2021\\\/06\\\/02\\\/otzolotepec-recupera-su-priismo-al-grito-de-froylan-santana-contigo-vamos-a-ganar\\\/\",\"name\":\"Otzolotepec Recupera su Priismo al grito de \u201cFroylan Santana, contigo vamos a ganar\u201d - Expresso Metropolitano\",\"isPartOf\":{\"@id\":\"https:\\\/\\\/expressometro.mx\\\/#website\"},\"primaryImageOfPage\":{\"@id\":\"https:\\\/\\\/expressometro.mx\\\/index.php\\\/2021\\\/06\\\/02\\\/otzolotepec-recupera-su-priismo-al-grito-de-froylan-santana-contigo-vamos-a-ganar\\\/#primaryimage\"},\"image\":{\"@id\":\"https:\\\/\\\/expressometro.mx\\\/index.php\\\/2021\\\/06\\\/02\\\/otzolotepec-recupera-su-priismo-al-grito-de-froylan-santana-contigo-vamos-a-ganar\\\/#primaryimage\"},\"thumbnailUrl\":\"https:\\\/\\\/expressometro.mx\\\/wp-content\\\/uploads\\\/2021\\\/06\\\/WhatsApp-Image-2021-06-02-at-18.50.08-1.jpeg\",\"datePublished\":\"2021-06-02T23:56:01+00:00\",\"dateModified\":\"2021-06-02T23:56:02+00:00\",\"breadcrumb\":{\"@id\":\"https:\\\/\\\/expressometro.mx\\\/index.php\\\/2021\\\/06\\\/02\\\/otzolotepec-recupera-su-priismo-al-grito-de-froylan-santana-contigo-vamos-a-ganar\\\/#breadcrumb\"},\"inLanguage\":\"es\",\"potentialAction\":[{\"@type\":\"ReadAction\",\"target\":[\"https:\\\/\\\/expressometro.mx\\\/index.php\\\/2021\\\/06\\\/02\\\/otzolotepec-recupera-su-priismo-al-grito-de-froylan-santana-contigo-vamos-a-ganar\\\/\"]}]},{\"@type\":\"ImageObject\",\"inLanguage\":\"es\",\"@id\":\"https:\\\/\\\/expressometro.mx\\\/index.php\\\/2021\\\/06\\\/02\\\/otzolotepec-recupera-su-priismo-al-grito-de-froylan-santana-contigo-vamos-a-ganar\\\/#primaryimage\",\"url\":\"https:\\\/\\\/expressometro.mx\\\/wp-content\\\/uploads\\\/2021\\\/06\\\/WhatsApp-Image-2021-06-02-at-18.50.08-1.jpeg\",\"contentUrl\":\"https:\\\/\\\/expressometro.mx\\\/wp-content\\\/uploads\\\/2021\\\/06\\\/WhatsApp-Image-2021-06-02-at-18.50.08-1.jpeg\",\"width\":1600,\"height\":900},{\"@type\":\"BreadcrumbList\",\"@id\":\"https:\\\/\\\/expressometro.mx\\\/index.php\\\/2021\\\/06\\\/02\\\/otzolotepec-recupera-su-priismo-al-grito-de-froylan-santana-contigo-vamos-a-ganar\\\/#breadcrumb\",\"itemListElement\":[{\"@type\":\"ListItem\",\"position\":1,\"name\":\"Inicio\",\"item\":\"https:\\\/\\\/expressometro.mx\\\/\"},{\"@type\":\"ListItem\",\"position\":2,\"name\":\"Otzolotepec Recupera su Priismo al grito de \u201cFroylan Santana, contigo vamos a ganar\u201d\"}]},{\"@type\":\"WebSite\",\"@id\":\"https:\\\/\\\/expressometro.mx\\\/#website\",\"url\":\"https:\\\/\\\/expressometro.mx\\\/\",\"name\":\"Expresso Metropolitano\",\"description\":\"Periodismo comprometido, informaci\u00f3n, investigaci\u00f3n y an\u00e1lisis\",\"publisher\":{\"@id\":\"https:\\\/\\\/expressometro.mx\\\/#organization\"},\"potentialAction\":[{\"@type\":\"SearchAction\",\"target\":{\"@type\":\"EntryPoint\",\"urlTemplate\":\"https:\\\/\\\/expressometro.mx\\\/?s={search_term_string}\"},\"query-input\":{\"@type\":\"PropertyValueSpecification\",\"valueRequired\":true,\"valueName\":\"search_term_string\"}}],\"inLanguage\":\"es\"},{\"@type\":\"Organization\",\"@id\":\"https:\\\/\\\/expressometro.mx\\\/#organization\",\"name\":\"Expresso Metropolitano\",\"url\":\"https:\\\/\\\/expressometro.mx\\\/\",\"logo\":{\"@type\":\"ImageObject\",\"inLanguage\":\"es\",\"@id\":\"https:\\\/\\\/expressometro.mx\\\/#\\\/schema\\\/logo\\\/image\\\/\",\"url\":\"https:\\\/\\\/expressometro.mx\\\/wp-content\\\/uploads\\\/2019\\\/07\\\/cropped-Logo-Expresso-Metropolitano-1-1.jpeg\",\"contentUrl\":\"https:\\\/\\\/expressometro.mx\\\/wp-content\\\/uploads\\\/2019\\\/07\\\/cropped-Logo-Expresso-Metropolitano-1-1.jpeg\",\"width\":290,\"height\":73,\"caption\":\"Expresso Metropolitano\"},\"image\":{\"@id\":\"https:\\\/\\\/expressometro.mx\\\/#\\\/schema\\\/logo\\\/image\\\/\"}},{\"@type\":\"Person\",\"@id\":\"https:\\\/\\\/expressometro.mx\\\/#\\\/schema\\\/person\\\/67a95b8e3862085c7598f66237488f1f\",\"name\":\"Cecilia Vega\",\"image\":{\"@type\":\"ImageObject\",\"inLanguage\":\"es\",\"@id\":\"https:\\\/\\\/secure.gravatar.com\\\/avatar\\\/13aae9944ab2ee472a9e407c9487fdbd03b049abaa559af32fe5dbcf615c981b?s=96&d=mm&r=g\",\"url\":\"https:\\\/\\\/secure.gravatar.com\\\/avatar\\\/13aae9944ab2ee472a9e407c9487fdbd03b049abaa559af32fe5dbcf615c981b?s=96&d=mm&r=g\",\"contentUrl\":\"https:\\\/\\\/secure.gravatar.com\\\/avatar\\\/13aae9944ab2ee472a9e407c9487fdbd03b049abaa559af32fe5dbcf615c981b?s=96&d=mm&r=g\",\"caption\":\"Cecilia Vega\"},\"url\":\"https:\\\/\\\/expressometro.mx\\\/index.php\\\/author\\\/cecilia-vega\\\/\"}]}<\/script>\n<!-- \/ Yoast SEO plugin. -->","yoast_head_json":{"title":"Otzolotepec Recupera su Priismo al grito de \u201cFroylan Santana, contigo vamos a ganar\u201d - Expresso Metropolitano","robots":{"index":"index","follow":"follow","max-snippet":"max-snippet:-1","max-image-preview":"max-image-preview:large","max-video-preview":"max-video-preview:-1"},"canonical":"https:\/\/expressometro.mx\/index.php\/2021\/06\/02\/otzolotepec-recupera-su-priismo-al-grito-de-froylan-santana-contigo-vamos-a-ganar\/","og_locale":"es_MX","og_type":"article","og_title":"Otzolotepec Recupera su Priismo al grito de \u201cFroylan Santana, contigo vamos a ganar\u201d - Expresso Metropolitano","og_description":"Con este cierre de campa\u00f1a culmina los recorridos en el municipio de Otzolotepec y encuentros que sostuvo el candidato durante m\u00e1s de 45 d\u00edas con un di\u00e1logo frontal, honesto y transparente.","og_url":"https:\/\/expressometro.mx\/index.php\/2021\/06\/02\/otzolotepec-recupera-su-priismo-al-grito-de-froylan-santana-contigo-vamos-a-ganar\/","og_site_name":"Expresso Metropolitano","article_published_time":"2021-06-02T23:56:01+00:00","article_modified_time":"2021-06-02T23:56:02+00:00","og_image":[{"width":1600,"height":900,"url":"https:\/\/expressometro.mx\/wp-content\/uploads\/2021\/06\/WhatsApp-Image-2021-06-02-at-18.50.08-1.jpeg","type":"image\/jpeg"}],"author":"Cecilia Vega","twitter_misc":{"Escrito por":"Cecilia Vega","Tiempo de lectura":"2 minutos"},"schema":{"@context":"https:\/\/schema.org","@graph":[{"@type":"Article","@id":"https:\/\/expressometro.mx\/index.php\/2021\/06\/02\/otzolotepec-recupera-su-priismo-al-grito-de-froylan-santana-contigo-vamos-a-ganar\/#article","isPartOf":{"@id":"https:\/\/expressometro.mx\/index.php\/2021\/06\/02\/otzolotepec-recupera-su-priismo-al-grito-de-froylan-santana-contigo-vamos-a-ganar\/"},"author":{"name":"Cecilia Vega","@id":"https:\/\/expressometro.mx\/#\/schema\/person\/67a95b8e3862085c7598f66237488f1f"},"headline":"Otzolotepec Recupera su Priismo al grito de \u201cFroylan Santana, contigo vamos a ganar\u201d","datePublished":"2021-06-02T23:56:01+00:00","dateModified":"2021-06-02T23:56:02+00:00","mainEntityOfPage":{"@id":"https:\/\/expressometro.mx\/index.php\/2021\/06\/02\/otzolotepec-recupera-su-priismo-al-grito-de-froylan-santana-contigo-vamos-a-ganar\/"},"wordCount":180,"commentCount":0,"publisher":{"@id":"https:\/\/expressometro.mx\/#organization"},"image":{"@id":"https:\/\/expressometro.mx\/index.php\/2021\/06\/02\/otzolotepec-recupera-su-priismo-al-grito-de-froylan-santana-contigo-vamos-a-ganar\/#primaryimage"},"thumbnailUrl":"https:\/\/expressometro.mx\/wp-content\/uploads\/2021\/06\/WhatsApp-Image-2021-06-02-at-18.50.08-1.jpeg","keywords":["Diputado Federal","Distrito18","Froyl\u00e1n Santana Gill","Otzolotepec"],"articleSection":["Pol\u00edtica"],"inLanguage":"es","potentialAction":[{"@type":"CommentAction","name":"Comment","target":["https:\/\/expressometro.mx\/index.php\/2021\/06\/02\/otzolotepec-recupera-su-priismo-al-grito-de-froylan-santana-contigo-vamos-a-ganar\/#respond"]}]},{"@type":"WebPage","@id":"https:\/\/expressometro.mx\/index.php\/2021\/06\/02\/otzolotepec-recupera-su-priismo-al-grito-de-froylan-santana-contigo-vamos-a-ganar\/","url":"https:\/\/expressometro.mx\/index.php\/2021\/06\/02\/otzolotepec-recupera-su-priismo-al-grito-de-froylan-santana-contigo-vamos-a-ganar\/","name":"Otzolotepec Recupera su Priismo al grito de \u201cFroylan Santana, contigo vamos a ganar\u201d - Expresso Metropolitano","isPartOf":{"@id":"https:\/\/expressometro.mx\/#website"},"primaryImageOfPage":{"@id":"https:\/\/expressometro.mx\/index.php\/2021\/06\/02\/otzolotepec-recupera-su-priismo-al-grito-de-froylan-santana-contigo-vamos-a-ganar\/#primaryimage"},"image":{"@id":"https:\/\/expressometro.mx\/index.php\/2021\/06\/02\/otzolotepec-recupera-su-priismo-al-grito-de-froylan-santana-contigo-vamos-a-ganar\/#primaryimage"},"thumbnailUrl":"https:\/\/expressometro.mx\/wp-content\/uploads\/2021\/06\/WhatsApp-Image-2021-06-02-at-18.50.08-1.jpeg","datePublished":"2021-06-02T23:56:01+00:00","dateModified":"2021-06-02T23:56:02+00:00","breadcrumb":{"@id":"https:\/\/expressometro.mx\/index.php\/2021\/06\/02\/otzolotepec-recupera-su-priismo-al-grito-de-froylan-santana-contigo-vamos-a-ganar\/#breadcrumb"},"inLanguage":"es","potentialAction":[{"@type":"ReadAction","target":["https:\/\/expressometro.mx\/index.php\/2021\/06\/02\/otzolotepec-recupera-su-priismo-al-grito-de-froylan-santana-contigo-vamos-a-ganar\/"]}]},{"@type":"ImageObject","inLanguage":"es","@id":"https:\/\/expressometro.mx\/index.php\/2021\/06\/02\/otzolotepec-recupera-su-priismo-al-grito-de-froylan-santana-contigo-vamos-a-ganar\/#primaryimage","url":"https:\/\/expressometro.mx\/wp-content\/uploads\/2021\/06\/WhatsApp-Image-2021-06-02-at-18.50.08-1.jpeg","contentUrl":"https:\/\/expressometro.mx\/wp-content\/uploads\/2021\/06\/WhatsApp-Image-2021-06-02-at-18.50.08-1.jpeg","width":1600,"height":900},{"@type":"BreadcrumbList","@id":"https:\/\/expressometro.mx\/index.php\/2021\/06\/02\/otzolotepec-recupera-su-priismo-al-grito-de-froylan-santana-contigo-vamos-a-ganar\/#breadcrumb","itemListElement":[{"@type":"ListItem","position":1,"name":"Inicio","item":"https:\/\/expressometro.mx\/"},{"@type":"ListItem","position":2,"name":"Otzolotepec Recupera su Priismo al grito de \u201cFroylan Santana, contigo vamos a ganar\u201d"}]},{"@type":"WebSite","@id":"https:\/\/expressometro.mx\/#website","url":"https:\/\/expressometro.mx\/","name":"Expresso Metropolitano","description":"Periodismo comprometido, informaci\u00f3n, investigaci\u00f3n y an\u00e1lisis","publisher":{"@id":"https:\/\/expressometro.mx\/#organization"},"potentialAction":[{"@type":"SearchAction","target":{"@type":"EntryPoint","urlTemplate":"https:\/\/expressometro.mx\/?s={search_term_string}"},"query-input":{"@type":"PropertyValueSpecification","valueRequired":true,"valueName":"search_term_string"}}],"inLanguage":"es"},{"@type":"Organization","@id":"https:\/\/expressometro.mx\/#organization","name":"Expresso Metropolitano","url":"https:\/\/expressometro.mx\/","logo":{"@type":"ImageObject","inLanguage":"es","@id":"https:\/\/expressometro.mx\/#\/schema\/logo\/image\/","url":"https:\/\/expressometro.mx\/wp-content\/uploads\/2019\/07\/cropped-Logo-Expresso-Metropolitano-1-1.jpeg","contentUrl":"https:\/\/expressometro.mx\/wp-content\/uploads\/2019\/07\/cropped-Logo-Expresso-Metropolitano-1-1.jpeg","width":290,"height":73,"caption":"Expresso Metropolitano"},"image":{"@id":"https:\/\/expressometro.mx\/#\/schema\/logo\/image\/"}},{"@type":"Person","@id":"https:\/\/expressometro.mx\/#\/schema\/person\/67a95b8e3862085c7598f66237488f1f","name":"Cecilia Vega","image":{"@type":"ImageObject","inLanguage":"es","@id":"https:\/\/secure.gravatar.com\/avatar\/13aae9944ab2ee472a9e407c9487fdbd03b049abaa559af32fe5dbcf615c981b?s=96&d=mm&r=g","url":"https:\/\/secure.gravatar.com\/avatar\/13aae9944ab2ee472a9e407c9487fdbd03b049abaa559af32fe5dbcf615c981b?s=96&d=mm&r=g","contentUrl":"https:\/\/secure.gravatar.com\/avatar\/13aae9944ab2ee472a9e407c9487fdbd03b049abaa559af32fe5dbcf615c981b?s=96&d=mm&r=g","caption":"Cecilia Vega"},"url":"https:\/\/expressometro.mx\/index.php\/author\/cecilia-vega\/"}]}},"amp_enabled":true,"_links":{"self":[{"href":"https:\/\/expressometro.mx\/index.php\/wp-json\/wp\/v2\/posts\/3134","targetHints":{"allow":["GET"]}}],"collection":[{"href":"https:\/\/expressometro.mx\/index.php\/wp-json\/wp\/v2\/posts"}],"about":[{"href":"https:\/\/expressometro.mx\/index.php\/wp-json\/wp\/v2\/types\/post"}],"author":[{"embeddable":true,"href":"https:\/\/expressometro.mx\/index.php\/wp-json\/wp\/v2\/users\/2"}],"replies":[{"embeddable":true,"href":"https:\/\/expressometro.mx\/index.php\/wp-json\/wp\/v2\/comments?post=3134"}],"version-history":[{"count":1,"href":"https:\/\/expressometro.mx\/index.php\/wp-json\/wp\/v2\/posts\/3134\/revisions"}],"predecessor-version":[{"id":3140,"href":"https:\/\/expressometro.mx\/index.php\/wp-json\/wp\/v2\/posts\/3134\/revisions\/3140"}],"wp:featuredmedia":[{"embeddable":true,"href":"https:\/\/expressometro.mx\/index.php\/wp-json\/wp\/v2\/media\/3137"}],"wp:attachment":[{"href":"https:\/\/expressometro.mx\/index.php\/wp-json\/wp\/v2\/media?parent=3134"}],"wp:term":[{"taxonomy":"category","embeddable":true,"href":"https:\/\/expressometro.mx\/index.php\/wp-json\/wp\/v2\/categories?post=3134"},{"taxonomy":"post_tag","embeddable":true,"href":"https:\/\/expressometro.mx\/index.php\/wp-json\/wp\/v2\/tags?post=3134"}],"curies":[{"name":"wp","href":"https:\/\/api.w.org\/{rel}","templated":true}]}}