{"id":3110,"date":"2021-06-02T17:41:05","date_gmt":"2021-06-02T22:41:05","guid":{"rendered":"http:\/\/expressometro.mx\/?p=3110"},"modified":"2021-06-02T17:41:06","modified_gmt":"2021-06-02T22:41:06","slug":"uaem-garantizara-el-derecho-al-acceso-a-la-informacion-publica","status":"publish","type":"post","link":"https:\/\/expressometro.mx\/index.php\/2021\/06\/02\/uaem-garantizara-el-derecho-al-acceso-a-la-informacion-publica\/","title":{"rendered":"UAEM garantizar\u00e1 el derecho al acceso a la informaci\u00f3n p\u00fablica"},"content":{"rendered":"\n<p>Al ubicarse como uno de los organismos que reciben un mayor n\u00famero de solicitudes de informaci\u00f3n p\u00fablica en la entidad, la Universidad Aut\u00f3noma del Estado de M\u00e9xico (UAEM) garantizar\u00e1 el derecho al acceso a la informaci\u00f3n p\u00fablica, en cumplimiento a la normatividad de los sistemas Nacional y Estatal Anticorrupci\u00f3n, sostuvo el rector Carlos Eduardo Barrera D\u00edaz.<\/p>\n\n\n\n<p>En aras de fortalecer el prestigio de la instituci\u00f3n a trav\u00e9s de una permanente rendici\u00f3n de cuentas y un uso responsable de los recursos, la Administraci\u00f3n 2021-2025 facilitar\u00e1 la informaci\u00f3n p\u00fablica mediante los portales de Transparencia de la UAEM, as\u00ed como el de Informaci\u00f3n P\u00fablica de Oficio Mexiquense (Ipomex) del Instituto de Transparencia y el de Acceso a la Informaci\u00f3n P\u00fablica y Protecci\u00f3n de Datos Personales del Estado de M\u00e9xico y Municipios (Infoem), destac\u00f3 el rector.<\/p>\n\n\n\n<p>Enfatiz\u00f3 que de las tres mil 46 solicitudes de informaci\u00f3n recibidas por la Aut\u00f3noma mexiquense en los \u00faltimos cuatro a\u00f1os, las cuales se respondieron en tiempo y forma, 51 se encuentran actualmente en tr\u00e1mite, por lo que ser\u00e1n debidamente atendidas.<\/p>\n\n\n\n<p>Puntualiz\u00f3 que se dar\u00e1 certidumbre a la comunidad universitaria y a la sociedad sobre el manejo de las finanzas universitarias ante el creciente inter\u00e9s por consultar informaci\u00f3n p\u00fablica relativa a esta casa de estudios, ya que de 2017 a 2021 el sitio de internet de Transparencia de la UAEM registr\u00f3 m\u00e1s de 175 mil 200 visitas, mientras que el portal del Ipomex m\u00e1s de 65 mil 200.<\/p>\n\n\n\n<p>Asimismo, dijo Carlos Eduardo Barrera D\u00edaz, con el nuevo modelo de verificaci\u00f3n del Infoem, que se\u00f1ala las obligaciones de transparencia para los sujetos obligados, la m\u00e1xima casa de estudios mexiquense se posicion\u00f3 recientemente y, por tercer a\u00f1o consecutivo, entre los 10 mejores organismos a nivel estatal de un total de 333 sujetos obligados.<\/p>\n\n\n\n<p>\u201cMi administraci\u00f3n siempre estar\u00e1 a favor de la inclusi\u00f3n, de la transparencia y de la probidad de las gestiones universitarias, toda vez que es en la universidad donde los m\u00e1s altos valores del ser humano se generan, se transmiten y se difunden\u201d, concluy\u00f3.<\/p>\n","protected":false},"excerpt":{"rendered":"<p>\u201cMi administraci\u00f3n siempre estar\u00e1 a favor de la inclusi\u00f3n, de la transparencia y de la probidad de las gestiones universitarias, toda vez que es en la universidad donde los m\u00e1s altos valores del ser humano se generan, se transmiten y se difunden\u201d, concluy\u00f3.<\/p>\n","protected":false},"author":2,"featured_media":3112,"comment_status":"open","ping_status":"open","sticky":false,"template":"","format":"standard","meta":{"footnotes":""},"categories":[108,4],"tags":[313,82],"class_list":["post-3110","post","type-post","status-publish","format-standard","has-post-thumbnail","hentry","category-educacion","category-finanzas","tag-carlos-eduardo-barrera-diaz","tag-uaemex"],"yoast_head":"<!-- This site is optimized with the Yoast SEO plugin v27.5 - https:\/\/yoast.com\/product\/yoast-seo-wordpress\/ -->\n<title>UAEM garantizar\u00e1 el derecho al acceso a la informaci\u00f3n p\u00fablica - Expresso Metropolitano<\/title>\n<meta name=\"robots\" content=\"index, follow, max-snippet:-1, max-image-preview:large, max-video-preview:-1\" \/>\n<link rel=\"canonical\" href=\"https:\/\/expressometro.mx\/index.php\/2021\/06\/02\/uaem-garantizara-el-derecho-al-acceso-a-la-informacion-publica\/\" \/>\n<meta property=\"og:locale\" content=\"es_MX\" \/>\n<meta property=\"og:type\" content=\"article\" \/>\n<meta property=\"og:title\" content=\"UAEM garantizar\u00e1 el derecho al acceso a la informaci\u00f3n p\u00fablica - Expresso Metropolitano\" \/>\n<meta property=\"og:description\" content=\"\u201cMi administraci\u00f3n siempre estar\u00e1 a favor de la inclusi\u00f3n, de la transparencia y de la probidad de las gestiones universitarias, toda vez que es en la universidad donde los m\u00e1s altos valores del ser humano se generan, se transmiten y se difunden\u201d, concluy\u00f3.\" \/>\n<meta property=\"og:url\" content=\"https:\/\/expressometro.mx\/index.php\/2021\/06\/02\/uaem-garantizara-el-derecho-al-acceso-a-la-informacion-publica\/\" \/>\n<meta property=\"og:site_name\" content=\"Expresso Metropolitano\" \/>\n<meta property=\"article:published_time\" content=\"2021-06-02T22:41:05+00:00\" \/>\n<meta property=\"article:modified_time\" content=\"2021-06-02T22:41:06+00:00\" \/>\n<meta property=\"og:image\" content=\"https:\/\/expressometro.mx\/wp-content\/uploads\/2021\/06\/WhatsApp-Image-2021-06-02-at-00.25.11.jpeg\" \/>\n\t<meta property=\"og:image:width\" content=\"958\" \/>\n\t<meta property=\"og:image:height\" content=\"1440\" \/>\n\t<meta property=\"og:image:type\" content=\"image\/jpeg\" \/>\n<meta name=\"author\" content=\"Cecilia Vega\" \/>\n<meta name=\"twitter:label1\" content=\"Escrito por\" \/>\n\t<meta name=\"twitter:data1\" content=\"Cecilia Vega\" \/>\n\t<meta name=\"twitter:label2\" content=\"Tiempo de lectura\" \/>\n\t<meta name=\"twitter:data2\" content=\"2 minutos\" \/>\n<script type=\"application\/ld+json\" class=\"yoast-schema-graph\">{\"@context\":\"https:\\\/\\\/schema.org\",\"@graph\":[{\"@type\":\"Article\",\"@id\":\"https:\\\/\\\/expressometro.mx\\\/index.php\\\/2021\\\/06\\\/02\\\/uaem-garantizara-el-derecho-al-acceso-a-la-informacion-publica\\\/#article\",\"isPartOf\":{\"@id\":\"https:\\\/\\\/expressometro.mx\\\/index.php\\\/2021\\\/06\\\/02\\\/uaem-garantizara-el-derecho-al-acceso-a-la-informacion-publica\\\/\"},\"author\":{\"name\":\"Cecilia Vega\",\"@id\":\"https:\\\/\\\/expressometro.mx\\\/#\\\/schema\\\/person\\\/67a95b8e3862085c7598f66237488f1f\"},\"headline\":\"UAEM garantizar\u00e1 el derecho al acceso a la informaci\u00f3n p\u00fablica\",\"datePublished\":\"2021-06-02T22:41:05+00:00\",\"dateModified\":\"2021-06-02T22:41:06+00:00\",\"mainEntityOfPage\":{\"@id\":\"https:\\\/\\\/expressometro.mx\\\/index.php\\\/2021\\\/06\\\/02\\\/uaem-garantizara-el-derecho-al-acceso-a-la-informacion-publica\\\/\"},\"wordCount\":376,\"commentCount\":0,\"publisher\":{\"@id\":\"https:\\\/\\\/expressometro.mx\\\/#organization\"},\"image\":{\"@id\":\"https:\\\/\\\/expressometro.mx\\\/index.php\\\/2021\\\/06\\\/02\\\/uaem-garantizara-el-derecho-al-acceso-a-la-informacion-publica\\\/#primaryimage\"},\"thumbnailUrl\":\"https:\\\/\\\/expressometro.mx\\\/wp-content\\\/uploads\\\/2021\\\/06\\\/WhatsApp-Image-2021-06-02-at-00.25.11.jpeg\",\"keywords\":[\"Carlos Eduardo Barrera D\u00edaz\",\"UAEMex\"],\"articleSection\":[\"Educaci\u00f3n\",\"Finanzas\"],\"inLanguage\":\"es\",\"potentialAction\":[{\"@type\":\"CommentAction\",\"name\":\"Comment\",\"target\":[\"https:\\\/\\\/expressometro.mx\\\/index.php\\\/2021\\\/06\\\/02\\\/uaem-garantizara-el-derecho-al-acceso-a-la-informacion-publica\\\/#respond\"]}]},{\"@type\":\"WebPage\",\"@id\":\"https:\\\/\\\/expressometro.mx\\\/index.php\\\/2021\\\/06\\\/02\\\/uaem-garantizara-el-derecho-al-acceso-a-la-informacion-publica\\\/\",\"url\":\"https:\\\/\\\/expressometro.mx\\\/index.php\\\/2021\\\/06\\\/02\\\/uaem-garantizara-el-derecho-al-acceso-a-la-informacion-publica\\\/\",\"name\":\"UAEM garantizar\u00e1 el derecho al acceso a la informaci\u00f3n p\u00fablica - Expresso Metropolitano\",\"isPartOf\":{\"@id\":\"https:\\\/\\\/expressometro.mx\\\/#website\"},\"primaryImageOfPage\":{\"@id\":\"https:\\\/\\\/expressometro.mx\\\/index.php\\\/2021\\\/06\\\/02\\\/uaem-garantizara-el-derecho-al-acceso-a-la-informacion-publica\\\/#primaryimage\"},\"image\":{\"@id\":\"https:\\\/\\\/expressometro.mx\\\/index.php\\\/2021\\\/06\\\/02\\\/uaem-garantizara-el-derecho-al-acceso-a-la-informacion-publica\\\/#primaryimage\"},\"thumbnailUrl\":\"https:\\\/\\\/expressometro.mx\\\/wp-content\\\/uploads\\\/2021\\\/06\\\/WhatsApp-Image-2021-06-02-at-00.25.11.jpeg\",\"datePublished\":\"2021-06-02T22:41:05+00:00\",\"dateModified\":\"2021-06-02T22:41:06+00:00\",\"breadcrumb\":{\"@id\":\"https:\\\/\\\/expressometro.mx\\\/index.php\\\/2021\\\/06\\\/02\\\/uaem-garantizara-el-derecho-al-acceso-a-la-informacion-publica\\\/#breadcrumb\"},\"inLanguage\":\"es\",\"potentialAction\":[{\"@type\":\"ReadAction\",\"target\":[\"https:\\\/\\\/expressometro.mx\\\/index.php\\\/2021\\\/06\\\/02\\\/uaem-garantizara-el-derecho-al-acceso-a-la-informacion-publica\\\/\"]}]},{\"@type\":\"ImageObject\",\"inLanguage\":\"es\",\"@id\":\"https:\\\/\\\/expressometro.mx\\\/index.php\\\/2021\\\/06\\\/02\\\/uaem-garantizara-el-derecho-al-acceso-a-la-informacion-publica\\\/#primaryimage\",\"url\":\"https:\\\/\\\/expressometro.mx\\\/wp-content\\\/uploads\\\/2021\\\/06\\\/WhatsApp-Image-2021-06-02-at-00.25.11.jpeg\",\"contentUrl\":\"https:\\\/\\\/expressometro.mx\\\/wp-content\\\/uploads\\\/2021\\\/06\\\/WhatsApp-Image-2021-06-02-at-00.25.11.jpeg\",\"width\":958,\"height\":1440},{\"@type\":\"BreadcrumbList\",\"@id\":\"https:\\\/\\\/expressometro.mx\\\/index.php\\\/2021\\\/06\\\/02\\\/uaem-garantizara-el-derecho-al-acceso-a-la-informacion-publica\\\/#breadcrumb\",\"itemListElement\":[{\"@type\":\"ListItem\",\"position\":1,\"name\":\"Inicio\",\"item\":\"https:\\\/\\\/expressometro.mx\\\/\"},{\"@type\":\"ListItem\",\"position\":2,\"name\":\"UAEM garantizar\u00e1 el derecho al acceso a la informaci\u00f3n p\u00fablica\"}]},{\"@type\":\"WebSite\",\"@id\":\"https:\\\/\\\/expressometro.mx\\\/#website\",\"url\":\"https:\\\/\\\/expressometro.mx\\\/\",\"name\":\"Expresso Metropolitano\",\"description\":\"Periodismo comprometido, informaci\u00f3n, investigaci\u00f3n y an\u00e1lisis\",\"publisher\":{\"@id\":\"https:\\\/\\\/expressometro.mx\\\/#organization\"},\"potentialAction\":[{\"@type\":\"SearchAction\",\"target\":{\"@type\":\"EntryPoint\",\"urlTemplate\":\"https:\\\/\\\/expressometro.mx\\\/?s={search_term_string}\"},\"query-input\":{\"@type\":\"PropertyValueSpecification\",\"valueRequired\":true,\"valueName\":\"search_term_string\"}}],\"inLanguage\":\"es\"},{\"@type\":\"Organization\",\"@id\":\"https:\\\/\\\/expressometro.mx\\\/#organization\",\"name\":\"Expresso Metropolitano\",\"url\":\"https:\\\/\\\/expressometro.mx\\\/\",\"logo\":{\"@type\":\"ImageObject\",\"inLanguage\":\"es\",\"@id\":\"https:\\\/\\\/expressometro.mx\\\/#\\\/schema\\\/logo\\\/image\\\/\",\"url\":\"https:\\\/\\\/expressometro.mx\\\/wp-content\\\/uploads\\\/2019\\\/07\\\/cropped-Logo-Expresso-Metropolitano-1-1.jpeg\",\"contentUrl\":\"https:\\\/\\\/expressometro.mx\\\/wp-content\\\/uploads\\\/2019\\\/07\\\/cropped-Logo-Expresso-Metropolitano-1-1.jpeg\",\"width\":290,\"height\":73,\"caption\":\"Expresso Metropolitano\"},\"image\":{\"@id\":\"https:\\\/\\\/expressometro.mx\\\/#\\\/schema\\\/logo\\\/image\\\/\"}},{\"@type\":\"Person\",\"@id\":\"https:\\\/\\\/expressometro.mx\\\/#\\\/schema\\\/person\\\/67a95b8e3862085c7598f66237488f1f\",\"name\":\"Cecilia Vega\",\"image\":{\"@type\":\"ImageObject\",\"inLanguage\":\"es\",\"@id\":\"https:\\\/\\\/secure.gravatar.com\\\/avatar\\\/13aae9944ab2ee472a9e407c9487fdbd03b049abaa559af32fe5dbcf615c981b?s=96&d=mm&r=g\",\"url\":\"https:\\\/\\\/secure.gravatar.com\\\/avatar\\\/13aae9944ab2ee472a9e407c9487fdbd03b049abaa559af32fe5dbcf615c981b?s=96&d=mm&r=g\",\"contentUrl\":\"https:\\\/\\\/secure.gravatar.com\\\/avatar\\\/13aae9944ab2ee472a9e407c9487fdbd03b049abaa559af32fe5dbcf615c981b?s=96&d=mm&r=g\",\"caption\":\"Cecilia Vega\"},\"url\":\"https:\\\/\\\/expressometro.mx\\\/index.php\\\/author\\\/cecilia-vega\\\/\"}]}<\/script>\n<!-- \/ Yoast SEO plugin. -->","yoast_head_json":{"title":"UAEM garantizar\u00e1 el derecho al acceso a la informaci\u00f3n p\u00fablica - Expresso Metropolitano","robots":{"index":"index","follow":"follow","max-snippet":"max-snippet:-1","max-image-preview":"max-image-preview:large","max-video-preview":"max-video-preview:-1"},"canonical":"https:\/\/expressometro.mx\/index.php\/2021\/06\/02\/uaem-garantizara-el-derecho-al-acceso-a-la-informacion-publica\/","og_locale":"es_MX","og_type":"article","og_title":"UAEM garantizar\u00e1 el derecho al acceso a la informaci\u00f3n p\u00fablica - Expresso Metropolitano","og_description":"\u201cMi administraci\u00f3n siempre estar\u00e1 a favor de la inclusi\u00f3n, de la transparencia y de la probidad de las gestiones universitarias, toda vez que es en la universidad donde los m\u00e1s altos valores del ser humano se generan, se transmiten y se difunden\u201d, concluy\u00f3.","og_url":"https:\/\/expressometro.mx\/index.php\/2021\/06\/02\/uaem-garantizara-el-derecho-al-acceso-a-la-informacion-publica\/","og_site_name":"Expresso Metropolitano","article_published_time":"2021-06-02T22:41:05+00:00","article_modified_time":"2021-06-02T22:41:06+00:00","og_image":[{"width":958,"height":1440,"url":"https:\/\/expressometro.mx\/wp-content\/uploads\/2021\/06\/WhatsApp-Image-2021-06-02-at-00.25.11.jpeg","type":"image\/jpeg"}],"author":"Cecilia Vega","twitter_misc":{"Escrito por":"Cecilia Vega","Tiempo de lectura":"2 minutos"},"schema":{"@context":"https:\/\/schema.org","@graph":[{"@type":"Article","@id":"https:\/\/expressometro.mx\/index.php\/2021\/06\/02\/uaem-garantizara-el-derecho-al-acceso-a-la-informacion-publica\/#article","isPartOf":{"@id":"https:\/\/expressometro.mx\/index.php\/2021\/06\/02\/uaem-garantizara-el-derecho-al-acceso-a-la-informacion-publica\/"},"author":{"name":"Cecilia Vega","@id":"https:\/\/expressometro.mx\/#\/schema\/person\/67a95b8e3862085c7598f66237488f1f"},"headline":"UAEM garantizar\u00e1 el derecho al acceso a la informaci\u00f3n p\u00fablica","datePublished":"2021-06-02T22:41:05+00:00","dateModified":"2021-06-02T22:41:06+00:00","mainEntityOfPage":{"@id":"https:\/\/expressometro.mx\/index.php\/2021\/06\/02\/uaem-garantizara-el-derecho-al-acceso-a-la-informacion-publica\/"},"wordCount":376,"commentCount":0,"publisher":{"@id":"https:\/\/expressometro.mx\/#organization"},"image":{"@id":"https:\/\/expressometro.mx\/index.php\/2021\/06\/02\/uaem-garantizara-el-derecho-al-acceso-a-la-informacion-publica\/#primaryimage"},"thumbnailUrl":"https:\/\/expressometro.mx\/wp-content\/uploads\/2021\/06\/WhatsApp-Image-2021-06-02-at-00.25.11.jpeg","keywords":["Carlos Eduardo Barrera D\u00edaz","UAEMex"],"articleSection":["Educaci\u00f3n","Finanzas"],"inLanguage":"es","potentialAction":[{"@type":"CommentAction","name":"Comment","target":["https:\/\/expressometro.mx\/index.php\/2021\/06\/02\/uaem-garantizara-el-derecho-al-acceso-a-la-informacion-publica\/#respond"]}]},{"@type":"WebPage","@id":"https:\/\/expressometro.mx\/index.php\/2021\/06\/02\/uaem-garantizara-el-derecho-al-acceso-a-la-informacion-publica\/","url":"https:\/\/expressometro.mx\/index.php\/2021\/06\/02\/uaem-garantizara-el-derecho-al-acceso-a-la-informacion-publica\/","name":"UAEM garantizar\u00e1 el derecho al acceso a la informaci\u00f3n p\u00fablica - Expresso Metropolitano","isPartOf":{"@id":"https:\/\/expressometro.mx\/#website"},"primaryImageOfPage":{"@id":"https:\/\/expressometro.mx\/index.php\/2021\/06\/02\/uaem-garantizara-el-derecho-al-acceso-a-la-informacion-publica\/#primaryimage"},"image":{"@id":"https:\/\/expressometro.mx\/index.php\/2021\/06\/02\/uaem-garantizara-el-derecho-al-acceso-a-la-informacion-publica\/#primaryimage"},"thumbnailUrl":"https:\/\/expressometro.mx\/wp-content\/uploads\/2021\/06\/WhatsApp-Image-2021-06-02-at-00.25.11.jpeg","datePublished":"2021-06-02T22:41:05+00:00","dateModified":"2021-06-02T22:41:06+00:00","breadcrumb":{"@id":"https:\/\/expressometro.mx\/index.php\/2021\/06\/02\/uaem-garantizara-el-derecho-al-acceso-a-la-informacion-publica\/#breadcrumb"},"inLanguage":"es","potentialAction":[{"@type":"ReadAction","target":["https:\/\/expressometro.mx\/index.php\/2021\/06\/02\/uaem-garantizara-el-derecho-al-acceso-a-la-informacion-publica\/"]}]},{"@type":"ImageObject","inLanguage":"es","@id":"https:\/\/expressometro.mx\/index.php\/2021\/06\/02\/uaem-garantizara-el-derecho-al-acceso-a-la-informacion-publica\/#primaryimage","url":"https:\/\/expressometro.mx\/wp-content\/uploads\/2021\/06\/WhatsApp-Image-2021-06-02-at-00.25.11.jpeg","contentUrl":"https:\/\/expressometro.mx\/wp-content\/uploads\/2021\/06\/WhatsApp-Image-2021-06-02-at-00.25.11.jpeg","width":958,"height":1440},{"@type":"BreadcrumbList","@id":"https:\/\/expressometro.mx\/index.php\/2021\/06\/02\/uaem-garantizara-el-derecho-al-acceso-a-la-informacion-publica\/#breadcrumb","itemListElement":[{"@type":"ListItem","position":1,"name":"Inicio","item":"https:\/\/expressometro.mx\/"},{"@type":"ListItem","position":2,"name":"UAEM garantizar\u00e1 el derecho al acceso a la informaci\u00f3n p\u00fablica"}]},{"@type":"WebSite","@id":"https:\/\/expressometro.mx\/#website","url":"https:\/\/expressometro.mx\/","name":"Expresso Metropolitano","description":"Periodismo comprometido, informaci\u00f3n, investigaci\u00f3n y an\u00e1lisis","publisher":{"@id":"https:\/\/expressometro.mx\/#organization"},"potentialAction":[{"@type":"SearchAction","target":{"@type":"EntryPoint","urlTemplate":"https:\/\/expressometro.mx\/?s={search_term_string}"},"query-input":{"@type":"PropertyValueSpecification","valueRequired":true,"valueName":"search_term_string"}}],"inLanguage":"es"},{"@type":"Organization","@id":"https:\/\/expressometro.mx\/#organization","name":"Expresso Metropolitano","url":"https:\/\/expressometro.mx\/","logo":{"@type":"ImageObject","inLanguage":"es","@id":"https:\/\/expressometro.mx\/#\/schema\/logo\/image\/","url":"https:\/\/expressometro.mx\/wp-content\/uploads\/2019\/07\/cropped-Logo-Expresso-Metropolitano-1-1.jpeg","contentUrl":"https:\/\/expressometro.mx\/wp-content\/uploads\/2019\/07\/cropped-Logo-Expresso-Metropolitano-1-1.jpeg","width":290,"height":73,"caption":"Expresso Metropolitano"},"image":{"@id":"https:\/\/expressometro.mx\/#\/schema\/logo\/image\/"}},{"@type":"Person","@id":"https:\/\/expressometro.mx\/#\/schema\/person\/67a95b8e3862085c7598f66237488f1f","name":"Cecilia Vega","image":{"@type":"ImageObject","inLanguage":"es","@id":"https:\/\/secure.gravatar.com\/avatar\/13aae9944ab2ee472a9e407c9487fdbd03b049abaa559af32fe5dbcf615c981b?s=96&d=mm&r=g","url":"https:\/\/secure.gravatar.com\/avatar\/13aae9944ab2ee472a9e407c9487fdbd03b049abaa559af32fe5dbcf615c981b?s=96&d=mm&r=g","contentUrl":"https:\/\/secure.gravatar.com\/avatar\/13aae9944ab2ee472a9e407c9487fdbd03b049abaa559af32fe5dbcf615c981b?s=96&d=mm&r=g","caption":"Cecilia Vega"},"url":"https:\/\/expressometro.mx\/index.php\/author\/cecilia-vega\/"}]}},"amp_enabled":true,"_links":{"self":[{"href":"https:\/\/expressometro.mx\/index.php\/wp-json\/wp\/v2\/posts\/3110","targetHints":{"allow":["GET"]}}],"collection":[{"href":"https:\/\/expressometro.mx\/index.php\/wp-json\/wp\/v2\/posts"}],"about":[{"href":"https:\/\/expressometro.mx\/index.php\/wp-json\/wp\/v2\/types\/post"}],"author":[{"embeddable":true,"href":"https:\/\/expressometro.mx\/index.php\/wp-json\/wp\/v2\/users\/2"}],"replies":[{"embeddable":true,"href":"https:\/\/expressometro.mx\/index.php\/wp-json\/wp\/v2\/comments?post=3110"}],"version-history":[{"count":1,"href":"https:\/\/expressometro.mx\/index.php\/wp-json\/wp\/v2\/posts\/3110\/revisions"}],"predecessor-version":[{"id":3113,"href":"https:\/\/expressometro.mx\/index.php\/wp-json\/wp\/v2\/posts\/3110\/revisions\/3113"}],"wp:featuredmedia":[{"embeddable":true,"href":"https:\/\/expressometro.mx\/index.php\/wp-json\/wp\/v2\/media\/3112"}],"wp:attachment":[{"href":"https:\/\/expressometro.mx\/index.php\/wp-json\/wp\/v2\/media?parent=3110"}],"wp:term":[{"taxonomy":"category","embeddable":true,"href":"https:\/\/expressometro.mx\/index.php\/wp-json\/wp\/v2\/categories?post=3110"},{"taxonomy":"post_tag","embeddable":true,"href":"https:\/\/expressometro.mx\/index.php\/wp-json\/wp\/v2\/tags?post=3110"}],"curies":[{"name":"wp","href":"https:\/\/api.w.org\/{rel}","templated":true}]}}