{"id":3056,"date":"2021-06-01T09:33:39","date_gmt":"2021-06-01T14:33:39","guid":{"rendered":"http:\/\/expressometro.mx\/?p=3056"},"modified":"2021-06-01T09:33:40","modified_gmt":"2021-06-01T14:33:40","slug":"hombres-y-mujeres-de-temoaya-ya-eligieron-que-el-poder-regrese-al-pueblo","status":"publish","type":"post","link":"https:\/\/expressometro.mx\/index.php\/2021\/06\/01\/hombres-y-mujeres-de-temoaya-ya-eligieron-que-el-poder-regrese-al-pueblo\/","title":{"rendered":"HOMBRES Y MUJERES DE TEMOAYA YA ELIGIERON QUE EL PODER REGRESE AL PUEBLO"},"content":{"rendered":"\n<p>Gaby Ortega es candidata a s\u00edndico municipal en la planilla de Movimiento Ciudadano en Temoaya y como siempre ocurre en su vida pol\u00edtica meti\u00f3 el hombro con todo para arrasar el pr\u00f3ximo 6 de junio.<\/p>\n\n\n\n<p>A su paso por las comunidades de esta tierra de coraz\u00f3n Otomi le reconocen su natural y leg\u00edtimo acercamiento con las mujeres y hombres que tienen la esperanza de un cambio en sus vidas.<\/p>\n\n\n\n<p>\u201cNuestra tierra temoayense \ud835\udc32\ud835\udc1a \ud835\udc1e\ud835\udc25\ud835\udc22\ud835\udc20\ud835\udc22\u00f3 y fue por \ud835\udc2e\ud835\udc27 \ud835\udc1f\ud835\udc2e\ud835\udc2d\ud835\udc2e\ud835\udc2b\ud835\udc28 \ud835\udc29\ud835\udc2b\u00f3\ud835\udc2c\ud835\udc29\ud835\udc1e\ud835\udc2b\ud835\udc28 \ud835\udc32 \ud835\udc1d\ud835\udc1e \ud835\udc1c\ud835\udc1a\ud835\udc25\ud835\udc22\ud835\udc1d\ud835\udc1a\ud835\udc1d, \ud835\udc1d\ud835\udc28\ud835\udc27\ud835\udc1de \ud835\udc2a\ud835\udc2e\ud835\udc22\ud835\udc1e\ud835\udc27 g\ud835\udc28\ud835\udc1b\ud835\udc22\ud835\udc1e\ud835\udc2b\ud835\udc27\ud835\udc1e \ud835\udc2c\ud835\udc1e\ud835\udc1a \ud835\udc25\ud835\udc1a voluntad del pueblo\u201d, manifest\u00f3 quien ha dejado en claro que todo debe ser por amor a Temoaya.<\/p>\n\n\n\n<p>\ud835\udc04\ud835\udc25 poder \ud835\udc2d\ud835\udc22\ud835\udc1e\ud835\udc27\ud835\udc1e \ud835\udc2a\ud835\udc2e\ud835\udc1e \ud835\udc1e\ud835\udc2c\ud835\udc2d\ud835\udc1a\ud835\udc2b \ud835\udc1e\ud835\udc27 \ud835\udc26\ud835\udc1a\ud835\udc27\ud835\udc28\ud835\udc2c \ud835\udc1d\ud835\udc1e\ud835\udc25 p\ud835\udc2e\ud835\udc1e\ud835\udc1b\ud835\udc25\ud835\udc28 y \ud835\udc25\ud835\udc25\ud835\udc1e\ud835\udc20\u00f3 \ud835\udc1e\ud835\udc25 \ud835\udc26\ud835\udc28\ud835\udc26\ud835\udc1e\ud835\udc27\ud835\udc2d\ud835\udc28 \ud835\udc1d\ud835\udc1e \ud835\udc2b\ud835\udc1e\ud835\udc1c\ud835\udc2e\ud835\udc29\ud835\udc1e\ud835\udc2b\ud835\udc1a\ud835\udc2b\ud835\udc25\ud835\udc28.<\/p>\n\n\n\n<p>\ud835\udc04\ud835\udc2c\ud835\udc2d\ud835\udc1e \ud835\udfd4 \ud835\udc1d\ud835\udc1e \ud835\udc23\ud835\udc2e\ud835\udc27\ud835\udc22\ud835\udc28 con \ud835\udc0c\ud835\udc0e\ud835\udc15\ud835\udc08\ud835\udc0c\ud835\udc08\ud835\udc04\ud835\udc0d\ud835\udc13\ud835\udc0e \ud835\udc02\ud835\udc08\ud835\udc14\ud835\udc03\ud835\udc00\ud835\udc03\ud835\udc00\ud835\udc0d\ud835\udc0e, puntualiz\u00f3.<\/p>\n\n\n\n<p>Emocionada como es por las muestras de cari\u00f1o, estableci\u00f3 que debemos asegurar que \ud835\ude63\ud835\ude6a\ud835\ude5a\ud835\ude68\ud835\ude69\ud835\ude67\ud835\ude64\ud835\ude68 \ud835\ude5d\ud835\ude5e\ud835\ude5f\ud835\ude64\ud835\ude68 \ud835\ude61\ud835\ude5a\ud835\ude68 \ud835\ude59\ud835\ude5e\ud835\ude5c\ud835\ude56\ud835\ude63 \ud835\ude56 \ud835\ude68\ud835\ude6a\ud835\ude68 \ud835\ude5d\ud835\ude5e\ud835\ude5f\ud835\ude64\ud835\ude68 \ud835\ude66\ud835\ude6a\ud835\ude5a \ud835\ude5b\ud835\ude6a\ud835\ude5e\ud835\ude62\ud835\ude64\ud835\ude68 hombres y mujeres \ud835\ude59\ud835\ude5a \ud835\ude6b\ud835\ude56\ud835\ude61\ud835\ude64\ud835\ude67\ud835\ude5a\ud835\ude68, \ud835\ude66\ud835\ude6a\ud835\ude5a \ud835\ude63\ud835\ude6a\ud835\ude5a\ud835\ude68\ud835\ude69\ud835\ude67\ud835\ude56 dignidad \ud835\ude63\ud835\ude64 \ud835\ude68\ud835\ude5a \ud835\ude6b\ud835\ude5a\ud835\ude63\ud835\ude59\ud835\ude5a \ud835\ude6e \ud835\ude68\ud835\ude64\ud835\ude57\ud835\ude67\ud835\ude5a \ud835\ude69\ud835\ude64\ud835\ude59\ud835\ude64 \ud835\ude66\ud835\ude6a\ud835\ude5a \ud835\ude61\ud835\ude56 patria \ud835\ude68\ud835\ude5a defiende.<\/p>\n\n\n\n<p>Al cerrar fuerte m\u00e1s de 30 d\u00edas de campa\u00f1a, agradeci\u00f3 \ud835\udc1c\ud835\udc28\ud835\udc27 \ud835\udc1e\ud835\udc25 \ud835\udc1c\ud835\udc28\ud835\udc2b\ud835\udc1a\ud835\udc33\u00f3\ud835\udc27 \ud835\udc1a \ud835\udc2a\ud835\udc2e\ud835\udc22\ud835\udc1e\ud835\udc27\ud835\udc1e\ud835\udc2c \ud835\udc1d\ud835\udc2e\ud835\udc2b\ud835\udc1a\ud835\udc27\ud835\udc2d\ud835\udc1e \ud835\udc1e\ud835\udc2c\ud835\udc2d\ud835\udc28\ud835\udc2c \ud835\udc26\ud835\udc1e\ud835\udc2c\ud835\udc1e\ud835\udc2c \ud835\udc21\ud835\udc1a\ud835\udc27 \ud835\udc1d\ud835\udc1e\ud835\udc23\ud835\udc1a\ud835\udc1d\ud835\udc28 \ud835\udc2c\ud835\udc2e \ud835\udc1a\ud835\udc25\ud835\udc26\ud835\udc1a \ud835\udc29\ud835\udc1a\ud835\udc2b\ud835\udc1a \ud835\udc2b\ud835\udc1e\ud835\udc1c\ud835\udc28\ud835\udc2b\ud835\udc2b\ud835\udc1e\ud835\udc2b \ud835\udc1e\ud835\udc2c\ud835\udc2d\ud835\udc1e \ud835\udc1c\ud835\udc1a\ud835\udc26\ud835\udc22\ud835\udc27\ud835\udc28 rumbo a la victoria.<\/p>\n\n\n\n<p>En ese sentido, sostuvo que su \ud835\udc25\ud835\udc2e\ud835\udc1c\ud835\udc21\ud835\udc1a \ud835\udc1e\ud835\udc2c \ud835\udc22\ud835\udc27\ud835\udc2f\ud835\udc1e\ud835\udc27\ud835\udc1c\ud835\udc22\ud835\udc1b\ud835\udc25\ud835\udc1e \ud835\udc29\ud835\udc28\ud835\udc2b\ud835\udc2a\ud835\udc2e\ud835\udc1e \ud835\udc2d\ud835\udc22\ud835\udc1e\ud835\udc27\ud835\udc1e \ud835\udc2e\ud835\udc27 \ud835\udc28\ud835\udc1b\ud835\udc23\ud835\udc1e\ud835\udc2d\ud835\udc22\ud835\udc2f\ud835\udc28 \ud835\udc1c\ud835\udc25\ud835\udc1a\ud835\udc2b\ud835\udc28: \u201c\ud835\udc15\ud835\udc1a\ud835\udc26\ud835\udc28\ud835\udc2c \ud835\udc1a r\ud835\udc1e\ud835\udc20\ud835\udc2b\ud835\udc1e\ud835\udc2c\ud835\udc1a\ud835\udc2b\ud835\udc25\ud835\udc1e \ud835\udc1e\ud835\udc25 p\ud835\udc28\ud835\udc1d\ud835\udc1e\ud835\udc2b \ud835\udc1a\ud835\udc25 pu\ud835\udc1e\ud835\udc1b\ud835\udc25\ud835\udc28 \ud835\udc32 \ud835\udc29\ud835\udc28\ud835\udc2b amor \ud835\udc1a \ud835\udc13emoaya \ud835\udc2f\ud835\udc1a\ud835\udc26\ud835\udc28\ud835\udc2c \ud835\udc1a \ud835\udc25\ud835\udc28\ud835\udc20\ud835\udc2b\ud835\udc1a\ud835\udc2b\ud835\udc25\ud835\udc28 \ud835\udc1e\ud835\udc2c\ud835\udc2d\ud835\udc1e \ud835\udc29\ud835\udc2b\u00f3\ud835\udc31\ud835\udc22\ud835\udc26\ud835\udc28 \ud835\udfd4 \ud835\udc1d\ud835\udc1e \ud835\udc23\ud835\udc2e\ud835\udc27\ud835\udc22\ud835\udc28\u201d.<\/p>\n\n\n\n<figure class=\"wp-block-gallery columns-3 is-cropped wp-block-gallery-1 is-layout-flex wp-block-gallery-is-layout-flex\"><ul class=\"blocks-gallery-grid\"><li class=\"blocks-gallery-item\"><figure><img decoding=\"async\" width=\"720\" height=\"480\" src=\"http:\/\/expressometro.mx\/wp-content\/uploads\/2021\/06\/WhatsApp-Image-2021-06-01-at-07.34.16-720x480.jpeg\" alt=\"\" data-id=\"3058\" data-link=\"http:\/\/expressometro.mx\/?attachment_id=3058\" class=\"wp-image-3058\" srcset=\"https:\/\/expressometro.mx\/wp-content\/uploads\/2021\/06\/WhatsApp-Image-2021-06-01-at-07.34.16-720x480.jpeg 720w, https:\/\/expressometro.mx\/wp-content\/uploads\/2021\/06\/WhatsApp-Image-2021-06-01-at-07.34.16-548x365.jpeg 548w, https:\/\/expressometro.mx\/wp-content\/uploads\/2021\/06\/WhatsApp-Image-2021-06-01-at-07.34.16-768x512.jpeg 768w, https:\/\/expressometro.mx\/wp-content\/uploads\/2021\/06\/WhatsApp-Image-2021-06-01-at-07.34.16.jpeg 960w\" sizes=\"(max-width: 720px) 100vw, 720px\" \/><\/figure><\/li><li class=\"blocks-gallery-item\"><figure><img decoding=\"async\" width=\"720\" height=\"480\" src=\"http:\/\/expressometro.mx\/wp-content\/uploads\/2021\/06\/WhatsApp-Image-2021-06-01-at-07.34.16-1-720x480.jpeg\" alt=\"\" data-id=\"3059\" data-link=\"http:\/\/expressometro.mx\/?attachment_id=3059\" class=\"wp-image-3059\" srcset=\"https:\/\/expressometro.mx\/wp-content\/uploads\/2021\/06\/WhatsApp-Image-2021-06-01-at-07.34.16-1-720x480.jpeg 720w, https:\/\/expressometro.mx\/wp-content\/uploads\/2021\/06\/WhatsApp-Image-2021-06-01-at-07.34.16-1-548x365.jpeg 548w, https:\/\/expressometro.mx\/wp-content\/uploads\/2021\/06\/WhatsApp-Image-2021-06-01-at-07.34.16-1-768x512.jpeg 768w, https:\/\/expressometro.mx\/wp-content\/uploads\/2021\/06\/WhatsApp-Image-2021-06-01-at-07.34.16-1.jpeg 960w\" sizes=\"(max-width: 720px) 100vw, 720px\" \/><\/figure><\/li><li class=\"blocks-gallery-item\"><figure><img decoding=\"async\" width=\"480\" height=\"480\" src=\"http:\/\/expressometro.mx\/wp-content\/uploads\/2021\/06\/WhatsApp-Image-2021-06-01-at-07.34.16-2-480x480.jpeg\" alt=\"\" data-id=\"3061\" data-link=\"http:\/\/expressometro.mx\/?attachment_id=3061\" class=\"wp-image-3061\" srcset=\"https:\/\/expressometro.mx\/wp-content\/uploads\/2021\/06\/WhatsApp-Image-2021-06-01-at-07.34.16-2-480x480.jpeg 480w, https:\/\/expressometro.mx\/wp-content\/uploads\/2021\/06\/WhatsApp-Image-2021-06-01-at-07.34.16-2-365x365.jpeg 365w, https:\/\/expressometro.mx\/wp-content\/uploads\/2021\/06\/WhatsApp-Image-2021-06-01-at-07.34.16-2-768x768.jpeg 768w, https:\/\/expressometro.mx\/wp-content\/uploads\/2021\/06\/WhatsApp-Image-2021-06-01-at-07.34.16-2.jpeg 960w\" sizes=\"(max-width: 480px) 100vw, 480px\" \/><\/figure><\/li><li class=\"blocks-gallery-item\"><figure><img decoding=\"async\" width=\"720\" height=\"480\" src=\"http:\/\/expressometro.mx\/wp-content\/uploads\/2021\/06\/WhatsApp-Image-2021-06-01-at-07.34.16-3-720x480.jpeg\" alt=\"\" data-id=\"3062\" data-full-url=\"http:\/\/expressometro.mx\/wp-content\/uploads\/2021\/06\/WhatsApp-Image-2021-06-01-at-07.34.16-3.jpeg\" data-link=\"http:\/\/expressometro.mx\/?attachment_id=3062\" class=\"wp-image-3062\" srcset=\"https:\/\/expressometro.mx\/wp-content\/uploads\/2021\/06\/WhatsApp-Image-2021-06-01-at-07.34.16-3-720x480.jpeg 720w, https:\/\/expressometro.mx\/wp-content\/uploads\/2021\/06\/WhatsApp-Image-2021-06-01-at-07.34.16-3-548x365.jpeg 548w, https:\/\/expressometro.mx\/wp-content\/uploads\/2021\/06\/WhatsApp-Image-2021-06-01-at-07.34.16-3-768x512.jpeg 768w, https:\/\/expressometro.mx\/wp-content\/uploads\/2021\/06\/WhatsApp-Image-2021-06-01-at-07.34.16-3.jpeg 960w\" sizes=\"(max-width: 720px) 100vw, 720px\" \/><\/figure><\/li><\/ul><\/figure>\n","protected":false},"excerpt":{"rendered":"<p>Al cerrar fuerte m\u00e1s de 30 d\u00edas de campa\u00f1a, agradeci\u00f3 \ud835\udc1c\ud835\udc28\ud835\udc27 \ud835\udc1e\ud835\udc25 \ud835\udc1c\ud835\udc28\ud835\udc2b\ud835\udc1a\ud835\udc33\u00f3\ud835\udc27 \ud835\udc1a \ud835\udc2a\ud835\udc2e\ud835\udc22\ud835\udc1e\ud835\udc27\ud835\udc1e\ud835\udc2c \ud835\udc1d\ud835\udc2e\ud835\udc2b\ud835\udc1a\ud835\udc27\ud835\udc2d\ud835\udc1e \ud835\udc1e\ud835\udc2c\ud835\udc2d\ud835\udc28\ud835\udc2c \ud835\udc26\ud835\udc1e\ud835\udc2c\ud835\udc1e\ud835\udc2c \ud835\udc21\ud835\udc1a\ud835\udc27 \ud835\udc1d\ud835\udc1e\ud835\udc23\ud835\udc1a\ud835\udc1d\ud835\udc28 \ud835\udc2c\ud835\udc2e \ud835\udc1a\ud835\udc25\ud835\udc26\ud835\udc1a \ud835\udc29\ud835\udc1a\ud835\udc2b\ud835\udc1a \ud835\udc2b\ud835\udc1e\ud835\udc1c\ud835\udc28\ud835\udc2b\ud835\udc2b\ud835\udc1e\ud835\udc2b \ud835\udc1e\ud835\udc2c\ud835\udc2d\ud835\udc1e \ud835\udc1c\ud835\udc1a\ud835\udc26\ud835\udc22\ud835\udc27\ud835\udc28 rumbo a la victoria.<\/p>\n","protected":false},"author":2,"featured_media":3060,"comment_status":"open","ping_status":"open","sticky":false,"template":"","format":"standard","meta":{"footnotes":""},"categories":[231],"tags":[613,234,269],"class_list":["post-3056","post","type-post","status-publish","format-standard","has-post-thumbnail","hentry","category-politica","tag-gaby-ortega","tag-movimiento-ciudadano","tag-temoaya"],"yoast_head":"<!-- This site is optimized with the Yoast SEO plugin v27.5 - https:\/\/yoast.com\/product\/yoast-seo-wordpress\/ -->\n<title>HOMBRES Y MUJERES DE TEMOAYA YA ELIGIERON QUE EL PODER REGRESE AL PUEBLO - Expresso Metropolitano<\/title>\n<meta name=\"robots\" content=\"index, follow, max-snippet:-1, max-image-preview:large, max-video-preview:-1\" \/>\n<link rel=\"canonical\" href=\"https:\/\/expressometro.mx\/index.php\/2021\/06\/01\/hombres-y-mujeres-de-temoaya-ya-eligieron-que-el-poder-regrese-al-pueblo\/\" \/>\n<meta property=\"og:locale\" content=\"es_MX\" \/>\n<meta property=\"og:type\" content=\"article\" \/>\n<meta property=\"og:title\" content=\"HOMBRES Y MUJERES DE TEMOAYA YA ELIGIERON QUE EL PODER REGRESE AL PUEBLO - Expresso Metropolitano\" \/>\n<meta property=\"og:description\" content=\"Al cerrar fuerte m\u00e1s de 30 d\u00edas de campa\u00f1a, agradeci\u00f3 \ud835\udc1c\ud835\udc28\ud835\udc27 \ud835\udc1e\ud835\udc25 \ud835\udc1c\ud835\udc28\ud835\udc2b\ud835\udc1a\ud835\udc33\u00f3\ud835\udc27 \ud835\udc1a \ud835\udc2a\ud835\udc2e\ud835\udc22\ud835\udc1e\ud835\udc27\ud835\udc1e\ud835\udc2c \ud835\udc1d\ud835\udc2e\ud835\udc2b\ud835\udc1a\ud835\udc27\ud835\udc2d\ud835\udc1e \ud835\udc1e\ud835\udc2c\ud835\udc2d\ud835\udc28\ud835\udc2c \ud835\udc26\ud835\udc1e\ud835\udc2c\ud835\udc1e\ud835\udc2c \ud835\udc21\ud835\udc1a\ud835\udc27 \ud835\udc1d\ud835\udc1e\ud835\udc23\ud835\udc1a\ud835\udc1d\ud835\udc28 \ud835\udc2c\ud835\udc2e \ud835\udc1a\ud835\udc25\ud835\udc26\ud835\udc1a \ud835\udc29\ud835\udc1a\ud835\udc2b\ud835\udc1a \ud835\udc2b\ud835\udc1e\ud835\udc1c\ud835\udc28\ud835\udc2b\ud835\udc2b\ud835\udc1e\ud835\udc2b \ud835\udc1e\ud835\udc2c\ud835\udc2d\ud835\udc1e \ud835\udc1c\ud835\udc1a\ud835\udc26\ud835\udc22\ud835\udc27\ud835\udc28 rumbo a la victoria.\" \/>\n<meta property=\"og:url\" content=\"https:\/\/expressometro.mx\/index.php\/2021\/06\/01\/hombres-y-mujeres-de-temoaya-ya-eligieron-que-el-poder-regrese-al-pueblo\/\" \/>\n<meta property=\"og:site_name\" content=\"Expresso Metropolitano\" \/>\n<meta property=\"article:published_time\" content=\"2021-06-01T14:33:39+00:00\" \/>\n<meta property=\"article:modified_time\" content=\"2021-06-01T14:33:40+00:00\" \/>\n<meta property=\"og:image\" content=\"https:\/\/expressometro.mx\/wp-content\/uploads\/2021\/06\/WhatsApp-Image-2021-06-01-at-07.34.17.jpeg\" \/>\n\t<meta property=\"og:image:width\" content=\"960\" \/>\n\t<meta property=\"og:image:height\" content=\"640\" \/>\n\t<meta property=\"og:image:type\" content=\"image\/jpeg\" \/>\n<meta name=\"author\" content=\"Cecilia Vega\" \/>\n<meta name=\"twitter:label1\" content=\"Escrito por\" \/>\n\t<meta name=\"twitter:data1\" content=\"Cecilia Vega\" \/>\n\t<meta name=\"twitter:label2\" content=\"Tiempo de lectura\" \/>\n\t<meta name=\"twitter:data2\" content=\"2 minutos\" \/>\n<script type=\"application\/ld+json\" class=\"yoast-schema-graph\">{\"@context\":\"https:\\\/\\\/schema.org\",\"@graph\":[{\"@type\":\"Article\",\"@id\":\"https:\\\/\\\/expressometro.mx\\\/index.php\\\/2021\\\/06\\\/01\\\/hombres-y-mujeres-de-temoaya-ya-eligieron-que-el-poder-regrese-al-pueblo\\\/#article\",\"isPartOf\":{\"@id\":\"https:\\\/\\\/expressometro.mx\\\/index.php\\\/2021\\\/06\\\/01\\\/hombres-y-mujeres-de-temoaya-ya-eligieron-que-el-poder-regrese-al-pueblo\\\/\"},\"author\":{\"name\":\"Cecilia Vega\",\"@id\":\"https:\\\/\\\/expressometro.mx\\\/#\\\/schema\\\/person\\\/67a95b8e3862085c7598f66237488f1f\"},\"headline\":\"HOMBRES Y MUJERES DE TEMOAYA YA ELIGIERON QUE EL PODER REGRESE AL PUEBLO\",\"datePublished\":\"2021-06-01T14:33:39+00:00\",\"dateModified\":\"2021-06-01T14:33:40+00:00\",\"mainEntityOfPage\":{\"@id\":\"https:\\\/\\\/expressometro.mx\\\/index.php\\\/2021\\\/06\\\/01\\\/hombres-y-mujeres-de-temoaya-ya-eligieron-que-el-poder-regrese-al-pueblo\\\/\"},\"wordCount\":163,\"commentCount\":0,\"publisher\":{\"@id\":\"https:\\\/\\\/expressometro.mx\\\/#organization\"},\"image\":{\"@id\":\"https:\\\/\\\/expressometro.mx\\\/index.php\\\/2021\\\/06\\\/01\\\/hombres-y-mujeres-de-temoaya-ya-eligieron-que-el-poder-regrese-al-pueblo\\\/#primaryimage\"},\"thumbnailUrl\":\"https:\\\/\\\/expressometro.mx\\\/wp-content\\\/uploads\\\/2021\\\/06\\\/WhatsApp-Image-2021-06-01-at-07.34.17.jpeg\",\"keywords\":[\"Gaby Ortega\",\"Movimiento Ciudadano\",\"Temoaya\"],\"articleSection\":[\"Pol\u00edtica\"],\"inLanguage\":\"es\",\"potentialAction\":[{\"@type\":\"CommentAction\",\"name\":\"Comment\",\"target\":[\"https:\\\/\\\/expressometro.mx\\\/index.php\\\/2021\\\/06\\\/01\\\/hombres-y-mujeres-de-temoaya-ya-eligieron-que-el-poder-regrese-al-pueblo\\\/#respond\"]}]},{\"@type\":\"WebPage\",\"@id\":\"https:\\\/\\\/expressometro.mx\\\/index.php\\\/2021\\\/06\\\/01\\\/hombres-y-mujeres-de-temoaya-ya-eligieron-que-el-poder-regrese-al-pueblo\\\/\",\"url\":\"https:\\\/\\\/expressometro.mx\\\/index.php\\\/2021\\\/06\\\/01\\\/hombres-y-mujeres-de-temoaya-ya-eligieron-que-el-poder-regrese-al-pueblo\\\/\",\"name\":\"HOMBRES Y MUJERES DE TEMOAYA YA ELIGIERON QUE EL PODER REGRESE AL PUEBLO - Expresso Metropolitano\",\"isPartOf\":{\"@id\":\"https:\\\/\\\/expressometro.mx\\\/#website\"},\"primaryImageOfPage\":{\"@id\":\"https:\\\/\\\/expressometro.mx\\\/index.php\\\/2021\\\/06\\\/01\\\/hombres-y-mujeres-de-temoaya-ya-eligieron-que-el-poder-regrese-al-pueblo\\\/#primaryimage\"},\"image\":{\"@id\":\"https:\\\/\\\/expressometro.mx\\\/index.php\\\/2021\\\/06\\\/01\\\/hombres-y-mujeres-de-temoaya-ya-eligieron-que-el-poder-regrese-al-pueblo\\\/#primaryimage\"},\"thumbnailUrl\":\"https:\\\/\\\/expressometro.mx\\\/wp-content\\\/uploads\\\/2021\\\/06\\\/WhatsApp-Image-2021-06-01-at-07.34.17.jpeg\",\"datePublished\":\"2021-06-01T14:33:39+00:00\",\"dateModified\":\"2021-06-01T14:33:40+00:00\",\"breadcrumb\":{\"@id\":\"https:\\\/\\\/expressometro.mx\\\/index.php\\\/2021\\\/06\\\/01\\\/hombres-y-mujeres-de-temoaya-ya-eligieron-que-el-poder-regrese-al-pueblo\\\/#breadcrumb\"},\"inLanguage\":\"es\",\"potentialAction\":[{\"@type\":\"ReadAction\",\"target\":[\"https:\\\/\\\/expressometro.mx\\\/index.php\\\/2021\\\/06\\\/01\\\/hombres-y-mujeres-de-temoaya-ya-eligieron-que-el-poder-regrese-al-pueblo\\\/\"]}]},{\"@type\":\"ImageObject\",\"inLanguage\":\"es\",\"@id\":\"https:\\\/\\\/expressometro.mx\\\/index.php\\\/2021\\\/06\\\/01\\\/hombres-y-mujeres-de-temoaya-ya-eligieron-que-el-poder-regrese-al-pueblo\\\/#primaryimage\",\"url\":\"https:\\\/\\\/expressometro.mx\\\/wp-content\\\/uploads\\\/2021\\\/06\\\/WhatsApp-Image-2021-06-01-at-07.34.17.jpeg\",\"contentUrl\":\"https:\\\/\\\/expressometro.mx\\\/wp-content\\\/uploads\\\/2021\\\/06\\\/WhatsApp-Image-2021-06-01-at-07.34.17.jpeg\",\"width\":960,\"height\":640},{\"@type\":\"BreadcrumbList\",\"@id\":\"https:\\\/\\\/expressometro.mx\\\/index.php\\\/2021\\\/06\\\/01\\\/hombres-y-mujeres-de-temoaya-ya-eligieron-que-el-poder-regrese-al-pueblo\\\/#breadcrumb\",\"itemListElement\":[{\"@type\":\"ListItem\",\"position\":1,\"name\":\"Inicio\",\"item\":\"https:\\\/\\\/expressometro.mx\\\/\"},{\"@type\":\"ListItem\",\"position\":2,\"name\":\"HOMBRES Y MUJERES DE TEMOAYA YA ELIGIERON QUE EL PODER REGRESE AL PUEBLO\"}]},{\"@type\":\"WebSite\",\"@id\":\"https:\\\/\\\/expressometro.mx\\\/#website\",\"url\":\"https:\\\/\\\/expressometro.mx\\\/\",\"name\":\"Expresso Metropolitano\",\"description\":\"Periodismo comprometido, informaci\u00f3n, investigaci\u00f3n y an\u00e1lisis\",\"publisher\":{\"@id\":\"https:\\\/\\\/expressometro.mx\\\/#organization\"},\"potentialAction\":[{\"@type\":\"SearchAction\",\"target\":{\"@type\":\"EntryPoint\",\"urlTemplate\":\"https:\\\/\\\/expressometro.mx\\\/?s={search_term_string}\"},\"query-input\":{\"@type\":\"PropertyValueSpecification\",\"valueRequired\":true,\"valueName\":\"search_term_string\"}}],\"inLanguage\":\"es\"},{\"@type\":\"Organization\",\"@id\":\"https:\\\/\\\/expressometro.mx\\\/#organization\",\"name\":\"Expresso Metropolitano\",\"url\":\"https:\\\/\\\/expressometro.mx\\\/\",\"logo\":{\"@type\":\"ImageObject\",\"inLanguage\":\"es\",\"@id\":\"https:\\\/\\\/expressometro.mx\\\/#\\\/schema\\\/logo\\\/image\\\/\",\"url\":\"https:\\\/\\\/expressometro.mx\\\/wp-content\\\/uploads\\\/2019\\\/07\\\/cropped-Logo-Expresso-Metropolitano-1-1.jpeg\",\"contentUrl\":\"https:\\\/\\\/expressometro.mx\\\/wp-content\\\/uploads\\\/2019\\\/07\\\/cropped-Logo-Expresso-Metropolitano-1-1.jpeg\",\"width\":290,\"height\":73,\"caption\":\"Expresso Metropolitano\"},\"image\":{\"@id\":\"https:\\\/\\\/expressometro.mx\\\/#\\\/schema\\\/logo\\\/image\\\/\"}},{\"@type\":\"Person\",\"@id\":\"https:\\\/\\\/expressometro.mx\\\/#\\\/schema\\\/person\\\/67a95b8e3862085c7598f66237488f1f\",\"name\":\"Cecilia Vega\",\"image\":{\"@type\":\"ImageObject\",\"inLanguage\":\"es\",\"@id\":\"https:\\\/\\\/secure.gravatar.com\\\/avatar\\\/13aae9944ab2ee472a9e407c9487fdbd03b049abaa559af32fe5dbcf615c981b?s=96&d=mm&r=g\",\"url\":\"https:\\\/\\\/secure.gravatar.com\\\/avatar\\\/13aae9944ab2ee472a9e407c9487fdbd03b049abaa559af32fe5dbcf615c981b?s=96&d=mm&r=g\",\"contentUrl\":\"https:\\\/\\\/secure.gravatar.com\\\/avatar\\\/13aae9944ab2ee472a9e407c9487fdbd03b049abaa559af32fe5dbcf615c981b?s=96&d=mm&r=g\",\"caption\":\"Cecilia Vega\"},\"url\":\"https:\\\/\\\/expressometro.mx\\\/index.php\\\/author\\\/cecilia-vega\\\/\"}]}<\/script>\n<!-- \/ Yoast SEO plugin. -->","yoast_head_json":{"title":"HOMBRES Y MUJERES DE TEMOAYA YA ELIGIERON QUE EL PODER REGRESE AL PUEBLO - Expresso Metropolitano","robots":{"index":"index","follow":"follow","max-snippet":"max-snippet:-1","max-image-preview":"max-image-preview:large","max-video-preview":"max-video-preview:-1"},"canonical":"https:\/\/expressometro.mx\/index.php\/2021\/06\/01\/hombres-y-mujeres-de-temoaya-ya-eligieron-que-el-poder-regrese-al-pueblo\/","og_locale":"es_MX","og_type":"article","og_title":"HOMBRES Y MUJERES DE TEMOAYA YA ELIGIERON QUE EL PODER REGRESE AL PUEBLO - Expresso Metropolitano","og_description":"Al cerrar fuerte m\u00e1s de 30 d\u00edas de campa\u00f1a, agradeci\u00f3 \ud835\udc1c\ud835\udc28\ud835\udc27 \ud835\udc1e\ud835\udc25 \ud835\udc1c\ud835\udc28\ud835\udc2b\ud835\udc1a\ud835\udc33\u00f3\ud835\udc27 \ud835\udc1a \ud835\udc2a\ud835\udc2e\ud835\udc22\ud835\udc1e\ud835\udc27\ud835\udc1e\ud835\udc2c \ud835\udc1d\ud835\udc2e\ud835\udc2b\ud835\udc1a\ud835\udc27\ud835\udc2d\ud835\udc1e \ud835\udc1e\ud835\udc2c\ud835\udc2d\ud835\udc28\ud835\udc2c \ud835\udc26\ud835\udc1e\ud835\udc2c\ud835\udc1e\ud835\udc2c \ud835\udc21\ud835\udc1a\ud835\udc27 \ud835\udc1d\ud835\udc1e\ud835\udc23\ud835\udc1a\ud835\udc1d\ud835\udc28 \ud835\udc2c\ud835\udc2e \ud835\udc1a\ud835\udc25\ud835\udc26\ud835\udc1a \ud835\udc29\ud835\udc1a\ud835\udc2b\ud835\udc1a \ud835\udc2b\ud835\udc1e\ud835\udc1c\ud835\udc28\ud835\udc2b\ud835\udc2b\ud835\udc1e\ud835\udc2b \ud835\udc1e\ud835\udc2c\ud835\udc2d\ud835\udc1e \ud835\udc1c\ud835\udc1a\ud835\udc26\ud835\udc22\ud835\udc27\ud835\udc28 rumbo a la victoria.","og_url":"https:\/\/expressometro.mx\/index.php\/2021\/06\/01\/hombres-y-mujeres-de-temoaya-ya-eligieron-que-el-poder-regrese-al-pueblo\/","og_site_name":"Expresso Metropolitano","article_published_time":"2021-06-01T14:33:39+00:00","article_modified_time":"2021-06-01T14:33:40+00:00","og_image":[{"width":960,"height":640,"url":"https:\/\/expressometro.mx\/wp-content\/uploads\/2021\/06\/WhatsApp-Image-2021-06-01-at-07.34.17.jpeg","type":"image\/jpeg"}],"author":"Cecilia Vega","twitter_misc":{"Escrito por":"Cecilia Vega","Tiempo de lectura":"2 minutos"},"schema":{"@context":"https:\/\/schema.org","@graph":[{"@type":"Article","@id":"https:\/\/expressometro.mx\/index.php\/2021\/06\/01\/hombres-y-mujeres-de-temoaya-ya-eligieron-que-el-poder-regrese-al-pueblo\/#article","isPartOf":{"@id":"https:\/\/expressometro.mx\/index.php\/2021\/06\/01\/hombres-y-mujeres-de-temoaya-ya-eligieron-que-el-poder-regrese-al-pueblo\/"},"author":{"name":"Cecilia Vega","@id":"https:\/\/expressometro.mx\/#\/schema\/person\/67a95b8e3862085c7598f66237488f1f"},"headline":"HOMBRES Y MUJERES DE TEMOAYA YA ELIGIERON QUE EL PODER REGRESE AL PUEBLO","datePublished":"2021-06-01T14:33:39+00:00","dateModified":"2021-06-01T14:33:40+00:00","mainEntityOfPage":{"@id":"https:\/\/expressometro.mx\/index.php\/2021\/06\/01\/hombres-y-mujeres-de-temoaya-ya-eligieron-que-el-poder-regrese-al-pueblo\/"},"wordCount":163,"commentCount":0,"publisher":{"@id":"https:\/\/expressometro.mx\/#organization"},"image":{"@id":"https:\/\/expressometro.mx\/index.php\/2021\/06\/01\/hombres-y-mujeres-de-temoaya-ya-eligieron-que-el-poder-regrese-al-pueblo\/#primaryimage"},"thumbnailUrl":"https:\/\/expressometro.mx\/wp-content\/uploads\/2021\/06\/WhatsApp-Image-2021-06-01-at-07.34.17.jpeg","keywords":["Gaby Ortega","Movimiento Ciudadano","Temoaya"],"articleSection":["Pol\u00edtica"],"inLanguage":"es","potentialAction":[{"@type":"CommentAction","name":"Comment","target":["https:\/\/expressometro.mx\/index.php\/2021\/06\/01\/hombres-y-mujeres-de-temoaya-ya-eligieron-que-el-poder-regrese-al-pueblo\/#respond"]}]},{"@type":"WebPage","@id":"https:\/\/expressometro.mx\/index.php\/2021\/06\/01\/hombres-y-mujeres-de-temoaya-ya-eligieron-que-el-poder-regrese-al-pueblo\/","url":"https:\/\/expressometro.mx\/index.php\/2021\/06\/01\/hombres-y-mujeres-de-temoaya-ya-eligieron-que-el-poder-regrese-al-pueblo\/","name":"HOMBRES Y MUJERES DE TEMOAYA YA ELIGIERON QUE EL PODER REGRESE AL PUEBLO - Expresso Metropolitano","isPartOf":{"@id":"https:\/\/expressometro.mx\/#website"},"primaryImageOfPage":{"@id":"https:\/\/expressometro.mx\/index.php\/2021\/06\/01\/hombres-y-mujeres-de-temoaya-ya-eligieron-que-el-poder-regrese-al-pueblo\/#primaryimage"},"image":{"@id":"https:\/\/expressometro.mx\/index.php\/2021\/06\/01\/hombres-y-mujeres-de-temoaya-ya-eligieron-que-el-poder-regrese-al-pueblo\/#primaryimage"},"thumbnailUrl":"https:\/\/expressometro.mx\/wp-content\/uploads\/2021\/06\/WhatsApp-Image-2021-06-01-at-07.34.17.jpeg","datePublished":"2021-06-01T14:33:39+00:00","dateModified":"2021-06-01T14:33:40+00:00","breadcrumb":{"@id":"https:\/\/expressometro.mx\/index.php\/2021\/06\/01\/hombres-y-mujeres-de-temoaya-ya-eligieron-que-el-poder-regrese-al-pueblo\/#breadcrumb"},"inLanguage":"es","potentialAction":[{"@type":"ReadAction","target":["https:\/\/expressometro.mx\/index.php\/2021\/06\/01\/hombres-y-mujeres-de-temoaya-ya-eligieron-que-el-poder-regrese-al-pueblo\/"]}]},{"@type":"ImageObject","inLanguage":"es","@id":"https:\/\/expressometro.mx\/index.php\/2021\/06\/01\/hombres-y-mujeres-de-temoaya-ya-eligieron-que-el-poder-regrese-al-pueblo\/#primaryimage","url":"https:\/\/expressometro.mx\/wp-content\/uploads\/2021\/06\/WhatsApp-Image-2021-06-01-at-07.34.17.jpeg","contentUrl":"https:\/\/expressometro.mx\/wp-content\/uploads\/2021\/06\/WhatsApp-Image-2021-06-01-at-07.34.17.jpeg","width":960,"height":640},{"@type":"BreadcrumbList","@id":"https:\/\/expressometro.mx\/index.php\/2021\/06\/01\/hombres-y-mujeres-de-temoaya-ya-eligieron-que-el-poder-regrese-al-pueblo\/#breadcrumb","itemListElement":[{"@type":"ListItem","position":1,"name":"Inicio","item":"https:\/\/expressometro.mx\/"},{"@type":"ListItem","position":2,"name":"HOMBRES Y MUJERES DE TEMOAYA YA ELIGIERON QUE EL PODER REGRESE AL PUEBLO"}]},{"@type":"WebSite","@id":"https:\/\/expressometro.mx\/#website","url":"https:\/\/expressometro.mx\/","name":"Expresso Metropolitano","description":"Periodismo comprometido, informaci\u00f3n, investigaci\u00f3n y an\u00e1lisis","publisher":{"@id":"https:\/\/expressometro.mx\/#organization"},"potentialAction":[{"@type":"SearchAction","target":{"@type":"EntryPoint","urlTemplate":"https:\/\/expressometro.mx\/?s={search_term_string}"},"query-input":{"@type":"PropertyValueSpecification","valueRequired":true,"valueName":"search_term_string"}}],"inLanguage":"es"},{"@type":"Organization","@id":"https:\/\/expressometro.mx\/#organization","name":"Expresso Metropolitano","url":"https:\/\/expressometro.mx\/","logo":{"@type":"ImageObject","inLanguage":"es","@id":"https:\/\/expressometro.mx\/#\/schema\/logo\/image\/","url":"https:\/\/expressometro.mx\/wp-content\/uploads\/2019\/07\/cropped-Logo-Expresso-Metropolitano-1-1.jpeg","contentUrl":"https:\/\/expressometro.mx\/wp-content\/uploads\/2019\/07\/cropped-Logo-Expresso-Metropolitano-1-1.jpeg","width":290,"height":73,"caption":"Expresso Metropolitano"},"image":{"@id":"https:\/\/expressometro.mx\/#\/schema\/logo\/image\/"}},{"@type":"Person","@id":"https:\/\/expressometro.mx\/#\/schema\/person\/67a95b8e3862085c7598f66237488f1f","name":"Cecilia Vega","image":{"@type":"ImageObject","inLanguage":"es","@id":"https:\/\/secure.gravatar.com\/avatar\/13aae9944ab2ee472a9e407c9487fdbd03b049abaa559af32fe5dbcf615c981b?s=96&d=mm&r=g","url":"https:\/\/secure.gravatar.com\/avatar\/13aae9944ab2ee472a9e407c9487fdbd03b049abaa559af32fe5dbcf615c981b?s=96&d=mm&r=g","contentUrl":"https:\/\/secure.gravatar.com\/avatar\/13aae9944ab2ee472a9e407c9487fdbd03b049abaa559af32fe5dbcf615c981b?s=96&d=mm&r=g","caption":"Cecilia Vega"},"url":"https:\/\/expressometro.mx\/index.php\/author\/cecilia-vega\/"}]}},"amp_enabled":true,"_links":{"self":[{"href":"https:\/\/expressometro.mx\/index.php\/wp-json\/wp\/v2\/posts\/3056","targetHints":{"allow":["GET"]}}],"collection":[{"href":"https:\/\/expressometro.mx\/index.php\/wp-json\/wp\/v2\/posts"}],"about":[{"href":"https:\/\/expressometro.mx\/index.php\/wp-json\/wp\/v2\/types\/post"}],"author":[{"embeddable":true,"href":"https:\/\/expressometro.mx\/index.php\/wp-json\/wp\/v2\/users\/2"}],"replies":[{"embeddable":true,"href":"https:\/\/expressometro.mx\/index.php\/wp-json\/wp\/v2\/comments?post=3056"}],"version-history":[{"count":1,"href":"https:\/\/expressometro.mx\/index.php\/wp-json\/wp\/v2\/posts\/3056\/revisions"}],"predecessor-version":[{"id":3063,"href":"https:\/\/expressometro.mx\/index.php\/wp-json\/wp\/v2\/posts\/3056\/revisions\/3063"}],"wp:featuredmedia":[{"embeddable":true,"href":"https:\/\/expressometro.mx\/index.php\/wp-json\/wp\/v2\/media\/3060"}],"wp:attachment":[{"href":"https:\/\/expressometro.mx\/index.php\/wp-json\/wp\/v2\/media?parent=3056"}],"wp:term":[{"taxonomy":"category","embeddable":true,"href":"https:\/\/expressometro.mx\/index.php\/wp-json\/wp\/v2\/categories?post=3056"},{"taxonomy":"post_tag","embeddable":true,"href":"https:\/\/expressometro.mx\/index.php\/wp-json\/wp\/v2\/tags?post=3056"}],"curies":[{"name":"wp","href":"https:\/\/api.w.org\/{rel}","templated":true}]}}