{"id":3040,"date":"2021-06-01T09:10:36","date_gmt":"2021-06-01T14:10:36","guid":{"rendered":"http:\/\/expressometro.mx\/?p=3040"},"modified":"2021-06-01T09:10:37","modified_gmt":"2021-06-01T14:10:37","slug":"urge-retomar-el-camino-del-bienestar-miguel-samano","status":"publish","type":"post","link":"https:\/\/expressometro.mx\/index.php\/2021\/06\/01\/urge-retomar-el-camino-del-bienestar-miguel-samano\/","title":{"rendered":"URGE RETOMAR EL CAMINO DEL BIENESTAR: MIGUEL S\u00c1MANO"},"content":{"rendered":"\n<p>Tengo experiencia legislativa, voluntad para sumar esfuerzos y capacidad para entregar resultados, se\u00f1al\u00f3 Miguel S\u00e1mano Peralta, durante el cierre de campa\u00f1a en Jilotepec, como parte de sus actividades en busca de la diputaci\u00f3n por el Distrito 01, postulado por la coalici\u00f3n \u201cVa por M\u00e9xico\u201d.<br>\u00a0<br>El candidato de la coalici\u00f3n \u201cVa por M\u00e9xico\u201d, asegur\u00f3 que debido a las malas decisiones de la 4T nuestro pa\u00eds est\u00e1 retrocediendo en lo pol\u00edtico, econ\u00f3mico y social, porque prometieron mucho y no han logrado nada: aument\u00f3 la violencia, el desempleo y la pobreza y todo eso ha afectado a la gente m\u00e1s necesitada a quienes radican en las comunidades m\u00e1s lejanas de los centros urbanos.<br>Por eso, agreg\u00f3, es importante que retomemos el camino del bienestar, que juntos logremos que regresen los comedores comunitarios, el Seguro Popular que atend\u00eda a todas las personas sin distinci\u00f3n y con costos muy bajos; ahora eso ya no existe y no hay apoyos para todas las personas.<\/p>\n\n\n\n<p><br>Se\u00f1al\u00f3 miguel S\u00e1mano Peralta que la coalici\u00f3n \u201cVa por M\u00e9xico\u201d, integrada por los partidos PRI, PAN y PRD no s\u00f3lo es entre partidos, se sustenta tambi\u00e9n en quienes est\u00e1n dispuestos a defender a M\u00e9xico de las malas decisiones de Morena y sus aliados, que han tirado a la basura a\u00f1os de trabajo, de esfuerzos y de unir voluntad en decisiones que le afectan a todos los mexicanos.<\/p>\n\n\n\n<p>Reiter\u00f3 que durante toda la campa\u00f1a sostuvo como oferta pol\u00edtica, cinco postulados que se basan en: Mejorar el sistema de salud; Combatir la pobreza; Reactivar la econom\u00eda y el empleo; Fortalecer la seguridad y proteger la democracia.<br>\u00a0<br>Estamos a una semana de cambiar el rumbo del pa\u00eds, por eso debemos mantenernos unidos, como un solo bloque todos aquellos que simpatizamos con el progreso, con el bienestar general de la poblaci\u00f3n y con nuestras ganas de tener un M\u00e9xico unido y no dividido, se\u00f1al\u00f3 el candidato.<br>\u00a0<br>Explic\u00f3 que los partidos PAN, PRI y PRD se unieron con responsabilidad pol\u00edtica y social para enfrentar a Morena y sus aliados que quieren revertir el desarrollo y el progreso de esta gran naci\u00f3n; por eso tenemos que votar como una sola persona en favor de los candidatos de esta gran coalici\u00f3n.<br>\u00a0<br>Por ejemplo, agreg\u00f3 Miguel S\u00e1mano, aunque el gobierno federal afirme que est\u00e1n apoyando al campo como ninguna otra administraci\u00f3n, los hechos demuestran lo contrario: Morena y sus aliados disminuyeron en 70% los recursos del Programa de Fomento Agr\u00edcola, Ganadero, Acu\u00edcola y Pesquero. Adem\u00e1s, los actuales programas federales no ofrecen soluciones reales a los problemas del agro.<\/p>\n\n\n\n<figure class=\"wp-block-gallery columns-3 is-cropped wp-block-gallery-1 is-layout-flex wp-block-gallery-is-layout-flex\"><ul class=\"blocks-gallery-grid\"><li class=\"blocks-gallery-item\"><figure><img decoding=\"async\" width=\"766\" height=\"480\" src=\"http:\/\/expressometro.mx\/wp-content\/uploads\/2021\/06\/WhatsApp-Image-2021-06-01-at-01.31.05-766x480.jpeg\" alt=\"\" data-id=\"3042\" data-link=\"http:\/\/expressometro.mx\/?attachment_id=3042\" class=\"wp-image-3042\" srcset=\"https:\/\/expressometro.mx\/wp-content\/uploads\/2021\/06\/WhatsApp-Image-2021-06-01-at-01.31.05-766x480.jpeg 766w, https:\/\/expressometro.mx\/wp-content\/uploads\/2021\/06\/WhatsApp-Image-2021-06-01-at-01.31.05-583x365.jpeg 583w, https:\/\/expressometro.mx\/wp-content\/uploads\/2021\/06\/WhatsApp-Image-2021-06-01-at-01.31.05-768x481.jpeg 768w, https:\/\/expressometro.mx\/wp-content\/uploads\/2021\/06\/WhatsApp-Image-2021-06-01-at-01.31.05.jpeg 1280w\" sizes=\"(max-width: 766px) 100vw, 766px\" \/><\/figure><\/li><li class=\"blocks-gallery-item\"><figure><img decoding=\"async\" width=\"654\" height=\"480\" src=\"http:\/\/expressometro.mx\/wp-content\/uploads\/2021\/06\/WhatsApp-Image-2021-06-01-at-01.31.07-654x480.jpeg\" alt=\"\" data-id=\"3043\" data-link=\"http:\/\/expressometro.mx\/?attachment_id=3043\" class=\"wp-image-3043\" srcset=\"https:\/\/expressometro.mx\/wp-content\/uploads\/2021\/06\/WhatsApp-Image-2021-06-01-at-01.31.07-654x480.jpeg 654w, https:\/\/expressometro.mx\/wp-content\/uploads\/2021\/06\/WhatsApp-Image-2021-06-01-at-01.31.07-497x365.jpeg 497w, https:\/\/expressometro.mx\/wp-content\/uploads\/2021\/06\/WhatsApp-Image-2021-06-01-at-01.31.07-768x564.jpeg 768w, https:\/\/expressometro.mx\/wp-content\/uploads\/2021\/06\/WhatsApp-Image-2021-06-01-at-01.31.07.jpeg 1280w\" sizes=\"(max-width: 654px) 100vw, 654px\" \/><\/figure><\/li><li class=\"blocks-gallery-item\"><figure><img decoding=\"async\" width=\"721\" height=\"480\" src=\"http:\/\/expressometro.mx\/wp-content\/uploads\/2021\/06\/WhatsApp-Image-2021-06-01-at-01.31.07-1-721x480.jpeg\" alt=\"\" data-id=\"3045\" data-link=\"http:\/\/expressometro.mx\/?attachment_id=3045\" class=\"wp-image-3045\" srcset=\"https:\/\/expressometro.mx\/wp-content\/uploads\/2021\/06\/WhatsApp-Image-2021-06-01-at-01.31.07-1-721x480.jpeg 721w, https:\/\/expressometro.mx\/wp-content\/uploads\/2021\/06\/WhatsApp-Image-2021-06-01-at-01.31.07-1-548x365.jpeg 548w, https:\/\/expressometro.mx\/wp-content\/uploads\/2021\/06\/WhatsApp-Image-2021-06-01-at-01.31.07-1-768x511.jpeg 768w, https:\/\/expressometro.mx\/wp-content\/uploads\/2021\/06\/WhatsApp-Image-2021-06-01-at-01.31.07-1.jpeg 1280w\" sizes=\"(max-width: 721px) 100vw, 721px\" \/><\/figure><\/li><li class=\"blocks-gallery-item\"><figure><img decoding=\"async\" width=\"813\" height=\"480\" src=\"http:\/\/expressometro.mx\/wp-content\/uploads\/2021\/06\/WhatsApp-Image-2021-06-01-at-01.31.07-2-813x480.jpeg\" alt=\"\" data-id=\"3046\" data-full-url=\"http:\/\/expressometro.mx\/wp-content\/uploads\/2021\/06\/WhatsApp-Image-2021-06-01-at-01.31.07-2.jpeg\" data-link=\"http:\/\/expressometro.mx\/?attachment_id=3046\" class=\"wp-image-3046\" srcset=\"https:\/\/expressometro.mx\/wp-content\/uploads\/2021\/06\/WhatsApp-Image-2021-06-01-at-01.31.07-2-813x480.jpeg 813w, https:\/\/expressometro.mx\/wp-content\/uploads\/2021\/06\/WhatsApp-Image-2021-06-01-at-01.31.07-2-618x365.jpeg 618w, https:\/\/expressometro.mx\/wp-content\/uploads\/2021\/06\/WhatsApp-Image-2021-06-01-at-01.31.07-2-768x454.jpeg 768w, https:\/\/expressometro.mx\/wp-content\/uploads\/2021\/06\/WhatsApp-Image-2021-06-01-at-01.31.07-2.jpeg 1280w\" sizes=\"(max-width: 813px) 100vw, 813px\" \/><\/figure><\/li><\/ul><\/figure>\n","protected":false},"excerpt":{"rendered":"<p>Reiter\u00f3 que durante toda la campa\u00f1a sostuvo como oferta pol\u00edtica, cinco postulados que se basan en: Mejorar el sistema de salud; Combatir la pobreza; Reactivar la econom\u00eda y el empleo; Fortalecer la seguridad y proteger la democracia.<\/p>\n","protected":false},"author":2,"featured_media":3044,"comment_status":"open","ping_status":"open","sticky":false,"template":"","format":"standard","meta":{"footnotes":""},"categories":[231],"tags":[377,378,376,526],"class_list":["post-3040","post","type-post","status-publish","format-standard","has-post-thumbnail","hentry","category-politica","tag-diputado-federal","tag-distrito-1","tag-miguel-samano","tag-va-por-mexico"],"yoast_head":"<!-- This site is optimized with the Yoast SEO plugin v27.4 - https:\/\/yoast.com\/product\/yoast-seo-wordpress\/ -->\n<title>URGE RETOMAR EL CAMINO DEL BIENESTAR: MIGUEL S\u00c1MANO - Expresso Metropolitano<\/title>\n<meta name=\"robots\" content=\"index, follow, max-snippet:-1, max-image-preview:large, max-video-preview:-1\" \/>\n<link rel=\"canonical\" href=\"https:\/\/expressometro.mx\/index.php\/2021\/06\/01\/urge-retomar-el-camino-del-bienestar-miguel-samano\/\" \/>\n<meta property=\"og:locale\" content=\"es_MX\" \/>\n<meta property=\"og:type\" content=\"article\" \/>\n<meta property=\"og:title\" content=\"URGE RETOMAR EL CAMINO DEL BIENESTAR: MIGUEL S\u00c1MANO - Expresso Metropolitano\" \/>\n<meta property=\"og:description\" content=\"Reiter\u00f3 que durante toda la campa\u00f1a sostuvo como oferta pol\u00edtica, cinco postulados que se basan en: Mejorar el sistema de salud; Combatir la pobreza; Reactivar la econom\u00eda y el empleo; Fortalecer la seguridad y proteger la democracia.\" \/>\n<meta property=\"og:url\" content=\"https:\/\/expressometro.mx\/index.php\/2021\/06\/01\/urge-retomar-el-camino-del-bienestar-miguel-samano\/\" \/>\n<meta property=\"og:site_name\" content=\"Expresso Metropolitano\" \/>\n<meta property=\"article:published_time\" content=\"2021-06-01T14:10:36+00:00\" \/>\n<meta property=\"article:modified_time\" content=\"2021-06-01T14:10:37+00:00\" \/>\n<meta property=\"og:image\" content=\"https:\/\/expressometro.mx\/wp-content\/uploads\/2021\/06\/WhatsApp-Image-2021-06-01-at-01.31.08.jpeg\" \/>\n\t<meta property=\"og:image:width\" content=\"1280\" \/>\n\t<meta property=\"og:image:height\" content=\"1032\" \/>\n\t<meta property=\"og:image:type\" content=\"image\/jpeg\" \/>\n<meta name=\"author\" content=\"Cecilia Vega\" \/>\n<meta name=\"twitter:label1\" content=\"Escrito por\" \/>\n\t<meta name=\"twitter:data1\" content=\"Cecilia Vega\" \/>\n\t<meta name=\"twitter:label2\" content=\"Tiempo de lectura\" \/>\n\t<meta name=\"twitter:data2\" content=\"3 minutos\" \/>\n<script type=\"application\/ld+json\" class=\"yoast-schema-graph\">{\"@context\":\"https:\\\/\\\/schema.org\",\"@graph\":[{\"@type\":\"Article\",\"@id\":\"https:\\\/\\\/expressometro.mx\\\/index.php\\\/2021\\\/06\\\/01\\\/urge-retomar-el-camino-del-bienestar-miguel-samano\\\/#article\",\"isPartOf\":{\"@id\":\"https:\\\/\\\/expressometro.mx\\\/index.php\\\/2021\\\/06\\\/01\\\/urge-retomar-el-camino-del-bienestar-miguel-samano\\\/\"},\"author\":{\"name\":\"Cecilia Vega\",\"@id\":\"https:\\\/\\\/expressometro.mx\\\/#\\\/schema\\\/person\\\/67a95b8e3862085c7598f66237488f1f\"},\"headline\":\"URGE RETOMAR EL CAMINO DEL BIENESTAR: MIGUEL S\u00c1MANO\",\"datePublished\":\"2021-06-01T14:10:36+00:00\",\"dateModified\":\"2021-06-01T14:10:37+00:00\",\"mainEntityOfPage\":{\"@id\":\"https:\\\/\\\/expressometro.mx\\\/index.php\\\/2021\\\/06\\\/01\\\/urge-retomar-el-camino-del-bienestar-miguel-samano\\\/\"},\"wordCount\":465,\"commentCount\":0,\"publisher\":{\"@id\":\"https:\\\/\\\/expressometro.mx\\\/#organization\"},\"image\":{\"@id\":\"https:\\\/\\\/expressometro.mx\\\/index.php\\\/2021\\\/06\\\/01\\\/urge-retomar-el-camino-del-bienestar-miguel-samano\\\/#primaryimage\"},\"thumbnailUrl\":\"https:\\\/\\\/expressometro.mx\\\/wp-content\\\/uploads\\\/2021\\\/06\\\/WhatsApp-Image-2021-06-01-at-01.31.08.jpeg\",\"keywords\":[\"Diputado Federal\",\"Distrito 1\",\"Miguel S\u00e1mano\",\"Va por M\u00e9xico\"],\"articleSection\":[\"Pol\u00edtica\"],\"inLanguage\":\"es\",\"potentialAction\":[{\"@type\":\"CommentAction\",\"name\":\"Comment\",\"target\":[\"https:\\\/\\\/expressometro.mx\\\/index.php\\\/2021\\\/06\\\/01\\\/urge-retomar-el-camino-del-bienestar-miguel-samano\\\/#respond\"]}]},{\"@type\":\"WebPage\",\"@id\":\"https:\\\/\\\/expressometro.mx\\\/index.php\\\/2021\\\/06\\\/01\\\/urge-retomar-el-camino-del-bienestar-miguel-samano\\\/\",\"url\":\"https:\\\/\\\/expressometro.mx\\\/index.php\\\/2021\\\/06\\\/01\\\/urge-retomar-el-camino-del-bienestar-miguel-samano\\\/\",\"name\":\"URGE RETOMAR EL CAMINO DEL BIENESTAR: MIGUEL S\u00c1MANO - Expresso Metropolitano\",\"isPartOf\":{\"@id\":\"https:\\\/\\\/expressometro.mx\\\/#website\"},\"primaryImageOfPage\":{\"@id\":\"https:\\\/\\\/expressometro.mx\\\/index.php\\\/2021\\\/06\\\/01\\\/urge-retomar-el-camino-del-bienestar-miguel-samano\\\/#primaryimage\"},\"image\":{\"@id\":\"https:\\\/\\\/expressometro.mx\\\/index.php\\\/2021\\\/06\\\/01\\\/urge-retomar-el-camino-del-bienestar-miguel-samano\\\/#primaryimage\"},\"thumbnailUrl\":\"https:\\\/\\\/expressometro.mx\\\/wp-content\\\/uploads\\\/2021\\\/06\\\/WhatsApp-Image-2021-06-01-at-01.31.08.jpeg\",\"datePublished\":\"2021-06-01T14:10:36+00:00\",\"dateModified\":\"2021-06-01T14:10:37+00:00\",\"breadcrumb\":{\"@id\":\"https:\\\/\\\/expressometro.mx\\\/index.php\\\/2021\\\/06\\\/01\\\/urge-retomar-el-camino-del-bienestar-miguel-samano\\\/#breadcrumb\"},\"inLanguage\":\"es\",\"potentialAction\":[{\"@type\":\"ReadAction\",\"target\":[\"https:\\\/\\\/expressometro.mx\\\/index.php\\\/2021\\\/06\\\/01\\\/urge-retomar-el-camino-del-bienestar-miguel-samano\\\/\"]}]},{\"@type\":\"ImageObject\",\"inLanguage\":\"es\",\"@id\":\"https:\\\/\\\/expressometro.mx\\\/index.php\\\/2021\\\/06\\\/01\\\/urge-retomar-el-camino-del-bienestar-miguel-samano\\\/#primaryimage\",\"url\":\"https:\\\/\\\/expressometro.mx\\\/wp-content\\\/uploads\\\/2021\\\/06\\\/WhatsApp-Image-2021-06-01-at-01.31.08.jpeg\",\"contentUrl\":\"https:\\\/\\\/expressometro.mx\\\/wp-content\\\/uploads\\\/2021\\\/06\\\/WhatsApp-Image-2021-06-01-at-01.31.08.jpeg\",\"width\":1280,\"height\":1032},{\"@type\":\"BreadcrumbList\",\"@id\":\"https:\\\/\\\/expressometro.mx\\\/index.php\\\/2021\\\/06\\\/01\\\/urge-retomar-el-camino-del-bienestar-miguel-samano\\\/#breadcrumb\",\"itemListElement\":[{\"@type\":\"ListItem\",\"position\":1,\"name\":\"Inicio\",\"item\":\"https:\\\/\\\/expressometro.mx\\\/\"},{\"@type\":\"ListItem\",\"position\":2,\"name\":\"URGE RETOMAR EL CAMINO DEL BIENESTAR: MIGUEL S\u00c1MANO\"}]},{\"@type\":\"WebSite\",\"@id\":\"https:\\\/\\\/expressometro.mx\\\/#website\",\"url\":\"https:\\\/\\\/expressometro.mx\\\/\",\"name\":\"Expresso Metropolitano\",\"description\":\"Periodismo comprometido, informaci\u00f3n, investigaci\u00f3n y an\u00e1lisis\",\"publisher\":{\"@id\":\"https:\\\/\\\/expressometro.mx\\\/#organization\"},\"potentialAction\":[{\"@type\":\"SearchAction\",\"target\":{\"@type\":\"EntryPoint\",\"urlTemplate\":\"https:\\\/\\\/expressometro.mx\\\/?s={search_term_string}\"},\"query-input\":{\"@type\":\"PropertyValueSpecification\",\"valueRequired\":true,\"valueName\":\"search_term_string\"}}],\"inLanguage\":\"es\"},{\"@type\":\"Organization\",\"@id\":\"https:\\\/\\\/expressometro.mx\\\/#organization\",\"name\":\"Expresso Metropolitano\",\"url\":\"https:\\\/\\\/expressometro.mx\\\/\",\"logo\":{\"@type\":\"ImageObject\",\"inLanguage\":\"es\",\"@id\":\"https:\\\/\\\/expressometro.mx\\\/#\\\/schema\\\/logo\\\/image\\\/\",\"url\":\"https:\\\/\\\/expressometro.mx\\\/wp-content\\\/uploads\\\/2019\\\/07\\\/cropped-Logo-Expresso-Metropolitano-1-1.jpeg\",\"contentUrl\":\"https:\\\/\\\/expressometro.mx\\\/wp-content\\\/uploads\\\/2019\\\/07\\\/cropped-Logo-Expresso-Metropolitano-1-1.jpeg\",\"width\":290,\"height\":73,\"caption\":\"Expresso Metropolitano\"},\"image\":{\"@id\":\"https:\\\/\\\/expressometro.mx\\\/#\\\/schema\\\/logo\\\/image\\\/\"}},{\"@type\":\"Person\",\"@id\":\"https:\\\/\\\/expressometro.mx\\\/#\\\/schema\\\/person\\\/67a95b8e3862085c7598f66237488f1f\",\"name\":\"Cecilia Vega\",\"image\":{\"@type\":\"ImageObject\",\"inLanguage\":\"es\",\"@id\":\"https:\\\/\\\/secure.gravatar.com\\\/avatar\\\/13aae9944ab2ee472a9e407c9487fdbd03b049abaa559af32fe5dbcf615c981b?s=96&d=mm&r=g\",\"url\":\"https:\\\/\\\/secure.gravatar.com\\\/avatar\\\/13aae9944ab2ee472a9e407c9487fdbd03b049abaa559af32fe5dbcf615c981b?s=96&d=mm&r=g\",\"contentUrl\":\"https:\\\/\\\/secure.gravatar.com\\\/avatar\\\/13aae9944ab2ee472a9e407c9487fdbd03b049abaa559af32fe5dbcf615c981b?s=96&d=mm&r=g\",\"caption\":\"Cecilia Vega\"},\"url\":\"https:\\\/\\\/expressometro.mx\\\/index.php\\\/author\\\/cecilia-vega\\\/\"}]}<\/script>\n<!-- \/ Yoast SEO plugin. -->","yoast_head_json":{"title":"URGE RETOMAR EL CAMINO DEL BIENESTAR: MIGUEL S\u00c1MANO - Expresso Metropolitano","robots":{"index":"index","follow":"follow","max-snippet":"max-snippet:-1","max-image-preview":"max-image-preview:large","max-video-preview":"max-video-preview:-1"},"canonical":"https:\/\/expressometro.mx\/index.php\/2021\/06\/01\/urge-retomar-el-camino-del-bienestar-miguel-samano\/","og_locale":"es_MX","og_type":"article","og_title":"URGE RETOMAR EL CAMINO DEL BIENESTAR: MIGUEL S\u00c1MANO - Expresso Metropolitano","og_description":"Reiter\u00f3 que durante toda la campa\u00f1a sostuvo como oferta pol\u00edtica, cinco postulados que se basan en: Mejorar el sistema de salud; Combatir la pobreza; Reactivar la econom\u00eda y el empleo; Fortalecer la seguridad y proteger la democracia.","og_url":"https:\/\/expressometro.mx\/index.php\/2021\/06\/01\/urge-retomar-el-camino-del-bienestar-miguel-samano\/","og_site_name":"Expresso Metropolitano","article_published_time":"2021-06-01T14:10:36+00:00","article_modified_time":"2021-06-01T14:10:37+00:00","og_image":[{"width":1280,"height":1032,"url":"https:\/\/expressometro.mx\/wp-content\/uploads\/2021\/06\/WhatsApp-Image-2021-06-01-at-01.31.08.jpeg","type":"image\/jpeg"}],"author":"Cecilia Vega","twitter_misc":{"Escrito por":"Cecilia Vega","Tiempo de lectura":"3 minutos"},"schema":{"@context":"https:\/\/schema.org","@graph":[{"@type":"Article","@id":"https:\/\/expressometro.mx\/index.php\/2021\/06\/01\/urge-retomar-el-camino-del-bienestar-miguel-samano\/#article","isPartOf":{"@id":"https:\/\/expressometro.mx\/index.php\/2021\/06\/01\/urge-retomar-el-camino-del-bienestar-miguel-samano\/"},"author":{"name":"Cecilia Vega","@id":"https:\/\/expressometro.mx\/#\/schema\/person\/67a95b8e3862085c7598f66237488f1f"},"headline":"URGE RETOMAR EL CAMINO DEL BIENESTAR: MIGUEL S\u00c1MANO","datePublished":"2021-06-01T14:10:36+00:00","dateModified":"2021-06-01T14:10:37+00:00","mainEntityOfPage":{"@id":"https:\/\/expressometro.mx\/index.php\/2021\/06\/01\/urge-retomar-el-camino-del-bienestar-miguel-samano\/"},"wordCount":465,"commentCount":0,"publisher":{"@id":"https:\/\/expressometro.mx\/#organization"},"image":{"@id":"https:\/\/expressometro.mx\/index.php\/2021\/06\/01\/urge-retomar-el-camino-del-bienestar-miguel-samano\/#primaryimage"},"thumbnailUrl":"https:\/\/expressometro.mx\/wp-content\/uploads\/2021\/06\/WhatsApp-Image-2021-06-01-at-01.31.08.jpeg","keywords":["Diputado Federal","Distrito 1","Miguel S\u00e1mano","Va por M\u00e9xico"],"articleSection":["Pol\u00edtica"],"inLanguage":"es","potentialAction":[{"@type":"CommentAction","name":"Comment","target":["https:\/\/expressometro.mx\/index.php\/2021\/06\/01\/urge-retomar-el-camino-del-bienestar-miguel-samano\/#respond"]}]},{"@type":"WebPage","@id":"https:\/\/expressometro.mx\/index.php\/2021\/06\/01\/urge-retomar-el-camino-del-bienestar-miguel-samano\/","url":"https:\/\/expressometro.mx\/index.php\/2021\/06\/01\/urge-retomar-el-camino-del-bienestar-miguel-samano\/","name":"URGE RETOMAR EL CAMINO DEL BIENESTAR: MIGUEL S\u00c1MANO - Expresso Metropolitano","isPartOf":{"@id":"https:\/\/expressometro.mx\/#website"},"primaryImageOfPage":{"@id":"https:\/\/expressometro.mx\/index.php\/2021\/06\/01\/urge-retomar-el-camino-del-bienestar-miguel-samano\/#primaryimage"},"image":{"@id":"https:\/\/expressometro.mx\/index.php\/2021\/06\/01\/urge-retomar-el-camino-del-bienestar-miguel-samano\/#primaryimage"},"thumbnailUrl":"https:\/\/expressometro.mx\/wp-content\/uploads\/2021\/06\/WhatsApp-Image-2021-06-01-at-01.31.08.jpeg","datePublished":"2021-06-01T14:10:36+00:00","dateModified":"2021-06-01T14:10:37+00:00","breadcrumb":{"@id":"https:\/\/expressometro.mx\/index.php\/2021\/06\/01\/urge-retomar-el-camino-del-bienestar-miguel-samano\/#breadcrumb"},"inLanguage":"es","potentialAction":[{"@type":"ReadAction","target":["https:\/\/expressometro.mx\/index.php\/2021\/06\/01\/urge-retomar-el-camino-del-bienestar-miguel-samano\/"]}]},{"@type":"ImageObject","inLanguage":"es","@id":"https:\/\/expressometro.mx\/index.php\/2021\/06\/01\/urge-retomar-el-camino-del-bienestar-miguel-samano\/#primaryimage","url":"https:\/\/expressometro.mx\/wp-content\/uploads\/2021\/06\/WhatsApp-Image-2021-06-01-at-01.31.08.jpeg","contentUrl":"https:\/\/expressometro.mx\/wp-content\/uploads\/2021\/06\/WhatsApp-Image-2021-06-01-at-01.31.08.jpeg","width":1280,"height":1032},{"@type":"BreadcrumbList","@id":"https:\/\/expressometro.mx\/index.php\/2021\/06\/01\/urge-retomar-el-camino-del-bienestar-miguel-samano\/#breadcrumb","itemListElement":[{"@type":"ListItem","position":1,"name":"Inicio","item":"https:\/\/expressometro.mx\/"},{"@type":"ListItem","position":2,"name":"URGE RETOMAR EL CAMINO DEL BIENESTAR: MIGUEL S\u00c1MANO"}]},{"@type":"WebSite","@id":"https:\/\/expressometro.mx\/#website","url":"https:\/\/expressometro.mx\/","name":"Expresso Metropolitano","description":"Periodismo comprometido, informaci\u00f3n, investigaci\u00f3n y an\u00e1lisis","publisher":{"@id":"https:\/\/expressometro.mx\/#organization"},"potentialAction":[{"@type":"SearchAction","target":{"@type":"EntryPoint","urlTemplate":"https:\/\/expressometro.mx\/?s={search_term_string}"},"query-input":{"@type":"PropertyValueSpecification","valueRequired":true,"valueName":"search_term_string"}}],"inLanguage":"es"},{"@type":"Organization","@id":"https:\/\/expressometro.mx\/#organization","name":"Expresso Metropolitano","url":"https:\/\/expressometro.mx\/","logo":{"@type":"ImageObject","inLanguage":"es","@id":"https:\/\/expressometro.mx\/#\/schema\/logo\/image\/","url":"https:\/\/expressometro.mx\/wp-content\/uploads\/2019\/07\/cropped-Logo-Expresso-Metropolitano-1-1.jpeg","contentUrl":"https:\/\/expressometro.mx\/wp-content\/uploads\/2019\/07\/cropped-Logo-Expresso-Metropolitano-1-1.jpeg","width":290,"height":73,"caption":"Expresso Metropolitano"},"image":{"@id":"https:\/\/expressometro.mx\/#\/schema\/logo\/image\/"}},{"@type":"Person","@id":"https:\/\/expressometro.mx\/#\/schema\/person\/67a95b8e3862085c7598f66237488f1f","name":"Cecilia Vega","image":{"@type":"ImageObject","inLanguage":"es","@id":"https:\/\/secure.gravatar.com\/avatar\/13aae9944ab2ee472a9e407c9487fdbd03b049abaa559af32fe5dbcf615c981b?s=96&d=mm&r=g","url":"https:\/\/secure.gravatar.com\/avatar\/13aae9944ab2ee472a9e407c9487fdbd03b049abaa559af32fe5dbcf615c981b?s=96&d=mm&r=g","contentUrl":"https:\/\/secure.gravatar.com\/avatar\/13aae9944ab2ee472a9e407c9487fdbd03b049abaa559af32fe5dbcf615c981b?s=96&d=mm&r=g","caption":"Cecilia Vega"},"url":"https:\/\/expressometro.mx\/index.php\/author\/cecilia-vega\/"}]}},"amp_enabled":true,"_links":{"self":[{"href":"https:\/\/expressometro.mx\/index.php\/wp-json\/wp\/v2\/posts\/3040","targetHints":{"allow":["GET"]}}],"collection":[{"href":"https:\/\/expressometro.mx\/index.php\/wp-json\/wp\/v2\/posts"}],"about":[{"href":"https:\/\/expressometro.mx\/index.php\/wp-json\/wp\/v2\/types\/post"}],"author":[{"embeddable":true,"href":"https:\/\/expressometro.mx\/index.php\/wp-json\/wp\/v2\/users\/2"}],"replies":[{"embeddable":true,"href":"https:\/\/expressometro.mx\/index.php\/wp-json\/wp\/v2\/comments?post=3040"}],"version-history":[{"count":1,"href":"https:\/\/expressometro.mx\/index.php\/wp-json\/wp\/v2\/posts\/3040\/revisions"}],"predecessor-version":[{"id":3047,"href":"https:\/\/expressometro.mx\/index.php\/wp-json\/wp\/v2\/posts\/3040\/revisions\/3047"}],"wp:featuredmedia":[{"embeddable":true,"href":"https:\/\/expressometro.mx\/index.php\/wp-json\/wp\/v2\/media\/3044"}],"wp:attachment":[{"href":"https:\/\/expressometro.mx\/index.php\/wp-json\/wp\/v2\/media?parent=3040"}],"wp:term":[{"taxonomy":"category","embeddable":true,"href":"https:\/\/expressometro.mx\/index.php\/wp-json\/wp\/v2\/categories?post=3040"},{"taxonomy":"post_tag","embeddable":true,"href":"https:\/\/expressometro.mx\/index.php\/wp-json\/wp\/v2\/tags?post=3040"}],"curies":[{"name":"wp","href":"https:\/\/api.w.org\/{rel}","templated":true}]}}