{"id":3026,"date":"2021-06-01T08:28:13","date_gmt":"2021-06-01T13:28:13","guid":{"rendered":"http:\/\/expressometro.mx\/?p=3026"},"modified":"2021-06-01T08:28:14","modified_gmt":"2021-06-01T13:28:14","slug":"seguridad-y-justicia-social-sin-prioridad-para-el-candidato-maurilio-hernandez","status":"publish","type":"post","link":"https:\/\/expressometro.mx\/index.php\/2021\/06\/01\/seguridad-y-justicia-social-sin-prioridad-para-el-candidato-maurilio-hernandez\/","title":{"rendered":"SEGURIDAD Y JUSTICIA SOCIAL SIN PRIORIDAD PARA EL CANDIDATO MAURILIO HERNANDEZ"},"content":{"rendered":"\n<p>A trav\u00e9s de su campa\u00f1a los planteamientos del candidato a diputado local por el Distrito 11 de Tultitl\u00e1n, Maurilio Hern\u00e1ndez, fueron claros en materia de seguridad y justicia social para los mexiquenses.<\/p>\n\n\n\n<p>Luego de haber recorrido todas las localidades de su Distrito electoral para difundir su oferta pol\u00edtica, el candidato a la reelecci\u00f3n por la coalici\u00f3n \u201cJuntos Hacemos Historia \u201c, traz\u00f3 la ruta de prioridades para los mexiquenses que se atender\u00e1n desde el Congreso.<\/p>\n\n\n\n<p>\u201cSigamos haciendo historia por nosotros y las nuevas generaciones. En 2021 y en alianza con el pueblo seguiremos cambiando la realidad del Estado de M\u00e9xico, la cuarta transformaci\u00f3n sigue y seguir\u00e1. La cuarta transformaci\u00f3n es el resultado de un proceso de construcci\u00f3n\u201d, indic\u00f3.<\/p>\n\n\n\n<p>A lo largo de las \u00faltimas semanas ha caminado en las distintas delegaciones de su distrito, entre las que destacan el apoyo al rector magisterial y la significaci\u00f3n de su trabajo, en especial en medio de la crisis sanitaria.<\/p>\n\n\n\n<p>El tambi\u00e9n l\u00edder de Morena en el Estado de M\u00e9xico ha propuesto mantener el contacto permanente con la gente, como lo ha hecho en su primer periodo como diputado.<\/p>\n\n\n\n<p>El abanderado de Morena tambi\u00e9n tiene como uno de sus principales pilares el combatir la pobreza y recuperar la Salud y Seguridad Social para todos los mexiquenses.<\/p>\n","protected":false},"excerpt":{"rendered":"<p>A trav\u00e9s de su campa\u00f1a los planteamientos del candidato a diputado local por el Distrito 11 de Tultitl\u00e1n, Maurilio Hern\u00e1ndez, fueron claros en materia de seguridad y justicia social para los mexiquenses.<\/p>\n","protected":false},"author":2,"featured_media":3028,"comment_status":"open","ping_status":"open","sticky":false,"template":"","format":"standard","meta":{"footnotes":""},"categories":[231],"tags":[534,603,99],"class_list":["post-3026","post","type-post","status-publish","format-standard","has-post-thumbnail","hentry","category-politica","tag-diputado-local","tag-distrito-11","tag-maurilio-hernandez"],"yoast_head":"<!-- This site is optimized with the Yoast SEO plugin v27.5 - https:\/\/yoast.com\/product\/yoast-seo-wordpress\/ -->\n<title>SEGURIDAD Y JUSTICIA SOCIAL SIN PRIORIDAD PARA EL CANDIDATO MAURILIO HERNANDEZ - Expresso Metropolitano<\/title>\n<meta name=\"robots\" content=\"index, follow, max-snippet:-1, max-image-preview:large, max-video-preview:-1\" \/>\n<link rel=\"canonical\" href=\"https:\/\/expressometro.mx\/index.php\/2021\/06\/01\/seguridad-y-justicia-social-sin-prioridad-para-el-candidato-maurilio-hernandez\/\" \/>\n<meta property=\"og:locale\" content=\"es_MX\" \/>\n<meta property=\"og:type\" content=\"article\" \/>\n<meta property=\"og:title\" content=\"SEGURIDAD Y JUSTICIA SOCIAL SIN PRIORIDAD PARA EL CANDIDATO MAURILIO HERNANDEZ - Expresso Metropolitano\" \/>\n<meta property=\"og:description\" content=\"A trav\u00e9s de su campa\u00f1a los planteamientos del candidato a diputado local por el Distrito 11 de Tultitl\u00e1n, Maurilio Hern\u00e1ndez, fueron claros en materia de seguridad y justicia social para los mexiquenses.\" \/>\n<meta property=\"og:url\" content=\"https:\/\/expressometro.mx\/index.php\/2021\/06\/01\/seguridad-y-justicia-social-sin-prioridad-para-el-candidato-maurilio-hernandez\/\" \/>\n<meta property=\"og:site_name\" content=\"Expresso Metropolitano\" \/>\n<meta property=\"article:published_time\" content=\"2021-06-01T13:28:13+00:00\" \/>\n<meta property=\"article:modified_time\" content=\"2021-06-01T13:28:14+00:00\" \/>\n<meta property=\"og:image\" content=\"https:\/\/expressometro.mx\/wp-content\/uploads\/2021\/06\/WhatsApp-Image-2021-06-01-at-01.25.58.jpeg\" \/>\n\t<meta property=\"og:image:width\" content=\"1280\" \/>\n\t<meta property=\"og:image:height\" content=\"853\" \/>\n\t<meta property=\"og:image:type\" content=\"image\/jpeg\" \/>\n<meta name=\"author\" content=\"Cecilia Vega\" \/>\n<meta name=\"twitter:label1\" content=\"Escrito por\" \/>\n\t<meta name=\"twitter:data1\" content=\"Cecilia Vega\" \/>\n\t<meta name=\"twitter:label2\" content=\"Tiempo de lectura\" \/>\n\t<meta name=\"twitter:data2\" content=\"1 minuto\" \/>\n<script type=\"application\/ld+json\" class=\"yoast-schema-graph\">{\"@context\":\"https:\\\/\\\/schema.org\",\"@graph\":[{\"@type\":\"Article\",\"@id\":\"https:\\\/\\\/expressometro.mx\\\/index.php\\\/2021\\\/06\\\/01\\\/seguridad-y-justicia-social-sin-prioridad-para-el-candidato-maurilio-hernandez\\\/#article\",\"isPartOf\":{\"@id\":\"https:\\\/\\\/expressometro.mx\\\/index.php\\\/2021\\\/06\\\/01\\\/seguridad-y-justicia-social-sin-prioridad-para-el-candidato-maurilio-hernandez\\\/\"},\"author\":{\"name\":\"Cecilia Vega\",\"@id\":\"https:\\\/\\\/expressometro.mx\\\/#\\\/schema\\\/person\\\/67a95b8e3862085c7598f66237488f1f\"},\"headline\":\"SEGURIDAD Y JUSTICIA SOCIAL SIN PRIORIDAD PARA EL CANDIDATO MAURILIO HERNANDEZ\",\"datePublished\":\"2021-06-01T13:28:13+00:00\",\"dateModified\":\"2021-06-01T13:28:14+00:00\",\"mainEntityOfPage\":{\"@id\":\"https:\\\/\\\/expressometro.mx\\\/index.php\\\/2021\\\/06\\\/01\\\/seguridad-y-justicia-social-sin-prioridad-para-el-candidato-maurilio-hernandez\\\/\"},\"wordCount\":237,\"commentCount\":0,\"publisher\":{\"@id\":\"https:\\\/\\\/expressometro.mx\\\/#organization\"},\"image\":{\"@id\":\"https:\\\/\\\/expressometro.mx\\\/index.php\\\/2021\\\/06\\\/01\\\/seguridad-y-justicia-social-sin-prioridad-para-el-candidato-maurilio-hernandez\\\/#primaryimage\"},\"thumbnailUrl\":\"https:\\\/\\\/expressometro.mx\\\/wp-content\\\/uploads\\\/2021\\\/06\\\/WhatsApp-Image-2021-06-01-at-01.25.58.jpeg\",\"keywords\":[\"Diputado Local\",\"Distrito 11\",\"Maurilio Hern\u00e1ndez\"],\"articleSection\":[\"Pol\u00edtica\"],\"inLanguage\":\"es\",\"potentialAction\":[{\"@type\":\"CommentAction\",\"name\":\"Comment\",\"target\":[\"https:\\\/\\\/expressometro.mx\\\/index.php\\\/2021\\\/06\\\/01\\\/seguridad-y-justicia-social-sin-prioridad-para-el-candidato-maurilio-hernandez\\\/#respond\"]}]},{\"@type\":\"WebPage\",\"@id\":\"https:\\\/\\\/expressometro.mx\\\/index.php\\\/2021\\\/06\\\/01\\\/seguridad-y-justicia-social-sin-prioridad-para-el-candidato-maurilio-hernandez\\\/\",\"url\":\"https:\\\/\\\/expressometro.mx\\\/index.php\\\/2021\\\/06\\\/01\\\/seguridad-y-justicia-social-sin-prioridad-para-el-candidato-maurilio-hernandez\\\/\",\"name\":\"SEGURIDAD Y JUSTICIA SOCIAL SIN PRIORIDAD PARA EL CANDIDATO MAURILIO HERNANDEZ - Expresso Metropolitano\",\"isPartOf\":{\"@id\":\"https:\\\/\\\/expressometro.mx\\\/#website\"},\"primaryImageOfPage\":{\"@id\":\"https:\\\/\\\/expressometro.mx\\\/index.php\\\/2021\\\/06\\\/01\\\/seguridad-y-justicia-social-sin-prioridad-para-el-candidato-maurilio-hernandez\\\/#primaryimage\"},\"image\":{\"@id\":\"https:\\\/\\\/expressometro.mx\\\/index.php\\\/2021\\\/06\\\/01\\\/seguridad-y-justicia-social-sin-prioridad-para-el-candidato-maurilio-hernandez\\\/#primaryimage\"},\"thumbnailUrl\":\"https:\\\/\\\/expressometro.mx\\\/wp-content\\\/uploads\\\/2021\\\/06\\\/WhatsApp-Image-2021-06-01-at-01.25.58.jpeg\",\"datePublished\":\"2021-06-01T13:28:13+00:00\",\"dateModified\":\"2021-06-01T13:28:14+00:00\",\"breadcrumb\":{\"@id\":\"https:\\\/\\\/expressometro.mx\\\/index.php\\\/2021\\\/06\\\/01\\\/seguridad-y-justicia-social-sin-prioridad-para-el-candidato-maurilio-hernandez\\\/#breadcrumb\"},\"inLanguage\":\"es\",\"potentialAction\":[{\"@type\":\"ReadAction\",\"target\":[\"https:\\\/\\\/expressometro.mx\\\/index.php\\\/2021\\\/06\\\/01\\\/seguridad-y-justicia-social-sin-prioridad-para-el-candidato-maurilio-hernandez\\\/\"]}]},{\"@type\":\"ImageObject\",\"inLanguage\":\"es\",\"@id\":\"https:\\\/\\\/expressometro.mx\\\/index.php\\\/2021\\\/06\\\/01\\\/seguridad-y-justicia-social-sin-prioridad-para-el-candidato-maurilio-hernandez\\\/#primaryimage\",\"url\":\"https:\\\/\\\/expressometro.mx\\\/wp-content\\\/uploads\\\/2021\\\/06\\\/WhatsApp-Image-2021-06-01-at-01.25.58.jpeg\",\"contentUrl\":\"https:\\\/\\\/expressometro.mx\\\/wp-content\\\/uploads\\\/2021\\\/06\\\/WhatsApp-Image-2021-06-01-at-01.25.58.jpeg\",\"width\":1280,\"height\":853},{\"@type\":\"BreadcrumbList\",\"@id\":\"https:\\\/\\\/expressometro.mx\\\/index.php\\\/2021\\\/06\\\/01\\\/seguridad-y-justicia-social-sin-prioridad-para-el-candidato-maurilio-hernandez\\\/#breadcrumb\",\"itemListElement\":[{\"@type\":\"ListItem\",\"position\":1,\"name\":\"Inicio\",\"item\":\"https:\\\/\\\/expressometro.mx\\\/\"},{\"@type\":\"ListItem\",\"position\":2,\"name\":\"SEGURIDAD Y JUSTICIA SOCIAL SIN PRIORIDAD PARA EL CANDIDATO MAURILIO HERNANDEZ\"}]},{\"@type\":\"WebSite\",\"@id\":\"https:\\\/\\\/expressometro.mx\\\/#website\",\"url\":\"https:\\\/\\\/expressometro.mx\\\/\",\"name\":\"Expresso Metropolitano\",\"description\":\"Periodismo comprometido, informaci\u00f3n, investigaci\u00f3n y an\u00e1lisis\",\"publisher\":{\"@id\":\"https:\\\/\\\/expressometro.mx\\\/#organization\"},\"potentialAction\":[{\"@type\":\"SearchAction\",\"target\":{\"@type\":\"EntryPoint\",\"urlTemplate\":\"https:\\\/\\\/expressometro.mx\\\/?s={search_term_string}\"},\"query-input\":{\"@type\":\"PropertyValueSpecification\",\"valueRequired\":true,\"valueName\":\"search_term_string\"}}],\"inLanguage\":\"es\"},{\"@type\":\"Organization\",\"@id\":\"https:\\\/\\\/expressometro.mx\\\/#organization\",\"name\":\"Expresso Metropolitano\",\"url\":\"https:\\\/\\\/expressometro.mx\\\/\",\"logo\":{\"@type\":\"ImageObject\",\"inLanguage\":\"es\",\"@id\":\"https:\\\/\\\/expressometro.mx\\\/#\\\/schema\\\/logo\\\/image\\\/\",\"url\":\"https:\\\/\\\/expressometro.mx\\\/wp-content\\\/uploads\\\/2019\\\/07\\\/cropped-Logo-Expresso-Metropolitano-1-1.jpeg\",\"contentUrl\":\"https:\\\/\\\/expressometro.mx\\\/wp-content\\\/uploads\\\/2019\\\/07\\\/cropped-Logo-Expresso-Metropolitano-1-1.jpeg\",\"width\":290,\"height\":73,\"caption\":\"Expresso Metropolitano\"},\"image\":{\"@id\":\"https:\\\/\\\/expressometro.mx\\\/#\\\/schema\\\/logo\\\/image\\\/\"}},{\"@type\":\"Person\",\"@id\":\"https:\\\/\\\/expressometro.mx\\\/#\\\/schema\\\/person\\\/67a95b8e3862085c7598f66237488f1f\",\"name\":\"Cecilia Vega\",\"image\":{\"@type\":\"ImageObject\",\"inLanguage\":\"es\",\"@id\":\"https:\\\/\\\/secure.gravatar.com\\\/avatar\\\/13aae9944ab2ee472a9e407c9487fdbd03b049abaa559af32fe5dbcf615c981b?s=96&d=mm&r=g\",\"url\":\"https:\\\/\\\/secure.gravatar.com\\\/avatar\\\/13aae9944ab2ee472a9e407c9487fdbd03b049abaa559af32fe5dbcf615c981b?s=96&d=mm&r=g\",\"contentUrl\":\"https:\\\/\\\/secure.gravatar.com\\\/avatar\\\/13aae9944ab2ee472a9e407c9487fdbd03b049abaa559af32fe5dbcf615c981b?s=96&d=mm&r=g\",\"caption\":\"Cecilia Vega\"},\"url\":\"https:\\\/\\\/expressometro.mx\\\/index.php\\\/author\\\/cecilia-vega\\\/\"}]}<\/script>\n<!-- \/ Yoast SEO plugin. -->","yoast_head_json":{"title":"SEGURIDAD Y JUSTICIA SOCIAL SIN PRIORIDAD PARA EL CANDIDATO MAURILIO HERNANDEZ - Expresso Metropolitano","robots":{"index":"index","follow":"follow","max-snippet":"max-snippet:-1","max-image-preview":"max-image-preview:large","max-video-preview":"max-video-preview:-1"},"canonical":"https:\/\/expressometro.mx\/index.php\/2021\/06\/01\/seguridad-y-justicia-social-sin-prioridad-para-el-candidato-maurilio-hernandez\/","og_locale":"es_MX","og_type":"article","og_title":"SEGURIDAD Y JUSTICIA SOCIAL SIN PRIORIDAD PARA EL CANDIDATO MAURILIO HERNANDEZ - Expresso Metropolitano","og_description":"A trav\u00e9s de su campa\u00f1a los planteamientos del candidato a diputado local por el Distrito 11 de Tultitl\u00e1n, Maurilio Hern\u00e1ndez, fueron claros en materia de seguridad y justicia social para los mexiquenses.","og_url":"https:\/\/expressometro.mx\/index.php\/2021\/06\/01\/seguridad-y-justicia-social-sin-prioridad-para-el-candidato-maurilio-hernandez\/","og_site_name":"Expresso Metropolitano","article_published_time":"2021-06-01T13:28:13+00:00","article_modified_time":"2021-06-01T13:28:14+00:00","og_image":[{"width":1280,"height":853,"url":"https:\/\/expressometro.mx\/wp-content\/uploads\/2021\/06\/WhatsApp-Image-2021-06-01-at-01.25.58.jpeg","type":"image\/jpeg"}],"author":"Cecilia Vega","twitter_misc":{"Escrito por":"Cecilia Vega","Tiempo de lectura":"1 minuto"},"schema":{"@context":"https:\/\/schema.org","@graph":[{"@type":"Article","@id":"https:\/\/expressometro.mx\/index.php\/2021\/06\/01\/seguridad-y-justicia-social-sin-prioridad-para-el-candidato-maurilio-hernandez\/#article","isPartOf":{"@id":"https:\/\/expressometro.mx\/index.php\/2021\/06\/01\/seguridad-y-justicia-social-sin-prioridad-para-el-candidato-maurilio-hernandez\/"},"author":{"name":"Cecilia Vega","@id":"https:\/\/expressometro.mx\/#\/schema\/person\/67a95b8e3862085c7598f66237488f1f"},"headline":"SEGURIDAD Y JUSTICIA SOCIAL SIN PRIORIDAD PARA EL CANDIDATO MAURILIO HERNANDEZ","datePublished":"2021-06-01T13:28:13+00:00","dateModified":"2021-06-01T13:28:14+00:00","mainEntityOfPage":{"@id":"https:\/\/expressometro.mx\/index.php\/2021\/06\/01\/seguridad-y-justicia-social-sin-prioridad-para-el-candidato-maurilio-hernandez\/"},"wordCount":237,"commentCount":0,"publisher":{"@id":"https:\/\/expressometro.mx\/#organization"},"image":{"@id":"https:\/\/expressometro.mx\/index.php\/2021\/06\/01\/seguridad-y-justicia-social-sin-prioridad-para-el-candidato-maurilio-hernandez\/#primaryimage"},"thumbnailUrl":"https:\/\/expressometro.mx\/wp-content\/uploads\/2021\/06\/WhatsApp-Image-2021-06-01-at-01.25.58.jpeg","keywords":["Diputado Local","Distrito 11","Maurilio Hern\u00e1ndez"],"articleSection":["Pol\u00edtica"],"inLanguage":"es","potentialAction":[{"@type":"CommentAction","name":"Comment","target":["https:\/\/expressometro.mx\/index.php\/2021\/06\/01\/seguridad-y-justicia-social-sin-prioridad-para-el-candidato-maurilio-hernandez\/#respond"]}]},{"@type":"WebPage","@id":"https:\/\/expressometro.mx\/index.php\/2021\/06\/01\/seguridad-y-justicia-social-sin-prioridad-para-el-candidato-maurilio-hernandez\/","url":"https:\/\/expressometro.mx\/index.php\/2021\/06\/01\/seguridad-y-justicia-social-sin-prioridad-para-el-candidato-maurilio-hernandez\/","name":"SEGURIDAD Y JUSTICIA SOCIAL SIN PRIORIDAD PARA EL CANDIDATO MAURILIO HERNANDEZ - Expresso Metropolitano","isPartOf":{"@id":"https:\/\/expressometro.mx\/#website"},"primaryImageOfPage":{"@id":"https:\/\/expressometro.mx\/index.php\/2021\/06\/01\/seguridad-y-justicia-social-sin-prioridad-para-el-candidato-maurilio-hernandez\/#primaryimage"},"image":{"@id":"https:\/\/expressometro.mx\/index.php\/2021\/06\/01\/seguridad-y-justicia-social-sin-prioridad-para-el-candidato-maurilio-hernandez\/#primaryimage"},"thumbnailUrl":"https:\/\/expressometro.mx\/wp-content\/uploads\/2021\/06\/WhatsApp-Image-2021-06-01-at-01.25.58.jpeg","datePublished":"2021-06-01T13:28:13+00:00","dateModified":"2021-06-01T13:28:14+00:00","breadcrumb":{"@id":"https:\/\/expressometro.mx\/index.php\/2021\/06\/01\/seguridad-y-justicia-social-sin-prioridad-para-el-candidato-maurilio-hernandez\/#breadcrumb"},"inLanguage":"es","potentialAction":[{"@type":"ReadAction","target":["https:\/\/expressometro.mx\/index.php\/2021\/06\/01\/seguridad-y-justicia-social-sin-prioridad-para-el-candidato-maurilio-hernandez\/"]}]},{"@type":"ImageObject","inLanguage":"es","@id":"https:\/\/expressometro.mx\/index.php\/2021\/06\/01\/seguridad-y-justicia-social-sin-prioridad-para-el-candidato-maurilio-hernandez\/#primaryimage","url":"https:\/\/expressometro.mx\/wp-content\/uploads\/2021\/06\/WhatsApp-Image-2021-06-01-at-01.25.58.jpeg","contentUrl":"https:\/\/expressometro.mx\/wp-content\/uploads\/2021\/06\/WhatsApp-Image-2021-06-01-at-01.25.58.jpeg","width":1280,"height":853},{"@type":"BreadcrumbList","@id":"https:\/\/expressometro.mx\/index.php\/2021\/06\/01\/seguridad-y-justicia-social-sin-prioridad-para-el-candidato-maurilio-hernandez\/#breadcrumb","itemListElement":[{"@type":"ListItem","position":1,"name":"Inicio","item":"https:\/\/expressometro.mx\/"},{"@type":"ListItem","position":2,"name":"SEGURIDAD Y JUSTICIA SOCIAL SIN PRIORIDAD PARA EL CANDIDATO MAURILIO HERNANDEZ"}]},{"@type":"WebSite","@id":"https:\/\/expressometro.mx\/#website","url":"https:\/\/expressometro.mx\/","name":"Expresso Metropolitano","description":"Periodismo comprometido, informaci\u00f3n, investigaci\u00f3n y an\u00e1lisis","publisher":{"@id":"https:\/\/expressometro.mx\/#organization"},"potentialAction":[{"@type":"SearchAction","target":{"@type":"EntryPoint","urlTemplate":"https:\/\/expressometro.mx\/?s={search_term_string}"},"query-input":{"@type":"PropertyValueSpecification","valueRequired":true,"valueName":"search_term_string"}}],"inLanguage":"es"},{"@type":"Organization","@id":"https:\/\/expressometro.mx\/#organization","name":"Expresso Metropolitano","url":"https:\/\/expressometro.mx\/","logo":{"@type":"ImageObject","inLanguage":"es","@id":"https:\/\/expressometro.mx\/#\/schema\/logo\/image\/","url":"https:\/\/expressometro.mx\/wp-content\/uploads\/2019\/07\/cropped-Logo-Expresso-Metropolitano-1-1.jpeg","contentUrl":"https:\/\/expressometro.mx\/wp-content\/uploads\/2019\/07\/cropped-Logo-Expresso-Metropolitano-1-1.jpeg","width":290,"height":73,"caption":"Expresso Metropolitano"},"image":{"@id":"https:\/\/expressometro.mx\/#\/schema\/logo\/image\/"}},{"@type":"Person","@id":"https:\/\/expressometro.mx\/#\/schema\/person\/67a95b8e3862085c7598f66237488f1f","name":"Cecilia Vega","image":{"@type":"ImageObject","inLanguage":"es","@id":"https:\/\/secure.gravatar.com\/avatar\/13aae9944ab2ee472a9e407c9487fdbd03b049abaa559af32fe5dbcf615c981b?s=96&d=mm&r=g","url":"https:\/\/secure.gravatar.com\/avatar\/13aae9944ab2ee472a9e407c9487fdbd03b049abaa559af32fe5dbcf615c981b?s=96&d=mm&r=g","contentUrl":"https:\/\/secure.gravatar.com\/avatar\/13aae9944ab2ee472a9e407c9487fdbd03b049abaa559af32fe5dbcf615c981b?s=96&d=mm&r=g","caption":"Cecilia Vega"},"url":"https:\/\/expressometro.mx\/index.php\/author\/cecilia-vega\/"}]}},"amp_enabled":true,"_links":{"self":[{"href":"https:\/\/expressometro.mx\/index.php\/wp-json\/wp\/v2\/posts\/3026","targetHints":{"allow":["GET"]}}],"collection":[{"href":"https:\/\/expressometro.mx\/index.php\/wp-json\/wp\/v2\/posts"}],"about":[{"href":"https:\/\/expressometro.mx\/index.php\/wp-json\/wp\/v2\/types\/post"}],"author":[{"embeddable":true,"href":"https:\/\/expressometro.mx\/index.php\/wp-json\/wp\/v2\/users\/2"}],"replies":[{"embeddable":true,"href":"https:\/\/expressometro.mx\/index.php\/wp-json\/wp\/v2\/comments?post=3026"}],"version-history":[{"count":1,"href":"https:\/\/expressometro.mx\/index.php\/wp-json\/wp\/v2\/posts\/3026\/revisions"}],"predecessor-version":[{"id":3029,"href":"https:\/\/expressometro.mx\/index.php\/wp-json\/wp\/v2\/posts\/3026\/revisions\/3029"}],"wp:featuredmedia":[{"embeddable":true,"href":"https:\/\/expressometro.mx\/index.php\/wp-json\/wp\/v2\/media\/3028"}],"wp:attachment":[{"href":"https:\/\/expressometro.mx\/index.php\/wp-json\/wp\/v2\/media?parent=3026"}],"wp:term":[{"taxonomy":"category","embeddable":true,"href":"https:\/\/expressometro.mx\/index.php\/wp-json\/wp\/v2\/categories?post=3026"},{"taxonomy":"post_tag","embeddable":true,"href":"https:\/\/expressometro.mx\/index.php\/wp-json\/wp\/v2\/tags?post=3026"}],"curies":[{"name":"wp","href":"https:\/\/api.w.org\/{rel}","templated":true}]}}