{"id":3001,"date":"2021-06-01T08:16:07","date_gmt":"2021-06-01T13:16:07","guid":{"rendered":"http:\/\/expressometro.mx\/?p=3001"},"modified":"2021-06-01T08:16:08","modified_gmt":"2021-06-01T13:16:08","slug":"proyectos-de-bienestar-social-oferta-politica-de-ana-muniz-neyra-en-san-mateo-atenco","status":"publish","type":"post","link":"https:\/\/expressometro.mx\/index.php\/2021\/06\/01\/proyectos-de-bienestar-social-oferta-politica-de-ana-muniz-neyra-en-san-mateo-atenco\/","title":{"rendered":"PROYECTOS DE BIENESTAR SOCIAL, OFERTA POL\u00cdTICA DE ANA MU\u00d1IZ NEYRA EN SAN MATEO ATENCO"},"content":{"rendered":"\n<p>Al realizar recorridos por los Barrios de la Concepci\u00f3n y la colonia Santa Elena, la candidata a la presidencia municipal por la Coalici\u00f3n Va por el Estado de M\u00e9xico (PAN, PRI y PRD), Ana Mu\u00f1iz Neyra, hizo hincapi\u00e9 que el pr\u00f3ximo 6 de junio la ciudadan\u00eda puede votar por la opci\u00f3n que representa pues garantiza propuestas y proyectos de bienestar social para un municipio de casi cien mil habitantes.<\/p>\n\n\n\n<p>Subray\u00f3 que quiere ser la pr\u00f3xima alcaldesa atenquense para apoyar a las mujeres y en especial a las que como ella, son madres y luchan a diario por salir adelante por sus familias; as\u00ed como proteger y mejorar las condiciones de los adultos mayores y las personas con discapacidad.<\/p>\n\n\n\n<p>En el recorrido con los vecinos, se comprometi\u00f3 a crear m\u00e1s oportunidades de estudio y becas para ni\u00f1os y adolescentes que practiquen actividades deportivas porque las familias de San Mateo Atenco, merecen vivir mejor.<\/p>\n\n\n\n<p>Mu\u00f1iz Neyra, explic\u00f3 que de llegar a salir triunfante en el proceso electoral, habr\u00e1 de reactivar los centros de alimentaci\u00f3n comunitaria, se construir\u00e1n nuevas casas de d\u00eda para los adultos mayores y una Unidad de Rehabilitaci\u00f3n e Integraci\u00f3n Social para las personas con discapacidad.<\/p>\n\n\n\n<p>La candidata por la Coalici\u00f3n PAN, PRI y PRD, anunci\u00f3 que tambi\u00e9n prev\u00e9 el programa m\u00e9dico en tu casa 24\/7 y un programa especial de apoyo a la adquisici\u00f3n de medicamentos, adem\u00e1s, de m\u00e1s personal de salud y unidades m\u00e9dicas mejor equipadas.<\/p>\n\n\n\n<p>\u201cEste 6 de junio, pido a los ciudadanos que voten por una planilla que ofrece ideas para conformar un gobierno municipal moderno, abierto, transparente, eficiente, cercano y con valores, y porque solo Unidos S\u00ed, es como lo lograremos\u201d.<\/p>\n\n\n\n<figure class=\"wp-block-gallery columns-3 is-cropped wp-block-gallery-1 is-layout-flex wp-block-gallery-is-layout-flex\"><ul class=\"blocks-gallery-grid\"><li class=\"blocks-gallery-item\"><figure><img decoding=\"async\" width=\"720\" height=\"480\" src=\"http:\/\/expressometro.mx\/wp-content\/uploads\/2021\/06\/WhatsApp-Image-2021-06-01-at-00.49.08-720x480.jpeg\" alt=\"\" data-id=\"3002\" data-link=\"http:\/\/expressometro.mx\/?attachment_id=3002\" class=\"wp-image-3002\" srcset=\"https:\/\/expressometro.mx\/wp-content\/uploads\/2021\/06\/WhatsApp-Image-2021-06-01-at-00.49.08-720x480.jpeg 720w, https:\/\/expressometro.mx\/wp-content\/uploads\/2021\/06\/WhatsApp-Image-2021-06-01-at-00.49.08-547x365.jpeg 547w, https:\/\/expressometro.mx\/wp-content\/uploads\/2021\/06\/WhatsApp-Image-2021-06-01-at-00.49.08-768x512.jpeg 768w, https:\/\/expressometro.mx\/wp-content\/uploads\/2021\/06\/WhatsApp-Image-2021-06-01-at-00.49.08-1536x1024.jpeg 1536w, https:\/\/expressometro.mx\/wp-content\/uploads\/2021\/06\/WhatsApp-Image-2021-06-01-at-00.49.08.jpeg 1600w\" sizes=\"(max-width: 720px) 100vw, 720px\" \/><\/figure><\/li><li class=\"blocks-gallery-item\"><figure><img decoding=\"async\" width=\"720\" height=\"480\" src=\"http:\/\/expressometro.mx\/wp-content\/uploads\/2021\/06\/WhatsApp-Image-2021-06-01-at-00.49.09-720x480.jpeg\" alt=\"\" data-id=\"3005\" data-link=\"http:\/\/expressometro.mx\/?attachment_id=3005\" class=\"wp-image-3005\" srcset=\"https:\/\/expressometro.mx\/wp-content\/uploads\/2021\/06\/WhatsApp-Image-2021-06-01-at-00.49.09-720x480.jpeg 720w, https:\/\/expressometro.mx\/wp-content\/uploads\/2021\/06\/WhatsApp-Image-2021-06-01-at-00.49.09-547x365.jpeg 547w, https:\/\/expressometro.mx\/wp-content\/uploads\/2021\/06\/WhatsApp-Image-2021-06-01-at-00.49.09-768x512.jpeg 768w, https:\/\/expressometro.mx\/wp-content\/uploads\/2021\/06\/WhatsApp-Image-2021-06-01-at-00.49.09-1536x1024.jpeg 1536w, https:\/\/expressometro.mx\/wp-content\/uploads\/2021\/06\/WhatsApp-Image-2021-06-01-at-00.49.09.jpeg 1600w\" sizes=\"(max-width: 720px) 100vw, 720px\" \/><\/figure><\/li><li class=\"blocks-gallery-item\"><figure><img decoding=\"async\" width=\"320\" height=\"480\" src=\"http:\/\/expressometro.mx\/wp-content\/uploads\/2021\/06\/WhatsApp-Image-2021-06-01-at-00.49.09-1-320x480.jpeg\" alt=\"\" data-id=\"3006\" data-link=\"http:\/\/expressometro.mx\/?attachment_id=3006\" class=\"wp-image-3006\" srcset=\"https:\/\/expressometro.mx\/wp-content\/uploads\/2021\/06\/WhatsApp-Image-2021-06-01-at-00.49.09-1-320x480.jpeg 320w, https:\/\/expressometro.mx\/wp-content\/uploads\/2021\/06\/WhatsApp-Image-2021-06-01-at-00.49.09-1-243x365.jpeg 243w, https:\/\/expressometro.mx\/wp-content\/uploads\/2021\/06\/WhatsApp-Image-2021-06-01-at-00.49.09-1-768x1152.jpeg 768w, https:\/\/expressometro.mx\/wp-content\/uploads\/2021\/06\/WhatsApp-Image-2021-06-01-at-00.49.09-1-1024x1536.jpeg 1024w, https:\/\/expressometro.mx\/wp-content\/uploads\/2021\/06\/WhatsApp-Image-2021-06-01-at-00.49.09-1.jpeg 1067w\" sizes=\"(max-width: 320px) 100vw, 320px\" \/><\/figure><\/li><li class=\"blocks-gallery-item\"><figure><img decoding=\"async\" width=\"577\" height=\"480\" src=\"http:\/\/expressometro.mx\/wp-content\/uploads\/2021\/06\/WhatsApp-Image-2021-06-01-at-00.49.09-2-577x480.jpeg\" alt=\"\" data-id=\"3007\" data-full-url=\"http:\/\/expressometro.mx\/wp-content\/uploads\/2021\/06\/WhatsApp-Image-2021-06-01-at-00.49.09-2.jpeg\" data-link=\"http:\/\/expressometro.mx\/?attachment_id=3007\" class=\"wp-image-3007\" srcset=\"https:\/\/expressometro.mx\/wp-content\/uploads\/2021\/06\/WhatsApp-Image-2021-06-01-at-00.49.09-2-577x480.jpeg 577w, https:\/\/expressometro.mx\/wp-content\/uploads\/2021\/06\/WhatsApp-Image-2021-06-01-at-00.49.09-2-439x365.jpeg 439w, https:\/\/expressometro.mx\/wp-content\/uploads\/2021\/06\/WhatsApp-Image-2021-06-01-at-00.49.09-2-768x639.jpeg 768w, https:\/\/expressometro.mx\/wp-content\/uploads\/2021\/06\/WhatsApp-Image-2021-06-01-at-00.49.09-2-1536x1278.jpeg 1536w, https:\/\/expressometro.mx\/wp-content\/uploads\/2021\/06\/WhatsApp-Image-2021-06-01-at-00.49.09-2.jpeg 1600w\" sizes=\"(max-width: 577px) 100vw, 577px\" \/><\/figure><\/li><\/ul><\/figure>\n","protected":false},"excerpt":{"rendered":"<p>\u201cEste 6 de junio, pido a los ciudadanos que voten por una planilla que ofrece ideas para conformar un gobierno municipal moderno, abierto, transparente, eficiente, cercano y con valores, y porque solo Unidos S\u00ed, es como lo lograremos\u201d.<\/p>\n","protected":false},"author":2,"featured_media":3003,"comment_status":"open","ping_status":"open","sticky":false,"template":"","format":"standard","meta":{"footnotes":""},"categories":[5],"tags":[387,386,393],"class_list":["post-3001","post","type-post","status-publish","format-standard","has-post-thumbnail","hentry","category-salud","tag-ana-muniz","tag-san-mateo-atenco","tag-va-por-el-estado-de-mexico"],"yoast_head":"<!-- This site is optimized with the Yoast SEO plugin v27.4 - https:\/\/yoast.com\/product\/yoast-seo-wordpress\/ -->\n<title>PROYECTOS DE BIENESTAR SOCIAL, OFERTA POL\u00cdTICA DE ANA MU\u00d1IZ NEYRA EN SAN MATEO ATENCO - Expresso Metropolitano<\/title>\n<meta name=\"robots\" content=\"index, follow, max-snippet:-1, max-image-preview:large, max-video-preview:-1\" \/>\n<link rel=\"canonical\" href=\"https:\/\/expressometro.mx\/index.php\/2021\/06\/01\/proyectos-de-bienestar-social-oferta-politica-de-ana-muniz-neyra-en-san-mateo-atenco\/\" \/>\n<meta property=\"og:locale\" content=\"es_MX\" \/>\n<meta property=\"og:type\" content=\"article\" \/>\n<meta property=\"og:title\" content=\"PROYECTOS DE BIENESTAR SOCIAL, OFERTA POL\u00cdTICA DE ANA MU\u00d1IZ NEYRA EN SAN MATEO ATENCO - Expresso Metropolitano\" \/>\n<meta property=\"og:description\" content=\"\u201cEste 6 de junio, pido a los ciudadanos que voten por una planilla que ofrece ideas para conformar un gobierno municipal moderno, abierto, transparente, eficiente, cercano y con valores, y porque solo Unidos S\u00ed, es como lo lograremos\u201d.\" \/>\n<meta property=\"og:url\" content=\"https:\/\/expressometro.mx\/index.php\/2021\/06\/01\/proyectos-de-bienestar-social-oferta-politica-de-ana-muniz-neyra-en-san-mateo-atenco\/\" \/>\n<meta property=\"og:site_name\" content=\"Expresso Metropolitano\" \/>\n<meta property=\"article:published_time\" content=\"2021-06-01T13:16:07+00:00\" \/>\n<meta property=\"article:modified_time\" content=\"2021-06-01T13:16:08+00:00\" \/>\n<meta property=\"og:image\" content=\"https:\/\/expressometro.mx\/wp-content\/uploads\/2021\/06\/WhatsApp-Image-2021-06-01-at-00.49.08-1.jpeg\" \/>\n\t<meta property=\"og:image:width\" content=\"1600\" \/>\n\t<meta property=\"og:image:height\" content=\"1067\" \/>\n\t<meta property=\"og:image:type\" content=\"image\/jpeg\" \/>\n<meta name=\"author\" content=\"Cecilia Vega\" \/>\n<meta name=\"twitter:label1\" content=\"Escrito por\" \/>\n\t<meta name=\"twitter:data1\" content=\"Cecilia Vega\" \/>\n\t<meta name=\"twitter:label2\" content=\"Tiempo de lectura\" \/>\n\t<meta name=\"twitter:data2\" content=\"3 minutos\" \/>\n<script type=\"application\/ld+json\" class=\"yoast-schema-graph\">{\"@context\":\"https:\\\/\\\/schema.org\",\"@graph\":[{\"@type\":\"Article\",\"@id\":\"https:\\\/\\\/expressometro.mx\\\/index.php\\\/2021\\\/06\\\/01\\\/proyectos-de-bienestar-social-oferta-politica-de-ana-muniz-neyra-en-san-mateo-atenco\\\/#article\",\"isPartOf\":{\"@id\":\"https:\\\/\\\/expressometro.mx\\\/index.php\\\/2021\\\/06\\\/01\\\/proyectos-de-bienestar-social-oferta-politica-de-ana-muniz-neyra-en-san-mateo-atenco\\\/\"},\"author\":{\"name\":\"Cecilia Vega\",\"@id\":\"https:\\\/\\\/expressometro.mx\\\/#\\\/schema\\\/person\\\/67a95b8e3862085c7598f66237488f1f\"},\"headline\":\"PROYECTOS DE BIENESTAR SOCIAL, OFERTA POL\u00cdTICA DE ANA MU\u00d1IZ NEYRA EN SAN MATEO ATENCO\",\"datePublished\":\"2021-06-01T13:16:07+00:00\",\"dateModified\":\"2021-06-01T13:16:08+00:00\",\"mainEntityOfPage\":{\"@id\":\"https:\\\/\\\/expressometro.mx\\\/index.php\\\/2021\\\/06\\\/01\\\/proyectos-de-bienestar-social-oferta-politica-de-ana-muniz-neyra-en-san-mateo-atenco\\\/\"},\"wordCount\":312,\"commentCount\":0,\"publisher\":{\"@id\":\"https:\\\/\\\/expressometro.mx\\\/#organization\"},\"image\":{\"@id\":\"https:\\\/\\\/expressometro.mx\\\/index.php\\\/2021\\\/06\\\/01\\\/proyectos-de-bienestar-social-oferta-politica-de-ana-muniz-neyra-en-san-mateo-atenco\\\/#primaryimage\"},\"thumbnailUrl\":\"https:\\\/\\\/expressometro.mx\\\/wp-content\\\/uploads\\\/2021\\\/06\\\/WhatsApp-Image-2021-06-01-at-00.49.08-1.jpeg\",\"keywords\":[\"Ana Mu\u00f1iz\",\"San Mateo Atenco\",\"Va por el Estado de M\u00e9xico\"],\"articleSection\":[\"Salud\"],\"inLanguage\":\"es\",\"potentialAction\":[{\"@type\":\"CommentAction\",\"name\":\"Comment\",\"target\":[\"https:\\\/\\\/expressometro.mx\\\/index.php\\\/2021\\\/06\\\/01\\\/proyectos-de-bienestar-social-oferta-politica-de-ana-muniz-neyra-en-san-mateo-atenco\\\/#respond\"]}]},{\"@type\":\"WebPage\",\"@id\":\"https:\\\/\\\/expressometro.mx\\\/index.php\\\/2021\\\/06\\\/01\\\/proyectos-de-bienestar-social-oferta-politica-de-ana-muniz-neyra-en-san-mateo-atenco\\\/\",\"url\":\"https:\\\/\\\/expressometro.mx\\\/index.php\\\/2021\\\/06\\\/01\\\/proyectos-de-bienestar-social-oferta-politica-de-ana-muniz-neyra-en-san-mateo-atenco\\\/\",\"name\":\"PROYECTOS DE BIENESTAR SOCIAL, OFERTA POL\u00cdTICA DE ANA MU\u00d1IZ NEYRA EN SAN MATEO ATENCO - Expresso Metropolitano\",\"isPartOf\":{\"@id\":\"https:\\\/\\\/expressometro.mx\\\/#website\"},\"primaryImageOfPage\":{\"@id\":\"https:\\\/\\\/expressometro.mx\\\/index.php\\\/2021\\\/06\\\/01\\\/proyectos-de-bienestar-social-oferta-politica-de-ana-muniz-neyra-en-san-mateo-atenco\\\/#primaryimage\"},\"image\":{\"@id\":\"https:\\\/\\\/expressometro.mx\\\/index.php\\\/2021\\\/06\\\/01\\\/proyectos-de-bienestar-social-oferta-politica-de-ana-muniz-neyra-en-san-mateo-atenco\\\/#primaryimage\"},\"thumbnailUrl\":\"https:\\\/\\\/expressometro.mx\\\/wp-content\\\/uploads\\\/2021\\\/06\\\/WhatsApp-Image-2021-06-01-at-00.49.08-1.jpeg\",\"datePublished\":\"2021-06-01T13:16:07+00:00\",\"dateModified\":\"2021-06-01T13:16:08+00:00\",\"breadcrumb\":{\"@id\":\"https:\\\/\\\/expressometro.mx\\\/index.php\\\/2021\\\/06\\\/01\\\/proyectos-de-bienestar-social-oferta-politica-de-ana-muniz-neyra-en-san-mateo-atenco\\\/#breadcrumb\"},\"inLanguage\":\"es\",\"potentialAction\":[{\"@type\":\"ReadAction\",\"target\":[\"https:\\\/\\\/expressometro.mx\\\/index.php\\\/2021\\\/06\\\/01\\\/proyectos-de-bienestar-social-oferta-politica-de-ana-muniz-neyra-en-san-mateo-atenco\\\/\"]}]},{\"@type\":\"ImageObject\",\"inLanguage\":\"es\",\"@id\":\"https:\\\/\\\/expressometro.mx\\\/index.php\\\/2021\\\/06\\\/01\\\/proyectos-de-bienestar-social-oferta-politica-de-ana-muniz-neyra-en-san-mateo-atenco\\\/#primaryimage\",\"url\":\"https:\\\/\\\/expressometro.mx\\\/wp-content\\\/uploads\\\/2021\\\/06\\\/WhatsApp-Image-2021-06-01-at-00.49.08-1.jpeg\",\"contentUrl\":\"https:\\\/\\\/expressometro.mx\\\/wp-content\\\/uploads\\\/2021\\\/06\\\/WhatsApp-Image-2021-06-01-at-00.49.08-1.jpeg\",\"width\":1600,\"height\":1067},{\"@type\":\"BreadcrumbList\",\"@id\":\"https:\\\/\\\/expressometro.mx\\\/index.php\\\/2021\\\/06\\\/01\\\/proyectos-de-bienestar-social-oferta-politica-de-ana-muniz-neyra-en-san-mateo-atenco\\\/#breadcrumb\",\"itemListElement\":[{\"@type\":\"ListItem\",\"position\":1,\"name\":\"Inicio\",\"item\":\"https:\\\/\\\/expressometro.mx\\\/\"},{\"@type\":\"ListItem\",\"position\":2,\"name\":\"PROYECTOS DE BIENESTAR SOCIAL, OFERTA POL\u00cdTICA DE ANA MU\u00d1IZ NEYRA EN SAN MATEO ATENCO\"}]},{\"@type\":\"WebSite\",\"@id\":\"https:\\\/\\\/expressometro.mx\\\/#website\",\"url\":\"https:\\\/\\\/expressometro.mx\\\/\",\"name\":\"Expresso Metropolitano\",\"description\":\"Periodismo comprometido, informaci\u00f3n, investigaci\u00f3n y an\u00e1lisis\",\"publisher\":{\"@id\":\"https:\\\/\\\/expressometro.mx\\\/#organization\"},\"potentialAction\":[{\"@type\":\"SearchAction\",\"target\":{\"@type\":\"EntryPoint\",\"urlTemplate\":\"https:\\\/\\\/expressometro.mx\\\/?s={search_term_string}\"},\"query-input\":{\"@type\":\"PropertyValueSpecification\",\"valueRequired\":true,\"valueName\":\"search_term_string\"}}],\"inLanguage\":\"es\"},{\"@type\":\"Organization\",\"@id\":\"https:\\\/\\\/expressometro.mx\\\/#organization\",\"name\":\"Expresso Metropolitano\",\"url\":\"https:\\\/\\\/expressometro.mx\\\/\",\"logo\":{\"@type\":\"ImageObject\",\"inLanguage\":\"es\",\"@id\":\"https:\\\/\\\/expressometro.mx\\\/#\\\/schema\\\/logo\\\/image\\\/\",\"url\":\"https:\\\/\\\/expressometro.mx\\\/wp-content\\\/uploads\\\/2019\\\/07\\\/cropped-Logo-Expresso-Metropolitano-1-1.jpeg\",\"contentUrl\":\"https:\\\/\\\/expressometro.mx\\\/wp-content\\\/uploads\\\/2019\\\/07\\\/cropped-Logo-Expresso-Metropolitano-1-1.jpeg\",\"width\":290,\"height\":73,\"caption\":\"Expresso Metropolitano\"},\"image\":{\"@id\":\"https:\\\/\\\/expressometro.mx\\\/#\\\/schema\\\/logo\\\/image\\\/\"}},{\"@type\":\"Person\",\"@id\":\"https:\\\/\\\/expressometro.mx\\\/#\\\/schema\\\/person\\\/67a95b8e3862085c7598f66237488f1f\",\"name\":\"Cecilia Vega\",\"image\":{\"@type\":\"ImageObject\",\"inLanguage\":\"es\",\"@id\":\"https:\\\/\\\/secure.gravatar.com\\\/avatar\\\/13aae9944ab2ee472a9e407c9487fdbd03b049abaa559af32fe5dbcf615c981b?s=96&d=mm&r=g\",\"url\":\"https:\\\/\\\/secure.gravatar.com\\\/avatar\\\/13aae9944ab2ee472a9e407c9487fdbd03b049abaa559af32fe5dbcf615c981b?s=96&d=mm&r=g\",\"contentUrl\":\"https:\\\/\\\/secure.gravatar.com\\\/avatar\\\/13aae9944ab2ee472a9e407c9487fdbd03b049abaa559af32fe5dbcf615c981b?s=96&d=mm&r=g\",\"caption\":\"Cecilia Vega\"},\"url\":\"https:\\\/\\\/expressometro.mx\\\/index.php\\\/author\\\/cecilia-vega\\\/\"}]}<\/script>\n<!-- \/ Yoast SEO plugin. -->","yoast_head_json":{"title":"PROYECTOS DE BIENESTAR SOCIAL, OFERTA POL\u00cdTICA DE ANA MU\u00d1IZ NEYRA EN SAN MATEO ATENCO - Expresso Metropolitano","robots":{"index":"index","follow":"follow","max-snippet":"max-snippet:-1","max-image-preview":"max-image-preview:large","max-video-preview":"max-video-preview:-1"},"canonical":"https:\/\/expressometro.mx\/index.php\/2021\/06\/01\/proyectos-de-bienestar-social-oferta-politica-de-ana-muniz-neyra-en-san-mateo-atenco\/","og_locale":"es_MX","og_type":"article","og_title":"PROYECTOS DE BIENESTAR SOCIAL, OFERTA POL\u00cdTICA DE ANA MU\u00d1IZ NEYRA EN SAN MATEO ATENCO - Expresso Metropolitano","og_description":"\u201cEste 6 de junio, pido a los ciudadanos que voten por una planilla que ofrece ideas para conformar un gobierno municipal moderno, abierto, transparente, eficiente, cercano y con valores, y porque solo Unidos S\u00ed, es como lo lograremos\u201d.","og_url":"https:\/\/expressometro.mx\/index.php\/2021\/06\/01\/proyectos-de-bienestar-social-oferta-politica-de-ana-muniz-neyra-en-san-mateo-atenco\/","og_site_name":"Expresso Metropolitano","article_published_time":"2021-06-01T13:16:07+00:00","article_modified_time":"2021-06-01T13:16:08+00:00","og_image":[{"width":1600,"height":1067,"url":"https:\/\/expressometro.mx\/wp-content\/uploads\/2021\/06\/WhatsApp-Image-2021-06-01-at-00.49.08-1.jpeg","type":"image\/jpeg"}],"author":"Cecilia Vega","twitter_misc":{"Escrito por":"Cecilia Vega","Tiempo de lectura":"3 minutos"},"schema":{"@context":"https:\/\/schema.org","@graph":[{"@type":"Article","@id":"https:\/\/expressometro.mx\/index.php\/2021\/06\/01\/proyectos-de-bienestar-social-oferta-politica-de-ana-muniz-neyra-en-san-mateo-atenco\/#article","isPartOf":{"@id":"https:\/\/expressometro.mx\/index.php\/2021\/06\/01\/proyectos-de-bienestar-social-oferta-politica-de-ana-muniz-neyra-en-san-mateo-atenco\/"},"author":{"name":"Cecilia Vega","@id":"https:\/\/expressometro.mx\/#\/schema\/person\/67a95b8e3862085c7598f66237488f1f"},"headline":"PROYECTOS DE BIENESTAR SOCIAL, OFERTA POL\u00cdTICA DE ANA MU\u00d1IZ NEYRA EN SAN MATEO ATENCO","datePublished":"2021-06-01T13:16:07+00:00","dateModified":"2021-06-01T13:16:08+00:00","mainEntityOfPage":{"@id":"https:\/\/expressometro.mx\/index.php\/2021\/06\/01\/proyectos-de-bienestar-social-oferta-politica-de-ana-muniz-neyra-en-san-mateo-atenco\/"},"wordCount":312,"commentCount":0,"publisher":{"@id":"https:\/\/expressometro.mx\/#organization"},"image":{"@id":"https:\/\/expressometro.mx\/index.php\/2021\/06\/01\/proyectos-de-bienestar-social-oferta-politica-de-ana-muniz-neyra-en-san-mateo-atenco\/#primaryimage"},"thumbnailUrl":"https:\/\/expressometro.mx\/wp-content\/uploads\/2021\/06\/WhatsApp-Image-2021-06-01-at-00.49.08-1.jpeg","keywords":["Ana Mu\u00f1iz","San Mateo Atenco","Va por el Estado de M\u00e9xico"],"articleSection":["Salud"],"inLanguage":"es","potentialAction":[{"@type":"CommentAction","name":"Comment","target":["https:\/\/expressometro.mx\/index.php\/2021\/06\/01\/proyectos-de-bienestar-social-oferta-politica-de-ana-muniz-neyra-en-san-mateo-atenco\/#respond"]}]},{"@type":"WebPage","@id":"https:\/\/expressometro.mx\/index.php\/2021\/06\/01\/proyectos-de-bienestar-social-oferta-politica-de-ana-muniz-neyra-en-san-mateo-atenco\/","url":"https:\/\/expressometro.mx\/index.php\/2021\/06\/01\/proyectos-de-bienestar-social-oferta-politica-de-ana-muniz-neyra-en-san-mateo-atenco\/","name":"PROYECTOS DE BIENESTAR SOCIAL, OFERTA POL\u00cdTICA DE ANA MU\u00d1IZ NEYRA EN SAN MATEO ATENCO - Expresso Metropolitano","isPartOf":{"@id":"https:\/\/expressometro.mx\/#website"},"primaryImageOfPage":{"@id":"https:\/\/expressometro.mx\/index.php\/2021\/06\/01\/proyectos-de-bienestar-social-oferta-politica-de-ana-muniz-neyra-en-san-mateo-atenco\/#primaryimage"},"image":{"@id":"https:\/\/expressometro.mx\/index.php\/2021\/06\/01\/proyectos-de-bienestar-social-oferta-politica-de-ana-muniz-neyra-en-san-mateo-atenco\/#primaryimage"},"thumbnailUrl":"https:\/\/expressometro.mx\/wp-content\/uploads\/2021\/06\/WhatsApp-Image-2021-06-01-at-00.49.08-1.jpeg","datePublished":"2021-06-01T13:16:07+00:00","dateModified":"2021-06-01T13:16:08+00:00","breadcrumb":{"@id":"https:\/\/expressometro.mx\/index.php\/2021\/06\/01\/proyectos-de-bienestar-social-oferta-politica-de-ana-muniz-neyra-en-san-mateo-atenco\/#breadcrumb"},"inLanguage":"es","potentialAction":[{"@type":"ReadAction","target":["https:\/\/expressometro.mx\/index.php\/2021\/06\/01\/proyectos-de-bienestar-social-oferta-politica-de-ana-muniz-neyra-en-san-mateo-atenco\/"]}]},{"@type":"ImageObject","inLanguage":"es","@id":"https:\/\/expressometro.mx\/index.php\/2021\/06\/01\/proyectos-de-bienestar-social-oferta-politica-de-ana-muniz-neyra-en-san-mateo-atenco\/#primaryimage","url":"https:\/\/expressometro.mx\/wp-content\/uploads\/2021\/06\/WhatsApp-Image-2021-06-01-at-00.49.08-1.jpeg","contentUrl":"https:\/\/expressometro.mx\/wp-content\/uploads\/2021\/06\/WhatsApp-Image-2021-06-01-at-00.49.08-1.jpeg","width":1600,"height":1067},{"@type":"BreadcrumbList","@id":"https:\/\/expressometro.mx\/index.php\/2021\/06\/01\/proyectos-de-bienestar-social-oferta-politica-de-ana-muniz-neyra-en-san-mateo-atenco\/#breadcrumb","itemListElement":[{"@type":"ListItem","position":1,"name":"Inicio","item":"https:\/\/expressometro.mx\/"},{"@type":"ListItem","position":2,"name":"PROYECTOS DE BIENESTAR SOCIAL, OFERTA POL\u00cdTICA DE ANA MU\u00d1IZ NEYRA EN SAN MATEO ATENCO"}]},{"@type":"WebSite","@id":"https:\/\/expressometro.mx\/#website","url":"https:\/\/expressometro.mx\/","name":"Expresso Metropolitano","description":"Periodismo comprometido, informaci\u00f3n, investigaci\u00f3n y an\u00e1lisis","publisher":{"@id":"https:\/\/expressometro.mx\/#organization"},"potentialAction":[{"@type":"SearchAction","target":{"@type":"EntryPoint","urlTemplate":"https:\/\/expressometro.mx\/?s={search_term_string}"},"query-input":{"@type":"PropertyValueSpecification","valueRequired":true,"valueName":"search_term_string"}}],"inLanguage":"es"},{"@type":"Organization","@id":"https:\/\/expressometro.mx\/#organization","name":"Expresso Metropolitano","url":"https:\/\/expressometro.mx\/","logo":{"@type":"ImageObject","inLanguage":"es","@id":"https:\/\/expressometro.mx\/#\/schema\/logo\/image\/","url":"https:\/\/expressometro.mx\/wp-content\/uploads\/2019\/07\/cropped-Logo-Expresso-Metropolitano-1-1.jpeg","contentUrl":"https:\/\/expressometro.mx\/wp-content\/uploads\/2019\/07\/cropped-Logo-Expresso-Metropolitano-1-1.jpeg","width":290,"height":73,"caption":"Expresso Metropolitano"},"image":{"@id":"https:\/\/expressometro.mx\/#\/schema\/logo\/image\/"}},{"@type":"Person","@id":"https:\/\/expressometro.mx\/#\/schema\/person\/67a95b8e3862085c7598f66237488f1f","name":"Cecilia Vega","image":{"@type":"ImageObject","inLanguage":"es","@id":"https:\/\/secure.gravatar.com\/avatar\/13aae9944ab2ee472a9e407c9487fdbd03b049abaa559af32fe5dbcf615c981b?s=96&d=mm&r=g","url":"https:\/\/secure.gravatar.com\/avatar\/13aae9944ab2ee472a9e407c9487fdbd03b049abaa559af32fe5dbcf615c981b?s=96&d=mm&r=g","contentUrl":"https:\/\/secure.gravatar.com\/avatar\/13aae9944ab2ee472a9e407c9487fdbd03b049abaa559af32fe5dbcf615c981b?s=96&d=mm&r=g","caption":"Cecilia Vega"},"url":"https:\/\/expressometro.mx\/index.php\/author\/cecilia-vega\/"}]}},"amp_enabled":true,"_links":{"self":[{"href":"https:\/\/expressometro.mx\/index.php\/wp-json\/wp\/v2\/posts\/3001","targetHints":{"allow":["GET"]}}],"collection":[{"href":"https:\/\/expressometro.mx\/index.php\/wp-json\/wp\/v2\/posts"}],"about":[{"href":"https:\/\/expressometro.mx\/index.php\/wp-json\/wp\/v2\/types\/post"}],"author":[{"embeddable":true,"href":"https:\/\/expressometro.mx\/index.php\/wp-json\/wp\/v2\/users\/2"}],"replies":[{"embeddable":true,"href":"https:\/\/expressometro.mx\/index.php\/wp-json\/wp\/v2\/comments?post=3001"}],"version-history":[{"count":1,"href":"https:\/\/expressometro.mx\/index.php\/wp-json\/wp\/v2\/posts\/3001\/revisions"}],"predecessor-version":[{"id":3008,"href":"https:\/\/expressometro.mx\/index.php\/wp-json\/wp\/v2\/posts\/3001\/revisions\/3008"}],"wp:featuredmedia":[{"embeddable":true,"href":"https:\/\/expressometro.mx\/index.php\/wp-json\/wp\/v2\/media\/3003"}],"wp:attachment":[{"href":"https:\/\/expressometro.mx\/index.php\/wp-json\/wp\/v2\/media?parent=3001"}],"wp:term":[{"taxonomy":"category","embeddable":true,"href":"https:\/\/expressometro.mx\/index.php\/wp-json\/wp\/v2\/categories?post=3001"},{"taxonomy":"post_tag","embeddable":true,"href":"https:\/\/expressometro.mx\/index.php\/wp-json\/wp\/v2\/tags?post=3001"}],"curies":[{"name":"wp","href":"https:\/\/api.w.org\/{rel}","templated":true}]}}