{"id":2992,"date":"2021-06-01T08:11:56","date_gmt":"2021-06-01T13:11:56","guid":{"rendered":"http:\/\/expressometro.mx\/?p=2992"},"modified":"2021-06-01T08:11:56","modified_gmt":"2021-06-01T13:11:56","slug":"politicas-publicas-sociales-y-de-desarrollo-de-metepec-se-haran-con-expertos-fernando-flores","status":"publish","type":"post","link":"https:\/\/expressometro.mx\/index.php\/2021\/06\/01\/politicas-publicas-sociales-y-de-desarrollo-de-metepec-se-haran-con-expertos-fernando-flores\/","title":{"rendered":"POL\u00cdTICAS P\u00daBLICAS SOCIALES Y DE DESARROLLO DE METEPEC SE HAR\u00c1N CON EXPERTOS: FERNANDO FLORES"},"content":{"rendered":"\n<p>El candidato de la Coalici\u00f3n \u201cVa por el Estado de M\u00e9xico\u201d, a la Presidencia Municipal de Metepec, Fernando Flores, expuso su plan de trabajo y propuestas m\u00e1s importantes para el desarrollo econ\u00f3mico y social del municipio, mismas que comenzar\u00e1n a funcionar a partir del primero de enero, cuando asuma la alcald\u00eda.<\/p>\n\n\n\n<p>Ante casi 40 miembros del Consejo Coordinador Empresarial del Estado de M\u00e9xico, encabezado por su dirigente Laura Gonz\u00e1lez, sostuvo un intercambio de preguntas, dudas y propuestas y, de algunos miembros, su compromiso de ir de la mano con Fernando Flores y apoyarlo con su voto, el pr\u00f3ximo seis de junio. Durante m\u00e1s de dos horas y media, el aspirante metepequense respondi\u00f3 cada una de las preguntas de los miembros del distinguido organismo empresarial.<\/p>\n\n\n\n<p>Por su parte, la presidenta del CCEM, Laura Gonz\u00e1lez, destac\u00f3 que la reuni\u00f3n con Flores Fern\u00e1ndez reviste una importancia sustancial por el papel de Metepec en el desarrollo econ\u00f3mico y financiero de la entidad. \u201cNecesitamos de candidatos con un proyecto concreto en materia econ\u00f3mica, generaci\u00f3n econ\u00f3mica y toda la actividad econ\u00f3mica de la zona\u201d, refiri\u00f3 la l\u00edder empresarial.<\/p>\n\n\n\n<p>Reconoci\u00f3 que es necesario que a Metepec le vaya realmente bien, pues no puede haber crecimiento y desarrollo, si no hay comunicaci\u00f3n entre autoridades, ciudadanos y empresarios.<\/p>\n\n\n\n<p>Subray\u00f3 que el sector empresarial, es un ente de estabilidad social que debe ser considerado por todos los actores pol\u00edticos como fundamental.<br>Por su parte, Fernando Flores, detall\u00f3 cada una de sus propuestas en materia econ\u00f3mica, y contest\u00f3 las dudas de los participantes sobre c\u00f3mo lograr el desarrollo de los diferentes sectores empresariales en el municipio.<\/p>\n\n\n\n<p>\u201cLos empresarios son los que generan empleo. Hoy, viven un momento muy delicado, de obst\u00e1culos y de satanizaci\u00f3n. Mujeres y hombres que trabajan por su empresa, por su familia, por la familia de sus empleados o colaboradores, y que hemos encontrado en el gobierno local, el primer gran obst\u00e1culo de corrupci\u00f3n y freno.<\/p>\n\n\n\n<p>Durante mi administraci\u00f3n, ning\u00fan tr\u00e1mite para el sector empresarial tendr\u00e1 que ser \u201caceitado\u201d, como hoy ocurre, con el diezmo o m\u00e1s del diezmo para funcionarios que ni siquiera son de Metepec, y vienen a corromper procesos que deber\u00edan ser transparentes, \u00e1giles y efectivos\u201d, detall\u00f3 el candidato.<\/p>\n\n\n\n<p>Se comprometi\u00f3 a que todos los insumos que utilice el ayuntamiento, todos, ser\u00e1n suministrados por micro, peque\u00f1os, medianos y grandes empresarios del municipio y de la regi\u00f3n.<\/p>\n\n\n\n<p>\u201cVamos a hacer obra con las empresas del Consejo Coordinador; vamos a comprar material con las peque\u00f1as y medianas empresas del municipio; vamos a invertir en la industria que ustedes proporcionan, y vamos a crear el plan de desarrollo a partir de los expertos que el Consejo tiene.<\/p>\n\n\n\n<p>Ser\u00e1n gu\u00edas, ustedes, en su \u00e1rea, de los proyectos que realicemos en el ayuntamiento\u201d, asegur\u00f3 de manera categ\u00f3rica.<br>Mis empresas act\u00faan apegadas a las leyes del pa\u00eds, y con transparencia p\u00fablica.<\/p>\n\n\n\n<p>Finalmente, y a pregunta sobre una presunta investigaci\u00f3n que lo vincula a un supuesto fraude, se\u00f1al\u00f3 que sus cuentas y las de sus empresas, han estado siempre a la vista y escrutinio de las autoridades. Se\u00f1al\u00f3 que como empresario del pa\u00eds, cumple con las responsabilidades que se ordenan desde el Gobierno. Se dijo respetuoso de este tipo de informaciones que privilegian las suposiciones, pero que est\u00e1n alejadas de la realidad y, para muestra, es que a pesar de que es informaci\u00f3n que intentan revivir de manera c\u00edclica, hasta este momento, ninguna de sus empresas ha sido requerida para aclarar alg\u00fan asunto fiscal, y, de serlo responder\u00e1 ante las autoridades competentes.<\/p>\n\n\n\n<figure class=\"wp-block-gallery columns-3 is-cropped wp-block-gallery-1 is-layout-flex wp-block-gallery-is-layout-flex\"><ul class=\"blocks-gallery-grid\"><li class=\"blocks-gallery-item\"><figure><img decoding=\"async\" width=\"360\" height=\"480\" src=\"http:\/\/expressometro.mx\/wp-content\/uploads\/2021\/06\/WhatsApp-Image-2021-06-01-at-00.39.38-360x480.jpeg\" alt=\"\" data-id=\"2994\" data-link=\"http:\/\/expressometro.mx\/?attachment_id=2994\" class=\"wp-image-2994\" srcset=\"https:\/\/expressometro.mx\/wp-content\/uploads\/2021\/06\/WhatsApp-Image-2021-06-01-at-00.39.38-360x480.jpeg 360w, https:\/\/expressometro.mx\/wp-content\/uploads\/2021\/06\/WhatsApp-Image-2021-06-01-at-00.39.38-274x365.jpeg 274w, https:\/\/expressometro.mx\/wp-content\/uploads\/2021\/06\/WhatsApp-Image-2021-06-01-at-00.39.38.jpeg 768w\" sizes=\"(max-width: 360px) 100vw, 360px\" \/><\/figure><\/li><li class=\"blocks-gallery-item\"><figure><img decoding=\"async\" width=\"720\" height=\"480\" src=\"http:\/\/expressometro.mx\/wp-content\/uploads\/2021\/06\/WhatsApp-Image-2021-06-01-at-00.39.38-1-720x480.jpeg\" alt=\"\" data-id=\"2996\" data-link=\"http:\/\/expressometro.mx\/?attachment_id=2996\" class=\"wp-image-2996\" srcset=\"https:\/\/expressometro.mx\/wp-content\/uploads\/2021\/06\/WhatsApp-Image-2021-06-01-at-00.39.38-1-720x480.jpeg 720w, https:\/\/expressometro.mx\/wp-content\/uploads\/2021\/06\/WhatsApp-Image-2021-06-01-at-00.39.38-1-548x365.jpeg 548w, https:\/\/expressometro.mx\/wp-content\/uploads\/2021\/06\/WhatsApp-Image-2021-06-01-at-00.39.38-1-768x512.jpeg 768w, https:\/\/expressometro.mx\/wp-content\/uploads\/2021\/06\/WhatsApp-Image-2021-06-01-at-00.39.38-1.jpeg 1368w\" sizes=\"(max-width: 720px) 100vw, 720px\" \/><\/figure><\/li><li class=\"blocks-gallery-item\"><figure><img decoding=\"async\" width=\"720\" height=\"480\" src=\"http:\/\/expressometro.mx\/wp-content\/uploads\/2021\/06\/WhatsApp-Image-2021-06-01-at-00.39.38-3-720x480.jpeg\" alt=\"\" data-id=\"2997\" data-link=\"http:\/\/expressometro.mx\/?attachment_id=2997\" class=\"wp-image-2997\" srcset=\"https:\/\/expressometro.mx\/wp-content\/uploads\/2021\/06\/WhatsApp-Image-2021-06-01-at-00.39.38-3-720x480.jpeg 720w, https:\/\/expressometro.mx\/wp-content\/uploads\/2021\/06\/WhatsApp-Image-2021-06-01-at-00.39.38-3-548x365.jpeg 548w, https:\/\/expressometro.mx\/wp-content\/uploads\/2021\/06\/WhatsApp-Image-2021-06-01-at-00.39.38-3-768x512.jpeg 768w, https:\/\/expressometro.mx\/wp-content\/uploads\/2021\/06\/WhatsApp-Image-2021-06-01-at-00.39.38-3.jpeg 1368w\" sizes=\"(max-width: 720px) 100vw, 720px\" \/><\/figure><\/li><li class=\"blocks-gallery-item\"><figure><img decoding=\"async\" width=\"720\" height=\"480\" src=\"http:\/\/expressometro.mx\/wp-content\/uploads\/2021\/06\/WhatsApp-Image-2021-06-01-at-00.39.38-4-720x480.jpeg\" alt=\"\" data-id=\"2998\" data-full-url=\"http:\/\/expressometro.mx\/wp-content\/uploads\/2021\/06\/WhatsApp-Image-2021-06-01-at-00.39.38-4.jpeg\" data-link=\"http:\/\/expressometro.mx\/?attachment_id=2998\" class=\"wp-image-2998\" srcset=\"https:\/\/expressometro.mx\/wp-content\/uploads\/2021\/06\/WhatsApp-Image-2021-06-01-at-00.39.38-4-720x480.jpeg 720w, https:\/\/expressometro.mx\/wp-content\/uploads\/2021\/06\/WhatsApp-Image-2021-06-01-at-00.39.38-4-548x365.jpeg 548w, https:\/\/expressometro.mx\/wp-content\/uploads\/2021\/06\/WhatsApp-Image-2021-06-01-at-00.39.38-4-768x512.jpeg 768w, https:\/\/expressometro.mx\/wp-content\/uploads\/2021\/06\/WhatsApp-Image-2021-06-01-at-00.39.38-4.jpeg 1280w\" sizes=\"(max-width: 720px) 100vw, 720px\" \/><\/figure><\/li><\/ul><\/figure>\n","protected":false},"excerpt":{"rendered":"<p>Se comprometi\u00f3 a que todos los insumos que utilice el ayuntamiento, todos, ser\u00e1n suministrados por micro, peque\u00f1os, medianos y grandes empresarios del municipio y de la regi\u00f3n.<\/p>\n","protected":false},"author":2,"featured_media":2995,"comment_status":"open","ping_status":"open","sticky":false,"template":"","format":"standard","meta":{"footnotes":""},"categories":[231],"tags":[394,184,393],"class_list":["post-2992","post","type-post","status-publish","format-standard","has-post-thumbnail","hentry","category-politica","tag-fernando-flores","tag-metepec","tag-va-por-el-estado-de-mexico"],"yoast_head":"<!-- This site is optimized with the Yoast SEO plugin v27.4 - https:\/\/yoast.com\/product\/yoast-seo-wordpress\/ -->\n<title>POL\u00cdTICAS P\u00daBLICAS SOCIALES Y DE DESARROLLO DE METEPEC SE HAR\u00c1N CON EXPERTOS: FERNANDO FLORES - Expresso Metropolitano<\/title>\n<meta name=\"robots\" content=\"index, follow, max-snippet:-1, max-image-preview:large, max-video-preview:-1\" \/>\n<link rel=\"canonical\" href=\"https:\/\/expressometro.mx\/index.php\/2021\/06\/01\/politicas-publicas-sociales-y-de-desarrollo-de-metepec-se-haran-con-expertos-fernando-flores\/\" \/>\n<meta property=\"og:locale\" content=\"es_MX\" \/>\n<meta property=\"og:type\" content=\"article\" \/>\n<meta property=\"og:title\" content=\"POL\u00cdTICAS P\u00daBLICAS SOCIALES Y DE DESARROLLO DE METEPEC SE HAR\u00c1N CON EXPERTOS: FERNANDO FLORES - Expresso Metropolitano\" \/>\n<meta property=\"og:description\" content=\"Se comprometi\u00f3 a que todos los insumos que utilice el ayuntamiento, todos, ser\u00e1n suministrados por micro, peque\u00f1os, medianos y grandes empresarios del municipio y de la regi\u00f3n.\" \/>\n<meta property=\"og:url\" content=\"https:\/\/expressometro.mx\/index.php\/2021\/06\/01\/politicas-publicas-sociales-y-de-desarrollo-de-metepec-se-haran-con-expertos-fernando-flores\/\" \/>\n<meta property=\"og:site_name\" content=\"Expresso Metropolitano\" \/>\n<meta property=\"article:published_time\" content=\"2021-06-01T13:11:56+00:00\" \/>\n<meta property=\"og:image\" content=\"https:\/\/expressometro.mx\/wp-content\/uploads\/2021\/06\/WhatsApp-Image-2021-06-01-at-00.39.38-2.jpeg\" \/>\n\t<meta property=\"og:image:width\" content=\"1368\" \/>\n\t<meta property=\"og:image:height\" content=\"912\" \/>\n\t<meta property=\"og:image:type\" content=\"image\/jpeg\" \/>\n<meta name=\"author\" content=\"Cecilia Vega\" \/>\n<meta name=\"twitter:label1\" content=\"Escrito por\" \/>\n\t<meta name=\"twitter:data1\" content=\"Cecilia Vega\" \/>\n\t<meta name=\"twitter:label2\" content=\"Tiempo de lectura\" \/>\n\t<meta name=\"twitter:data2\" content=\"4 minutos\" \/>\n<script type=\"application\/ld+json\" class=\"yoast-schema-graph\">{\"@context\":\"https:\\\/\\\/schema.org\",\"@graph\":[{\"@type\":\"Article\",\"@id\":\"https:\\\/\\\/expressometro.mx\\\/index.php\\\/2021\\\/06\\\/01\\\/politicas-publicas-sociales-y-de-desarrollo-de-metepec-se-haran-con-expertos-fernando-flores\\\/#article\",\"isPartOf\":{\"@id\":\"https:\\\/\\\/expressometro.mx\\\/index.php\\\/2021\\\/06\\\/01\\\/politicas-publicas-sociales-y-de-desarrollo-de-metepec-se-haran-con-expertos-fernando-flores\\\/\"},\"author\":{\"name\":\"Cecilia Vega\",\"@id\":\"https:\\\/\\\/expressometro.mx\\\/#\\\/schema\\\/person\\\/67a95b8e3862085c7598f66237488f1f\"},\"headline\":\"POL\u00cdTICAS P\u00daBLICAS SOCIALES Y DE DESARROLLO DE METEPEC SE HAR\u00c1N CON EXPERTOS: FERNANDO FLORES\",\"datePublished\":\"2021-06-01T13:11:56+00:00\",\"mainEntityOfPage\":{\"@id\":\"https:\\\/\\\/expressometro.mx\\\/index.php\\\/2021\\\/06\\\/01\\\/politicas-publicas-sociales-y-de-desarrollo-de-metepec-se-haran-con-expertos-fernando-flores\\\/\"},\"wordCount\":646,\"commentCount\":0,\"publisher\":{\"@id\":\"https:\\\/\\\/expressometro.mx\\\/#organization\"},\"image\":{\"@id\":\"https:\\\/\\\/expressometro.mx\\\/index.php\\\/2021\\\/06\\\/01\\\/politicas-publicas-sociales-y-de-desarrollo-de-metepec-se-haran-con-expertos-fernando-flores\\\/#primaryimage\"},\"thumbnailUrl\":\"https:\\\/\\\/expressometro.mx\\\/wp-content\\\/uploads\\\/2021\\\/06\\\/WhatsApp-Image-2021-06-01-at-00.39.38-2.jpeg\",\"keywords\":[\"Fernando Flores\",\"Metepec\",\"Va por el Estado de M\u00e9xico\"],\"articleSection\":[\"Pol\u00edtica\"],\"inLanguage\":\"es\",\"potentialAction\":[{\"@type\":\"CommentAction\",\"name\":\"Comment\",\"target\":[\"https:\\\/\\\/expressometro.mx\\\/index.php\\\/2021\\\/06\\\/01\\\/politicas-publicas-sociales-y-de-desarrollo-de-metepec-se-haran-con-expertos-fernando-flores\\\/#respond\"]}]},{\"@type\":\"WebPage\",\"@id\":\"https:\\\/\\\/expressometro.mx\\\/index.php\\\/2021\\\/06\\\/01\\\/politicas-publicas-sociales-y-de-desarrollo-de-metepec-se-haran-con-expertos-fernando-flores\\\/\",\"url\":\"https:\\\/\\\/expressometro.mx\\\/index.php\\\/2021\\\/06\\\/01\\\/politicas-publicas-sociales-y-de-desarrollo-de-metepec-se-haran-con-expertos-fernando-flores\\\/\",\"name\":\"POL\u00cdTICAS P\u00daBLICAS SOCIALES Y DE DESARROLLO DE METEPEC SE HAR\u00c1N CON EXPERTOS: FERNANDO FLORES - Expresso Metropolitano\",\"isPartOf\":{\"@id\":\"https:\\\/\\\/expressometro.mx\\\/#website\"},\"primaryImageOfPage\":{\"@id\":\"https:\\\/\\\/expressometro.mx\\\/index.php\\\/2021\\\/06\\\/01\\\/politicas-publicas-sociales-y-de-desarrollo-de-metepec-se-haran-con-expertos-fernando-flores\\\/#primaryimage\"},\"image\":{\"@id\":\"https:\\\/\\\/expressometro.mx\\\/index.php\\\/2021\\\/06\\\/01\\\/politicas-publicas-sociales-y-de-desarrollo-de-metepec-se-haran-con-expertos-fernando-flores\\\/#primaryimage\"},\"thumbnailUrl\":\"https:\\\/\\\/expressometro.mx\\\/wp-content\\\/uploads\\\/2021\\\/06\\\/WhatsApp-Image-2021-06-01-at-00.39.38-2.jpeg\",\"datePublished\":\"2021-06-01T13:11:56+00:00\",\"breadcrumb\":{\"@id\":\"https:\\\/\\\/expressometro.mx\\\/index.php\\\/2021\\\/06\\\/01\\\/politicas-publicas-sociales-y-de-desarrollo-de-metepec-se-haran-con-expertos-fernando-flores\\\/#breadcrumb\"},\"inLanguage\":\"es\",\"potentialAction\":[{\"@type\":\"ReadAction\",\"target\":[\"https:\\\/\\\/expressometro.mx\\\/index.php\\\/2021\\\/06\\\/01\\\/politicas-publicas-sociales-y-de-desarrollo-de-metepec-se-haran-con-expertos-fernando-flores\\\/\"]}]},{\"@type\":\"ImageObject\",\"inLanguage\":\"es\",\"@id\":\"https:\\\/\\\/expressometro.mx\\\/index.php\\\/2021\\\/06\\\/01\\\/politicas-publicas-sociales-y-de-desarrollo-de-metepec-se-haran-con-expertos-fernando-flores\\\/#primaryimage\",\"url\":\"https:\\\/\\\/expressometro.mx\\\/wp-content\\\/uploads\\\/2021\\\/06\\\/WhatsApp-Image-2021-06-01-at-00.39.38-2.jpeg\",\"contentUrl\":\"https:\\\/\\\/expressometro.mx\\\/wp-content\\\/uploads\\\/2021\\\/06\\\/WhatsApp-Image-2021-06-01-at-00.39.38-2.jpeg\",\"width\":1368,\"height\":912},{\"@type\":\"BreadcrumbList\",\"@id\":\"https:\\\/\\\/expressometro.mx\\\/index.php\\\/2021\\\/06\\\/01\\\/politicas-publicas-sociales-y-de-desarrollo-de-metepec-se-haran-con-expertos-fernando-flores\\\/#breadcrumb\",\"itemListElement\":[{\"@type\":\"ListItem\",\"position\":1,\"name\":\"Inicio\",\"item\":\"https:\\\/\\\/expressometro.mx\\\/\"},{\"@type\":\"ListItem\",\"position\":2,\"name\":\"POL\u00cdTICAS P\u00daBLICAS SOCIALES Y DE DESARROLLO DE METEPEC SE HAR\u00c1N CON EXPERTOS: FERNANDO FLORES\"}]},{\"@type\":\"WebSite\",\"@id\":\"https:\\\/\\\/expressometro.mx\\\/#website\",\"url\":\"https:\\\/\\\/expressometro.mx\\\/\",\"name\":\"Expresso Metropolitano\",\"description\":\"Periodismo comprometido, informaci\u00f3n, investigaci\u00f3n y an\u00e1lisis\",\"publisher\":{\"@id\":\"https:\\\/\\\/expressometro.mx\\\/#organization\"},\"potentialAction\":[{\"@type\":\"SearchAction\",\"target\":{\"@type\":\"EntryPoint\",\"urlTemplate\":\"https:\\\/\\\/expressometro.mx\\\/?s={search_term_string}\"},\"query-input\":{\"@type\":\"PropertyValueSpecification\",\"valueRequired\":true,\"valueName\":\"search_term_string\"}}],\"inLanguage\":\"es\"},{\"@type\":\"Organization\",\"@id\":\"https:\\\/\\\/expressometro.mx\\\/#organization\",\"name\":\"Expresso Metropolitano\",\"url\":\"https:\\\/\\\/expressometro.mx\\\/\",\"logo\":{\"@type\":\"ImageObject\",\"inLanguage\":\"es\",\"@id\":\"https:\\\/\\\/expressometro.mx\\\/#\\\/schema\\\/logo\\\/image\\\/\",\"url\":\"https:\\\/\\\/expressometro.mx\\\/wp-content\\\/uploads\\\/2019\\\/07\\\/cropped-Logo-Expresso-Metropolitano-1-1.jpeg\",\"contentUrl\":\"https:\\\/\\\/expressometro.mx\\\/wp-content\\\/uploads\\\/2019\\\/07\\\/cropped-Logo-Expresso-Metropolitano-1-1.jpeg\",\"width\":290,\"height\":73,\"caption\":\"Expresso Metropolitano\"},\"image\":{\"@id\":\"https:\\\/\\\/expressometro.mx\\\/#\\\/schema\\\/logo\\\/image\\\/\"}},{\"@type\":\"Person\",\"@id\":\"https:\\\/\\\/expressometro.mx\\\/#\\\/schema\\\/person\\\/67a95b8e3862085c7598f66237488f1f\",\"name\":\"Cecilia Vega\",\"image\":{\"@type\":\"ImageObject\",\"inLanguage\":\"es\",\"@id\":\"https:\\\/\\\/secure.gravatar.com\\\/avatar\\\/13aae9944ab2ee472a9e407c9487fdbd03b049abaa559af32fe5dbcf615c981b?s=96&d=mm&r=g\",\"url\":\"https:\\\/\\\/secure.gravatar.com\\\/avatar\\\/13aae9944ab2ee472a9e407c9487fdbd03b049abaa559af32fe5dbcf615c981b?s=96&d=mm&r=g\",\"contentUrl\":\"https:\\\/\\\/secure.gravatar.com\\\/avatar\\\/13aae9944ab2ee472a9e407c9487fdbd03b049abaa559af32fe5dbcf615c981b?s=96&d=mm&r=g\",\"caption\":\"Cecilia Vega\"},\"url\":\"https:\\\/\\\/expressometro.mx\\\/index.php\\\/author\\\/cecilia-vega\\\/\"}]}<\/script>\n<!-- \/ Yoast SEO plugin. -->","yoast_head_json":{"title":"POL\u00cdTICAS P\u00daBLICAS SOCIALES Y DE DESARROLLO DE METEPEC SE HAR\u00c1N CON EXPERTOS: FERNANDO FLORES - Expresso Metropolitano","robots":{"index":"index","follow":"follow","max-snippet":"max-snippet:-1","max-image-preview":"max-image-preview:large","max-video-preview":"max-video-preview:-1"},"canonical":"https:\/\/expressometro.mx\/index.php\/2021\/06\/01\/politicas-publicas-sociales-y-de-desarrollo-de-metepec-se-haran-con-expertos-fernando-flores\/","og_locale":"es_MX","og_type":"article","og_title":"POL\u00cdTICAS P\u00daBLICAS SOCIALES Y DE DESARROLLO DE METEPEC SE HAR\u00c1N CON EXPERTOS: FERNANDO FLORES - Expresso Metropolitano","og_description":"Se comprometi\u00f3 a que todos los insumos que utilice el ayuntamiento, todos, ser\u00e1n suministrados por micro, peque\u00f1os, medianos y grandes empresarios del municipio y de la regi\u00f3n.","og_url":"https:\/\/expressometro.mx\/index.php\/2021\/06\/01\/politicas-publicas-sociales-y-de-desarrollo-de-metepec-se-haran-con-expertos-fernando-flores\/","og_site_name":"Expresso Metropolitano","article_published_time":"2021-06-01T13:11:56+00:00","og_image":[{"width":1368,"height":912,"url":"https:\/\/expressometro.mx\/wp-content\/uploads\/2021\/06\/WhatsApp-Image-2021-06-01-at-00.39.38-2.jpeg","type":"image\/jpeg"}],"author":"Cecilia Vega","twitter_misc":{"Escrito por":"Cecilia Vega","Tiempo de lectura":"4 minutos"},"schema":{"@context":"https:\/\/schema.org","@graph":[{"@type":"Article","@id":"https:\/\/expressometro.mx\/index.php\/2021\/06\/01\/politicas-publicas-sociales-y-de-desarrollo-de-metepec-se-haran-con-expertos-fernando-flores\/#article","isPartOf":{"@id":"https:\/\/expressometro.mx\/index.php\/2021\/06\/01\/politicas-publicas-sociales-y-de-desarrollo-de-metepec-se-haran-con-expertos-fernando-flores\/"},"author":{"name":"Cecilia Vega","@id":"https:\/\/expressometro.mx\/#\/schema\/person\/67a95b8e3862085c7598f66237488f1f"},"headline":"POL\u00cdTICAS P\u00daBLICAS SOCIALES Y DE DESARROLLO DE METEPEC SE HAR\u00c1N CON EXPERTOS: FERNANDO FLORES","datePublished":"2021-06-01T13:11:56+00:00","mainEntityOfPage":{"@id":"https:\/\/expressometro.mx\/index.php\/2021\/06\/01\/politicas-publicas-sociales-y-de-desarrollo-de-metepec-se-haran-con-expertos-fernando-flores\/"},"wordCount":646,"commentCount":0,"publisher":{"@id":"https:\/\/expressometro.mx\/#organization"},"image":{"@id":"https:\/\/expressometro.mx\/index.php\/2021\/06\/01\/politicas-publicas-sociales-y-de-desarrollo-de-metepec-se-haran-con-expertos-fernando-flores\/#primaryimage"},"thumbnailUrl":"https:\/\/expressometro.mx\/wp-content\/uploads\/2021\/06\/WhatsApp-Image-2021-06-01-at-00.39.38-2.jpeg","keywords":["Fernando Flores","Metepec","Va por el Estado de M\u00e9xico"],"articleSection":["Pol\u00edtica"],"inLanguage":"es","potentialAction":[{"@type":"CommentAction","name":"Comment","target":["https:\/\/expressometro.mx\/index.php\/2021\/06\/01\/politicas-publicas-sociales-y-de-desarrollo-de-metepec-se-haran-con-expertos-fernando-flores\/#respond"]}]},{"@type":"WebPage","@id":"https:\/\/expressometro.mx\/index.php\/2021\/06\/01\/politicas-publicas-sociales-y-de-desarrollo-de-metepec-se-haran-con-expertos-fernando-flores\/","url":"https:\/\/expressometro.mx\/index.php\/2021\/06\/01\/politicas-publicas-sociales-y-de-desarrollo-de-metepec-se-haran-con-expertos-fernando-flores\/","name":"POL\u00cdTICAS P\u00daBLICAS SOCIALES Y DE DESARROLLO DE METEPEC SE HAR\u00c1N CON EXPERTOS: FERNANDO FLORES - Expresso Metropolitano","isPartOf":{"@id":"https:\/\/expressometro.mx\/#website"},"primaryImageOfPage":{"@id":"https:\/\/expressometro.mx\/index.php\/2021\/06\/01\/politicas-publicas-sociales-y-de-desarrollo-de-metepec-se-haran-con-expertos-fernando-flores\/#primaryimage"},"image":{"@id":"https:\/\/expressometro.mx\/index.php\/2021\/06\/01\/politicas-publicas-sociales-y-de-desarrollo-de-metepec-se-haran-con-expertos-fernando-flores\/#primaryimage"},"thumbnailUrl":"https:\/\/expressometro.mx\/wp-content\/uploads\/2021\/06\/WhatsApp-Image-2021-06-01-at-00.39.38-2.jpeg","datePublished":"2021-06-01T13:11:56+00:00","breadcrumb":{"@id":"https:\/\/expressometro.mx\/index.php\/2021\/06\/01\/politicas-publicas-sociales-y-de-desarrollo-de-metepec-se-haran-con-expertos-fernando-flores\/#breadcrumb"},"inLanguage":"es","potentialAction":[{"@type":"ReadAction","target":["https:\/\/expressometro.mx\/index.php\/2021\/06\/01\/politicas-publicas-sociales-y-de-desarrollo-de-metepec-se-haran-con-expertos-fernando-flores\/"]}]},{"@type":"ImageObject","inLanguage":"es","@id":"https:\/\/expressometro.mx\/index.php\/2021\/06\/01\/politicas-publicas-sociales-y-de-desarrollo-de-metepec-se-haran-con-expertos-fernando-flores\/#primaryimage","url":"https:\/\/expressometro.mx\/wp-content\/uploads\/2021\/06\/WhatsApp-Image-2021-06-01-at-00.39.38-2.jpeg","contentUrl":"https:\/\/expressometro.mx\/wp-content\/uploads\/2021\/06\/WhatsApp-Image-2021-06-01-at-00.39.38-2.jpeg","width":1368,"height":912},{"@type":"BreadcrumbList","@id":"https:\/\/expressometro.mx\/index.php\/2021\/06\/01\/politicas-publicas-sociales-y-de-desarrollo-de-metepec-se-haran-con-expertos-fernando-flores\/#breadcrumb","itemListElement":[{"@type":"ListItem","position":1,"name":"Inicio","item":"https:\/\/expressometro.mx\/"},{"@type":"ListItem","position":2,"name":"POL\u00cdTICAS P\u00daBLICAS SOCIALES Y DE DESARROLLO DE METEPEC SE HAR\u00c1N CON EXPERTOS: FERNANDO FLORES"}]},{"@type":"WebSite","@id":"https:\/\/expressometro.mx\/#website","url":"https:\/\/expressometro.mx\/","name":"Expresso Metropolitano","description":"Periodismo comprometido, informaci\u00f3n, investigaci\u00f3n y an\u00e1lisis","publisher":{"@id":"https:\/\/expressometro.mx\/#organization"},"potentialAction":[{"@type":"SearchAction","target":{"@type":"EntryPoint","urlTemplate":"https:\/\/expressometro.mx\/?s={search_term_string}"},"query-input":{"@type":"PropertyValueSpecification","valueRequired":true,"valueName":"search_term_string"}}],"inLanguage":"es"},{"@type":"Organization","@id":"https:\/\/expressometro.mx\/#organization","name":"Expresso Metropolitano","url":"https:\/\/expressometro.mx\/","logo":{"@type":"ImageObject","inLanguage":"es","@id":"https:\/\/expressometro.mx\/#\/schema\/logo\/image\/","url":"https:\/\/expressometro.mx\/wp-content\/uploads\/2019\/07\/cropped-Logo-Expresso-Metropolitano-1-1.jpeg","contentUrl":"https:\/\/expressometro.mx\/wp-content\/uploads\/2019\/07\/cropped-Logo-Expresso-Metropolitano-1-1.jpeg","width":290,"height":73,"caption":"Expresso Metropolitano"},"image":{"@id":"https:\/\/expressometro.mx\/#\/schema\/logo\/image\/"}},{"@type":"Person","@id":"https:\/\/expressometro.mx\/#\/schema\/person\/67a95b8e3862085c7598f66237488f1f","name":"Cecilia Vega","image":{"@type":"ImageObject","inLanguage":"es","@id":"https:\/\/secure.gravatar.com\/avatar\/13aae9944ab2ee472a9e407c9487fdbd03b049abaa559af32fe5dbcf615c981b?s=96&d=mm&r=g","url":"https:\/\/secure.gravatar.com\/avatar\/13aae9944ab2ee472a9e407c9487fdbd03b049abaa559af32fe5dbcf615c981b?s=96&d=mm&r=g","contentUrl":"https:\/\/secure.gravatar.com\/avatar\/13aae9944ab2ee472a9e407c9487fdbd03b049abaa559af32fe5dbcf615c981b?s=96&d=mm&r=g","caption":"Cecilia Vega"},"url":"https:\/\/expressometro.mx\/index.php\/author\/cecilia-vega\/"}]}},"amp_enabled":true,"_links":{"self":[{"href":"https:\/\/expressometro.mx\/index.php\/wp-json\/wp\/v2\/posts\/2992","targetHints":{"allow":["GET"]}}],"collection":[{"href":"https:\/\/expressometro.mx\/index.php\/wp-json\/wp\/v2\/posts"}],"about":[{"href":"https:\/\/expressometro.mx\/index.php\/wp-json\/wp\/v2\/types\/post"}],"author":[{"embeddable":true,"href":"https:\/\/expressometro.mx\/index.php\/wp-json\/wp\/v2\/users\/2"}],"replies":[{"embeddable":true,"href":"https:\/\/expressometro.mx\/index.php\/wp-json\/wp\/v2\/comments?post=2992"}],"version-history":[{"count":1,"href":"https:\/\/expressometro.mx\/index.php\/wp-json\/wp\/v2\/posts\/2992\/revisions"}],"predecessor-version":[{"id":2999,"href":"https:\/\/expressometro.mx\/index.php\/wp-json\/wp\/v2\/posts\/2992\/revisions\/2999"}],"wp:featuredmedia":[{"embeddable":true,"href":"https:\/\/expressometro.mx\/index.php\/wp-json\/wp\/v2\/media\/2995"}],"wp:attachment":[{"href":"https:\/\/expressometro.mx\/index.php\/wp-json\/wp\/v2\/media?parent=2992"}],"wp:term":[{"taxonomy":"category","embeddable":true,"href":"https:\/\/expressometro.mx\/index.php\/wp-json\/wp\/v2\/categories?post=2992"},{"taxonomy":"post_tag","embeddable":true,"href":"https:\/\/expressometro.mx\/index.php\/wp-json\/wp\/v2\/tags?post=2992"}],"curies":[{"name":"wp","href":"https:\/\/api.w.org\/{rel}","templated":true}]}}