{"id":295,"date":"2019-08-30T22:00:21","date_gmt":"2019-08-31T03:00:21","guid":{"rendered":"http:\/\/expressometro.mx\/?p=295"},"modified":"2019-09-25T10:36:56","modified_gmt":"2019-09-25T15:36:56","slug":"invita-gem-a-exposicion-dirigida-por-en-el-centro-cultural-mexiquense","status":"publish","type":"post","link":"https:\/\/expressometro.mx\/index.php\/2019\/08\/30\/invita-gem-a-exposicion-dirigida-por-en-el-centro-cultural-mexiquense\/","title":{"rendered":"INVITA GEM A EXPOSICI\u00d3N \u201cDIRIGIDA POR\u2026\u201d EN EL CENTRO CULTURAL MEXIQUENSE"},"content":{"rendered":"\n<p>Ante un p\u00fablico reunido en el vest\u00edbulo de la Cineteca Mexiquense, autoridades de la Secretar\u00eda de Cultura estatal inauguraron la exposici\u00f3n \u201cDirigida por\u2026\u201d, dedicada a las y los directores que han sido galardonados por la Academia Mexicana de Artes y Ciencias Cinematogr\u00e1ficas (AMACC).<\/p>\n\n\n\n<p>Dicha instituci\u00f3n, fundada en 1946, otorga el Ariel, estatuilla de plata o de oro, a las personalidades m\u00e1s destacadas que hacen el cine mexicano.<\/p>\n\n\n\n<p>A trav\u00e9s de 67 im\u00e1genes de gran formato, realizadas por el fot\u00f3grafo mexicano Carlos Somonte, la muestra est\u00e1 dividida en las categor\u00edas Direcci\u00f3n, Largometrajes de ficci\u00f3n, Documental, Animaci\u00f3n y \u00d3pera prima.<\/p>\n\n\n\n<p>En el acto inaugural estuvieron presentes el Director Ernesto Contreras, Presidente de la AMACC, T\u00e1bata Vilar Villa, Directora General de la C\u00e1mara Nacional de la Industria Cinematogr\u00e1fica (Canacine), Ivett Tinoco Garc\u00eda, Directora General de Patrimonio y Servicios Culturales, No\u00e9 Tovar Soto, Director de la Cineteca Mexiquense, y Alma Alvarado, Jefa del \u00c1rea de Proyectos Especiales, quien asisti\u00f3 en representaci\u00f3n de la Secretaria de Cultura.<\/p>\n\n\n\n<p>\u201cLa Celebraci\u00f3n del primer aniversario de la Cineteca Mexiquense es un acontecimiento que ha sido posible gracias al esfuerzo del Gobierno del Estado de M\u00e9xico con el objetivo de acercar a los ciudadanos al s\u00e9ptimo arte\u201d, coment\u00f3 Alma Alvarado.<\/p>\n\n\n\n<p>Agreg\u00f3 que, durante este primer a\u00f1o de operaci\u00f3n, la Cineteca Mexiquense ha recibido a m\u00e1s de 30 mil espectadores, quienes han podido disfrutar de distintas expresiones cinematogr\u00e1ficas, locales, estatales, nacionales y del mundo.<\/p>\n\n\n\n<p>Posteriormente, se realiz\u00f3 un recorrido por la exposici\u00f3n, que hace referencia a la diversidad, a los g\u00e9neros, edades, estilos y aproximaciones particulares de cada directora y director.<\/p>\n\n\n\n<p>Se les registra de manera poco solemne, incluso irreverente, con la intenci\u00f3n de priorizar al personaje y su personalidad, en cada caso.<\/p>\n\n\n\n<p>La sesi\u00f3n fotogr\u00e1fica se realiz\u00f3 mayoritariamente en Casa Bu\u00f1uel, actual sede de la AMACC, en la cual el fot\u00f3grafo hizo uso de casi todos los rincones del inmueble, utilizando espacios poco convencionales como azoteas, regaderas, ba\u00f1os, esquinas y archiveros, como otros m\u00e1s arquitect\u00f3nicos o caracter\u00edsticos de esta construcci\u00f3n.<\/p>\n\n\n\n<p>La celebraci\u00f3n de este Primer Aniversario cierra con esta exposici\u00f3n que estar\u00e1 vigente hasta enero de 2020 en la entrada del Centro Cultural Mexiquense.<\/p>\n","protected":false},"excerpt":{"rendered":"<p>Ante un p\u00fablico reunido en el vest\u00edbulo de la Cineteca Mexiquense, autoridades de la Secretar\u00eda de Cultura estatal inauguraron la exposici\u00f3n \u201cDirigida por\u2026\u201d, dedicada a las y los directores que han sido galardonados por la Academia Mexicana de Artes y Ciencias Cinematogr\u00e1ficas (AMACC). Dicha instituci\u00f3n, fundada en 1946, otorga el Ariel, estatuilla de plata o de oro, a las personalidades m\u00e1s destacadas que hacen el cine mexicano. A trav\u00e9s de 67 im\u00e1genes de gran formato, realizadas por el fot\u00f3grafo mexicano Carlos Somonte, la muestra est\u00e1 dividida en las categor\u00edas Direcci\u00f3n,&hellip;<\/p>\n","protected":false},"author":1,"featured_media":0,"comment_status":"open","ping_status":"open","sticky":false,"template":"","format":"standard","meta":{"footnotes":""},"categories":[1],"tags":[],"class_list":["post-295","post","type-post","status-publish","format-standard","hentry","category-otros"],"yoast_head":"<!-- This site is optimized with the Yoast SEO plugin v27.4 - https:\/\/yoast.com\/product\/yoast-seo-wordpress\/ -->\n<title>INVITA GEM A EXPOSICI\u00d3N \u201cDIRIGIDA POR\u2026\u201d EN EL CENTRO CULTURAL MEXIQUENSE - Expresso Metropolitano<\/title>\n<meta name=\"robots\" content=\"index, follow, max-snippet:-1, max-image-preview:large, max-video-preview:-1\" \/>\n<link rel=\"canonical\" href=\"https:\/\/expressometro.mx\/index.php\/2019\/08\/30\/invita-gem-a-exposicion-dirigida-por-en-el-centro-cultural-mexiquense\/\" \/>\n<meta property=\"og:locale\" content=\"es_MX\" \/>\n<meta property=\"og:type\" content=\"article\" \/>\n<meta property=\"og:title\" content=\"INVITA GEM A EXPOSICI\u00d3N \u201cDIRIGIDA POR\u2026\u201d EN EL CENTRO CULTURAL MEXIQUENSE - Expresso Metropolitano\" \/>\n<meta property=\"og:description\" content=\"Ante un p\u00fablico reunido en el vest\u00edbulo de la Cineteca Mexiquense, autoridades de la Secretar\u00eda de Cultura estatal inauguraron la exposici\u00f3n \u201cDirigida por\u2026\u201d, dedicada a las y los directores que han sido galardonados por la Academia Mexicana de Artes y Ciencias Cinematogr\u00e1ficas (AMACC). Dicha instituci\u00f3n, fundada en 1946, otorga el Ariel, estatuilla de plata o de oro, a las personalidades m\u00e1s destacadas que hacen el cine mexicano. A trav\u00e9s de 67 im\u00e1genes de gran formato, realizadas por el fot\u00f3grafo mexicano Carlos Somonte, la muestra est\u00e1 dividida en las categor\u00edas Direcci\u00f3n,&hellip;\" \/>\n<meta property=\"og:url\" content=\"https:\/\/expressometro.mx\/index.php\/2019\/08\/30\/invita-gem-a-exposicion-dirigida-por-en-el-centro-cultural-mexiquense\/\" \/>\n<meta property=\"og:site_name\" content=\"Expresso Metropolitano\" \/>\n<meta property=\"article:published_time\" content=\"2019-08-31T03:00:21+00:00\" \/>\n<meta property=\"article:modified_time\" content=\"2019-09-25T15:36:56+00:00\" \/>\n<meta property=\"og:image\" content=\"https:\/\/expressometro.mx\/wp-content\/uploads\/2019\/08\/w2_8856_2.jpg\" \/>\n\t<meta property=\"og:image:width\" content=\"1300\" \/>\n\t<meta property=\"og:image:height\" content=\"866\" \/>\n\t<meta property=\"og:image:type\" content=\"image\/jpeg\" \/>\n<meta name=\"author\" content=\"Expresso Metropolitano\" \/>\n<meta name=\"twitter:label1\" content=\"Escrito por\" \/>\n\t<meta name=\"twitter:data1\" content=\"Expresso Metropolitano\" \/>\n\t<meta name=\"twitter:label2\" content=\"Tiempo de lectura\" \/>\n\t<meta name=\"twitter:data2\" content=\"2 minutos\" \/>\n<script type=\"application\/ld+json\" class=\"yoast-schema-graph\">{\"@context\":\"https:\\\/\\\/schema.org\",\"@graph\":[{\"@type\":\"Article\",\"@id\":\"https:\\\/\\\/expressometro.mx\\\/index.php\\\/2019\\\/08\\\/30\\\/invita-gem-a-exposicion-dirigida-por-en-el-centro-cultural-mexiquense\\\/#article\",\"isPartOf\":{\"@id\":\"https:\\\/\\\/expressometro.mx\\\/index.php\\\/2019\\\/08\\\/30\\\/invita-gem-a-exposicion-dirigida-por-en-el-centro-cultural-mexiquense\\\/\"},\"author\":{\"name\":\"Expresso Metropolitano\",\"@id\":\"https:\\\/\\\/expressometro.mx\\\/#\\\/schema\\\/person\\\/efa971b4a0664db8ed5c22b1b0dd2f5d\"},\"headline\":\"INVITA GEM A EXPOSICI\u00d3N \u201cDIRIGIDA POR\u2026\u201d EN EL CENTRO CULTURAL MEXIQUENSE\",\"datePublished\":\"2019-08-31T03:00:21+00:00\",\"dateModified\":\"2019-09-25T15:36:56+00:00\",\"mainEntityOfPage\":{\"@id\":\"https:\\\/\\\/expressometro.mx\\\/index.php\\\/2019\\\/08\\\/30\\\/invita-gem-a-exposicion-dirigida-por-en-el-centro-cultural-mexiquense\\\/\"},\"wordCount\":403,\"commentCount\":0,\"publisher\":{\"@id\":\"https:\\\/\\\/expressometro.mx\\\/#organization\"},\"articleSection\":[\"Otros\"],\"inLanguage\":\"es\",\"potentialAction\":[{\"@type\":\"CommentAction\",\"name\":\"Comment\",\"target\":[\"https:\\\/\\\/expressometro.mx\\\/index.php\\\/2019\\\/08\\\/30\\\/invita-gem-a-exposicion-dirigida-por-en-el-centro-cultural-mexiquense\\\/#respond\"]}]},{\"@type\":\"WebPage\",\"@id\":\"https:\\\/\\\/expressometro.mx\\\/index.php\\\/2019\\\/08\\\/30\\\/invita-gem-a-exposicion-dirigida-por-en-el-centro-cultural-mexiquense\\\/\",\"url\":\"https:\\\/\\\/expressometro.mx\\\/index.php\\\/2019\\\/08\\\/30\\\/invita-gem-a-exposicion-dirigida-por-en-el-centro-cultural-mexiquense\\\/\",\"name\":\"INVITA GEM A EXPOSICI\u00d3N \u201cDIRIGIDA POR\u2026\u201d EN EL CENTRO CULTURAL MEXIQUENSE - Expresso Metropolitano\",\"isPartOf\":{\"@id\":\"https:\\\/\\\/expressometro.mx\\\/#website\"},\"datePublished\":\"2019-08-31T03:00:21+00:00\",\"dateModified\":\"2019-09-25T15:36:56+00:00\",\"breadcrumb\":{\"@id\":\"https:\\\/\\\/expressometro.mx\\\/index.php\\\/2019\\\/08\\\/30\\\/invita-gem-a-exposicion-dirigida-por-en-el-centro-cultural-mexiquense\\\/#breadcrumb\"},\"inLanguage\":\"es\",\"potentialAction\":[{\"@type\":\"ReadAction\",\"target\":[\"https:\\\/\\\/expressometro.mx\\\/index.php\\\/2019\\\/08\\\/30\\\/invita-gem-a-exposicion-dirigida-por-en-el-centro-cultural-mexiquense\\\/\"]}]},{\"@type\":\"BreadcrumbList\",\"@id\":\"https:\\\/\\\/expressometro.mx\\\/index.php\\\/2019\\\/08\\\/30\\\/invita-gem-a-exposicion-dirigida-por-en-el-centro-cultural-mexiquense\\\/#breadcrumb\",\"itemListElement\":[{\"@type\":\"ListItem\",\"position\":1,\"name\":\"Inicio\",\"item\":\"https:\\\/\\\/expressometro.mx\\\/\"},{\"@type\":\"ListItem\",\"position\":2,\"name\":\"INVITA GEM A EXPOSICI\u00d3N \u201cDIRIGIDA POR\u2026\u201d EN EL CENTRO CULTURAL MEXIQUENSE\"}]},{\"@type\":\"WebSite\",\"@id\":\"https:\\\/\\\/expressometro.mx\\\/#website\",\"url\":\"https:\\\/\\\/expressometro.mx\\\/\",\"name\":\"Expresso Metropolitano\",\"description\":\"Periodismo comprometido, informaci\u00f3n, investigaci\u00f3n y an\u00e1lisis\",\"publisher\":{\"@id\":\"https:\\\/\\\/expressometro.mx\\\/#organization\"},\"potentialAction\":[{\"@type\":\"SearchAction\",\"target\":{\"@type\":\"EntryPoint\",\"urlTemplate\":\"https:\\\/\\\/expressometro.mx\\\/?s={search_term_string}\"},\"query-input\":{\"@type\":\"PropertyValueSpecification\",\"valueRequired\":true,\"valueName\":\"search_term_string\"}}],\"inLanguage\":\"es\"},{\"@type\":\"Organization\",\"@id\":\"https:\\\/\\\/expressometro.mx\\\/#organization\",\"name\":\"Expresso Metropolitano\",\"url\":\"https:\\\/\\\/expressometro.mx\\\/\",\"logo\":{\"@type\":\"ImageObject\",\"inLanguage\":\"es\",\"@id\":\"https:\\\/\\\/expressometro.mx\\\/#\\\/schema\\\/logo\\\/image\\\/\",\"url\":\"https:\\\/\\\/expressometro.mx\\\/wp-content\\\/uploads\\\/2019\\\/07\\\/cropped-Logo-Expresso-Metropolitano-1-1.jpeg\",\"contentUrl\":\"https:\\\/\\\/expressometro.mx\\\/wp-content\\\/uploads\\\/2019\\\/07\\\/cropped-Logo-Expresso-Metropolitano-1-1.jpeg\",\"width\":290,\"height\":73,\"caption\":\"Expresso Metropolitano\"},\"image\":{\"@id\":\"https:\\\/\\\/expressometro.mx\\\/#\\\/schema\\\/logo\\\/image\\\/\"}},{\"@type\":\"Person\",\"@id\":\"https:\\\/\\\/expressometro.mx\\\/#\\\/schema\\\/person\\\/efa971b4a0664db8ed5c22b1b0dd2f5d\",\"name\":\"Expresso Metropolitano\",\"image\":{\"@type\":\"ImageObject\",\"inLanguage\":\"es\",\"@id\":\"https:\\\/\\\/secure.gravatar.com\\\/avatar\\\/a89f802b8de18c6952f223c88d3d106e9e3679839f4e25a02f4a6cc2ae6ba3b3?s=96&d=mm&r=g\",\"url\":\"https:\\\/\\\/secure.gravatar.com\\\/avatar\\\/a89f802b8de18c6952f223c88d3d106e9e3679839f4e25a02f4a6cc2ae6ba3b3?s=96&d=mm&r=g\",\"contentUrl\":\"https:\\\/\\\/secure.gravatar.com\\\/avatar\\\/a89f802b8de18c6952f223c88d3d106e9e3679839f4e25a02f4a6cc2ae6ba3b3?s=96&d=mm&r=g\",\"caption\":\"Expresso Metropolitano\"},\"url\":\"https:\\\/\\\/expressometro.mx\\\/index.php\\\/author\\\/diego\\\/\"}]}<\/script>\n<!-- \/ Yoast SEO plugin. -->","yoast_head_json":{"title":"INVITA GEM A EXPOSICI\u00d3N \u201cDIRIGIDA POR\u2026\u201d EN EL CENTRO CULTURAL MEXIQUENSE - Expresso Metropolitano","robots":{"index":"index","follow":"follow","max-snippet":"max-snippet:-1","max-image-preview":"max-image-preview:large","max-video-preview":"max-video-preview:-1"},"canonical":"https:\/\/expressometro.mx\/index.php\/2019\/08\/30\/invita-gem-a-exposicion-dirigida-por-en-el-centro-cultural-mexiquense\/","og_locale":"es_MX","og_type":"article","og_title":"INVITA GEM A EXPOSICI\u00d3N \u201cDIRIGIDA POR\u2026\u201d EN EL CENTRO CULTURAL MEXIQUENSE - Expresso Metropolitano","og_description":"Ante un p\u00fablico reunido en el vest\u00edbulo de la Cineteca Mexiquense, autoridades de la Secretar\u00eda de Cultura estatal inauguraron la exposici\u00f3n \u201cDirigida por\u2026\u201d, dedicada a las y los directores que han sido galardonados por la Academia Mexicana de Artes y Ciencias Cinematogr\u00e1ficas (AMACC). Dicha instituci\u00f3n, fundada en 1946, otorga el Ariel, estatuilla de plata o de oro, a las personalidades m\u00e1s destacadas que hacen el cine mexicano. A trav\u00e9s de 67 im\u00e1genes de gran formato, realizadas por el fot\u00f3grafo mexicano Carlos Somonte, la muestra est\u00e1 dividida en las categor\u00edas Direcci\u00f3n,&hellip;","og_url":"https:\/\/expressometro.mx\/index.php\/2019\/08\/30\/invita-gem-a-exposicion-dirigida-por-en-el-centro-cultural-mexiquense\/","og_site_name":"Expresso Metropolitano","article_published_time":"2019-08-31T03:00:21+00:00","article_modified_time":"2019-09-25T15:36:56+00:00","og_image":[{"width":1300,"height":866,"url":"https:\/\/expressometro.mx\/wp-content\/uploads\/2019\/08\/w2_8856_2.jpg","type":"image\/jpeg"}],"author":"Expresso Metropolitano","twitter_misc":{"Escrito por":"Expresso Metropolitano","Tiempo de lectura":"2 minutos"},"schema":{"@context":"https:\/\/schema.org","@graph":[{"@type":"Article","@id":"https:\/\/expressometro.mx\/index.php\/2019\/08\/30\/invita-gem-a-exposicion-dirigida-por-en-el-centro-cultural-mexiquense\/#article","isPartOf":{"@id":"https:\/\/expressometro.mx\/index.php\/2019\/08\/30\/invita-gem-a-exposicion-dirigida-por-en-el-centro-cultural-mexiquense\/"},"author":{"name":"Expresso Metropolitano","@id":"https:\/\/expressometro.mx\/#\/schema\/person\/efa971b4a0664db8ed5c22b1b0dd2f5d"},"headline":"INVITA GEM A EXPOSICI\u00d3N \u201cDIRIGIDA POR\u2026\u201d EN EL CENTRO CULTURAL MEXIQUENSE","datePublished":"2019-08-31T03:00:21+00:00","dateModified":"2019-09-25T15:36:56+00:00","mainEntityOfPage":{"@id":"https:\/\/expressometro.mx\/index.php\/2019\/08\/30\/invita-gem-a-exposicion-dirigida-por-en-el-centro-cultural-mexiquense\/"},"wordCount":403,"commentCount":0,"publisher":{"@id":"https:\/\/expressometro.mx\/#organization"},"articleSection":["Otros"],"inLanguage":"es","potentialAction":[{"@type":"CommentAction","name":"Comment","target":["https:\/\/expressometro.mx\/index.php\/2019\/08\/30\/invita-gem-a-exposicion-dirigida-por-en-el-centro-cultural-mexiquense\/#respond"]}]},{"@type":"WebPage","@id":"https:\/\/expressometro.mx\/index.php\/2019\/08\/30\/invita-gem-a-exposicion-dirigida-por-en-el-centro-cultural-mexiquense\/","url":"https:\/\/expressometro.mx\/index.php\/2019\/08\/30\/invita-gem-a-exposicion-dirigida-por-en-el-centro-cultural-mexiquense\/","name":"INVITA GEM A EXPOSICI\u00d3N \u201cDIRIGIDA POR\u2026\u201d EN EL CENTRO CULTURAL MEXIQUENSE - Expresso Metropolitano","isPartOf":{"@id":"https:\/\/expressometro.mx\/#website"},"datePublished":"2019-08-31T03:00:21+00:00","dateModified":"2019-09-25T15:36:56+00:00","breadcrumb":{"@id":"https:\/\/expressometro.mx\/index.php\/2019\/08\/30\/invita-gem-a-exposicion-dirigida-por-en-el-centro-cultural-mexiquense\/#breadcrumb"},"inLanguage":"es","potentialAction":[{"@type":"ReadAction","target":["https:\/\/expressometro.mx\/index.php\/2019\/08\/30\/invita-gem-a-exposicion-dirigida-por-en-el-centro-cultural-mexiquense\/"]}]},{"@type":"BreadcrumbList","@id":"https:\/\/expressometro.mx\/index.php\/2019\/08\/30\/invita-gem-a-exposicion-dirigida-por-en-el-centro-cultural-mexiquense\/#breadcrumb","itemListElement":[{"@type":"ListItem","position":1,"name":"Inicio","item":"https:\/\/expressometro.mx\/"},{"@type":"ListItem","position":2,"name":"INVITA GEM A EXPOSICI\u00d3N \u201cDIRIGIDA POR\u2026\u201d EN EL CENTRO CULTURAL MEXIQUENSE"}]},{"@type":"WebSite","@id":"https:\/\/expressometro.mx\/#website","url":"https:\/\/expressometro.mx\/","name":"Expresso Metropolitano","description":"Periodismo comprometido, informaci\u00f3n, investigaci\u00f3n y an\u00e1lisis","publisher":{"@id":"https:\/\/expressometro.mx\/#organization"},"potentialAction":[{"@type":"SearchAction","target":{"@type":"EntryPoint","urlTemplate":"https:\/\/expressometro.mx\/?s={search_term_string}"},"query-input":{"@type":"PropertyValueSpecification","valueRequired":true,"valueName":"search_term_string"}}],"inLanguage":"es"},{"@type":"Organization","@id":"https:\/\/expressometro.mx\/#organization","name":"Expresso Metropolitano","url":"https:\/\/expressometro.mx\/","logo":{"@type":"ImageObject","inLanguage":"es","@id":"https:\/\/expressometro.mx\/#\/schema\/logo\/image\/","url":"https:\/\/expressometro.mx\/wp-content\/uploads\/2019\/07\/cropped-Logo-Expresso-Metropolitano-1-1.jpeg","contentUrl":"https:\/\/expressometro.mx\/wp-content\/uploads\/2019\/07\/cropped-Logo-Expresso-Metropolitano-1-1.jpeg","width":290,"height":73,"caption":"Expresso Metropolitano"},"image":{"@id":"https:\/\/expressometro.mx\/#\/schema\/logo\/image\/"}},{"@type":"Person","@id":"https:\/\/expressometro.mx\/#\/schema\/person\/efa971b4a0664db8ed5c22b1b0dd2f5d","name":"Expresso Metropolitano","image":{"@type":"ImageObject","inLanguage":"es","@id":"https:\/\/secure.gravatar.com\/avatar\/a89f802b8de18c6952f223c88d3d106e9e3679839f4e25a02f4a6cc2ae6ba3b3?s=96&d=mm&r=g","url":"https:\/\/secure.gravatar.com\/avatar\/a89f802b8de18c6952f223c88d3d106e9e3679839f4e25a02f4a6cc2ae6ba3b3?s=96&d=mm&r=g","contentUrl":"https:\/\/secure.gravatar.com\/avatar\/a89f802b8de18c6952f223c88d3d106e9e3679839f4e25a02f4a6cc2ae6ba3b3?s=96&d=mm&r=g","caption":"Expresso Metropolitano"},"url":"https:\/\/expressometro.mx\/index.php\/author\/diego\/"}]}},"amp_enabled":true,"_links":{"self":[{"href":"https:\/\/expressometro.mx\/index.php\/wp-json\/wp\/v2\/posts\/295","targetHints":{"allow":["GET"]}}],"collection":[{"href":"https:\/\/expressometro.mx\/index.php\/wp-json\/wp\/v2\/posts"}],"about":[{"href":"https:\/\/expressometro.mx\/index.php\/wp-json\/wp\/v2\/types\/post"}],"author":[{"embeddable":true,"href":"https:\/\/expressometro.mx\/index.php\/wp-json\/wp\/v2\/users\/1"}],"replies":[{"embeddable":true,"href":"https:\/\/expressometro.mx\/index.php\/wp-json\/wp\/v2\/comments?post=295"}],"version-history":[{"count":1,"href":"https:\/\/expressometro.mx\/index.php\/wp-json\/wp\/v2\/posts\/295\/revisions"}],"predecessor-version":[{"id":297,"href":"https:\/\/expressometro.mx\/index.php\/wp-json\/wp\/v2\/posts\/295\/revisions\/297"}],"wp:attachment":[{"href":"https:\/\/expressometro.mx\/index.php\/wp-json\/wp\/v2\/media?parent=295"}],"wp:term":[{"taxonomy":"category","embeddable":true,"href":"https:\/\/expressometro.mx\/index.php\/wp-json\/wp\/v2\/categories?post=295"},{"taxonomy":"post_tag","embeddable":true,"href":"https:\/\/expressometro.mx\/index.php\/wp-json\/wp\/v2\/tags?post=295"}],"curies":[{"name":"wp","href":"https:\/\/api.w.org\/{rel}","templated":true}]}}