{"id":2915,"date":"2021-05-28T08:05:53","date_gmt":"2021-05-28T13:05:53","guid":{"rendered":"http:\/\/expressometro.mx\/?p=2915"},"modified":"2021-05-28T08:05:54","modified_gmt":"2021-05-28T13:05:54","slug":"promete-ana-muniz-neyra-construir-unidad-de-rehabilitacion-para-personas-con-discapacidad","status":"publish","type":"post","link":"https:\/\/expressometro.mx\/index.php\/2021\/05\/28\/promete-ana-muniz-neyra-construir-unidad-de-rehabilitacion-para-personas-con-discapacidad\/","title":{"rendered":"PROMETE ANA MU\u00d1IZ NEYRA CONSTRUIR UNIDAD DE REHABILITACI\u00d3N PARA PERSONAS CON DISCAPACIDAD"},"content":{"rendered":"\n<p>De salir con la victoria electoral el pr\u00f3ximo 6 de junio, se promover\u00e1 la construcci\u00f3n de una Unidad de Rehabilitaci\u00f3n e Integraci\u00f3n Social (URIS), en apoyo de casi 3 mil 500 personas que padecen alg\u00fan tipo de discapacidad en San Mateo Atenco.<\/p>\n\n\n\n<p>Sostuvo lo anterior Ana Mu\u00f1iz Neyra, aspirante a la Presidencia Municipal de San Mateo Atenco, por la Coalici\u00f3n Va por el Estado de M\u00e9xico (PAN, PRI y PRD) y dijo firme \u201cQueremos conformar un municipio justo, incluyente y solidario. Para proteger los derechos de nuestras familias, mejorar su calidad de vida y que nadie se quede atr\u00e1s&#8221;.<\/p>\n\n\n\n<p>Reiter\u00f3 que se buscar\u00e1 que las personas con discapacidad tengan oportunidades para una vida plena para ellas y sus familias. As\u00ed como que cuenten con espacios adecuados para llevar a cabo su rehabilitaci\u00f3n aunado a crear espacios para el deporte adaptado en las instalaciones de la Deportiva municipal.<\/p>\n\n\n\n<p>La candidata por el PAN, PRI y PRD, consider\u00f3 que las personas con discapacidad tienen derecho a a programas educativos, y a la inclusi\u00f3n laboral y social.<\/p>\n\n\n\n<p>&#8220;Dentro del nuevo ordenamiento urbano y comercial queremos contar con espacios que promuevan la inclusi\u00f3n, rampas, lugares exclusivos para personas con discapacidad as\u00ed como garantizar la movilidad y sobre todo, impulsar la cultura de derechos y de oportunidades para todos&#8221;.<\/p>\n\n\n\n<p>Unidos S\u00ed, a\u00f1adi\u00f3, es que podremos lograr una sociedad justa e igualitaria donde todos tengamos la oportunidad de vivir mejor y la esperanza de alcanzar sue\u00f1os.<\/p>\n\n\n\n<p>De manera paralela, agreg\u00f3, se instalar\u00e1n centros de alimentaci\u00f3n comunitaria y se fortalecer\u00e1n los centros de abasto.<\/p>\n\n\n\n<p>En reuni\u00f3n efectuada en el Barrio de la Concepci\u00f3n, anunci\u00f3 que se adquirir\u00e1 el primer autob\u00fas para grupos sociales, en el cual los adultos mayores puedan hacer viajes recreativos.<\/p>\n\n\n\n<p>Igualmente, se construir\u00e1n nuevas casas de d\u00eda en las que se impartir\u00e1n talleres de manualidades, danza y deportes.<\/p>\n\n\n\n<p>Otra de las acciones que se realizar\u00e1n es el programa M\u00e9dico en tu Casa, 24\/7, mediante el cual las personas que requieran asistencia m\u00e9dica la tendr\u00e1n de forma gratuita.<\/p>\n\n\n\n<p>Tambi\u00e9n habr\u00e1 un programa especial de apoyo para medicamentos.<\/p>\n\n\n\n<p>Ana Mu\u00f1iz Neyra, recalc\u00f3 que se habr\u00e1 de promover una cultura de respeto y de integraci\u00f3n social y con el apoyo de la ciudadan\u00eda se alcanzar\u00e1 el triunfo el pr\u00f3ximo domingo 6 de junio&#8221;.<\/p>\n\n\n\n<figure class=\"wp-block-gallery columns-3 is-cropped wp-block-gallery-1 is-layout-flex wp-block-gallery-is-layout-flex\"><ul class=\"blocks-gallery-grid\"><li class=\"blocks-gallery-item\"><figure><img decoding=\"async\" width=\"720\" height=\"480\" src=\"http:\/\/expressometro.mx\/wp-content\/uploads\/2021\/05\/WhatsApp-Image-2021-05-28-at-07.56.52-1-720x480.jpeg\" alt=\"\" data-id=\"2917\" data-link=\"http:\/\/expressometro.mx\/?attachment_id=2917\" class=\"wp-image-2917\" srcset=\"https:\/\/expressometro.mx\/wp-content\/uploads\/2021\/05\/WhatsApp-Image-2021-05-28-at-07.56.52-1-720x480.jpeg 720w, https:\/\/expressometro.mx\/wp-content\/uploads\/2021\/05\/WhatsApp-Image-2021-05-28-at-07.56.52-1-547x365.jpeg 547w, https:\/\/expressometro.mx\/wp-content\/uploads\/2021\/05\/WhatsApp-Image-2021-05-28-at-07.56.52-1-768x512.jpeg 768w, https:\/\/expressometro.mx\/wp-content\/uploads\/2021\/05\/WhatsApp-Image-2021-05-28-at-07.56.52-1-1536x1024.jpeg 1536w, https:\/\/expressometro.mx\/wp-content\/uploads\/2021\/05\/WhatsApp-Image-2021-05-28-at-07.56.52-1.jpeg 1600w\" sizes=\"(max-width: 720px) 100vw, 720px\" \/><\/figure><\/li><li class=\"blocks-gallery-item\"><figure><img decoding=\"async\" width=\"720\" height=\"480\" src=\"http:\/\/expressometro.mx\/wp-content\/uploads\/2021\/05\/WhatsApp-Image-2021-05-28-at-07.56.52-2-720x480.jpeg\" alt=\"\" data-id=\"2919\" data-link=\"http:\/\/expressometro.mx\/?attachment_id=2919\" class=\"wp-image-2919\" srcset=\"https:\/\/expressometro.mx\/wp-content\/uploads\/2021\/05\/WhatsApp-Image-2021-05-28-at-07.56.52-2-720x480.jpeg 720w, https:\/\/expressometro.mx\/wp-content\/uploads\/2021\/05\/WhatsApp-Image-2021-05-28-at-07.56.52-2-547x365.jpeg 547w, https:\/\/expressometro.mx\/wp-content\/uploads\/2021\/05\/WhatsApp-Image-2021-05-28-at-07.56.52-2-768x512.jpeg 768w, https:\/\/expressometro.mx\/wp-content\/uploads\/2021\/05\/WhatsApp-Image-2021-05-28-at-07.56.52-2-1536x1024.jpeg 1536w, https:\/\/expressometro.mx\/wp-content\/uploads\/2021\/05\/WhatsApp-Image-2021-05-28-at-07.56.52-2.jpeg 1600w\" sizes=\"(max-width: 720px) 100vw, 720px\" \/><\/figure><\/li><li class=\"blocks-gallery-item\"><figure><img decoding=\"async\" width=\"787\" height=\"480\" src=\"http:\/\/expressometro.mx\/wp-content\/uploads\/2021\/05\/WhatsApp-Image-2021-05-28-at-07.56.52-3-787x480.jpeg\" alt=\"\" data-id=\"2920\" data-full-url=\"http:\/\/expressometro.mx\/wp-content\/uploads\/2021\/05\/WhatsApp-Image-2021-05-28-at-07.56.52-3.jpeg\" data-link=\"http:\/\/expressometro.mx\/?attachment_id=2920\" class=\"wp-image-2920\" srcset=\"https:\/\/expressometro.mx\/wp-content\/uploads\/2021\/05\/WhatsApp-Image-2021-05-28-at-07.56.52-3-787x480.jpeg 787w, https:\/\/expressometro.mx\/wp-content\/uploads\/2021\/05\/WhatsApp-Image-2021-05-28-at-07.56.52-3-598x365.jpeg 598w, https:\/\/expressometro.mx\/wp-content\/uploads\/2021\/05\/WhatsApp-Image-2021-05-28-at-07.56.52-3-768x468.jpeg 768w, https:\/\/expressometro.mx\/wp-content\/uploads\/2021\/05\/WhatsApp-Image-2021-05-28-at-07.56.52-3-1536x937.jpeg 1536w, https:\/\/expressometro.mx\/wp-content\/uploads\/2021\/05\/WhatsApp-Image-2021-05-28-at-07.56.52-3.jpeg 1600w\" sizes=\"(max-width: 787px) 100vw, 787px\" \/><\/figure><\/li><\/ul><\/figure>\n","protected":false},"excerpt":{"rendered":"<p>Ana Mu\u00f1iz Neyra, recalc\u00f3 que se habr\u00e1 de promover una cultura de respeto y de integraci\u00f3n social y con el apoyo de la ciudadan\u00eda se alcanzar\u00e1 el triunfo el pr\u00f3ximo domingo 6 de junio&#8221;.<\/p>\n","protected":false},"author":2,"featured_media":2918,"comment_status":"open","ping_status":"open","sticky":false,"template":"","format":"standard","meta":{"footnotes":""},"categories":[231],"tags":[387,386,393],"class_list":["post-2915","post","type-post","status-publish","format-standard","has-post-thumbnail","hentry","category-politica","tag-ana-muniz","tag-san-mateo-atenco","tag-va-por-el-estado-de-mexico"],"yoast_head":"<!-- This site is optimized with the Yoast SEO plugin v27.5 - https:\/\/yoast.com\/product\/yoast-seo-wordpress\/ -->\n<title>PROMETE ANA MU\u00d1IZ NEYRA CONSTRUIR UNIDAD DE REHABILITACI\u00d3N PARA PERSONAS CON DISCAPACIDAD - Expresso Metropolitano<\/title>\n<meta name=\"robots\" content=\"index, follow, max-snippet:-1, max-image-preview:large, max-video-preview:-1\" \/>\n<link rel=\"canonical\" href=\"https:\/\/expressometro.mx\/index.php\/2021\/05\/28\/promete-ana-muniz-neyra-construir-unidad-de-rehabilitacion-para-personas-con-discapacidad\/\" \/>\n<meta property=\"og:locale\" content=\"es_MX\" \/>\n<meta property=\"og:type\" content=\"article\" \/>\n<meta property=\"og:title\" content=\"PROMETE ANA MU\u00d1IZ NEYRA CONSTRUIR UNIDAD DE REHABILITACI\u00d3N PARA PERSONAS CON DISCAPACIDAD - Expresso Metropolitano\" \/>\n<meta property=\"og:description\" content=\"Ana Mu\u00f1iz Neyra, recalc\u00f3 que se habr\u00e1 de promover una cultura de respeto y de integraci\u00f3n social y con el apoyo de la ciudadan\u00eda se alcanzar\u00e1 el triunfo el pr\u00f3ximo domingo 6 de junio&quot;.\" \/>\n<meta property=\"og:url\" content=\"https:\/\/expressometro.mx\/index.php\/2021\/05\/28\/promete-ana-muniz-neyra-construir-unidad-de-rehabilitacion-para-personas-con-discapacidad\/\" \/>\n<meta property=\"og:site_name\" content=\"Expresso Metropolitano\" \/>\n<meta property=\"article:published_time\" content=\"2021-05-28T13:05:53+00:00\" \/>\n<meta property=\"article:modified_time\" content=\"2021-05-28T13:05:54+00:00\" \/>\n<meta property=\"og:image\" content=\"https:\/\/expressometro.mx\/wp-content\/uploads\/2021\/05\/WhatsApp-Image-2021-05-28-at-07.56.52.jpeg\" \/>\n\t<meta property=\"og:image:width\" content=\"1600\" \/>\n\t<meta property=\"og:image:height\" content=\"989\" \/>\n\t<meta property=\"og:image:type\" content=\"image\/jpeg\" \/>\n<meta name=\"author\" content=\"Cecilia Vega\" \/>\n<meta name=\"twitter:label1\" content=\"Escrito por\" \/>\n\t<meta name=\"twitter:data1\" content=\"Cecilia Vega\" \/>\n\t<meta name=\"twitter:label2\" content=\"Tiempo de lectura\" \/>\n\t<meta name=\"twitter:data2\" content=\"3 minutos\" \/>\n<script type=\"application\/ld+json\" class=\"yoast-schema-graph\">{\"@context\":\"https:\\\/\\\/schema.org\",\"@graph\":[{\"@type\":\"Article\",\"@id\":\"https:\\\/\\\/expressometro.mx\\\/index.php\\\/2021\\\/05\\\/28\\\/promete-ana-muniz-neyra-construir-unidad-de-rehabilitacion-para-personas-con-discapacidad\\\/#article\",\"isPartOf\":{\"@id\":\"https:\\\/\\\/expressometro.mx\\\/index.php\\\/2021\\\/05\\\/28\\\/promete-ana-muniz-neyra-construir-unidad-de-rehabilitacion-para-personas-con-discapacidad\\\/\"},\"author\":{\"name\":\"Cecilia Vega\",\"@id\":\"https:\\\/\\\/expressometro.mx\\\/#\\\/schema\\\/person\\\/67a95b8e3862085c7598f66237488f1f\"},\"headline\":\"PROMETE ANA MU\u00d1IZ NEYRA CONSTRUIR UNIDAD DE REHABILITACI\u00d3N PARA PERSONAS CON DISCAPACIDAD\",\"datePublished\":\"2021-05-28T13:05:53+00:00\",\"dateModified\":\"2021-05-28T13:05:54+00:00\",\"mainEntityOfPage\":{\"@id\":\"https:\\\/\\\/expressometro.mx\\\/index.php\\\/2021\\\/05\\\/28\\\/promete-ana-muniz-neyra-construir-unidad-de-rehabilitacion-para-personas-con-discapacidad\\\/\"},\"wordCount\":417,\"commentCount\":0,\"publisher\":{\"@id\":\"https:\\\/\\\/expressometro.mx\\\/#organization\"},\"image\":{\"@id\":\"https:\\\/\\\/expressometro.mx\\\/index.php\\\/2021\\\/05\\\/28\\\/promete-ana-muniz-neyra-construir-unidad-de-rehabilitacion-para-personas-con-discapacidad\\\/#primaryimage\"},\"thumbnailUrl\":\"https:\\\/\\\/expressometro.mx\\\/wp-content\\\/uploads\\\/2021\\\/05\\\/WhatsApp-Image-2021-05-28-at-07.56.52.jpeg\",\"keywords\":[\"Ana Mu\u00f1iz\",\"San Mateo Atenco\",\"Va por el Estado de M\u00e9xico\"],\"articleSection\":[\"Pol\u00edtica\"],\"inLanguage\":\"es\",\"potentialAction\":[{\"@type\":\"CommentAction\",\"name\":\"Comment\",\"target\":[\"https:\\\/\\\/expressometro.mx\\\/index.php\\\/2021\\\/05\\\/28\\\/promete-ana-muniz-neyra-construir-unidad-de-rehabilitacion-para-personas-con-discapacidad\\\/#respond\"]}]},{\"@type\":\"WebPage\",\"@id\":\"https:\\\/\\\/expressometro.mx\\\/index.php\\\/2021\\\/05\\\/28\\\/promete-ana-muniz-neyra-construir-unidad-de-rehabilitacion-para-personas-con-discapacidad\\\/\",\"url\":\"https:\\\/\\\/expressometro.mx\\\/index.php\\\/2021\\\/05\\\/28\\\/promete-ana-muniz-neyra-construir-unidad-de-rehabilitacion-para-personas-con-discapacidad\\\/\",\"name\":\"PROMETE ANA MU\u00d1IZ NEYRA CONSTRUIR UNIDAD DE REHABILITACI\u00d3N PARA PERSONAS CON DISCAPACIDAD - Expresso Metropolitano\",\"isPartOf\":{\"@id\":\"https:\\\/\\\/expressometro.mx\\\/#website\"},\"primaryImageOfPage\":{\"@id\":\"https:\\\/\\\/expressometro.mx\\\/index.php\\\/2021\\\/05\\\/28\\\/promete-ana-muniz-neyra-construir-unidad-de-rehabilitacion-para-personas-con-discapacidad\\\/#primaryimage\"},\"image\":{\"@id\":\"https:\\\/\\\/expressometro.mx\\\/index.php\\\/2021\\\/05\\\/28\\\/promete-ana-muniz-neyra-construir-unidad-de-rehabilitacion-para-personas-con-discapacidad\\\/#primaryimage\"},\"thumbnailUrl\":\"https:\\\/\\\/expressometro.mx\\\/wp-content\\\/uploads\\\/2021\\\/05\\\/WhatsApp-Image-2021-05-28-at-07.56.52.jpeg\",\"datePublished\":\"2021-05-28T13:05:53+00:00\",\"dateModified\":\"2021-05-28T13:05:54+00:00\",\"breadcrumb\":{\"@id\":\"https:\\\/\\\/expressometro.mx\\\/index.php\\\/2021\\\/05\\\/28\\\/promete-ana-muniz-neyra-construir-unidad-de-rehabilitacion-para-personas-con-discapacidad\\\/#breadcrumb\"},\"inLanguage\":\"es\",\"potentialAction\":[{\"@type\":\"ReadAction\",\"target\":[\"https:\\\/\\\/expressometro.mx\\\/index.php\\\/2021\\\/05\\\/28\\\/promete-ana-muniz-neyra-construir-unidad-de-rehabilitacion-para-personas-con-discapacidad\\\/\"]}]},{\"@type\":\"ImageObject\",\"inLanguage\":\"es\",\"@id\":\"https:\\\/\\\/expressometro.mx\\\/index.php\\\/2021\\\/05\\\/28\\\/promete-ana-muniz-neyra-construir-unidad-de-rehabilitacion-para-personas-con-discapacidad\\\/#primaryimage\",\"url\":\"https:\\\/\\\/expressometro.mx\\\/wp-content\\\/uploads\\\/2021\\\/05\\\/WhatsApp-Image-2021-05-28-at-07.56.52.jpeg\",\"contentUrl\":\"https:\\\/\\\/expressometro.mx\\\/wp-content\\\/uploads\\\/2021\\\/05\\\/WhatsApp-Image-2021-05-28-at-07.56.52.jpeg\",\"width\":1600,\"height\":989},{\"@type\":\"BreadcrumbList\",\"@id\":\"https:\\\/\\\/expressometro.mx\\\/index.php\\\/2021\\\/05\\\/28\\\/promete-ana-muniz-neyra-construir-unidad-de-rehabilitacion-para-personas-con-discapacidad\\\/#breadcrumb\",\"itemListElement\":[{\"@type\":\"ListItem\",\"position\":1,\"name\":\"Inicio\",\"item\":\"https:\\\/\\\/expressometro.mx\\\/\"},{\"@type\":\"ListItem\",\"position\":2,\"name\":\"PROMETE ANA MU\u00d1IZ NEYRA CONSTRUIR UNIDAD DE REHABILITACI\u00d3N PARA PERSONAS CON DISCAPACIDAD\"}]},{\"@type\":\"WebSite\",\"@id\":\"https:\\\/\\\/expressometro.mx\\\/#website\",\"url\":\"https:\\\/\\\/expressometro.mx\\\/\",\"name\":\"Expresso Metropolitano\",\"description\":\"Periodismo comprometido, informaci\u00f3n, investigaci\u00f3n y an\u00e1lisis\",\"publisher\":{\"@id\":\"https:\\\/\\\/expressometro.mx\\\/#organization\"},\"potentialAction\":[{\"@type\":\"SearchAction\",\"target\":{\"@type\":\"EntryPoint\",\"urlTemplate\":\"https:\\\/\\\/expressometro.mx\\\/?s={search_term_string}\"},\"query-input\":{\"@type\":\"PropertyValueSpecification\",\"valueRequired\":true,\"valueName\":\"search_term_string\"}}],\"inLanguage\":\"es\"},{\"@type\":\"Organization\",\"@id\":\"https:\\\/\\\/expressometro.mx\\\/#organization\",\"name\":\"Expresso Metropolitano\",\"url\":\"https:\\\/\\\/expressometro.mx\\\/\",\"logo\":{\"@type\":\"ImageObject\",\"inLanguage\":\"es\",\"@id\":\"https:\\\/\\\/expressometro.mx\\\/#\\\/schema\\\/logo\\\/image\\\/\",\"url\":\"https:\\\/\\\/expressometro.mx\\\/wp-content\\\/uploads\\\/2019\\\/07\\\/cropped-Logo-Expresso-Metropolitano-1-1.jpeg\",\"contentUrl\":\"https:\\\/\\\/expressometro.mx\\\/wp-content\\\/uploads\\\/2019\\\/07\\\/cropped-Logo-Expresso-Metropolitano-1-1.jpeg\",\"width\":290,\"height\":73,\"caption\":\"Expresso Metropolitano\"},\"image\":{\"@id\":\"https:\\\/\\\/expressometro.mx\\\/#\\\/schema\\\/logo\\\/image\\\/\"}},{\"@type\":\"Person\",\"@id\":\"https:\\\/\\\/expressometro.mx\\\/#\\\/schema\\\/person\\\/67a95b8e3862085c7598f66237488f1f\",\"name\":\"Cecilia Vega\",\"image\":{\"@type\":\"ImageObject\",\"inLanguage\":\"es\",\"@id\":\"https:\\\/\\\/secure.gravatar.com\\\/avatar\\\/13aae9944ab2ee472a9e407c9487fdbd03b049abaa559af32fe5dbcf615c981b?s=96&d=mm&r=g\",\"url\":\"https:\\\/\\\/secure.gravatar.com\\\/avatar\\\/13aae9944ab2ee472a9e407c9487fdbd03b049abaa559af32fe5dbcf615c981b?s=96&d=mm&r=g\",\"contentUrl\":\"https:\\\/\\\/secure.gravatar.com\\\/avatar\\\/13aae9944ab2ee472a9e407c9487fdbd03b049abaa559af32fe5dbcf615c981b?s=96&d=mm&r=g\",\"caption\":\"Cecilia Vega\"},\"url\":\"https:\\\/\\\/expressometro.mx\\\/index.php\\\/author\\\/cecilia-vega\\\/\"}]}<\/script>\n<!-- \/ Yoast SEO plugin. -->","yoast_head_json":{"title":"PROMETE ANA MU\u00d1IZ NEYRA CONSTRUIR UNIDAD DE REHABILITACI\u00d3N PARA PERSONAS CON DISCAPACIDAD - Expresso Metropolitano","robots":{"index":"index","follow":"follow","max-snippet":"max-snippet:-1","max-image-preview":"max-image-preview:large","max-video-preview":"max-video-preview:-1"},"canonical":"https:\/\/expressometro.mx\/index.php\/2021\/05\/28\/promete-ana-muniz-neyra-construir-unidad-de-rehabilitacion-para-personas-con-discapacidad\/","og_locale":"es_MX","og_type":"article","og_title":"PROMETE ANA MU\u00d1IZ NEYRA CONSTRUIR UNIDAD DE REHABILITACI\u00d3N PARA PERSONAS CON DISCAPACIDAD - Expresso Metropolitano","og_description":"Ana Mu\u00f1iz Neyra, recalc\u00f3 que se habr\u00e1 de promover una cultura de respeto y de integraci\u00f3n social y con el apoyo de la ciudadan\u00eda se alcanzar\u00e1 el triunfo el pr\u00f3ximo domingo 6 de junio\".","og_url":"https:\/\/expressometro.mx\/index.php\/2021\/05\/28\/promete-ana-muniz-neyra-construir-unidad-de-rehabilitacion-para-personas-con-discapacidad\/","og_site_name":"Expresso Metropolitano","article_published_time":"2021-05-28T13:05:53+00:00","article_modified_time":"2021-05-28T13:05:54+00:00","og_image":[{"width":1600,"height":989,"url":"https:\/\/expressometro.mx\/wp-content\/uploads\/2021\/05\/WhatsApp-Image-2021-05-28-at-07.56.52.jpeg","type":"image\/jpeg"}],"author":"Cecilia Vega","twitter_misc":{"Escrito por":"Cecilia Vega","Tiempo de lectura":"3 minutos"},"schema":{"@context":"https:\/\/schema.org","@graph":[{"@type":"Article","@id":"https:\/\/expressometro.mx\/index.php\/2021\/05\/28\/promete-ana-muniz-neyra-construir-unidad-de-rehabilitacion-para-personas-con-discapacidad\/#article","isPartOf":{"@id":"https:\/\/expressometro.mx\/index.php\/2021\/05\/28\/promete-ana-muniz-neyra-construir-unidad-de-rehabilitacion-para-personas-con-discapacidad\/"},"author":{"name":"Cecilia Vega","@id":"https:\/\/expressometro.mx\/#\/schema\/person\/67a95b8e3862085c7598f66237488f1f"},"headline":"PROMETE ANA MU\u00d1IZ NEYRA CONSTRUIR UNIDAD DE REHABILITACI\u00d3N PARA PERSONAS CON DISCAPACIDAD","datePublished":"2021-05-28T13:05:53+00:00","dateModified":"2021-05-28T13:05:54+00:00","mainEntityOfPage":{"@id":"https:\/\/expressometro.mx\/index.php\/2021\/05\/28\/promete-ana-muniz-neyra-construir-unidad-de-rehabilitacion-para-personas-con-discapacidad\/"},"wordCount":417,"commentCount":0,"publisher":{"@id":"https:\/\/expressometro.mx\/#organization"},"image":{"@id":"https:\/\/expressometro.mx\/index.php\/2021\/05\/28\/promete-ana-muniz-neyra-construir-unidad-de-rehabilitacion-para-personas-con-discapacidad\/#primaryimage"},"thumbnailUrl":"https:\/\/expressometro.mx\/wp-content\/uploads\/2021\/05\/WhatsApp-Image-2021-05-28-at-07.56.52.jpeg","keywords":["Ana Mu\u00f1iz","San Mateo Atenco","Va por el Estado de M\u00e9xico"],"articleSection":["Pol\u00edtica"],"inLanguage":"es","potentialAction":[{"@type":"CommentAction","name":"Comment","target":["https:\/\/expressometro.mx\/index.php\/2021\/05\/28\/promete-ana-muniz-neyra-construir-unidad-de-rehabilitacion-para-personas-con-discapacidad\/#respond"]}]},{"@type":"WebPage","@id":"https:\/\/expressometro.mx\/index.php\/2021\/05\/28\/promete-ana-muniz-neyra-construir-unidad-de-rehabilitacion-para-personas-con-discapacidad\/","url":"https:\/\/expressometro.mx\/index.php\/2021\/05\/28\/promete-ana-muniz-neyra-construir-unidad-de-rehabilitacion-para-personas-con-discapacidad\/","name":"PROMETE ANA MU\u00d1IZ NEYRA CONSTRUIR UNIDAD DE REHABILITACI\u00d3N PARA PERSONAS CON DISCAPACIDAD - Expresso Metropolitano","isPartOf":{"@id":"https:\/\/expressometro.mx\/#website"},"primaryImageOfPage":{"@id":"https:\/\/expressometro.mx\/index.php\/2021\/05\/28\/promete-ana-muniz-neyra-construir-unidad-de-rehabilitacion-para-personas-con-discapacidad\/#primaryimage"},"image":{"@id":"https:\/\/expressometro.mx\/index.php\/2021\/05\/28\/promete-ana-muniz-neyra-construir-unidad-de-rehabilitacion-para-personas-con-discapacidad\/#primaryimage"},"thumbnailUrl":"https:\/\/expressometro.mx\/wp-content\/uploads\/2021\/05\/WhatsApp-Image-2021-05-28-at-07.56.52.jpeg","datePublished":"2021-05-28T13:05:53+00:00","dateModified":"2021-05-28T13:05:54+00:00","breadcrumb":{"@id":"https:\/\/expressometro.mx\/index.php\/2021\/05\/28\/promete-ana-muniz-neyra-construir-unidad-de-rehabilitacion-para-personas-con-discapacidad\/#breadcrumb"},"inLanguage":"es","potentialAction":[{"@type":"ReadAction","target":["https:\/\/expressometro.mx\/index.php\/2021\/05\/28\/promete-ana-muniz-neyra-construir-unidad-de-rehabilitacion-para-personas-con-discapacidad\/"]}]},{"@type":"ImageObject","inLanguage":"es","@id":"https:\/\/expressometro.mx\/index.php\/2021\/05\/28\/promete-ana-muniz-neyra-construir-unidad-de-rehabilitacion-para-personas-con-discapacidad\/#primaryimage","url":"https:\/\/expressometro.mx\/wp-content\/uploads\/2021\/05\/WhatsApp-Image-2021-05-28-at-07.56.52.jpeg","contentUrl":"https:\/\/expressometro.mx\/wp-content\/uploads\/2021\/05\/WhatsApp-Image-2021-05-28-at-07.56.52.jpeg","width":1600,"height":989},{"@type":"BreadcrumbList","@id":"https:\/\/expressometro.mx\/index.php\/2021\/05\/28\/promete-ana-muniz-neyra-construir-unidad-de-rehabilitacion-para-personas-con-discapacidad\/#breadcrumb","itemListElement":[{"@type":"ListItem","position":1,"name":"Inicio","item":"https:\/\/expressometro.mx\/"},{"@type":"ListItem","position":2,"name":"PROMETE ANA MU\u00d1IZ NEYRA CONSTRUIR UNIDAD DE REHABILITACI\u00d3N PARA PERSONAS CON DISCAPACIDAD"}]},{"@type":"WebSite","@id":"https:\/\/expressometro.mx\/#website","url":"https:\/\/expressometro.mx\/","name":"Expresso Metropolitano","description":"Periodismo comprometido, informaci\u00f3n, investigaci\u00f3n y an\u00e1lisis","publisher":{"@id":"https:\/\/expressometro.mx\/#organization"},"potentialAction":[{"@type":"SearchAction","target":{"@type":"EntryPoint","urlTemplate":"https:\/\/expressometro.mx\/?s={search_term_string}"},"query-input":{"@type":"PropertyValueSpecification","valueRequired":true,"valueName":"search_term_string"}}],"inLanguage":"es"},{"@type":"Organization","@id":"https:\/\/expressometro.mx\/#organization","name":"Expresso Metropolitano","url":"https:\/\/expressometro.mx\/","logo":{"@type":"ImageObject","inLanguage":"es","@id":"https:\/\/expressometro.mx\/#\/schema\/logo\/image\/","url":"https:\/\/expressometro.mx\/wp-content\/uploads\/2019\/07\/cropped-Logo-Expresso-Metropolitano-1-1.jpeg","contentUrl":"https:\/\/expressometro.mx\/wp-content\/uploads\/2019\/07\/cropped-Logo-Expresso-Metropolitano-1-1.jpeg","width":290,"height":73,"caption":"Expresso Metropolitano"},"image":{"@id":"https:\/\/expressometro.mx\/#\/schema\/logo\/image\/"}},{"@type":"Person","@id":"https:\/\/expressometro.mx\/#\/schema\/person\/67a95b8e3862085c7598f66237488f1f","name":"Cecilia Vega","image":{"@type":"ImageObject","inLanguage":"es","@id":"https:\/\/secure.gravatar.com\/avatar\/13aae9944ab2ee472a9e407c9487fdbd03b049abaa559af32fe5dbcf615c981b?s=96&d=mm&r=g","url":"https:\/\/secure.gravatar.com\/avatar\/13aae9944ab2ee472a9e407c9487fdbd03b049abaa559af32fe5dbcf615c981b?s=96&d=mm&r=g","contentUrl":"https:\/\/secure.gravatar.com\/avatar\/13aae9944ab2ee472a9e407c9487fdbd03b049abaa559af32fe5dbcf615c981b?s=96&d=mm&r=g","caption":"Cecilia Vega"},"url":"https:\/\/expressometro.mx\/index.php\/author\/cecilia-vega\/"}]}},"amp_enabled":true,"_links":{"self":[{"href":"https:\/\/expressometro.mx\/index.php\/wp-json\/wp\/v2\/posts\/2915","targetHints":{"allow":["GET"]}}],"collection":[{"href":"https:\/\/expressometro.mx\/index.php\/wp-json\/wp\/v2\/posts"}],"about":[{"href":"https:\/\/expressometro.mx\/index.php\/wp-json\/wp\/v2\/types\/post"}],"author":[{"embeddable":true,"href":"https:\/\/expressometro.mx\/index.php\/wp-json\/wp\/v2\/users\/2"}],"replies":[{"embeddable":true,"href":"https:\/\/expressometro.mx\/index.php\/wp-json\/wp\/v2\/comments?post=2915"}],"version-history":[{"count":1,"href":"https:\/\/expressometro.mx\/index.php\/wp-json\/wp\/v2\/posts\/2915\/revisions"}],"predecessor-version":[{"id":2921,"href":"https:\/\/expressometro.mx\/index.php\/wp-json\/wp\/v2\/posts\/2915\/revisions\/2921"}],"wp:featuredmedia":[{"embeddable":true,"href":"https:\/\/expressometro.mx\/index.php\/wp-json\/wp\/v2\/media\/2918"}],"wp:attachment":[{"href":"https:\/\/expressometro.mx\/index.php\/wp-json\/wp\/v2\/media?parent=2915"}],"wp:term":[{"taxonomy":"category","embeddable":true,"href":"https:\/\/expressometro.mx\/index.php\/wp-json\/wp\/v2\/categories?post=2915"},{"taxonomy":"post_tag","embeddable":true,"href":"https:\/\/expressometro.mx\/index.php\/wp-json\/wp\/v2\/tags?post=2915"}],"curies":[{"name":"wp","href":"https:\/\/api.w.org\/{rel}","templated":true}]}}