{"id":2903,"date":"2021-05-28T08:01:56","date_gmt":"2021-05-28T13:01:56","guid":{"rendered":"http:\/\/expressometro.mx\/?p=2903"},"modified":"2021-05-28T08:01:57","modified_gmt":"2021-05-28T13:01:57","slug":"no-hemos-caido-en-descalificaciones-hemos-sido-propositivos-asegura-miguel-samano-peralta","status":"publish","type":"post","link":"https:\/\/expressometro.mx\/index.php\/2021\/05\/28\/no-hemos-caido-en-descalificaciones-hemos-sido-propositivos-asegura-miguel-samano-peralta\/","title":{"rendered":"No hemos ca\u00eddo en descalificaciones; hemos sido propositivos, asegura Miguel S\u00e1mano Peralta"},"content":{"rendered":"\n<p>A Morena podemos ganarle con votos, no hemos ca\u00eddo en descalificaciones y vamos a actuar con toda responsabilidad y prudencia, asegur\u00f3 Miguel S\u00e1mano Peralta, candidato de la coalici\u00f3n \u201cVa por M\u00e9xico\u201d a la diputaci\u00f3n en el Distrito Federal 01 con cabecera en Jilotepec.<\/p>\n\n\n\n<p>Durante un acto de pre cierre de campa\u00f1a en Temascalcingo en el que estuvo acompa\u00f1ado por el presidente nacional del PRI, Alejandro Moreno C\u00e1rdenas y la l\u00edder estatal priista, Alejandra del Moral Vela, S\u00e1mano Peralta explic\u00f3 que los mexicanos ya se cansaron de ir para atr\u00e1s.<\/p>\n\n\n\n<p>\u201cHemos hecho una campa\u00f1a de propuestas\u201d, agreg\u00f3. Ante cada descalificaci\u00f3n de ellos y ante cada ataque, \u201cnosotros hemos dado una propuesta, abund\u00f3 el candidato.<\/p>\n\n\n\n<p>\u201cEstamos juntos PRI, PAN y PRD por amor al estado y por amor a M\u00e9xico y no vamos a parar. \u201cVa por M\u00e9xico\u201d va m\u00e1s all\u00e1 de una Coalici\u00f3n Electoral. As\u00ed lo demostr\u00f3 la reciente firma del manifiesto para conformar una Coalici\u00f3n Legislativa entre el PRI, PAN y PRD\u201d, a\u00f1adi\u00f3.<\/p>\n\n\n\n<p>Explic\u00f3 que el Distrito 01 se integra por 10 municipios y 478 comunidades. Durante 54 d\u00edas campa\u00f1a, su oferta pol\u00edtica se ha sustenta en 5 ejes: Mejorar el sistema de salud; Combatir la pobreza; Reactivar la econom\u00eda y el empleo; Fortalecer la seguridad; t Proteger la democracia.<\/p>\n\n\n\n<p>Se\u00f1al\u00f3 a los ciudadanos que le acompa\u00f1aron en una marcha por las principales calles del municipio: \u201cquiero ser Diputado Federal para ser la voz de mis paisanos en el Congreso de la Uni\u00f3n y defender a M\u00e9xico de las ocurrencias. Tengo la experiencia y la capacidad para hacerlo. Y ustedes lo saben, porque me conocen.<\/p>\n\n\n\n<p>A 10 d\u00edas de la elecci\u00f3n, en su recorrido por Temascalcingo, el candidato reiter\u00f3 su llamado a la militancia priista, panista y perredista para cerrar filas, porque \u201csomos un ej\u00e9rcito incansable cuando tenemos las convicciones firmes y la meta clara\u201d.<\/p>\n\n\n\n<p>\u201cEstamos llegando a la recta final de esta campa\u00f1a. Es momento de redoblar esfuerzos. Tenemos que salir a la calle a convencer de que somos la mejor opci\u00f3n\u201d, dijo al t\u00e9rmino de una marcha que realiz\u00f3 por las principales calles de este municipio, acompa\u00f1ado por los dirigentes Alejandro Moreno C\u00e1rdenas y Alejandra del Moral Vela.<\/p>\n\n\n\n<p>\u201cVa por M\u00e9xico\u201d va m\u00e1s all\u00e1 de una Coalici\u00f3n Electoral. As\u00ed lo demostr\u00f3 la reciente firma del manifiesto para conformar una Coalici\u00f3n Legislativa entre el PRI, PAN y PRD. Coincido con \u201cAlito\u201d Moreno: \u201cNuestra prioridad es y ha sido siempre que le vaya bien a M\u00e9xico.\u201d, expres\u00f3 finalmente.<\/p>\n\n\n\n<figure class=\"wp-block-gallery columns-3 is-cropped wp-block-gallery-1 is-layout-flex wp-block-gallery-is-layout-flex\"><ul class=\"blocks-gallery-grid\"><li class=\"blocks-gallery-item\"><figure><img decoding=\"async\" width=\"309\" height=\"480\" src=\"http:\/\/expressometro.mx\/wp-content\/uploads\/2021\/05\/WhatsApp-Image-2021-05-28-at-07.45.26-1-309x480.jpeg\" alt=\"\" data-id=\"2906\" data-link=\"http:\/\/expressometro.mx\/?attachment_id=2906\" class=\"wp-image-2906\" srcset=\"https:\/\/expressometro.mx\/wp-content\/uploads\/2021\/05\/WhatsApp-Image-2021-05-28-at-07.45.26-1-309x480.jpeg 309w, https:\/\/expressometro.mx\/wp-content\/uploads\/2021\/05\/WhatsApp-Image-2021-05-28-at-07.45.26-1-235x365.jpeg 235w, https:\/\/expressometro.mx\/wp-content\/uploads\/2021\/05\/WhatsApp-Image-2021-05-28-at-07.45.26-1.jpeg 752w\" sizes=\"(max-width: 309px) 100vw, 309px\" \/><\/figure><\/li><li class=\"blocks-gallery-item\"><figure><img decoding=\"async\" width=\"333\" height=\"480\" src=\"http:\/\/expressometro.mx\/wp-content\/uploads\/2021\/05\/WhatsApp-Image-2021-05-28-at-07.45.26-2-333x480.jpeg\" alt=\"\" data-id=\"2907\" data-link=\"http:\/\/expressometro.mx\/?attachment_id=2907\" class=\"wp-image-2907\" srcset=\"https:\/\/expressometro.mx\/wp-content\/uploads\/2021\/05\/WhatsApp-Image-2021-05-28-at-07.45.26-2-333x480.jpeg 333w, https:\/\/expressometro.mx\/wp-content\/uploads\/2021\/05\/WhatsApp-Image-2021-05-28-at-07.45.26-2-254x365.jpeg 254w, https:\/\/expressometro.mx\/wp-content\/uploads\/2021\/05\/WhatsApp-Image-2021-05-28-at-07.45.26-2-768x1106.jpeg 768w, https:\/\/expressometro.mx\/wp-content\/uploads\/2021\/05\/WhatsApp-Image-2021-05-28-at-07.45.26-2.jpeg 805w\" sizes=\"(max-width: 333px) 100vw, 333px\" \/><\/figure><\/li><li class=\"blocks-gallery-item\"><figure><img decoding=\"async\" width=\"320\" height=\"480\" src=\"http:\/\/expressometro.mx\/wp-content\/uploads\/2021\/05\/WhatsApp-Image-2021-05-28-at-07.45.26-3-320x480.jpeg\" alt=\"\" data-id=\"2908\" data-link=\"http:\/\/expressometro.mx\/?attachment_id=2908\" class=\"wp-image-2908\" srcset=\"https:\/\/expressometro.mx\/wp-content\/uploads\/2021\/05\/WhatsApp-Image-2021-05-28-at-07.45.26-3-320x480.jpeg 320w, https:\/\/expressometro.mx\/wp-content\/uploads\/2021\/05\/WhatsApp-Image-2021-05-28-at-07.45.26-3-244x365.jpeg 244w, https:\/\/expressometro.mx\/wp-content\/uploads\/2021\/05\/WhatsApp-Image-2021-05-28-at-07.45.26-3.jpeg 522w\" sizes=\"(max-width: 320px) 100vw, 320px\" \/><\/figure><\/li><li class=\"blocks-gallery-item\"><figure><img decoding=\"async\" width=\"417\" height=\"480\" src=\"http:\/\/expressometro.mx\/wp-content\/uploads\/2021\/05\/WhatsApp-Image-2021-05-28-at-07.45.26-4-1-417x480.jpeg\" alt=\"\" data-id=\"2911\" data-link=\"http:\/\/expressometro.mx\/?attachment_id=2911\" class=\"wp-image-2911\" srcset=\"https:\/\/expressometro.mx\/wp-content\/uploads\/2021\/05\/WhatsApp-Image-2021-05-28-at-07.45.26-4-1-417x480.jpeg 417w, https:\/\/expressometro.mx\/wp-content\/uploads\/2021\/05\/WhatsApp-Image-2021-05-28-at-07.45.26-4-1-317x365.jpeg 317w, https:\/\/expressometro.mx\/wp-content\/uploads\/2021\/05\/WhatsApp-Image-2021-05-28-at-07.45.26-4-1-768x884.jpeg 768w, https:\/\/expressometro.mx\/wp-content\/uploads\/2021\/05\/WhatsApp-Image-2021-05-28-at-07.45.26-4-1.jpeg 1075w\" sizes=\"(max-width: 417px) 100vw, 417px\" \/><\/figure><\/li><li class=\"blocks-gallery-item\"><figure><img decoding=\"async\" width=\"392\" height=\"480\" src=\"http:\/\/expressometro.mx\/wp-content\/uploads\/2021\/05\/WhatsApp-Image-2021-05-28-at-07.45.25-392x480.jpeg\" alt=\"\" data-id=\"2912\" data-full-url=\"http:\/\/expressometro.mx\/wp-content\/uploads\/2021\/05\/WhatsApp-Image-2021-05-28-at-07.45.25.jpeg\" data-link=\"http:\/\/expressometro.mx\/?attachment_id=2912\" class=\"wp-image-2912\" srcset=\"https:\/\/expressometro.mx\/wp-content\/uploads\/2021\/05\/WhatsApp-Image-2021-05-28-at-07.45.25-392x480.jpeg 392w, https:\/\/expressometro.mx\/wp-content\/uploads\/2021\/05\/WhatsApp-Image-2021-05-28-at-07.45.25-298x365.jpeg 298w, https:\/\/expressometro.mx\/wp-content\/uploads\/2021\/05\/WhatsApp-Image-2021-05-28-at-07.45.25-768x942.jpeg 768w, https:\/\/expressometro.mx\/wp-content\/uploads\/2021\/05\/WhatsApp-Image-2021-05-28-at-07.45.25.jpeg 1044w\" sizes=\"(max-width: 392px) 100vw, 392px\" \/><\/figure><\/li><\/ul><\/figure>\n","protected":false},"excerpt":{"rendered":"<p>\u201cHemos hecho una campa\u00f1a de propuestas\u201d, agreg\u00f3. Ante cada descalificaci\u00f3n de ellos y ante cada ataque, \u201cnosotros hemos dado una propuesta, abund\u00f3 el candidato.<\/p>\n","protected":false},"author":2,"featured_media":2905,"comment_status":"open","ping_status":"open","sticky":false,"template":"","format":"standard","meta":{"footnotes":""},"categories":[231],"tags":[377,378,376],"class_list":["post-2903","post","type-post","status-publish","format-standard","has-post-thumbnail","hentry","category-politica","tag-diputado-federal","tag-distrito-1","tag-miguel-samano"],"yoast_head":"<!-- This site is optimized with the Yoast SEO plugin v27.5 - https:\/\/yoast.com\/product\/yoast-seo-wordpress\/ -->\n<title>No hemos ca\u00eddo en descalificaciones; hemos sido propositivos, asegura Miguel S\u00e1mano Peralta - Expresso Metropolitano<\/title>\n<meta name=\"robots\" content=\"index, follow, max-snippet:-1, max-image-preview:large, max-video-preview:-1\" \/>\n<link rel=\"canonical\" href=\"https:\/\/expressometro.mx\/index.php\/2021\/05\/28\/no-hemos-caido-en-descalificaciones-hemos-sido-propositivos-asegura-miguel-samano-peralta\/\" \/>\n<meta property=\"og:locale\" content=\"es_MX\" \/>\n<meta property=\"og:type\" content=\"article\" \/>\n<meta property=\"og:title\" content=\"No hemos ca\u00eddo en descalificaciones; hemos sido propositivos, asegura Miguel S\u00e1mano Peralta - Expresso Metropolitano\" \/>\n<meta property=\"og:description\" content=\"\u201cHemos hecho una campa\u00f1a de propuestas\u201d, agreg\u00f3. Ante cada descalificaci\u00f3n de ellos y ante cada ataque, \u201cnosotros hemos dado una propuesta, abund\u00f3 el candidato.\" \/>\n<meta property=\"og:url\" content=\"https:\/\/expressometro.mx\/index.php\/2021\/05\/28\/no-hemos-caido-en-descalificaciones-hemos-sido-propositivos-asegura-miguel-samano-peralta\/\" \/>\n<meta property=\"og:site_name\" content=\"Expresso Metropolitano\" \/>\n<meta property=\"article:published_time\" content=\"2021-05-28T13:01:56+00:00\" \/>\n<meta property=\"article:modified_time\" content=\"2021-05-28T13:01:57+00:00\" \/>\n<meta property=\"og:image\" content=\"https:\/\/expressometro.mx\/wp-content\/uploads\/2021\/05\/WhatsApp-Image-2021-05-28-at-07.45.26.jpeg\" \/>\n\t<meta property=\"og:image:width\" content=\"1280\" \/>\n\t<meta property=\"og:image:height\" content=\"912\" \/>\n\t<meta property=\"og:image:type\" content=\"image\/jpeg\" \/>\n<meta name=\"author\" content=\"Cecilia Vega\" \/>\n<meta name=\"twitter:label1\" content=\"Escrito por\" \/>\n\t<meta name=\"twitter:data1\" content=\"Cecilia Vega\" \/>\n\t<meta name=\"twitter:label2\" content=\"Tiempo de lectura\" \/>\n\t<meta name=\"twitter:data2\" content=\"3 minutos\" \/>\n<script type=\"application\/ld+json\" class=\"yoast-schema-graph\">{\"@context\":\"https:\\\/\\\/schema.org\",\"@graph\":[{\"@type\":\"Article\",\"@id\":\"https:\\\/\\\/expressometro.mx\\\/index.php\\\/2021\\\/05\\\/28\\\/no-hemos-caido-en-descalificaciones-hemos-sido-propositivos-asegura-miguel-samano-peralta\\\/#article\",\"isPartOf\":{\"@id\":\"https:\\\/\\\/expressometro.mx\\\/index.php\\\/2021\\\/05\\\/28\\\/no-hemos-caido-en-descalificaciones-hemos-sido-propositivos-asegura-miguel-samano-peralta\\\/\"},\"author\":{\"name\":\"Cecilia Vega\",\"@id\":\"https:\\\/\\\/expressometro.mx\\\/#\\\/schema\\\/person\\\/67a95b8e3862085c7598f66237488f1f\"},\"headline\":\"No hemos ca\u00eddo en descalificaciones; hemos sido propositivos, asegura Miguel S\u00e1mano Peralta\",\"datePublished\":\"2021-05-28T13:01:56+00:00\",\"dateModified\":\"2021-05-28T13:01:57+00:00\",\"mainEntityOfPage\":{\"@id\":\"https:\\\/\\\/expressometro.mx\\\/index.php\\\/2021\\\/05\\\/28\\\/no-hemos-caido-en-descalificaciones-hemos-sido-propositivos-asegura-miguel-samano-peralta\\\/\"},\"wordCount\":455,\"commentCount\":0,\"publisher\":{\"@id\":\"https:\\\/\\\/expressometro.mx\\\/#organization\"},\"image\":{\"@id\":\"https:\\\/\\\/expressometro.mx\\\/index.php\\\/2021\\\/05\\\/28\\\/no-hemos-caido-en-descalificaciones-hemos-sido-propositivos-asegura-miguel-samano-peralta\\\/#primaryimage\"},\"thumbnailUrl\":\"https:\\\/\\\/expressometro.mx\\\/wp-content\\\/uploads\\\/2021\\\/05\\\/WhatsApp-Image-2021-05-28-at-07.45.26.jpeg\",\"keywords\":[\"Diputado Federal\",\"Distrito 1\",\"Miguel S\u00e1mano\"],\"articleSection\":[\"Pol\u00edtica\"],\"inLanguage\":\"es\",\"potentialAction\":[{\"@type\":\"CommentAction\",\"name\":\"Comment\",\"target\":[\"https:\\\/\\\/expressometro.mx\\\/index.php\\\/2021\\\/05\\\/28\\\/no-hemos-caido-en-descalificaciones-hemos-sido-propositivos-asegura-miguel-samano-peralta\\\/#respond\"]}]},{\"@type\":\"WebPage\",\"@id\":\"https:\\\/\\\/expressometro.mx\\\/index.php\\\/2021\\\/05\\\/28\\\/no-hemos-caido-en-descalificaciones-hemos-sido-propositivos-asegura-miguel-samano-peralta\\\/\",\"url\":\"https:\\\/\\\/expressometro.mx\\\/index.php\\\/2021\\\/05\\\/28\\\/no-hemos-caido-en-descalificaciones-hemos-sido-propositivos-asegura-miguel-samano-peralta\\\/\",\"name\":\"No hemos ca\u00eddo en descalificaciones; hemos sido propositivos, asegura Miguel S\u00e1mano Peralta - Expresso Metropolitano\",\"isPartOf\":{\"@id\":\"https:\\\/\\\/expressometro.mx\\\/#website\"},\"primaryImageOfPage\":{\"@id\":\"https:\\\/\\\/expressometro.mx\\\/index.php\\\/2021\\\/05\\\/28\\\/no-hemos-caido-en-descalificaciones-hemos-sido-propositivos-asegura-miguel-samano-peralta\\\/#primaryimage\"},\"image\":{\"@id\":\"https:\\\/\\\/expressometro.mx\\\/index.php\\\/2021\\\/05\\\/28\\\/no-hemos-caido-en-descalificaciones-hemos-sido-propositivos-asegura-miguel-samano-peralta\\\/#primaryimage\"},\"thumbnailUrl\":\"https:\\\/\\\/expressometro.mx\\\/wp-content\\\/uploads\\\/2021\\\/05\\\/WhatsApp-Image-2021-05-28-at-07.45.26.jpeg\",\"datePublished\":\"2021-05-28T13:01:56+00:00\",\"dateModified\":\"2021-05-28T13:01:57+00:00\",\"breadcrumb\":{\"@id\":\"https:\\\/\\\/expressometro.mx\\\/index.php\\\/2021\\\/05\\\/28\\\/no-hemos-caido-en-descalificaciones-hemos-sido-propositivos-asegura-miguel-samano-peralta\\\/#breadcrumb\"},\"inLanguage\":\"es\",\"potentialAction\":[{\"@type\":\"ReadAction\",\"target\":[\"https:\\\/\\\/expressometro.mx\\\/index.php\\\/2021\\\/05\\\/28\\\/no-hemos-caido-en-descalificaciones-hemos-sido-propositivos-asegura-miguel-samano-peralta\\\/\"]}]},{\"@type\":\"ImageObject\",\"inLanguage\":\"es\",\"@id\":\"https:\\\/\\\/expressometro.mx\\\/index.php\\\/2021\\\/05\\\/28\\\/no-hemos-caido-en-descalificaciones-hemos-sido-propositivos-asegura-miguel-samano-peralta\\\/#primaryimage\",\"url\":\"https:\\\/\\\/expressometro.mx\\\/wp-content\\\/uploads\\\/2021\\\/05\\\/WhatsApp-Image-2021-05-28-at-07.45.26.jpeg\",\"contentUrl\":\"https:\\\/\\\/expressometro.mx\\\/wp-content\\\/uploads\\\/2021\\\/05\\\/WhatsApp-Image-2021-05-28-at-07.45.26.jpeg\",\"width\":1280,\"height\":912},{\"@type\":\"BreadcrumbList\",\"@id\":\"https:\\\/\\\/expressometro.mx\\\/index.php\\\/2021\\\/05\\\/28\\\/no-hemos-caido-en-descalificaciones-hemos-sido-propositivos-asegura-miguel-samano-peralta\\\/#breadcrumb\",\"itemListElement\":[{\"@type\":\"ListItem\",\"position\":1,\"name\":\"Inicio\",\"item\":\"https:\\\/\\\/expressometro.mx\\\/\"},{\"@type\":\"ListItem\",\"position\":2,\"name\":\"No hemos ca\u00eddo en descalificaciones; hemos sido propositivos, asegura Miguel S\u00e1mano Peralta\"}]},{\"@type\":\"WebSite\",\"@id\":\"https:\\\/\\\/expressometro.mx\\\/#website\",\"url\":\"https:\\\/\\\/expressometro.mx\\\/\",\"name\":\"Expresso Metropolitano\",\"description\":\"Periodismo comprometido, informaci\u00f3n, investigaci\u00f3n y an\u00e1lisis\",\"publisher\":{\"@id\":\"https:\\\/\\\/expressometro.mx\\\/#organization\"},\"potentialAction\":[{\"@type\":\"SearchAction\",\"target\":{\"@type\":\"EntryPoint\",\"urlTemplate\":\"https:\\\/\\\/expressometro.mx\\\/?s={search_term_string}\"},\"query-input\":{\"@type\":\"PropertyValueSpecification\",\"valueRequired\":true,\"valueName\":\"search_term_string\"}}],\"inLanguage\":\"es\"},{\"@type\":\"Organization\",\"@id\":\"https:\\\/\\\/expressometro.mx\\\/#organization\",\"name\":\"Expresso Metropolitano\",\"url\":\"https:\\\/\\\/expressometro.mx\\\/\",\"logo\":{\"@type\":\"ImageObject\",\"inLanguage\":\"es\",\"@id\":\"https:\\\/\\\/expressometro.mx\\\/#\\\/schema\\\/logo\\\/image\\\/\",\"url\":\"https:\\\/\\\/expressometro.mx\\\/wp-content\\\/uploads\\\/2019\\\/07\\\/cropped-Logo-Expresso-Metropolitano-1-1.jpeg\",\"contentUrl\":\"https:\\\/\\\/expressometro.mx\\\/wp-content\\\/uploads\\\/2019\\\/07\\\/cropped-Logo-Expresso-Metropolitano-1-1.jpeg\",\"width\":290,\"height\":73,\"caption\":\"Expresso Metropolitano\"},\"image\":{\"@id\":\"https:\\\/\\\/expressometro.mx\\\/#\\\/schema\\\/logo\\\/image\\\/\"}},{\"@type\":\"Person\",\"@id\":\"https:\\\/\\\/expressometro.mx\\\/#\\\/schema\\\/person\\\/67a95b8e3862085c7598f66237488f1f\",\"name\":\"Cecilia Vega\",\"image\":{\"@type\":\"ImageObject\",\"inLanguage\":\"es\",\"@id\":\"https:\\\/\\\/secure.gravatar.com\\\/avatar\\\/13aae9944ab2ee472a9e407c9487fdbd03b049abaa559af32fe5dbcf615c981b?s=96&d=mm&r=g\",\"url\":\"https:\\\/\\\/secure.gravatar.com\\\/avatar\\\/13aae9944ab2ee472a9e407c9487fdbd03b049abaa559af32fe5dbcf615c981b?s=96&d=mm&r=g\",\"contentUrl\":\"https:\\\/\\\/secure.gravatar.com\\\/avatar\\\/13aae9944ab2ee472a9e407c9487fdbd03b049abaa559af32fe5dbcf615c981b?s=96&d=mm&r=g\",\"caption\":\"Cecilia Vega\"},\"url\":\"https:\\\/\\\/expressometro.mx\\\/index.php\\\/author\\\/cecilia-vega\\\/\"}]}<\/script>\n<!-- \/ Yoast SEO plugin. -->","yoast_head_json":{"title":"No hemos ca\u00eddo en descalificaciones; hemos sido propositivos, asegura Miguel S\u00e1mano Peralta - Expresso Metropolitano","robots":{"index":"index","follow":"follow","max-snippet":"max-snippet:-1","max-image-preview":"max-image-preview:large","max-video-preview":"max-video-preview:-1"},"canonical":"https:\/\/expressometro.mx\/index.php\/2021\/05\/28\/no-hemos-caido-en-descalificaciones-hemos-sido-propositivos-asegura-miguel-samano-peralta\/","og_locale":"es_MX","og_type":"article","og_title":"No hemos ca\u00eddo en descalificaciones; hemos sido propositivos, asegura Miguel S\u00e1mano Peralta - Expresso Metropolitano","og_description":"\u201cHemos hecho una campa\u00f1a de propuestas\u201d, agreg\u00f3. Ante cada descalificaci\u00f3n de ellos y ante cada ataque, \u201cnosotros hemos dado una propuesta, abund\u00f3 el candidato.","og_url":"https:\/\/expressometro.mx\/index.php\/2021\/05\/28\/no-hemos-caido-en-descalificaciones-hemos-sido-propositivos-asegura-miguel-samano-peralta\/","og_site_name":"Expresso Metropolitano","article_published_time":"2021-05-28T13:01:56+00:00","article_modified_time":"2021-05-28T13:01:57+00:00","og_image":[{"width":1280,"height":912,"url":"https:\/\/expressometro.mx\/wp-content\/uploads\/2021\/05\/WhatsApp-Image-2021-05-28-at-07.45.26.jpeg","type":"image\/jpeg"}],"author":"Cecilia Vega","twitter_misc":{"Escrito por":"Cecilia Vega","Tiempo de lectura":"3 minutos"},"schema":{"@context":"https:\/\/schema.org","@graph":[{"@type":"Article","@id":"https:\/\/expressometro.mx\/index.php\/2021\/05\/28\/no-hemos-caido-en-descalificaciones-hemos-sido-propositivos-asegura-miguel-samano-peralta\/#article","isPartOf":{"@id":"https:\/\/expressometro.mx\/index.php\/2021\/05\/28\/no-hemos-caido-en-descalificaciones-hemos-sido-propositivos-asegura-miguel-samano-peralta\/"},"author":{"name":"Cecilia Vega","@id":"https:\/\/expressometro.mx\/#\/schema\/person\/67a95b8e3862085c7598f66237488f1f"},"headline":"No hemos ca\u00eddo en descalificaciones; hemos sido propositivos, asegura Miguel S\u00e1mano Peralta","datePublished":"2021-05-28T13:01:56+00:00","dateModified":"2021-05-28T13:01:57+00:00","mainEntityOfPage":{"@id":"https:\/\/expressometro.mx\/index.php\/2021\/05\/28\/no-hemos-caido-en-descalificaciones-hemos-sido-propositivos-asegura-miguel-samano-peralta\/"},"wordCount":455,"commentCount":0,"publisher":{"@id":"https:\/\/expressometro.mx\/#organization"},"image":{"@id":"https:\/\/expressometro.mx\/index.php\/2021\/05\/28\/no-hemos-caido-en-descalificaciones-hemos-sido-propositivos-asegura-miguel-samano-peralta\/#primaryimage"},"thumbnailUrl":"https:\/\/expressometro.mx\/wp-content\/uploads\/2021\/05\/WhatsApp-Image-2021-05-28-at-07.45.26.jpeg","keywords":["Diputado Federal","Distrito 1","Miguel S\u00e1mano"],"articleSection":["Pol\u00edtica"],"inLanguage":"es","potentialAction":[{"@type":"CommentAction","name":"Comment","target":["https:\/\/expressometro.mx\/index.php\/2021\/05\/28\/no-hemos-caido-en-descalificaciones-hemos-sido-propositivos-asegura-miguel-samano-peralta\/#respond"]}]},{"@type":"WebPage","@id":"https:\/\/expressometro.mx\/index.php\/2021\/05\/28\/no-hemos-caido-en-descalificaciones-hemos-sido-propositivos-asegura-miguel-samano-peralta\/","url":"https:\/\/expressometro.mx\/index.php\/2021\/05\/28\/no-hemos-caido-en-descalificaciones-hemos-sido-propositivos-asegura-miguel-samano-peralta\/","name":"No hemos ca\u00eddo en descalificaciones; hemos sido propositivos, asegura Miguel S\u00e1mano Peralta - Expresso Metropolitano","isPartOf":{"@id":"https:\/\/expressometro.mx\/#website"},"primaryImageOfPage":{"@id":"https:\/\/expressometro.mx\/index.php\/2021\/05\/28\/no-hemos-caido-en-descalificaciones-hemos-sido-propositivos-asegura-miguel-samano-peralta\/#primaryimage"},"image":{"@id":"https:\/\/expressometro.mx\/index.php\/2021\/05\/28\/no-hemos-caido-en-descalificaciones-hemos-sido-propositivos-asegura-miguel-samano-peralta\/#primaryimage"},"thumbnailUrl":"https:\/\/expressometro.mx\/wp-content\/uploads\/2021\/05\/WhatsApp-Image-2021-05-28-at-07.45.26.jpeg","datePublished":"2021-05-28T13:01:56+00:00","dateModified":"2021-05-28T13:01:57+00:00","breadcrumb":{"@id":"https:\/\/expressometro.mx\/index.php\/2021\/05\/28\/no-hemos-caido-en-descalificaciones-hemos-sido-propositivos-asegura-miguel-samano-peralta\/#breadcrumb"},"inLanguage":"es","potentialAction":[{"@type":"ReadAction","target":["https:\/\/expressometro.mx\/index.php\/2021\/05\/28\/no-hemos-caido-en-descalificaciones-hemos-sido-propositivos-asegura-miguel-samano-peralta\/"]}]},{"@type":"ImageObject","inLanguage":"es","@id":"https:\/\/expressometro.mx\/index.php\/2021\/05\/28\/no-hemos-caido-en-descalificaciones-hemos-sido-propositivos-asegura-miguel-samano-peralta\/#primaryimage","url":"https:\/\/expressometro.mx\/wp-content\/uploads\/2021\/05\/WhatsApp-Image-2021-05-28-at-07.45.26.jpeg","contentUrl":"https:\/\/expressometro.mx\/wp-content\/uploads\/2021\/05\/WhatsApp-Image-2021-05-28-at-07.45.26.jpeg","width":1280,"height":912},{"@type":"BreadcrumbList","@id":"https:\/\/expressometro.mx\/index.php\/2021\/05\/28\/no-hemos-caido-en-descalificaciones-hemos-sido-propositivos-asegura-miguel-samano-peralta\/#breadcrumb","itemListElement":[{"@type":"ListItem","position":1,"name":"Inicio","item":"https:\/\/expressometro.mx\/"},{"@type":"ListItem","position":2,"name":"No hemos ca\u00eddo en descalificaciones; hemos sido propositivos, asegura Miguel S\u00e1mano Peralta"}]},{"@type":"WebSite","@id":"https:\/\/expressometro.mx\/#website","url":"https:\/\/expressometro.mx\/","name":"Expresso Metropolitano","description":"Periodismo comprometido, informaci\u00f3n, investigaci\u00f3n y an\u00e1lisis","publisher":{"@id":"https:\/\/expressometro.mx\/#organization"},"potentialAction":[{"@type":"SearchAction","target":{"@type":"EntryPoint","urlTemplate":"https:\/\/expressometro.mx\/?s={search_term_string}"},"query-input":{"@type":"PropertyValueSpecification","valueRequired":true,"valueName":"search_term_string"}}],"inLanguage":"es"},{"@type":"Organization","@id":"https:\/\/expressometro.mx\/#organization","name":"Expresso Metropolitano","url":"https:\/\/expressometro.mx\/","logo":{"@type":"ImageObject","inLanguage":"es","@id":"https:\/\/expressometro.mx\/#\/schema\/logo\/image\/","url":"https:\/\/expressometro.mx\/wp-content\/uploads\/2019\/07\/cropped-Logo-Expresso-Metropolitano-1-1.jpeg","contentUrl":"https:\/\/expressometro.mx\/wp-content\/uploads\/2019\/07\/cropped-Logo-Expresso-Metropolitano-1-1.jpeg","width":290,"height":73,"caption":"Expresso Metropolitano"},"image":{"@id":"https:\/\/expressometro.mx\/#\/schema\/logo\/image\/"}},{"@type":"Person","@id":"https:\/\/expressometro.mx\/#\/schema\/person\/67a95b8e3862085c7598f66237488f1f","name":"Cecilia Vega","image":{"@type":"ImageObject","inLanguage":"es","@id":"https:\/\/secure.gravatar.com\/avatar\/13aae9944ab2ee472a9e407c9487fdbd03b049abaa559af32fe5dbcf615c981b?s=96&d=mm&r=g","url":"https:\/\/secure.gravatar.com\/avatar\/13aae9944ab2ee472a9e407c9487fdbd03b049abaa559af32fe5dbcf615c981b?s=96&d=mm&r=g","contentUrl":"https:\/\/secure.gravatar.com\/avatar\/13aae9944ab2ee472a9e407c9487fdbd03b049abaa559af32fe5dbcf615c981b?s=96&d=mm&r=g","caption":"Cecilia Vega"},"url":"https:\/\/expressometro.mx\/index.php\/author\/cecilia-vega\/"}]}},"amp_enabled":true,"_links":{"self":[{"href":"https:\/\/expressometro.mx\/index.php\/wp-json\/wp\/v2\/posts\/2903","targetHints":{"allow":["GET"]}}],"collection":[{"href":"https:\/\/expressometro.mx\/index.php\/wp-json\/wp\/v2\/posts"}],"about":[{"href":"https:\/\/expressometro.mx\/index.php\/wp-json\/wp\/v2\/types\/post"}],"author":[{"embeddable":true,"href":"https:\/\/expressometro.mx\/index.php\/wp-json\/wp\/v2\/users\/2"}],"replies":[{"embeddable":true,"href":"https:\/\/expressometro.mx\/index.php\/wp-json\/wp\/v2\/comments?post=2903"}],"version-history":[{"count":1,"href":"https:\/\/expressometro.mx\/index.php\/wp-json\/wp\/v2\/posts\/2903\/revisions"}],"predecessor-version":[{"id":2913,"href":"https:\/\/expressometro.mx\/index.php\/wp-json\/wp\/v2\/posts\/2903\/revisions\/2913"}],"wp:featuredmedia":[{"embeddable":true,"href":"https:\/\/expressometro.mx\/index.php\/wp-json\/wp\/v2\/media\/2905"}],"wp:attachment":[{"href":"https:\/\/expressometro.mx\/index.php\/wp-json\/wp\/v2\/media?parent=2903"}],"wp:term":[{"taxonomy":"category","embeddable":true,"href":"https:\/\/expressometro.mx\/index.php\/wp-json\/wp\/v2\/categories?post=2903"},{"taxonomy":"post_tag","embeddable":true,"href":"https:\/\/expressometro.mx\/index.php\/wp-json\/wp\/v2\/tags?post=2903"}],"curies":[{"name":"wp","href":"https:\/\/api.w.org\/{rel}","templated":true}]}}