{"id":289,"date":"2019-08-30T21:49:59","date_gmt":"2019-08-31T02:49:59","guid":{"rendered":"http:\/\/expressometro.mx\/?p=289"},"modified":"2019-09-25T10:37:20","modified_gmt":"2019-09-25T15:37:20","slug":"emplean-en-edomex-realidad-virtual-y-estimulacion-sensorial-para-rehabilitacion","status":"publish","type":"post","link":"https:\/\/expressometro.mx\/index.php\/2019\/08\/30\/emplean-en-edomex-realidad-virtual-y-estimulacion-sensorial-para-rehabilitacion\/","title":{"rendered":"EMPLEAN EN EDOM\u00c9X REALIDAD VIRTUAL Y ESTIMULACI\u00d3N SENSORIAL PARA REHABILITACI\u00d3N"},"content":{"rendered":"\n<p>Con 6 mil tratamientos anuales a pacientes con enfermedades neurol\u00f3gicas y lesiones f\u00edsicas, el Centro Estatal de Rehabilitaci\u00f3n y Educaci\u00f3n Especial (CEREE), del Instituto de Salud del Estado de M\u00e9xico (ISEM), se consolida como el \u00fanico en su tipo del sector p\u00fablico en la entidad.<\/p>\n\n\n\n<p>Estas atenciones se realizan mediante una C\u00e1mara de Estimulaci\u00f3n Multi Sensorial (CEMS) y una Sala de Realidad Virtual, equipadas con tecnolog\u00eda de vanguardia, empleada para realizar terapias focalizadas con programas de c\u00f3mputo que permiten proyecciones y simulaciones de ambientes controlados.<\/p>\n\n\n\n<p>Lo anterior facilita que en esta unidad m\u00e9dica los pacientes sin seguridad social reciban sesiones de est\u00edmulos visuales, auditivos, t\u00e1ctiles y psicomotrices.<\/p>\n\n\n\n<p>El ISEM refiere que la C\u00e1mara de Estimulaci\u00f3n Multi Sensorial est\u00e1 conformada por cortinas de burbujas, lluvia sensorial de fibra \u00f3ptica, paneles de sonido y t\u00e1ctiles, proyector de im\u00e1genes y colores, as\u00ed como alberca con pelotas sensitivas.<\/p>\n\n\n\n<p>En tanto, la Sala de Realidad Virtual usa sonidos espec\u00edficos y una pantalla para escenificar ambientes reales y tridimensionales, generados a partir de los diagn\u00f3sticos de los especialistas para que los pacientes realicen actividades motrices, de postura, coordinaci\u00f3n y equilibrio.<\/p>\n\n\n\n<p>Especialistas del CEREE se\u00f1alan que el campo de la realidad virtual permite atender r\u00e1pidamente a personas con lesiones que requieren de rehabilitaci\u00f3n espec\u00edfica, as\u00ed como evaluar la mejor\u00eda del grupo muscular que recibi\u00f3 terapia y aquellos que requieren mayor precisi\u00f3n.<\/p>\n","protected":false},"excerpt":{"rendered":"<p>Con 6 mil tratamientos anuales a pacientes con enfermedades neurol\u00f3gicas y lesiones f\u00edsicas, el Centro Estatal de Rehabilitaci\u00f3n y Educaci\u00f3n Especial (CEREE), del Instituto de Salud del Estado de M\u00e9xico (ISEM), se consolida como el \u00fanico en su tipo del sector p\u00fablico en la entidad. Estas atenciones se realizan mediante una C\u00e1mara de Estimulaci\u00f3n Multi Sensorial (CEMS) y una Sala de Realidad Virtual, equipadas con tecnolog\u00eda de vanguardia, empleada para realizar terapias focalizadas con programas de c\u00f3mputo que permiten proyecciones y simulaciones de ambientes controlados. Lo anterior facilita que en&hellip;<\/p>\n","protected":false},"author":1,"featured_media":0,"comment_status":"open","ping_status":"open","sticky":false,"template":"","format":"standard","meta":{"footnotes":""},"categories":[1],"tags":[],"class_list":["post-289","post","type-post","status-publish","format-standard","hentry","category-otros"],"yoast_head":"<!-- This site is optimized with the Yoast SEO plugin v27.4 - https:\/\/yoast.com\/product\/yoast-seo-wordpress\/ -->\n<title>EMPLEAN EN EDOM\u00c9X REALIDAD VIRTUAL Y ESTIMULACI\u00d3N SENSORIAL PARA REHABILITACI\u00d3N - Expresso Metropolitano<\/title>\n<meta name=\"robots\" content=\"index, follow, max-snippet:-1, max-image-preview:large, max-video-preview:-1\" \/>\n<link rel=\"canonical\" href=\"https:\/\/expressometro.mx\/index.php\/2019\/08\/30\/emplean-en-edomex-realidad-virtual-y-estimulacion-sensorial-para-rehabilitacion\/\" \/>\n<meta property=\"og:locale\" content=\"es_MX\" \/>\n<meta property=\"og:type\" content=\"article\" \/>\n<meta property=\"og:title\" content=\"EMPLEAN EN EDOM\u00c9X REALIDAD VIRTUAL Y ESTIMULACI\u00d3N SENSORIAL PARA REHABILITACI\u00d3N - Expresso Metropolitano\" \/>\n<meta property=\"og:description\" content=\"Con 6 mil tratamientos anuales a pacientes con enfermedades neurol\u00f3gicas y lesiones f\u00edsicas, el Centro Estatal de Rehabilitaci\u00f3n y Educaci\u00f3n Especial (CEREE), del Instituto de Salud del Estado de M\u00e9xico (ISEM), se consolida como el \u00fanico en su tipo del sector p\u00fablico en la entidad. Estas atenciones se realizan mediante una C\u00e1mara de Estimulaci\u00f3n Multi Sensorial (CEMS) y una Sala de Realidad Virtual, equipadas con tecnolog\u00eda de vanguardia, empleada para realizar terapias focalizadas con programas de c\u00f3mputo que permiten proyecciones y simulaciones de ambientes controlados. Lo anterior facilita que en&hellip;\" \/>\n<meta property=\"og:url\" content=\"https:\/\/expressometro.mx\/index.php\/2019\/08\/30\/emplean-en-edomex-realidad-virtual-y-estimulacion-sensorial-para-rehabilitacion\/\" \/>\n<meta property=\"og:site_name\" content=\"Expresso Metropolitano\" \/>\n<meta property=\"article:published_time\" content=\"2019-08-31T02:49:59+00:00\" \/>\n<meta property=\"article:modified_time\" content=\"2019-09-25T15:37:20+00:00\" \/>\n<meta property=\"og:image\" content=\"https:\/\/expressometro.mx\/wp-content\/uploads\/2019\/08\/w2_8860_1.jpg\" \/>\n\t<meta property=\"og:image:width\" content=\"1500\" \/>\n\t<meta property=\"og:image:height\" content=\"1042\" \/>\n\t<meta property=\"og:image:type\" content=\"image\/jpeg\" \/>\n<meta name=\"author\" content=\"Expresso Metropolitano\" \/>\n<meta name=\"twitter:label1\" content=\"Escrito por\" \/>\n\t<meta name=\"twitter:data1\" content=\"Expresso Metropolitano\" \/>\n\t<meta name=\"twitter:label2\" content=\"Tiempo de lectura\" \/>\n\t<meta name=\"twitter:data2\" content=\"1 minuto\" \/>\n<script type=\"application\/ld+json\" class=\"yoast-schema-graph\">{\"@context\":\"https:\\\/\\\/schema.org\",\"@graph\":[{\"@type\":\"Article\",\"@id\":\"https:\\\/\\\/expressometro.mx\\\/index.php\\\/2019\\\/08\\\/30\\\/emplean-en-edomex-realidad-virtual-y-estimulacion-sensorial-para-rehabilitacion\\\/#article\",\"isPartOf\":{\"@id\":\"https:\\\/\\\/expressometro.mx\\\/index.php\\\/2019\\\/08\\\/30\\\/emplean-en-edomex-realidad-virtual-y-estimulacion-sensorial-para-rehabilitacion\\\/\"},\"author\":{\"name\":\"Expresso Metropolitano\",\"@id\":\"https:\\\/\\\/expressometro.mx\\\/#\\\/schema\\\/person\\\/efa971b4a0664db8ed5c22b1b0dd2f5d\"},\"headline\":\"EMPLEAN EN EDOM\u00c9X REALIDAD VIRTUAL Y ESTIMULACI\u00d3N SENSORIAL PARA REHABILITACI\u00d3N\",\"datePublished\":\"2019-08-31T02:49:59+00:00\",\"dateModified\":\"2019-09-25T15:37:20+00:00\",\"mainEntityOfPage\":{\"@id\":\"https:\\\/\\\/expressometro.mx\\\/index.php\\\/2019\\\/08\\\/30\\\/emplean-en-edomex-realidad-virtual-y-estimulacion-sensorial-para-rehabilitacion\\\/\"},\"wordCount\":262,\"commentCount\":0,\"publisher\":{\"@id\":\"https:\\\/\\\/expressometro.mx\\\/#organization\"},\"articleSection\":[\"Otros\"],\"inLanguage\":\"es\",\"potentialAction\":[{\"@type\":\"CommentAction\",\"name\":\"Comment\",\"target\":[\"https:\\\/\\\/expressometro.mx\\\/index.php\\\/2019\\\/08\\\/30\\\/emplean-en-edomex-realidad-virtual-y-estimulacion-sensorial-para-rehabilitacion\\\/#respond\"]}]},{\"@type\":\"WebPage\",\"@id\":\"https:\\\/\\\/expressometro.mx\\\/index.php\\\/2019\\\/08\\\/30\\\/emplean-en-edomex-realidad-virtual-y-estimulacion-sensorial-para-rehabilitacion\\\/\",\"url\":\"https:\\\/\\\/expressometro.mx\\\/index.php\\\/2019\\\/08\\\/30\\\/emplean-en-edomex-realidad-virtual-y-estimulacion-sensorial-para-rehabilitacion\\\/\",\"name\":\"EMPLEAN EN EDOM\u00c9X REALIDAD VIRTUAL Y ESTIMULACI\u00d3N SENSORIAL PARA REHABILITACI\u00d3N - Expresso Metropolitano\",\"isPartOf\":{\"@id\":\"https:\\\/\\\/expressometro.mx\\\/#website\"},\"datePublished\":\"2019-08-31T02:49:59+00:00\",\"dateModified\":\"2019-09-25T15:37:20+00:00\",\"breadcrumb\":{\"@id\":\"https:\\\/\\\/expressometro.mx\\\/index.php\\\/2019\\\/08\\\/30\\\/emplean-en-edomex-realidad-virtual-y-estimulacion-sensorial-para-rehabilitacion\\\/#breadcrumb\"},\"inLanguage\":\"es\",\"potentialAction\":[{\"@type\":\"ReadAction\",\"target\":[\"https:\\\/\\\/expressometro.mx\\\/index.php\\\/2019\\\/08\\\/30\\\/emplean-en-edomex-realidad-virtual-y-estimulacion-sensorial-para-rehabilitacion\\\/\"]}]},{\"@type\":\"BreadcrumbList\",\"@id\":\"https:\\\/\\\/expressometro.mx\\\/index.php\\\/2019\\\/08\\\/30\\\/emplean-en-edomex-realidad-virtual-y-estimulacion-sensorial-para-rehabilitacion\\\/#breadcrumb\",\"itemListElement\":[{\"@type\":\"ListItem\",\"position\":1,\"name\":\"Inicio\",\"item\":\"https:\\\/\\\/expressometro.mx\\\/\"},{\"@type\":\"ListItem\",\"position\":2,\"name\":\"EMPLEAN EN EDOM\u00c9X REALIDAD VIRTUAL Y ESTIMULACI\u00d3N SENSORIAL PARA REHABILITACI\u00d3N\"}]},{\"@type\":\"WebSite\",\"@id\":\"https:\\\/\\\/expressometro.mx\\\/#website\",\"url\":\"https:\\\/\\\/expressometro.mx\\\/\",\"name\":\"Expresso Metropolitano\",\"description\":\"Periodismo comprometido, informaci\u00f3n, investigaci\u00f3n y an\u00e1lisis\",\"publisher\":{\"@id\":\"https:\\\/\\\/expressometro.mx\\\/#organization\"},\"potentialAction\":[{\"@type\":\"SearchAction\",\"target\":{\"@type\":\"EntryPoint\",\"urlTemplate\":\"https:\\\/\\\/expressometro.mx\\\/?s={search_term_string}\"},\"query-input\":{\"@type\":\"PropertyValueSpecification\",\"valueRequired\":true,\"valueName\":\"search_term_string\"}}],\"inLanguage\":\"es\"},{\"@type\":\"Organization\",\"@id\":\"https:\\\/\\\/expressometro.mx\\\/#organization\",\"name\":\"Expresso Metropolitano\",\"url\":\"https:\\\/\\\/expressometro.mx\\\/\",\"logo\":{\"@type\":\"ImageObject\",\"inLanguage\":\"es\",\"@id\":\"https:\\\/\\\/expressometro.mx\\\/#\\\/schema\\\/logo\\\/image\\\/\",\"url\":\"https:\\\/\\\/expressometro.mx\\\/wp-content\\\/uploads\\\/2019\\\/07\\\/cropped-Logo-Expresso-Metropolitano-1-1.jpeg\",\"contentUrl\":\"https:\\\/\\\/expressometro.mx\\\/wp-content\\\/uploads\\\/2019\\\/07\\\/cropped-Logo-Expresso-Metropolitano-1-1.jpeg\",\"width\":290,\"height\":73,\"caption\":\"Expresso Metropolitano\"},\"image\":{\"@id\":\"https:\\\/\\\/expressometro.mx\\\/#\\\/schema\\\/logo\\\/image\\\/\"}},{\"@type\":\"Person\",\"@id\":\"https:\\\/\\\/expressometro.mx\\\/#\\\/schema\\\/person\\\/efa971b4a0664db8ed5c22b1b0dd2f5d\",\"name\":\"Expresso Metropolitano\",\"image\":{\"@type\":\"ImageObject\",\"inLanguage\":\"es\",\"@id\":\"https:\\\/\\\/secure.gravatar.com\\\/avatar\\\/a89f802b8de18c6952f223c88d3d106e9e3679839f4e25a02f4a6cc2ae6ba3b3?s=96&d=mm&r=g\",\"url\":\"https:\\\/\\\/secure.gravatar.com\\\/avatar\\\/a89f802b8de18c6952f223c88d3d106e9e3679839f4e25a02f4a6cc2ae6ba3b3?s=96&d=mm&r=g\",\"contentUrl\":\"https:\\\/\\\/secure.gravatar.com\\\/avatar\\\/a89f802b8de18c6952f223c88d3d106e9e3679839f4e25a02f4a6cc2ae6ba3b3?s=96&d=mm&r=g\",\"caption\":\"Expresso Metropolitano\"},\"url\":\"https:\\\/\\\/expressometro.mx\\\/index.php\\\/author\\\/diego\\\/\"}]}<\/script>\n<!-- \/ Yoast SEO plugin. -->","yoast_head_json":{"title":"EMPLEAN EN EDOM\u00c9X REALIDAD VIRTUAL Y ESTIMULACI\u00d3N SENSORIAL PARA REHABILITACI\u00d3N - Expresso Metropolitano","robots":{"index":"index","follow":"follow","max-snippet":"max-snippet:-1","max-image-preview":"max-image-preview:large","max-video-preview":"max-video-preview:-1"},"canonical":"https:\/\/expressometro.mx\/index.php\/2019\/08\/30\/emplean-en-edomex-realidad-virtual-y-estimulacion-sensorial-para-rehabilitacion\/","og_locale":"es_MX","og_type":"article","og_title":"EMPLEAN EN EDOM\u00c9X REALIDAD VIRTUAL Y ESTIMULACI\u00d3N SENSORIAL PARA REHABILITACI\u00d3N - Expresso Metropolitano","og_description":"Con 6 mil tratamientos anuales a pacientes con enfermedades neurol\u00f3gicas y lesiones f\u00edsicas, el Centro Estatal de Rehabilitaci\u00f3n y Educaci\u00f3n Especial (CEREE), del Instituto de Salud del Estado de M\u00e9xico (ISEM), se consolida como el \u00fanico en su tipo del sector p\u00fablico en la entidad. Estas atenciones se realizan mediante una C\u00e1mara de Estimulaci\u00f3n Multi Sensorial (CEMS) y una Sala de Realidad Virtual, equipadas con tecnolog\u00eda de vanguardia, empleada para realizar terapias focalizadas con programas de c\u00f3mputo que permiten proyecciones y simulaciones de ambientes controlados. Lo anterior facilita que en&hellip;","og_url":"https:\/\/expressometro.mx\/index.php\/2019\/08\/30\/emplean-en-edomex-realidad-virtual-y-estimulacion-sensorial-para-rehabilitacion\/","og_site_name":"Expresso Metropolitano","article_published_time":"2019-08-31T02:49:59+00:00","article_modified_time":"2019-09-25T15:37:20+00:00","og_image":[{"width":1500,"height":1042,"url":"https:\/\/expressometro.mx\/wp-content\/uploads\/2019\/08\/w2_8860_1.jpg","type":"image\/jpeg"}],"author":"Expresso Metropolitano","twitter_misc":{"Escrito por":"Expresso Metropolitano","Tiempo de lectura":"1 minuto"},"schema":{"@context":"https:\/\/schema.org","@graph":[{"@type":"Article","@id":"https:\/\/expressometro.mx\/index.php\/2019\/08\/30\/emplean-en-edomex-realidad-virtual-y-estimulacion-sensorial-para-rehabilitacion\/#article","isPartOf":{"@id":"https:\/\/expressometro.mx\/index.php\/2019\/08\/30\/emplean-en-edomex-realidad-virtual-y-estimulacion-sensorial-para-rehabilitacion\/"},"author":{"name":"Expresso Metropolitano","@id":"https:\/\/expressometro.mx\/#\/schema\/person\/efa971b4a0664db8ed5c22b1b0dd2f5d"},"headline":"EMPLEAN EN EDOM\u00c9X REALIDAD VIRTUAL Y ESTIMULACI\u00d3N SENSORIAL PARA REHABILITACI\u00d3N","datePublished":"2019-08-31T02:49:59+00:00","dateModified":"2019-09-25T15:37:20+00:00","mainEntityOfPage":{"@id":"https:\/\/expressometro.mx\/index.php\/2019\/08\/30\/emplean-en-edomex-realidad-virtual-y-estimulacion-sensorial-para-rehabilitacion\/"},"wordCount":262,"commentCount":0,"publisher":{"@id":"https:\/\/expressometro.mx\/#organization"},"articleSection":["Otros"],"inLanguage":"es","potentialAction":[{"@type":"CommentAction","name":"Comment","target":["https:\/\/expressometro.mx\/index.php\/2019\/08\/30\/emplean-en-edomex-realidad-virtual-y-estimulacion-sensorial-para-rehabilitacion\/#respond"]}]},{"@type":"WebPage","@id":"https:\/\/expressometro.mx\/index.php\/2019\/08\/30\/emplean-en-edomex-realidad-virtual-y-estimulacion-sensorial-para-rehabilitacion\/","url":"https:\/\/expressometro.mx\/index.php\/2019\/08\/30\/emplean-en-edomex-realidad-virtual-y-estimulacion-sensorial-para-rehabilitacion\/","name":"EMPLEAN EN EDOM\u00c9X REALIDAD VIRTUAL Y ESTIMULACI\u00d3N SENSORIAL PARA REHABILITACI\u00d3N - Expresso Metropolitano","isPartOf":{"@id":"https:\/\/expressometro.mx\/#website"},"datePublished":"2019-08-31T02:49:59+00:00","dateModified":"2019-09-25T15:37:20+00:00","breadcrumb":{"@id":"https:\/\/expressometro.mx\/index.php\/2019\/08\/30\/emplean-en-edomex-realidad-virtual-y-estimulacion-sensorial-para-rehabilitacion\/#breadcrumb"},"inLanguage":"es","potentialAction":[{"@type":"ReadAction","target":["https:\/\/expressometro.mx\/index.php\/2019\/08\/30\/emplean-en-edomex-realidad-virtual-y-estimulacion-sensorial-para-rehabilitacion\/"]}]},{"@type":"BreadcrumbList","@id":"https:\/\/expressometro.mx\/index.php\/2019\/08\/30\/emplean-en-edomex-realidad-virtual-y-estimulacion-sensorial-para-rehabilitacion\/#breadcrumb","itemListElement":[{"@type":"ListItem","position":1,"name":"Inicio","item":"https:\/\/expressometro.mx\/"},{"@type":"ListItem","position":2,"name":"EMPLEAN EN EDOM\u00c9X REALIDAD VIRTUAL Y ESTIMULACI\u00d3N SENSORIAL PARA REHABILITACI\u00d3N"}]},{"@type":"WebSite","@id":"https:\/\/expressometro.mx\/#website","url":"https:\/\/expressometro.mx\/","name":"Expresso Metropolitano","description":"Periodismo comprometido, informaci\u00f3n, investigaci\u00f3n y an\u00e1lisis","publisher":{"@id":"https:\/\/expressometro.mx\/#organization"},"potentialAction":[{"@type":"SearchAction","target":{"@type":"EntryPoint","urlTemplate":"https:\/\/expressometro.mx\/?s={search_term_string}"},"query-input":{"@type":"PropertyValueSpecification","valueRequired":true,"valueName":"search_term_string"}}],"inLanguage":"es"},{"@type":"Organization","@id":"https:\/\/expressometro.mx\/#organization","name":"Expresso Metropolitano","url":"https:\/\/expressometro.mx\/","logo":{"@type":"ImageObject","inLanguage":"es","@id":"https:\/\/expressometro.mx\/#\/schema\/logo\/image\/","url":"https:\/\/expressometro.mx\/wp-content\/uploads\/2019\/07\/cropped-Logo-Expresso-Metropolitano-1-1.jpeg","contentUrl":"https:\/\/expressometro.mx\/wp-content\/uploads\/2019\/07\/cropped-Logo-Expresso-Metropolitano-1-1.jpeg","width":290,"height":73,"caption":"Expresso Metropolitano"},"image":{"@id":"https:\/\/expressometro.mx\/#\/schema\/logo\/image\/"}},{"@type":"Person","@id":"https:\/\/expressometro.mx\/#\/schema\/person\/efa971b4a0664db8ed5c22b1b0dd2f5d","name":"Expresso Metropolitano","image":{"@type":"ImageObject","inLanguage":"es","@id":"https:\/\/secure.gravatar.com\/avatar\/a89f802b8de18c6952f223c88d3d106e9e3679839f4e25a02f4a6cc2ae6ba3b3?s=96&d=mm&r=g","url":"https:\/\/secure.gravatar.com\/avatar\/a89f802b8de18c6952f223c88d3d106e9e3679839f4e25a02f4a6cc2ae6ba3b3?s=96&d=mm&r=g","contentUrl":"https:\/\/secure.gravatar.com\/avatar\/a89f802b8de18c6952f223c88d3d106e9e3679839f4e25a02f4a6cc2ae6ba3b3?s=96&d=mm&r=g","caption":"Expresso Metropolitano"},"url":"https:\/\/expressometro.mx\/index.php\/author\/diego\/"}]}},"amp_enabled":true,"_links":{"self":[{"href":"https:\/\/expressometro.mx\/index.php\/wp-json\/wp\/v2\/posts\/289","targetHints":{"allow":["GET"]}}],"collection":[{"href":"https:\/\/expressometro.mx\/index.php\/wp-json\/wp\/v2\/posts"}],"about":[{"href":"https:\/\/expressometro.mx\/index.php\/wp-json\/wp\/v2\/types\/post"}],"author":[{"embeddable":true,"href":"https:\/\/expressometro.mx\/index.php\/wp-json\/wp\/v2\/users\/1"}],"replies":[{"embeddable":true,"href":"https:\/\/expressometro.mx\/index.php\/wp-json\/wp\/v2\/comments?post=289"}],"version-history":[{"count":1,"href":"https:\/\/expressometro.mx\/index.php\/wp-json\/wp\/v2\/posts\/289\/revisions"}],"predecessor-version":[{"id":291,"href":"https:\/\/expressometro.mx\/index.php\/wp-json\/wp\/v2\/posts\/289\/revisions\/291"}],"wp:attachment":[{"href":"https:\/\/expressometro.mx\/index.php\/wp-json\/wp\/v2\/media?parent=289"}],"wp:term":[{"taxonomy":"category","embeddable":true,"href":"https:\/\/expressometro.mx\/index.php\/wp-json\/wp\/v2\/categories?post=289"},{"taxonomy":"post_tag","embeddable":true,"href":"https:\/\/expressometro.mx\/index.php\/wp-json\/wp\/v2\/tags?post=289"}],"curies":[{"name":"wp","href":"https:\/\/api.w.org\/{rel}","templated":true}]}}