{"id":2869,"date":"2021-05-27T11:27:53","date_gmt":"2021-05-27T16:27:53","guid":{"rendered":"http:\/\/expressometro.mx\/?p=2869"},"modified":"2021-05-27T11:27:55","modified_gmt":"2021-05-27T16:27:55","slug":"crece-campana-de-erick-cedillo-con-propuestas-de-sus-vecinos","status":"publish","type":"post","link":"https:\/\/expressometro.mx\/index.php\/2021\/05\/27\/crece-campana-de-erick-cedillo-con-propuestas-de-sus-vecinos\/","title":{"rendered":"CRECE CAMPA\u00d1A DE ERICK CEDILLO CON PROPUESTAS DE SUS VECINOS"},"content":{"rendered":"\n<p>Con el equipo de campa\u00f1a y simpatizantes del candidato a la presidencia municipal de Ray\u00f3n por la alianza Va por el Estado de M\u00e9xico, Erick Cedillo Hinojosa, se hicieron recorridos en la delegaci\u00f3n de San Juan la Isla, por las calles de Morelos, Independencia y Libertad.<\/p>\n\n\n\n<p>Bajo un fruct\u00edfero di\u00e1logo se abordaron temas importantes para la comunidad y como resultado se anunci\u00f3 la propuesta de construir en la delegaci\u00f3n unas instalaciones equipadas con un banco de tanques y concentradores de ox\u00edgeno, atenci\u00f3n m\u00e9dica y ambulancia las 24 horas.<\/p>\n\n\n\n<p>En diferentes actos de campa\u00f1a, el candidato realiz\u00f3 el toque de puertas para escuchar las necesidades de los rayonenses y se anunci\u00f3 una de las propuestas en materia de deporte: el Consultorio Municipal de medicina del Deporte.<\/p>\n\n\n\n<p>Erick Cedillo tambi\u00e9n present\u00f3 las propuestas en materia de cultura como la creaci\u00f3n de concursos de cortometrajes referentes a la cultura rayonense y retomar celebraciones tales como \u2018El festival del molinillo y el chocolate\u2019.<\/p>\n\n\n\n<figure class=\"wp-block-gallery columns-2 is-cropped wp-block-gallery-1 is-layout-flex wp-block-gallery-is-layout-flex\"><ul class=\"blocks-gallery-grid\"><li class=\"blocks-gallery-item\"><figure><img decoding=\"async\" width=\"840\" height=\"480\" src=\"http:\/\/expressometro.mx\/wp-content\/uploads\/2021\/05\/WhatsApp-Image-2021-05-27-at-11.11.45-1-840x480.jpeg\" alt=\"\" data-id=\"2872\" data-link=\"http:\/\/expressometro.mx\/?attachment_id=2872\" class=\"wp-image-2872\" srcset=\"https:\/\/expressometro.mx\/wp-content\/uploads\/2021\/05\/WhatsApp-Image-2021-05-27-at-11.11.45-1-840x480.jpeg 840w, https:\/\/expressometro.mx\/wp-content\/uploads\/2021\/05\/WhatsApp-Image-2021-05-27-at-11.11.45-1-638x365.jpeg 638w, https:\/\/expressometro.mx\/wp-content\/uploads\/2021\/05\/WhatsApp-Image-2021-05-27-at-11.11.45-1-768x439.jpeg 768w, https:\/\/expressometro.mx\/wp-content\/uploads\/2021\/05\/WhatsApp-Image-2021-05-27-at-11.11.45-1.jpeg 960w\" sizes=\"(max-width: 840px) 100vw, 840px\" \/><\/figure><\/li><li class=\"blocks-gallery-item\"><figure><img decoding=\"async\" width=\"671\" height=\"480\" src=\"http:\/\/expressometro.mx\/wp-content\/uploads\/2021\/05\/WhatsApp-Image-2021-05-27-at-11.11.45-2-671x480.jpeg\" alt=\"\" data-id=\"2873\" data-full-url=\"http:\/\/expressometro.mx\/wp-content\/uploads\/2021\/05\/WhatsApp-Image-2021-05-27-at-11.11.45-2.jpeg\" data-link=\"http:\/\/expressometro.mx\/?attachment_id=2873\" class=\"wp-image-2873\" srcset=\"https:\/\/expressometro.mx\/wp-content\/uploads\/2021\/05\/WhatsApp-Image-2021-05-27-at-11.11.45-2-671x480.jpeg 671w, https:\/\/expressometro.mx\/wp-content\/uploads\/2021\/05\/WhatsApp-Image-2021-05-27-at-11.11.45-2-510x365.jpeg 510w, https:\/\/expressometro.mx\/wp-content\/uploads\/2021\/05\/WhatsApp-Image-2021-05-27-at-11.11.45-2-768x550.jpeg 768w, https:\/\/expressometro.mx\/wp-content\/uploads\/2021\/05\/WhatsApp-Image-2021-05-27-at-11.11.45-2-240x172.jpeg 240w, https:\/\/expressometro.mx\/wp-content\/uploads\/2021\/05\/WhatsApp-Image-2021-05-27-at-11.11.45-2.jpeg 960w\" sizes=\"(max-width: 671px) 100vw, 671px\" \/><\/figure><\/li><\/ul><\/figure>\n","protected":false},"excerpt":{"rendered":"<p>Erick Cedillo tambi\u00e9n present\u00f3 las propuestas en materia de cultura como la creaci\u00f3n de concursos de cortometrajes referentes a la cultura rayonense y retomar celebraciones tales como \u2018El festival del molinillo y el chocolate\u2019.<\/p>\n","protected":false},"author":2,"featured_media":2871,"comment_status":"open","ping_status":"open","sticky":false,"template":"","format":"standard","meta":{"footnotes":""},"categories":[231],"tags":[405,260,419,158,477,393],"class_list":["post-2869","post","type-post","status-publish","format-standard","has-post-thumbnail","hentry","category-politica","tag-erick-cedillo","tag-pan","tag-prd","tag-pri","tag-rayon","tag-va-por-el-estado-de-mexico"],"yoast_head":"<!-- This site is optimized with the Yoast SEO plugin v27.4 - https:\/\/yoast.com\/product\/yoast-seo-wordpress\/ -->\n<title>CRECE CAMPA\u00d1A DE ERICK CEDILLO CON PROPUESTAS DE SUS VECINOS - Expresso Metropolitano<\/title>\n<meta name=\"robots\" content=\"index, follow, max-snippet:-1, max-image-preview:large, max-video-preview:-1\" \/>\n<link rel=\"canonical\" href=\"https:\/\/expressometro.mx\/index.php\/2021\/05\/27\/crece-campana-de-erick-cedillo-con-propuestas-de-sus-vecinos\/\" \/>\n<meta property=\"og:locale\" content=\"es_MX\" \/>\n<meta property=\"og:type\" content=\"article\" \/>\n<meta property=\"og:title\" content=\"CRECE CAMPA\u00d1A DE ERICK CEDILLO CON PROPUESTAS DE SUS VECINOS - Expresso Metropolitano\" \/>\n<meta property=\"og:description\" content=\"Erick Cedillo tambi\u00e9n present\u00f3 las propuestas en materia de cultura como la creaci\u00f3n de concursos de cortometrajes referentes a la cultura rayonense y retomar celebraciones tales como \u2018El festival del molinillo y el chocolate\u2019.\" \/>\n<meta property=\"og:url\" content=\"https:\/\/expressometro.mx\/index.php\/2021\/05\/27\/crece-campana-de-erick-cedillo-con-propuestas-de-sus-vecinos\/\" \/>\n<meta property=\"og:site_name\" content=\"Expresso Metropolitano\" \/>\n<meta property=\"article:published_time\" content=\"2021-05-27T16:27:53+00:00\" \/>\n<meta property=\"article:modified_time\" content=\"2021-05-27T16:27:55+00:00\" \/>\n<meta property=\"og:image\" content=\"https:\/\/expressometro.mx\/wp-content\/uploads\/2021\/05\/WhatsApp-Image-2021-05-27-at-11.11.45.jpeg\" \/>\n\t<meta property=\"og:image:width\" content=\"960\" \/>\n\t<meta property=\"og:image:height\" content=\"603\" \/>\n\t<meta property=\"og:image:type\" content=\"image\/jpeg\" \/>\n<meta name=\"author\" content=\"Cecilia Vega\" \/>\n<meta name=\"twitter:label1\" content=\"Escrito por\" \/>\n\t<meta name=\"twitter:data1\" content=\"Cecilia Vega\" \/>\n\t<meta name=\"twitter:label2\" content=\"Tiempo de lectura\" \/>\n\t<meta name=\"twitter:data2\" content=\"2 minutos\" \/>\n<script type=\"application\/ld+json\" class=\"yoast-schema-graph\">{\"@context\":\"https:\\\/\\\/schema.org\",\"@graph\":[{\"@type\":\"Article\",\"@id\":\"https:\\\/\\\/expressometro.mx\\\/index.php\\\/2021\\\/05\\\/27\\\/crece-campana-de-erick-cedillo-con-propuestas-de-sus-vecinos\\\/#article\",\"isPartOf\":{\"@id\":\"https:\\\/\\\/expressometro.mx\\\/index.php\\\/2021\\\/05\\\/27\\\/crece-campana-de-erick-cedillo-con-propuestas-de-sus-vecinos\\\/\"},\"author\":{\"name\":\"Cecilia Vega\",\"@id\":\"https:\\\/\\\/expressometro.mx\\\/#\\\/schema\\\/person\\\/67a95b8e3862085c7598f66237488f1f\"},\"headline\":\"CRECE CAMPA\u00d1A DE ERICK CEDILLO CON PROPUESTAS DE SUS VECINOS\",\"datePublished\":\"2021-05-27T16:27:53+00:00\",\"dateModified\":\"2021-05-27T16:27:55+00:00\",\"mainEntityOfPage\":{\"@id\":\"https:\\\/\\\/expressometro.mx\\\/index.php\\\/2021\\\/05\\\/27\\\/crece-campana-de-erick-cedillo-con-propuestas-de-sus-vecinos\\\/\"},\"wordCount\":182,\"commentCount\":0,\"publisher\":{\"@id\":\"https:\\\/\\\/expressometro.mx\\\/#organization\"},\"image\":{\"@id\":\"https:\\\/\\\/expressometro.mx\\\/index.php\\\/2021\\\/05\\\/27\\\/crece-campana-de-erick-cedillo-con-propuestas-de-sus-vecinos\\\/#primaryimage\"},\"thumbnailUrl\":\"https:\\\/\\\/expressometro.mx\\\/wp-content\\\/uploads\\\/2021\\\/05\\\/WhatsApp-Image-2021-05-27-at-11.11.45.jpeg\",\"keywords\":[\"Erick Cedillo\",\"PAN\",\"PRD\",\"PRI\",\"Rayon\",\"Va por el Estado de M\u00e9xico\"],\"articleSection\":[\"Pol\u00edtica\"],\"inLanguage\":\"es\",\"potentialAction\":[{\"@type\":\"CommentAction\",\"name\":\"Comment\",\"target\":[\"https:\\\/\\\/expressometro.mx\\\/index.php\\\/2021\\\/05\\\/27\\\/crece-campana-de-erick-cedillo-con-propuestas-de-sus-vecinos\\\/#respond\"]}]},{\"@type\":\"WebPage\",\"@id\":\"https:\\\/\\\/expressometro.mx\\\/index.php\\\/2021\\\/05\\\/27\\\/crece-campana-de-erick-cedillo-con-propuestas-de-sus-vecinos\\\/\",\"url\":\"https:\\\/\\\/expressometro.mx\\\/index.php\\\/2021\\\/05\\\/27\\\/crece-campana-de-erick-cedillo-con-propuestas-de-sus-vecinos\\\/\",\"name\":\"CRECE CAMPA\u00d1A DE ERICK CEDILLO CON PROPUESTAS DE SUS VECINOS - Expresso Metropolitano\",\"isPartOf\":{\"@id\":\"https:\\\/\\\/expressometro.mx\\\/#website\"},\"primaryImageOfPage\":{\"@id\":\"https:\\\/\\\/expressometro.mx\\\/index.php\\\/2021\\\/05\\\/27\\\/crece-campana-de-erick-cedillo-con-propuestas-de-sus-vecinos\\\/#primaryimage\"},\"image\":{\"@id\":\"https:\\\/\\\/expressometro.mx\\\/index.php\\\/2021\\\/05\\\/27\\\/crece-campana-de-erick-cedillo-con-propuestas-de-sus-vecinos\\\/#primaryimage\"},\"thumbnailUrl\":\"https:\\\/\\\/expressometro.mx\\\/wp-content\\\/uploads\\\/2021\\\/05\\\/WhatsApp-Image-2021-05-27-at-11.11.45.jpeg\",\"datePublished\":\"2021-05-27T16:27:53+00:00\",\"dateModified\":\"2021-05-27T16:27:55+00:00\",\"breadcrumb\":{\"@id\":\"https:\\\/\\\/expressometro.mx\\\/index.php\\\/2021\\\/05\\\/27\\\/crece-campana-de-erick-cedillo-con-propuestas-de-sus-vecinos\\\/#breadcrumb\"},\"inLanguage\":\"es\",\"potentialAction\":[{\"@type\":\"ReadAction\",\"target\":[\"https:\\\/\\\/expressometro.mx\\\/index.php\\\/2021\\\/05\\\/27\\\/crece-campana-de-erick-cedillo-con-propuestas-de-sus-vecinos\\\/\"]}]},{\"@type\":\"ImageObject\",\"inLanguage\":\"es\",\"@id\":\"https:\\\/\\\/expressometro.mx\\\/index.php\\\/2021\\\/05\\\/27\\\/crece-campana-de-erick-cedillo-con-propuestas-de-sus-vecinos\\\/#primaryimage\",\"url\":\"https:\\\/\\\/expressometro.mx\\\/wp-content\\\/uploads\\\/2021\\\/05\\\/WhatsApp-Image-2021-05-27-at-11.11.45.jpeg\",\"contentUrl\":\"https:\\\/\\\/expressometro.mx\\\/wp-content\\\/uploads\\\/2021\\\/05\\\/WhatsApp-Image-2021-05-27-at-11.11.45.jpeg\",\"width\":960,\"height\":603},{\"@type\":\"BreadcrumbList\",\"@id\":\"https:\\\/\\\/expressometro.mx\\\/index.php\\\/2021\\\/05\\\/27\\\/crece-campana-de-erick-cedillo-con-propuestas-de-sus-vecinos\\\/#breadcrumb\",\"itemListElement\":[{\"@type\":\"ListItem\",\"position\":1,\"name\":\"Inicio\",\"item\":\"https:\\\/\\\/expressometro.mx\\\/\"},{\"@type\":\"ListItem\",\"position\":2,\"name\":\"CRECE CAMPA\u00d1A DE ERICK CEDILLO CON PROPUESTAS DE SUS VECINOS\"}]},{\"@type\":\"WebSite\",\"@id\":\"https:\\\/\\\/expressometro.mx\\\/#website\",\"url\":\"https:\\\/\\\/expressometro.mx\\\/\",\"name\":\"Expresso Metropolitano\",\"description\":\"Periodismo comprometido, informaci\u00f3n, investigaci\u00f3n y an\u00e1lisis\",\"publisher\":{\"@id\":\"https:\\\/\\\/expressometro.mx\\\/#organization\"},\"potentialAction\":[{\"@type\":\"SearchAction\",\"target\":{\"@type\":\"EntryPoint\",\"urlTemplate\":\"https:\\\/\\\/expressometro.mx\\\/?s={search_term_string}\"},\"query-input\":{\"@type\":\"PropertyValueSpecification\",\"valueRequired\":true,\"valueName\":\"search_term_string\"}}],\"inLanguage\":\"es\"},{\"@type\":\"Organization\",\"@id\":\"https:\\\/\\\/expressometro.mx\\\/#organization\",\"name\":\"Expresso Metropolitano\",\"url\":\"https:\\\/\\\/expressometro.mx\\\/\",\"logo\":{\"@type\":\"ImageObject\",\"inLanguage\":\"es\",\"@id\":\"https:\\\/\\\/expressometro.mx\\\/#\\\/schema\\\/logo\\\/image\\\/\",\"url\":\"https:\\\/\\\/expressometro.mx\\\/wp-content\\\/uploads\\\/2019\\\/07\\\/cropped-Logo-Expresso-Metropolitano-1-1.jpeg\",\"contentUrl\":\"https:\\\/\\\/expressometro.mx\\\/wp-content\\\/uploads\\\/2019\\\/07\\\/cropped-Logo-Expresso-Metropolitano-1-1.jpeg\",\"width\":290,\"height\":73,\"caption\":\"Expresso Metropolitano\"},\"image\":{\"@id\":\"https:\\\/\\\/expressometro.mx\\\/#\\\/schema\\\/logo\\\/image\\\/\"}},{\"@type\":\"Person\",\"@id\":\"https:\\\/\\\/expressometro.mx\\\/#\\\/schema\\\/person\\\/67a95b8e3862085c7598f66237488f1f\",\"name\":\"Cecilia Vega\",\"image\":{\"@type\":\"ImageObject\",\"inLanguage\":\"es\",\"@id\":\"https:\\\/\\\/secure.gravatar.com\\\/avatar\\\/13aae9944ab2ee472a9e407c9487fdbd03b049abaa559af32fe5dbcf615c981b?s=96&d=mm&r=g\",\"url\":\"https:\\\/\\\/secure.gravatar.com\\\/avatar\\\/13aae9944ab2ee472a9e407c9487fdbd03b049abaa559af32fe5dbcf615c981b?s=96&d=mm&r=g\",\"contentUrl\":\"https:\\\/\\\/secure.gravatar.com\\\/avatar\\\/13aae9944ab2ee472a9e407c9487fdbd03b049abaa559af32fe5dbcf615c981b?s=96&d=mm&r=g\",\"caption\":\"Cecilia Vega\"},\"url\":\"https:\\\/\\\/expressometro.mx\\\/index.php\\\/author\\\/cecilia-vega\\\/\"}]}<\/script>\n<!-- \/ Yoast SEO plugin. -->","yoast_head_json":{"title":"CRECE CAMPA\u00d1A DE ERICK CEDILLO CON PROPUESTAS DE SUS VECINOS - Expresso Metropolitano","robots":{"index":"index","follow":"follow","max-snippet":"max-snippet:-1","max-image-preview":"max-image-preview:large","max-video-preview":"max-video-preview:-1"},"canonical":"https:\/\/expressometro.mx\/index.php\/2021\/05\/27\/crece-campana-de-erick-cedillo-con-propuestas-de-sus-vecinos\/","og_locale":"es_MX","og_type":"article","og_title":"CRECE CAMPA\u00d1A DE ERICK CEDILLO CON PROPUESTAS DE SUS VECINOS - Expresso Metropolitano","og_description":"Erick Cedillo tambi\u00e9n present\u00f3 las propuestas en materia de cultura como la creaci\u00f3n de concursos de cortometrajes referentes a la cultura rayonense y retomar celebraciones tales como \u2018El festival del molinillo y el chocolate\u2019.","og_url":"https:\/\/expressometro.mx\/index.php\/2021\/05\/27\/crece-campana-de-erick-cedillo-con-propuestas-de-sus-vecinos\/","og_site_name":"Expresso Metropolitano","article_published_time":"2021-05-27T16:27:53+00:00","article_modified_time":"2021-05-27T16:27:55+00:00","og_image":[{"width":960,"height":603,"url":"https:\/\/expressometro.mx\/wp-content\/uploads\/2021\/05\/WhatsApp-Image-2021-05-27-at-11.11.45.jpeg","type":"image\/jpeg"}],"author":"Cecilia Vega","twitter_misc":{"Escrito por":"Cecilia Vega","Tiempo de lectura":"2 minutos"},"schema":{"@context":"https:\/\/schema.org","@graph":[{"@type":"Article","@id":"https:\/\/expressometro.mx\/index.php\/2021\/05\/27\/crece-campana-de-erick-cedillo-con-propuestas-de-sus-vecinos\/#article","isPartOf":{"@id":"https:\/\/expressometro.mx\/index.php\/2021\/05\/27\/crece-campana-de-erick-cedillo-con-propuestas-de-sus-vecinos\/"},"author":{"name":"Cecilia Vega","@id":"https:\/\/expressometro.mx\/#\/schema\/person\/67a95b8e3862085c7598f66237488f1f"},"headline":"CRECE CAMPA\u00d1A DE ERICK CEDILLO CON PROPUESTAS DE SUS VECINOS","datePublished":"2021-05-27T16:27:53+00:00","dateModified":"2021-05-27T16:27:55+00:00","mainEntityOfPage":{"@id":"https:\/\/expressometro.mx\/index.php\/2021\/05\/27\/crece-campana-de-erick-cedillo-con-propuestas-de-sus-vecinos\/"},"wordCount":182,"commentCount":0,"publisher":{"@id":"https:\/\/expressometro.mx\/#organization"},"image":{"@id":"https:\/\/expressometro.mx\/index.php\/2021\/05\/27\/crece-campana-de-erick-cedillo-con-propuestas-de-sus-vecinos\/#primaryimage"},"thumbnailUrl":"https:\/\/expressometro.mx\/wp-content\/uploads\/2021\/05\/WhatsApp-Image-2021-05-27-at-11.11.45.jpeg","keywords":["Erick Cedillo","PAN","PRD","PRI","Rayon","Va por el Estado de M\u00e9xico"],"articleSection":["Pol\u00edtica"],"inLanguage":"es","potentialAction":[{"@type":"CommentAction","name":"Comment","target":["https:\/\/expressometro.mx\/index.php\/2021\/05\/27\/crece-campana-de-erick-cedillo-con-propuestas-de-sus-vecinos\/#respond"]}]},{"@type":"WebPage","@id":"https:\/\/expressometro.mx\/index.php\/2021\/05\/27\/crece-campana-de-erick-cedillo-con-propuestas-de-sus-vecinos\/","url":"https:\/\/expressometro.mx\/index.php\/2021\/05\/27\/crece-campana-de-erick-cedillo-con-propuestas-de-sus-vecinos\/","name":"CRECE CAMPA\u00d1A DE ERICK CEDILLO CON PROPUESTAS DE SUS VECINOS - Expresso Metropolitano","isPartOf":{"@id":"https:\/\/expressometro.mx\/#website"},"primaryImageOfPage":{"@id":"https:\/\/expressometro.mx\/index.php\/2021\/05\/27\/crece-campana-de-erick-cedillo-con-propuestas-de-sus-vecinos\/#primaryimage"},"image":{"@id":"https:\/\/expressometro.mx\/index.php\/2021\/05\/27\/crece-campana-de-erick-cedillo-con-propuestas-de-sus-vecinos\/#primaryimage"},"thumbnailUrl":"https:\/\/expressometro.mx\/wp-content\/uploads\/2021\/05\/WhatsApp-Image-2021-05-27-at-11.11.45.jpeg","datePublished":"2021-05-27T16:27:53+00:00","dateModified":"2021-05-27T16:27:55+00:00","breadcrumb":{"@id":"https:\/\/expressometro.mx\/index.php\/2021\/05\/27\/crece-campana-de-erick-cedillo-con-propuestas-de-sus-vecinos\/#breadcrumb"},"inLanguage":"es","potentialAction":[{"@type":"ReadAction","target":["https:\/\/expressometro.mx\/index.php\/2021\/05\/27\/crece-campana-de-erick-cedillo-con-propuestas-de-sus-vecinos\/"]}]},{"@type":"ImageObject","inLanguage":"es","@id":"https:\/\/expressometro.mx\/index.php\/2021\/05\/27\/crece-campana-de-erick-cedillo-con-propuestas-de-sus-vecinos\/#primaryimage","url":"https:\/\/expressometro.mx\/wp-content\/uploads\/2021\/05\/WhatsApp-Image-2021-05-27-at-11.11.45.jpeg","contentUrl":"https:\/\/expressometro.mx\/wp-content\/uploads\/2021\/05\/WhatsApp-Image-2021-05-27-at-11.11.45.jpeg","width":960,"height":603},{"@type":"BreadcrumbList","@id":"https:\/\/expressometro.mx\/index.php\/2021\/05\/27\/crece-campana-de-erick-cedillo-con-propuestas-de-sus-vecinos\/#breadcrumb","itemListElement":[{"@type":"ListItem","position":1,"name":"Inicio","item":"https:\/\/expressometro.mx\/"},{"@type":"ListItem","position":2,"name":"CRECE CAMPA\u00d1A DE ERICK CEDILLO CON PROPUESTAS DE SUS VECINOS"}]},{"@type":"WebSite","@id":"https:\/\/expressometro.mx\/#website","url":"https:\/\/expressometro.mx\/","name":"Expresso Metropolitano","description":"Periodismo comprometido, informaci\u00f3n, investigaci\u00f3n y an\u00e1lisis","publisher":{"@id":"https:\/\/expressometro.mx\/#organization"},"potentialAction":[{"@type":"SearchAction","target":{"@type":"EntryPoint","urlTemplate":"https:\/\/expressometro.mx\/?s={search_term_string}"},"query-input":{"@type":"PropertyValueSpecification","valueRequired":true,"valueName":"search_term_string"}}],"inLanguage":"es"},{"@type":"Organization","@id":"https:\/\/expressometro.mx\/#organization","name":"Expresso Metropolitano","url":"https:\/\/expressometro.mx\/","logo":{"@type":"ImageObject","inLanguage":"es","@id":"https:\/\/expressometro.mx\/#\/schema\/logo\/image\/","url":"https:\/\/expressometro.mx\/wp-content\/uploads\/2019\/07\/cropped-Logo-Expresso-Metropolitano-1-1.jpeg","contentUrl":"https:\/\/expressometro.mx\/wp-content\/uploads\/2019\/07\/cropped-Logo-Expresso-Metropolitano-1-1.jpeg","width":290,"height":73,"caption":"Expresso Metropolitano"},"image":{"@id":"https:\/\/expressometro.mx\/#\/schema\/logo\/image\/"}},{"@type":"Person","@id":"https:\/\/expressometro.mx\/#\/schema\/person\/67a95b8e3862085c7598f66237488f1f","name":"Cecilia Vega","image":{"@type":"ImageObject","inLanguage":"es","@id":"https:\/\/secure.gravatar.com\/avatar\/13aae9944ab2ee472a9e407c9487fdbd03b049abaa559af32fe5dbcf615c981b?s=96&d=mm&r=g","url":"https:\/\/secure.gravatar.com\/avatar\/13aae9944ab2ee472a9e407c9487fdbd03b049abaa559af32fe5dbcf615c981b?s=96&d=mm&r=g","contentUrl":"https:\/\/secure.gravatar.com\/avatar\/13aae9944ab2ee472a9e407c9487fdbd03b049abaa559af32fe5dbcf615c981b?s=96&d=mm&r=g","caption":"Cecilia Vega"},"url":"https:\/\/expressometro.mx\/index.php\/author\/cecilia-vega\/"}]}},"amp_enabled":true,"_links":{"self":[{"href":"https:\/\/expressometro.mx\/index.php\/wp-json\/wp\/v2\/posts\/2869","targetHints":{"allow":["GET"]}}],"collection":[{"href":"https:\/\/expressometro.mx\/index.php\/wp-json\/wp\/v2\/posts"}],"about":[{"href":"https:\/\/expressometro.mx\/index.php\/wp-json\/wp\/v2\/types\/post"}],"author":[{"embeddable":true,"href":"https:\/\/expressometro.mx\/index.php\/wp-json\/wp\/v2\/users\/2"}],"replies":[{"embeddable":true,"href":"https:\/\/expressometro.mx\/index.php\/wp-json\/wp\/v2\/comments?post=2869"}],"version-history":[{"count":1,"href":"https:\/\/expressometro.mx\/index.php\/wp-json\/wp\/v2\/posts\/2869\/revisions"}],"predecessor-version":[{"id":2874,"href":"https:\/\/expressometro.mx\/index.php\/wp-json\/wp\/v2\/posts\/2869\/revisions\/2874"}],"wp:featuredmedia":[{"embeddable":true,"href":"https:\/\/expressometro.mx\/index.php\/wp-json\/wp\/v2\/media\/2871"}],"wp:attachment":[{"href":"https:\/\/expressometro.mx\/index.php\/wp-json\/wp\/v2\/media?parent=2869"}],"wp:term":[{"taxonomy":"category","embeddable":true,"href":"https:\/\/expressometro.mx\/index.php\/wp-json\/wp\/v2\/categories?post=2869"},{"taxonomy":"post_tag","embeddable":true,"href":"https:\/\/expressometro.mx\/index.php\/wp-json\/wp\/v2\/tags?post=2869"}],"curies":[{"name":"wp","href":"https:\/\/api.w.org\/{rel}","templated":true}]}}