{"id":2853,"date":"2021-05-27T10:14:20","date_gmt":"2021-05-27T15:14:20","guid":{"rendered":"http:\/\/expressometro.mx\/?p=2853"},"modified":"2021-05-27T10:14:21","modified_gmt":"2021-05-27T15:14:21","slug":"va-fuerza-por-mexico-por-cambiar-la-realidad-de-toluca-miky-mercado","status":"publish","type":"post","link":"https:\/\/expressometro.mx\/index.php\/2021\/05\/27\/va-fuerza-por-mexico-por-cambiar-la-realidad-de-toluca-miky-mercado\/","title":{"rendered":"Va Fuerza por M\u00e9xico por Cambiar la realidad de Toluca: Miky Mercado"},"content":{"rendered":"\n<p>De ganar Morena en la capital del Estado de M\u00e9xico ser\u00eda la peor decisi\u00f3n que tomar\u00edan porque lamentablemente llegaron los pol\u00edticos de siempre que ellos mismos se\u00f1alan como el pasado funesto del pa\u00eds que era el PRIAN, sostuvo Miguel Mercado Espinoza, candidato de Fuerza por M\u00e9xico a diputado local por el Distrito 2 de Toluca.<\/p>\n\n\n\n<p>\u201cVienen de lo mismo y si ellos ganan en una reelecci\u00f3n olv\u00eddense de ellos si no han hecho nada. Solo los vamos a ver en los espectaculares y las fotos oficiales\u201d, reclam\u00f3 el aspirante a uno de los Distritos electorales m\u00e1s competitivos en el actual proceso.<\/p>\n\n\n\n<p>La Ciudad de Toluca est\u00e1 en muchas partes abandonada y con un desaliento que preocupa porque en este espacio de desesperanza los pol\u00edticos siguen haciendo de las suyas, alert\u00f3 el pol\u00edtico mexiquense.<\/p>\n\n\n\n<p>Sobretodo, estoy asombrado, como es posible que un candidato que busca la reelecci\u00f3n tenga m\u00e1s de 200 espectaculares y m\u00e1s de mil bardas en Toluca, narr\u00f3 como parte de su experiencia en los recorridos de campa\u00f1a.<\/p>\n\n\n\n<p>\u201cSi hubiera un buen desempe\u00f1o como a ellos les gusta presumir no necesitar\u00edan hacer campa\u00f1a pues la gente en autom\u00e1tico no los dejar\u00eda ir. La reelecci\u00f3n es una mala opci\u00f3n en un sistema pol\u00edtico como el mexicano\u201d, apunt\u00f3.<\/p>\n\n\n\n<p>Mercado Espinoza afirm\u00f3 que Toluca tiene un rango de abandono y en muchos casos -si aqu\u00ed no fuera la sede de los tres poderes del Estado- estar\u00edamos hablando de una ciudad fantasma.<\/p>\n\n\n\n<p>\u201cEso nos preocupa mucho porque Toluca tiene un gran potencial con \u00e1reas de oportunidad y hoy tan solo las calles de Toluca y de Santa Ana de donde soy est\u00e1n en una circunstancia lamentable\u201d, manifest\u00f3.<\/p>\n\n\n\n<p>Hizo un llamado a sus oponentes que antes de andar en campa\u00f1a y colgarse de una liana a la otra que primero piensen bien las cosas, \u201cya las cosas cambiaron y la gente no aguanta m\u00e1s, pensaron que en el 2018 cambiar\u00edamos y hoy est\u00e1n pensando que agotamos todas las opciones, pero no. Tenemos que seguir luchando y no hay de otra pues esto no se ha acabado\u201d.<\/p>\n\n\n\n<p>En ese sentido, dijo tener la oportunidad de llevar el mensaje y de volverse a alimentar de todos los sentimientos e inquietudes de la gente con el fin de levantar el \u00e1nimo, \u201cesa es mi funci\u00f3n de vida, lo hago por mi lo hago por mi ciudad lo hago por el Estado de M\u00e9xico al que conozco profundamente y lo voy a seguir haciendo\u201d.<\/p>\n","protected":false},"excerpt":{"rendered":"<p>La Ciudad de Toluca est\u00e1 en muchas partes abandonada y con un desaliento que preocupa porque en este espacio de desesperanza los pol\u00edticos siguen haciendo de las suyas, alert\u00f3 el pol\u00edtico mexiquense.<\/p>\n","protected":false},"author":2,"featured_media":2855,"comment_status":"open","ping_status":"open","sticky":false,"template":"","format":"standard","meta":{"footnotes":""},"categories":[231],"tags":[534,533,532,531,78],"class_list":["post-2853","post","type-post","status-publish","format-standard","has-post-thumbnail","hentry","category-politica","tag-diputado-local","tag-distrito-2","tag-fuerza-por-mexico","tag-miky-mercado","tag-toluca"],"yoast_head":"<!-- This site is optimized with the Yoast SEO plugin v27.5 - https:\/\/yoast.com\/product\/yoast-seo-wordpress\/ -->\n<title>Va Fuerza por M\u00e9xico por Cambiar la realidad de Toluca: Miky Mercado - Expresso Metropolitano<\/title>\n<meta name=\"robots\" content=\"index, follow, max-snippet:-1, max-image-preview:large, max-video-preview:-1\" \/>\n<link rel=\"canonical\" href=\"https:\/\/expressometro.mx\/index.php\/2021\/05\/27\/va-fuerza-por-mexico-por-cambiar-la-realidad-de-toluca-miky-mercado\/\" \/>\n<meta property=\"og:locale\" content=\"es_MX\" \/>\n<meta property=\"og:type\" content=\"article\" \/>\n<meta property=\"og:title\" content=\"Va Fuerza por M\u00e9xico por Cambiar la realidad de Toluca: Miky Mercado - Expresso Metropolitano\" \/>\n<meta property=\"og:description\" content=\"La Ciudad de Toluca est\u00e1 en muchas partes abandonada y con un desaliento que preocupa porque en este espacio de desesperanza los pol\u00edticos siguen haciendo de las suyas, alert\u00f3 el pol\u00edtico mexiquense.\" \/>\n<meta property=\"og:url\" content=\"https:\/\/expressometro.mx\/index.php\/2021\/05\/27\/va-fuerza-por-mexico-por-cambiar-la-realidad-de-toluca-miky-mercado\/\" \/>\n<meta property=\"og:site_name\" content=\"Expresso Metropolitano\" \/>\n<meta property=\"article:published_time\" content=\"2021-05-27T15:14:20+00:00\" \/>\n<meta property=\"article:modified_time\" content=\"2021-05-27T15:14:21+00:00\" \/>\n<meta property=\"og:image\" content=\"https:\/\/expressometro.mx\/wp-content\/uploads\/2021\/05\/WhatsApp-Image-2021-05-26-at-23.58.26.jpeg\" \/>\n\t<meta property=\"og:image:width\" content=\"581\" \/>\n\t<meta property=\"og:image:height\" content=\"708\" \/>\n\t<meta property=\"og:image:type\" content=\"image\/jpeg\" \/>\n<meta name=\"author\" content=\"Cecilia Vega\" \/>\n<meta name=\"twitter:label1\" content=\"Escrito por\" \/>\n\t<meta name=\"twitter:data1\" content=\"Cecilia Vega\" \/>\n\t<meta name=\"twitter:label2\" content=\"Tiempo de lectura\" \/>\n\t<meta name=\"twitter:data2\" content=\"2 minutos\" \/>\n<script type=\"application\/ld+json\" class=\"yoast-schema-graph\">{\"@context\":\"https:\\\/\\\/schema.org\",\"@graph\":[{\"@type\":\"Article\",\"@id\":\"https:\\\/\\\/expressometro.mx\\\/index.php\\\/2021\\\/05\\\/27\\\/va-fuerza-por-mexico-por-cambiar-la-realidad-de-toluca-miky-mercado\\\/#article\",\"isPartOf\":{\"@id\":\"https:\\\/\\\/expressometro.mx\\\/index.php\\\/2021\\\/05\\\/27\\\/va-fuerza-por-mexico-por-cambiar-la-realidad-de-toluca-miky-mercado\\\/\"},\"author\":{\"name\":\"Cecilia Vega\",\"@id\":\"https:\\\/\\\/expressometro.mx\\\/#\\\/schema\\\/person\\\/67a95b8e3862085c7598f66237488f1f\"},\"headline\":\"Va Fuerza por M\u00e9xico por Cambiar la realidad de Toluca: Miky Mercado\",\"datePublished\":\"2021-05-27T15:14:20+00:00\",\"dateModified\":\"2021-05-27T15:14:21+00:00\",\"mainEntityOfPage\":{\"@id\":\"https:\\\/\\\/expressometro.mx\\\/index.php\\\/2021\\\/05\\\/27\\\/va-fuerza-por-mexico-por-cambiar-la-realidad-de-toluca-miky-mercado\\\/\"},\"wordCount\":449,\"commentCount\":0,\"publisher\":{\"@id\":\"https:\\\/\\\/expressometro.mx\\\/#organization\"},\"image\":{\"@id\":\"https:\\\/\\\/expressometro.mx\\\/index.php\\\/2021\\\/05\\\/27\\\/va-fuerza-por-mexico-por-cambiar-la-realidad-de-toluca-miky-mercado\\\/#primaryimage\"},\"thumbnailUrl\":\"https:\\\/\\\/expressometro.mx\\\/wp-content\\\/uploads\\\/2021\\\/05\\\/WhatsApp-Image-2021-05-26-at-23.58.26.jpeg\",\"keywords\":[\"Diputado Local\",\"Distrito 2\",\"Fuerza por M\u00e9xico\",\"Miky Mercado\",\"toluca\"],\"articleSection\":[\"Pol\u00edtica\"],\"inLanguage\":\"es\",\"potentialAction\":[{\"@type\":\"CommentAction\",\"name\":\"Comment\",\"target\":[\"https:\\\/\\\/expressometro.mx\\\/index.php\\\/2021\\\/05\\\/27\\\/va-fuerza-por-mexico-por-cambiar-la-realidad-de-toluca-miky-mercado\\\/#respond\"]}]},{\"@type\":\"WebPage\",\"@id\":\"https:\\\/\\\/expressometro.mx\\\/index.php\\\/2021\\\/05\\\/27\\\/va-fuerza-por-mexico-por-cambiar-la-realidad-de-toluca-miky-mercado\\\/\",\"url\":\"https:\\\/\\\/expressometro.mx\\\/index.php\\\/2021\\\/05\\\/27\\\/va-fuerza-por-mexico-por-cambiar-la-realidad-de-toluca-miky-mercado\\\/\",\"name\":\"Va Fuerza por M\u00e9xico por Cambiar la realidad de Toluca: Miky Mercado - Expresso Metropolitano\",\"isPartOf\":{\"@id\":\"https:\\\/\\\/expressometro.mx\\\/#website\"},\"primaryImageOfPage\":{\"@id\":\"https:\\\/\\\/expressometro.mx\\\/index.php\\\/2021\\\/05\\\/27\\\/va-fuerza-por-mexico-por-cambiar-la-realidad-de-toluca-miky-mercado\\\/#primaryimage\"},\"image\":{\"@id\":\"https:\\\/\\\/expressometro.mx\\\/index.php\\\/2021\\\/05\\\/27\\\/va-fuerza-por-mexico-por-cambiar-la-realidad-de-toluca-miky-mercado\\\/#primaryimage\"},\"thumbnailUrl\":\"https:\\\/\\\/expressometro.mx\\\/wp-content\\\/uploads\\\/2021\\\/05\\\/WhatsApp-Image-2021-05-26-at-23.58.26.jpeg\",\"datePublished\":\"2021-05-27T15:14:20+00:00\",\"dateModified\":\"2021-05-27T15:14:21+00:00\",\"breadcrumb\":{\"@id\":\"https:\\\/\\\/expressometro.mx\\\/index.php\\\/2021\\\/05\\\/27\\\/va-fuerza-por-mexico-por-cambiar-la-realidad-de-toluca-miky-mercado\\\/#breadcrumb\"},\"inLanguage\":\"es\",\"potentialAction\":[{\"@type\":\"ReadAction\",\"target\":[\"https:\\\/\\\/expressometro.mx\\\/index.php\\\/2021\\\/05\\\/27\\\/va-fuerza-por-mexico-por-cambiar-la-realidad-de-toluca-miky-mercado\\\/\"]}]},{\"@type\":\"ImageObject\",\"inLanguage\":\"es\",\"@id\":\"https:\\\/\\\/expressometro.mx\\\/index.php\\\/2021\\\/05\\\/27\\\/va-fuerza-por-mexico-por-cambiar-la-realidad-de-toluca-miky-mercado\\\/#primaryimage\",\"url\":\"https:\\\/\\\/expressometro.mx\\\/wp-content\\\/uploads\\\/2021\\\/05\\\/WhatsApp-Image-2021-05-26-at-23.58.26.jpeg\",\"contentUrl\":\"https:\\\/\\\/expressometro.mx\\\/wp-content\\\/uploads\\\/2021\\\/05\\\/WhatsApp-Image-2021-05-26-at-23.58.26.jpeg\",\"width\":581,\"height\":708},{\"@type\":\"BreadcrumbList\",\"@id\":\"https:\\\/\\\/expressometro.mx\\\/index.php\\\/2021\\\/05\\\/27\\\/va-fuerza-por-mexico-por-cambiar-la-realidad-de-toluca-miky-mercado\\\/#breadcrumb\",\"itemListElement\":[{\"@type\":\"ListItem\",\"position\":1,\"name\":\"Inicio\",\"item\":\"https:\\\/\\\/expressometro.mx\\\/\"},{\"@type\":\"ListItem\",\"position\":2,\"name\":\"Va Fuerza por M\u00e9xico por Cambiar la realidad de Toluca: Miky Mercado\"}]},{\"@type\":\"WebSite\",\"@id\":\"https:\\\/\\\/expressometro.mx\\\/#website\",\"url\":\"https:\\\/\\\/expressometro.mx\\\/\",\"name\":\"Expresso Metropolitano\",\"description\":\"Periodismo comprometido, informaci\u00f3n, investigaci\u00f3n y an\u00e1lisis\",\"publisher\":{\"@id\":\"https:\\\/\\\/expressometro.mx\\\/#organization\"},\"potentialAction\":[{\"@type\":\"SearchAction\",\"target\":{\"@type\":\"EntryPoint\",\"urlTemplate\":\"https:\\\/\\\/expressometro.mx\\\/?s={search_term_string}\"},\"query-input\":{\"@type\":\"PropertyValueSpecification\",\"valueRequired\":true,\"valueName\":\"search_term_string\"}}],\"inLanguage\":\"es\"},{\"@type\":\"Organization\",\"@id\":\"https:\\\/\\\/expressometro.mx\\\/#organization\",\"name\":\"Expresso Metropolitano\",\"url\":\"https:\\\/\\\/expressometro.mx\\\/\",\"logo\":{\"@type\":\"ImageObject\",\"inLanguage\":\"es\",\"@id\":\"https:\\\/\\\/expressometro.mx\\\/#\\\/schema\\\/logo\\\/image\\\/\",\"url\":\"https:\\\/\\\/expressometro.mx\\\/wp-content\\\/uploads\\\/2019\\\/07\\\/cropped-Logo-Expresso-Metropolitano-1-1.jpeg\",\"contentUrl\":\"https:\\\/\\\/expressometro.mx\\\/wp-content\\\/uploads\\\/2019\\\/07\\\/cropped-Logo-Expresso-Metropolitano-1-1.jpeg\",\"width\":290,\"height\":73,\"caption\":\"Expresso Metropolitano\"},\"image\":{\"@id\":\"https:\\\/\\\/expressometro.mx\\\/#\\\/schema\\\/logo\\\/image\\\/\"}},{\"@type\":\"Person\",\"@id\":\"https:\\\/\\\/expressometro.mx\\\/#\\\/schema\\\/person\\\/67a95b8e3862085c7598f66237488f1f\",\"name\":\"Cecilia Vega\",\"image\":{\"@type\":\"ImageObject\",\"inLanguage\":\"es\",\"@id\":\"https:\\\/\\\/secure.gravatar.com\\\/avatar\\\/13aae9944ab2ee472a9e407c9487fdbd03b049abaa559af32fe5dbcf615c981b?s=96&d=mm&r=g\",\"url\":\"https:\\\/\\\/secure.gravatar.com\\\/avatar\\\/13aae9944ab2ee472a9e407c9487fdbd03b049abaa559af32fe5dbcf615c981b?s=96&d=mm&r=g\",\"contentUrl\":\"https:\\\/\\\/secure.gravatar.com\\\/avatar\\\/13aae9944ab2ee472a9e407c9487fdbd03b049abaa559af32fe5dbcf615c981b?s=96&d=mm&r=g\",\"caption\":\"Cecilia Vega\"},\"url\":\"https:\\\/\\\/expressometro.mx\\\/index.php\\\/author\\\/cecilia-vega\\\/\"}]}<\/script>\n<!-- \/ Yoast SEO plugin. -->","yoast_head_json":{"title":"Va Fuerza por M\u00e9xico por Cambiar la realidad de Toluca: Miky Mercado - Expresso Metropolitano","robots":{"index":"index","follow":"follow","max-snippet":"max-snippet:-1","max-image-preview":"max-image-preview:large","max-video-preview":"max-video-preview:-1"},"canonical":"https:\/\/expressometro.mx\/index.php\/2021\/05\/27\/va-fuerza-por-mexico-por-cambiar-la-realidad-de-toluca-miky-mercado\/","og_locale":"es_MX","og_type":"article","og_title":"Va Fuerza por M\u00e9xico por Cambiar la realidad de Toluca: Miky Mercado - Expresso Metropolitano","og_description":"La Ciudad de Toluca est\u00e1 en muchas partes abandonada y con un desaliento que preocupa porque en este espacio de desesperanza los pol\u00edticos siguen haciendo de las suyas, alert\u00f3 el pol\u00edtico mexiquense.","og_url":"https:\/\/expressometro.mx\/index.php\/2021\/05\/27\/va-fuerza-por-mexico-por-cambiar-la-realidad-de-toluca-miky-mercado\/","og_site_name":"Expresso Metropolitano","article_published_time":"2021-05-27T15:14:20+00:00","article_modified_time":"2021-05-27T15:14:21+00:00","og_image":[{"width":581,"height":708,"url":"https:\/\/expressometro.mx\/wp-content\/uploads\/2021\/05\/WhatsApp-Image-2021-05-26-at-23.58.26.jpeg","type":"image\/jpeg"}],"author":"Cecilia Vega","twitter_misc":{"Escrito por":"Cecilia Vega","Tiempo de lectura":"2 minutos"},"schema":{"@context":"https:\/\/schema.org","@graph":[{"@type":"Article","@id":"https:\/\/expressometro.mx\/index.php\/2021\/05\/27\/va-fuerza-por-mexico-por-cambiar-la-realidad-de-toluca-miky-mercado\/#article","isPartOf":{"@id":"https:\/\/expressometro.mx\/index.php\/2021\/05\/27\/va-fuerza-por-mexico-por-cambiar-la-realidad-de-toluca-miky-mercado\/"},"author":{"name":"Cecilia Vega","@id":"https:\/\/expressometro.mx\/#\/schema\/person\/67a95b8e3862085c7598f66237488f1f"},"headline":"Va Fuerza por M\u00e9xico por Cambiar la realidad de Toluca: Miky Mercado","datePublished":"2021-05-27T15:14:20+00:00","dateModified":"2021-05-27T15:14:21+00:00","mainEntityOfPage":{"@id":"https:\/\/expressometro.mx\/index.php\/2021\/05\/27\/va-fuerza-por-mexico-por-cambiar-la-realidad-de-toluca-miky-mercado\/"},"wordCount":449,"commentCount":0,"publisher":{"@id":"https:\/\/expressometro.mx\/#organization"},"image":{"@id":"https:\/\/expressometro.mx\/index.php\/2021\/05\/27\/va-fuerza-por-mexico-por-cambiar-la-realidad-de-toluca-miky-mercado\/#primaryimage"},"thumbnailUrl":"https:\/\/expressometro.mx\/wp-content\/uploads\/2021\/05\/WhatsApp-Image-2021-05-26-at-23.58.26.jpeg","keywords":["Diputado Local","Distrito 2","Fuerza por M\u00e9xico","Miky Mercado","toluca"],"articleSection":["Pol\u00edtica"],"inLanguage":"es","potentialAction":[{"@type":"CommentAction","name":"Comment","target":["https:\/\/expressometro.mx\/index.php\/2021\/05\/27\/va-fuerza-por-mexico-por-cambiar-la-realidad-de-toluca-miky-mercado\/#respond"]}]},{"@type":"WebPage","@id":"https:\/\/expressometro.mx\/index.php\/2021\/05\/27\/va-fuerza-por-mexico-por-cambiar-la-realidad-de-toluca-miky-mercado\/","url":"https:\/\/expressometro.mx\/index.php\/2021\/05\/27\/va-fuerza-por-mexico-por-cambiar-la-realidad-de-toluca-miky-mercado\/","name":"Va Fuerza por M\u00e9xico por Cambiar la realidad de Toluca: Miky Mercado - Expresso Metropolitano","isPartOf":{"@id":"https:\/\/expressometro.mx\/#website"},"primaryImageOfPage":{"@id":"https:\/\/expressometro.mx\/index.php\/2021\/05\/27\/va-fuerza-por-mexico-por-cambiar-la-realidad-de-toluca-miky-mercado\/#primaryimage"},"image":{"@id":"https:\/\/expressometro.mx\/index.php\/2021\/05\/27\/va-fuerza-por-mexico-por-cambiar-la-realidad-de-toluca-miky-mercado\/#primaryimage"},"thumbnailUrl":"https:\/\/expressometro.mx\/wp-content\/uploads\/2021\/05\/WhatsApp-Image-2021-05-26-at-23.58.26.jpeg","datePublished":"2021-05-27T15:14:20+00:00","dateModified":"2021-05-27T15:14:21+00:00","breadcrumb":{"@id":"https:\/\/expressometro.mx\/index.php\/2021\/05\/27\/va-fuerza-por-mexico-por-cambiar-la-realidad-de-toluca-miky-mercado\/#breadcrumb"},"inLanguage":"es","potentialAction":[{"@type":"ReadAction","target":["https:\/\/expressometro.mx\/index.php\/2021\/05\/27\/va-fuerza-por-mexico-por-cambiar-la-realidad-de-toluca-miky-mercado\/"]}]},{"@type":"ImageObject","inLanguage":"es","@id":"https:\/\/expressometro.mx\/index.php\/2021\/05\/27\/va-fuerza-por-mexico-por-cambiar-la-realidad-de-toluca-miky-mercado\/#primaryimage","url":"https:\/\/expressometro.mx\/wp-content\/uploads\/2021\/05\/WhatsApp-Image-2021-05-26-at-23.58.26.jpeg","contentUrl":"https:\/\/expressometro.mx\/wp-content\/uploads\/2021\/05\/WhatsApp-Image-2021-05-26-at-23.58.26.jpeg","width":581,"height":708},{"@type":"BreadcrumbList","@id":"https:\/\/expressometro.mx\/index.php\/2021\/05\/27\/va-fuerza-por-mexico-por-cambiar-la-realidad-de-toluca-miky-mercado\/#breadcrumb","itemListElement":[{"@type":"ListItem","position":1,"name":"Inicio","item":"https:\/\/expressometro.mx\/"},{"@type":"ListItem","position":2,"name":"Va Fuerza por M\u00e9xico por Cambiar la realidad de Toluca: Miky Mercado"}]},{"@type":"WebSite","@id":"https:\/\/expressometro.mx\/#website","url":"https:\/\/expressometro.mx\/","name":"Expresso Metropolitano","description":"Periodismo comprometido, informaci\u00f3n, investigaci\u00f3n y an\u00e1lisis","publisher":{"@id":"https:\/\/expressometro.mx\/#organization"},"potentialAction":[{"@type":"SearchAction","target":{"@type":"EntryPoint","urlTemplate":"https:\/\/expressometro.mx\/?s={search_term_string}"},"query-input":{"@type":"PropertyValueSpecification","valueRequired":true,"valueName":"search_term_string"}}],"inLanguage":"es"},{"@type":"Organization","@id":"https:\/\/expressometro.mx\/#organization","name":"Expresso Metropolitano","url":"https:\/\/expressometro.mx\/","logo":{"@type":"ImageObject","inLanguage":"es","@id":"https:\/\/expressometro.mx\/#\/schema\/logo\/image\/","url":"https:\/\/expressometro.mx\/wp-content\/uploads\/2019\/07\/cropped-Logo-Expresso-Metropolitano-1-1.jpeg","contentUrl":"https:\/\/expressometro.mx\/wp-content\/uploads\/2019\/07\/cropped-Logo-Expresso-Metropolitano-1-1.jpeg","width":290,"height":73,"caption":"Expresso Metropolitano"},"image":{"@id":"https:\/\/expressometro.mx\/#\/schema\/logo\/image\/"}},{"@type":"Person","@id":"https:\/\/expressometro.mx\/#\/schema\/person\/67a95b8e3862085c7598f66237488f1f","name":"Cecilia Vega","image":{"@type":"ImageObject","inLanguage":"es","@id":"https:\/\/secure.gravatar.com\/avatar\/13aae9944ab2ee472a9e407c9487fdbd03b049abaa559af32fe5dbcf615c981b?s=96&d=mm&r=g","url":"https:\/\/secure.gravatar.com\/avatar\/13aae9944ab2ee472a9e407c9487fdbd03b049abaa559af32fe5dbcf615c981b?s=96&d=mm&r=g","contentUrl":"https:\/\/secure.gravatar.com\/avatar\/13aae9944ab2ee472a9e407c9487fdbd03b049abaa559af32fe5dbcf615c981b?s=96&d=mm&r=g","caption":"Cecilia Vega"},"url":"https:\/\/expressometro.mx\/index.php\/author\/cecilia-vega\/"}]}},"amp_enabled":true,"_links":{"self":[{"href":"https:\/\/expressometro.mx\/index.php\/wp-json\/wp\/v2\/posts\/2853","targetHints":{"allow":["GET"]}}],"collection":[{"href":"https:\/\/expressometro.mx\/index.php\/wp-json\/wp\/v2\/posts"}],"about":[{"href":"https:\/\/expressometro.mx\/index.php\/wp-json\/wp\/v2\/types\/post"}],"author":[{"embeddable":true,"href":"https:\/\/expressometro.mx\/index.php\/wp-json\/wp\/v2\/users\/2"}],"replies":[{"embeddable":true,"href":"https:\/\/expressometro.mx\/index.php\/wp-json\/wp\/v2\/comments?post=2853"}],"version-history":[{"count":1,"href":"https:\/\/expressometro.mx\/index.php\/wp-json\/wp\/v2\/posts\/2853\/revisions"}],"predecessor-version":[{"id":2856,"href":"https:\/\/expressometro.mx\/index.php\/wp-json\/wp\/v2\/posts\/2853\/revisions\/2856"}],"wp:featuredmedia":[{"embeddable":true,"href":"https:\/\/expressometro.mx\/index.php\/wp-json\/wp\/v2\/media\/2855"}],"wp:attachment":[{"href":"https:\/\/expressometro.mx\/index.php\/wp-json\/wp\/v2\/media?parent=2853"}],"wp:term":[{"taxonomy":"category","embeddable":true,"href":"https:\/\/expressometro.mx\/index.php\/wp-json\/wp\/v2\/categories?post=2853"},{"taxonomy":"post_tag","embeddable":true,"href":"https:\/\/expressometro.mx\/index.php\/wp-json\/wp\/v2\/tags?post=2853"}],"curies":[{"name":"wp","href":"https:\/\/api.w.org\/{rel}","templated":true}]}}