{"id":2847,"date":"2021-05-26T18:12:40","date_gmt":"2021-05-26T23:12:40","guid":{"rendered":"http:\/\/expressometro.mx\/?p=2847"},"modified":"2021-05-26T18:12:41","modified_gmt":"2021-05-26T23:12:41","slug":"uaem-convocada-a-consolidar-derecho-al-acceso-a-la-ciencia-cebd","status":"publish","type":"post","link":"https:\/\/expressometro.mx\/index.php\/2021\/05\/26\/uaem-convocada-a-consolidar-derecho-al-acceso-a-la-ciencia-cebd\/","title":{"rendered":"UAEM, convocada a consolidar derecho al acceso a la ciencia: CEBD"},"content":{"rendered":"\n<p>La Universidad Aut\u00f3noma del Estado de M\u00e9xico (UAEM) ser\u00e1 una aliada para consolidar el derecho a disfrutar de los beneficios del progreso cient\u00edfico, en conjunto con instancias como el Consejo Mexiquense de Ciencia y Tecnolog\u00eda (COMECyT), afirm\u00f3 el rector de esta casa de estudios, Carlos Eduardo Barrera D\u00edaz.<\/p>\n\n\n\n<p>Durante la primera reuni\u00f3n que sostuvieron, el rector de la UAEM y el director general del COMECyT, Bernardo Jorge Almaraz Calder\u00f3n, coincidieron en la importancia de impulsar la ciencia y la tecnolog\u00eda a trav\u00e9s de proyectos conjuntos y en beneficio de la poblaci\u00f3n mexiquense.<\/p>\n\n\n\n<p>El rector enfatiz\u00f3 que mediante el Proyecto \u201cIntegridad e Inclusi\u00f3n Universitarias\u201d, su administraci\u00f3n concentrar\u00e1 esfuerzos en impulsar el desarrollo y acceso al conocimiento como parte del compromiso realizado ante la comunidad universitaria. Explic\u00f3 que esta garant\u00eda forma parte de los derechos culturales establecidos en el art. 27 de la Declaraci\u00f3n Universal de los Derechos Humanos y el art. 15 del Pacto Internacional de los Derechos Econ\u00f3micos, Sociales y Culturales.<\/p>\n\n\n\n<p>Acompa\u00f1ado de la secretaria de Investigaci\u00f3n y Estudios Avanzados de la Aut\u00f3noma mexiquense, Martha Patricia Zarza Delgado, y el investigador de la Facultad de Ciencias de la UAEM, Luis Enrique D\u00edaz S\u00e1nchez, resalt\u00f3 que la ciencia, la tecnolog\u00eda y la innovaci\u00f3n son fundamentales para responder a los desaf\u00edos m\u00e1s urgentes de la humanidad en los contextos local, nacional e internacional, como los 17 Objetivos de Desarrollo Sostenible (ODS) de la Organizaci\u00f3n de las Naciones Unidas (ONU).<\/p>\n\n\n\n<p>El rector puntualiz\u00f3 que el contexto actual demanda que los proyectos cient\u00edficos y tecnol\u00f3gicos se desarrollen bajo el modelo tetra h\u00e9lice, con la finalidad de propiciar una sinergia entre academia, sociedad, sector gubernamental e iniciativa privada.<\/p>\n\n\n\n<p>Finalmente, Carlos Eduardo Barrera D\u00edaz subray\u00f3 que la colaboraci\u00f3n con otros sectores permitir\u00e1 impulsar la investigaci\u00f3n cient\u00edfica y tecnol\u00f3gica para aportar soluciones a los desaf\u00edos actuales y futuros, as\u00ed como dise\u00f1ar un programa de comunicaci\u00f3n que permita visibilizar la producci\u00f3n cient\u00edfica y tecnol\u00f3gica que se desarrolla en la instituci\u00f3n, a trav\u00e9s de los recursos digitales de acceso abierto.<\/p>\n\n\n\n<figure class=\"wp-block-image size-large\"><img loading=\"lazy\" decoding=\"async\" width=\"720\" height=\"480\" src=\"http:\/\/expressometro.mx\/wp-content\/uploads\/2021\/05\/WhatsApp-Image-2021-05-26-at-06.57.23-720x480.jpeg\" alt=\"\" class=\"wp-image-2848\" srcset=\"https:\/\/expressometro.mx\/wp-content\/uploads\/2021\/05\/WhatsApp-Image-2021-05-26-at-06.57.23-720x480.jpeg 720w, https:\/\/expressometro.mx\/wp-content\/uploads\/2021\/05\/WhatsApp-Image-2021-05-26-at-06.57.23-548x365.jpeg 548w, https:\/\/expressometro.mx\/wp-content\/uploads\/2021\/05\/WhatsApp-Image-2021-05-26-at-06.57.23-768x512.jpeg 768w, https:\/\/expressometro.mx\/wp-content\/uploads\/2021\/05\/WhatsApp-Image-2021-05-26-at-06.57.23.jpeg 960w\" sizes=\"auto, (max-width: 720px) 100vw, 720px\" \/><\/figure>\n","protected":false},"excerpt":{"rendered":"<p>Durante la primera reuni\u00f3n que sostuvieron, el rector de la UAEM y el director general del COMECyT, Bernardo Almaraz Calder\u00f3n, coincidieron en que la colaboraci\u00f3n permitir\u00e1 impulsar la investigaci\u00f3n cient\u00edfica y tecnol\u00f3gica para aportar soluciones a los desaf\u00edos actuales y futuros de la sociedad.<\/p>\n","protected":false},"author":2,"featured_media":2849,"comment_status":"open","ping_status":"open","sticky":false,"template":"","format":"standard","meta":{"footnotes":""},"categories":[108],"tags":[313,82],"class_list":["post-2847","post","type-post","status-publish","format-standard","has-post-thumbnail","hentry","category-educacion","tag-carlos-eduardo-barrera-diaz","tag-uaemex"],"yoast_head":"<!-- This site is optimized with the Yoast SEO plugin v27.5 - https:\/\/yoast.com\/product\/yoast-seo-wordpress\/ -->\n<title>UAEM, convocada a consolidar derecho al acceso a la ciencia: CEBD - Expresso Metropolitano<\/title>\n<meta name=\"robots\" content=\"index, follow, max-snippet:-1, max-image-preview:large, max-video-preview:-1\" \/>\n<link rel=\"canonical\" href=\"https:\/\/expressometro.mx\/index.php\/2021\/05\/26\/uaem-convocada-a-consolidar-derecho-al-acceso-a-la-ciencia-cebd\/\" \/>\n<meta property=\"og:locale\" content=\"es_MX\" \/>\n<meta property=\"og:type\" content=\"article\" \/>\n<meta property=\"og:title\" content=\"UAEM, convocada a consolidar derecho al acceso a la ciencia: CEBD - Expresso Metropolitano\" \/>\n<meta property=\"og:description\" content=\"Durante la primera reuni\u00f3n que sostuvieron, el rector de la UAEM y el director general del COMECyT, Bernardo Almaraz Calder\u00f3n, coincidieron en que la colaboraci\u00f3n permitir\u00e1 impulsar la investigaci\u00f3n cient\u00edfica y tecnol\u00f3gica para aportar soluciones a los desaf\u00edos actuales y futuros de la sociedad.\" \/>\n<meta property=\"og:url\" content=\"https:\/\/expressometro.mx\/index.php\/2021\/05\/26\/uaem-convocada-a-consolidar-derecho-al-acceso-a-la-ciencia-cebd\/\" \/>\n<meta property=\"og:site_name\" content=\"Expresso Metropolitano\" \/>\n<meta property=\"article:published_time\" content=\"2021-05-26T23:12:40+00:00\" \/>\n<meta property=\"article:modified_time\" content=\"2021-05-26T23:12:41+00:00\" \/>\n<meta property=\"og:image\" content=\"https:\/\/expressometro.mx\/wp-content\/uploads\/2021\/05\/WhatsApp-Image-2021-05-26-at-06.57.22.jpeg\" \/>\n\t<meta property=\"og:image:width\" content=\"960\" \/>\n\t<meta property=\"og:image:height\" content=\"640\" \/>\n\t<meta property=\"og:image:type\" content=\"image\/jpeg\" \/>\n<meta name=\"author\" content=\"Cecilia Vega\" \/>\n<meta name=\"twitter:label1\" content=\"Escrito por\" \/>\n\t<meta name=\"twitter:data1\" content=\"Cecilia Vega\" \/>\n\t<meta name=\"twitter:label2\" content=\"Tiempo de lectura\" \/>\n\t<meta name=\"twitter:data2\" content=\"2 minutos\" \/>\n<script type=\"application\/ld+json\" class=\"yoast-schema-graph\">{\"@context\":\"https:\\\/\\\/schema.org\",\"@graph\":[{\"@type\":\"Article\",\"@id\":\"https:\\\/\\\/expressometro.mx\\\/index.php\\\/2021\\\/05\\\/26\\\/uaem-convocada-a-consolidar-derecho-al-acceso-a-la-ciencia-cebd\\\/#article\",\"isPartOf\":{\"@id\":\"https:\\\/\\\/expressometro.mx\\\/index.php\\\/2021\\\/05\\\/26\\\/uaem-convocada-a-consolidar-derecho-al-acceso-a-la-ciencia-cebd\\\/\"},\"author\":{\"name\":\"Cecilia Vega\",\"@id\":\"https:\\\/\\\/expressometro.mx\\\/#\\\/schema\\\/person\\\/67a95b8e3862085c7598f66237488f1f\"},\"headline\":\"UAEM, convocada a consolidar derecho al acceso a la ciencia: CEBD\",\"datePublished\":\"2021-05-26T23:12:40+00:00\",\"dateModified\":\"2021-05-26T23:12:41+00:00\",\"mainEntityOfPage\":{\"@id\":\"https:\\\/\\\/expressometro.mx\\\/index.php\\\/2021\\\/05\\\/26\\\/uaem-convocada-a-consolidar-derecho-al-acceso-a-la-ciencia-cebd\\\/\"},\"wordCount\":380,\"commentCount\":0,\"publisher\":{\"@id\":\"https:\\\/\\\/expressometro.mx\\\/#organization\"},\"image\":{\"@id\":\"https:\\\/\\\/expressometro.mx\\\/index.php\\\/2021\\\/05\\\/26\\\/uaem-convocada-a-consolidar-derecho-al-acceso-a-la-ciencia-cebd\\\/#primaryimage\"},\"thumbnailUrl\":\"https:\\\/\\\/expressometro.mx\\\/wp-content\\\/uploads\\\/2021\\\/05\\\/WhatsApp-Image-2021-05-26-at-06.57.22.jpeg\",\"keywords\":[\"Carlos Eduardo Barrera D\u00edaz\",\"UAEMex\"],\"articleSection\":[\"Educaci\u00f3n\"],\"inLanguage\":\"es\",\"potentialAction\":[{\"@type\":\"CommentAction\",\"name\":\"Comment\",\"target\":[\"https:\\\/\\\/expressometro.mx\\\/index.php\\\/2021\\\/05\\\/26\\\/uaem-convocada-a-consolidar-derecho-al-acceso-a-la-ciencia-cebd\\\/#respond\"]}]},{\"@type\":\"WebPage\",\"@id\":\"https:\\\/\\\/expressometro.mx\\\/index.php\\\/2021\\\/05\\\/26\\\/uaem-convocada-a-consolidar-derecho-al-acceso-a-la-ciencia-cebd\\\/\",\"url\":\"https:\\\/\\\/expressometro.mx\\\/index.php\\\/2021\\\/05\\\/26\\\/uaem-convocada-a-consolidar-derecho-al-acceso-a-la-ciencia-cebd\\\/\",\"name\":\"UAEM, convocada a consolidar derecho al acceso a la ciencia: CEBD - Expresso Metropolitano\",\"isPartOf\":{\"@id\":\"https:\\\/\\\/expressometro.mx\\\/#website\"},\"primaryImageOfPage\":{\"@id\":\"https:\\\/\\\/expressometro.mx\\\/index.php\\\/2021\\\/05\\\/26\\\/uaem-convocada-a-consolidar-derecho-al-acceso-a-la-ciencia-cebd\\\/#primaryimage\"},\"image\":{\"@id\":\"https:\\\/\\\/expressometro.mx\\\/index.php\\\/2021\\\/05\\\/26\\\/uaem-convocada-a-consolidar-derecho-al-acceso-a-la-ciencia-cebd\\\/#primaryimage\"},\"thumbnailUrl\":\"https:\\\/\\\/expressometro.mx\\\/wp-content\\\/uploads\\\/2021\\\/05\\\/WhatsApp-Image-2021-05-26-at-06.57.22.jpeg\",\"datePublished\":\"2021-05-26T23:12:40+00:00\",\"dateModified\":\"2021-05-26T23:12:41+00:00\",\"breadcrumb\":{\"@id\":\"https:\\\/\\\/expressometro.mx\\\/index.php\\\/2021\\\/05\\\/26\\\/uaem-convocada-a-consolidar-derecho-al-acceso-a-la-ciencia-cebd\\\/#breadcrumb\"},\"inLanguage\":\"es\",\"potentialAction\":[{\"@type\":\"ReadAction\",\"target\":[\"https:\\\/\\\/expressometro.mx\\\/index.php\\\/2021\\\/05\\\/26\\\/uaem-convocada-a-consolidar-derecho-al-acceso-a-la-ciencia-cebd\\\/\"]}]},{\"@type\":\"ImageObject\",\"inLanguage\":\"es\",\"@id\":\"https:\\\/\\\/expressometro.mx\\\/index.php\\\/2021\\\/05\\\/26\\\/uaem-convocada-a-consolidar-derecho-al-acceso-a-la-ciencia-cebd\\\/#primaryimage\",\"url\":\"https:\\\/\\\/expressometro.mx\\\/wp-content\\\/uploads\\\/2021\\\/05\\\/WhatsApp-Image-2021-05-26-at-06.57.22.jpeg\",\"contentUrl\":\"https:\\\/\\\/expressometro.mx\\\/wp-content\\\/uploads\\\/2021\\\/05\\\/WhatsApp-Image-2021-05-26-at-06.57.22.jpeg\",\"width\":960,\"height\":640},{\"@type\":\"BreadcrumbList\",\"@id\":\"https:\\\/\\\/expressometro.mx\\\/index.php\\\/2021\\\/05\\\/26\\\/uaem-convocada-a-consolidar-derecho-al-acceso-a-la-ciencia-cebd\\\/#breadcrumb\",\"itemListElement\":[{\"@type\":\"ListItem\",\"position\":1,\"name\":\"Inicio\",\"item\":\"https:\\\/\\\/expressometro.mx\\\/\"},{\"@type\":\"ListItem\",\"position\":2,\"name\":\"UAEM, convocada a consolidar derecho al acceso a la ciencia: CEBD\"}]},{\"@type\":\"WebSite\",\"@id\":\"https:\\\/\\\/expressometro.mx\\\/#website\",\"url\":\"https:\\\/\\\/expressometro.mx\\\/\",\"name\":\"Expresso Metropolitano\",\"description\":\"Periodismo comprometido, informaci\u00f3n, investigaci\u00f3n y an\u00e1lisis\",\"publisher\":{\"@id\":\"https:\\\/\\\/expressometro.mx\\\/#organization\"},\"potentialAction\":[{\"@type\":\"SearchAction\",\"target\":{\"@type\":\"EntryPoint\",\"urlTemplate\":\"https:\\\/\\\/expressometro.mx\\\/?s={search_term_string}\"},\"query-input\":{\"@type\":\"PropertyValueSpecification\",\"valueRequired\":true,\"valueName\":\"search_term_string\"}}],\"inLanguage\":\"es\"},{\"@type\":\"Organization\",\"@id\":\"https:\\\/\\\/expressometro.mx\\\/#organization\",\"name\":\"Expresso Metropolitano\",\"url\":\"https:\\\/\\\/expressometro.mx\\\/\",\"logo\":{\"@type\":\"ImageObject\",\"inLanguage\":\"es\",\"@id\":\"https:\\\/\\\/expressometro.mx\\\/#\\\/schema\\\/logo\\\/image\\\/\",\"url\":\"https:\\\/\\\/expressometro.mx\\\/wp-content\\\/uploads\\\/2019\\\/07\\\/cropped-Logo-Expresso-Metropolitano-1-1.jpeg\",\"contentUrl\":\"https:\\\/\\\/expressometro.mx\\\/wp-content\\\/uploads\\\/2019\\\/07\\\/cropped-Logo-Expresso-Metropolitano-1-1.jpeg\",\"width\":290,\"height\":73,\"caption\":\"Expresso Metropolitano\"},\"image\":{\"@id\":\"https:\\\/\\\/expressometro.mx\\\/#\\\/schema\\\/logo\\\/image\\\/\"}},{\"@type\":\"Person\",\"@id\":\"https:\\\/\\\/expressometro.mx\\\/#\\\/schema\\\/person\\\/67a95b8e3862085c7598f66237488f1f\",\"name\":\"Cecilia Vega\",\"image\":{\"@type\":\"ImageObject\",\"inLanguage\":\"es\",\"@id\":\"https:\\\/\\\/secure.gravatar.com\\\/avatar\\\/13aae9944ab2ee472a9e407c9487fdbd03b049abaa559af32fe5dbcf615c981b?s=96&d=mm&r=g\",\"url\":\"https:\\\/\\\/secure.gravatar.com\\\/avatar\\\/13aae9944ab2ee472a9e407c9487fdbd03b049abaa559af32fe5dbcf615c981b?s=96&d=mm&r=g\",\"contentUrl\":\"https:\\\/\\\/secure.gravatar.com\\\/avatar\\\/13aae9944ab2ee472a9e407c9487fdbd03b049abaa559af32fe5dbcf615c981b?s=96&d=mm&r=g\",\"caption\":\"Cecilia Vega\"},\"url\":\"https:\\\/\\\/expressometro.mx\\\/index.php\\\/author\\\/cecilia-vega\\\/\"}]}<\/script>\n<!-- \/ Yoast SEO plugin. -->","yoast_head_json":{"title":"UAEM, convocada a consolidar derecho al acceso a la ciencia: CEBD - Expresso Metropolitano","robots":{"index":"index","follow":"follow","max-snippet":"max-snippet:-1","max-image-preview":"max-image-preview:large","max-video-preview":"max-video-preview:-1"},"canonical":"https:\/\/expressometro.mx\/index.php\/2021\/05\/26\/uaem-convocada-a-consolidar-derecho-al-acceso-a-la-ciencia-cebd\/","og_locale":"es_MX","og_type":"article","og_title":"UAEM, convocada a consolidar derecho al acceso a la ciencia: CEBD - Expresso Metropolitano","og_description":"Durante la primera reuni\u00f3n que sostuvieron, el rector de la UAEM y el director general del COMECyT, Bernardo Almaraz Calder\u00f3n, coincidieron en que la colaboraci\u00f3n permitir\u00e1 impulsar la investigaci\u00f3n cient\u00edfica y tecnol\u00f3gica para aportar soluciones a los desaf\u00edos actuales y futuros de la sociedad.","og_url":"https:\/\/expressometro.mx\/index.php\/2021\/05\/26\/uaem-convocada-a-consolidar-derecho-al-acceso-a-la-ciencia-cebd\/","og_site_name":"Expresso Metropolitano","article_published_time":"2021-05-26T23:12:40+00:00","article_modified_time":"2021-05-26T23:12:41+00:00","og_image":[{"width":960,"height":640,"url":"https:\/\/expressometro.mx\/wp-content\/uploads\/2021\/05\/WhatsApp-Image-2021-05-26-at-06.57.22.jpeg","type":"image\/jpeg"}],"author":"Cecilia Vega","twitter_misc":{"Escrito por":"Cecilia Vega","Tiempo de lectura":"2 minutos"},"schema":{"@context":"https:\/\/schema.org","@graph":[{"@type":"Article","@id":"https:\/\/expressometro.mx\/index.php\/2021\/05\/26\/uaem-convocada-a-consolidar-derecho-al-acceso-a-la-ciencia-cebd\/#article","isPartOf":{"@id":"https:\/\/expressometro.mx\/index.php\/2021\/05\/26\/uaem-convocada-a-consolidar-derecho-al-acceso-a-la-ciencia-cebd\/"},"author":{"name":"Cecilia Vega","@id":"https:\/\/expressometro.mx\/#\/schema\/person\/67a95b8e3862085c7598f66237488f1f"},"headline":"UAEM, convocada a consolidar derecho al acceso a la ciencia: CEBD","datePublished":"2021-05-26T23:12:40+00:00","dateModified":"2021-05-26T23:12:41+00:00","mainEntityOfPage":{"@id":"https:\/\/expressometro.mx\/index.php\/2021\/05\/26\/uaem-convocada-a-consolidar-derecho-al-acceso-a-la-ciencia-cebd\/"},"wordCount":380,"commentCount":0,"publisher":{"@id":"https:\/\/expressometro.mx\/#organization"},"image":{"@id":"https:\/\/expressometro.mx\/index.php\/2021\/05\/26\/uaem-convocada-a-consolidar-derecho-al-acceso-a-la-ciencia-cebd\/#primaryimage"},"thumbnailUrl":"https:\/\/expressometro.mx\/wp-content\/uploads\/2021\/05\/WhatsApp-Image-2021-05-26-at-06.57.22.jpeg","keywords":["Carlos Eduardo Barrera D\u00edaz","UAEMex"],"articleSection":["Educaci\u00f3n"],"inLanguage":"es","potentialAction":[{"@type":"CommentAction","name":"Comment","target":["https:\/\/expressometro.mx\/index.php\/2021\/05\/26\/uaem-convocada-a-consolidar-derecho-al-acceso-a-la-ciencia-cebd\/#respond"]}]},{"@type":"WebPage","@id":"https:\/\/expressometro.mx\/index.php\/2021\/05\/26\/uaem-convocada-a-consolidar-derecho-al-acceso-a-la-ciencia-cebd\/","url":"https:\/\/expressometro.mx\/index.php\/2021\/05\/26\/uaem-convocada-a-consolidar-derecho-al-acceso-a-la-ciencia-cebd\/","name":"UAEM, convocada a consolidar derecho al acceso a la ciencia: CEBD - Expresso Metropolitano","isPartOf":{"@id":"https:\/\/expressometro.mx\/#website"},"primaryImageOfPage":{"@id":"https:\/\/expressometro.mx\/index.php\/2021\/05\/26\/uaem-convocada-a-consolidar-derecho-al-acceso-a-la-ciencia-cebd\/#primaryimage"},"image":{"@id":"https:\/\/expressometro.mx\/index.php\/2021\/05\/26\/uaem-convocada-a-consolidar-derecho-al-acceso-a-la-ciencia-cebd\/#primaryimage"},"thumbnailUrl":"https:\/\/expressometro.mx\/wp-content\/uploads\/2021\/05\/WhatsApp-Image-2021-05-26-at-06.57.22.jpeg","datePublished":"2021-05-26T23:12:40+00:00","dateModified":"2021-05-26T23:12:41+00:00","breadcrumb":{"@id":"https:\/\/expressometro.mx\/index.php\/2021\/05\/26\/uaem-convocada-a-consolidar-derecho-al-acceso-a-la-ciencia-cebd\/#breadcrumb"},"inLanguage":"es","potentialAction":[{"@type":"ReadAction","target":["https:\/\/expressometro.mx\/index.php\/2021\/05\/26\/uaem-convocada-a-consolidar-derecho-al-acceso-a-la-ciencia-cebd\/"]}]},{"@type":"ImageObject","inLanguage":"es","@id":"https:\/\/expressometro.mx\/index.php\/2021\/05\/26\/uaem-convocada-a-consolidar-derecho-al-acceso-a-la-ciencia-cebd\/#primaryimage","url":"https:\/\/expressometro.mx\/wp-content\/uploads\/2021\/05\/WhatsApp-Image-2021-05-26-at-06.57.22.jpeg","contentUrl":"https:\/\/expressometro.mx\/wp-content\/uploads\/2021\/05\/WhatsApp-Image-2021-05-26-at-06.57.22.jpeg","width":960,"height":640},{"@type":"BreadcrumbList","@id":"https:\/\/expressometro.mx\/index.php\/2021\/05\/26\/uaem-convocada-a-consolidar-derecho-al-acceso-a-la-ciencia-cebd\/#breadcrumb","itemListElement":[{"@type":"ListItem","position":1,"name":"Inicio","item":"https:\/\/expressometro.mx\/"},{"@type":"ListItem","position":2,"name":"UAEM, convocada a consolidar derecho al acceso a la ciencia: CEBD"}]},{"@type":"WebSite","@id":"https:\/\/expressometro.mx\/#website","url":"https:\/\/expressometro.mx\/","name":"Expresso Metropolitano","description":"Periodismo comprometido, informaci\u00f3n, investigaci\u00f3n y an\u00e1lisis","publisher":{"@id":"https:\/\/expressometro.mx\/#organization"},"potentialAction":[{"@type":"SearchAction","target":{"@type":"EntryPoint","urlTemplate":"https:\/\/expressometro.mx\/?s={search_term_string}"},"query-input":{"@type":"PropertyValueSpecification","valueRequired":true,"valueName":"search_term_string"}}],"inLanguage":"es"},{"@type":"Organization","@id":"https:\/\/expressometro.mx\/#organization","name":"Expresso Metropolitano","url":"https:\/\/expressometro.mx\/","logo":{"@type":"ImageObject","inLanguage":"es","@id":"https:\/\/expressometro.mx\/#\/schema\/logo\/image\/","url":"https:\/\/expressometro.mx\/wp-content\/uploads\/2019\/07\/cropped-Logo-Expresso-Metropolitano-1-1.jpeg","contentUrl":"https:\/\/expressometro.mx\/wp-content\/uploads\/2019\/07\/cropped-Logo-Expresso-Metropolitano-1-1.jpeg","width":290,"height":73,"caption":"Expresso Metropolitano"},"image":{"@id":"https:\/\/expressometro.mx\/#\/schema\/logo\/image\/"}},{"@type":"Person","@id":"https:\/\/expressometro.mx\/#\/schema\/person\/67a95b8e3862085c7598f66237488f1f","name":"Cecilia Vega","image":{"@type":"ImageObject","inLanguage":"es","@id":"https:\/\/secure.gravatar.com\/avatar\/13aae9944ab2ee472a9e407c9487fdbd03b049abaa559af32fe5dbcf615c981b?s=96&d=mm&r=g","url":"https:\/\/secure.gravatar.com\/avatar\/13aae9944ab2ee472a9e407c9487fdbd03b049abaa559af32fe5dbcf615c981b?s=96&d=mm&r=g","contentUrl":"https:\/\/secure.gravatar.com\/avatar\/13aae9944ab2ee472a9e407c9487fdbd03b049abaa559af32fe5dbcf615c981b?s=96&d=mm&r=g","caption":"Cecilia Vega"},"url":"https:\/\/expressometro.mx\/index.php\/author\/cecilia-vega\/"}]}},"amp_enabled":true,"_links":{"self":[{"href":"https:\/\/expressometro.mx\/index.php\/wp-json\/wp\/v2\/posts\/2847","targetHints":{"allow":["GET"]}}],"collection":[{"href":"https:\/\/expressometro.mx\/index.php\/wp-json\/wp\/v2\/posts"}],"about":[{"href":"https:\/\/expressometro.mx\/index.php\/wp-json\/wp\/v2\/types\/post"}],"author":[{"embeddable":true,"href":"https:\/\/expressometro.mx\/index.php\/wp-json\/wp\/v2\/users\/2"}],"replies":[{"embeddable":true,"href":"https:\/\/expressometro.mx\/index.php\/wp-json\/wp\/v2\/comments?post=2847"}],"version-history":[{"count":1,"href":"https:\/\/expressometro.mx\/index.php\/wp-json\/wp\/v2\/posts\/2847\/revisions"}],"predecessor-version":[{"id":2851,"href":"https:\/\/expressometro.mx\/index.php\/wp-json\/wp\/v2\/posts\/2847\/revisions\/2851"}],"wp:featuredmedia":[{"embeddable":true,"href":"https:\/\/expressometro.mx\/index.php\/wp-json\/wp\/v2\/media\/2849"}],"wp:attachment":[{"href":"https:\/\/expressometro.mx\/index.php\/wp-json\/wp\/v2\/media?parent=2847"}],"wp:term":[{"taxonomy":"category","embeddable":true,"href":"https:\/\/expressometro.mx\/index.php\/wp-json\/wp\/v2\/categories?post=2847"},{"taxonomy":"post_tag","embeddable":true,"href":"https:\/\/expressometro.mx\/index.php\/wp-json\/wp\/v2\/tags?post=2847"}],"curies":[{"name":"wp","href":"https:\/\/api.w.org\/{rel}","templated":true}]}}