{"id":281,"date":"2019-08-28T22:27:35","date_gmt":"2019-08-29T03:27:35","guid":{"rendered":"http:\/\/expressometro.mx\/?p=281"},"modified":"2019-09-25T10:37:29","modified_gmt":"2019-09-25T15:37:29","slug":"arranca-gobierno-de-coacalco-371-acciones-para-dignificar-las-viviendas","status":"publish","type":"post","link":"https:\/\/expressometro.mx\/index.php\/2019\/08\/28\/arranca-gobierno-de-coacalco-371-acciones-para-dignificar-las-viviendas\/","title":{"rendered":"ARRANCA GOBIERNO DE COACALCO 371 ACCIONES PARA DIGNIFICAR LAS VIVIENDAS"},"content":{"rendered":"\n<p>El Alcalde Darwin Eslava dio el banderazo de inicio a las 371 acciones que como parte del programa \u201cPor un hogar digno\u201d, beneficiar\u00e1n a m\u00e1s de 250 familias de las comunidades m\u00e1s vulnerables de esta localidad.<\/p>\n\n\n\n<p>El Presidente Municipal detall\u00f3 con un presupuesto de 12 millones de pesos, el objetivo es mejorar la calidad de vida de los hogares que no cuentan con un piso firme o techo, ya que se construir\u00e1n lozas, muros y sanitarios, impactando en las zonas de mayor rezago.<\/p>\n\n\n\n<p>\u201cHoy iniciamos uno los programas de mayor impacto en Coacalco,&nbsp;<em>\u2018Por un hogar digno\u2019&nbsp;<\/em>ser\u00e1 un parteaguas en la vida de la ciudadan\u00eda favorecida, porque al darles estabilidad, fortaleceremos al n\u00facleo m\u00e1s importante que tenemos como sociedad y que es la familia\u201d, apunt\u00f3 el Alcalde.<\/p>\n\n\n\n<p>Agreg\u00f3 que con estas acciones, Coacalco es uno de los pocos municipios que cumpli\u00f3 con los requisitos indispensables para tener la denominaci\u00f3n \u201cBandera blanca\u201d, distingui\u00e9ndolo por emprender obras que eliminar\u00e1n una necesidad social.<\/p>\n\n\n\n<p>\u201cNo hay mejor sensaci\u00f3n que salir convencido de que el esfuerzo y trabajo es para mejorar las condiciones de los seres queridos, \u00e9ste es un ejemplo del apoyo y respaldo que encuentran en nosotros\u201d, puntualiz\u00f3 Darwin Eslava.<\/p>\n\n\n\n<p>Sobre las acciones que se llevar\u00e1n a cabo, la Direcci\u00f3n de Obras P\u00fablicas inform\u00f3 que se contempla la construcci\u00f3n de 118 acciones de techos muros y pisos, 58 de cuartos dormitorios, 15 de cuartos para ba\u00f1os y 180 de calentadores solares.<\/p>\n\n\n\n<p>Indic\u00f3 que las viviendas favorecidas se ubican en colonias como Los Acuales, Calpulli del Valle, La Ejidal, El Ranchito, Loma Bonita, Cabecera Municipal, San Lorenzo Tetlixtac, El Gigante, Potrero Popular, Granja San Crist\u00f3bal, Hidalgo, La Magdalena, Villa de las Flores y Unidad Morelos.<\/p>\n\n\n\n<p>Adicionalmente, como parte de esta segunda etapa, se construir\u00e1 el pavimento con concreto hidr\u00e1ulico en calle Chabacano y en Cerrada 1, ambas en Ex Hacienda San Felipe.<\/p>\n\n\n\n<p>La Direcci\u00f3n de Obras P\u00fablicas resalt\u00f3 que para elegir a las familias beneficiadas con este programa, durante tres meses se recorrieron las comunidades para detectar las viviendas m\u00e1s necesitadas.<\/p>\n\n\n\n<p>Durante el arranque de este programa, se realiz\u00f3 una jornada de servicios comunitarios, en la que las distintas \u00e1reas de la administraci\u00f3n brindaron atenci\u00f3n a la ciudadan\u00eda.<\/p>\n","protected":false},"excerpt":{"rendered":"<p>El Alcalde Darwin Eslava dio el banderazo de inicio a las 371 acciones que como parte del programa \u201cPor un hogar digno\u201d, beneficiar\u00e1n a m\u00e1s de 250 familias de las comunidades m\u00e1s vulnerables de esta localidad. El Presidente Municipal detall\u00f3 con un presupuesto de 12 millones de pesos, el objetivo es mejorar la calidad de vida de los hogares que no cuentan con un piso firme o techo, ya que se construir\u00e1n lozas, muros y sanitarios, impactando en las zonas de mayor rezago. \u201cHoy iniciamos uno los programas de mayor&hellip;<\/p>\n","protected":false},"author":1,"featured_media":0,"comment_status":"open","ping_status":"open","sticky":false,"template":"","format":"standard","meta":{"footnotes":""},"categories":[4,3],"tags":[],"class_list":["post-281","post","type-post","status-publish","format-standard","hentry","category-finanzas","category-gobierno"],"yoast_head":"<!-- This site is optimized with the Yoast SEO plugin v27.5 - https:\/\/yoast.com\/product\/yoast-seo-wordpress\/ -->\n<title>ARRANCA GOBIERNO DE COACALCO 371 ACCIONES PARA DIGNIFICAR LAS VIVIENDAS - Expresso Metropolitano<\/title>\n<meta name=\"robots\" content=\"index, follow, max-snippet:-1, max-image-preview:large, max-video-preview:-1\" \/>\n<link rel=\"canonical\" href=\"https:\/\/expressometro.mx\/index.php\/2019\/08\/28\/arranca-gobierno-de-coacalco-371-acciones-para-dignificar-las-viviendas\/\" \/>\n<meta property=\"og:locale\" content=\"es_MX\" \/>\n<meta property=\"og:type\" content=\"article\" \/>\n<meta property=\"og:title\" content=\"ARRANCA GOBIERNO DE COACALCO 371 ACCIONES PARA DIGNIFICAR LAS VIVIENDAS - Expresso Metropolitano\" \/>\n<meta property=\"og:description\" content=\"El Alcalde Darwin Eslava dio el banderazo de inicio a las 371 acciones que como parte del programa \u201cPor un hogar digno\u201d, beneficiar\u00e1n a m\u00e1s de 250 familias de las comunidades m\u00e1s vulnerables de esta localidad. El Presidente Municipal detall\u00f3 con un presupuesto de 12 millones de pesos, el objetivo es mejorar la calidad de vida de los hogares que no cuentan con un piso firme o techo, ya que se construir\u00e1n lozas, muros y sanitarios, impactando en las zonas de mayor rezago. \u201cHoy iniciamos uno los programas de mayor&hellip;\" \/>\n<meta property=\"og:url\" content=\"https:\/\/expressometro.mx\/index.php\/2019\/08\/28\/arranca-gobierno-de-coacalco-371-acciones-para-dignificar-las-viviendas\/\" \/>\n<meta property=\"og:site_name\" content=\"Expresso Metropolitano\" \/>\n<meta property=\"article:published_time\" content=\"2019-08-29T03:27:35+00:00\" \/>\n<meta property=\"article:modified_time\" content=\"2019-09-25T15:37:29+00:00\" \/>\n<meta property=\"og:image\" content=\"https:\/\/expressometro.mx\/wp-content\/uploads\/2019\/08\/HogarDigno-4.jpeg\" \/>\n\t<meta property=\"og:image:width\" content=\"1280\" \/>\n\t<meta property=\"og:image:height\" content=\"853\" \/>\n\t<meta property=\"og:image:type\" content=\"image\/jpeg\" \/>\n<meta name=\"author\" content=\"Expresso Metropolitano\" \/>\n<meta name=\"twitter:label1\" content=\"Escrito por\" \/>\n\t<meta name=\"twitter:data1\" content=\"Expresso Metropolitano\" \/>\n\t<meta name=\"twitter:label2\" content=\"Tiempo de lectura\" \/>\n\t<meta name=\"twitter:data2\" content=\"2 minutos\" \/>\n<script type=\"application\/ld+json\" class=\"yoast-schema-graph\">{\"@context\":\"https:\\\/\\\/schema.org\",\"@graph\":[{\"@type\":\"Article\",\"@id\":\"https:\\\/\\\/expressometro.mx\\\/index.php\\\/2019\\\/08\\\/28\\\/arranca-gobierno-de-coacalco-371-acciones-para-dignificar-las-viviendas\\\/#article\",\"isPartOf\":{\"@id\":\"https:\\\/\\\/expressometro.mx\\\/index.php\\\/2019\\\/08\\\/28\\\/arranca-gobierno-de-coacalco-371-acciones-para-dignificar-las-viviendas\\\/\"},\"author\":{\"name\":\"Expresso Metropolitano\",\"@id\":\"https:\\\/\\\/expressometro.mx\\\/#\\\/schema\\\/person\\\/efa971b4a0664db8ed5c22b1b0dd2f5d\"},\"headline\":\"ARRANCA GOBIERNO DE COACALCO 371 ACCIONES PARA DIGNIFICAR LAS VIVIENDAS\",\"datePublished\":\"2019-08-29T03:27:35+00:00\",\"dateModified\":\"2019-09-25T15:37:29+00:00\",\"mainEntityOfPage\":{\"@id\":\"https:\\\/\\\/expressometro.mx\\\/index.php\\\/2019\\\/08\\\/28\\\/arranca-gobierno-de-coacalco-371-acciones-para-dignificar-las-viviendas\\\/\"},\"wordCount\":392,\"commentCount\":0,\"publisher\":{\"@id\":\"https:\\\/\\\/expressometro.mx\\\/#organization\"},\"articleSection\":[\"Finanzas\",\"Gobierno\"],\"inLanguage\":\"es\",\"potentialAction\":[{\"@type\":\"CommentAction\",\"name\":\"Comment\",\"target\":[\"https:\\\/\\\/expressometro.mx\\\/index.php\\\/2019\\\/08\\\/28\\\/arranca-gobierno-de-coacalco-371-acciones-para-dignificar-las-viviendas\\\/#respond\"]}]},{\"@type\":\"WebPage\",\"@id\":\"https:\\\/\\\/expressometro.mx\\\/index.php\\\/2019\\\/08\\\/28\\\/arranca-gobierno-de-coacalco-371-acciones-para-dignificar-las-viviendas\\\/\",\"url\":\"https:\\\/\\\/expressometro.mx\\\/index.php\\\/2019\\\/08\\\/28\\\/arranca-gobierno-de-coacalco-371-acciones-para-dignificar-las-viviendas\\\/\",\"name\":\"ARRANCA GOBIERNO DE COACALCO 371 ACCIONES PARA DIGNIFICAR LAS VIVIENDAS - Expresso Metropolitano\",\"isPartOf\":{\"@id\":\"https:\\\/\\\/expressometro.mx\\\/#website\"},\"datePublished\":\"2019-08-29T03:27:35+00:00\",\"dateModified\":\"2019-09-25T15:37:29+00:00\",\"breadcrumb\":{\"@id\":\"https:\\\/\\\/expressometro.mx\\\/index.php\\\/2019\\\/08\\\/28\\\/arranca-gobierno-de-coacalco-371-acciones-para-dignificar-las-viviendas\\\/#breadcrumb\"},\"inLanguage\":\"es\",\"potentialAction\":[{\"@type\":\"ReadAction\",\"target\":[\"https:\\\/\\\/expressometro.mx\\\/index.php\\\/2019\\\/08\\\/28\\\/arranca-gobierno-de-coacalco-371-acciones-para-dignificar-las-viviendas\\\/\"]}]},{\"@type\":\"BreadcrumbList\",\"@id\":\"https:\\\/\\\/expressometro.mx\\\/index.php\\\/2019\\\/08\\\/28\\\/arranca-gobierno-de-coacalco-371-acciones-para-dignificar-las-viviendas\\\/#breadcrumb\",\"itemListElement\":[{\"@type\":\"ListItem\",\"position\":1,\"name\":\"Inicio\",\"item\":\"https:\\\/\\\/expressometro.mx\\\/\"},{\"@type\":\"ListItem\",\"position\":2,\"name\":\"ARRANCA GOBIERNO DE COACALCO 371 ACCIONES PARA DIGNIFICAR LAS VIVIENDAS\"}]},{\"@type\":\"WebSite\",\"@id\":\"https:\\\/\\\/expressometro.mx\\\/#website\",\"url\":\"https:\\\/\\\/expressometro.mx\\\/\",\"name\":\"Expresso Metropolitano\",\"description\":\"Periodismo comprometido, informaci\u00f3n, investigaci\u00f3n y an\u00e1lisis\",\"publisher\":{\"@id\":\"https:\\\/\\\/expressometro.mx\\\/#organization\"},\"potentialAction\":[{\"@type\":\"SearchAction\",\"target\":{\"@type\":\"EntryPoint\",\"urlTemplate\":\"https:\\\/\\\/expressometro.mx\\\/?s={search_term_string}\"},\"query-input\":{\"@type\":\"PropertyValueSpecification\",\"valueRequired\":true,\"valueName\":\"search_term_string\"}}],\"inLanguage\":\"es\"},{\"@type\":\"Organization\",\"@id\":\"https:\\\/\\\/expressometro.mx\\\/#organization\",\"name\":\"Expresso Metropolitano\",\"url\":\"https:\\\/\\\/expressometro.mx\\\/\",\"logo\":{\"@type\":\"ImageObject\",\"inLanguage\":\"es\",\"@id\":\"https:\\\/\\\/expressometro.mx\\\/#\\\/schema\\\/logo\\\/image\\\/\",\"url\":\"https:\\\/\\\/expressometro.mx\\\/wp-content\\\/uploads\\\/2019\\\/07\\\/cropped-Logo-Expresso-Metropolitano-1-1.jpeg\",\"contentUrl\":\"https:\\\/\\\/expressometro.mx\\\/wp-content\\\/uploads\\\/2019\\\/07\\\/cropped-Logo-Expresso-Metropolitano-1-1.jpeg\",\"width\":290,\"height\":73,\"caption\":\"Expresso Metropolitano\"},\"image\":{\"@id\":\"https:\\\/\\\/expressometro.mx\\\/#\\\/schema\\\/logo\\\/image\\\/\"}},{\"@type\":\"Person\",\"@id\":\"https:\\\/\\\/expressometro.mx\\\/#\\\/schema\\\/person\\\/efa971b4a0664db8ed5c22b1b0dd2f5d\",\"name\":\"Expresso Metropolitano\",\"image\":{\"@type\":\"ImageObject\",\"inLanguage\":\"es\",\"@id\":\"https:\\\/\\\/secure.gravatar.com\\\/avatar\\\/a89f802b8de18c6952f223c88d3d106e9e3679839f4e25a02f4a6cc2ae6ba3b3?s=96&d=mm&r=g\",\"url\":\"https:\\\/\\\/secure.gravatar.com\\\/avatar\\\/a89f802b8de18c6952f223c88d3d106e9e3679839f4e25a02f4a6cc2ae6ba3b3?s=96&d=mm&r=g\",\"contentUrl\":\"https:\\\/\\\/secure.gravatar.com\\\/avatar\\\/a89f802b8de18c6952f223c88d3d106e9e3679839f4e25a02f4a6cc2ae6ba3b3?s=96&d=mm&r=g\",\"caption\":\"Expresso Metropolitano\"},\"url\":\"https:\\\/\\\/expressometro.mx\\\/index.php\\\/author\\\/diego\\\/\"}]}<\/script>\n<!-- \/ Yoast SEO plugin. -->","yoast_head_json":{"title":"ARRANCA GOBIERNO DE COACALCO 371 ACCIONES PARA DIGNIFICAR LAS VIVIENDAS - Expresso Metropolitano","robots":{"index":"index","follow":"follow","max-snippet":"max-snippet:-1","max-image-preview":"max-image-preview:large","max-video-preview":"max-video-preview:-1"},"canonical":"https:\/\/expressometro.mx\/index.php\/2019\/08\/28\/arranca-gobierno-de-coacalco-371-acciones-para-dignificar-las-viviendas\/","og_locale":"es_MX","og_type":"article","og_title":"ARRANCA GOBIERNO DE COACALCO 371 ACCIONES PARA DIGNIFICAR LAS VIVIENDAS - Expresso Metropolitano","og_description":"El Alcalde Darwin Eslava dio el banderazo de inicio a las 371 acciones que como parte del programa \u201cPor un hogar digno\u201d, beneficiar\u00e1n a m\u00e1s de 250 familias de las comunidades m\u00e1s vulnerables de esta localidad. El Presidente Municipal detall\u00f3 con un presupuesto de 12 millones de pesos, el objetivo es mejorar la calidad de vida de los hogares que no cuentan con un piso firme o techo, ya que se construir\u00e1n lozas, muros y sanitarios, impactando en las zonas de mayor rezago. \u201cHoy iniciamos uno los programas de mayor&hellip;","og_url":"https:\/\/expressometro.mx\/index.php\/2019\/08\/28\/arranca-gobierno-de-coacalco-371-acciones-para-dignificar-las-viviendas\/","og_site_name":"Expresso Metropolitano","article_published_time":"2019-08-29T03:27:35+00:00","article_modified_time":"2019-09-25T15:37:29+00:00","og_image":[{"width":1280,"height":853,"url":"https:\/\/expressometro.mx\/wp-content\/uploads\/2019\/08\/HogarDigno-4.jpeg","type":"image\/jpeg"}],"author":"Expresso Metropolitano","twitter_misc":{"Escrito por":"Expresso Metropolitano","Tiempo de lectura":"2 minutos"},"schema":{"@context":"https:\/\/schema.org","@graph":[{"@type":"Article","@id":"https:\/\/expressometro.mx\/index.php\/2019\/08\/28\/arranca-gobierno-de-coacalco-371-acciones-para-dignificar-las-viviendas\/#article","isPartOf":{"@id":"https:\/\/expressometro.mx\/index.php\/2019\/08\/28\/arranca-gobierno-de-coacalco-371-acciones-para-dignificar-las-viviendas\/"},"author":{"name":"Expresso Metropolitano","@id":"https:\/\/expressometro.mx\/#\/schema\/person\/efa971b4a0664db8ed5c22b1b0dd2f5d"},"headline":"ARRANCA GOBIERNO DE COACALCO 371 ACCIONES PARA DIGNIFICAR LAS VIVIENDAS","datePublished":"2019-08-29T03:27:35+00:00","dateModified":"2019-09-25T15:37:29+00:00","mainEntityOfPage":{"@id":"https:\/\/expressometro.mx\/index.php\/2019\/08\/28\/arranca-gobierno-de-coacalco-371-acciones-para-dignificar-las-viviendas\/"},"wordCount":392,"commentCount":0,"publisher":{"@id":"https:\/\/expressometro.mx\/#organization"},"articleSection":["Finanzas","Gobierno"],"inLanguage":"es","potentialAction":[{"@type":"CommentAction","name":"Comment","target":["https:\/\/expressometro.mx\/index.php\/2019\/08\/28\/arranca-gobierno-de-coacalco-371-acciones-para-dignificar-las-viviendas\/#respond"]}]},{"@type":"WebPage","@id":"https:\/\/expressometro.mx\/index.php\/2019\/08\/28\/arranca-gobierno-de-coacalco-371-acciones-para-dignificar-las-viviendas\/","url":"https:\/\/expressometro.mx\/index.php\/2019\/08\/28\/arranca-gobierno-de-coacalco-371-acciones-para-dignificar-las-viviendas\/","name":"ARRANCA GOBIERNO DE COACALCO 371 ACCIONES PARA DIGNIFICAR LAS VIVIENDAS - Expresso Metropolitano","isPartOf":{"@id":"https:\/\/expressometro.mx\/#website"},"datePublished":"2019-08-29T03:27:35+00:00","dateModified":"2019-09-25T15:37:29+00:00","breadcrumb":{"@id":"https:\/\/expressometro.mx\/index.php\/2019\/08\/28\/arranca-gobierno-de-coacalco-371-acciones-para-dignificar-las-viviendas\/#breadcrumb"},"inLanguage":"es","potentialAction":[{"@type":"ReadAction","target":["https:\/\/expressometro.mx\/index.php\/2019\/08\/28\/arranca-gobierno-de-coacalco-371-acciones-para-dignificar-las-viviendas\/"]}]},{"@type":"BreadcrumbList","@id":"https:\/\/expressometro.mx\/index.php\/2019\/08\/28\/arranca-gobierno-de-coacalco-371-acciones-para-dignificar-las-viviendas\/#breadcrumb","itemListElement":[{"@type":"ListItem","position":1,"name":"Inicio","item":"https:\/\/expressometro.mx\/"},{"@type":"ListItem","position":2,"name":"ARRANCA GOBIERNO DE COACALCO 371 ACCIONES PARA DIGNIFICAR LAS VIVIENDAS"}]},{"@type":"WebSite","@id":"https:\/\/expressometro.mx\/#website","url":"https:\/\/expressometro.mx\/","name":"Expresso Metropolitano","description":"Periodismo comprometido, informaci\u00f3n, investigaci\u00f3n y an\u00e1lisis","publisher":{"@id":"https:\/\/expressometro.mx\/#organization"},"potentialAction":[{"@type":"SearchAction","target":{"@type":"EntryPoint","urlTemplate":"https:\/\/expressometro.mx\/?s={search_term_string}"},"query-input":{"@type":"PropertyValueSpecification","valueRequired":true,"valueName":"search_term_string"}}],"inLanguage":"es"},{"@type":"Organization","@id":"https:\/\/expressometro.mx\/#organization","name":"Expresso Metropolitano","url":"https:\/\/expressometro.mx\/","logo":{"@type":"ImageObject","inLanguage":"es","@id":"https:\/\/expressometro.mx\/#\/schema\/logo\/image\/","url":"https:\/\/expressometro.mx\/wp-content\/uploads\/2019\/07\/cropped-Logo-Expresso-Metropolitano-1-1.jpeg","contentUrl":"https:\/\/expressometro.mx\/wp-content\/uploads\/2019\/07\/cropped-Logo-Expresso-Metropolitano-1-1.jpeg","width":290,"height":73,"caption":"Expresso Metropolitano"},"image":{"@id":"https:\/\/expressometro.mx\/#\/schema\/logo\/image\/"}},{"@type":"Person","@id":"https:\/\/expressometro.mx\/#\/schema\/person\/efa971b4a0664db8ed5c22b1b0dd2f5d","name":"Expresso Metropolitano","image":{"@type":"ImageObject","inLanguage":"es","@id":"https:\/\/secure.gravatar.com\/avatar\/a89f802b8de18c6952f223c88d3d106e9e3679839f4e25a02f4a6cc2ae6ba3b3?s=96&d=mm&r=g","url":"https:\/\/secure.gravatar.com\/avatar\/a89f802b8de18c6952f223c88d3d106e9e3679839f4e25a02f4a6cc2ae6ba3b3?s=96&d=mm&r=g","contentUrl":"https:\/\/secure.gravatar.com\/avatar\/a89f802b8de18c6952f223c88d3d106e9e3679839f4e25a02f4a6cc2ae6ba3b3?s=96&d=mm&r=g","caption":"Expresso Metropolitano"},"url":"https:\/\/expressometro.mx\/index.php\/author\/diego\/"}]}},"amp_enabled":true,"_links":{"self":[{"href":"https:\/\/expressometro.mx\/index.php\/wp-json\/wp\/v2\/posts\/281","targetHints":{"allow":["GET"]}}],"collection":[{"href":"https:\/\/expressometro.mx\/index.php\/wp-json\/wp\/v2\/posts"}],"about":[{"href":"https:\/\/expressometro.mx\/index.php\/wp-json\/wp\/v2\/types\/post"}],"author":[{"embeddable":true,"href":"https:\/\/expressometro.mx\/index.php\/wp-json\/wp\/v2\/users\/1"}],"replies":[{"embeddable":true,"href":"https:\/\/expressometro.mx\/index.php\/wp-json\/wp\/v2\/comments?post=281"}],"version-history":[{"count":1,"href":"https:\/\/expressometro.mx\/index.php\/wp-json\/wp\/v2\/posts\/281\/revisions"}],"predecessor-version":[{"id":283,"href":"https:\/\/expressometro.mx\/index.php\/wp-json\/wp\/v2\/posts\/281\/revisions\/283"}],"wp:attachment":[{"href":"https:\/\/expressometro.mx\/index.php\/wp-json\/wp\/v2\/media?parent=281"}],"wp:term":[{"taxonomy":"category","embeddable":true,"href":"https:\/\/expressometro.mx\/index.php\/wp-json\/wp\/v2\/categories?post=281"},{"taxonomy":"post_tag","embeddable":true,"href":"https:\/\/expressometro.mx\/index.php\/wp-json\/wp\/v2\/tags?post=281"}],"curies":[{"name":"wp","href":"https:\/\/api.w.org\/{rel}","templated":true}]}}