{"id":2802,"date":"2021-05-26T12:21:05","date_gmt":"2021-05-26T17:21:05","guid":{"rendered":"http:\/\/expressometro.mx\/?p=2802"},"modified":"2021-05-26T12:21:06","modified_gmt":"2021-05-26T17:21:06","slug":"llama-ana-muniz-a-votar-por-una-propuesta-con-futuro","status":"publish","type":"post","link":"https:\/\/expressometro.mx\/index.php\/2021\/05\/26\/llama-ana-muniz-a-votar-por-una-propuesta-con-futuro\/","title":{"rendered":"LLAMA ANA MU\u00d1IZ A VOTAR POR UNA PROPUESTA CON FUTURO"},"content":{"rendered":"\n<p>La candidata a la alcald\u00eda de San Mateo Atenco por la coalici\u00f3n Va por el Estado de M\u00e9xico (PAN, PRI y PRD), Ana Mu\u00f1iz Neyra, llam\u00f3 a votar por una propuesta con futuro, sobre lo que quieren para su municipio, para el estado y el pa\u00eds.<\/p>\n\n\n\n<p>En recorridos por las comunidades, pidi\u00f3 todo el apoyo de sus vecinos, \u201ctodo su respaldo para llegar a un solo fin ya que nuestras propuestas son para ayudar a la gente. Nuestra convicci\u00f3n es para rescatar los valores, el respeto y la solidaridad\u201d.<\/p>\n\n\n\n<p>\u201cNuestra campa\u00f1a est\u00e1 encaminada a todos los sectores de la poblaci\u00f3n, para los cuales se muestran proyectos que den soluci\u00f3n a las problem\u00e1ticas sociales presentadas en tiempos y formas muy precisos\u201d, puntualiz\u00f3.<\/p>\n\n\n\n<p>\u201cDe lo que se trata es de cumplirle a la poblaci\u00f3n. Voy a poner toda mi voluntad, convicci\u00f3n y coraz\u00f3n para ser su pr\u00f3xima presidenta municipal. El proyecto presentado por la Coalici\u00f3n Va por el Estado de M\u00e9xico es para cumplirlo\u201d, cit\u00f3.<\/p>\n\n\n\n<p>Como parte de las ofertas pol\u00edticas realizadas por la candidata por la Coalici\u00f3n va por el Estado de M\u00e9xico, refiri\u00f3 ante productores de hortalizas org\u00e1nicas de los barrios de Guadalupe y San Lucas, que de llegar a ser la triunfadora en las elecciones del pr\u00f3ximo 6 de junio, ser\u00e1n abiertos 14 comedores comunitarios, en los que se pueden adquirir los distintos vegetales que cultiven.<\/p>\n\n\n\n<p>Todos los mi\u00e9rcoles, frente a la presidencia municipal de San Mateo Atenco, se instala un tianguis de verduras org\u00e1nicas, con m\u00e1s de 30 familias que cultivan espinacas, acelgas, verdolagas, huauzontles, quintoniles, cilantro, hierbabuena, menta, nopales, lechugas, br\u00f3coli, col, betabel, calabazas, zanahorias y huevo, as\u00ed como alimentos con estos productos, quienes compartieron sus experiencias sobre sus estilos de siembra a cielo abierto y en condiciones de invernadero, y que reconocieron como una actividad importante el colocar su producci\u00f3n en los comedores que se planea abrir, lo cual significar\u00eda ingresos econ\u00f3micos estables.<\/p>\n\n\n\n<p>En un segundo punto de las actividades proselitistas, la aspirante a la presidencia municipal, se reuni\u00f3 con taxistas locales, y refiri\u00f3 que por la pandemia bajaron el n\u00famero de viajes de los trabajadores del volante, por lo que dentro de las propuestas para ir recuperando sus actividades, se impulsar\u00e1 el registro municipal de taxis, se apoyar\u00e1 la sanitizaci\u00f3n de las unidades, adem\u00e1s de brindar oportunidades para que choferes y sus familias, puedan acceder a estudios m\u00e9dicos.<\/p>\n\n\n\n<p>\u201cEn esta campa\u00f1a se han acercado vecinos quienes han mostrado su preocupaci\u00f3n, pues tienen familiares que requieren asistencia m\u00e9dica en centros de especialidades fuera del municipio o de la entidad, y si ustedes como taxistas est\u00e1n dispuestos, pueden prestar sus servicios mediante una aportaci\u00f3n del ayuntamiento que busco encabezar y de los beneficiarios\u201d, subray\u00f3 Mu\u00f1oz Neyra.<\/p>\n\n\n\n<p>De igual manera, se trabajar\u00e1 en operativos para que los taxistas de otros municipios no invadan las rutas de los trabajadores del volante locales.<\/p>\n\n\n\n<p>Tambi\u00e9n hizo el compromiso para que de ser elegida como alcaldesa, en los primeros cien d\u00edas de su administraci\u00f3n, dote de uniformes a la totalidad de los taxistas de San mateo Atenco, adem\u00e1s de que de manera mensual haya m\u00f3dulos en los que puedan obtener sus licencias.<\/p>\n\n\n\n<p>Tambi\u00e9n consider\u00f3 la necesidad de mayor seguridad a fin de evitar robos, para pasajeros y choferes de taxis, para lo cual propuso un programa de paraderos seguros.<\/p>\n\n\n\n<p>En una tercera reuni\u00f3n con vecinos del barrio de San Francisco, refiri\u00f3 que ah\u00ed se construir\u00e1 el Centro Cultural Atenquense, en donde la poblaci\u00f3n tendr\u00e1 un espacio dedicado al arte y cultura, as\u00ed como el rescate hist\u00f3rico del municipio. Unidos S\u00ed, es como llegaremos a ser todos triunfadores en el proceso electoral del 6 de junio, recalc\u00f3.<\/p>\n\n\n\n<figure class=\"wp-block-gallery columns-3 is-cropped wp-block-gallery-1 is-layout-flex wp-block-gallery-is-layout-flex\"><ul class=\"blocks-gallery-grid\"><li class=\"blocks-gallery-item\"><figure><img loading=\"lazy\" decoding=\"async\" width=\"720\" height=\"480\" src=\"http:\/\/expressometro.mx\/wp-content\/uploads\/2021\/05\/WhatsApp-Image-2021-05-26-at-00.58.35-1-720x480.jpeg\" alt=\"\" data-id=\"2804\" data-link=\"http:\/\/expressometro.mx\/?attachment_id=2804\" class=\"wp-image-2804\" srcset=\"https:\/\/expressometro.mx\/wp-content\/uploads\/2021\/05\/WhatsApp-Image-2021-05-26-at-00.58.35-1-720x480.jpeg 720w, https:\/\/expressometro.mx\/wp-content\/uploads\/2021\/05\/WhatsApp-Image-2021-05-26-at-00.58.35-1-548x365.jpeg 548w, https:\/\/expressometro.mx\/wp-content\/uploads\/2021\/05\/WhatsApp-Image-2021-05-26-at-00.58.35-1-768x512.jpeg 768w, https:\/\/expressometro.mx\/wp-content\/uploads\/2021\/05\/WhatsApp-Image-2021-05-26-at-00.58.35-1.jpeg 1500w\" sizes=\"auto, (max-width: 720px) 100vw, 720px\" \/><\/figure><\/li><li class=\"blocks-gallery-item\"><figure><img loading=\"lazy\" decoding=\"async\" width=\"720\" height=\"480\" src=\"http:\/\/expressometro.mx\/wp-content\/uploads\/2021\/05\/WhatsApp-Image-2021-05-26-at-00.58.36-720x480.jpeg\" alt=\"\" data-id=\"2805\" data-link=\"http:\/\/expressometro.mx\/?attachment_id=2805\" class=\"wp-image-2805\" srcset=\"https:\/\/expressometro.mx\/wp-content\/uploads\/2021\/05\/WhatsApp-Image-2021-05-26-at-00.58.36-720x480.jpeg 720w, https:\/\/expressometro.mx\/wp-content\/uploads\/2021\/05\/WhatsApp-Image-2021-05-26-at-00.58.36-548x365.jpeg 548w, https:\/\/expressometro.mx\/wp-content\/uploads\/2021\/05\/WhatsApp-Image-2021-05-26-at-00.58.36-768x512.jpeg 768w, https:\/\/expressometro.mx\/wp-content\/uploads\/2021\/05\/WhatsApp-Image-2021-05-26-at-00.58.36.jpeg 1500w\" sizes=\"auto, (max-width: 720px) 100vw, 720px\" \/><\/figure><\/li><li class=\"blocks-gallery-item\"><figure><img loading=\"lazy\" decoding=\"async\" width=\"720\" height=\"480\" src=\"http:\/\/expressometro.mx\/wp-content\/uploads\/2021\/05\/WhatsApp-Image-2021-05-26-at-00.58.36-1-720x480.jpeg\" alt=\"\" data-id=\"2806\" data-link=\"http:\/\/expressometro.mx\/?attachment_id=2806\" class=\"wp-image-2806\" srcset=\"https:\/\/expressometro.mx\/wp-content\/uploads\/2021\/05\/WhatsApp-Image-2021-05-26-at-00.58.36-1-720x480.jpeg 720w, https:\/\/expressometro.mx\/wp-content\/uploads\/2021\/05\/WhatsApp-Image-2021-05-26-at-00.58.36-1-548x365.jpeg 548w, https:\/\/expressometro.mx\/wp-content\/uploads\/2021\/05\/WhatsApp-Image-2021-05-26-at-00.58.36-1-768x512.jpeg 768w, https:\/\/expressometro.mx\/wp-content\/uploads\/2021\/05\/WhatsApp-Image-2021-05-26-at-00.58.36-1.jpeg 1500w\" sizes=\"auto, (max-width: 720px) 100vw, 720px\" \/><\/figure><\/li><li class=\"blocks-gallery-item\"><figure><img loading=\"lazy\" decoding=\"async\" width=\"720\" height=\"480\" src=\"http:\/\/expressometro.mx\/wp-content\/uploads\/2021\/05\/WhatsApp-Image-2021-05-26-at-00.58.36-2-720x480.jpeg\" alt=\"\" data-id=\"2807\" data-full-url=\"http:\/\/expressometro.mx\/wp-content\/uploads\/2021\/05\/WhatsApp-Image-2021-05-26-at-00.58.36-2.jpeg\" data-link=\"http:\/\/expressometro.mx\/?attachment_id=2807\" class=\"wp-image-2807\" srcset=\"https:\/\/expressometro.mx\/wp-content\/uploads\/2021\/05\/WhatsApp-Image-2021-05-26-at-00.58.36-2-720x480.jpeg 720w, https:\/\/expressometro.mx\/wp-content\/uploads\/2021\/05\/WhatsApp-Image-2021-05-26-at-00.58.36-2-548x365.jpeg 548w, https:\/\/expressometro.mx\/wp-content\/uploads\/2021\/05\/WhatsApp-Image-2021-05-26-at-00.58.36-2-768x512.jpeg 768w, https:\/\/expressometro.mx\/wp-content\/uploads\/2021\/05\/WhatsApp-Image-2021-05-26-at-00.58.36-2.jpeg 1500w\" sizes=\"auto, (max-width: 720px) 100vw, 720px\" \/><\/figure><\/li><\/ul><\/figure>\n","protected":false},"excerpt":{"rendered":"<p>\u201cNuestra campa\u00f1a est\u00e1 encaminada a todos los sectores de la poblaci\u00f3n, para los cuales se muestran proyectos que den soluci\u00f3n a las problem\u00e1ticas sociales presentadas en tiempos y formas muy precisos\u201d, puntualiz\u00f3.<\/p>\n","protected":false},"author":2,"featured_media":2808,"comment_status":"open","ping_status":"open","sticky":false,"template":"","format":"standard","meta":{"footnotes":""},"categories":[231],"tags":[387,386,393],"class_list":["post-2802","post","type-post","status-publish","format-standard","has-post-thumbnail","hentry","category-politica","tag-ana-muniz","tag-san-mateo-atenco","tag-va-por-el-estado-de-mexico"],"yoast_head":"<!-- This site is optimized with the Yoast SEO plugin v27.5 - https:\/\/yoast.com\/product\/yoast-seo-wordpress\/ -->\n<title>LLAMA ANA MU\u00d1IZ A VOTAR POR UNA PROPUESTA CON FUTURO - Expresso Metropolitano<\/title>\n<meta name=\"robots\" content=\"index, follow, max-snippet:-1, max-image-preview:large, max-video-preview:-1\" \/>\n<link rel=\"canonical\" href=\"https:\/\/expressometro.mx\/index.php\/2021\/05\/26\/llama-ana-muniz-a-votar-por-una-propuesta-con-futuro\/\" \/>\n<meta property=\"og:locale\" content=\"es_MX\" \/>\n<meta property=\"og:type\" content=\"article\" \/>\n<meta property=\"og:title\" content=\"LLAMA ANA MU\u00d1IZ A VOTAR POR UNA PROPUESTA CON FUTURO - Expresso Metropolitano\" \/>\n<meta property=\"og:description\" content=\"\u201cNuestra campa\u00f1a est\u00e1 encaminada a todos los sectores de la poblaci\u00f3n, para los cuales se muestran proyectos que den soluci\u00f3n a las problem\u00e1ticas sociales presentadas en tiempos y formas muy precisos\u201d, puntualiz\u00f3.\" \/>\n<meta property=\"og:url\" content=\"https:\/\/expressometro.mx\/index.php\/2021\/05\/26\/llama-ana-muniz-a-votar-por-una-propuesta-con-futuro\/\" \/>\n<meta property=\"og:site_name\" content=\"Expresso Metropolitano\" \/>\n<meta property=\"article:published_time\" content=\"2021-05-26T17:21:05+00:00\" \/>\n<meta property=\"article:modified_time\" content=\"2021-05-26T17:21:06+00:00\" \/>\n<meta property=\"og:image\" content=\"https:\/\/expressometro.mx\/wp-content\/uploads\/2021\/05\/WhatsApp-Image-2021-05-26-at-00.58.35.jpeg\" \/>\n\t<meta property=\"og:image:width\" content=\"1500\" \/>\n\t<meta property=\"og:image:height\" content=\"1000\" \/>\n\t<meta property=\"og:image:type\" content=\"image\/jpeg\" \/>\n<meta name=\"author\" content=\"Cecilia Vega\" \/>\n<meta name=\"twitter:label1\" content=\"Escrito por\" \/>\n\t<meta name=\"twitter:data1\" content=\"Cecilia Vega\" \/>\n\t<meta name=\"twitter:label2\" content=\"Tiempo de lectura\" \/>\n\t<meta name=\"twitter:data2\" content=\"4 minutos\" \/>\n<script type=\"application\/ld+json\" class=\"yoast-schema-graph\">{\"@context\":\"https:\\\/\\\/schema.org\",\"@graph\":[{\"@type\":\"Article\",\"@id\":\"https:\\\/\\\/expressometro.mx\\\/index.php\\\/2021\\\/05\\\/26\\\/llama-ana-muniz-a-votar-por-una-propuesta-con-futuro\\\/#article\",\"isPartOf\":{\"@id\":\"https:\\\/\\\/expressometro.mx\\\/index.php\\\/2021\\\/05\\\/26\\\/llama-ana-muniz-a-votar-por-una-propuesta-con-futuro\\\/\"},\"author\":{\"name\":\"Cecilia Vega\",\"@id\":\"https:\\\/\\\/expressometro.mx\\\/#\\\/schema\\\/person\\\/67a95b8e3862085c7598f66237488f1f\"},\"headline\":\"LLAMA ANA MU\u00d1IZ A VOTAR POR UNA PROPUESTA CON FUTURO\",\"datePublished\":\"2021-05-26T17:21:05+00:00\",\"dateModified\":\"2021-05-26T17:21:06+00:00\",\"mainEntityOfPage\":{\"@id\":\"https:\\\/\\\/expressometro.mx\\\/index.php\\\/2021\\\/05\\\/26\\\/llama-ana-muniz-a-votar-por-una-propuesta-con-futuro\\\/\"},\"wordCount\":659,\"commentCount\":0,\"publisher\":{\"@id\":\"https:\\\/\\\/expressometro.mx\\\/#organization\"},\"image\":{\"@id\":\"https:\\\/\\\/expressometro.mx\\\/index.php\\\/2021\\\/05\\\/26\\\/llama-ana-muniz-a-votar-por-una-propuesta-con-futuro\\\/#primaryimage\"},\"thumbnailUrl\":\"https:\\\/\\\/expressometro.mx\\\/wp-content\\\/uploads\\\/2021\\\/05\\\/WhatsApp-Image-2021-05-26-at-00.58.35.jpeg\",\"keywords\":[\"Ana Mu\u00f1iz\",\"San Mateo Atenco\",\"Va por el Estado de M\u00e9xico\"],\"articleSection\":[\"Pol\u00edtica\"],\"inLanguage\":\"es\",\"potentialAction\":[{\"@type\":\"CommentAction\",\"name\":\"Comment\",\"target\":[\"https:\\\/\\\/expressometro.mx\\\/index.php\\\/2021\\\/05\\\/26\\\/llama-ana-muniz-a-votar-por-una-propuesta-con-futuro\\\/#respond\"]}]},{\"@type\":\"WebPage\",\"@id\":\"https:\\\/\\\/expressometro.mx\\\/index.php\\\/2021\\\/05\\\/26\\\/llama-ana-muniz-a-votar-por-una-propuesta-con-futuro\\\/\",\"url\":\"https:\\\/\\\/expressometro.mx\\\/index.php\\\/2021\\\/05\\\/26\\\/llama-ana-muniz-a-votar-por-una-propuesta-con-futuro\\\/\",\"name\":\"LLAMA ANA MU\u00d1IZ A VOTAR POR UNA PROPUESTA CON FUTURO - Expresso Metropolitano\",\"isPartOf\":{\"@id\":\"https:\\\/\\\/expressometro.mx\\\/#website\"},\"primaryImageOfPage\":{\"@id\":\"https:\\\/\\\/expressometro.mx\\\/index.php\\\/2021\\\/05\\\/26\\\/llama-ana-muniz-a-votar-por-una-propuesta-con-futuro\\\/#primaryimage\"},\"image\":{\"@id\":\"https:\\\/\\\/expressometro.mx\\\/index.php\\\/2021\\\/05\\\/26\\\/llama-ana-muniz-a-votar-por-una-propuesta-con-futuro\\\/#primaryimage\"},\"thumbnailUrl\":\"https:\\\/\\\/expressometro.mx\\\/wp-content\\\/uploads\\\/2021\\\/05\\\/WhatsApp-Image-2021-05-26-at-00.58.35.jpeg\",\"datePublished\":\"2021-05-26T17:21:05+00:00\",\"dateModified\":\"2021-05-26T17:21:06+00:00\",\"breadcrumb\":{\"@id\":\"https:\\\/\\\/expressometro.mx\\\/index.php\\\/2021\\\/05\\\/26\\\/llama-ana-muniz-a-votar-por-una-propuesta-con-futuro\\\/#breadcrumb\"},\"inLanguage\":\"es\",\"potentialAction\":[{\"@type\":\"ReadAction\",\"target\":[\"https:\\\/\\\/expressometro.mx\\\/index.php\\\/2021\\\/05\\\/26\\\/llama-ana-muniz-a-votar-por-una-propuesta-con-futuro\\\/\"]}]},{\"@type\":\"ImageObject\",\"inLanguage\":\"es\",\"@id\":\"https:\\\/\\\/expressometro.mx\\\/index.php\\\/2021\\\/05\\\/26\\\/llama-ana-muniz-a-votar-por-una-propuesta-con-futuro\\\/#primaryimage\",\"url\":\"https:\\\/\\\/expressometro.mx\\\/wp-content\\\/uploads\\\/2021\\\/05\\\/WhatsApp-Image-2021-05-26-at-00.58.35.jpeg\",\"contentUrl\":\"https:\\\/\\\/expressometro.mx\\\/wp-content\\\/uploads\\\/2021\\\/05\\\/WhatsApp-Image-2021-05-26-at-00.58.35.jpeg\",\"width\":1500,\"height\":1000},{\"@type\":\"BreadcrumbList\",\"@id\":\"https:\\\/\\\/expressometro.mx\\\/index.php\\\/2021\\\/05\\\/26\\\/llama-ana-muniz-a-votar-por-una-propuesta-con-futuro\\\/#breadcrumb\",\"itemListElement\":[{\"@type\":\"ListItem\",\"position\":1,\"name\":\"Inicio\",\"item\":\"https:\\\/\\\/expressometro.mx\\\/\"},{\"@type\":\"ListItem\",\"position\":2,\"name\":\"LLAMA ANA MU\u00d1IZ A VOTAR POR UNA PROPUESTA CON FUTURO\"}]},{\"@type\":\"WebSite\",\"@id\":\"https:\\\/\\\/expressometro.mx\\\/#website\",\"url\":\"https:\\\/\\\/expressometro.mx\\\/\",\"name\":\"Expresso Metropolitano\",\"description\":\"Periodismo comprometido, informaci\u00f3n, investigaci\u00f3n y an\u00e1lisis\",\"publisher\":{\"@id\":\"https:\\\/\\\/expressometro.mx\\\/#organization\"},\"potentialAction\":[{\"@type\":\"SearchAction\",\"target\":{\"@type\":\"EntryPoint\",\"urlTemplate\":\"https:\\\/\\\/expressometro.mx\\\/?s={search_term_string}\"},\"query-input\":{\"@type\":\"PropertyValueSpecification\",\"valueRequired\":true,\"valueName\":\"search_term_string\"}}],\"inLanguage\":\"es\"},{\"@type\":\"Organization\",\"@id\":\"https:\\\/\\\/expressometro.mx\\\/#organization\",\"name\":\"Expresso Metropolitano\",\"url\":\"https:\\\/\\\/expressometro.mx\\\/\",\"logo\":{\"@type\":\"ImageObject\",\"inLanguage\":\"es\",\"@id\":\"https:\\\/\\\/expressometro.mx\\\/#\\\/schema\\\/logo\\\/image\\\/\",\"url\":\"https:\\\/\\\/expressometro.mx\\\/wp-content\\\/uploads\\\/2019\\\/07\\\/cropped-Logo-Expresso-Metropolitano-1-1.jpeg\",\"contentUrl\":\"https:\\\/\\\/expressometro.mx\\\/wp-content\\\/uploads\\\/2019\\\/07\\\/cropped-Logo-Expresso-Metropolitano-1-1.jpeg\",\"width\":290,\"height\":73,\"caption\":\"Expresso Metropolitano\"},\"image\":{\"@id\":\"https:\\\/\\\/expressometro.mx\\\/#\\\/schema\\\/logo\\\/image\\\/\"}},{\"@type\":\"Person\",\"@id\":\"https:\\\/\\\/expressometro.mx\\\/#\\\/schema\\\/person\\\/67a95b8e3862085c7598f66237488f1f\",\"name\":\"Cecilia Vega\",\"image\":{\"@type\":\"ImageObject\",\"inLanguage\":\"es\",\"@id\":\"https:\\\/\\\/secure.gravatar.com\\\/avatar\\\/13aae9944ab2ee472a9e407c9487fdbd03b049abaa559af32fe5dbcf615c981b?s=96&d=mm&r=g\",\"url\":\"https:\\\/\\\/secure.gravatar.com\\\/avatar\\\/13aae9944ab2ee472a9e407c9487fdbd03b049abaa559af32fe5dbcf615c981b?s=96&d=mm&r=g\",\"contentUrl\":\"https:\\\/\\\/secure.gravatar.com\\\/avatar\\\/13aae9944ab2ee472a9e407c9487fdbd03b049abaa559af32fe5dbcf615c981b?s=96&d=mm&r=g\",\"caption\":\"Cecilia Vega\"},\"url\":\"https:\\\/\\\/expressometro.mx\\\/index.php\\\/author\\\/cecilia-vega\\\/\"}]}<\/script>\n<!-- \/ Yoast SEO plugin. -->","yoast_head_json":{"title":"LLAMA ANA MU\u00d1IZ A VOTAR POR UNA PROPUESTA CON FUTURO - Expresso Metropolitano","robots":{"index":"index","follow":"follow","max-snippet":"max-snippet:-1","max-image-preview":"max-image-preview:large","max-video-preview":"max-video-preview:-1"},"canonical":"https:\/\/expressometro.mx\/index.php\/2021\/05\/26\/llama-ana-muniz-a-votar-por-una-propuesta-con-futuro\/","og_locale":"es_MX","og_type":"article","og_title":"LLAMA ANA MU\u00d1IZ A VOTAR POR UNA PROPUESTA CON FUTURO - Expresso Metropolitano","og_description":"\u201cNuestra campa\u00f1a est\u00e1 encaminada a todos los sectores de la poblaci\u00f3n, para los cuales se muestran proyectos que den soluci\u00f3n a las problem\u00e1ticas sociales presentadas en tiempos y formas muy precisos\u201d, puntualiz\u00f3.","og_url":"https:\/\/expressometro.mx\/index.php\/2021\/05\/26\/llama-ana-muniz-a-votar-por-una-propuesta-con-futuro\/","og_site_name":"Expresso Metropolitano","article_published_time":"2021-05-26T17:21:05+00:00","article_modified_time":"2021-05-26T17:21:06+00:00","og_image":[{"width":1500,"height":1000,"url":"https:\/\/expressometro.mx\/wp-content\/uploads\/2021\/05\/WhatsApp-Image-2021-05-26-at-00.58.35.jpeg","type":"image\/jpeg"}],"author":"Cecilia Vega","twitter_misc":{"Escrito por":"Cecilia Vega","Tiempo de lectura":"4 minutos"},"schema":{"@context":"https:\/\/schema.org","@graph":[{"@type":"Article","@id":"https:\/\/expressometro.mx\/index.php\/2021\/05\/26\/llama-ana-muniz-a-votar-por-una-propuesta-con-futuro\/#article","isPartOf":{"@id":"https:\/\/expressometro.mx\/index.php\/2021\/05\/26\/llama-ana-muniz-a-votar-por-una-propuesta-con-futuro\/"},"author":{"name":"Cecilia Vega","@id":"https:\/\/expressometro.mx\/#\/schema\/person\/67a95b8e3862085c7598f66237488f1f"},"headline":"LLAMA ANA MU\u00d1IZ A VOTAR POR UNA PROPUESTA CON FUTURO","datePublished":"2021-05-26T17:21:05+00:00","dateModified":"2021-05-26T17:21:06+00:00","mainEntityOfPage":{"@id":"https:\/\/expressometro.mx\/index.php\/2021\/05\/26\/llama-ana-muniz-a-votar-por-una-propuesta-con-futuro\/"},"wordCount":659,"commentCount":0,"publisher":{"@id":"https:\/\/expressometro.mx\/#organization"},"image":{"@id":"https:\/\/expressometro.mx\/index.php\/2021\/05\/26\/llama-ana-muniz-a-votar-por-una-propuesta-con-futuro\/#primaryimage"},"thumbnailUrl":"https:\/\/expressometro.mx\/wp-content\/uploads\/2021\/05\/WhatsApp-Image-2021-05-26-at-00.58.35.jpeg","keywords":["Ana Mu\u00f1iz","San Mateo Atenco","Va por el Estado de M\u00e9xico"],"articleSection":["Pol\u00edtica"],"inLanguage":"es","potentialAction":[{"@type":"CommentAction","name":"Comment","target":["https:\/\/expressometro.mx\/index.php\/2021\/05\/26\/llama-ana-muniz-a-votar-por-una-propuesta-con-futuro\/#respond"]}]},{"@type":"WebPage","@id":"https:\/\/expressometro.mx\/index.php\/2021\/05\/26\/llama-ana-muniz-a-votar-por-una-propuesta-con-futuro\/","url":"https:\/\/expressometro.mx\/index.php\/2021\/05\/26\/llama-ana-muniz-a-votar-por-una-propuesta-con-futuro\/","name":"LLAMA ANA MU\u00d1IZ A VOTAR POR UNA PROPUESTA CON FUTURO - Expresso Metropolitano","isPartOf":{"@id":"https:\/\/expressometro.mx\/#website"},"primaryImageOfPage":{"@id":"https:\/\/expressometro.mx\/index.php\/2021\/05\/26\/llama-ana-muniz-a-votar-por-una-propuesta-con-futuro\/#primaryimage"},"image":{"@id":"https:\/\/expressometro.mx\/index.php\/2021\/05\/26\/llama-ana-muniz-a-votar-por-una-propuesta-con-futuro\/#primaryimage"},"thumbnailUrl":"https:\/\/expressometro.mx\/wp-content\/uploads\/2021\/05\/WhatsApp-Image-2021-05-26-at-00.58.35.jpeg","datePublished":"2021-05-26T17:21:05+00:00","dateModified":"2021-05-26T17:21:06+00:00","breadcrumb":{"@id":"https:\/\/expressometro.mx\/index.php\/2021\/05\/26\/llama-ana-muniz-a-votar-por-una-propuesta-con-futuro\/#breadcrumb"},"inLanguage":"es","potentialAction":[{"@type":"ReadAction","target":["https:\/\/expressometro.mx\/index.php\/2021\/05\/26\/llama-ana-muniz-a-votar-por-una-propuesta-con-futuro\/"]}]},{"@type":"ImageObject","inLanguage":"es","@id":"https:\/\/expressometro.mx\/index.php\/2021\/05\/26\/llama-ana-muniz-a-votar-por-una-propuesta-con-futuro\/#primaryimage","url":"https:\/\/expressometro.mx\/wp-content\/uploads\/2021\/05\/WhatsApp-Image-2021-05-26-at-00.58.35.jpeg","contentUrl":"https:\/\/expressometro.mx\/wp-content\/uploads\/2021\/05\/WhatsApp-Image-2021-05-26-at-00.58.35.jpeg","width":1500,"height":1000},{"@type":"BreadcrumbList","@id":"https:\/\/expressometro.mx\/index.php\/2021\/05\/26\/llama-ana-muniz-a-votar-por-una-propuesta-con-futuro\/#breadcrumb","itemListElement":[{"@type":"ListItem","position":1,"name":"Inicio","item":"https:\/\/expressometro.mx\/"},{"@type":"ListItem","position":2,"name":"LLAMA ANA MU\u00d1IZ A VOTAR POR UNA PROPUESTA CON FUTURO"}]},{"@type":"WebSite","@id":"https:\/\/expressometro.mx\/#website","url":"https:\/\/expressometro.mx\/","name":"Expresso Metropolitano","description":"Periodismo comprometido, informaci\u00f3n, investigaci\u00f3n y an\u00e1lisis","publisher":{"@id":"https:\/\/expressometro.mx\/#organization"},"potentialAction":[{"@type":"SearchAction","target":{"@type":"EntryPoint","urlTemplate":"https:\/\/expressometro.mx\/?s={search_term_string}"},"query-input":{"@type":"PropertyValueSpecification","valueRequired":true,"valueName":"search_term_string"}}],"inLanguage":"es"},{"@type":"Organization","@id":"https:\/\/expressometro.mx\/#organization","name":"Expresso Metropolitano","url":"https:\/\/expressometro.mx\/","logo":{"@type":"ImageObject","inLanguage":"es","@id":"https:\/\/expressometro.mx\/#\/schema\/logo\/image\/","url":"https:\/\/expressometro.mx\/wp-content\/uploads\/2019\/07\/cropped-Logo-Expresso-Metropolitano-1-1.jpeg","contentUrl":"https:\/\/expressometro.mx\/wp-content\/uploads\/2019\/07\/cropped-Logo-Expresso-Metropolitano-1-1.jpeg","width":290,"height":73,"caption":"Expresso Metropolitano"},"image":{"@id":"https:\/\/expressometro.mx\/#\/schema\/logo\/image\/"}},{"@type":"Person","@id":"https:\/\/expressometro.mx\/#\/schema\/person\/67a95b8e3862085c7598f66237488f1f","name":"Cecilia Vega","image":{"@type":"ImageObject","inLanguage":"es","@id":"https:\/\/secure.gravatar.com\/avatar\/13aae9944ab2ee472a9e407c9487fdbd03b049abaa559af32fe5dbcf615c981b?s=96&d=mm&r=g","url":"https:\/\/secure.gravatar.com\/avatar\/13aae9944ab2ee472a9e407c9487fdbd03b049abaa559af32fe5dbcf615c981b?s=96&d=mm&r=g","contentUrl":"https:\/\/secure.gravatar.com\/avatar\/13aae9944ab2ee472a9e407c9487fdbd03b049abaa559af32fe5dbcf615c981b?s=96&d=mm&r=g","caption":"Cecilia Vega"},"url":"https:\/\/expressometro.mx\/index.php\/author\/cecilia-vega\/"}]}},"amp_enabled":true,"_links":{"self":[{"href":"https:\/\/expressometro.mx\/index.php\/wp-json\/wp\/v2\/posts\/2802","targetHints":{"allow":["GET"]}}],"collection":[{"href":"https:\/\/expressometro.mx\/index.php\/wp-json\/wp\/v2\/posts"}],"about":[{"href":"https:\/\/expressometro.mx\/index.php\/wp-json\/wp\/v2\/types\/post"}],"author":[{"embeddable":true,"href":"https:\/\/expressometro.mx\/index.php\/wp-json\/wp\/v2\/users\/2"}],"replies":[{"embeddable":true,"href":"https:\/\/expressometro.mx\/index.php\/wp-json\/wp\/v2\/comments?post=2802"}],"version-history":[{"count":1,"href":"https:\/\/expressometro.mx\/index.php\/wp-json\/wp\/v2\/posts\/2802\/revisions"}],"predecessor-version":[{"id":2809,"href":"https:\/\/expressometro.mx\/index.php\/wp-json\/wp\/v2\/posts\/2802\/revisions\/2809"}],"wp:featuredmedia":[{"embeddable":true,"href":"https:\/\/expressometro.mx\/index.php\/wp-json\/wp\/v2\/media\/2808"}],"wp:attachment":[{"href":"https:\/\/expressometro.mx\/index.php\/wp-json\/wp\/v2\/media?parent=2802"}],"wp:term":[{"taxonomy":"category","embeddable":true,"href":"https:\/\/expressometro.mx\/index.php\/wp-json\/wp\/v2\/categories?post=2802"},{"taxonomy":"post_tag","embeddable":true,"href":"https:\/\/expressometro.mx\/index.php\/wp-json\/wp\/v2\/tags?post=2802"}],"curies":[{"name":"wp","href":"https:\/\/api.w.org\/{rel}","templated":true}]}}