{"id":2754,"date":"2021-05-22T17:50:00","date_gmt":"2021-05-22T22:50:00","guid":{"rendered":"http:\/\/expressometro.mx\/?p=2754"},"modified":"2021-05-24T17:55:01","modified_gmt":"2021-05-24T22:55:01","slug":"suma-liderazgos-y-mas-simpatizantes-la-alianza-va-por-mexico-en-ixtlahuaca","status":"publish","type":"post","link":"https:\/\/expressometro.mx\/index.php\/2021\/05\/22\/suma-liderazgos-y-mas-simpatizantes-la-alianza-va-por-mexico-en-ixtlahuaca\/","title":{"rendered":"SUMA LIDERAZGOS Y M\u00c1S SIMPATIZANTES LA ALIANZA VA POR MEXICO EN IXTLAHUACA"},"content":{"rendered":"\n<p>Abuzeid Lozano Casta\u00f1eda prendi\u00f3 su campa\u00f1a electoral paso a paso en cada comunidad de Ixtlahuaca y hoy se sumaron a la alianza PAN PRI PRD cientos de simpatizantes encabezados por el lider de los Pueblos Ind\u00edgenas, Javier Mendoza.<\/p>\n\n\n\n<p>No les voy a fallar porque siempre estaremos del lado del pueblo en casa por casa con trato directo del gobierno para atender sus necesidades, les prometi\u00f3 el candidato de la alianza \u201cVa por el Estado de M\u00e9xico\u201d a la presidencia municipal de Ixtlahuaca.<\/p>\n\n\n\n<p>No me voy a rajar despu\u00e9s de haber caminado m\u00e1s de 15 a\u00f1os buscando ser candidato y ahora vamos a llegar al gobierno para enderezar el rumbo de nuestra comunidad, dijo emocionado el candidato.<\/p>\n\n\n\n<p>Acompa\u00f1ado por el candidato a Diputado federal Gustavo C\u00e1rdenas Monroy y Javier Mendoza, l\u00edder de los pueblos ind\u00edgenas y que antes pertenec\u00eda a Morena, se comprometi\u00f3 en la comunidad La Concepci\u00f3n de los Ba\u00f1os a mejorar las condiciones de salud, seguridad y educaci\u00f3n.<\/p>\n\n\n\n<p>\u201cVamos por mayor inversi\u00f3n para que se generen los empleos que necesitan los j\u00f3venes y la fuerza laboral que ha perdido su trabajo\u201d.<\/p>\n\n\n\n<p>\u201cVamos a apoyar a los productores del campo y defenderemos al sector desde la presidencia municipal porque los campesinos son lo m\u00e1s importante pues sin alimentos no hay nada\u201d, agreg\u00f3.<\/p>\n\n\n\n<p>Tambi\u00e9n se comprometi\u00f3 a impulsar una Megaplaza artesanal y textil para que se promueva la econom\u00eda de las familias que viven en esta zona.<\/p>\n\n\n\n<p>Ante las necesidades que escuch\u00f3 de la gente en el acto, les dijo a aquellos que la han fallado al pueblo que \u201cno nos vuelvan a enga\u00f1ar que no est\u00e1n cambiando las cosas est\u00e1n peor\u201d.<\/p>\n\n\n\n<p>Vayamos a buscar la unidad de las comunidades en torno a un proyecto que garantice la viabilidad del municipio y el Estado de M\u00e9xico, pidi\u00f3.<\/p>\n\n\n\n<figure class=\"wp-block-gallery columns-2 is-cropped wp-block-gallery-1 is-layout-flex wp-block-gallery-is-layout-flex\"><ul class=\"blocks-gallery-grid\"><li class=\"blocks-gallery-item\"><figure><img loading=\"lazy\" decoding=\"async\" width=\"640\" height=\"480\" src=\"http:\/\/expressometro.mx\/wp-content\/uploads\/2021\/05\/WhatsApp-Image-2021-05-22-at-16.56.46-640x480.jpeg\" alt=\"\" data-id=\"2757\" data-link=\"http:\/\/expressometro.mx\/?attachment_id=2757\" class=\"wp-image-2757\" srcset=\"https:\/\/expressometro.mx\/wp-content\/uploads\/2021\/05\/WhatsApp-Image-2021-05-22-at-16.56.46-640x480.jpeg 640w, https:\/\/expressometro.mx\/wp-content\/uploads\/2021\/05\/WhatsApp-Image-2021-05-22-at-16.56.46-487x365.jpeg 487w, https:\/\/expressometro.mx\/wp-content\/uploads\/2021\/05\/WhatsApp-Image-2021-05-22-at-16.56.46-768x576.jpeg 768w, https:\/\/expressometro.mx\/wp-content\/uploads\/2021\/05\/WhatsApp-Image-2021-05-22-at-16.56.46-1536x1152.jpeg 1536w, https:\/\/expressometro.mx\/wp-content\/uploads\/2021\/05\/WhatsApp-Image-2021-05-22-at-16.56.46.jpeg 1600w\" sizes=\"auto, (max-width: 640px) 100vw, 640px\" \/><\/figure><\/li><li class=\"blocks-gallery-item\"><figure><img loading=\"lazy\" decoding=\"async\" width=\"360\" height=\"480\" src=\"http:\/\/expressometro.mx\/wp-content\/uploads\/2021\/05\/WhatsApp-Image-2021-05-22-at-16.56.48-360x480.jpeg\" alt=\"\" data-id=\"2758\" data-full-url=\"http:\/\/expressometro.mx\/wp-content\/uploads\/2021\/05\/WhatsApp-Image-2021-05-22-at-16.56.48.jpeg\" data-link=\"http:\/\/expressometro.mx\/?attachment_id=2758\" class=\"wp-image-2758\" srcset=\"https:\/\/expressometro.mx\/wp-content\/uploads\/2021\/05\/WhatsApp-Image-2021-05-22-at-16.56.48-360x480.jpeg 360w, https:\/\/expressometro.mx\/wp-content\/uploads\/2021\/05\/WhatsApp-Image-2021-05-22-at-16.56.48-274x365.jpeg 274w, https:\/\/expressometro.mx\/wp-content\/uploads\/2021\/05\/WhatsApp-Image-2021-05-22-at-16.56.48-768x1024.jpeg 768w, https:\/\/expressometro.mx\/wp-content\/uploads\/2021\/05\/WhatsApp-Image-2021-05-22-at-16.56.48-1152x1536.jpeg 1152w, https:\/\/expressometro.mx\/wp-content\/uploads\/2021\/05\/WhatsApp-Image-2021-05-22-at-16.56.48.jpeg 1200w\" sizes=\"auto, (max-width: 360px) 100vw, 360px\" \/><\/figure><\/li><\/ul><\/figure>\n","protected":false},"excerpt":{"rendered":"<p>\u201cVamos a apoyar a los productores del campo y defenderemos al sector desde la presidencia municipal porque los campesinos son lo m\u00e1s importante pues sin alimentos no hay nada\u201d, agreg\u00f3.<\/p>\n","protected":false},"author":2,"featured_media":2756,"comment_status":"open","ping_status":"open","sticky":false,"template":"","format":"standard","meta":{"footnotes":""},"categories":[231],"tags":[425,424,393],"class_list":["post-2754","post","type-post","status-publish","format-standard","has-post-thumbnail","hentry","category-politica","tag-abuzeid-lozano","tag-ixtlahuaca","tag-va-por-el-estado-de-mexico"],"yoast_head":"<!-- This site is optimized with the Yoast SEO plugin v27.5 - https:\/\/yoast.com\/product\/yoast-seo-wordpress\/ -->\n<title>SUMA LIDERAZGOS Y M\u00c1S SIMPATIZANTES LA ALIANZA VA POR MEXICO EN IXTLAHUACA - Expresso Metropolitano<\/title>\n<meta name=\"robots\" content=\"index, follow, max-snippet:-1, max-image-preview:large, max-video-preview:-1\" \/>\n<link rel=\"canonical\" href=\"https:\/\/expressometro.mx\/index.php\/2021\/05\/22\/suma-liderazgos-y-mas-simpatizantes-la-alianza-va-por-mexico-en-ixtlahuaca\/\" \/>\n<meta property=\"og:locale\" content=\"es_MX\" \/>\n<meta property=\"og:type\" content=\"article\" \/>\n<meta property=\"og:title\" content=\"SUMA LIDERAZGOS Y M\u00c1S SIMPATIZANTES LA ALIANZA VA POR MEXICO EN IXTLAHUACA - Expresso Metropolitano\" \/>\n<meta property=\"og:description\" content=\"\u201cVamos a apoyar a los productores del campo y defenderemos al sector desde la presidencia municipal porque los campesinos son lo m\u00e1s importante pues sin alimentos no hay nada\u201d, agreg\u00f3.\" \/>\n<meta property=\"og:url\" content=\"https:\/\/expressometro.mx\/index.php\/2021\/05\/22\/suma-liderazgos-y-mas-simpatizantes-la-alianza-va-por-mexico-en-ixtlahuaca\/\" \/>\n<meta property=\"og:site_name\" content=\"Expresso Metropolitano\" \/>\n<meta property=\"article:published_time\" content=\"2021-05-22T22:50:00+00:00\" \/>\n<meta property=\"article:modified_time\" content=\"2021-05-24T22:55:01+00:00\" \/>\n<meta property=\"og:image\" content=\"https:\/\/expressometro.mx\/wp-content\/uploads\/2021\/05\/WhatsApp-Image-2021-05-22-at-16.55.49.jpeg\" \/>\n\t<meta property=\"og:image:width\" content=\"1599\" \/>\n\t<meta property=\"og:image:height\" content=\"1200\" \/>\n\t<meta property=\"og:image:type\" content=\"image\/jpeg\" \/>\n<meta name=\"author\" content=\"Cecilia Vega\" \/>\n<meta name=\"twitter:label1\" content=\"Escrito por\" \/>\n\t<meta name=\"twitter:data1\" content=\"Cecilia Vega\" \/>\n\t<meta name=\"twitter:label2\" content=\"Tiempo de lectura\" \/>\n\t<meta name=\"twitter:data2\" content=\"2 minutos\" \/>\n<script type=\"application\/ld+json\" class=\"yoast-schema-graph\">{\"@context\":\"https:\\\/\\\/schema.org\",\"@graph\":[{\"@type\":\"Article\",\"@id\":\"https:\\\/\\\/expressometro.mx\\\/index.php\\\/2021\\\/05\\\/22\\\/suma-liderazgos-y-mas-simpatizantes-la-alianza-va-por-mexico-en-ixtlahuaca\\\/#article\",\"isPartOf\":{\"@id\":\"https:\\\/\\\/expressometro.mx\\\/index.php\\\/2021\\\/05\\\/22\\\/suma-liderazgos-y-mas-simpatizantes-la-alianza-va-por-mexico-en-ixtlahuaca\\\/\"},\"author\":{\"name\":\"Cecilia Vega\",\"@id\":\"https:\\\/\\\/expressometro.mx\\\/#\\\/schema\\\/person\\\/67a95b8e3862085c7598f66237488f1f\"},\"headline\":\"SUMA LIDERAZGOS Y M\u00c1S SIMPATIZANTES LA ALIANZA VA POR MEXICO EN IXTLAHUACA\",\"datePublished\":\"2021-05-22T22:50:00+00:00\",\"dateModified\":\"2021-05-24T22:55:01+00:00\",\"mainEntityOfPage\":{\"@id\":\"https:\\\/\\\/expressometro.mx\\\/index.php\\\/2021\\\/05\\\/22\\\/suma-liderazgos-y-mas-simpatizantes-la-alianza-va-por-mexico-en-ixtlahuaca\\\/\"},\"wordCount\":332,\"commentCount\":0,\"publisher\":{\"@id\":\"https:\\\/\\\/expressometro.mx\\\/#organization\"},\"image\":{\"@id\":\"https:\\\/\\\/expressometro.mx\\\/index.php\\\/2021\\\/05\\\/22\\\/suma-liderazgos-y-mas-simpatizantes-la-alianza-va-por-mexico-en-ixtlahuaca\\\/#primaryimage\"},\"thumbnailUrl\":\"https:\\\/\\\/expressometro.mx\\\/wp-content\\\/uploads\\\/2021\\\/05\\\/WhatsApp-Image-2021-05-22-at-16.55.49.jpeg\",\"keywords\":[\"Abuzeid Lozano\",\"Ixtlahuaca\",\"Va por el Estado de M\u00e9xico\"],\"articleSection\":[\"Pol\u00edtica\"],\"inLanguage\":\"es\",\"potentialAction\":[{\"@type\":\"CommentAction\",\"name\":\"Comment\",\"target\":[\"https:\\\/\\\/expressometro.mx\\\/index.php\\\/2021\\\/05\\\/22\\\/suma-liderazgos-y-mas-simpatizantes-la-alianza-va-por-mexico-en-ixtlahuaca\\\/#respond\"]}]},{\"@type\":\"WebPage\",\"@id\":\"https:\\\/\\\/expressometro.mx\\\/index.php\\\/2021\\\/05\\\/22\\\/suma-liderazgos-y-mas-simpatizantes-la-alianza-va-por-mexico-en-ixtlahuaca\\\/\",\"url\":\"https:\\\/\\\/expressometro.mx\\\/index.php\\\/2021\\\/05\\\/22\\\/suma-liderazgos-y-mas-simpatizantes-la-alianza-va-por-mexico-en-ixtlahuaca\\\/\",\"name\":\"SUMA LIDERAZGOS Y M\u00c1S SIMPATIZANTES LA ALIANZA VA POR MEXICO EN IXTLAHUACA - Expresso Metropolitano\",\"isPartOf\":{\"@id\":\"https:\\\/\\\/expressometro.mx\\\/#website\"},\"primaryImageOfPage\":{\"@id\":\"https:\\\/\\\/expressometro.mx\\\/index.php\\\/2021\\\/05\\\/22\\\/suma-liderazgos-y-mas-simpatizantes-la-alianza-va-por-mexico-en-ixtlahuaca\\\/#primaryimage\"},\"image\":{\"@id\":\"https:\\\/\\\/expressometro.mx\\\/index.php\\\/2021\\\/05\\\/22\\\/suma-liderazgos-y-mas-simpatizantes-la-alianza-va-por-mexico-en-ixtlahuaca\\\/#primaryimage\"},\"thumbnailUrl\":\"https:\\\/\\\/expressometro.mx\\\/wp-content\\\/uploads\\\/2021\\\/05\\\/WhatsApp-Image-2021-05-22-at-16.55.49.jpeg\",\"datePublished\":\"2021-05-22T22:50:00+00:00\",\"dateModified\":\"2021-05-24T22:55:01+00:00\",\"breadcrumb\":{\"@id\":\"https:\\\/\\\/expressometro.mx\\\/index.php\\\/2021\\\/05\\\/22\\\/suma-liderazgos-y-mas-simpatizantes-la-alianza-va-por-mexico-en-ixtlahuaca\\\/#breadcrumb\"},\"inLanguage\":\"es\",\"potentialAction\":[{\"@type\":\"ReadAction\",\"target\":[\"https:\\\/\\\/expressometro.mx\\\/index.php\\\/2021\\\/05\\\/22\\\/suma-liderazgos-y-mas-simpatizantes-la-alianza-va-por-mexico-en-ixtlahuaca\\\/\"]}]},{\"@type\":\"ImageObject\",\"inLanguage\":\"es\",\"@id\":\"https:\\\/\\\/expressometro.mx\\\/index.php\\\/2021\\\/05\\\/22\\\/suma-liderazgos-y-mas-simpatizantes-la-alianza-va-por-mexico-en-ixtlahuaca\\\/#primaryimage\",\"url\":\"https:\\\/\\\/expressometro.mx\\\/wp-content\\\/uploads\\\/2021\\\/05\\\/WhatsApp-Image-2021-05-22-at-16.55.49.jpeg\",\"contentUrl\":\"https:\\\/\\\/expressometro.mx\\\/wp-content\\\/uploads\\\/2021\\\/05\\\/WhatsApp-Image-2021-05-22-at-16.55.49.jpeg\",\"width\":1599,\"height\":1200},{\"@type\":\"BreadcrumbList\",\"@id\":\"https:\\\/\\\/expressometro.mx\\\/index.php\\\/2021\\\/05\\\/22\\\/suma-liderazgos-y-mas-simpatizantes-la-alianza-va-por-mexico-en-ixtlahuaca\\\/#breadcrumb\",\"itemListElement\":[{\"@type\":\"ListItem\",\"position\":1,\"name\":\"Inicio\",\"item\":\"https:\\\/\\\/expressometro.mx\\\/\"},{\"@type\":\"ListItem\",\"position\":2,\"name\":\"SUMA LIDERAZGOS Y M\u00c1S SIMPATIZANTES LA ALIANZA VA POR MEXICO EN IXTLAHUACA\"}]},{\"@type\":\"WebSite\",\"@id\":\"https:\\\/\\\/expressometro.mx\\\/#website\",\"url\":\"https:\\\/\\\/expressometro.mx\\\/\",\"name\":\"Expresso Metropolitano\",\"description\":\"Periodismo comprometido, informaci\u00f3n, investigaci\u00f3n y an\u00e1lisis\",\"publisher\":{\"@id\":\"https:\\\/\\\/expressometro.mx\\\/#organization\"},\"potentialAction\":[{\"@type\":\"SearchAction\",\"target\":{\"@type\":\"EntryPoint\",\"urlTemplate\":\"https:\\\/\\\/expressometro.mx\\\/?s={search_term_string}\"},\"query-input\":{\"@type\":\"PropertyValueSpecification\",\"valueRequired\":true,\"valueName\":\"search_term_string\"}}],\"inLanguage\":\"es\"},{\"@type\":\"Organization\",\"@id\":\"https:\\\/\\\/expressometro.mx\\\/#organization\",\"name\":\"Expresso Metropolitano\",\"url\":\"https:\\\/\\\/expressometro.mx\\\/\",\"logo\":{\"@type\":\"ImageObject\",\"inLanguage\":\"es\",\"@id\":\"https:\\\/\\\/expressometro.mx\\\/#\\\/schema\\\/logo\\\/image\\\/\",\"url\":\"https:\\\/\\\/expressometro.mx\\\/wp-content\\\/uploads\\\/2019\\\/07\\\/cropped-Logo-Expresso-Metropolitano-1-1.jpeg\",\"contentUrl\":\"https:\\\/\\\/expressometro.mx\\\/wp-content\\\/uploads\\\/2019\\\/07\\\/cropped-Logo-Expresso-Metropolitano-1-1.jpeg\",\"width\":290,\"height\":73,\"caption\":\"Expresso Metropolitano\"},\"image\":{\"@id\":\"https:\\\/\\\/expressometro.mx\\\/#\\\/schema\\\/logo\\\/image\\\/\"}},{\"@type\":\"Person\",\"@id\":\"https:\\\/\\\/expressometro.mx\\\/#\\\/schema\\\/person\\\/67a95b8e3862085c7598f66237488f1f\",\"name\":\"Cecilia Vega\",\"image\":{\"@type\":\"ImageObject\",\"inLanguage\":\"es\",\"@id\":\"https:\\\/\\\/secure.gravatar.com\\\/avatar\\\/13aae9944ab2ee472a9e407c9487fdbd03b049abaa559af32fe5dbcf615c981b?s=96&d=mm&r=g\",\"url\":\"https:\\\/\\\/secure.gravatar.com\\\/avatar\\\/13aae9944ab2ee472a9e407c9487fdbd03b049abaa559af32fe5dbcf615c981b?s=96&d=mm&r=g\",\"contentUrl\":\"https:\\\/\\\/secure.gravatar.com\\\/avatar\\\/13aae9944ab2ee472a9e407c9487fdbd03b049abaa559af32fe5dbcf615c981b?s=96&d=mm&r=g\",\"caption\":\"Cecilia Vega\"},\"url\":\"https:\\\/\\\/expressometro.mx\\\/index.php\\\/author\\\/cecilia-vega\\\/\"}]}<\/script>\n<!-- \/ Yoast SEO plugin. -->","yoast_head_json":{"title":"SUMA LIDERAZGOS Y M\u00c1S SIMPATIZANTES LA ALIANZA VA POR MEXICO EN IXTLAHUACA - Expresso Metropolitano","robots":{"index":"index","follow":"follow","max-snippet":"max-snippet:-1","max-image-preview":"max-image-preview:large","max-video-preview":"max-video-preview:-1"},"canonical":"https:\/\/expressometro.mx\/index.php\/2021\/05\/22\/suma-liderazgos-y-mas-simpatizantes-la-alianza-va-por-mexico-en-ixtlahuaca\/","og_locale":"es_MX","og_type":"article","og_title":"SUMA LIDERAZGOS Y M\u00c1S SIMPATIZANTES LA ALIANZA VA POR MEXICO EN IXTLAHUACA - Expresso Metropolitano","og_description":"\u201cVamos a apoyar a los productores del campo y defenderemos al sector desde la presidencia municipal porque los campesinos son lo m\u00e1s importante pues sin alimentos no hay nada\u201d, agreg\u00f3.","og_url":"https:\/\/expressometro.mx\/index.php\/2021\/05\/22\/suma-liderazgos-y-mas-simpatizantes-la-alianza-va-por-mexico-en-ixtlahuaca\/","og_site_name":"Expresso Metropolitano","article_published_time":"2021-05-22T22:50:00+00:00","article_modified_time":"2021-05-24T22:55:01+00:00","og_image":[{"width":1599,"height":1200,"url":"https:\/\/expressometro.mx\/wp-content\/uploads\/2021\/05\/WhatsApp-Image-2021-05-22-at-16.55.49.jpeg","type":"image\/jpeg"}],"author":"Cecilia Vega","twitter_misc":{"Escrito por":"Cecilia Vega","Tiempo de lectura":"2 minutos"},"schema":{"@context":"https:\/\/schema.org","@graph":[{"@type":"Article","@id":"https:\/\/expressometro.mx\/index.php\/2021\/05\/22\/suma-liderazgos-y-mas-simpatizantes-la-alianza-va-por-mexico-en-ixtlahuaca\/#article","isPartOf":{"@id":"https:\/\/expressometro.mx\/index.php\/2021\/05\/22\/suma-liderazgos-y-mas-simpatizantes-la-alianza-va-por-mexico-en-ixtlahuaca\/"},"author":{"name":"Cecilia Vega","@id":"https:\/\/expressometro.mx\/#\/schema\/person\/67a95b8e3862085c7598f66237488f1f"},"headline":"SUMA LIDERAZGOS Y M\u00c1S SIMPATIZANTES LA ALIANZA VA POR MEXICO EN IXTLAHUACA","datePublished":"2021-05-22T22:50:00+00:00","dateModified":"2021-05-24T22:55:01+00:00","mainEntityOfPage":{"@id":"https:\/\/expressometro.mx\/index.php\/2021\/05\/22\/suma-liderazgos-y-mas-simpatizantes-la-alianza-va-por-mexico-en-ixtlahuaca\/"},"wordCount":332,"commentCount":0,"publisher":{"@id":"https:\/\/expressometro.mx\/#organization"},"image":{"@id":"https:\/\/expressometro.mx\/index.php\/2021\/05\/22\/suma-liderazgos-y-mas-simpatizantes-la-alianza-va-por-mexico-en-ixtlahuaca\/#primaryimage"},"thumbnailUrl":"https:\/\/expressometro.mx\/wp-content\/uploads\/2021\/05\/WhatsApp-Image-2021-05-22-at-16.55.49.jpeg","keywords":["Abuzeid Lozano","Ixtlahuaca","Va por el Estado de M\u00e9xico"],"articleSection":["Pol\u00edtica"],"inLanguage":"es","potentialAction":[{"@type":"CommentAction","name":"Comment","target":["https:\/\/expressometro.mx\/index.php\/2021\/05\/22\/suma-liderazgos-y-mas-simpatizantes-la-alianza-va-por-mexico-en-ixtlahuaca\/#respond"]}]},{"@type":"WebPage","@id":"https:\/\/expressometro.mx\/index.php\/2021\/05\/22\/suma-liderazgos-y-mas-simpatizantes-la-alianza-va-por-mexico-en-ixtlahuaca\/","url":"https:\/\/expressometro.mx\/index.php\/2021\/05\/22\/suma-liderazgos-y-mas-simpatizantes-la-alianza-va-por-mexico-en-ixtlahuaca\/","name":"SUMA LIDERAZGOS Y M\u00c1S SIMPATIZANTES LA ALIANZA VA POR MEXICO EN IXTLAHUACA - Expresso Metropolitano","isPartOf":{"@id":"https:\/\/expressometro.mx\/#website"},"primaryImageOfPage":{"@id":"https:\/\/expressometro.mx\/index.php\/2021\/05\/22\/suma-liderazgos-y-mas-simpatizantes-la-alianza-va-por-mexico-en-ixtlahuaca\/#primaryimage"},"image":{"@id":"https:\/\/expressometro.mx\/index.php\/2021\/05\/22\/suma-liderazgos-y-mas-simpatizantes-la-alianza-va-por-mexico-en-ixtlahuaca\/#primaryimage"},"thumbnailUrl":"https:\/\/expressometro.mx\/wp-content\/uploads\/2021\/05\/WhatsApp-Image-2021-05-22-at-16.55.49.jpeg","datePublished":"2021-05-22T22:50:00+00:00","dateModified":"2021-05-24T22:55:01+00:00","breadcrumb":{"@id":"https:\/\/expressometro.mx\/index.php\/2021\/05\/22\/suma-liderazgos-y-mas-simpatizantes-la-alianza-va-por-mexico-en-ixtlahuaca\/#breadcrumb"},"inLanguage":"es","potentialAction":[{"@type":"ReadAction","target":["https:\/\/expressometro.mx\/index.php\/2021\/05\/22\/suma-liderazgos-y-mas-simpatizantes-la-alianza-va-por-mexico-en-ixtlahuaca\/"]}]},{"@type":"ImageObject","inLanguage":"es","@id":"https:\/\/expressometro.mx\/index.php\/2021\/05\/22\/suma-liderazgos-y-mas-simpatizantes-la-alianza-va-por-mexico-en-ixtlahuaca\/#primaryimage","url":"https:\/\/expressometro.mx\/wp-content\/uploads\/2021\/05\/WhatsApp-Image-2021-05-22-at-16.55.49.jpeg","contentUrl":"https:\/\/expressometro.mx\/wp-content\/uploads\/2021\/05\/WhatsApp-Image-2021-05-22-at-16.55.49.jpeg","width":1599,"height":1200},{"@type":"BreadcrumbList","@id":"https:\/\/expressometro.mx\/index.php\/2021\/05\/22\/suma-liderazgos-y-mas-simpatizantes-la-alianza-va-por-mexico-en-ixtlahuaca\/#breadcrumb","itemListElement":[{"@type":"ListItem","position":1,"name":"Inicio","item":"https:\/\/expressometro.mx\/"},{"@type":"ListItem","position":2,"name":"SUMA LIDERAZGOS Y M\u00c1S SIMPATIZANTES LA ALIANZA VA POR MEXICO EN IXTLAHUACA"}]},{"@type":"WebSite","@id":"https:\/\/expressometro.mx\/#website","url":"https:\/\/expressometro.mx\/","name":"Expresso Metropolitano","description":"Periodismo comprometido, informaci\u00f3n, investigaci\u00f3n y an\u00e1lisis","publisher":{"@id":"https:\/\/expressometro.mx\/#organization"},"potentialAction":[{"@type":"SearchAction","target":{"@type":"EntryPoint","urlTemplate":"https:\/\/expressometro.mx\/?s={search_term_string}"},"query-input":{"@type":"PropertyValueSpecification","valueRequired":true,"valueName":"search_term_string"}}],"inLanguage":"es"},{"@type":"Organization","@id":"https:\/\/expressometro.mx\/#organization","name":"Expresso Metropolitano","url":"https:\/\/expressometro.mx\/","logo":{"@type":"ImageObject","inLanguage":"es","@id":"https:\/\/expressometro.mx\/#\/schema\/logo\/image\/","url":"https:\/\/expressometro.mx\/wp-content\/uploads\/2019\/07\/cropped-Logo-Expresso-Metropolitano-1-1.jpeg","contentUrl":"https:\/\/expressometro.mx\/wp-content\/uploads\/2019\/07\/cropped-Logo-Expresso-Metropolitano-1-1.jpeg","width":290,"height":73,"caption":"Expresso Metropolitano"},"image":{"@id":"https:\/\/expressometro.mx\/#\/schema\/logo\/image\/"}},{"@type":"Person","@id":"https:\/\/expressometro.mx\/#\/schema\/person\/67a95b8e3862085c7598f66237488f1f","name":"Cecilia Vega","image":{"@type":"ImageObject","inLanguage":"es","@id":"https:\/\/secure.gravatar.com\/avatar\/13aae9944ab2ee472a9e407c9487fdbd03b049abaa559af32fe5dbcf615c981b?s=96&d=mm&r=g","url":"https:\/\/secure.gravatar.com\/avatar\/13aae9944ab2ee472a9e407c9487fdbd03b049abaa559af32fe5dbcf615c981b?s=96&d=mm&r=g","contentUrl":"https:\/\/secure.gravatar.com\/avatar\/13aae9944ab2ee472a9e407c9487fdbd03b049abaa559af32fe5dbcf615c981b?s=96&d=mm&r=g","caption":"Cecilia Vega"},"url":"https:\/\/expressometro.mx\/index.php\/author\/cecilia-vega\/"}]}},"amp_enabled":true,"_links":{"self":[{"href":"https:\/\/expressometro.mx\/index.php\/wp-json\/wp\/v2\/posts\/2754","targetHints":{"allow":["GET"]}}],"collection":[{"href":"https:\/\/expressometro.mx\/index.php\/wp-json\/wp\/v2\/posts"}],"about":[{"href":"https:\/\/expressometro.mx\/index.php\/wp-json\/wp\/v2\/types\/post"}],"author":[{"embeddable":true,"href":"https:\/\/expressometro.mx\/index.php\/wp-json\/wp\/v2\/users\/2"}],"replies":[{"embeddable":true,"href":"https:\/\/expressometro.mx\/index.php\/wp-json\/wp\/v2\/comments?post=2754"}],"version-history":[{"count":1,"href":"https:\/\/expressometro.mx\/index.php\/wp-json\/wp\/v2\/posts\/2754\/revisions"}],"predecessor-version":[{"id":2759,"href":"https:\/\/expressometro.mx\/index.php\/wp-json\/wp\/v2\/posts\/2754\/revisions\/2759"}],"wp:featuredmedia":[{"embeddable":true,"href":"https:\/\/expressometro.mx\/index.php\/wp-json\/wp\/v2\/media\/2756"}],"wp:attachment":[{"href":"https:\/\/expressometro.mx\/index.php\/wp-json\/wp\/v2\/media?parent=2754"}],"wp:term":[{"taxonomy":"category","embeddable":true,"href":"https:\/\/expressometro.mx\/index.php\/wp-json\/wp\/v2\/categories?post=2754"},{"taxonomy":"post_tag","embeddable":true,"href":"https:\/\/expressometro.mx\/index.php\/wp-json\/wp\/v2\/tags?post=2754"}],"curies":[{"name":"wp","href":"https:\/\/api.w.org\/{rel}","templated":true}]}}