{"id":275,"date":"2019-08-28T22:22:36","date_gmt":"2019-08-29T03:22:36","guid":{"rendered":"http:\/\/expressometro.mx\/?p=275"},"modified":"2019-09-25T10:37:38","modified_gmt":"2019-09-25T15:37:38","slug":"enriqueceran-con-expertos-propuestas-del-pvem-para-el-manejo-de-residuos-solidos","status":"publish","type":"post","link":"https:\/\/expressometro.mx\/index.php\/2019\/08\/28\/enriqueceran-con-expertos-propuestas-del-pvem-para-el-manejo-de-residuos-solidos\/","title":{"rendered":"ENRIQUECER\u00c1N CON EXPERTOS PROPUESTAS DEL PVEM PARA EL MANEJO DE RESIDUOS S\u00d3LIDOS"},"content":{"rendered":"\n<p>Para enriquecer la propuesta del diputado Jos\u00e9 Alberto Couttolenc Buentello, coordinador parlamentario del PVEM, que busca aprovechar el poder calor\u00edfico de los residuos s\u00f3lidos urbanos y de manejo especial, as\u00ed como el biog\u00e1s de los rellenos sanitarios para la cogeneraci\u00f3n de energ\u00eda, las comisiones legislativas de Protecci\u00f3n Ambiental y Cambio Clim\u00e1tico y de Legislaci\u00f3n y Administraci\u00f3n Municipal invitar\u00e1n a expertos, acad\u00e9micos y funcionarios de la Secretar\u00eda de Medio Ambiente.<\/p>\n\n\n\n<p>Los legisladores reconocieron la bondad de la propuesta del diputado Couttolenc Buentello y coincidieron en que se debe examinar m\u00e1s a detalle su viabilidad econ\u00f3mica y tecnol\u00f3gica, la situaci\u00f3n actual de los rellenos sanitarios municipales y la participaci\u00f3n del gobierno estatal y de la iniciativa privada, adem\u00e1s de mejorar la transparencia en el uso de los recursos en materia ambiental.<\/p>\n\n\n\n<p>En sesi\u00f3n de trabajo de las comisiones unidas, los diputados Mar\u00eda de Lourdes Garay Casillas, del PES; M\u00f3nica Ang\u00e9lica \u00c1lvarez Nemer, Mar\u00eda Elizabeth Mill\u00e1n Garc\u00eda y Margarito Gonz\u00e1lez Morales, de morena; Maribel Mart\u00ednez Altamirano, del PRI; Ingrid Krasopani Schemelensky Castro y Brenda Escamilla S\u00e1mano, del PAN, y Juan Carlos Soto Ibarra retroalimentaron la propuesta que Couttolenc Buentello present\u00f3 en nombre de su grupo parlamentario.<\/p>\n\n\n\n<p>Como presidenta de la Comisi\u00f3n de Protecci\u00f3n Ambiental y Cambio Clim\u00e1tico, la legisladora Garay Casillas sugiri\u00f3 que se aproveche la tecnolog\u00eda para la generaci\u00f3n de energ\u00edas limpias en general y no solo la del biog\u00e1s, por lo que habr\u00eda que incluir el aprovechamiento de combustible, electricidad y composta, con lo cual se tendr\u00e1 una visi\u00f3n m\u00e1s integral de un proyecto que permita inversiones a mediano y largo plazo.<\/p>\n\n\n\n<p>Indic\u00f3 que para el an\u00e1lisis de la iniciativa se invitar\u00e1 a expertos de la UNAM que actualmente trabajan en un proyecto internacional para elaborar un diagn\u00f3stico en la zona metropolitana del Valle de M\u00e9xico sobre el manejo de residuos s\u00f3lidos, adem\u00e1s de que promover\u00e1 con sus compa\u00f1eros de comisiones la visita a los rellenos sanitarios a fin de conocer de primera mano los procesos que se llevan a cabo y entender mejor la problem\u00e1tica.<\/p>\n\n\n\n<p>La iniciativa para reformar art\u00edculos de las leyes de Cambio Clim\u00e1tico y Org\u00e1nica Municipal, as\u00ed como del C\u00f3digo para la Biodiversidad del Estado de M\u00e9xico, busca replantear el manejo de los residuos s\u00f3lidos urbanos con una perspectiva que brinde una soluci\u00f3n de forma y fondo, partiendo de una educaci\u00f3n ambiental b\u00e1sica para la toma de decisiones, desde la generaci\u00f3n de conciencia en los ciudadanos, el desarrollo de aptitudes y la adopci\u00f3n de pr\u00e1cticas que favorezcan un cambio en el comportamiento pro ambiental.<\/p>\n\n\n\n<p>Las comisiones analizaron tambi\u00e9n otra iniciativa de los diputados del PVEM, \u00e9sta para que los municipios tengan a su cargo la limpia, recolecci\u00f3n, separaci\u00f3n y disposici\u00f3n final de residuos conforme a la clasificaci\u00f3n de org\u00e1nicos, vidrio, papel y cart\u00f3n, metales, pl\u00e1sticos y de manejo especial.<\/p>\n\n\n\n<p>La propuesta del legislador Couttolenc Buentello y su compa\u00f1era Mar\u00eda Luisa Mendoza Mondrag\u00f3n pretende reformar la fracci\u00f3n III el art\u00edculo 125 de la Ley Org\u00e1nica Municipal del Estado de M\u00e9xico, a fin de que esta clasificaci\u00f3n en la separaci\u00f3n de los residuos sea enunciativa y no limitativa.<\/p>\n\n\n\n<p>Los legisladores coincidieron en que es necesario contar con la opini\u00f3n de especialistas y representantes de la Secretar\u00eda de Medio Ambiente y Recursos Naturales, de la Secretar\u00eda del Medio Ambiente estatal y de los municipios.<\/p>\n\n\n\n<p>Entre otras observaciones de los legisladores a la iniciativa se encuentran la necesidad de dotar a los municipios de las capacidades t\u00e9cnicas, financieras, de infraestructura y de mobiliario para llevarla a cabo; etiquetar un presupuesto especial para que los ayuntamientos gestionen los residuos de manera eficiente; generar pol\u00edticas p\u00fablicas de inclusi\u00f3n con la sociedad, empresarios y acad\u00e9micos; trabajar en la concientizaci\u00f3n de la poblaci\u00f3n sobre la separaci\u00f3n de residuos desde su fuente, e implementar programas de educaci\u00f3n ambiental.<\/p>\n","protected":false},"excerpt":{"rendered":"<p>Para enriquecer la propuesta del diputado Jos\u00e9 Alberto Couttolenc Buentello, coordinador parlamentario del PVEM, que busca aprovechar el poder calor\u00edfico de los residuos s\u00f3lidos urbanos y de manejo especial, as\u00ed como el biog\u00e1s de los rellenos sanitarios para la cogeneraci\u00f3n de energ\u00eda, las comisiones legislativas de Protecci\u00f3n Ambiental y Cambio Clim\u00e1tico y de Legislaci\u00f3n y Administraci\u00f3n Municipal invitar\u00e1n a expertos, acad\u00e9micos y funcionarios de la Secretar\u00eda de Medio Ambiente. Los legisladores reconocieron la bondad de la propuesta del diputado Couttolenc Buentello y coincidieron en que se debe examinar m\u00e1s a&hellip;<\/p>\n","protected":false},"author":1,"featured_media":0,"comment_status":"open","ping_status":"open","sticky":false,"template":"","format":"standard","meta":{"footnotes":""},"categories":[8],"tags":[],"class_list":["post-275","post","type-post","status-publish","format-standard","hentry","category-medio-ambiente"],"yoast_head":"<!-- This site is optimized with the Yoast SEO plugin v27.5 - https:\/\/yoast.com\/product\/yoast-seo-wordpress\/ -->\n<title>ENRIQUECER\u00c1N CON EXPERTOS PROPUESTAS DEL PVEM PARA EL MANEJO DE RESIDUOS S\u00d3LIDOS - Expresso Metropolitano<\/title>\n<meta name=\"robots\" content=\"index, follow, max-snippet:-1, max-image-preview:large, max-video-preview:-1\" \/>\n<link rel=\"canonical\" href=\"https:\/\/expressometro.mx\/index.php\/2019\/08\/28\/enriqueceran-con-expertos-propuestas-del-pvem-para-el-manejo-de-residuos-solidos\/\" \/>\n<meta property=\"og:locale\" content=\"es_MX\" \/>\n<meta property=\"og:type\" content=\"article\" \/>\n<meta property=\"og:title\" content=\"ENRIQUECER\u00c1N CON EXPERTOS PROPUESTAS DEL PVEM PARA EL MANEJO DE RESIDUOS S\u00d3LIDOS - Expresso Metropolitano\" \/>\n<meta property=\"og:description\" content=\"Para enriquecer la propuesta del diputado Jos\u00e9 Alberto Couttolenc Buentello, coordinador parlamentario del PVEM, que busca aprovechar el poder calor\u00edfico de los residuos s\u00f3lidos urbanos y de manejo especial, as\u00ed como el biog\u00e1s de los rellenos sanitarios para la cogeneraci\u00f3n de energ\u00eda, las comisiones legislativas de Protecci\u00f3n Ambiental y Cambio Clim\u00e1tico y de Legislaci\u00f3n y Administraci\u00f3n Municipal invitar\u00e1n a expertos, acad\u00e9micos y funcionarios de la Secretar\u00eda de Medio Ambiente. Los legisladores reconocieron la bondad de la propuesta del diputado Couttolenc Buentello y coincidieron en que se debe examinar m\u00e1s a&hellip;\" \/>\n<meta property=\"og:url\" content=\"https:\/\/expressometro.mx\/index.php\/2019\/08\/28\/enriqueceran-con-expertos-propuestas-del-pvem-para-el-manejo-de-residuos-solidos\/\" \/>\n<meta property=\"og:site_name\" content=\"Expresso Metropolitano\" \/>\n<meta property=\"article:published_time\" content=\"2019-08-29T03:22:36+00:00\" \/>\n<meta property=\"article:modified_time\" content=\"2019-09-25T15:37:38+00:00\" \/>\n<meta property=\"og:image\" content=\"https:\/\/expressometro.mx\/wp-content\/uploads\/2019\/08\/1106b.jpg\" \/>\n\t<meta property=\"og:image:width\" content=\"200\" \/>\n\t<meta property=\"og:image:height\" content=\"134\" \/>\n\t<meta property=\"og:image:type\" content=\"image\/jpeg\" \/>\n<meta name=\"author\" content=\"Expresso Metropolitano\" \/>\n<meta name=\"twitter:label1\" content=\"Escrito por\" \/>\n\t<meta name=\"twitter:data1\" content=\"Expresso Metropolitano\" \/>\n\t<meta name=\"twitter:label2\" content=\"Tiempo de lectura\" \/>\n\t<meta name=\"twitter:data2\" content=\"4 minutos\" \/>\n<script type=\"application\/ld+json\" class=\"yoast-schema-graph\">{\"@context\":\"https:\\\/\\\/schema.org\",\"@graph\":[{\"@type\":\"Article\",\"@id\":\"https:\\\/\\\/expressometro.mx\\\/index.php\\\/2019\\\/08\\\/28\\\/enriqueceran-con-expertos-propuestas-del-pvem-para-el-manejo-de-residuos-solidos\\\/#article\",\"isPartOf\":{\"@id\":\"https:\\\/\\\/expressometro.mx\\\/index.php\\\/2019\\\/08\\\/28\\\/enriqueceran-con-expertos-propuestas-del-pvem-para-el-manejo-de-residuos-solidos\\\/\"},\"author\":{\"name\":\"Expresso Metropolitano\",\"@id\":\"https:\\\/\\\/expressometro.mx\\\/#\\\/schema\\\/person\\\/efa971b4a0664db8ed5c22b1b0dd2f5d\"},\"headline\":\"ENRIQUECER\u00c1N CON EXPERTOS PROPUESTAS DEL PVEM PARA EL MANEJO DE RESIDUOS S\u00d3LIDOS\",\"datePublished\":\"2019-08-29T03:22:36+00:00\",\"dateModified\":\"2019-09-25T15:37:38+00:00\",\"mainEntityOfPage\":{\"@id\":\"https:\\\/\\\/expressometro.mx\\\/index.php\\\/2019\\\/08\\\/28\\\/enriqueceran-con-expertos-propuestas-del-pvem-para-el-manejo-de-residuos-solidos\\\/\"},\"wordCount\":721,\"commentCount\":0,\"publisher\":{\"@id\":\"https:\\\/\\\/expressometro.mx\\\/#organization\"},\"articleSection\":[\"Medio ambiente\"],\"inLanguage\":\"es\",\"potentialAction\":[{\"@type\":\"CommentAction\",\"name\":\"Comment\",\"target\":[\"https:\\\/\\\/expressometro.mx\\\/index.php\\\/2019\\\/08\\\/28\\\/enriqueceran-con-expertos-propuestas-del-pvem-para-el-manejo-de-residuos-solidos\\\/#respond\"]}]},{\"@type\":\"WebPage\",\"@id\":\"https:\\\/\\\/expressometro.mx\\\/index.php\\\/2019\\\/08\\\/28\\\/enriqueceran-con-expertos-propuestas-del-pvem-para-el-manejo-de-residuos-solidos\\\/\",\"url\":\"https:\\\/\\\/expressometro.mx\\\/index.php\\\/2019\\\/08\\\/28\\\/enriqueceran-con-expertos-propuestas-del-pvem-para-el-manejo-de-residuos-solidos\\\/\",\"name\":\"ENRIQUECER\u00c1N CON EXPERTOS PROPUESTAS DEL PVEM PARA EL MANEJO DE RESIDUOS S\u00d3LIDOS - Expresso Metropolitano\",\"isPartOf\":{\"@id\":\"https:\\\/\\\/expressometro.mx\\\/#website\"},\"datePublished\":\"2019-08-29T03:22:36+00:00\",\"dateModified\":\"2019-09-25T15:37:38+00:00\",\"breadcrumb\":{\"@id\":\"https:\\\/\\\/expressometro.mx\\\/index.php\\\/2019\\\/08\\\/28\\\/enriqueceran-con-expertos-propuestas-del-pvem-para-el-manejo-de-residuos-solidos\\\/#breadcrumb\"},\"inLanguage\":\"es\",\"potentialAction\":[{\"@type\":\"ReadAction\",\"target\":[\"https:\\\/\\\/expressometro.mx\\\/index.php\\\/2019\\\/08\\\/28\\\/enriqueceran-con-expertos-propuestas-del-pvem-para-el-manejo-de-residuos-solidos\\\/\"]}]},{\"@type\":\"BreadcrumbList\",\"@id\":\"https:\\\/\\\/expressometro.mx\\\/index.php\\\/2019\\\/08\\\/28\\\/enriqueceran-con-expertos-propuestas-del-pvem-para-el-manejo-de-residuos-solidos\\\/#breadcrumb\",\"itemListElement\":[{\"@type\":\"ListItem\",\"position\":1,\"name\":\"Inicio\",\"item\":\"https:\\\/\\\/expressometro.mx\\\/\"},{\"@type\":\"ListItem\",\"position\":2,\"name\":\"ENRIQUECER\u00c1N CON EXPERTOS PROPUESTAS DEL PVEM PARA EL MANEJO DE RESIDUOS S\u00d3LIDOS\"}]},{\"@type\":\"WebSite\",\"@id\":\"https:\\\/\\\/expressometro.mx\\\/#website\",\"url\":\"https:\\\/\\\/expressometro.mx\\\/\",\"name\":\"Expresso Metropolitano\",\"description\":\"Periodismo comprometido, informaci\u00f3n, investigaci\u00f3n y an\u00e1lisis\",\"publisher\":{\"@id\":\"https:\\\/\\\/expressometro.mx\\\/#organization\"},\"potentialAction\":[{\"@type\":\"SearchAction\",\"target\":{\"@type\":\"EntryPoint\",\"urlTemplate\":\"https:\\\/\\\/expressometro.mx\\\/?s={search_term_string}\"},\"query-input\":{\"@type\":\"PropertyValueSpecification\",\"valueRequired\":true,\"valueName\":\"search_term_string\"}}],\"inLanguage\":\"es\"},{\"@type\":\"Organization\",\"@id\":\"https:\\\/\\\/expressometro.mx\\\/#organization\",\"name\":\"Expresso Metropolitano\",\"url\":\"https:\\\/\\\/expressometro.mx\\\/\",\"logo\":{\"@type\":\"ImageObject\",\"inLanguage\":\"es\",\"@id\":\"https:\\\/\\\/expressometro.mx\\\/#\\\/schema\\\/logo\\\/image\\\/\",\"url\":\"https:\\\/\\\/expressometro.mx\\\/wp-content\\\/uploads\\\/2019\\\/07\\\/cropped-Logo-Expresso-Metropolitano-1-1.jpeg\",\"contentUrl\":\"https:\\\/\\\/expressometro.mx\\\/wp-content\\\/uploads\\\/2019\\\/07\\\/cropped-Logo-Expresso-Metropolitano-1-1.jpeg\",\"width\":290,\"height\":73,\"caption\":\"Expresso Metropolitano\"},\"image\":{\"@id\":\"https:\\\/\\\/expressometro.mx\\\/#\\\/schema\\\/logo\\\/image\\\/\"}},{\"@type\":\"Person\",\"@id\":\"https:\\\/\\\/expressometro.mx\\\/#\\\/schema\\\/person\\\/efa971b4a0664db8ed5c22b1b0dd2f5d\",\"name\":\"Expresso Metropolitano\",\"image\":{\"@type\":\"ImageObject\",\"inLanguage\":\"es\",\"@id\":\"https:\\\/\\\/secure.gravatar.com\\\/avatar\\\/a89f802b8de18c6952f223c88d3d106e9e3679839f4e25a02f4a6cc2ae6ba3b3?s=96&d=mm&r=g\",\"url\":\"https:\\\/\\\/secure.gravatar.com\\\/avatar\\\/a89f802b8de18c6952f223c88d3d106e9e3679839f4e25a02f4a6cc2ae6ba3b3?s=96&d=mm&r=g\",\"contentUrl\":\"https:\\\/\\\/secure.gravatar.com\\\/avatar\\\/a89f802b8de18c6952f223c88d3d106e9e3679839f4e25a02f4a6cc2ae6ba3b3?s=96&d=mm&r=g\",\"caption\":\"Expresso Metropolitano\"},\"url\":\"https:\\\/\\\/expressometro.mx\\\/index.php\\\/author\\\/diego\\\/\"}]}<\/script>\n<!-- \/ Yoast SEO plugin. -->","yoast_head_json":{"title":"ENRIQUECER\u00c1N CON EXPERTOS PROPUESTAS DEL PVEM PARA EL MANEJO DE RESIDUOS S\u00d3LIDOS - Expresso Metropolitano","robots":{"index":"index","follow":"follow","max-snippet":"max-snippet:-1","max-image-preview":"max-image-preview:large","max-video-preview":"max-video-preview:-1"},"canonical":"https:\/\/expressometro.mx\/index.php\/2019\/08\/28\/enriqueceran-con-expertos-propuestas-del-pvem-para-el-manejo-de-residuos-solidos\/","og_locale":"es_MX","og_type":"article","og_title":"ENRIQUECER\u00c1N CON EXPERTOS PROPUESTAS DEL PVEM PARA EL MANEJO DE RESIDUOS S\u00d3LIDOS - Expresso Metropolitano","og_description":"Para enriquecer la propuesta del diputado Jos\u00e9 Alberto Couttolenc Buentello, coordinador parlamentario del PVEM, que busca aprovechar el poder calor\u00edfico de los residuos s\u00f3lidos urbanos y de manejo especial, as\u00ed como el biog\u00e1s de los rellenos sanitarios para la cogeneraci\u00f3n de energ\u00eda, las comisiones legislativas de Protecci\u00f3n Ambiental y Cambio Clim\u00e1tico y de Legislaci\u00f3n y Administraci\u00f3n Municipal invitar\u00e1n a expertos, acad\u00e9micos y funcionarios de la Secretar\u00eda de Medio Ambiente. Los legisladores reconocieron la bondad de la propuesta del diputado Couttolenc Buentello y coincidieron en que se debe examinar m\u00e1s a&hellip;","og_url":"https:\/\/expressometro.mx\/index.php\/2019\/08\/28\/enriqueceran-con-expertos-propuestas-del-pvem-para-el-manejo-de-residuos-solidos\/","og_site_name":"Expresso Metropolitano","article_published_time":"2019-08-29T03:22:36+00:00","article_modified_time":"2019-09-25T15:37:38+00:00","og_image":[{"width":200,"height":134,"url":"https:\/\/expressometro.mx\/wp-content\/uploads\/2019\/08\/1106b.jpg","type":"image\/jpeg"}],"author":"Expresso Metropolitano","twitter_misc":{"Escrito por":"Expresso Metropolitano","Tiempo de lectura":"4 minutos"},"schema":{"@context":"https:\/\/schema.org","@graph":[{"@type":"Article","@id":"https:\/\/expressometro.mx\/index.php\/2019\/08\/28\/enriqueceran-con-expertos-propuestas-del-pvem-para-el-manejo-de-residuos-solidos\/#article","isPartOf":{"@id":"https:\/\/expressometro.mx\/index.php\/2019\/08\/28\/enriqueceran-con-expertos-propuestas-del-pvem-para-el-manejo-de-residuos-solidos\/"},"author":{"name":"Expresso Metropolitano","@id":"https:\/\/expressometro.mx\/#\/schema\/person\/efa971b4a0664db8ed5c22b1b0dd2f5d"},"headline":"ENRIQUECER\u00c1N CON EXPERTOS PROPUESTAS DEL PVEM PARA EL MANEJO DE RESIDUOS S\u00d3LIDOS","datePublished":"2019-08-29T03:22:36+00:00","dateModified":"2019-09-25T15:37:38+00:00","mainEntityOfPage":{"@id":"https:\/\/expressometro.mx\/index.php\/2019\/08\/28\/enriqueceran-con-expertos-propuestas-del-pvem-para-el-manejo-de-residuos-solidos\/"},"wordCount":721,"commentCount":0,"publisher":{"@id":"https:\/\/expressometro.mx\/#organization"},"articleSection":["Medio ambiente"],"inLanguage":"es","potentialAction":[{"@type":"CommentAction","name":"Comment","target":["https:\/\/expressometro.mx\/index.php\/2019\/08\/28\/enriqueceran-con-expertos-propuestas-del-pvem-para-el-manejo-de-residuos-solidos\/#respond"]}]},{"@type":"WebPage","@id":"https:\/\/expressometro.mx\/index.php\/2019\/08\/28\/enriqueceran-con-expertos-propuestas-del-pvem-para-el-manejo-de-residuos-solidos\/","url":"https:\/\/expressometro.mx\/index.php\/2019\/08\/28\/enriqueceran-con-expertos-propuestas-del-pvem-para-el-manejo-de-residuos-solidos\/","name":"ENRIQUECER\u00c1N CON EXPERTOS PROPUESTAS DEL PVEM PARA EL MANEJO DE RESIDUOS S\u00d3LIDOS - Expresso Metropolitano","isPartOf":{"@id":"https:\/\/expressometro.mx\/#website"},"datePublished":"2019-08-29T03:22:36+00:00","dateModified":"2019-09-25T15:37:38+00:00","breadcrumb":{"@id":"https:\/\/expressometro.mx\/index.php\/2019\/08\/28\/enriqueceran-con-expertos-propuestas-del-pvem-para-el-manejo-de-residuos-solidos\/#breadcrumb"},"inLanguage":"es","potentialAction":[{"@type":"ReadAction","target":["https:\/\/expressometro.mx\/index.php\/2019\/08\/28\/enriqueceran-con-expertos-propuestas-del-pvem-para-el-manejo-de-residuos-solidos\/"]}]},{"@type":"BreadcrumbList","@id":"https:\/\/expressometro.mx\/index.php\/2019\/08\/28\/enriqueceran-con-expertos-propuestas-del-pvem-para-el-manejo-de-residuos-solidos\/#breadcrumb","itemListElement":[{"@type":"ListItem","position":1,"name":"Inicio","item":"https:\/\/expressometro.mx\/"},{"@type":"ListItem","position":2,"name":"ENRIQUECER\u00c1N CON EXPERTOS PROPUESTAS DEL PVEM PARA EL MANEJO DE RESIDUOS S\u00d3LIDOS"}]},{"@type":"WebSite","@id":"https:\/\/expressometro.mx\/#website","url":"https:\/\/expressometro.mx\/","name":"Expresso Metropolitano","description":"Periodismo comprometido, informaci\u00f3n, investigaci\u00f3n y an\u00e1lisis","publisher":{"@id":"https:\/\/expressometro.mx\/#organization"},"potentialAction":[{"@type":"SearchAction","target":{"@type":"EntryPoint","urlTemplate":"https:\/\/expressometro.mx\/?s={search_term_string}"},"query-input":{"@type":"PropertyValueSpecification","valueRequired":true,"valueName":"search_term_string"}}],"inLanguage":"es"},{"@type":"Organization","@id":"https:\/\/expressometro.mx\/#organization","name":"Expresso Metropolitano","url":"https:\/\/expressometro.mx\/","logo":{"@type":"ImageObject","inLanguage":"es","@id":"https:\/\/expressometro.mx\/#\/schema\/logo\/image\/","url":"https:\/\/expressometro.mx\/wp-content\/uploads\/2019\/07\/cropped-Logo-Expresso-Metropolitano-1-1.jpeg","contentUrl":"https:\/\/expressometro.mx\/wp-content\/uploads\/2019\/07\/cropped-Logo-Expresso-Metropolitano-1-1.jpeg","width":290,"height":73,"caption":"Expresso Metropolitano"},"image":{"@id":"https:\/\/expressometro.mx\/#\/schema\/logo\/image\/"}},{"@type":"Person","@id":"https:\/\/expressometro.mx\/#\/schema\/person\/efa971b4a0664db8ed5c22b1b0dd2f5d","name":"Expresso Metropolitano","image":{"@type":"ImageObject","inLanguage":"es","@id":"https:\/\/secure.gravatar.com\/avatar\/a89f802b8de18c6952f223c88d3d106e9e3679839f4e25a02f4a6cc2ae6ba3b3?s=96&d=mm&r=g","url":"https:\/\/secure.gravatar.com\/avatar\/a89f802b8de18c6952f223c88d3d106e9e3679839f4e25a02f4a6cc2ae6ba3b3?s=96&d=mm&r=g","contentUrl":"https:\/\/secure.gravatar.com\/avatar\/a89f802b8de18c6952f223c88d3d106e9e3679839f4e25a02f4a6cc2ae6ba3b3?s=96&d=mm&r=g","caption":"Expresso Metropolitano"},"url":"https:\/\/expressometro.mx\/index.php\/author\/diego\/"}]}},"amp_enabled":true,"_links":{"self":[{"href":"https:\/\/expressometro.mx\/index.php\/wp-json\/wp\/v2\/posts\/275","targetHints":{"allow":["GET"]}}],"collection":[{"href":"https:\/\/expressometro.mx\/index.php\/wp-json\/wp\/v2\/posts"}],"about":[{"href":"https:\/\/expressometro.mx\/index.php\/wp-json\/wp\/v2\/types\/post"}],"author":[{"embeddable":true,"href":"https:\/\/expressometro.mx\/index.php\/wp-json\/wp\/v2\/users\/1"}],"replies":[{"embeddable":true,"href":"https:\/\/expressometro.mx\/index.php\/wp-json\/wp\/v2\/comments?post=275"}],"version-history":[{"count":1,"href":"https:\/\/expressometro.mx\/index.php\/wp-json\/wp\/v2\/posts\/275\/revisions"}],"predecessor-version":[{"id":277,"href":"https:\/\/expressometro.mx\/index.php\/wp-json\/wp\/v2\/posts\/275\/revisions\/277"}],"wp:attachment":[{"href":"https:\/\/expressometro.mx\/index.php\/wp-json\/wp\/v2\/media?parent=275"}],"wp:term":[{"taxonomy":"category","embeddable":true,"href":"https:\/\/expressometro.mx\/index.php\/wp-json\/wp\/v2\/categories?post=275"},{"taxonomy":"post_tag","embeddable":true,"href":"https:\/\/expressometro.mx\/index.php\/wp-json\/wp\/v2\/tags?post=275"}],"curies":[{"name":"wp","href":"https:\/\/api.w.org\/{rel}","templated":true}]}}