{"id":272,"date":"2019-08-28T22:20:01","date_gmt":"2019-08-29T03:20:01","guid":{"rendered":"http:\/\/expressometro.mx\/?p=272"},"modified":"2019-09-25T10:37:42","modified_gmt":"2019-09-25T15:37:42","slug":"trabajo-conjunto-fortalecera-el-desarrollo-empresarial-y-social-maurilio-hernandez","status":"publish","type":"post","link":"https:\/\/expressometro.mx\/index.php\/2019\/08\/28\/trabajo-conjunto-fortalecera-el-desarrollo-empresarial-y-social-maurilio-hernandez\/","title":{"rendered":"TRABAJO CONJUNTO FORTALECER\u00c1 EL DESARROLLO EMPRESARIAL Y SOCIAL: MAURILIO HERN\u00c1NDEZ"},"content":{"rendered":"\n<p>Diputados de la 60 Legislatura, encabezados por el presidente de la Junta de Coordinaci\u00f3n Pol\u00edtica (Jucopo), el legislador Maurilio Hern\u00e1ndez Gonz\u00e1lez (morena), fueron testigos de la firma de un convenio entre el ayuntamiento de Tlalnepantla y la Secretar\u00eda de Desarrollo Econ\u00f3mico (Sedeco) para fomentar la inversi\u00f3n y favorecer el desarrollo empresarial.<\/p>\n\n\n\n<p>&#8220;Solo a trav\u00e9s de esfuerzos conjuntos podremos fortalecer el desarrollo empresarial y social del Estado de M\u00e9xico&#8221;, destac\u00f3 el tambi\u00e9n coordinador del Grupo Parlamentario de morena sobre el acuerdo signado por el alcalde Raciel P\u00e9rez Cruz y el secretario Enrique Jacob Rocha.<\/p>\n\n\n\n<p>Al evento tambi\u00e9n asistieron los diputados Tanech S\u00e1nchez \u00c1ngeles, Dionicio Jorge Garc\u00eda S\u00e1nchez, Max Correa Hern\u00e1ndez, Mario Gabriel Guti\u00e9rrez Cure\u00f1o, de morena, y Brenda Escamilla S\u00e1mano, del PAN.<\/p>\n","protected":false},"excerpt":{"rendered":"<p>Diputados de la 60 Legislatura, encabezados por el presidente de la Junta de Coordinaci\u00f3n Pol\u00edtica (Jucopo), el legislador Maurilio Hern\u00e1ndez Gonz\u00e1lez (morena), fueron testigos de la firma de un convenio entre el ayuntamiento de Tlalnepantla y la Secretar\u00eda de Desarrollo Econ\u00f3mico (Sedeco) para fomentar la inversi\u00f3n y favorecer el desarrollo empresarial. &#8220;Solo a trav\u00e9s de esfuerzos conjuntos podremos fortalecer el desarrollo empresarial y social del Estado de M\u00e9xico&#8221;, destac\u00f3 el tambi\u00e9n coordinador del Grupo Parlamentario de morena sobre el acuerdo signado por el alcalde Raciel P\u00e9rez Cruz y el secretario&hellip;<\/p>\n","protected":false},"author":1,"featured_media":0,"comment_status":"open","ping_status":"open","sticky":false,"template":"","format":"standard","meta":{"footnotes":""},"categories":[4],"tags":[],"class_list":["post-272","post","type-post","status-publish","format-standard","hentry","category-finanzas"],"yoast_head":"<!-- This site is optimized with the Yoast SEO plugin v27.5 - https:\/\/yoast.com\/product\/yoast-seo-wordpress\/ -->\n<title>TRABAJO CONJUNTO FORTALECER\u00c1 EL DESARROLLO EMPRESARIAL Y SOCIAL: MAURILIO HERN\u00c1NDEZ - Expresso Metropolitano<\/title>\n<meta name=\"robots\" content=\"index, follow, max-snippet:-1, max-image-preview:large, max-video-preview:-1\" \/>\n<link rel=\"canonical\" href=\"https:\/\/expressometro.mx\/index.php\/2019\/08\/28\/trabajo-conjunto-fortalecera-el-desarrollo-empresarial-y-social-maurilio-hernandez\/\" \/>\n<meta property=\"og:locale\" content=\"es_MX\" \/>\n<meta property=\"og:type\" content=\"article\" \/>\n<meta property=\"og:title\" content=\"TRABAJO CONJUNTO FORTALECER\u00c1 EL DESARROLLO EMPRESARIAL Y SOCIAL: MAURILIO HERN\u00c1NDEZ - Expresso Metropolitano\" \/>\n<meta property=\"og:description\" content=\"Diputados de la 60 Legislatura, encabezados por el presidente de la Junta de Coordinaci\u00f3n Pol\u00edtica (Jucopo), el legislador Maurilio Hern\u00e1ndez Gonz\u00e1lez (morena), fueron testigos de la firma de un convenio entre el ayuntamiento de Tlalnepantla y la Secretar\u00eda de Desarrollo Econ\u00f3mico (Sedeco) para fomentar la inversi\u00f3n y favorecer el desarrollo empresarial. &#8220;Solo a trav\u00e9s de esfuerzos conjuntos podremos fortalecer el desarrollo empresarial y social del Estado de M\u00e9xico&#8221;, destac\u00f3 el tambi\u00e9n coordinador del Grupo Parlamentario de morena sobre el acuerdo signado por el alcalde Raciel P\u00e9rez Cruz y el secretario&hellip;\" \/>\n<meta property=\"og:url\" content=\"https:\/\/expressometro.mx\/index.php\/2019\/08\/28\/trabajo-conjunto-fortalecera-el-desarrollo-empresarial-y-social-maurilio-hernandez\/\" \/>\n<meta property=\"og:site_name\" content=\"Expresso Metropolitano\" \/>\n<meta property=\"article:published_time\" content=\"2019-08-29T03:20:01+00:00\" \/>\n<meta property=\"article:modified_time\" content=\"2019-09-25T15:37:42+00:00\" \/>\n<meta property=\"og:image\" content=\"https:\/\/expressometro.mx\/wp-content\/uploads\/2019\/08\/1104b.jpg\" \/>\n\t<meta property=\"og:image:width\" content=\"200\" \/>\n\t<meta property=\"og:image:height\" content=\"133\" \/>\n\t<meta property=\"og:image:type\" content=\"image\/jpeg\" \/>\n<meta name=\"author\" content=\"Expresso Metropolitano\" \/>\n<meta name=\"twitter:label1\" content=\"Escrito por\" \/>\n\t<meta name=\"twitter:data1\" content=\"Expresso Metropolitano\" \/>\n\t<meta name=\"twitter:label2\" content=\"Tiempo de lectura\" \/>\n\t<meta name=\"twitter:data2\" content=\"1 minuto\" \/>\n<script type=\"application\/ld+json\" class=\"yoast-schema-graph\">{\"@context\":\"https:\\\/\\\/schema.org\",\"@graph\":[{\"@type\":\"Article\",\"@id\":\"https:\\\/\\\/expressometro.mx\\\/index.php\\\/2019\\\/08\\\/28\\\/trabajo-conjunto-fortalecera-el-desarrollo-empresarial-y-social-maurilio-hernandez\\\/#article\",\"isPartOf\":{\"@id\":\"https:\\\/\\\/expressometro.mx\\\/index.php\\\/2019\\\/08\\\/28\\\/trabajo-conjunto-fortalecera-el-desarrollo-empresarial-y-social-maurilio-hernandez\\\/\"},\"author\":{\"name\":\"Expresso Metropolitano\",\"@id\":\"https:\\\/\\\/expressometro.mx\\\/#\\\/schema\\\/person\\\/efa971b4a0664db8ed5c22b1b0dd2f5d\"},\"headline\":\"TRABAJO CONJUNTO FORTALECER\u00c1 EL DESARROLLO EMPRESARIAL Y SOCIAL: MAURILIO HERN\u00c1NDEZ\",\"datePublished\":\"2019-08-29T03:20:01+00:00\",\"dateModified\":\"2019-09-25T15:37:42+00:00\",\"mainEntityOfPage\":{\"@id\":\"https:\\\/\\\/expressometro.mx\\\/index.php\\\/2019\\\/08\\\/28\\\/trabajo-conjunto-fortalecera-el-desarrollo-empresarial-y-social-maurilio-hernandez\\\/\"},\"wordCount\":150,\"commentCount\":0,\"publisher\":{\"@id\":\"https:\\\/\\\/expressometro.mx\\\/#organization\"},\"articleSection\":[\"Finanzas\"],\"inLanguage\":\"es\",\"potentialAction\":[{\"@type\":\"CommentAction\",\"name\":\"Comment\",\"target\":[\"https:\\\/\\\/expressometro.mx\\\/index.php\\\/2019\\\/08\\\/28\\\/trabajo-conjunto-fortalecera-el-desarrollo-empresarial-y-social-maurilio-hernandez\\\/#respond\"]}]},{\"@type\":\"WebPage\",\"@id\":\"https:\\\/\\\/expressometro.mx\\\/index.php\\\/2019\\\/08\\\/28\\\/trabajo-conjunto-fortalecera-el-desarrollo-empresarial-y-social-maurilio-hernandez\\\/\",\"url\":\"https:\\\/\\\/expressometro.mx\\\/index.php\\\/2019\\\/08\\\/28\\\/trabajo-conjunto-fortalecera-el-desarrollo-empresarial-y-social-maurilio-hernandez\\\/\",\"name\":\"TRABAJO CONJUNTO FORTALECER\u00c1 EL DESARROLLO EMPRESARIAL Y SOCIAL: MAURILIO HERN\u00c1NDEZ - Expresso Metropolitano\",\"isPartOf\":{\"@id\":\"https:\\\/\\\/expressometro.mx\\\/#website\"},\"datePublished\":\"2019-08-29T03:20:01+00:00\",\"dateModified\":\"2019-09-25T15:37:42+00:00\",\"breadcrumb\":{\"@id\":\"https:\\\/\\\/expressometro.mx\\\/index.php\\\/2019\\\/08\\\/28\\\/trabajo-conjunto-fortalecera-el-desarrollo-empresarial-y-social-maurilio-hernandez\\\/#breadcrumb\"},\"inLanguage\":\"es\",\"potentialAction\":[{\"@type\":\"ReadAction\",\"target\":[\"https:\\\/\\\/expressometro.mx\\\/index.php\\\/2019\\\/08\\\/28\\\/trabajo-conjunto-fortalecera-el-desarrollo-empresarial-y-social-maurilio-hernandez\\\/\"]}]},{\"@type\":\"BreadcrumbList\",\"@id\":\"https:\\\/\\\/expressometro.mx\\\/index.php\\\/2019\\\/08\\\/28\\\/trabajo-conjunto-fortalecera-el-desarrollo-empresarial-y-social-maurilio-hernandez\\\/#breadcrumb\",\"itemListElement\":[{\"@type\":\"ListItem\",\"position\":1,\"name\":\"Inicio\",\"item\":\"https:\\\/\\\/expressometro.mx\\\/\"},{\"@type\":\"ListItem\",\"position\":2,\"name\":\"TRABAJO CONJUNTO FORTALECER\u00c1 EL DESARROLLO EMPRESARIAL Y SOCIAL: MAURILIO HERN\u00c1NDEZ\"}]},{\"@type\":\"WebSite\",\"@id\":\"https:\\\/\\\/expressometro.mx\\\/#website\",\"url\":\"https:\\\/\\\/expressometro.mx\\\/\",\"name\":\"Expresso Metropolitano\",\"description\":\"Periodismo comprometido, informaci\u00f3n, investigaci\u00f3n y an\u00e1lisis\",\"publisher\":{\"@id\":\"https:\\\/\\\/expressometro.mx\\\/#organization\"},\"potentialAction\":[{\"@type\":\"SearchAction\",\"target\":{\"@type\":\"EntryPoint\",\"urlTemplate\":\"https:\\\/\\\/expressometro.mx\\\/?s={search_term_string}\"},\"query-input\":{\"@type\":\"PropertyValueSpecification\",\"valueRequired\":true,\"valueName\":\"search_term_string\"}}],\"inLanguage\":\"es\"},{\"@type\":\"Organization\",\"@id\":\"https:\\\/\\\/expressometro.mx\\\/#organization\",\"name\":\"Expresso Metropolitano\",\"url\":\"https:\\\/\\\/expressometro.mx\\\/\",\"logo\":{\"@type\":\"ImageObject\",\"inLanguage\":\"es\",\"@id\":\"https:\\\/\\\/expressometro.mx\\\/#\\\/schema\\\/logo\\\/image\\\/\",\"url\":\"https:\\\/\\\/expressometro.mx\\\/wp-content\\\/uploads\\\/2019\\\/07\\\/cropped-Logo-Expresso-Metropolitano-1-1.jpeg\",\"contentUrl\":\"https:\\\/\\\/expressometro.mx\\\/wp-content\\\/uploads\\\/2019\\\/07\\\/cropped-Logo-Expresso-Metropolitano-1-1.jpeg\",\"width\":290,\"height\":73,\"caption\":\"Expresso Metropolitano\"},\"image\":{\"@id\":\"https:\\\/\\\/expressometro.mx\\\/#\\\/schema\\\/logo\\\/image\\\/\"}},{\"@type\":\"Person\",\"@id\":\"https:\\\/\\\/expressometro.mx\\\/#\\\/schema\\\/person\\\/efa971b4a0664db8ed5c22b1b0dd2f5d\",\"name\":\"Expresso Metropolitano\",\"image\":{\"@type\":\"ImageObject\",\"inLanguage\":\"es\",\"@id\":\"https:\\\/\\\/secure.gravatar.com\\\/avatar\\\/a89f802b8de18c6952f223c88d3d106e9e3679839f4e25a02f4a6cc2ae6ba3b3?s=96&d=mm&r=g\",\"url\":\"https:\\\/\\\/secure.gravatar.com\\\/avatar\\\/a89f802b8de18c6952f223c88d3d106e9e3679839f4e25a02f4a6cc2ae6ba3b3?s=96&d=mm&r=g\",\"contentUrl\":\"https:\\\/\\\/secure.gravatar.com\\\/avatar\\\/a89f802b8de18c6952f223c88d3d106e9e3679839f4e25a02f4a6cc2ae6ba3b3?s=96&d=mm&r=g\",\"caption\":\"Expresso Metropolitano\"},\"url\":\"https:\\\/\\\/expressometro.mx\\\/index.php\\\/author\\\/diego\\\/\"}]}<\/script>\n<!-- \/ Yoast SEO plugin. -->","yoast_head_json":{"title":"TRABAJO CONJUNTO FORTALECER\u00c1 EL DESARROLLO EMPRESARIAL Y SOCIAL: MAURILIO HERN\u00c1NDEZ - Expresso Metropolitano","robots":{"index":"index","follow":"follow","max-snippet":"max-snippet:-1","max-image-preview":"max-image-preview:large","max-video-preview":"max-video-preview:-1"},"canonical":"https:\/\/expressometro.mx\/index.php\/2019\/08\/28\/trabajo-conjunto-fortalecera-el-desarrollo-empresarial-y-social-maurilio-hernandez\/","og_locale":"es_MX","og_type":"article","og_title":"TRABAJO CONJUNTO FORTALECER\u00c1 EL DESARROLLO EMPRESARIAL Y SOCIAL: MAURILIO HERN\u00c1NDEZ - Expresso Metropolitano","og_description":"Diputados de la 60 Legislatura, encabezados por el presidente de la Junta de Coordinaci\u00f3n Pol\u00edtica (Jucopo), el legislador Maurilio Hern\u00e1ndez Gonz\u00e1lez (morena), fueron testigos de la firma de un convenio entre el ayuntamiento de Tlalnepantla y la Secretar\u00eda de Desarrollo Econ\u00f3mico (Sedeco) para fomentar la inversi\u00f3n y favorecer el desarrollo empresarial. &#8220;Solo a trav\u00e9s de esfuerzos conjuntos podremos fortalecer el desarrollo empresarial y social del Estado de M\u00e9xico&#8221;, destac\u00f3 el tambi\u00e9n coordinador del Grupo Parlamentario de morena sobre el acuerdo signado por el alcalde Raciel P\u00e9rez Cruz y el secretario&hellip;","og_url":"https:\/\/expressometro.mx\/index.php\/2019\/08\/28\/trabajo-conjunto-fortalecera-el-desarrollo-empresarial-y-social-maurilio-hernandez\/","og_site_name":"Expresso Metropolitano","article_published_time":"2019-08-29T03:20:01+00:00","article_modified_time":"2019-09-25T15:37:42+00:00","og_image":[{"width":200,"height":133,"url":"https:\/\/expressometro.mx\/wp-content\/uploads\/2019\/08\/1104b.jpg","type":"image\/jpeg"}],"author":"Expresso Metropolitano","twitter_misc":{"Escrito por":"Expresso Metropolitano","Tiempo de lectura":"1 minuto"},"schema":{"@context":"https:\/\/schema.org","@graph":[{"@type":"Article","@id":"https:\/\/expressometro.mx\/index.php\/2019\/08\/28\/trabajo-conjunto-fortalecera-el-desarrollo-empresarial-y-social-maurilio-hernandez\/#article","isPartOf":{"@id":"https:\/\/expressometro.mx\/index.php\/2019\/08\/28\/trabajo-conjunto-fortalecera-el-desarrollo-empresarial-y-social-maurilio-hernandez\/"},"author":{"name":"Expresso Metropolitano","@id":"https:\/\/expressometro.mx\/#\/schema\/person\/efa971b4a0664db8ed5c22b1b0dd2f5d"},"headline":"TRABAJO CONJUNTO FORTALECER\u00c1 EL DESARROLLO EMPRESARIAL Y SOCIAL: MAURILIO HERN\u00c1NDEZ","datePublished":"2019-08-29T03:20:01+00:00","dateModified":"2019-09-25T15:37:42+00:00","mainEntityOfPage":{"@id":"https:\/\/expressometro.mx\/index.php\/2019\/08\/28\/trabajo-conjunto-fortalecera-el-desarrollo-empresarial-y-social-maurilio-hernandez\/"},"wordCount":150,"commentCount":0,"publisher":{"@id":"https:\/\/expressometro.mx\/#organization"},"articleSection":["Finanzas"],"inLanguage":"es","potentialAction":[{"@type":"CommentAction","name":"Comment","target":["https:\/\/expressometro.mx\/index.php\/2019\/08\/28\/trabajo-conjunto-fortalecera-el-desarrollo-empresarial-y-social-maurilio-hernandez\/#respond"]}]},{"@type":"WebPage","@id":"https:\/\/expressometro.mx\/index.php\/2019\/08\/28\/trabajo-conjunto-fortalecera-el-desarrollo-empresarial-y-social-maurilio-hernandez\/","url":"https:\/\/expressometro.mx\/index.php\/2019\/08\/28\/trabajo-conjunto-fortalecera-el-desarrollo-empresarial-y-social-maurilio-hernandez\/","name":"TRABAJO CONJUNTO FORTALECER\u00c1 EL DESARROLLO EMPRESARIAL Y SOCIAL: MAURILIO HERN\u00c1NDEZ - Expresso Metropolitano","isPartOf":{"@id":"https:\/\/expressometro.mx\/#website"},"datePublished":"2019-08-29T03:20:01+00:00","dateModified":"2019-09-25T15:37:42+00:00","breadcrumb":{"@id":"https:\/\/expressometro.mx\/index.php\/2019\/08\/28\/trabajo-conjunto-fortalecera-el-desarrollo-empresarial-y-social-maurilio-hernandez\/#breadcrumb"},"inLanguage":"es","potentialAction":[{"@type":"ReadAction","target":["https:\/\/expressometro.mx\/index.php\/2019\/08\/28\/trabajo-conjunto-fortalecera-el-desarrollo-empresarial-y-social-maurilio-hernandez\/"]}]},{"@type":"BreadcrumbList","@id":"https:\/\/expressometro.mx\/index.php\/2019\/08\/28\/trabajo-conjunto-fortalecera-el-desarrollo-empresarial-y-social-maurilio-hernandez\/#breadcrumb","itemListElement":[{"@type":"ListItem","position":1,"name":"Inicio","item":"https:\/\/expressometro.mx\/"},{"@type":"ListItem","position":2,"name":"TRABAJO CONJUNTO FORTALECER\u00c1 EL DESARROLLO EMPRESARIAL Y SOCIAL: MAURILIO HERN\u00c1NDEZ"}]},{"@type":"WebSite","@id":"https:\/\/expressometro.mx\/#website","url":"https:\/\/expressometro.mx\/","name":"Expresso Metropolitano","description":"Periodismo comprometido, informaci\u00f3n, investigaci\u00f3n y an\u00e1lisis","publisher":{"@id":"https:\/\/expressometro.mx\/#organization"},"potentialAction":[{"@type":"SearchAction","target":{"@type":"EntryPoint","urlTemplate":"https:\/\/expressometro.mx\/?s={search_term_string}"},"query-input":{"@type":"PropertyValueSpecification","valueRequired":true,"valueName":"search_term_string"}}],"inLanguage":"es"},{"@type":"Organization","@id":"https:\/\/expressometro.mx\/#organization","name":"Expresso Metropolitano","url":"https:\/\/expressometro.mx\/","logo":{"@type":"ImageObject","inLanguage":"es","@id":"https:\/\/expressometro.mx\/#\/schema\/logo\/image\/","url":"https:\/\/expressometro.mx\/wp-content\/uploads\/2019\/07\/cropped-Logo-Expresso-Metropolitano-1-1.jpeg","contentUrl":"https:\/\/expressometro.mx\/wp-content\/uploads\/2019\/07\/cropped-Logo-Expresso-Metropolitano-1-1.jpeg","width":290,"height":73,"caption":"Expresso Metropolitano"},"image":{"@id":"https:\/\/expressometro.mx\/#\/schema\/logo\/image\/"}},{"@type":"Person","@id":"https:\/\/expressometro.mx\/#\/schema\/person\/efa971b4a0664db8ed5c22b1b0dd2f5d","name":"Expresso Metropolitano","image":{"@type":"ImageObject","inLanguage":"es","@id":"https:\/\/secure.gravatar.com\/avatar\/a89f802b8de18c6952f223c88d3d106e9e3679839f4e25a02f4a6cc2ae6ba3b3?s=96&d=mm&r=g","url":"https:\/\/secure.gravatar.com\/avatar\/a89f802b8de18c6952f223c88d3d106e9e3679839f4e25a02f4a6cc2ae6ba3b3?s=96&d=mm&r=g","contentUrl":"https:\/\/secure.gravatar.com\/avatar\/a89f802b8de18c6952f223c88d3d106e9e3679839f4e25a02f4a6cc2ae6ba3b3?s=96&d=mm&r=g","caption":"Expresso Metropolitano"},"url":"https:\/\/expressometro.mx\/index.php\/author\/diego\/"}]}},"amp_enabled":true,"_links":{"self":[{"href":"https:\/\/expressometro.mx\/index.php\/wp-json\/wp\/v2\/posts\/272","targetHints":{"allow":["GET"]}}],"collection":[{"href":"https:\/\/expressometro.mx\/index.php\/wp-json\/wp\/v2\/posts"}],"about":[{"href":"https:\/\/expressometro.mx\/index.php\/wp-json\/wp\/v2\/types\/post"}],"author":[{"embeddable":true,"href":"https:\/\/expressometro.mx\/index.php\/wp-json\/wp\/v2\/users\/1"}],"replies":[{"embeddable":true,"href":"https:\/\/expressometro.mx\/index.php\/wp-json\/wp\/v2\/comments?post=272"}],"version-history":[{"count":1,"href":"https:\/\/expressometro.mx\/index.php\/wp-json\/wp\/v2\/posts\/272\/revisions"}],"predecessor-version":[{"id":274,"href":"https:\/\/expressometro.mx\/index.php\/wp-json\/wp\/v2\/posts\/272\/revisions\/274"}],"wp:attachment":[{"href":"https:\/\/expressometro.mx\/index.php\/wp-json\/wp\/v2\/media?parent=272"}],"wp:term":[{"taxonomy":"category","embeddable":true,"href":"https:\/\/expressometro.mx\/index.php\/wp-json\/wp\/v2\/categories?post=272"},{"taxonomy":"post_tag","embeddable":true,"href":"https:\/\/expressometro.mx\/index.php\/wp-json\/wp\/v2\/tags?post=272"}],"curies":[{"name":"wp","href":"https:\/\/api.w.org\/{rel}","templated":true}]}}