{"id":2693,"date":"2021-05-20T00:37:14","date_gmt":"2021-05-20T05:37:14","guid":{"rendered":"http:\/\/expressometro.mx\/?p=2693"},"modified":"2021-05-20T00:37:15","modified_gmt":"2021-05-20T05:37:15","slug":"el-marques-del-valle-electoral-y-la-crispacion-social","status":"publish","type":"post","link":"https:\/\/expressometro.mx\/index.php\/2021\/05\/20\/el-marques-del-valle-electoral-y-la-crispacion-social\/","title":{"rendered":"El Marqu\u00e9s del Valle Electoral y la crispaci\u00f3n social"},"content":{"rendered":"\n<p><strong>Domingo Giordano V\u00e9lez<\/strong><strong><\/strong><\/p>\n\n\n\n<p>Las campa\u00f1as electorales que desarrollan los candidatos, las coaliciones y partidos pol\u00edticos, entran a la fase m\u00e1s intensa y se encaminan a la antesala de la elecci\u00f3n, y con renovados br\u00edos ponen todo su esfuerzo con el fin de ubicarse en el \u00e1nimo del electorado y obtener su voto; en paralelo, en estos momentos de definiciones, tambi\u00e9n se registran eventos que lo dejan a uno con los ojos abiertos, tanto por el grado de violencia como de incivilidad.<\/p>\n\n\n\n<p>Sin duda alguna, parte de la problem\u00e1tica no est\u00e1 \u00fanicamente en las disputas por el poder que se est\u00e1n presentando a ras de piso en este momento, debe uno remontarse unos meses y recordar que desde antes del inicio de los actuales procesos electorales se caldearon los \u00e1nimos; en este escenario quienes deber\u00edan de dar muestras de cordura, se han puesto los guantes dispuestos a confrontarse con los otros poderes, esquema que no abona nada bueno.<\/p>\n\n\n\n<p>En estas circunstancias no debe pasarse por alto la pedagog\u00eda del Marqu\u00e9s, Don Lorenzo C\u00f3rdova que, con el discurso de la defensa de la democracia, en su af\u00e1n de ampliar y mantener sus poderes desde Tlalpan, ha contribuido, en mucho, a que se crispe el ambiente electoral.<\/p>\n\n\n\n<p>Es as\u00ed que todos los d\u00edas a nivel de suelo podemos ver expresiones que est\u00e1n asociadas con las intenciones de quienes quieren reelegirse y de otros que por primera ocasi\u00f3n quieren obtener alguno de los diferentes cargos que est\u00e1n en disputa. &nbsp;<\/p>\n\n\n\n<p>Inmersos en esta din\u00e1mica, se puede apreciar que hay manifestaciones donde est\u00e1 presente la ira, el coraje, el enojo, insultos, as\u00ed como la impotencia y la necesidad de la poblaci\u00f3n de ser escuchada ante sus peticiones que buscan resolver necesidades ingentes; mientras que, desde las alturas quienes encabezan diferentes \u00f3rganos de gobierno y de las \u00e9lites, se dan a conocer sucesos que muestran que la temperatura pol\u00edtico-electoral est\u00e1 subiendo y los \u00e1nimos se han puesto al rojo vivo.<\/p>\n\n\n\n<p>Adicionalmente, se observa que la violencia se intensifica y corre por los distintos rincones del territorio nacional, como lo reflejan los sucesos que se han difundido d\u00eda con d\u00eda en diferentes medios de comunicaci\u00f3n, dando con ello una idea de la magnitud del problema; hechos que est\u00e1n \u00edntimamente vinculados con las disputas del poder, tanto por el n\u00famero, como por las diferentes formas en que se llevan a cabo, quedando claras las intenciones de dichos actos.&nbsp;<\/p>\n\n\n\n<p>Hasta el fin de la semana pasada, y a tan s\u00f3lo 21 d\u00edas de la jornada electoral, y a 18 de que concluyan las campa\u00f1as electorales, el acumulado es de 79 asesinatos con car\u00e1cter pol\u00edtico, donde 32 ten\u00edan la categor\u00eda de aspirantes, y otros ya registrados como candidatos en los comicios, lo anterior con datos proporcionados por la consultora Etellekt en su \u201cCuarto Informe de Violencia Pol\u00edtica en M\u00e9xico 2021\u201d; y entre ellos se encuentra el m\u00e1s reciente y de mayor impacto el que sufri\u00f3 el candidato a la alcald\u00eda de Cajeme, Sonora, en pleno acto de campa\u00f1a.<\/p>\n\n\n\n<p>Se suman las denuncias que durante esta semana realizaron los representantes de los partidos pol\u00edticos en el Estado de M\u00e9xico, quienes, am\u00e9n de que precisaron las causas por las que no pudieron tener candidatos para algunos cargos, piden contar con las condiciones m\u00ednimas, que garanticen poder proseguir con sus actividades de campa\u00f1a, porque denunciaron que distintos candidatos\/candidatas han &nbsp;sido intimidados para que renuncien a continuar con sus actos proselitistas.<\/p>\n\n\n\n<p>Esto habla de que en estos procesos electorales existen otros mecanismos para renovar o mantener el poder en el gobierno, y no es propiamente el voto, lo que es un reflejo de que no estemos bajo un esquema democr\u00e1tico, ya que las denuncias&nbsp; de v\u00ednculos con la delincuencia organizada, los actos de vandalismo, agresiones, levantones, amenazas contra la vida, o mediante balazos, forman parte del entramado electoral.<\/p>\n\n\n\n<p>Aunque hemos constatado que en el Estado de M\u00e9xico la autoridad electoral local ha realizado actividades orientadas a darle civilidad al proceso electoral, no es suficiente.<\/p>\n\n\n\n<p>Es necesario que se lleven a cabo actividades para formar ciudadanos, como es que se vuelvan a tener las clases de civismo orientados a largo plazo. Porque, como vemos, las que desarrolla el INE simplemente son actos s\u00f3lo de lucimiento y de uso de recursos tirados al bote de la basura mediante la ENCIVICA, lo que tambi\u00e9n forma parte del dispendio presupuestal electoral.<\/p>\n\n\n\n<p><strong>Colof\u00f3n<\/strong><\/p>\n\n\n\n<p>Algunos actos simb\u00f3licos que no se pueden dejar pasar, son la foto que se tom\u00f3 Porfirio Mu\u00f1oz Ledo con el Presidente del INE, lo que es un claro respaldo a quien est\u00e1 en la cresta de la ola de la discusi\u00f3n pol\u00edtica, esto una vez Mu\u00f1oz Ledo est\u00e1 listo para la reelecci\u00f3n; aunado a ello, tambi\u00e9n deja a uno con los ojos abiertos que el experimentado pol\u00edtico llame a votar en contra \u00a1\u00a1\u00a1de su propio partido!!! aunque s\u00f3lo lo haga para Guerrero. \u00bfIncongruencias o signos de los nuevos tiempos? Veremos.<\/p>\n","protected":false},"excerpt":{"rendered":"<p>Una visi\u00f3n de Domingo Giordano V\u00e9lez.<\/p>\n","protected":false},"author":1,"featured_media":2695,"comment_status":"open","ping_status":"open","sticky":false,"template":"","format":"standard","meta":{"footnotes":""},"categories":[212],"tags":[253],"class_list":["post-2693","post","type-post","status-publish","format-standard","has-post-thumbnail","hentry","category-columna-opinion","tag-ieem"],"yoast_head":"<!-- This site is optimized with the Yoast SEO plugin v27.5 - https:\/\/yoast.com\/product\/yoast-seo-wordpress\/ -->\n<title>El Marqu\u00e9s del Valle Electoral y la crispaci\u00f3n social - Expresso Metropolitano<\/title>\n<meta name=\"robots\" content=\"index, follow, max-snippet:-1, max-image-preview:large, max-video-preview:-1\" \/>\n<link rel=\"canonical\" href=\"https:\/\/expressometro.mx\/index.php\/2021\/05\/20\/el-marques-del-valle-electoral-y-la-crispacion-social\/\" \/>\n<meta property=\"og:locale\" content=\"es_MX\" \/>\n<meta property=\"og:type\" content=\"article\" \/>\n<meta property=\"og:title\" content=\"El Marqu\u00e9s del Valle Electoral y la crispaci\u00f3n social - Expresso Metropolitano\" \/>\n<meta property=\"og:description\" content=\"Una visi\u00f3n de Domingo Giordano V\u00e9lez.\" \/>\n<meta property=\"og:url\" content=\"https:\/\/expressometro.mx\/index.php\/2021\/05\/20\/el-marques-del-valle-electoral-y-la-crispacion-social\/\" \/>\n<meta property=\"og:site_name\" content=\"Expresso Metropolitano\" \/>\n<meta property=\"article:published_time\" content=\"2021-05-20T05:37:14+00:00\" \/>\n<meta property=\"article:modified_time\" content=\"2021-05-20T05:37:15+00:00\" \/>\n<meta property=\"og:image\" content=\"https:\/\/expressometro.mx\/wp-content\/uploads\/2021\/05\/WhatsApp-Image-2021-05-19-at-23.43.44.jpeg\" \/>\n\t<meta property=\"og:image:width\" content=\"678\" \/>\n\t<meta property=\"og:image:height\" content=\"302\" \/>\n\t<meta property=\"og:image:type\" content=\"image\/jpeg\" \/>\n<meta name=\"author\" content=\"Expresso Metropolitano\" \/>\n<meta name=\"twitter:label1\" content=\"Escrito por\" \/>\n\t<meta name=\"twitter:data1\" content=\"Expresso Metropolitano\" \/>\n\t<meta name=\"twitter:label2\" content=\"Tiempo de lectura\" \/>\n\t<meta name=\"twitter:data2\" content=\"4 minutos\" \/>\n<script type=\"application\/ld+json\" class=\"yoast-schema-graph\">{\"@context\":\"https:\\\/\\\/schema.org\",\"@graph\":[{\"@type\":\"Article\",\"@id\":\"https:\\\/\\\/expressometro.mx\\\/index.php\\\/2021\\\/05\\\/20\\\/el-marques-del-valle-electoral-y-la-crispacion-social\\\/#article\",\"isPartOf\":{\"@id\":\"https:\\\/\\\/expressometro.mx\\\/index.php\\\/2021\\\/05\\\/20\\\/el-marques-del-valle-electoral-y-la-crispacion-social\\\/\"},\"author\":{\"name\":\"Expresso Metropolitano\",\"@id\":\"https:\\\/\\\/expressometro.mx\\\/#\\\/schema\\\/person\\\/efa971b4a0664db8ed5c22b1b0dd2f5d\"},\"headline\":\"El Marqu\u00e9s del Valle Electoral y la crispaci\u00f3n social\",\"datePublished\":\"2021-05-20T05:37:14+00:00\",\"dateModified\":\"2021-05-20T05:37:15+00:00\",\"mainEntityOfPage\":{\"@id\":\"https:\\\/\\\/expressometro.mx\\\/index.php\\\/2021\\\/05\\\/20\\\/el-marques-del-valle-electoral-y-la-crispacion-social\\\/\"},\"wordCount\":882,\"commentCount\":0,\"publisher\":{\"@id\":\"https:\\\/\\\/expressometro.mx\\\/#organization\"},\"image\":{\"@id\":\"https:\\\/\\\/expressometro.mx\\\/index.php\\\/2021\\\/05\\\/20\\\/el-marques-del-valle-electoral-y-la-crispacion-social\\\/#primaryimage\"},\"thumbnailUrl\":\"https:\\\/\\\/expressometro.mx\\\/wp-content\\\/uploads\\\/2021\\\/05\\\/WhatsApp-Image-2021-05-19-at-23.43.44.jpeg\",\"keywords\":[\"IEEM\"],\"articleSection\":[\"Columna - Opini\u00f3n\"],\"inLanguage\":\"es\",\"potentialAction\":[{\"@type\":\"CommentAction\",\"name\":\"Comment\",\"target\":[\"https:\\\/\\\/expressometro.mx\\\/index.php\\\/2021\\\/05\\\/20\\\/el-marques-del-valle-electoral-y-la-crispacion-social\\\/#respond\"]}]},{\"@type\":\"WebPage\",\"@id\":\"https:\\\/\\\/expressometro.mx\\\/index.php\\\/2021\\\/05\\\/20\\\/el-marques-del-valle-electoral-y-la-crispacion-social\\\/\",\"url\":\"https:\\\/\\\/expressometro.mx\\\/index.php\\\/2021\\\/05\\\/20\\\/el-marques-del-valle-electoral-y-la-crispacion-social\\\/\",\"name\":\"El Marqu\u00e9s del Valle Electoral y la crispaci\u00f3n social - Expresso Metropolitano\",\"isPartOf\":{\"@id\":\"https:\\\/\\\/expressometro.mx\\\/#website\"},\"primaryImageOfPage\":{\"@id\":\"https:\\\/\\\/expressometro.mx\\\/index.php\\\/2021\\\/05\\\/20\\\/el-marques-del-valle-electoral-y-la-crispacion-social\\\/#primaryimage\"},\"image\":{\"@id\":\"https:\\\/\\\/expressometro.mx\\\/index.php\\\/2021\\\/05\\\/20\\\/el-marques-del-valle-electoral-y-la-crispacion-social\\\/#primaryimage\"},\"thumbnailUrl\":\"https:\\\/\\\/expressometro.mx\\\/wp-content\\\/uploads\\\/2021\\\/05\\\/WhatsApp-Image-2021-05-19-at-23.43.44.jpeg\",\"datePublished\":\"2021-05-20T05:37:14+00:00\",\"dateModified\":\"2021-05-20T05:37:15+00:00\",\"breadcrumb\":{\"@id\":\"https:\\\/\\\/expressometro.mx\\\/index.php\\\/2021\\\/05\\\/20\\\/el-marques-del-valle-electoral-y-la-crispacion-social\\\/#breadcrumb\"},\"inLanguage\":\"es\",\"potentialAction\":[{\"@type\":\"ReadAction\",\"target\":[\"https:\\\/\\\/expressometro.mx\\\/index.php\\\/2021\\\/05\\\/20\\\/el-marques-del-valle-electoral-y-la-crispacion-social\\\/\"]}]},{\"@type\":\"ImageObject\",\"inLanguage\":\"es\",\"@id\":\"https:\\\/\\\/expressometro.mx\\\/index.php\\\/2021\\\/05\\\/20\\\/el-marques-del-valle-electoral-y-la-crispacion-social\\\/#primaryimage\",\"url\":\"https:\\\/\\\/expressometro.mx\\\/wp-content\\\/uploads\\\/2021\\\/05\\\/WhatsApp-Image-2021-05-19-at-23.43.44.jpeg\",\"contentUrl\":\"https:\\\/\\\/expressometro.mx\\\/wp-content\\\/uploads\\\/2021\\\/05\\\/WhatsApp-Image-2021-05-19-at-23.43.44.jpeg\",\"width\":678,\"height\":302},{\"@type\":\"BreadcrumbList\",\"@id\":\"https:\\\/\\\/expressometro.mx\\\/index.php\\\/2021\\\/05\\\/20\\\/el-marques-del-valle-electoral-y-la-crispacion-social\\\/#breadcrumb\",\"itemListElement\":[{\"@type\":\"ListItem\",\"position\":1,\"name\":\"Inicio\",\"item\":\"https:\\\/\\\/expressometro.mx\\\/\"},{\"@type\":\"ListItem\",\"position\":2,\"name\":\"El Marqu\u00e9s del Valle Electoral y la crispaci\u00f3n social\"}]},{\"@type\":\"WebSite\",\"@id\":\"https:\\\/\\\/expressometro.mx\\\/#website\",\"url\":\"https:\\\/\\\/expressometro.mx\\\/\",\"name\":\"Expresso Metropolitano\",\"description\":\"Periodismo comprometido, informaci\u00f3n, investigaci\u00f3n y an\u00e1lisis\",\"publisher\":{\"@id\":\"https:\\\/\\\/expressometro.mx\\\/#organization\"},\"potentialAction\":[{\"@type\":\"SearchAction\",\"target\":{\"@type\":\"EntryPoint\",\"urlTemplate\":\"https:\\\/\\\/expressometro.mx\\\/?s={search_term_string}\"},\"query-input\":{\"@type\":\"PropertyValueSpecification\",\"valueRequired\":true,\"valueName\":\"search_term_string\"}}],\"inLanguage\":\"es\"},{\"@type\":\"Organization\",\"@id\":\"https:\\\/\\\/expressometro.mx\\\/#organization\",\"name\":\"Expresso Metropolitano\",\"url\":\"https:\\\/\\\/expressometro.mx\\\/\",\"logo\":{\"@type\":\"ImageObject\",\"inLanguage\":\"es\",\"@id\":\"https:\\\/\\\/expressometro.mx\\\/#\\\/schema\\\/logo\\\/image\\\/\",\"url\":\"https:\\\/\\\/expressometro.mx\\\/wp-content\\\/uploads\\\/2019\\\/07\\\/cropped-Logo-Expresso-Metropolitano-1-1.jpeg\",\"contentUrl\":\"https:\\\/\\\/expressometro.mx\\\/wp-content\\\/uploads\\\/2019\\\/07\\\/cropped-Logo-Expresso-Metropolitano-1-1.jpeg\",\"width\":290,\"height\":73,\"caption\":\"Expresso Metropolitano\"},\"image\":{\"@id\":\"https:\\\/\\\/expressometro.mx\\\/#\\\/schema\\\/logo\\\/image\\\/\"}},{\"@type\":\"Person\",\"@id\":\"https:\\\/\\\/expressometro.mx\\\/#\\\/schema\\\/person\\\/efa971b4a0664db8ed5c22b1b0dd2f5d\",\"name\":\"Expresso Metropolitano\",\"image\":{\"@type\":\"ImageObject\",\"inLanguage\":\"es\",\"@id\":\"https:\\\/\\\/secure.gravatar.com\\\/avatar\\\/a89f802b8de18c6952f223c88d3d106e9e3679839f4e25a02f4a6cc2ae6ba3b3?s=96&d=mm&r=g\",\"url\":\"https:\\\/\\\/secure.gravatar.com\\\/avatar\\\/a89f802b8de18c6952f223c88d3d106e9e3679839f4e25a02f4a6cc2ae6ba3b3?s=96&d=mm&r=g\",\"contentUrl\":\"https:\\\/\\\/secure.gravatar.com\\\/avatar\\\/a89f802b8de18c6952f223c88d3d106e9e3679839f4e25a02f4a6cc2ae6ba3b3?s=96&d=mm&r=g\",\"caption\":\"Expresso Metropolitano\"},\"url\":\"https:\\\/\\\/expressometro.mx\\\/index.php\\\/author\\\/diego\\\/\"}]}<\/script>\n<!-- \/ Yoast SEO plugin. -->","yoast_head_json":{"title":"El Marqu\u00e9s del Valle Electoral y la crispaci\u00f3n social - Expresso Metropolitano","robots":{"index":"index","follow":"follow","max-snippet":"max-snippet:-1","max-image-preview":"max-image-preview:large","max-video-preview":"max-video-preview:-1"},"canonical":"https:\/\/expressometro.mx\/index.php\/2021\/05\/20\/el-marques-del-valle-electoral-y-la-crispacion-social\/","og_locale":"es_MX","og_type":"article","og_title":"El Marqu\u00e9s del Valle Electoral y la crispaci\u00f3n social - Expresso Metropolitano","og_description":"Una visi\u00f3n de Domingo Giordano V\u00e9lez.","og_url":"https:\/\/expressometro.mx\/index.php\/2021\/05\/20\/el-marques-del-valle-electoral-y-la-crispacion-social\/","og_site_name":"Expresso Metropolitano","article_published_time":"2021-05-20T05:37:14+00:00","article_modified_time":"2021-05-20T05:37:15+00:00","og_image":[{"width":678,"height":302,"url":"https:\/\/expressometro.mx\/wp-content\/uploads\/2021\/05\/WhatsApp-Image-2021-05-19-at-23.43.44.jpeg","type":"image\/jpeg"}],"author":"Expresso Metropolitano","twitter_misc":{"Escrito por":"Expresso Metropolitano","Tiempo de lectura":"4 minutos"},"schema":{"@context":"https:\/\/schema.org","@graph":[{"@type":"Article","@id":"https:\/\/expressometro.mx\/index.php\/2021\/05\/20\/el-marques-del-valle-electoral-y-la-crispacion-social\/#article","isPartOf":{"@id":"https:\/\/expressometro.mx\/index.php\/2021\/05\/20\/el-marques-del-valle-electoral-y-la-crispacion-social\/"},"author":{"name":"Expresso Metropolitano","@id":"https:\/\/expressometro.mx\/#\/schema\/person\/efa971b4a0664db8ed5c22b1b0dd2f5d"},"headline":"El Marqu\u00e9s del Valle Electoral y la crispaci\u00f3n social","datePublished":"2021-05-20T05:37:14+00:00","dateModified":"2021-05-20T05:37:15+00:00","mainEntityOfPage":{"@id":"https:\/\/expressometro.mx\/index.php\/2021\/05\/20\/el-marques-del-valle-electoral-y-la-crispacion-social\/"},"wordCount":882,"commentCount":0,"publisher":{"@id":"https:\/\/expressometro.mx\/#organization"},"image":{"@id":"https:\/\/expressometro.mx\/index.php\/2021\/05\/20\/el-marques-del-valle-electoral-y-la-crispacion-social\/#primaryimage"},"thumbnailUrl":"https:\/\/expressometro.mx\/wp-content\/uploads\/2021\/05\/WhatsApp-Image-2021-05-19-at-23.43.44.jpeg","keywords":["IEEM"],"articleSection":["Columna - Opini\u00f3n"],"inLanguage":"es","potentialAction":[{"@type":"CommentAction","name":"Comment","target":["https:\/\/expressometro.mx\/index.php\/2021\/05\/20\/el-marques-del-valle-electoral-y-la-crispacion-social\/#respond"]}]},{"@type":"WebPage","@id":"https:\/\/expressometro.mx\/index.php\/2021\/05\/20\/el-marques-del-valle-electoral-y-la-crispacion-social\/","url":"https:\/\/expressometro.mx\/index.php\/2021\/05\/20\/el-marques-del-valle-electoral-y-la-crispacion-social\/","name":"El Marqu\u00e9s del Valle Electoral y la crispaci\u00f3n social - Expresso Metropolitano","isPartOf":{"@id":"https:\/\/expressometro.mx\/#website"},"primaryImageOfPage":{"@id":"https:\/\/expressometro.mx\/index.php\/2021\/05\/20\/el-marques-del-valle-electoral-y-la-crispacion-social\/#primaryimage"},"image":{"@id":"https:\/\/expressometro.mx\/index.php\/2021\/05\/20\/el-marques-del-valle-electoral-y-la-crispacion-social\/#primaryimage"},"thumbnailUrl":"https:\/\/expressometro.mx\/wp-content\/uploads\/2021\/05\/WhatsApp-Image-2021-05-19-at-23.43.44.jpeg","datePublished":"2021-05-20T05:37:14+00:00","dateModified":"2021-05-20T05:37:15+00:00","breadcrumb":{"@id":"https:\/\/expressometro.mx\/index.php\/2021\/05\/20\/el-marques-del-valle-electoral-y-la-crispacion-social\/#breadcrumb"},"inLanguage":"es","potentialAction":[{"@type":"ReadAction","target":["https:\/\/expressometro.mx\/index.php\/2021\/05\/20\/el-marques-del-valle-electoral-y-la-crispacion-social\/"]}]},{"@type":"ImageObject","inLanguage":"es","@id":"https:\/\/expressometro.mx\/index.php\/2021\/05\/20\/el-marques-del-valle-electoral-y-la-crispacion-social\/#primaryimage","url":"https:\/\/expressometro.mx\/wp-content\/uploads\/2021\/05\/WhatsApp-Image-2021-05-19-at-23.43.44.jpeg","contentUrl":"https:\/\/expressometro.mx\/wp-content\/uploads\/2021\/05\/WhatsApp-Image-2021-05-19-at-23.43.44.jpeg","width":678,"height":302},{"@type":"BreadcrumbList","@id":"https:\/\/expressometro.mx\/index.php\/2021\/05\/20\/el-marques-del-valle-electoral-y-la-crispacion-social\/#breadcrumb","itemListElement":[{"@type":"ListItem","position":1,"name":"Inicio","item":"https:\/\/expressometro.mx\/"},{"@type":"ListItem","position":2,"name":"El Marqu\u00e9s del Valle Electoral y la crispaci\u00f3n social"}]},{"@type":"WebSite","@id":"https:\/\/expressometro.mx\/#website","url":"https:\/\/expressometro.mx\/","name":"Expresso Metropolitano","description":"Periodismo comprometido, informaci\u00f3n, investigaci\u00f3n y an\u00e1lisis","publisher":{"@id":"https:\/\/expressometro.mx\/#organization"},"potentialAction":[{"@type":"SearchAction","target":{"@type":"EntryPoint","urlTemplate":"https:\/\/expressometro.mx\/?s={search_term_string}"},"query-input":{"@type":"PropertyValueSpecification","valueRequired":true,"valueName":"search_term_string"}}],"inLanguage":"es"},{"@type":"Organization","@id":"https:\/\/expressometro.mx\/#organization","name":"Expresso Metropolitano","url":"https:\/\/expressometro.mx\/","logo":{"@type":"ImageObject","inLanguage":"es","@id":"https:\/\/expressometro.mx\/#\/schema\/logo\/image\/","url":"https:\/\/expressometro.mx\/wp-content\/uploads\/2019\/07\/cropped-Logo-Expresso-Metropolitano-1-1.jpeg","contentUrl":"https:\/\/expressometro.mx\/wp-content\/uploads\/2019\/07\/cropped-Logo-Expresso-Metropolitano-1-1.jpeg","width":290,"height":73,"caption":"Expresso Metropolitano"},"image":{"@id":"https:\/\/expressometro.mx\/#\/schema\/logo\/image\/"}},{"@type":"Person","@id":"https:\/\/expressometro.mx\/#\/schema\/person\/efa971b4a0664db8ed5c22b1b0dd2f5d","name":"Expresso Metropolitano","image":{"@type":"ImageObject","inLanguage":"es","@id":"https:\/\/secure.gravatar.com\/avatar\/a89f802b8de18c6952f223c88d3d106e9e3679839f4e25a02f4a6cc2ae6ba3b3?s=96&d=mm&r=g","url":"https:\/\/secure.gravatar.com\/avatar\/a89f802b8de18c6952f223c88d3d106e9e3679839f4e25a02f4a6cc2ae6ba3b3?s=96&d=mm&r=g","contentUrl":"https:\/\/secure.gravatar.com\/avatar\/a89f802b8de18c6952f223c88d3d106e9e3679839f4e25a02f4a6cc2ae6ba3b3?s=96&d=mm&r=g","caption":"Expresso Metropolitano"},"url":"https:\/\/expressometro.mx\/index.php\/author\/diego\/"}]}},"amp_enabled":true,"_links":{"self":[{"href":"https:\/\/expressometro.mx\/index.php\/wp-json\/wp\/v2\/posts\/2693","targetHints":{"allow":["GET"]}}],"collection":[{"href":"https:\/\/expressometro.mx\/index.php\/wp-json\/wp\/v2\/posts"}],"about":[{"href":"https:\/\/expressometro.mx\/index.php\/wp-json\/wp\/v2\/types\/post"}],"author":[{"embeddable":true,"href":"https:\/\/expressometro.mx\/index.php\/wp-json\/wp\/v2\/users\/1"}],"replies":[{"embeddable":true,"href":"https:\/\/expressometro.mx\/index.php\/wp-json\/wp\/v2\/comments?post=2693"}],"version-history":[{"count":1,"href":"https:\/\/expressometro.mx\/index.php\/wp-json\/wp\/v2\/posts\/2693\/revisions"}],"predecessor-version":[{"id":2696,"href":"https:\/\/expressometro.mx\/index.php\/wp-json\/wp\/v2\/posts\/2693\/revisions\/2696"}],"wp:featuredmedia":[{"embeddable":true,"href":"https:\/\/expressometro.mx\/index.php\/wp-json\/wp\/v2\/media\/2695"}],"wp:attachment":[{"href":"https:\/\/expressometro.mx\/index.php\/wp-json\/wp\/v2\/media?parent=2693"}],"wp:term":[{"taxonomy":"category","embeddable":true,"href":"https:\/\/expressometro.mx\/index.php\/wp-json\/wp\/v2\/categories?post=2693"},{"taxonomy":"post_tag","embeddable":true,"href":"https:\/\/expressometro.mx\/index.php\/wp-json\/wp\/v2\/tags?post=2693"}],"curies":[{"name":"wp","href":"https:\/\/api.w.org\/{rel}","templated":true}]}}