{"id":269,"date":"2019-08-27T22:10:21","date_gmt":"2019-08-28T03:10:21","guid":{"rendered":"http:\/\/expressometro.mx\/?p=269"},"modified":"2019-09-25T10:37:53","modified_gmt":"2019-09-25T15:37:53","slug":"el-instituto-municipal-del-deporte-llevo-a-cabo-la-conferencia-de-prensa-conquista-total","status":"publish","type":"post","link":"https:\/\/expressometro.mx\/index.php\/2019\/08\/27\/el-instituto-municipal-del-deporte-llevo-a-cabo-la-conferencia-de-prensa-conquista-total\/","title":{"rendered":"El Instituto Municipal del Deporte, llev\u00f3 a cabo la conferencia de prensa \u00abConquista Total\u00bb"},"content":{"rendered":"\n<p>El restaurante \u201cEspad\u00edsimas\u201d fue sede para la presentaci\u00f3n oficial del cartel perteneciente a la gira \u201cConquista Total\u201d de la AAA, evento de lucha libre profesional que habr\u00e1 de realizarse el viernes 6 de septiembre a las 19:30 horas, en el gimnasio Pablo Col\u00edn.<\/p>\n\n\n\n<p>En conferencia de prensa, la promotora M&amp;M Pro anunci\u00f3 el regreso de estos atletas del ring a Cuautitl\u00e1n Izcalli como parte de un esfuerzo por promover la cultura deportiva y la pasi\u00f3n por un espect\u00e1culo con fuerte arraigo cultural en nuestro pa\u00eds. El Instituto Municipal del Deporte de Cuautitl\u00e1n Izcalli (INMUDECI) a trav\u00e9s de su director, Francisco Javier Ruiz Rodr\u00edguez, inform\u00f3 sobre la vinculaci\u00f3n con la promotora y la AAA para gozar de una buena temporada de lucha libre en la demarcaci\u00f3n.<\/p>\n\n\n\n<p>Asimismo, resalt\u00f3 la importancia de fomentar el deporte entre los m\u00e1s j\u00f3venes, como un instrumento para combatir el ocio. Tambi\u00e9n aprovech\u00f3 para anunciar la iniciativa del INMUDECI para acercar actividades f\u00edsicas y clases a los sectores populares, mediante la reducci\u00f3n de costos y apertura de espacios deportivos al p\u00fablico.<\/p>\n\n\n\n<p>Al finalizar la rueda de prensa, algunos de los luchadores estelares como Scorpio, Coco Rojo II y Monster Clown acentuaron sus rivalidades y apuntalaron hacia sus encuentros el d\u00eda 6 de septiembre, donde prometen brindar el 100 por ciento de su talento y entusiasmo para ofrecer un espect\u00e1culo de calidad al p\u00fablico.<\/p>\n\n\n\n<p>Las entradas para la funci\u00f3n se encuentran todav\u00eda a la venta en las oficinas del Instituto Municipal del Deporte y con la promotora M&amp;M Pro. Los costos van desde 100 hasta 300 pesos, en lo que ser\u00e1 un evento con ambiente familiar y lleno de emoci\u00f3n para los apasionados de la lucha libre mexicana.<\/p>\n","protected":false},"excerpt":{"rendered":"<p>El restaurante \u201cEspad\u00edsimas\u201d fue sede para la presentaci\u00f3n oficial del cartel perteneciente a la gira \u201cConquista Total\u201d de la AAA, evento de lucha libre profesional que habr\u00e1 de realizarse el viernes 6 de septiembre a las 19:30 horas, en el gimnasio Pablo Col\u00edn. En conferencia de prensa, la promotora M&amp;M Pro anunci\u00f3 el regreso de estos atletas del ring a Cuautitl\u00e1n Izcalli como parte de un esfuerzo por promover la cultura deportiva y la pasi\u00f3n por un espect\u00e1culo con fuerte arraigo cultural en nuestro pa\u00eds. El Instituto Municipal del Deporte&hellip;<\/p>\n","protected":false},"author":1,"featured_media":0,"comment_status":"open","ping_status":"open","sticky":false,"template":"","format":"standard","meta":{"footnotes":""},"categories":[11,9],"tags":[],"class_list":["post-269","post","type-post","status-publish","format-standard","hentry","category-cultura","category-deportes"],"yoast_head":"<!-- This site is optimized with the Yoast SEO plugin v27.4 - https:\/\/yoast.com\/product\/yoast-seo-wordpress\/ -->\n<title>El Instituto Municipal del Deporte, llev\u00f3 a cabo la conferencia de prensa \u00abConquista Total\u00bb - Expresso Metropolitano<\/title>\n<meta name=\"robots\" content=\"index, follow, max-snippet:-1, max-image-preview:large, max-video-preview:-1\" \/>\n<link rel=\"canonical\" href=\"https:\/\/expressometro.mx\/index.php\/2019\/08\/27\/el-instituto-municipal-del-deporte-llevo-a-cabo-la-conferencia-de-prensa-conquista-total\/\" \/>\n<meta property=\"og:locale\" content=\"es_MX\" \/>\n<meta property=\"og:type\" content=\"article\" \/>\n<meta property=\"og:title\" content=\"El Instituto Municipal del Deporte, llev\u00f3 a cabo la conferencia de prensa \u00abConquista Total\u00bb - Expresso Metropolitano\" \/>\n<meta property=\"og:description\" content=\"El restaurante \u201cEspad\u00edsimas\u201d fue sede para la presentaci\u00f3n oficial del cartel perteneciente a la gira \u201cConquista Total\u201d de la AAA, evento de lucha libre profesional que habr\u00e1 de realizarse el viernes 6 de septiembre a las 19:30 horas, en el gimnasio Pablo Col\u00edn. En conferencia de prensa, la promotora M&amp;M Pro anunci\u00f3 el regreso de estos atletas del ring a Cuautitl\u00e1n Izcalli como parte de un esfuerzo por promover la cultura deportiva y la pasi\u00f3n por un espect\u00e1culo con fuerte arraigo cultural en nuestro pa\u00eds. El Instituto Municipal del Deporte&hellip;\" \/>\n<meta property=\"og:url\" content=\"https:\/\/expressometro.mx\/index.php\/2019\/08\/27\/el-instituto-municipal-del-deporte-llevo-a-cabo-la-conferencia-de-prensa-conquista-total\/\" \/>\n<meta property=\"og:site_name\" content=\"Expresso Metropolitano\" \/>\n<meta property=\"article:published_time\" content=\"2019-08-28T03:10:21+00:00\" \/>\n<meta property=\"article:modified_time\" content=\"2019-09-25T15:37:53+00:00\" \/>\n<meta property=\"og:image\" content=\"https:\/\/expressometro.mx\/wp-content\/uploads\/2019\/08\/BI001_02-1024x704.jpeg\" \/>\n\t<meta property=\"og:image:width\" content=\"1024\" \/>\n\t<meta property=\"og:image:height\" content=\"704\" \/>\n\t<meta property=\"og:image:type\" content=\"image\/jpeg\" \/>\n<meta name=\"author\" content=\"Expresso Metropolitano\" \/>\n<meta name=\"twitter:label1\" content=\"Escrito por\" \/>\n\t<meta name=\"twitter:data1\" content=\"Expresso Metropolitano\" \/>\n\t<meta name=\"twitter:label2\" content=\"Tiempo de lectura\" \/>\n\t<meta name=\"twitter:data2\" content=\"2 minutos\" \/>\n<script type=\"application\/ld+json\" class=\"yoast-schema-graph\">{\"@context\":\"https:\\\/\\\/schema.org\",\"@graph\":[{\"@type\":\"Article\",\"@id\":\"https:\\\/\\\/expressometro.mx\\\/index.php\\\/2019\\\/08\\\/27\\\/el-instituto-municipal-del-deporte-llevo-a-cabo-la-conferencia-de-prensa-conquista-total\\\/#article\",\"isPartOf\":{\"@id\":\"https:\\\/\\\/expressometro.mx\\\/index.php\\\/2019\\\/08\\\/27\\\/el-instituto-municipal-del-deporte-llevo-a-cabo-la-conferencia-de-prensa-conquista-total\\\/\"},\"author\":{\"name\":\"Expresso Metropolitano\",\"@id\":\"https:\\\/\\\/expressometro.mx\\\/#\\\/schema\\\/person\\\/efa971b4a0664db8ed5c22b1b0dd2f5d\"},\"headline\":\"El Instituto Municipal del Deporte, llev\u00f3 a cabo la conferencia de prensa \u00abConquista Total\u00bb\",\"datePublished\":\"2019-08-28T03:10:21+00:00\",\"dateModified\":\"2019-09-25T15:37:53+00:00\",\"mainEntityOfPage\":{\"@id\":\"https:\\\/\\\/expressometro.mx\\\/index.php\\\/2019\\\/08\\\/27\\\/el-instituto-municipal-del-deporte-llevo-a-cabo-la-conferencia-de-prensa-conquista-total\\\/\"},\"wordCount\":316,\"commentCount\":0,\"publisher\":{\"@id\":\"https:\\\/\\\/expressometro.mx\\\/#organization\"},\"articleSection\":[\"Cultura\",\"Deportes\"],\"inLanguage\":\"es\",\"potentialAction\":[{\"@type\":\"CommentAction\",\"name\":\"Comment\",\"target\":[\"https:\\\/\\\/expressometro.mx\\\/index.php\\\/2019\\\/08\\\/27\\\/el-instituto-municipal-del-deporte-llevo-a-cabo-la-conferencia-de-prensa-conquista-total\\\/#respond\"]}]},{\"@type\":\"WebPage\",\"@id\":\"https:\\\/\\\/expressometro.mx\\\/index.php\\\/2019\\\/08\\\/27\\\/el-instituto-municipal-del-deporte-llevo-a-cabo-la-conferencia-de-prensa-conquista-total\\\/\",\"url\":\"https:\\\/\\\/expressometro.mx\\\/index.php\\\/2019\\\/08\\\/27\\\/el-instituto-municipal-del-deporte-llevo-a-cabo-la-conferencia-de-prensa-conquista-total\\\/\",\"name\":\"El Instituto Municipal del Deporte, llev\u00f3 a cabo la conferencia de prensa \u00abConquista Total\u00bb - Expresso Metropolitano\",\"isPartOf\":{\"@id\":\"https:\\\/\\\/expressometro.mx\\\/#website\"},\"datePublished\":\"2019-08-28T03:10:21+00:00\",\"dateModified\":\"2019-09-25T15:37:53+00:00\",\"breadcrumb\":{\"@id\":\"https:\\\/\\\/expressometro.mx\\\/index.php\\\/2019\\\/08\\\/27\\\/el-instituto-municipal-del-deporte-llevo-a-cabo-la-conferencia-de-prensa-conquista-total\\\/#breadcrumb\"},\"inLanguage\":\"es\",\"potentialAction\":[{\"@type\":\"ReadAction\",\"target\":[\"https:\\\/\\\/expressometro.mx\\\/index.php\\\/2019\\\/08\\\/27\\\/el-instituto-municipal-del-deporte-llevo-a-cabo-la-conferencia-de-prensa-conquista-total\\\/\"]}]},{\"@type\":\"BreadcrumbList\",\"@id\":\"https:\\\/\\\/expressometro.mx\\\/index.php\\\/2019\\\/08\\\/27\\\/el-instituto-municipal-del-deporte-llevo-a-cabo-la-conferencia-de-prensa-conquista-total\\\/#breadcrumb\",\"itemListElement\":[{\"@type\":\"ListItem\",\"position\":1,\"name\":\"Inicio\",\"item\":\"https:\\\/\\\/expressometro.mx\\\/\"},{\"@type\":\"ListItem\",\"position\":2,\"name\":\"El Instituto Municipal del Deporte, llev\u00f3 a cabo la conferencia de prensa \u00abConquista Total\u00bb\"}]},{\"@type\":\"WebSite\",\"@id\":\"https:\\\/\\\/expressometro.mx\\\/#website\",\"url\":\"https:\\\/\\\/expressometro.mx\\\/\",\"name\":\"Expresso Metropolitano\",\"description\":\"Periodismo comprometido, informaci\u00f3n, investigaci\u00f3n y an\u00e1lisis\",\"publisher\":{\"@id\":\"https:\\\/\\\/expressometro.mx\\\/#organization\"},\"potentialAction\":[{\"@type\":\"SearchAction\",\"target\":{\"@type\":\"EntryPoint\",\"urlTemplate\":\"https:\\\/\\\/expressometro.mx\\\/?s={search_term_string}\"},\"query-input\":{\"@type\":\"PropertyValueSpecification\",\"valueRequired\":true,\"valueName\":\"search_term_string\"}}],\"inLanguage\":\"es\"},{\"@type\":\"Organization\",\"@id\":\"https:\\\/\\\/expressometro.mx\\\/#organization\",\"name\":\"Expresso Metropolitano\",\"url\":\"https:\\\/\\\/expressometro.mx\\\/\",\"logo\":{\"@type\":\"ImageObject\",\"inLanguage\":\"es\",\"@id\":\"https:\\\/\\\/expressometro.mx\\\/#\\\/schema\\\/logo\\\/image\\\/\",\"url\":\"https:\\\/\\\/expressometro.mx\\\/wp-content\\\/uploads\\\/2019\\\/07\\\/cropped-Logo-Expresso-Metropolitano-1-1.jpeg\",\"contentUrl\":\"https:\\\/\\\/expressometro.mx\\\/wp-content\\\/uploads\\\/2019\\\/07\\\/cropped-Logo-Expresso-Metropolitano-1-1.jpeg\",\"width\":290,\"height\":73,\"caption\":\"Expresso Metropolitano\"},\"image\":{\"@id\":\"https:\\\/\\\/expressometro.mx\\\/#\\\/schema\\\/logo\\\/image\\\/\"}},{\"@type\":\"Person\",\"@id\":\"https:\\\/\\\/expressometro.mx\\\/#\\\/schema\\\/person\\\/efa971b4a0664db8ed5c22b1b0dd2f5d\",\"name\":\"Expresso Metropolitano\",\"image\":{\"@type\":\"ImageObject\",\"inLanguage\":\"es\",\"@id\":\"https:\\\/\\\/secure.gravatar.com\\\/avatar\\\/a89f802b8de18c6952f223c88d3d106e9e3679839f4e25a02f4a6cc2ae6ba3b3?s=96&d=mm&r=g\",\"url\":\"https:\\\/\\\/secure.gravatar.com\\\/avatar\\\/a89f802b8de18c6952f223c88d3d106e9e3679839f4e25a02f4a6cc2ae6ba3b3?s=96&d=mm&r=g\",\"contentUrl\":\"https:\\\/\\\/secure.gravatar.com\\\/avatar\\\/a89f802b8de18c6952f223c88d3d106e9e3679839f4e25a02f4a6cc2ae6ba3b3?s=96&d=mm&r=g\",\"caption\":\"Expresso Metropolitano\"},\"url\":\"https:\\\/\\\/expressometro.mx\\\/index.php\\\/author\\\/diego\\\/\"}]}<\/script>\n<!-- \/ Yoast SEO plugin. -->","yoast_head_json":{"title":"El Instituto Municipal del Deporte, llev\u00f3 a cabo la conferencia de prensa \u00abConquista Total\u00bb - Expresso Metropolitano","robots":{"index":"index","follow":"follow","max-snippet":"max-snippet:-1","max-image-preview":"max-image-preview:large","max-video-preview":"max-video-preview:-1"},"canonical":"https:\/\/expressometro.mx\/index.php\/2019\/08\/27\/el-instituto-municipal-del-deporte-llevo-a-cabo-la-conferencia-de-prensa-conquista-total\/","og_locale":"es_MX","og_type":"article","og_title":"El Instituto Municipal del Deporte, llev\u00f3 a cabo la conferencia de prensa \u00abConquista Total\u00bb - Expresso Metropolitano","og_description":"El restaurante \u201cEspad\u00edsimas\u201d fue sede para la presentaci\u00f3n oficial del cartel perteneciente a la gira \u201cConquista Total\u201d de la AAA, evento de lucha libre profesional que habr\u00e1 de realizarse el viernes 6 de septiembre a las 19:30 horas, en el gimnasio Pablo Col\u00edn. En conferencia de prensa, la promotora M&amp;M Pro anunci\u00f3 el regreso de estos atletas del ring a Cuautitl\u00e1n Izcalli como parte de un esfuerzo por promover la cultura deportiva y la pasi\u00f3n por un espect\u00e1culo con fuerte arraigo cultural en nuestro pa\u00eds. El Instituto Municipal del Deporte&hellip;","og_url":"https:\/\/expressometro.mx\/index.php\/2019\/08\/27\/el-instituto-municipal-del-deporte-llevo-a-cabo-la-conferencia-de-prensa-conquista-total\/","og_site_name":"Expresso Metropolitano","article_published_time":"2019-08-28T03:10:21+00:00","article_modified_time":"2019-09-25T15:37:53+00:00","og_image":[{"width":1024,"height":704,"url":"https:\/\/expressometro.mx\/wp-content\/uploads\/2019\/08\/BI001_02-1024x704.jpeg","type":"image\/jpeg"}],"author":"Expresso Metropolitano","twitter_misc":{"Escrito por":"Expresso Metropolitano","Tiempo de lectura":"2 minutos"},"schema":{"@context":"https:\/\/schema.org","@graph":[{"@type":"Article","@id":"https:\/\/expressometro.mx\/index.php\/2019\/08\/27\/el-instituto-municipal-del-deporte-llevo-a-cabo-la-conferencia-de-prensa-conquista-total\/#article","isPartOf":{"@id":"https:\/\/expressometro.mx\/index.php\/2019\/08\/27\/el-instituto-municipal-del-deporte-llevo-a-cabo-la-conferencia-de-prensa-conquista-total\/"},"author":{"name":"Expresso Metropolitano","@id":"https:\/\/expressometro.mx\/#\/schema\/person\/efa971b4a0664db8ed5c22b1b0dd2f5d"},"headline":"El Instituto Municipal del Deporte, llev\u00f3 a cabo la conferencia de prensa \u00abConquista Total\u00bb","datePublished":"2019-08-28T03:10:21+00:00","dateModified":"2019-09-25T15:37:53+00:00","mainEntityOfPage":{"@id":"https:\/\/expressometro.mx\/index.php\/2019\/08\/27\/el-instituto-municipal-del-deporte-llevo-a-cabo-la-conferencia-de-prensa-conquista-total\/"},"wordCount":316,"commentCount":0,"publisher":{"@id":"https:\/\/expressometro.mx\/#organization"},"articleSection":["Cultura","Deportes"],"inLanguage":"es","potentialAction":[{"@type":"CommentAction","name":"Comment","target":["https:\/\/expressometro.mx\/index.php\/2019\/08\/27\/el-instituto-municipal-del-deporte-llevo-a-cabo-la-conferencia-de-prensa-conquista-total\/#respond"]}]},{"@type":"WebPage","@id":"https:\/\/expressometro.mx\/index.php\/2019\/08\/27\/el-instituto-municipal-del-deporte-llevo-a-cabo-la-conferencia-de-prensa-conquista-total\/","url":"https:\/\/expressometro.mx\/index.php\/2019\/08\/27\/el-instituto-municipal-del-deporte-llevo-a-cabo-la-conferencia-de-prensa-conquista-total\/","name":"El Instituto Municipal del Deporte, llev\u00f3 a cabo la conferencia de prensa \u00abConquista Total\u00bb - Expresso Metropolitano","isPartOf":{"@id":"https:\/\/expressometro.mx\/#website"},"datePublished":"2019-08-28T03:10:21+00:00","dateModified":"2019-09-25T15:37:53+00:00","breadcrumb":{"@id":"https:\/\/expressometro.mx\/index.php\/2019\/08\/27\/el-instituto-municipal-del-deporte-llevo-a-cabo-la-conferencia-de-prensa-conquista-total\/#breadcrumb"},"inLanguage":"es","potentialAction":[{"@type":"ReadAction","target":["https:\/\/expressometro.mx\/index.php\/2019\/08\/27\/el-instituto-municipal-del-deporte-llevo-a-cabo-la-conferencia-de-prensa-conquista-total\/"]}]},{"@type":"BreadcrumbList","@id":"https:\/\/expressometro.mx\/index.php\/2019\/08\/27\/el-instituto-municipal-del-deporte-llevo-a-cabo-la-conferencia-de-prensa-conquista-total\/#breadcrumb","itemListElement":[{"@type":"ListItem","position":1,"name":"Inicio","item":"https:\/\/expressometro.mx\/"},{"@type":"ListItem","position":2,"name":"El Instituto Municipal del Deporte, llev\u00f3 a cabo la conferencia de prensa \u00abConquista Total\u00bb"}]},{"@type":"WebSite","@id":"https:\/\/expressometro.mx\/#website","url":"https:\/\/expressometro.mx\/","name":"Expresso Metropolitano","description":"Periodismo comprometido, informaci\u00f3n, investigaci\u00f3n y an\u00e1lisis","publisher":{"@id":"https:\/\/expressometro.mx\/#organization"},"potentialAction":[{"@type":"SearchAction","target":{"@type":"EntryPoint","urlTemplate":"https:\/\/expressometro.mx\/?s={search_term_string}"},"query-input":{"@type":"PropertyValueSpecification","valueRequired":true,"valueName":"search_term_string"}}],"inLanguage":"es"},{"@type":"Organization","@id":"https:\/\/expressometro.mx\/#organization","name":"Expresso Metropolitano","url":"https:\/\/expressometro.mx\/","logo":{"@type":"ImageObject","inLanguage":"es","@id":"https:\/\/expressometro.mx\/#\/schema\/logo\/image\/","url":"https:\/\/expressometro.mx\/wp-content\/uploads\/2019\/07\/cropped-Logo-Expresso-Metropolitano-1-1.jpeg","contentUrl":"https:\/\/expressometro.mx\/wp-content\/uploads\/2019\/07\/cropped-Logo-Expresso-Metropolitano-1-1.jpeg","width":290,"height":73,"caption":"Expresso Metropolitano"},"image":{"@id":"https:\/\/expressometro.mx\/#\/schema\/logo\/image\/"}},{"@type":"Person","@id":"https:\/\/expressometro.mx\/#\/schema\/person\/efa971b4a0664db8ed5c22b1b0dd2f5d","name":"Expresso Metropolitano","image":{"@type":"ImageObject","inLanguage":"es","@id":"https:\/\/secure.gravatar.com\/avatar\/a89f802b8de18c6952f223c88d3d106e9e3679839f4e25a02f4a6cc2ae6ba3b3?s=96&d=mm&r=g","url":"https:\/\/secure.gravatar.com\/avatar\/a89f802b8de18c6952f223c88d3d106e9e3679839f4e25a02f4a6cc2ae6ba3b3?s=96&d=mm&r=g","contentUrl":"https:\/\/secure.gravatar.com\/avatar\/a89f802b8de18c6952f223c88d3d106e9e3679839f4e25a02f4a6cc2ae6ba3b3?s=96&d=mm&r=g","caption":"Expresso Metropolitano"},"url":"https:\/\/expressometro.mx\/index.php\/author\/diego\/"}]}},"amp_enabled":true,"_links":{"self":[{"href":"https:\/\/expressometro.mx\/index.php\/wp-json\/wp\/v2\/posts\/269","targetHints":{"allow":["GET"]}}],"collection":[{"href":"https:\/\/expressometro.mx\/index.php\/wp-json\/wp\/v2\/posts"}],"about":[{"href":"https:\/\/expressometro.mx\/index.php\/wp-json\/wp\/v2\/types\/post"}],"author":[{"embeddable":true,"href":"https:\/\/expressometro.mx\/index.php\/wp-json\/wp\/v2\/users\/1"}],"replies":[{"embeddable":true,"href":"https:\/\/expressometro.mx\/index.php\/wp-json\/wp\/v2\/comments?post=269"}],"version-history":[{"count":1,"href":"https:\/\/expressometro.mx\/index.php\/wp-json\/wp\/v2\/posts\/269\/revisions"}],"predecessor-version":[{"id":271,"href":"https:\/\/expressometro.mx\/index.php\/wp-json\/wp\/v2\/posts\/269\/revisions\/271"}],"wp:attachment":[{"href":"https:\/\/expressometro.mx\/index.php\/wp-json\/wp\/v2\/media?parent=269"}],"wp:term":[{"taxonomy":"category","embeddable":true,"href":"https:\/\/expressometro.mx\/index.php\/wp-json\/wp\/v2\/categories?post=269"},{"taxonomy":"post_tag","embeddable":true,"href":"https:\/\/expressometro.mx\/index.php\/wp-json\/wp\/v2\/tags?post=269"}],"curies":[{"name":"wp","href":"https:\/\/api.w.org\/{rel}","templated":true}]}}